{"id":10141,"date":"2013-05-22T00:08:38","date_gmt":"2013-05-21T19:08:38","guid":{"rendered":"http:\/\/www.zerdab.com\/?p=10141"},"modified":"2013-05-22T00:33:37","modified_gmt":"2013-05-21T19:33:37","slug":"prezident-administrasiyasindan-muraci%c9%99tl%c9%99rl%c9%99-bagli-aciqlama","status":"publish","type":"post","link":"https:\/\/www.zerdab.com\/?p=10141","title":{"rendered":"Prezident Administrasiyas\u0131ndan a\u00e7\u0131qlama"},"content":{"rendered":"<figure id=\"attachment_10142\" aria-describedby=\"caption-attachment-10142\" style=\"width: 281px\" class=\"wp-caption aligncenter\"><img loading=\"lazy\" decoding=\"async\" class=\"size-thumbnail wp-image-10142\" alt=\"S\u00fcleyman \u0130smay\u0131lov\" src=\"http:\/\/www.zerdab.com\/wp-content\/uploads\/2013\/05\/S\u00fcleyman-\u0130smay\u0131lov-281x300.jpg\" width=\"281\" height=\"300\" \/><figcaption id=\"caption-attachment-10142\" class=\"wp-caption-text\"><span style=\"color: #0000ff;\"><strong>Prezident Administrasiyas\u0131n\u0131n s\u0259n\u0259dl\u0259rl\u0259 v\u0259 v\u0259t\u0259nda\u015flar\u0131n m\u00fcraci\u0259tl\u0259ri il\u0259 i\u015f \u015f\u00f6b\u0259sinin m\u00fcdiri S\u00fcleyman \u0130smay\u0131lov<\/strong><\/span><\/figcaption><\/figure>\n<p><span style=\"color: #0000ff;\"><strong>\u201cPrezident Administrasiyas\u0131na daxil olan m\u00fcraci\u0259tl\u0259rin t\u0259hlili g\u00f6st\u0259rir ki, Az\u0259rbaycan v\u0259t\u0259nda\u015flar\u0131 d\u00f6vl\u0259t ba\u015f\u00e7\u0131s\u0131n\u0131n yeritdiyi iqtisadi v\u0259 sosial siyas\u0259ti \u00fcr\u0259kd\u0259n b\u0259y\u0259nir, insanlara qay\u011f\u0131 g\u00f6st\u0259rilm\u0259si il\u0259 ba\u011fl\u0131 d\u00f6vl\u0259t m\u0259murlar\u0131 qar\u015f\u0131s\u0131nda qoydu\u011fu ciddi t\u0259l\u0259bl\u0259ri tam d\u0259st\u0259kl\u0259yirl\u0259r\u201d.<\/strong><\/span><\/p>\n<p>\u201cAz\u0259rtac\u201d\u0131n verdiyi x\u0259b\u0259r\u0259 g\u00f6r\u0259, bunu Prezident Administrasiyas\u0131n\u0131n s\u0259n\u0259dl\u0259rl\u0259 v\u0259 v\u0259t\u0259nda\u015flar\u0131n m\u00fcraci\u0259tl\u0259ri il\u0259 i\u015f \u015f\u00f6b\u0259sinin m\u00fcdiri S\u00fcleyman \u0130smay\u0131lov deyib.<\/p>\n<p>S. \u0130smay\u0131lov qeyd edib ki, Prezident Administrasiyas\u0131na v\u0259t\u0259nda\u015flardan daxil olan m\u00fcraci\u0259tl\u0259rd\u0259 qald\u0131r\u0131lan m\u0259s\u0259l\u0259l\u0259rin h\u0259lli \u00fc\u00e7\u00fcn qanunvericiliy\u0259 uy\u011fun olaraq m\u00fcxt\u0259lif ara\u015fd\u0131rma, n\u0259zar\u0259t v\u0259 t\u0259hlil formalar\u0131ndan istifad\u0259 olunur: \u201cPrezident Administrasiyas\u0131nda ke\u00e7iril\u0259n \u015f\u0259xsi q\u0259bullarda v\u0259t\u0259nda\u015flar\u0131 narahat ed\u0259n probleml\u0259rin operativ h\u0259lli \u00fc\u00e7\u00fcn \u0259laq\u0259dar d\u00f6vl\u0259t orqanlar\u0131 v\u0259 t\u0259\u015fkilatlar qar\u015f\u0131s\u0131nda m\u0259s\u0259l\u0259 qald\u0131r\u0131l\u0131r. Bu i\u015fd\u0259 m\u00fcraci\u0259tl\u0259r\u0259 n\u0259zar\u0259tl\u0259 bax\u0131lmas\u0131 v\u0259 bel\u0259 m\u00fcraci\u0259tl\u0259rl\u0259 \u0259laq\u0259dar g\u00f6r\u00fcl\u0259n t\u0259dbirl\u0259r x\u00fcsusi qeyd olunmal\u0131d\u0131r\u201d.<\/p>\n<p>\u015e\u00f6b\u0259 m\u00fcdiri deyib ki, Prezident Administrasiyas\u0131nda n\u0259zar\u0259t qaydas\u0131nda bax\u0131lm\u0131\u015f m\u00fcraci\u0259tl\u0259rin say\u0131 bu il daha da art\u0131b: \u201cOnlar\u0131n bir \u00e7oxu m\u00fcsb\u0259t h\u0259ll olunub, qalanlar\u0131 bar\u0259d\u0259 izahat verilib, qald\u0131r\u0131lan bir s\u0131ra m\u0259s\u0259l\u0259l\u0259rin h\u0259lli n\u00f6vb\u0259ti ill\u0259rin inki\u015faf planlar\u0131na sal\u0131n\u0131b. M\u0259hz v\u0259t\u0259nda\u015flar\u0131n \u0259sasl\u0131 m\u00fcraci\u0259tl\u0259rinin ara\u015fd\u0131r\u0131lmas\u0131 n\u0259tic\u0259sind\u0259 t\u0259kc\u0259 bu ilin \u0259vv\u0259lind\u0259n ayr\u0131-ayr\u0131 v\u0259zif\u0259li \u015f\u0259xsl\u0259r bar\u0259sind\u0259 inzibati t\u0259nbeh t\u0259dbirl\u0259ri t\u0259tbiq edilib, b\u0259zil\u0259ri i\u015fd\u0259n k\u0259narla\u015fd\u0131r\u0131l\u0131b\u201d.<\/p>\n<p>S. \u0130smay\u0131lov vur\u011fulay\u0131b ki, Az\u0259rbaycan v\u0259t\u0259nda\u015flar\u0131n\u0131n Prezident Administrasiyas\u0131na g\u00f6nd\u0259rdikl\u0259ri m\u00fcraci\u0259tl\u0259r formas\u0131ndan as\u0131l\u0131 olmayaraq, ham\u0131s\u0131nda bir fikir q\u0131rm\u0131z\u0131 x\u0259tt kimi ke\u00e7ir: \u201cM\u0259n Prezident\u0259 \u00e7ox inan\u0131ram v\u0259 onun siyas\u0259tini d\u0259st\u0259kl\u0259yir\u0259m\u201d.<\/p>\n<p>\u015e\u00f6b\u0259 m\u00fcdiri bildirib ki, daxil olan m\u0259ktublar\u0131n i\u00e7\u0259risind\u0259 bir xeylisi probleml\u0259rinin h\u0259ll olunmas\u0131na g\u00f6r\u0259 minn\u0259tdarl\u0131q hissinin ifad\u0259 olundu\u011fu m\u0259ktublard\u0131r.<\/p>\n<p>S. \u0130smay\u0131lov m\u00fcraci\u0259tl\u0259r\u0259 bax\u0131lmas\u0131n\u0131n yax\u015f\u0131la\u015fd\u0131r\u0131lmas\u0131 \u00fc\u00e7\u00fcn b\u0259zi yenilikl\u0259r edildiyini d\u0259 vur\u011fulay\u0131b: \u201cKe\u00e7\u0259n ilin sonlar\u0131ndan ba\u015flayaraq haz\u0131rlan\u0131b t\u0259tbiq edilmi\u015f yeni proqram \u0259sas\u0131nda v\u0259t\u0259nda\u015flar\u0131n elektron q\u0259bula yaz\u0131lmas\u0131 t\u0259min edilib. Art\u0131q Bak\u0131ya g\u0259lm\u0259d\u0259n Prezident Administrasiyas\u0131n\u0131n struktur b\u00f6lm\u0259l\u0259ri r\u0259hb\u0259rl\u0259rinin q\u0259buluna yaz\u0131la bilirl\u0259r. Bunun \u00fc\u00e7\u00fcn v\u0259t\u0259nda\u015flar ya\u015fad\u0131qlar\u0131 \u015f\u0259h\u0259r v\u0259 rayondan Prezidentin r\u0259smi sayt\u0131 vasit\u0259sil\u0259 ist\u0259dikl\u0259ri v\u0259zif\u0259li \u015f\u0259xsin q\u0259buluna yaz\u0131l\u0131r v\u0259 t\u0259sdiq edilmi\u015f c\u0259dv\u0259l\u0259 uy\u011fun q\u0259bula g\u0259lirl\u0259r. Bu ilin \u0259vv\u0259lind\u0259n y\u00fczl\u0259rl\u0259 v\u0259t\u0259nda\u015f m\u0259hz elektron formada q\u0259bula yaz\u0131lmaq \u00fc\u00e7\u00fcn m\u00fcraci\u0259t edib, bir \u00e7oxu q\u0259bula yaz\u0131l\u0131b, yaxud kim\u0259 v\u0259 haraya m\u00fcraci\u0259t etm\u0259li olduqlar\u0131 bar\u0259d\u0259 onlara elektron izahat verilib\u201d.<\/p>\n<p>\u015e\u00f6b\u0259 m\u00fcdiri qeyd edib ki, Prezidentin r\u0259smi sayt\u0131nda \u201cV\u0259t\u0259nda\u015flar\u0131n m\u00fcraci\u0259tl\u0259ri\u201d meny\u00fcs\u00fc d\u0259 daim t\u0259kmill\u0259\u015fdirilir: \u201cArt\u0131q bir s\u0131ra m\u0259rk\u0259zi icra hakimiyy\u0259ti orqanlar\u0131nda is\u0259 v\u0259t\u0259nda\u015flar\u0131n birba\u015fa videoq\u0259bulu t\u0259\u015fkil edilir\u201d.<\/p>\n<p>S. \u0130smay\u0131lov deyib ki, 2012-ci ill\u0259 m\u00fcqayis\u0259d\u0259 bu ilin \u0259vv\u0259lind\u0259n indiy\u0259d\u0259k Prezident Administrasiyas\u0131na daxil olan m\u00fcraci\u0259tl\u0259rin t\u0259hlili g\u00f6st\u0259rir ki, d\u00f6vl\u0259t qullu\u011funa q\u0259bul, m\u0259nzil, tikinti, m\u0259hk\u0259m\u0259 v\u0259 h\u00fcquq-m\u00fchafiz\u0259 orqanlar\u0131n\u0131n f\u0259aliyy\u0259ti, ipoteka kreditl\u0259rinin verilm\u0259si il\u0259 ba\u011fl\u0131 m\u00fcraci\u0259tl\u0259rin say\u0131 art\u0131b: \u201c\u015e\u0259h\u0259r v\u0259 rayon icra hakimiyy\u0259tl\u0259rinin, o c\u00fcml\u0259d\u0259n onlar\u0131n n\u00fcmay\u0259nd\u0259l\u0259rinin f\u0259aliyy\u0259ti, \u00f6z\u0259ll\u0259\u015fdirm\u0259, ekologiya, sosial m\u00fcdafi\u0259, qa\u00e7q\u0131nlarla v\u0259 m\u0259cburi k\u00f6\u00e7k\u00fcnl\u0259rl\u0259 ba\u011fl\u0131 m\u0259s\u0259l\u0259l\u0259r, m\u0259i\u015f\u0259t v\u0259 su t\u0259chizat\u0131 m\u0259s\u0259l\u0259l\u0259ri \u00fczr\u0259 m\u00fcraci\u0259tl\u0259rin say\u0131 azal\u0131b. V\u0259t\u0259nda\u015flar\u0131n q\u0259bulunu b\u0259z\u0259n birinci \u015f\u0259xsl\u0259rin \u00f6zl\u0259rinin aparmad\u0131\u011f\u0131, ayr\u0131-ayr\u0131 idar\u0259l\u0259rd\u0259 m\u00fcraci\u0259tl\u0259r\u0259 vaxt\u0131nda cavab verilm\u0259diyi, q\u0259bul zaman\u0131 verilmi\u015f v\u0259dl\u0259rin he\u00e7 d\u0259 h\u0259mi\u015f\u0259 yerin\u0259 yetirilm\u0259diyi g\u00f6st\u0259rilir v\u0259 bel\u0259 hallar\u0131n aradan qald\u0131r\u0131lmas\u0131 xahi\u015f edilir. M\u00fcraci\u0259tl\u0259rin n\u00f6vl\u0259rin\u0259 g\u0259ldikd\u0259 is\u0259 qeyd etm\u0259liyik ki, \u00f6t\u0259n ilin m\u00fcvafiq d\u00f6vr\u00fc il\u0259 m\u00fcqayis\u0259d\u0259 \u015fikay\u0259tl\u0259rin faiz nisb\u0259ti azal\u0131b\u201d.<\/p>\n<p>S. \u0130smay\u0131lov qeyd edib ki, nazir v\u0259 komit\u0259 s\u0259drl\u0259rinin b\u00f6lg\u0259l\u0259rd\u0259 m\u00fct\u0259madi q\u0259bullar ke\u00e7irm\u0259si d\u0259 \u0259hali t\u0259r\u0259find\u0259n m\u00fcsb\u0259t qar\u015f\u0131lan\u0131b: \u201cT\u0259kc\u0259 aprel ay\u0131nda 20 m\u0259rk\u0259zi icra hakimiyy\u0259ti orqan\u0131n\u0131n r\u0259hb\u0259ri 60 \u015f\u0259h\u0259r v\u0259 rayonu \u0259hat\u0259 ed\u0259n q\u0259bullarda 2 min n\u0259f\u0259ri q\u0259bul edib, q\u0259bullarda qald\u0131r\u0131lan m\u0259s\u0259l\u0259l\u0259rin \u0259ks\u0259riyy\u0259ti n\u0259zar\u0259t\u0259 g\u00f6t\u00fcr\u00fcl\u00fcb, \u0259sasl\u0131 m\u00fcraci\u0259tl\u0259r m\u00fcsb\u0259t h\u0259ll olunub, qalanlar\u0131 bar\u0259d\u0259 is\u0259 laz\u0131mi t\u0259dbirl\u0259r g\u00f6r\u00fcl\u00fcr. Bu q\u0259bullar\u0131n \u0259sas m\u0259qs\u0259di yerl\u0259rd\u0259 \u0259hali il\u0259 birba\u015fa \u00fcnsiyy\u0259t yarad\u0131lmas\u0131, real v\u0259ziyy\u0259tin \u00f6yr\u0259nilm\u0259si v\u0259 m\u00fcmk\u00fcn olan h\u0259r bir m\u0259s\u0259l\u0259nin operativ h\u0259ll edilm\u0259sidir\u201d.<\/p>\n<p>\u015e\u00f6b\u0259 m\u00fcdiri bu c\u00fcr q\u0259bullar\u0131n davam ed\u0259c\u0259yini d\u0259 bildirib.<\/p>\n","protected":false},"excerpt":{"rendered":"<p>\u201cPrezident Administrasiyas\u0131na daxil olan m\u00fcraci\u0259tl\u0259rin t\u0259hlili g\u00f6st\u0259rir ki, Az\u0259rbaycan v\u0259t\u0259nda\u015flar\u0131 d\u00f6vl\u0259t ba\u015f\u00e7\u0131s\u0131n\u0131n yeritdiyi iqtisadi v\u0259 sosial siyas\u0259ti \u00fcr\u0259kd\u0259n b\u0259y\u0259nir, insanlara qay\u011f\u0131 g\u00f6st\u0259rilm\u0259si il\u0259 ba\u011fl\u0131 d\u00f6vl\u0259t m\u0259murlar\u0131 qar\u015f\u0131s\u0131nda qoydu\u011fu ciddi t\u0259l\u0259bl\u0259ri tam d\u0259st\u0259kl\u0259yirl\u0259r\u201d. \u201cAz\u0259rtac\u201d\u0131n verdiyi x\u0259b\u0259r\u0259 g\u00f6r\u0259, bunu Prezident Administrasiyas\u0131n\u0131n s\u0259n\u0259dl\u0259rl\u0259 v\u0259 v\u0259t\u0259nda\u015flar\u0131n m\u00fcraci\u0259tl\u0259ri il\u0259 i\u015f \u015f\u00f6b\u0259sinin m\u00fcdiri S\u00fcleyman \u0130smay\u0131lov deyib. S. \u0130smay\u0131lov qeyd edib ki, [&hellip;]<\/p>\n","protected":false},"author":1,"featured_media":0,"comment_status":"open","ping_status":"open","sticky":false,"template":"","format":"standard","meta":{"footnotes":""},"categories":[21],"tags":[],"class_list":{"0":"post-10141","1":"post","2":"type-post","3":"status-publish","4":"format-standard","6":"category-zrdab"},"yoast_head":"<!-- This site is optimized with the Yoast SEO plugin v27.0 - https:\/\/yoast.com\/product\/yoast-seo-wordpress\/ -->\n<title>Prezident Administrasiyas\u0131ndan a\u00e7\u0131qlama  - Z\u0259rdab.com<\/title>\n<meta name=\"robots\" content=\"index, follow, max-snippet:-1, max-image-preview:large, max-video-preview:-1\" \/>\n<link rel=\"canonical\" href=\"https:\/\/www.zerdab.com\/?p=10141\" \/>\n<meta property=\"og:locale\" content=\"az_AZ\" \/>\n<meta property=\"og:type\" content=\"article\" \/>\n<meta property=\"og:title\" content=\"Prezident Administrasiyas\u0131ndan a\u00e7\u0131qlama  - Z\u0259rdab.com\" \/>\n<meta property=\"og:description\" content=\"\u201cPrezident Administrasiyas\u0131na daxil olan m\u00fcraci\u0259tl\u0259rin t\u0259hlili g\u00f6st\u0259rir ki, Az\u0259rbaycan v\u0259t\u0259nda\u015flar\u0131 d\u00f6vl\u0259t ba\u015f\u00e7\u0131s\u0131n\u0131n yeritdiyi iqtisadi v\u0259 sosial siyas\u0259ti \u00fcr\u0259kd\u0259n b\u0259y\u0259nir, insanlara qay\u011f\u0131 g\u00f6st\u0259rilm\u0259si il\u0259 ba\u011fl\u0131 d\u00f6vl\u0259t m\u0259murlar\u0131 qar\u015f\u0131s\u0131nda qoydu\u011fu ciddi t\u0259l\u0259bl\u0259ri tam d\u0259st\u0259kl\u0259yirl\u0259r\u201d. \u201cAz\u0259rtac\u201d\u0131n verdiyi x\u0259b\u0259r\u0259 g\u00f6r\u0259, bunu Prezident Administrasiyas\u0131n\u0131n s\u0259n\u0259dl\u0259rl\u0259 v\u0259 v\u0259t\u0259nda\u015flar\u0131n m\u00fcraci\u0259tl\u0259ri il\u0259 i\u015f \u015f\u00f6b\u0259sinin m\u00fcdiri S\u00fcleyman \u0130smay\u0131lov deyib. S. \u0130smay\u0131lov qeyd edib ki, [&hellip;]\" \/>\n<meta property=\"og:url\" content=\"https:\/\/www.zerdab.com\/?p=10141\" \/>\n<meta property=\"og:site_name\" content=\"Z\u0259rdab.com\" \/>\n<meta property=\"article:published_time\" content=\"2013-05-21T19:08:38+00:00\" \/>\n<meta property=\"article:modified_time\" content=\"2013-05-21T19:33:37+00:00\" \/>\n<meta name=\"author\" content=\"admin\" \/>\n<meta name=\"twitter:card\" content=\"summary_large_image\" \/>\n<meta name=\"twitter:label1\" content=\"Written by\" \/>\n\t<meta name=\"twitter:data1\" content=\"admin\" \/>\n\t<meta name=\"twitter:label2\" content=\"Est. reading time\" \/>\n\t<meta name=\"twitter:data2\" content=\"6 minutes\" \/>\n<script type=\"application\/ld+json\" class=\"yoast-schema-graph\">{\"@context\":\"https:\/\/schema.org\",\"@graph\":[{\"@type\":\"Article\",\"@id\":\"https:\/\/www.zerdab.com\/?p=10141#article\",\"isPartOf\":{\"@id\":\"https:\/\/www.zerdab.com\/?p=10141\"},\"author\":{\"name\":\"admin\",\"@id\":\"https:\/\/www.zerdab.com\/#\/schema\/person\/97079b7570c1e89ec0d9e138c3672136\"},\"headline\":\"Prezident Administrasiyas\u0131ndan a\u00e7\u0131qlama\",\"datePublished\":\"2013-05-21T19:08:38+00:00\",\"dateModified\":\"2013-05-21T19:33:37+00:00\",\"mainEntityOfPage\":{\"@id\":\"https:\/\/www.zerdab.com\/?p=10141\"},\"wordCount\":1113,\"commentCount\":0,\"articleSection\":[\"C\u018fM\u0130YY\u018fT\"],\"inLanguage\":\"az\",\"potentialAction\":[{\"@type\":\"CommentAction\",\"name\":\"Comment\",\"target\":[\"https:\/\/www.zerdab.com\/?p=10141#respond\"]}]},{\"@type\":\"WebPage\",\"@id\":\"https:\/\/www.zerdab.com\/?p=10141\",\"url\":\"https:\/\/www.zerdab.com\/?p=10141\",\"name\":\"Prezident Administrasiyas\u0131ndan a\u00e7\u0131qlama - Z\u0259rdab.com\",\"isPartOf\":{\"@id\":\"https:\/\/www.zerdab.com\/#website\"},\"datePublished\":\"2013-05-21T19:08:38+00:00\",\"dateModified\":\"2013-05-21T19:33:37+00:00\",\"author\":{\"@id\":\"https:\/\/www.zerdab.com\/#\/schema\/person\/97079b7570c1e89ec0d9e138c3672136\"},\"breadcrumb\":{\"@id\":\"https:\/\/www.zerdab.com\/?p=10141#breadcrumb\"},\"inLanguage\":\"az\",\"potentialAction\":[{\"@type\":\"ReadAction\",\"target\":[\"https:\/\/www.zerdab.com\/?p=10141\"]}]},{\"@type\":\"BreadcrumbList\",\"@id\":\"https:\/\/www.zerdab.com\/?p=10141#breadcrumb\",\"itemListElement\":[{\"@type\":\"ListItem\",\"position\":1,\"name\":\"Home\",\"item\":\"https:\/\/www.zerdab.com\/\"},{\"@type\":\"ListItem\",\"position\":2,\"name\":\"Prezident Administrasiyas\u0131ndan a\u00e7\u0131qlama\"}]},{\"@type\":\"WebSite\",\"@id\":\"https:\/\/www.zerdab.com\/#website\",\"url\":\"https:\/\/www.zerdab.com\/\",\"name\":\"Z\u0259rdab.com\",\"description\":\"\",\"potentialAction\":[{\"@type\":\"SearchAction\",\"target\":{\"@type\":\"EntryPoint\",\"urlTemplate\":\"https:\/\/www.zerdab.com\/?s={search_term_string}\"},\"query-input\":{\"@type\":\"PropertyValueSpecification\",\"valueRequired\":true,\"valueName\":\"search_term_string\"}}],\"inLanguage\":\"az\"},{\"@type\":\"Person\",\"@id\":\"https:\/\/www.zerdab.com\/#\/schema\/person\/97079b7570c1e89ec0d9e138c3672136\",\"name\":\"admin\",\"image\":{\"@type\":\"ImageObject\",\"inLanguage\":\"az\",\"@id\":\"https:\/\/www.zerdab.com\/#\/schema\/person\/image\/\",\"url\":\"https:\/\/secure.gravatar.com\/avatar\/d9c52a9a27c32119cb6679a077fa3e2779e5f822c451cbf01098004361d466ec?s=96&d=mm&r=g\",\"contentUrl\":\"https:\/\/secure.gravatar.com\/avatar\/d9c52a9a27c32119cb6679a077fa3e2779e5f822c451cbf01098004361d466ec?s=96&d=mm&r=g\",\"caption\":\"admin\"},\"url\":\"https:\/\/www.zerdab.com\/?author=1\"}]}<\/script>\n<!-- \/ Yoast SEO plugin. -->","yoast_head_json":{"title":"Prezident Administrasiyas\u0131ndan a\u00e7\u0131qlama  - Z\u0259rdab.com","robots":{"index":"index","follow":"follow","max-snippet":"max-snippet:-1","max-image-preview":"max-image-preview:large","max-video-preview":"max-video-preview:-1"},"canonical":"https:\/\/www.zerdab.com\/?p=10141","og_locale":"az_AZ","og_type":"article","og_title":"Prezident Administrasiyas\u0131ndan a\u00e7\u0131qlama  - Z\u0259rdab.com","og_description":"\u201cPrezident Administrasiyas\u0131na daxil olan m\u00fcraci\u0259tl\u0259rin t\u0259hlili g\u00f6st\u0259rir ki, Az\u0259rbaycan v\u0259t\u0259nda\u015flar\u0131 d\u00f6vl\u0259t ba\u015f\u00e7\u0131s\u0131n\u0131n yeritdiyi iqtisadi v\u0259 sosial siyas\u0259ti \u00fcr\u0259kd\u0259n b\u0259y\u0259nir, insanlara qay\u011f\u0131 g\u00f6st\u0259rilm\u0259si il\u0259 ba\u011fl\u0131 d\u00f6vl\u0259t m\u0259murlar\u0131 qar\u015f\u0131s\u0131nda qoydu\u011fu ciddi t\u0259l\u0259bl\u0259ri tam d\u0259st\u0259kl\u0259yirl\u0259r\u201d. \u201cAz\u0259rtac\u201d\u0131n verdiyi x\u0259b\u0259r\u0259 g\u00f6r\u0259, bunu Prezident Administrasiyas\u0131n\u0131n s\u0259n\u0259dl\u0259rl\u0259 v\u0259 v\u0259t\u0259nda\u015flar\u0131n m\u00fcraci\u0259tl\u0259ri il\u0259 i\u015f \u015f\u00f6b\u0259sinin m\u00fcdiri S\u00fcleyman \u0130smay\u0131lov deyib. S. \u0130smay\u0131lov qeyd edib ki, [&hellip;]","og_url":"https:\/\/www.zerdab.com\/?p=10141","og_site_name":"Z\u0259rdab.com","article_published_time":"2013-05-21T19:08:38+00:00","article_modified_time":"2013-05-21T19:33:37+00:00","author":"admin","twitter_card":"summary_large_image","twitter_misc":{"Written by":"admin","Est. reading time":"6 minutes"},"schema":{"@context":"https:\/\/schema.org","@graph":[{"@type":"Article","@id":"https:\/\/www.zerdab.com\/?p=10141#article","isPartOf":{"@id":"https:\/\/www.zerdab.com\/?p=10141"},"author":{"name":"admin","@id":"https:\/\/www.zerdab.com\/#\/schema\/person\/97079b7570c1e89ec0d9e138c3672136"},"headline":"Prezident Administrasiyas\u0131ndan a\u00e7\u0131qlama","datePublished":"2013-05-21T19:08:38+00:00","dateModified":"2013-05-21T19:33:37+00:00","mainEntityOfPage":{"@id":"https:\/\/www.zerdab.com\/?p=10141"},"wordCount":1113,"commentCount":0,"articleSection":["C\u018fM\u0130YY\u018fT"],"inLanguage":"az","potentialAction":[{"@type":"CommentAction","name":"Comment","target":["https:\/\/www.zerdab.com\/?p=10141#respond"]}]},{"@type":"WebPage","@id":"https:\/\/www.zerdab.com\/?p=10141","url":"https:\/\/www.zerdab.com\/?p=10141","name":"Prezident Administrasiyas\u0131ndan a\u00e7\u0131qlama - Z\u0259rdab.com","isPartOf":{"@id":"https:\/\/www.zerdab.com\/#website"},"datePublished":"2013-05-21T19:08:38+00:00","dateModified":"2013-05-21T19:33:37+00:00","author":{"@id":"https:\/\/www.zerdab.com\/#\/schema\/person\/97079b7570c1e89ec0d9e138c3672136"},"breadcrumb":{"@id":"https:\/\/www.zerdab.com\/?p=10141#breadcrumb"},"inLanguage":"az","potentialAction":[{"@type":"ReadAction","target":["https:\/\/www.zerdab.com\/?p=10141"]}]},{"@type":"BreadcrumbList","@id":"https:\/\/www.zerdab.com\/?p=10141#breadcrumb","itemListElement":[{"@type":"ListItem","position":1,"name":"Home","item":"https:\/\/www.zerdab.com\/"},{"@type":"ListItem","position":2,"name":"Prezident Administrasiyas\u0131ndan a\u00e7\u0131qlama"}]},{"@type":"WebSite","@id":"https:\/\/www.zerdab.com\/#website","url":"https:\/\/www.zerdab.com\/","name":"Z\u0259rdab.com","description":"","potentialAction":[{"@type":"SearchAction","target":{"@type":"EntryPoint","urlTemplate":"https:\/\/www.zerdab.com\/?s={search_term_string}"},"query-input":{"@type":"PropertyValueSpecification","valueRequired":true,"valueName":"search_term_string"}}],"inLanguage":"az"},{"@type":"Person","@id":"https:\/\/www.zerdab.com\/#\/schema\/person\/97079b7570c1e89ec0d9e138c3672136","name":"admin","image":{"@type":"ImageObject","inLanguage":"az","@id":"https:\/\/www.zerdab.com\/#\/schema\/person\/image\/","url":"https:\/\/secure.gravatar.com\/avatar\/d9c52a9a27c32119cb6679a077fa3e2779e5f822c451cbf01098004361d466ec?s=96&d=mm&r=g","contentUrl":"https:\/\/secure.gravatar.com\/avatar\/d9c52a9a27c32119cb6679a077fa3e2779e5f822c451cbf01098004361d466ec?s=96&d=mm&r=g","caption":"admin"},"url":"https:\/\/www.zerdab.com\/?author=1"}]}},"_links":{"self":[{"href":"https:\/\/www.zerdab.com\/index.php?rest_route=\/wp\/v2\/posts\/10141","targetHints":{"allow":["GET"]}}],"collection":[{"href":"https:\/\/www.zerdab.com\/index.php?rest_route=\/wp\/v2\/posts"}],"about":[{"href":"https:\/\/www.zerdab.com\/index.php?rest_route=\/wp\/v2\/types\/post"}],"author":[{"embeddable":true,"href":"https:\/\/www.zerdab.com\/index.php?rest_route=\/wp\/v2\/users\/1"}],"replies":[{"embeddable":true,"href":"https:\/\/www.zerdab.com\/index.php?rest_route=%2Fwp%2Fv2%2Fcomments&post=10141"}],"version-history":[{"count":3,"href":"https:\/\/www.zerdab.com\/index.php?rest_route=\/wp\/v2\/posts\/10141\/revisions"}],"predecessor-version":[{"id":10144,"href":"https:\/\/www.zerdab.com\/index.php?rest_route=\/wp\/v2\/posts\/10141\/revisions\/10144"}],"wp:attachment":[{"href":"https:\/\/www.zerdab.com\/index.php?rest_route=%2Fwp%2Fv2%2Fmedia&parent=10141"}],"wp:term":[{"taxonomy":"category","embeddable":true,"href":"https:\/\/www.zerdab.com\/index.php?rest_route=%2Fwp%2Fv2%2Fcategories&post=10141"},{"taxonomy":"post_tag","embeddable":true,"href":"https:\/\/www.zerdab.com\/index.php?rest_route=%2Fwp%2Fv2%2Ftags&post=10141"}],"curies":[{"name":"wp","href":"https:\/\/api.w.org\/{rel}","templated":true}]}}