{"id":10197,"date":"2013-05-24T16:54:21","date_gmt":"2013-05-24T11:54:21","guid":{"rendered":"http:\/\/www.zerdab.com\/?p=10197"},"modified":"2013-05-24T16:54:45","modified_gmt":"2013-05-24T11:54:45","slug":"sagirdl%c9%99r%c9%99-attestatlarin-verilm%c9%99si-qaydasinda-d%c9%99yisiklik-edildi","status":"publish","type":"post","link":"https:\/\/www.zerdab.com\/?p=10197","title":{"rendered":"\u015eagirdl\u0259r\u0259 attestatlar\u0131n verilm\u0259si qaydas\u0131na d\u0259yi\u015fiklik edildi"},"content":{"rendered":"<p><span style=\"color: #0000ff;\"><strong><img loading=\"lazy\" decoding=\"async\" class=\"aligncenter size-full wp-image-10198\" alt=\"attestat\" src=\"http:\/\/www.zerdab.com\/wp-content\/uploads\/2013\/05\/attestat.jpg\" width=\"250\" height=\"190\" \/>T\u0259hsil nazirinin \u00f6lk\u0259 prezidenti \u0130lham \u018fliyev\u0259 m\u00fcraci\u0259ti \u0259sas\u0131nda orta m\u0259kt\u0259bl\u0259ri bitir\u0259n \u015fagirdl\u0259rin ham\u0131s\u0131na attestatlar\u0131n verilm\u0259si il\u0259 ba\u011fl\u0131 Nazirliyin t\u0259klifinin ara\u015fd\u0131r\u0131lmas\u0131 prosesinin s\u00fcr\u0259tl\u0259ndirilm\u0259si \u00fc\u00e7\u00fcn tap\u015f\u0131r\u0131q verilib. Tap\u015f\u0131r\u0131q \u0259sas\u0131nda m\u00fcvafiq d\u00f6vl\u0259t orqanlar\u0131 q\u0131sa m\u00fcdd\u0259t \u0259rzind\u0259 m\u0259s\u0259l\u0259nin ara\u015fd\u0131r\u0131lmas\u0131\u00a0 prosesini yekunla\u015fd\u0131raraq \u00f6z t\u0259klifl\u0259rini Az\u0259rbaycan Nazirl\u0259r Kabinetin\u0259 t\u0259qdim edib.<\/strong><\/span><\/p>\n<p>Az\u0259rbaycan Nazirl\u0259r Kabinetinin 23 may 2013-c\u00fc il tarixli q\u0259rar\u0131 il\u0259 t\u0259hsil haqq\u0131nda attestat v\u0259 dig\u0259r s\u0259n\u0259dl\u0259rin verilm\u0259si il\u0259 ba\u011fl\u0131 m\u00fcnasib\u0259tl\u0259ri t\u0259nziml\u0259y\u0259n qanunvericilik aktlar\u0131na m\u00fcvafiq d\u0259yi\u015fiklikl\u0259r edilib. Q\u0259bul edilmi\u015f q\u0259rar \u0259sas\u0131nda illik qiym\u0259tl\u0259rd\u0259n as\u0131l\u0131 olmayaraq b\u00fct\u00fcn 9-cu sinif \u015fagirdl\u0259ri burax\u0131l\u0131\u015f imtahanlar\u0131na burax\u0131l\u0131r. Onlar h\u0259m\u00e7inin burax\u0131l\u0131\u015f imtahan\u0131nda al\u0131nan qiym\u0259tl\u0259rd\u0259n as\u0131l\u0131 olmayaraq, yekun attestasiyan\u0131n n\u0259tic\u0259l\u0259rini \u00f6z\u00fcnd\u0259 \u0259ks etdir\u0259n \u015f\u0259had\u0259tnam\u0259 almaq h\u00fcququna malik olurlar.<\/p>\n<p>11-ci sinif m\u0259zunlar\u0131 b\u00fct\u00fcn f\u0259nl\u0259r \u00fczr\u0259 m\u00fcsb\u0259t illik qiym\u0259tl\u0259r (3 v\u0259 daha yuxar\u0131) almaq \u015f\u0259rti il\u0259 burax\u0131l\u0131\u015f imtahanlar\u0131na burax\u0131l\u0131rlar. Bu kateqoriya m\u0259zunlar\u0131n attestat qiym\u0259ti 10 v\u0259 11-ci sinifl\u0259r \u00fczr\u0259 illik qiym\u0259tl\u0259r v\u0259 imtahan n\u0259tic\u0259sind\u0259 al\u0131nm\u0131\u015f qiym\u0259tl\u0259rin yuvarlaq orta qiym\u0259tidir.<\/p>\n<p>Bu q\u0259rar n\u0259tic\u0259sind\u0259 m\u0259zunlar\u0131n b\u00f6y\u00fck \u0259ks\u0259riyy\u0259ti \u00fc\u00e7\u00fcn \u00f6lk\u0259nin ali v\u0259 orta ixtisas t\u0259hsil m\u00fc\u0259ssis\u0259l\u0259rin\u0259 q\u0259bul imtahanlar\u0131nda i\u015ftirak etm\u0259k v\u0259 sosial h\u0259yata aktiv \u015f\u0259kild\u0259 qo\u015fulmaq imkanlar\u0131 yaranacaq.<\/p>\n<p>M\u0259s\u0259l\u0259 il\u0259 ba\u011fl\u0131 fikrini bildir\u0259n t\u0259hsil naziri Mikay\u0131l Cabbarov bildirib ki, Az\u0259rbaycan Respublikas\u0131n\u0131n prezidenti T\u0259hsil Nazirliyinin t\u0259\u015f\u0259bb\u00fcs\u00fcn\u00fc d\u0259st\u0259kl\u0259y\u0259r\u0259k bir daha n\u00fcmayi\u015f etdi ki, o h\u0259r bir Az\u0259rbaycan v\u0259t\u0259nda\u015f\u0131n\u0131n prezidenti, h\u0259r bir m\u0259zun \u00fc\u00e7\u00fcn b\u0259rab\u0259r imkanlar\u0131n yarad\u0131lmas\u0131n\u0131n t\u0259r\u0259fdar\u0131d\u0131r.<\/p>\n<p>Qeyd edilm\u0259lidir ki, 2010, 2011 v\u0259 2012-ci ill\u0259rd\u0259 attestat almayan \u015fagirdl\u0259rin say\u0131 m\u00fcvafiq olaraq m\u0259zunlar\u0131n \u00fcmumi say\u0131n\u0131n 22, 24 v\u0259 10.5%-i q\u0259d\u0259r olub.<\/p>\n<p><span style=\"color: #0000ff;\"><strong>Zerdab.com<\/strong><\/span><\/p>\n","protected":false},"excerpt":{"rendered":"<p>T\u0259hsil nazirinin \u00f6lk\u0259 prezidenti \u0130lham \u018fliyev\u0259 m\u00fcraci\u0259ti \u0259sas\u0131nda orta m\u0259kt\u0259bl\u0259ri bitir\u0259n \u015fagirdl\u0259rin ham\u0131s\u0131na attestatlar\u0131n verilm\u0259si il\u0259 ba\u011fl\u0131 Nazirliyin t\u0259klifinin ara\u015fd\u0131r\u0131lmas\u0131 prosesinin s\u00fcr\u0259tl\u0259ndirilm\u0259si \u00fc\u00e7\u00fcn tap\u015f\u0131r\u0131q verilib. Tap\u015f\u0131r\u0131q \u0259sas\u0131nda m\u00fcvafiq d\u00f6vl\u0259t orqanlar\u0131 q\u0131sa m\u00fcdd\u0259t \u0259rzind\u0259 m\u0259s\u0259l\u0259nin ara\u015fd\u0131r\u0131lmas\u0131\u00a0 prosesini yekunla\u015fd\u0131raraq \u00f6z t\u0259klifl\u0259rini Az\u0259rbaycan Nazirl\u0259r Kabinetin\u0259 t\u0259qdim edib. Az\u0259rbaycan Nazirl\u0259r Kabinetinin 23 may 2013-c\u00fc il tarixli q\u0259rar\u0131 il\u0259 t\u0259hsil [&hellip;]<\/p>\n","protected":false},"author":1,"featured_media":0,"comment_status":"open","ping_status":"open","sticky":false,"template":"","format":"standard","meta":{"footnotes":""},"categories":[5],"tags":[],"class_list":{"0":"post-10197","1":"post","2":"type-post","3":"status-publish","4":"format-standard","6":"category-knd"},"yoast_head":"<!-- This site is optimized with the Yoast SEO plugin v27.0 - https:\/\/yoast.com\/product\/yoast-seo-wordpress\/ -->\n<title>\u015eagirdl\u0259r\u0259 attestatlar\u0131n verilm\u0259si qaydas\u0131na d\u0259yi\u015fiklik edildi - Z\u0259rdab.com<\/title>\n<meta name=\"robots\" content=\"index, follow, max-snippet:-1, max-image-preview:large, max-video-preview:-1\" \/>\n<link rel=\"canonical\" href=\"https:\/\/www.zerdab.com\/?p=10197\" \/>\n<meta property=\"og:locale\" content=\"az_AZ\" \/>\n<meta property=\"og:type\" content=\"article\" \/>\n<meta property=\"og:title\" content=\"\u015eagirdl\u0259r\u0259 attestatlar\u0131n verilm\u0259si qaydas\u0131na d\u0259yi\u015fiklik edildi - Z\u0259rdab.com\" \/>\n<meta property=\"og:description\" content=\"T\u0259hsil nazirinin \u00f6lk\u0259 prezidenti \u0130lham \u018fliyev\u0259 m\u00fcraci\u0259ti \u0259sas\u0131nda orta m\u0259kt\u0259bl\u0259ri bitir\u0259n \u015fagirdl\u0259rin ham\u0131s\u0131na attestatlar\u0131n verilm\u0259si il\u0259 ba\u011fl\u0131 Nazirliyin t\u0259klifinin ara\u015fd\u0131r\u0131lmas\u0131 prosesinin s\u00fcr\u0259tl\u0259ndirilm\u0259si \u00fc\u00e7\u00fcn tap\u015f\u0131r\u0131q verilib. Tap\u015f\u0131r\u0131q \u0259sas\u0131nda m\u00fcvafiq d\u00f6vl\u0259t orqanlar\u0131 q\u0131sa m\u00fcdd\u0259t \u0259rzind\u0259 m\u0259s\u0259l\u0259nin ara\u015fd\u0131r\u0131lmas\u0131\u00a0 prosesini yekunla\u015fd\u0131raraq \u00f6z t\u0259klifl\u0259rini Az\u0259rbaycan Nazirl\u0259r Kabinetin\u0259 t\u0259qdim edib. Az\u0259rbaycan Nazirl\u0259r Kabinetinin 23 may 2013-c\u00fc il tarixli q\u0259rar\u0131 il\u0259 t\u0259hsil [&hellip;]\" \/>\n<meta property=\"og:url\" content=\"https:\/\/www.zerdab.com\/?p=10197\" \/>\n<meta property=\"og:site_name\" content=\"Z\u0259rdab.com\" \/>\n<meta property=\"article:published_time\" content=\"2013-05-24T11:54:21+00:00\" \/>\n<meta property=\"article:modified_time\" content=\"2013-05-24T11:54:45+00:00\" \/>\n<meta property=\"og:image\" content=\"http:\/\/www.zerdab.com\/wp-content\/uploads\/2013\/05\/attestat.jpg\" \/>\n<meta name=\"author\" content=\"admin\" \/>\n<meta name=\"twitter:card\" content=\"summary_large_image\" \/>\n<meta name=\"twitter:label1\" content=\"Written by\" \/>\n\t<meta name=\"twitter:data1\" content=\"admin\" \/>\n\t<meta name=\"twitter:label2\" content=\"Est. reading time\" \/>\n\t<meta name=\"twitter:data2\" content=\"2 minutes\" \/>\n<script type=\"application\/ld+json\" class=\"yoast-schema-graph\">{\"@context\":\"https:\/\/schema.org\",\"@graph\":[{\"@type\":\"Article\",\"@id\":\"https:\/\/www.zerdab.com\/?p=10197#article\",\"isPartOf\":{\"@id\":\"https:\/\/www.zerdab.com\/?p=10197\"},\"author\":{\"name\":\"admin\",\"@id\":\"https:\/\/www.zerdab.com\/#\/schema\/person\/97079b7570c1e89ec0d9e138c3672136\"},\"headline\":\"\u015eagirdl\u0259r\u0259 attestatlar\u0131n verilm\u0259si qaydas\u0131na d\u0259yi\u015fiklik edildi\",\"datePublished\":\"2013-05-24T11:54:21+00:00\",\"dateModified\":\"2013-05-24T11:54:45+00:00\",\"mainEntityOfPage\":{\"@id\":\"https:\/\/www.zerdab.com\/?p=10197\"},\"wordCount\":427,\"commentCount\":0,\"image\":{\"@id\":\"https:\/\/www.zerdab.com\/?p=10197#primaryimage\"},\"thumbnailUrl\":\"http:\/\/www.zerdab.com\/wp-content\/uploads\/2013\/05\/attestat.jpg\",\"articleSection\":[\"X\u018fB\u018fRL\u018fR\"],\"inLanguage\":\"az\",\"potentialAction\":[{\"@type\":\"CommentAction\",\"name\":\"Comment\",\"target\":[\"https:\/\/www.zerdab.com\/?p=10197#respond\"]}]},{\"@type\":\"WebPage\",\"@id\":\"https:\/\/www.zerdab.com\/?p=10197\",\"url\":\"https:\/\/www.zerdab.com\/?p=10197\",\"name\":\"\u015eagirdl\u0259r\u0259 attestatlar\u0131n verilm\u0259si qaydas\u0131na d\u0259yi\u015fiklik edildi - Z\u0259rdab.com\",\"isPartOf\":{\"@id\":\"https:\/\/www.zerdab.com\/#website\"},\"primaryImageOfPage\":{\"@id\":\"https:\/\/www.zerdab.com\/?p=10197#primaryimage\"},\"image\":{\"@id\":\"https:\/\/www.zerdab.com\/?p=10197#primaryimage\"},\"thumbnailUrl\":\"http:\/\/www.zerdab.com\/wp-content\/uploads\/2013\/05\/attestat.jpg\",\"datePublished\":\"2013-05-24T11:54:21+00:00\",\"dateModified\":\"2013-05-24T11:54:45+00:00\",\"author\":{\"@id\":\"https:\/\/www.zerdab.com\/#\/schema\/person\/97079b7570c1e89ec0d9e138c3672136\"},\"breadcrumb\":{\"@id\":\"https:\/\/www.zerdab.com\/?p=10197#breadcrumb\"},\"inLanguage\":\"az\",\"potentialAction\":[{\"@type\":\"ReadAction\",\"target\":[\"https:\/\/www.zerdab.com\/?p=10197\"]}]},{\"@type\":\"ImageObject\",\"inLanguage\":\"az\",\"@id\":\"https:\/\/www.zerdab.com\/?p=10197#primaryimage\",\"url\":\"\",\"contentUrl\":\"\"},{\"@type\":\"BreadcrumbList\",\"@id\":\"https:\/\/www.zerdab.com\/?p=10197#breadcrumb\",\"itemListElement\":[{\"@type\":\"ListItem\",\"position\":1,\"name\":\"Home\",\"item\":\"https:\/\/www.zerdab.com\/\"},{\"@type\":\"ListItem\",\"position\":2,\"name\":\"\u015eagirdl\u0259r\u0259 attestatlar\u0131n verilm\u0259si qaydas\u0131na d\u0259yi\u015fiklik edildi\"}]},{\"@type\":\"WebSite\",\"@id\":\"https:\/\/www.zerdab.com\/#website\",\"url\":\"https:\/\/www.zerdab.com\/\",\"name\":\"Z\u0259rdab.com\",\"description\":\"\",\"potentialAction\":[{\"@type\":\"SearchAction\",\"target\":{\"@type\":\"EntryPoint\",\"urlTemplate\":\"https:\/\/www.zerdab.com\/?s={search_term_string}\"},\"query-input\":{\"@type\":\"PropertyValueSpecification\",\"valueRequired\":true,\"valueName\":\"search_term_string\"}}],\"inLanguage\":\"az\"},{\"@type\":\"Person\",\"@id\":\"https:\/\/www.zerdab.com\/#\/schema\/person\/97079b7570c1e89ec0d9e138c3672136\",\"name\":\"admin\",\"image\":{\"@type\":\"ImageObject\",\"inLanguage\":\"az\",\"@id\":\"https:\/\/www.zerdab.com\/#\/schema\/person\/image\/\",\"url\":\"https:\/\/secure.gravatar.com\/avatar\/d9c52a9a27c32119cb6679a077fa3e2779e5f822c451cbf01098004361d466ec?s=96&d=mm&r=g\",\"contentUrl\":\"https:\/\/secure.gravatar.com\/avatar\/d9c52a9a27c32119cb6679a077fa3e2779e5f822c451cbf01098004361d466ec?s=96&d=mm&r=g\",\"caption\":\"admin\"},\"url\":\"https:\/\/www.zerdab.com\/?author=1\"}]}<\/script>\n<!-- \/ Yoast SEO plugin. -->","yoast_head_json":{"title":"\u015eagirdl\u0259r\u0259 attestatlar\u0131n verilm\u0259si qaydas\u0131na d\u0259yi\u015fiklik edildi - Z\u0259rdab.com","robots":{"index":"index","follow":"follow","max-snippet":"max-snippet:-1","max-image-preview":"max-image-preview:large","max-video-preview":"max-video-preview:-1"},"canonical":"https:\/\/www.zerdab.com\/?p=10197","og_locale":"az_AZ","og_type":"article","og_title":"\u015eagirdl\u0259r\u0259 attestatlar\u0131n verilm\u0259si qaydas\u0131na d\u0259yi\u015fiklik edildi - Z\u0259rdab.com","og_description":"T\u0259hsil nazirinin \u00f6lk\u0259 prezidenti \u0130lham \u018fliyev\u0259 m\u00fcraci\u0259ti \u0259sas\u0131nda orta m\u0259kt\u0259bl\u0259ri bitir\u0259n \u015fagirdl\u0259rin ham\u0131s\u0131na attestatlar\u0131n verilm\u0259si il\u0259 ba\u011fl\u0131 Nazirliyin t\u0259klifinin ara\u015fd\u0131r\u0131lmas\u0131 prosesinin s\u00fcr\u0259tl\u0259ndirilm\u0259si \u00fc\u00e7\u00fcn tap\u015f\u0131r\u0131q verilib. Tap\u015f\u0131r\u0131q \u0259sas\u0131nda m\u00fcvafiq d\u00f6vl\u0259t orqanlar\u0131 q\u0131sa m\u00fcdd\u0259t \u0259rzind\u0259 m\u0259s\u0259l\u0259nin ara\u015fd\u0131r\u0131lmas\u0131\u00a0 prosesini yekunla\u015fd\u0131raraq \u00f6z t\u0259klifl\u0259rini Az\u0259rbaycan Nazirl\u0259r Kabinetin\u0259 t\u0259qdim edib. Az\u0259rbaycan Nazirl\u0259r Kabinetinin 23 may 2013-c\u00fc il tarixli q\u0259rar\u0131 il\u0259 t\u0259hsil [&hellip;]","og_url":"https:\/\/www.zerdab.com\/?p=10197","og_site_name":"Z\u0259rdab.com","article_published_time":"2013-05-24T11:54:21+00:00","article_modified_time":"2013-05-24T11:54:45+00:00","og_image":[{"url":"http:\/\/www.zerdab.com\/wp-content\/uploads\/2013\/05\/attestat.jpg","type":"","width":"","height":""}],"author":"admin","twitter_card":"summary_large_image","twitter_misc":{"Written by":"admin","Est. reading time":"2 minutes"},"schema":{"@context":"https:\/\/schema.org","@graph":[{"@type":"Article","@id":"https:\/\/www.zerdab.com\/?p=10197#article","isPartOf":{"@id":"https:\/\/www.zerdab.com\/?p=10197"},"author":{"name":"admin","@id":"https:\/\/www.zerdab.com\/#\/schema\/person\/97079b7570c1e89ec0d9e138c3672136"},"headline":"\u015eagirdl\u0259r\u0259 attestatlar\u0131n verilm\u0259si qaydas\u0131na d\u0259yi\u015fiklik edildi","datePublished":"2013-05-24T11:54:21+00:00","dateModified":"2013-05-24T11:54:45+00:00","mainEntityOfPage":{"@id":"https:\/\/www.zerdab.com\/?p=10197"},"wordCount":427,"commentCount":0,"image":{"@id":"https:\/\/www.zerdab.com\/?p=10197#primaryimage"},"thumbnailUrl":"http:\/\/www.zerdab.com\/wp-content\/uploads\/2013\/05\/attestat.jpg","articleSection":["X\u018fB\u018fRL\u018fR"],"inLanguage":"az","potentialAction":[{"@type":"CommentAction","name":"Comment","target":["https:\/\/www.zerdab.com\/?p=10197#respond"]}]},{"@type":"WebPage","@id":"https:\/\/www.zerdab.com\/?p=10197","url":"https:\/\/www.zerdab.com\/?p=10197","name":"\u015eagirdl\u0259r\u0259 attestatlar\u0131n verilm\u0259si qaydas\u0131na d\u0259yi\u015fiklik edildi - Z\u0259rdab.com","isPartOf":{"@id":"https:\/\/www.zerdab.com\/#website"},"primaryImageOfPage":{"@id":"https:\/\/www.zerdab.com\/?p=10197#primaryimage"},"image":{"@id":"https:\/\/www.zerdab.com\/?p=10197#primaryimage"},"thumbnailUrl":"http:\/\/www.zerdab.com\/wp-content\/uploads\/2013\/05\/attestat.jpg","datePublished":"2013-05-24T11:54:21+00:00","dateModified":"2013-05-24T11:54:45+00:00","author":{"@id":"https:\/\/www.zerdab.com\/#\/schema\/person\/97079b7570c1e89ec0d9e138c3672136"},"breadcrumb":{"@id":"https:\/\/www.zerdab.com\/?p=10197#breadcrumb"},"inLanguage":"az","potentialAction":[{"@type":"ReadAction","target":["https:\/\/www.zerdab.com\/?p=10197"]}]},{"@type":"ImageObject","inLanguage":"az","@id":"https:\/\/www.zerdab.com\/?p=10197#primaryimage","url":"","contentUrl":""},{"@type":"BreadcrumbList","@id":"https:\/\/www.zerdab.com\/?p=10197#breadcrumb","itemListElement":[{"@type":"ListItem","position":1,"name":"Home","item":"https:\/\/www.zerdab.com\/"},{"@type":"ListItem","position":2,"name":"\u015eagirdl\u0259r\u0259 attestatlar\u0131n verilm\u0259si qaydas\u0131na d\u0259yi\u015fiklik edildi"}]},{"@type":"WebSite","@id":"https:\/\/www.zerdab.com\/#website","url":"https:\/\/www.zerdab.com\/","name":"Z\u0259rdab.com","description":"","potentialAction":[{"@type":"SearchAction","target":{"@type":"EntryPoint","urlTemplate":"https:\/\/www.zerdab.com\/?s={search_term_string}"},"query-input":{"@type":"PropertyValueSpecification","valueRequired":true,"valueName":"search_term_string"}}],"inLanguage":"az"},{"@type":"Person","@id":"https:\/\/www.zerdab.com\/#\/schema\/person\/97079b7570c1e89ec0d9e138c3672136","name":"admin","image":{"@type":"ImageObject","inLanguage":"az","@id":"https:\/\/www.zerdab.com\/#\/schema\/person\/image\/","url":"https:\/\/secure.gravatar.com\/avatar\/d9c52a9a27c32119cb6679a077fa3e2779e5f822c451cbf01098004361d466ec?s=96&d=mm&r=g","contentUrl":"https:\/\/secure.gravatar.com\/avatar\/d9c52a9a27c32119cb6679a077fa3e2779e5f822c451cbf01098004361d466ec?s=96&d=mm&r=g","caption":"admin"},"url":"https:\/\/www.zerdab.com\/?author=1"}]}},"_links":{"self":[{"href":"https:\/\/www.zerdab.com\/index.php?rest_route=\/wp\/v2\/posts\/10197","targetHints":{"allow":["GET"]}}],"collection":[{"href":"https:\/\/www.zerdab.com\/index.php?rest_route=\/wp\/v2\/posts"}],"about":[{"href":"https:\/\/www.zerdab.com\/index.php?rest_route=\/wp\/v2\/types\/post"}],"author":[{"embeddable":true,"href":"https:\/\/www.zerdab.com\/index.php?rest_route=\/wp\/v2\/users\/1"}],"replies":[{"embeddable":true,"href":"https:\/\/www.zerdab.com\/index.php?rest_route=%2Fwp%2Fv2%2Fcomments&post=10197"}],"version-history":[{"count":2,"href":"https:\/\/www.zerdab.com\/index.php?rest_route=\/wp\/v2\/posts\/10197\/revisions"}],"predecessor-version":[{"id":10200,"href":"https:\/\/www.zerdab.com\/index.php?rest_route=\/wp\/v2\/posts\/10197\/revisions\/10200"}],"wp:attachment":[{"href":"https:\/\/www.zerdab.com\/index.php?rest_route=%2Fwp%2Fv2%2Fmedia&parent=10197"}],"wp:term":[{"taxonomy":"category","embeddable":true,"href":"https:\/\/www.zerdab.com\/index.php?rest_route=%2Fwp%2Fv2%2Fcategories&post=10197"},{"taxonomy":"post_tag","embeddable":true,"href":"https:\/\/www.zerdab.com\/index.php?rest_route=%2Fwp%2Fv2%2Ftags&post=10197"}],"curies":[{"name":"wp","href":"https:\/\/api.w.org\/{rel}","templated":true}]}}