{"id":10223,"date":"2013-05-25T17:14:48","date_gmt":"2013-05-25T12:14:48","guid":{"rendered":"http:\/\/www.zerdab.com\/?p=10223"},"modified":"2013-05-25T17:20:23","modified_gmt":"2013-05-25T12:20:23","slug":"yeni-az%c9%99rbaycan-partiyasi-z%c9%99rdab-rayon-t%c9%99skilatinin-8-ci-konfransi-kecirildi","status":"publish","type":"post","link":"https:\/\/www.zerdab.com\/?p=10223","title":{"rendered":"Yeni Az\u0259rbaycan Partiyas\u0131 Z\u0259rdab rayon t\u0259\u015fkilat\u0131n\u0131n 8-ci konfrans\u0131 ke\u00e7irildi"},"content":{"rendered":"<p align=\"center\"><img loading=\"lazy\" decoding=\"async\" class=\"aligncenter size-medium wp-image-10224\" alt=\"Yeni Az\u0259rbaycan Partiyas\u0131 Z\u0259rdab rayon t\u0259\u015fkilat\u0131\" src=\"http:\/\/www.zerdab.com\/wp-content\/uploads\/2013\/05\/Yeni-Az\u0259rbaycan-Partiyas\u0131-Z\u0259rdab-rayon-t\u0259\u015fkilat\u0131-2-600x398.jpg\" width=\"600\" height=\"398\" \/>\u00a0<span style=\"color: #0000ff;\"><strong>Yeni Az\u0259rbaycan Partiyas\u0131 (YAP) Z\u0259rdab rayon t\u0259\u015fkilat\u0131n\u0131n 8-ci konfrans\u0131 ke\u00e7irildi. Konfrans i\u015ftirak\u00e7\u0131lar\u0131 \u00f6nc\u0259 Ulu \u00f6nd\u0259r Heyd\u0259r \u018fliyevin abid\u0259si \u00f6n\u00fcn\u0259 g\u00fcl v\u0259 \u00e7i\u00e7\u0259k d\u0259st\u0259l\u0259ri qoydular.\u00a0Yeni Az\u0259rbaycan Partiyas\u0131 Z\u0259rdab rayon t\u0259\u015fkilat\u0131n\u0131n s\u0259dri, Rayon \u0130cra Hakimiyy\u0259ti ba\u015f\u00e7\u0131s\u0131n\u0131n m\u00fcavini-sosial-iqtisadi inki\u015faf\u0131n t\u0259hlili v\u0259 proqnozla\u015fd\u0131r\u0131lmas\u0131 \u00a0\u015f\u00f6b\u0259sinin m\u00fcdiri P\u0259rvin Mahmudova qonaqlar\u0131 v\u0259 konfrans i\u015ftirak\u00e7\u0131lar\u0131n\u0131 salamlad\u0131 v\u0259 konfrans\u0131 a\u00e7\u0131q elan etdi.<\/strong><\/span> O, konfransa giri\u015f nitqi il\u0259 \u00e7\u0131x\u0131\u015f etdi. Qeyd etdi ki, Az\u0259rbaycan xalq\u0131n\u0131n \u00fcmummilli lideri Heyd\u0259r \u018fliyevin 90 illik yubileyi respublikan\u0131n h\u0259r yerind\u0259 oldu\u011fu kimi Z\u0259rdabda da b\u00f6y\u00fck t\u0259nt\u0259n\u0259 il\u0259 qeyd edilmi\u015f, onun \u0259ziz xatir\u0259si \u00e7oxsayl\u0131 v\u0259 m\u00f6ht\u0259\u015f\u0259m t\u0259dbirl\u0259rd\u0259 d\u0259rin h\u00f6rm\u0259t v\u0259 ehtiramla yad olunmu\u015fdur.<\/p>\n<p>He\u00e7 k\u0259s he\u00e7 vaxt unutmamal\u0131d\u0131r ki, Az\u0259rbaycan\u0131n d\u00fcnya d\u00f6vl\u0259tl\u0259ri il\u0259 inteqrasiya yoluna q\u0259d\u0259m qoymas\u0131, elm, t\u0259hsil v\u0259 m\u0259d\u0259niyy\u0259t sah\u0259l\u0259rind\u0259ki u\u011furlara geni\u015f meydan a\u00e7\u0131lmas\u0131, partiyam\u0131z\u0131n qurucusu, yarad\u0131c\u0131s\u0131, \u00f6z parlaq \u015f\u0259xsiyy\u0259ti il\u0259 tariximizin canl\u0131 salnam\u0259sin\u0259 \u00e7evrilmi\u015f \u00dcmummilli liderimizin xidm\u0259tl\u0259ri say\u0259sind\u0259 m\u00fcmk\u00fcn olmu\u015fdur. YAP v\u0259 onun yarad\u0131c\u0131s\u0131 haqq\u0131nda dan\u0131\u015fark\u0259n ilk n\u00f6vb\u0259d\u0259 onu dem\u0259liyik ki, Ulu \u00d6nd\u0259r partiyan\u0131 yaradark\u0259n g\u0259l\u0259c\u0259yini el\u0259 d\u00fc\u015f\u00fcnm\u00fc\u015fd\u00fcr ki, bu partiya c\u0259miyy\u0259td\u0259 b\u00f6y\u00fck bir siyasi q\u00fcvv\u0259 kimi v\u0259t\u0259nda\u015flar\u0131m\u0131z\u0131n h\u0259yat\u0131n\u0131n t\u0259nziml\u0259nm\u0259sind\u0259, m\u00fcst\u0259qilliyimizin m\u00f6hk\u0259ml\u0259nm\u0259sind\u0259, d\u00f6vl\u0259t\u00e7iliyimizin qorunmas\u0131nda m\u00fch\u00fcm rol oynam\u0131\u015f v\u0259 d\u00f6vl\u0259t\u00e7iliyimizin \u0259sl daya\u011f\u0131 olmu\u015fdur.<\/p>\n<p>Konfransda \u00e7\u0131x\u0131\u015f ed\u0259n Z\u0259rdab Rayon \u0130cra Hakimiyy\u0259tinin ba\u015f\u00e7\u0131s\u0131 L\u00fctv\u0259li Babayev konfrans\u0131m\u0131z\u0131n \u00dcmummilli lideri Heyd\u0259r \u018fliyevin v\u0259 g\u00f6rk\u0259mli oftalmoloq-alim, akademik Z\u0259rif\u0259 xan\u0131m \u018fliyevan\u0131n 90 illik yubiley t\u0259dbirl\u0259rinin bu g\u00fcn d\u0259 davam etdiyi bir d\u00f6vr\u0259 t\u0259sad\u00fcf etm\u0259sini x\u00fcsusi vur\u011fulad\u0131. Bildirdi ki, v\u0259t\u0259n v\u0259 xalq qar\u015f\u0131s\u0131nda xidm\u0259tl\u0259ri olan insanlar he\u00e7 vaxt unudulmur. Yeni Az\u0259rbaycan Partiyas\u0131n\u0131n yarad\u0131lmas\u0131 da \u00dcmummilli lider Heyd\u0259r \u018fliyevin xalq\u0131m\u0131z qar\u015f\u0131s\u0131ndak\u0131 misilsiz xidm\u0259tl\u0259rind\u0259n biridir.<\/p>\n<p>Az\u0259rbaycan tarixind\u0259 dahi \u015f\u0259xsiyy\u0259tl\u0259r \u00e7ox olub. Onlar f\u0259aliyy\u0259tl\u0259ri il\u0259 xalq\u0131n yadda\u015f\u0131nda bu g\u00fcn d\u0259 ya\u015fay\u0131rlar. Bunlar\u0131n s\u0131ras\u0131nda b\u00f6y\u00fck z\u0259ka sahibi, nadir \u015f\u0259xsiyy\u0259t, n\u00fcfuzlu d\u00f6vl\u0259t xadimi, mill\u0259tin f\u0259dakar o\u011flu, \u00fcmummilli lider HEYD\u018fR \u018fL\u0130YEV \u0259n y\u00fcks\u0259k zirv\u0259d\u0259dir.<\/p>\n<p>Az\u0259rbaycan\u0131n son onillikl\u0259r \u0259rzind\u0259 qazand\u0131\u011f\u0131 u\u011furlar Ulu \u00d6nd\u0259r Heyd\u0259r \u018fliyevin h\u0259yat v\u0259 f\u0259aliyy\u0259ti il\u0259 birba\u015fa ba\u011fl\u0131d\u0131r. Onun Az\u0259rbaycan\u0131n r\u0259hb\u0259ri se\u00e7ilm\u0259si \u0259slind\u0259 \u00e7a\u011fda\u015f tariximiz\u0259 \u00f6lk\u0259mizin s\u00fcr\u0259tli v\u0259 uzunm\u00fcdd\u0259tli inki\u015faf\u0131n\u0131n \u0259sas\u0131n\u0131n qoyulmas\u0131\u00a0 kimi daxil olmu\u015fdur. V\u0259 t\u0259biidir ki, bug\u00fcnk\u00fc m\u00fcst\u0259qil Az\u0259rbaycan Heyd\u0259r \u018fliyevin \u015fah \u0259s\u0259ri, Yeni Az\u0259rbaycan Partiyas\u0131 is\u0259 Heyd\u0259r \u018fliyev partiyas\u0131 adland\u0131r\u0131l\u0131r. Yeni Az\u0259rbaycan Partiyas\u0131 h\u0259qiq\u0259t\u0259n zaman\u0131n t\u0259l\u0259bind\u0259n yaranm\u0131\u015fd\u0131r v\u0259 q\u0131sa m\u00fcdd\u0259td\u0259 \u00fcmumxalq partiyas\u0131na \u00e7evrilmi\u015fdir. Yeni Az\u0259rbaycan Partiyas\u0131 yegan\u0259 siyasi partiyad\u0131r ki, yarand\u0131qdan c\u0259mi bir ne\u00e7\u0259 ay sonra sivil yolla \u00f6lk\u0259d\u0259 siyasi hakimiyy\u0259t\u0259 g\u0259lmi\u015fdir. Yeni Az\u0259rbaycan Partiyas\u0131 \u00f6t\u0259n m\u00fcdd\u0259t \u0259rzind\u0259\u00a0 d\u00f6vl\u0259timiz v\u0259 xalq\u0131m\u0131z qar\u015f\u0131s\u0131nda \u015f\u0259r\u0259fl\u0259 xidm\u0259t etmi\u015f, u\u011furlu f\u0259aliyy\u0259t g\u00f6st\u0259rmi\u015f, d\u00f6vr\u00fcn, zaman\u0131n \u00e7\u0259tinlikl\u0259rind\u0259n t\u0259\u015fkilat\u0131 v\u0259 ideoloji c\u0259h\u0259td\u0259n m\u0259tinl\u0259\u015fmi\u015f \u015f\u0259kild\u0259 \u00e7\u0131xm\u0131\u015fd\u0131r.<\/p>\n<p>Az\u0259rbaycan xalq\u0131, o c\u00fcml\u0259d\u0259n z\u0259rdabl\u0131lar firavan ya\u015fay\u0131\u015f\u0131m\u0131z\u0131n t\u0259min edildiyi bu g\u00fcn \u00fc\u00e7\u00fcn Ulu \u00d6nd\u0259rimiz Heyd\u0259r \u018fliyev\u0259 minn\u0259tdard\u0131r.<\/p>\n<p>Az\u0259rbaycanda Yeni Az\u0259rbaycan Partiyas\u0131na alternativ, Yeni Az\u0259rbaycan Partiyas\u0131 il\u0259 r\u0259qab\u0259t\u0259 gir\u0259 bil\u0259c\u0259k siyasi q\u00fcvv\u0259 yoxdur. Bu g\u00fcn d\u0259 Yeni Az\u0259rbaycan Partiyas\u0131n\u0131n liderliyi son d\u0259r\u0259c\u0259 etibarl\u0131 \u0259ll\u0259rd\u0259dir.<\/p>\n<p>Partiyan\u0131n s\u0259dri, M\u00f6ht\u0259r\u0259m Prezidentimiz \u0130lham \u018fliyevin liderliyi il\u0259 Yeni Az\u0259rbaycan Partiyas\u0131 bu g\u00fcn c\u0259miyy\u0259timizi daha da yenil\u0259\u015fdirir, d\u00f6vl\u0259timiz q\u00fcdr\u0259tl\u0259nir, xalq\u0131m\u0131z\u0131n firavanl\u0131\u011f\u0131 t\u0259min olunur. Haz\u0131rda s\u00f6z\u00fcn \u0259sl m\u0259nas\u0131nda yeni, azad, demokratik Az\u0259rbaycan qurulur, m\u00fcst\u0259qil respublikam\u0131zda yeni ictimai-siyasi qurulu\u015f yaran\u0131r, yeni iqtisadi formalar t\u0259\u015f\u0259kk\u00fcl tap\u0131r, v\u0259t\u0259nda\u015f c\u0259miyy\u0259ti formala\u015f\u0131r, demokratiya inki\u015faf edir. Bel\u0259 bir \u015f\u0259raitd\u0259 \u00f6lk\u0259mizd\u0259 analoqu olmayan, \u00f6z\u00fcn\u00fc \u0259n m\u00fct\u0259\u015f\u0259kkil, \u0259n g\u00fccl\u00fc siyasi q\u00fcvv\u0259 kimi t\u0259sdiql\u0259y\u0259n m\u0259hz Yeni Az\u0259rbaycan Partiyas\u0131d\u0131r v\u0259 yaln\u0131z Yeni Az\u0259rbaycan Partiyas\u0131 suveren Az\u0259rbaycan d\u00f6vl\u0259tini bundan sonra da m\u00fcst\u0259qillik yolunda inamla inki\u015faf etdir\u0259c\u0259k, m\u00f6hk\u0259ml\u0259ndir\u0259c\u0259k v\u0259 q\u00fcdr\u0259tl\u0259ndir\u0259c\u0259kdir.<\/p>\n<p>Yeni Az\u0259rbaycan Partiyas\u0131n\u0131n ilk avanqard d\u0259st\u0259l\u0259rind\u0259n biri olan Z\u0259rdab rayon t\u0259\u015fkilat\u0131n\u0131n da f\u0259aliyy\u0259ti \u00e7ox eni\u015fli v\u0259 yoxu\u015flu olmu\u015fdur. Yeni Az\u0259rbaycan Partiyas\u0131 Z\u0259rdab rayon t\u0259\u015fkilat\u0131n\u0131n \u00fczvl\u0259ri d\u0259 bu ill\u0259r \u0259rzind\u0259 siyasi v\u0259 ideoloji c\u0259h\u0259td\u0259n m\u0259tinl\u0259\u015fmi\u015f, \u00f6t\u0259n ill\u0259rin m\u00fch\u00fcm siyasi kampaniyalar\u0131nda daim d\u00f6vl\u0259tin\u0259, d\u00f6vl\u0259t\u00e7iliyin\u0259 v\u0259 d\u00f6vl\u0259tinin ba\u015f\u00e7\u0131s\u0131na s\u0259daq\u0259ti il\u0259 se\u00e7il\u0259n z\u0259rdabl\u0131lar, o c\u00fcml\u0259d\u0259n Yeni Az\u0259rbaycan Partiyas\u0131 \u00fczvl\u0259ri y\u00fcks\u0259k siyasi irad\u0259 n\u00fcmayi\u015f etdirmi\u015fl\u0259r. Rayonda h\u0259yata ke\u00e7iril\u0259n siyasi, iqtisadi v\u0259 m\u0259d\u0259ni quruculuq i\u015fl\u0259rind\u0259 YAP \u00fczvl\u0259ri v\u0259 onun t\u0259r\u0259fda\u015flar\u0131 h\u0259mi\u015f\u0259 \u00f6n m\u00f6vqed\u0259 olmu\u015flar.<\/p>\n<p>Partiyan\u0131n s\u0259dri c\u0259nab \u0130lham \u018fliyevin bu g\u00fcn bizim qar\u015f\u0131m\u0131zda qoydu\u011fu bir n\u00f6mr\u0259li v\u0259zif\u0259 xalq \u00fc\u00e7\u00fcn i\u015fl\u0259m\u0259kd\u0259n, xalqa xidm\u0259t etm\u0259kd\u0259n ibar\u0259tdir. Bu m\u0259nada qar\u015f\u0131da daha \u00e7ox v\u0259 daha m\u00fch\u00fcm t\u0259xir\u0259sal\u0131nmaz v\u0259zif\u0259l\u0259r durur. Bu g\u00fcn z\u0259rdabl\u0131lar iqtisadiyyatda, aqrar v\u0259 sosial sah\u0259l\u0259rd\u0259, m\u0259d\u0259ni quruculuq i\u015fl\u0259rind\u0259 daha y\u00fcks\u0259k nailiyy\u0259tl\u0259r qazanmaq \u0259zmind\u0259dirl\u0259r v\u0259 ba\u015fda rayon r\u0259hb\u0259rliyi, Yeni Az\u0259rbaycan Partiyas\u0131n\u0131n f\u0259allar\u0131, partiya \u00fczvl\u0259ri olmaqla, b\u00fct\u00fcn z\u0259rdabl\u0131lar bu amallarla ya\u015fay\u0131r v\u0259 i\u015fl\u0259yirl\u0259r.<\/p>\n<p>Respublikam\u0131z\u0131n h\u0259r yerind\u0259 oldu\u011fu kimi Z\u0259rdabda da 90 illik yubileyi b\u00f6y\u00fck t\u0259nt\u0259n\u0259 il\u0259 qeyd edil\u0259n Ulu \u00d6nd\u0259rimiz Heyd\u0259r \u018fliyevin irsin\u0259 sadiqlik n\u00fcmayi\u015f etdirilm\u0259si bir daha s\u00fcbut edir ki, \u00f6mr\u00fcn\u00fc xalq\u0131na, xalq\u0131n\u0131n xo\u015fb\u0259xt g\u0259l\u0259c\u0259yin\u0259 ba\u011f\u0131\u015flayan \u00fcmummilli lider Heyd\u0259r \u018fliyevin ideyalar\u0131 bu g\u00fcn d\u0259 ya\u015fay\u0131r, sabah da ya\u015fayacaqd\u0131r.<\/p>\n<p>H\u0259l\u0259 sa\u011fl\u0131\u011f\u0131nda Ulu \u00d6nd\u0259rimiz \u0259b\u0259s yer\u0259 dem\u0259yib ki, Yeni Az\u0259rbaycan Partiyas\u0131 d\u00fcn\u0259nin, bu g\u00fcn\u00fcn v\u0259 g\u0259l\u0259c\u0259yin partiyas\u0131d\u0131r.<\/p>\n<p>Sonra Yeni Az\u0259rbaycan Partiyas\u0131n\u0131n Bak\u0131da ke\u00e7iril\u0259c\u0259k 5-ci qurultay\u0131na n\u00fcmay\u0259nd\u0259l\u0259r se\u00e7ildi.<\/p>\n<p>Konfransda Yeni Az\u0259rbaycan Partiyas\u0131 Siyasi \u015euras\u0131n\u0131n \u00fczv\u00fc, Milli M\u0259clisin Aqrar Siyas\u0259t Komit\u0259sinin s\u0259dri Eldar \u0130brahimov, Yeni Az\u0259rbaycan Partiyas\u0131 Siyasi \u015euras\u0131n\u0131n \u00fczv\u00fc, Milli M\u0259clisin T\u0259hl\u00fck\u0259sizlik v\u0259 m\u00fcdafi\u0259 komit\u0259sinin s\u0259dr m\u00fcavini Ayd\u0131n Mirz\u0259zad\u0259 v\u0259 Yeni Az\u0259rbaycan Partiyas\u0131 M\u0259rk\u0259zi Aparat\u0131n\u0131n m\u0259sul i\u015f\u00e7isi H\u0259s\u0259n Da\u015fd\u0259mirov i\u015ftirak edirdi. Eldar \u0130brahimov v\u0259 Ayd\u0131n Mirz\u0259zad\u0259 konfransda \u00e7\u0131x\u0131\u015f etdil\u0259r.<\/p>\n<p><span style=\"color: #ff0000;\"><strong>Z\u0259rdab R\u0130HB Aparat\u0131n\u0131n informasiya t\u0259minat\u0131 v\u0259 t\u0259hlil sektoru<\/strong><\/span><\/p>\n<p><img loading=\"lazy\" decoding=\"async\" class=\"aligncenter size-medium wp-image-10225\" alt=\"Yeni Az\u0259rbaycan Partiyas\u0131 Z\u0259rdab rayon t\u0259\u015fkilat\u0131\" src=\"http:\/\/www.zerdab.com\/wp-content\/uploads\/2013\/05\/Yeni-Az\u0259rbaycan-Partiyas\u0131-Z\u0259rdab-rayon-t\u0259\u015fkilat\u0131-600x398.jpg\" width=\"600\" height=\"398\" \/><\/p>\n<p><img loading=\"lazy\" decoding=\"async\" class=\"aligncenter size-medium wp-image-10228\" alt=\"Yeni Az\u0259rbaycan Partiyas\u0131 Z\u0259rdab rayon t\u0259\u015fkilat\u0131\" src=\"http:\/\/www.zerdab.com\/wp-content\/uploads\/2013\/05\/Yeni-Az\u0259rbaycan-Partiyas\u0131-Z\u0259rdab-rayon-t\u0259\u015fkilat\u0131-6-600x398.jpg\" width=\"600\" height=\"398\" \/><\/p>\n<p><img loading=\"lazy\" decoding=\"async\" class=\"aligncenter size-medium wp-image-10229\" alt=\"Yeni Az\u0259rbaycan Partiyas\u0131 Z\u0259rdab rayon t\u0259\u015fkilat\u0131\" src=\"http:\/\/www.zerdab.com\/wp-content\/uploads\/2013\/05\/Yeni-Az\u0259rbaycan-Partiyas\u0131-Z\u0259rdab-rayon-t\u0259\u015fkilat\u0131-5-600x398.jpg\" width=\"600\" height=\"398\" \/><img loading=\"lazy\" decoding=\"async\" class=\"aligncenter size-medium wp-image-10230\" alt=\"Yeni Az\u0259rbaycan Partiyas\u0131 Z\u0259rdab rayon t\u0259\u015fkilat\u0131\" src=\"http:\/\/www.zerdab.com\/wp-content\/uploads\/2013\/05\/Yeni-Az\u0259rbaycan-Partiyas\u0131-Z\u0259rdab-rayon-t\u0259\u015fkilat\u0131-3-600x398.jpg\" width=\"600\" height=\"398\" \/><\/p>\n<p><img loading=\"lazy\" decoding=\"async\" class=\"aligncenter size-medium wp-image-10231\" alt=\"Yeni Az\u0259rbaycan Partiyas\u0131 Z\u0259rdab rayon t\u0259\u015fkilat\u0131\" src=\"http:\/\/www.zerdab.com\/wp-content\/uploads\/2013\/05\/Yeni-Az\u0259rbaycan-Partiyas\u0131-Z\u0259rdab-rayon-t\u0259\u015fkilat\u0131-1-600x398.jpg\" width=\"600\" height=\"398\" \/><\/p>\n<p><img loading=\"lazy\" decoding=\"async\" class=\"aligncenter size-medium wp-image-10233\" alt=\"Yeni Az\u0259rbaycan Partiyas\u0131 Z\u0259rdab rayon t\u0259\u015fkilat\u0131\" src=\"http:\/\/www.zerdab.com\/wp-content\/uploads\/2013\/05\/Yeni-Az\u0259rbaycan-Partiyas\u0131-Z\u0259rdab-rayon-t\u0259\u015fkilat\u0131-21-600x398.jpg\" width=\"600\" height=\"398\" \/><\/p>\n","protected":false},"excerpt":{"rendered":"<p>\u00a0Yeni Az\u0259rbaycan Partiyas\u0131 (YAP) Z\u0259rdab rayon t\u0259\u015fkilat\u0131n\u0131n 8-ci konfrans\u0131 ke\u00e7irildi. Konfrans i\u015ftirak\u00e7\u0131lar\u0131 \u00f6nc\u0259 Ulu \u00f6nd\u0259r Heyd\u0259r \u018fliyevin abid\u0259si \u00f6n\u00fcn\u0259 g\u00fcl v\u0259 \u00e7i\u00e7\u0259k d\u0259st\u0259l\u0259ri qoydular.\u00a0Yeni Az\u0259rbaycan Partiyas\u0131 Z\u0259rdab rayon t\u0259\u015fkilat\u0131n\u0131n s\u0259dri, Rayon \u0130cra Hakimiyy\u0259ti ba\u015f\u00e7\u0131s\u0131n\u0131n m\u00fcavini-sosial-iqtisadi inki\u015faf\u0131n t\u0259hlili v\u0259 proqnozla\u015fd\u0131r\u0131lmas\u0131 \u00a0\u015f\u00f6b\u0259sinin m\u00fcdiri P\u0259rvin Mahmudova qonaqlar\u0131 v\u0259 konfrans i\u015ftirak\u00e7\u0131lar\u0131n\u0131 salamlad\u0131 v\u0259 konfrans\u0131 a\u00e7\u0131q elan etdi. O, konfransa [&hellip;]<\/p>\n","protected":false},"author":1,"featured_media":0,"comment_status":"open","ping_status":"open","sticky":false,"template":"","format":"standard","meta":{"footnotes":""},"categories":[5],"tags":[],"class_list":{"0":"post-10223","1":"post","2":"type-post","3":"status-publish","4":"format-standard","6":"category-knd"},"yoast_head":"<!-- This site is optimized with the Yoast SEO plugin v27.0 - https:\/\/yoast.com\/product\/yoast-seo-wordpress\/ -->\n<title>Yeni Az\u0259rbaycan Partiyas\u0131 Z\u0259rdab rayon t\u0259\u015fkilat\u0131n\u0131n 8-ci konfrans\u0131 ke\u00e7irildi - Z\u0259rdab.com<\/title>\n<meta name=\"robots\" content=\"index, follow, max-snippet:-1, max-image-preview:large, max-video-preview:-1\" \/>\n<link rel=\"canonical\" href=\"https:\/\/www.zerdab.com\/?p=10223\" \/>\n<meta property=\"og:locale\" content=\"az_AZ\" \/>\n<meta property=\"og:type\" content=\"article\" \/>\n<meta property=\"og:title\" content=\"Yeni Az\u0259rbaycan Partiyas\u0131 Z\u0259rdab rayon t\u0259\u015fkilat\u0131n\u0131n 8-ci konfrans\u0131 ke\u00e7irildi - Z\u0259rdab.com\" \/>\n<meta property=\"og:description\" content=\"\u00a0Yeni Az\u0259rbaycan Partiyas\u0131 (YAP) Z\u0259rdab rayon t\u0259\u015fkilat\u0131n\u0131n 8-ci konfrans\u0131 ke\u00e7irildi. Konfrans i\u015ftirak\u00e7\u0131lar\u0131 \u00f6nc\u0259 Ulu \u00f6nd\u0259r Heyd\u0259r \u018fliyevin abid\u0259si \u00f6n\u00fcn\u0259 g\u00fcl v\u0259 \u00e7i\u00e7\u0259k d\u0259st\u0259l\u0259ri qoydular.\u00a0Yeni Az\u0259rbaycan Partiyas\u0131 Z\u0259rdab rayon t\u0259\u015fkilat\u0131n\u0131n s\u0259dri, Rayon \u0130cra Hakimiyy\u0259ti ba\u015f\u00e7\u0131s\u0131n\u0131n m\u00fcavini-sosial-iqtisadi inki\u015faf\u0131n t\u0259hlili v\u0259 proqnozla\u015fd\u0131r\u0131lmas\u0131 \u00a0\u015f\u00f6b\u0259sinin m\u00fcdiri P\u0259rvin Mahmudova qonaqlar\u0131 v\u0259 konfrans i\u015ftirak\u00e7\u0131lar\u0131n\u0131 salamlad\u0131 v\u0259 konfrans\u0131 a\u00e7\u0131q elan etdi. O, konfransa [&hellip;]\" \/>\n<meta property=\"og:url\" content=\"https:\/\/www.zerdab.com\/?p=10223\" \/>\n<meta property=\"og:site_name\" content=\"Z\u0259rdab.com\" \/>\n<meta property=\"article:published_time\" content=\"2013-05-25T12:14:48+00:00\" \/>\n<meta property=\"article:modified_time\" content=\"2013-05-25T12:20:23+00:00\" \/>\n<meta name=\"author\" content=\"admin\" \/>\n<meta name=\"twitter:card\" content=\"summary_large_image\" \/>\n<meta name=\"twitter:label1\" content=\"Written by\" \/>\n\t<meta name=\"twitter:data1\" content=\"admin\" \/>\n\t<meta name=\"twitter:label2\" content=\"Est. reading time\" \/>\n\t<meta name=\"twitter:data2\" content=\"7 minutes\" \/>\n<script type=\"application\/ld+json\" class=\"yoast-schema-graph\">{\"@context\":\"https:\/\/schema.org\",\"@graph\":[{\"@type\":\"Article\",\"@id\":\"https:\/\/www.zerdab.com\/?p=10223#article\",\"isPartOf\":{\"@id\":\"https:\/\/www.zerdab.com\/?p=10223\"},\"author\":{\"name\":\"admin\",\"@id\":\"https:\/\/www.zerdab.com\/#\/schema\/person\/97079b7570c1e89ec0d9e138c3672136\"},\"headline\":\"Yeni Az\u0259rbaycan Partiyas\u0131 Z\u0259rdab rayon t\u0259\u015fkilat\u0131n\u0131n 8-ci konfrans\u0131 ke\u00e7irildi\",\"datePublished\":\"2013-05-25T12:14:48+00:00\",\"dateModified\":\"2013-05-25T12:20:23+00:00\",\"mainEntityOfPage\":{\"@id\":\"https:\/\/www.zerdab.com\/?p=10223\"},\"wordCount\":1452,\"commentCount\":1,\"articleSection\":[\"X\u018fB\u018fRL\u018fR\"],\"inLanguage\":\"az\",\"potentialAction\":[{\"@type\":\"CommentAction\",\"name\":\"Comment\",\"target\":[\"https:\/\/www.zerdab.com\/?p=10223#respond\"]}]},{\"@type\":\"WebPage\",\"@id\":\"https:\/\/www.zerdab.com\/?p=10223\",\"url\":\"https:\/\/www.zerdab.com\/?p=10223\",\"name\":\"Yeni Az\u0259rbaycan Partiyas\u0131 Z\u0259rdab rayon t\u0259\u015fkilat\u0131n\u0131n 8-ci konfrans\u0131 ke\u00e7irildi - Z\u0259rdab.com\",\"isPartOf\":{\"@id\":\"https:\/\/www.zerdab.com\/#website\"},\"datePublished\":\"2013-05-25T12:14:48+00:00\",\"dateModified\":\"2013-05-25T12:20:23+00:00\",\"author\":{\"@id\":\"https:\/\/www.zerdab.com\/#\/schema\/person\/97079b7570c1e89ec0d9e138c3672136\"},\"breadcrumb\":{\"@id\":\"https:\/\/www.zerdab.com\/?p=10223#breadcrumb\"},\"inLanguage\":\"az\",\"potentialAction\":[{\"@type\":\"ReadAction\",\"target\":[\"https:\/\/www.zerdab.com\/?p=10223\"]}]},{\"@type\":\"BreadcrumbList\",\"@id\":\"https:\/\/www.zerdab.com\/?p=10223#breadcrumb\",\"itemListElement\":[{\"@type\":\"ListItem\",\"position\":1,\"name\":\"Home\",\"item\":\"https:\/\/www.zerdab.com\/\"},{\"@type\":\"ListItem\",\"position\":2,\"name\":\"Yeni Az\u0259rbaycan Partiyas\u0131 Z\u0259rdab rayon t\u0259\u015fkilat\u0131n\u0131n 8-ci konfrans\u0131 ke\u00e7irildi\"}]},{\"@type\":\"WebSite\",\"@id\":\"https:\/\/www.zerdab.com\/#website\",\"url\":\"https:\/\/www.zerdab.com\/\",\"name\":\"Z\u0259rdab.com\",\"description\":\"\",\"potentialAction\":[{\"@type\":\"SearchAction\",\"target\":{\"@type\":\"EntryPoint\",\"urlTemplate\":\"https:\/\/www.zerdab.com\/?s={search_term_string}\"},\"query-input\":{\"@type\":\"PropertyValueSpecification\",\"valueRequired\":true,\"valueName\":\"search_term_string\"}}],\"inLanguage\":\"az\"},{\"@type\":\"Person\",\"@id\":\"https:\/\/www.zerdab.com\/#\/schema\/person\/97079b7570c1e89ec0d9e138c3672136\",\"name\":\"admin\",\"image\":{\"@type\":\"ImageObject\",\"inLanguage\":\"az\",\"@id\":\"https:\/\/www.zerdab.com\/#\/schema\/person\/image\/\",\"url\":\"https:\/\/secure.gravatar.com\/avatar\/d9c52a9a27c32119cb6679a077fa3e2779e5f822c451cbf01098004361d466ec?s=96&d=mm&r=g\",\"contentUrl\":\"https:\/\/secure.gravatar.com\/avatar\/d9c52a9a27c32119cb6679a077fa3e2779e5f822c451cbf01098004361d466ec?s=96&d=mm&r=g\",\"caption\":\"admin\"},\"url\":\"https:\/\/www.zerdab.com\/?author=1\"}]}<\/script>\n<!-- \/ Yoast SEO plugin. -->","yoast_head_json":{"title":"Yeni Az\u0259rbaycan Partiyas\u0131 Z\u0259rdab rayon t\u0259\u015fkilat\u0131n\u0131n 8-ci konfrans\u0131 ke\u00e7irildi - Z\u0259rdab.com","robots":{"index":"index","follow":"follow","max-snippet":"max-snippet:-1","max-image-preview":"max-image-preview:large","max-video-preview":"max-video-preview:-1"},"canonical":"https:\/\/www.zerdab.com\/?p=10223","og_locale":"az_AZ","og_type":"article","og_title":"Yeni Az\u0259rbaycan Partiyas\u0131 Z\u0259rdab rayon t\u0259\u015fkilat\u0131n\u0131n 8-ci konfrans\u0131 ke\u00e7irildi - Z\u0259rdab.com","og_description":"\u00a0Yeni Az\u0259rbaycan Partiyas\u0131 (YAP) Z\u0259rdab rayon t\u0259\u015fkilat\u0131n\u0131n 8-ci konfrans\u0131 ke\u00e7irildi. Konfrans i\u015ftirak\u00e7\u0131lar\u0131 \u00f6nc\u0259 Ulu \u00f6nd\u0259r Heyd\u0259r \u018fliyevin abid\u0259si \u00f6n\u00fcn\u0259 g\u00fcl v\u0259 \u00e7i\u00e7\u0259k d\u0259st\u0259l\u0259ri qoydular.\u00a0Yeni Az\u0259rbaycan Partiyas\u0131 Z\u0259rdab rayon t\u0259\u015fkilat\u0131n\u0131n s\u0259dri, Rayon \u0130cra Hakimiyy\u0259ti ba\u015f\u00e7\u0131s\u0131n\u0131n m\u00fcavini-sosial-iqtisadi inki\u015faf\u0131n t\u0259hlili v\u0259 proqnozla\u015fd\u0131r\u0131lmas\u0131 \u00a0\u015f\u00f6b\u0259sinin m\u00fcdiri P\u0259rvin Mahmudova qonaqlar\u0131 v\u0259 konfrans i\u015ftirak\u00e7\u0131lar\u0131n\u0131 salamlad\u0131 v\u0259 konfrans\u0131 a\u00e7\u0131q elan etdi. O, konfransa [&hellip;]","og_url":"https:\/\/www.zerdab.com\/?p=10223","og_site_name":"Z\u0259rdab.com","article_published_time":"2013-05-25T12:14:48+00:00","article_modified_time":"2013-05-25T12:20:23+00:00","author":"admin","twitter_card":"summary_large_image","twitter_misc":{"Written by":"admin","Est. reading time":"7 minutes"},"schema":{"@context":"https:\/\/schema.org","@graph":[{"@type":"Article","@id":"https:\/\/www.zerdab.com\/?p=10223#article","isPartOf":{"@id":"https:\/\/www.zerdab.com\/?p=10223"},"author":{"name":"admin","@id":"https:\/\/www.zerdab.com\/#\/schema\/person\/97079b7570c1e89ec0d9e138c3672136"},"headline":"Yeni Az\u0259rbaycan Partiyas\u0131 Z\u0259rdab rayon t\u0259\u015fkilat\u0131n\u0131n 8-ci konfrans\u0131 ke\u00e7irildi","datePublished":"2013-05-25T12:14:48+00:00","dateModified":"2013-05-25T12:20:23+00:00","mainEntityOfPage":{"@id":"https:\/\/www.zerdab.com\/?p=10223"},"wordCount":1452,"commentCount":1,"articleSection":["X\u018fB\u018fRL\u018fR"],"inLanguage":"az","potentialAction":[{"@type":"CommentAction","name":"Comment","target":["https:\/\/www.zerdab.com\/?p=10223#respond"]}]},{"@type":"WebPage","@id":"https:\/\/www.zerdab.com\/?p=10223","url":"https:\/\/www.zerdab.com\/?p=10223","name":"Yeni Az\u0259rbaycan Partiyas\u0131 Z\u0259rdab rayon t\u0259\u015fkilat\u0131n\u0131n 8-ci konfrans\u0131 ke\u00e7irildi - Z\u0259rdab.com","isPartOf":{"@id":"https:\/\/www.zerdab.com\/#website"},"datePublished":"2013-05-25T12:14:48+00:00","dateModified":"2013-05-25T12:20:23+00:00","author":{"@id":"https:\/\/www.zerdab.com\/#\/schema\/person\/97079b7570c1e89ec0d9e138c3672136"},"breadcrumb":{"@id":"https:\/\/www.zerdab.com\/?p=10223#breadcrumb"},"inLanguage":"az","potentialAction":[{"@type":"ReadAction","target":["https:\/\/www.zerdab.com\/?p=10223"]}]},{"@type":"BreadcrumbList","@id":"https:\/\/www.zerdab.com\/?p=10223#breadcrumb","itemListElement":[{"@type":"ListItem","position":1,"name":"Home","item":"https:\/\/www.zerdab.com\/"},{"@type":"ListItem","position":2,"name":"Yeni Az\u0259rbaycan Partiyas\u0131 Z\u0259rdab rayon t\u0259\u015fkilat\u0131n\u0131n 8-ci konfrans\u0131 ke\u00e7irildi"}]},{"@type":"WebSite","@id":"https:\/\/www.zerdab.com\/#website","url":"https:\/\/www.zerdab.com\/","name":"Z\u0259rdab.com","description":"","potentialAction":[{"@type":"SearchAction","target":{"@type":"EntryPoint","urlTemplate":"https:\/\/www.zerdab.com\/?s={search_term_string}"},"query-input":{"@type":"PropertyValueSpecification","valueRequired":true,"valueName":"search_term_string"}}],"inLanguage":"az"},{"@type":"Person","@id":"https:\/\/www.zerdab.com\/#\/schema\/person\/97079b7570c1e89ec0d9e138c3672136","name":"admin","image":{"@type":"ImageObject","inLanguage":"az","@id":"https:\/\/www.zerdab.com\/#\/schema\/person\/image\/","url":"https:\/\/secure.gravatar.com\/avatar\/d9c52a9a27c32119cb6679a077fa3e2779e5f822c451cbf01098004361d466ec?s=96&d=mm&r=g","contentUrl":"https:\/\/secure.gravatar.com\/avatar\/d9c52a9a27c32119cb6679a077fa3e2779e5f822c451cbf01098004361d466ec?s=96&d=mm&r=g","caption":"admin"},"url":"https:\/\/www.zerdab.com\/?author=1"}]}},"_links":{"self":[{"href":"https:\/\/www.zerdab.com\/index.php?rest_route=\/wp\/v2\/posts\/10223","targetHints":{"allow":["GET"]}}],"collection":[{"href":"https:\/\/www.zerdab.com\/index.php?rest_route=\/wp\/v2\/posts"}],"about":[{"href":"https:\/\/www.zerdab.com\/index.php?rest_route=\/wp\/v2\/types\/post"}],"author":[{"embeddable":true,"href":"https:\/\/www.zerdab.com\/index.php?rest_route=\/wp\/v2\/users\/1"}],"replies":[{"embeddable":true,"href":"https:\/\/www.zerdab.com\/index.php?rest_route=%2Fwp%2Fv2%2Fcomments&post=10223"}],"version-history":[{"count":3,"href":"https:\/\/www.zerdab.com\/index.php?rest_route=\/wp\/v2\/posts\/10223\/revisions"}],"predecessor-version":[{"id":10227,"href":"https:\/\/www.zerdab.com\/index.php?rest_route=\/wp\/v2\/posts\/10223\/revisions\/10227"}],"wp:attachment":[{"href":"https:\/\/www.zerdab.com\/index.php?rest_route=%2Fwp%2Fv2%2Fmedia&parent=10223"}],"wp:term":[{"taxonomy":"category","embeddable":true,"href":"https:\/\/www.zerdab.com\/index.php?rest_route=%2Fwp%2Fv2%2Fcategories&post=10223"},{"taxonomy":"post_tag","embeddable":true,"href":"https:\/\/www.zerdab.com\/index.php?rest_route=%2Fwp%2Fv2%2Ftags&post=10223"}],"curies":[{"name":"wp","href":"https:\/\/api.w.org\/{rel}","templated":true}]}}