{"id":10270,"date":"2013-05-27T16:15:57","date_gmt":"2013-05-27T11:15:57","guid":{"rendered":"http:\/\/www.zerdab.com\/?p=10270"},"modified":"2013-05-27T16:15:57","modified_gmt":"2013-05-27T11:15:57","slug":"ucar-z%c9%99rdab-agcab%c9%99di-magistral-yolunun-tikintisin%c9%99-baslanacaq","status":"publish","type":"post","link":"https:\/\/www.zerdab.com\/?p=10270","title":{"rendered":"Ucar-Z\u0259rdab-A\u011fcab\u0259di magistral yolunun tikintisin\u0259 ba\u015flanacaq"},"content":{"rendered":"<figure id=\"attachment_10271\" aria-describedby=\"caption-attachment-10271\" style=\"width: 600px\" class=\"wp-caption aligncenter\"><img loading=\"lazy\" decoding=\"async\" class=\"size-medium wp-image-10271\" alt=\"Zerdab-Ucar\" src=\"http:\/\/www.zerdab.com\/wp-content\/uploads\/2013\/05\/Zerdab-Ucar-600x399.jpg\" width=\"600\" height=\"399\" \/><figcaption id=\"caption-attachment-10271\" class=\"wp-caption-text\"><span style=\"color: #ff0000;\"><strong>FOTO: ZERDAB.COM<\/strong><\/span><\/figcaption><\/figure>\n<p><span style=\"color: #0000ff;\"><strong>Ucar &#8211; Z\u0259rdab yolu yenid\u0259n b\u0259rbad v\u0259ziyy\u0259t\u0259 d\u00fc\u015f\u00fcb. APA &#8211; n\u0131n yerli b\u00fcrosunun m\u0259lumat\u0131na g\u00f6r\u0259, 3-4 ay bundan \u0259vv\u0259l \u0259sasl\u0131 t\u0259mir olunmu\u015f yolda yaranan problem b\u00fct\u00fcn n\u00f6v n\u0259qliyyat vasit\u0259l\u0259rinin h\u0259r\u0259k\u0259tind\u0259 \u00e7\u0259tinlikl\u0259r t\u00f6r\u0259dir.<\/strong><\/span><\/p>\n<p>Yollarda yaranm\u0131\u015f iri \u00e7uxurlar, asfalt \u00f6rt\u00fcy\u00fcn\u00fcn da\u011f\u0131lmas\u0131 s\u0259b\u0259bind\u0259n s\u00fcr\u00fcc\u00fcl\u0259r \u0259vv\u0259ll\u0259r 20 d\u0259qiq\u0259y\u0259 q\u0259t etdikl\u0259ri yolu haz\u0131rda 50 &#8211; 60 d\u0259qiq\u0259y\u0259 getm\u0259li olurlar.<\/p>\n<p>S\u00fcr\u00fcc\u00fcl\u0259rin s\u00f6zl\u0259rin\u0259 g\u00f6r\u0259, son g\u00fcnl\u0259r Ucar Yol istismar \u0130dar\u0259si t\u0259r\u0259find\u0259n Ucar &#8211; Z\u0259rdab \u0259sas magistral yolunda m\u00fct\u0259madi olaraq t\u0259mir i\u015fl\u0259ri apar\u0131lsa da, iri tutumlu y\u00fck ma\u015f\u0131nlar\u0131n\u0131n a\u011f\u0131rl\u0131\u011f\u0131na tab g\u0259tirm\u0259y\u0259r\u0259k yolda yenid\u0259n \u00e7uxurlar \u0259m\u0259l\u0259 g\u0259lib.<\/p>\n<p>Ucar rayon 31 sayl\u0131 Yol &#8211; istismar \u0130dar\u0259sinin m\u00fcdiri Vaqif Nuriyev APA-ya a\u00e7\u0131qlamas\u0131nda bildirib ki, m\u0259s\u0259l\u0259 il\u0259 ba\u011fl\u0131 m\u00fcvafiq orqanlara m\u00fcraci\u0259t olunub, art\u0131q bu ilin sonlar\u0131nda 75 kilometrlik Ucar &#8211; Z\u0259rdab &#8211; A\u011fcab\u0259di \u0259sas magistral yolunun tikintisin\u0259 ba\u015flanacaq. V. Nuriyevin s\u00f6zl\u0259rin\u0259 g\u00f6r\u0259, h\u0259tta yollar\u0131n bir q\u0259d\u0259r geni\u015fl\u0259ndirilm\u0259si n\u0259z\u0259rd\u0259 tutulur.<\/p>\n","protected":false},"excerpt":{"rendered":"<p>Ucar &#8211; Z\u0259rdab yolu yenid\u0259n b\u0259rbad v\u0259ziyy\u0259t\u0259 d\u00fc\u015f\u00fcb. APA &#8211; n\u0131n yerli b\u00fcrosunun m\u0259lumat\u0131na g\u00f6r\u0259, 3-4 ay bundan \u0259vv\u0259l \u0259sasl\u0131 t\u0259mir olunmu\u015f yolda yaranan problem b\u00fct\u00fcn n\u00f6v n\u0259qliyyat vasit\u0259l\u0259rinin h\u0259r\u0259k\u0259tind\u0259 \u00e7\u0259tinlikl\u0259r t\u00f6r\u0259dir. Yollarda yaranm\u0131\u015f iri \u00e7uxurlar, asfalt \u00f6rt\u00fcy\u00fcn\u00fcn da\u011f\u0131lmas\u0131 s\u0259b\u0259bind\u0259n s\u00fcr\u00fcc\u00fcl\u0259r \u0259vv\u0259ll\u0259r 20 d\u0259qiq\u0259y\u0259 q\u0259t etdikl\u0259ri yolu haz\u0131rda 50 &#8211; 60 d\u0259qiq\u0259y\u0259 getm\u0259li olurlar. S\u00fcr\u00fcc\u00fcl\u0259rin [&hellip;]<\/p>\n","protected":false},"author":1,"featured_media":0,"comment_status":"open","ping_status":"open","sticky":false,"template":"","format":"standard","meta":{"footnotes":""},"categories":[5],"tags":[],"class_list":{"0":"post-10270","1":"post","2":"type-post","3":"status-publish","4":"format-standard","6":"category-knd"},"yoast_head":"<!-- This site is optimized with the Yoast SEO plugin v27.0 - https:\/\/yoast.com\/product\/yoast-seo-wordpress\/ -->\n<title>Ucar-Z\u0259rdab-A\u011fcab\u0259di magistral yolunun tikintisin\u0259 ba\u015flanacaq - Z\u0259rdab.com<\/title>\n<meta name=\"robots\" content=\"index, follow, max-snippet:-1, max-image-preview:large, max-video-preview:-1\" \/>\n<link rel=\"canonical\" href=\"https:\/\/www.zerdab.com\/?p=10270\" \/>\n<meta property=\"og:locale\" content=\"az_AZ\" \/>\n<meta property=\"og:type\" content=\"article\" \/>\n<meta property=\"og:title\" content=\"Ucar-Z\u0259rdab-A\u011fcab\u0259di magistral yolunun tikintisin\u0259 ba\u015flanacaq - Z\u0259rdab.com\" \/>\n<meta property=\"og:description\" content=\"Ucar &#8211; Z\u0259rdab yolu yenid\u0259n b\u0259rbad v\u0259ziyy\u0259t\u0259 d\u00fc\u015f\u00fcb. APA &#8211; n\u0131n yerli b\u00fcrosunun m\u0259lumat\u0131na g\u00f6r\u0259, 3-4 ay bundan \u0259vv\u0259l \u0259sasl\u0131 t\u0259mir olunmu\u015f yolda yaranan problem b\u00fct\u00fcn n\u00f6v n\u0259qliyyat vasit\u0259l\u0259rinin h\u0259r\u0259k\u0259tind\u0259 \u00e7\u0259tinlikl\u0259r t\u00f6r\u0259dir. Yollarda yaranm\u0131\u015f iri \u00e7uxurlar, asfalt \u00f6rt\u00fcy\u00fcn\u00fcn da\u011f\u0131lmas\u0131 s\u0259b\u0259bind\u0259n s\u00fcr\u00fcc\u00fcl\u0259r \u0259vv\u0259ll\u0259r 20 d\u0259qiq\u0259y\u0259 q\u0259t etdikl\u0259ri yolu haz\u0131rda 50 &#8211; 60 d\u0259qiq\u0259y\u0259 getm\u0259li olurlar. S\u00fcr\u00fcc\u00fcl\u0259rin [&hellip;]\" \/>\n<meta property=\"og:url\" content=\"https:\/\/www.zerdab.com\/?p=10270\" \/>\n<meta property=\"og:site_name\" content=\"Z\u0259rdab.com\" \/>\n<meta property=\"article:published_time\" content=\"2013-05-27T11:15:57+00:00\" \/>\n<meta property=\"og:image\" content=\"http:\/\/www.zerdab.com\/wp-content\/uploads\/2013\/05\/Zerdab-Ucar-600x399.jpg\" \/>\n<meta name=\"author\" content=\"admin\" \/>\n<meta name=\"twitter:card\" content=\"summary_large_image\" \/>\n<meta name=\"twitter:label1\" content=\"Written by\" \/>\n\t<meta name=\"twitter:data1\" content=\"admin\" \/>\n\t<meta name=\"twitter:label2\" content=\"Est. reading time\" \/>\n\t<meta name=\"twitter:data2\" content=\"1 minute\" \/>\n<script type=\"application\/ld+json\" class=\"yoast-schema-graph\">{\"@context\":\"https:\/\/schema.org\",\"@graph\":[{\"@type\":\"Article\",\"@id\":\"https:\/\/www.zerdab.com\/?p=10270#article\",\"isPartOf\":{\"@id\":\"https:\/\/www.zerdab.com\/?p=10270\"},\"author\":{\"name\":\"admin\",\"@id\":\"https:\/\/www.zerdab.com\/#\/schema\/person\/97079b7570c1e89ec0d9e138c3672136\"},\"headline\":\"Ucar-Z\u0259rdab-A\u011fcab\u0259di magistral yolunun tikintisin\u0259 ba\u015flanacaq\",\"datePublished\":\"2013-05-27T11:15:57+00:00\",\"mainEntityOfPage\":{\"@id\":\"https:\/\/www.zerdab.com\/?p=10270\"},\"wordCount\":258,\"commentCount\":8,\"image\":{\"@id\":\"https:\/\/www.zerdab.com\/?p=10270#primaryimage\"},\"thumbnailUrl\":\"http:\/\/www.zerdab.com\/wp-content\/uploads\/2013\/05\/Zerdab-Ucar-600x399.jpg\",\"articleSection\":[\"X\u018fB\u018fRL\u018fR\"],\"inLanguage\":\"az\",\"potentialAction\":[{\"@type\":\"CommentAction\",\"name\":\"Comment\",\"target\":[\"https:\/\/www.zerdab.com\/?p=10270#respond\"]}]},{\"@type\":\"WebPage\",\"@id\":\"https:\/\/www.zerdab.com\/?p=10270\",\"url\":\"https:\/\/www.zerdab.com\/?p=10270\",\"name\":\"Ucar-Z\u0259rdab-A\u011fcab\u0259di magistral yolunun tikintisin\u0259 ba\u015flanacaq - Z\u0259rdab.com\",\"isPartOf\":{\"@id\":\"https:\/\/www.zerdab.com\/#website\"},\"primaryImageOfPage\":{\"@id\":\"https:\/\/www.zerdab.com\/?p=10270#primaryimage\"},\"image\":{\"@id\":\"https:\/\/www.zerdab.com\/?p=10270#primaryimage\"},\"thumbnailUrl\":\"http:\/\/www.zerdab.com\/wp-content\/uploads\/2013\/05\/Zerdab-Ucar-600x399.jpg\",\"datePublished\":\"2013-05-27T11:15:57+00:00\",\"author\":{\"@id\":\"https:\/\/www.zerdab.com\/#\/schema\/person\/97079b7570c1e89ec0d9e138c3672136\"},\"breadcrumb\":{\"@id\":\"https:\/\/www.zerdab.com\/?p=10270#breadcrumb\"},\"inLanguage\":\"az\",\"potentialAction\":[{\"@type\":\"ReadAction\",\"target\":[\"https:\/\/www.zerdab.com\/?p=10270\"]}]},{\"@type\":\"ImageObject\",\"inLanguage\":\"az\",\"@id\":\"https:\/\/www.zerdab.com\/?p=10270#primaryimage\",\"url\":\"\",\"contentUrl\":\"\"},{\"@type\":\"BreadcrumbList\",\"@id\":\"https:\/\/www.zerdab.com\/?p=10270#breadcrumb\",\"itemListElement\":[{\"@type\":\"ListItem\",\"position\":1,\"name\":\"Home\",\"item\":\"https:\/\/www.zerdab.com\/\"},{\"@type\":\"ListItem\",\"position\":2,\"name\":\"Ucar-Z\u0259rdab-A\u011fcab\u0259di magistral yolunun tikintisin\u0259 ba\u015flanacaq\"}]},{\"@type\":\"WebSite\",\"@id\":\"https:\/\/www.zerdab.com\/#website\",\"url\":\"https:\/\/www.zerdab.com\/\",\"name\":\"Z\u0259rdab.com\",\"description\":\"\",\"potentialAction\":[{\"@type\":\"SearchAction\",\"target\":{\"@type\":\"EntryPoint\",\"urlTemplate\":\"https:\/\/www.zerdab.com\/?s={search_term_string}\"},\"query-input\":{\"@type\":\"PropertyValueSpecification\",\"valueRequired\":true,\"valueName\":\"search_term_string\"}}],\"inLanguage\":\"az\"},{\"@type\":\"Person\",\"@id\":\"https:\/\/www.zerdab.com\/#\/schema\/person\/97079b7570c1e89ec0d9e138c3672136\",\"name\":\"admin\",\"image\":{\"@type\":\"ImageObject\",\"inLanguage\":\"az\",\"@id\":\"https:\/\/www.zerdab.com\/#\/schema\/person\/image\/\",\"url\":\"https:\/\/secure.gravatar.com\/avatar\/d9c52a9a27c32119cb6679a077fa3e2779e5f822c451cbf01098004361d466ec?s=96&d=mm&r=g\",\"contentUrl\":\"https:\/\/secure.gravatar.com\/avatar\/d9c52a9a27c32119cb6679a077fa3e2779e5f822c451cbf01098004361d466ec?s=96&d=mm&r=g\",\"caption\":\"admin\"},\"url\":\"https:\/\/www.zerdab.com\/?author=1\"}]}<\/script>\n<!-- \/ Yoast SEO plugin. -->","yoast_head_json":{"title":"Ucar-Z\u0259rdab-A\u011fcab\u0259di magistral yolunun tikintisin\u0259 ba\u015flanacaq - Z\u0259rdab.com","robots":{"index":"index","follow":"follow","max-snippet":"max-snippet:-1","max-image-preview":"max-image-preview:large","max-video-preview":"max-video-preview:-1"},"canonical":"https:\/\/www.zerdab.com\/?p=10270","og_locale":"az_AZ","og_type":"article","og_title":"Ucar-Z\u0259rdab-A\u011fcab\u0259di magistral yolunun tikintisin\u0259 ba\u015flanacaq - Z\u0259rdab.com","og_description":"Ucar &#8211; Z\u0259rdab yolu yenid\u0259n b\u0259rbad v\u0259ziyy\u0259t\u0259 d\u00fc\u015f\u00fcb. APA &#8211; n\u0131n yerli b\u00fcrosunun m\u0259lumat\u0131na g\u00f6r\u0259, 3-4 ay bundan \u0259vv\u0259l \u0259sasl\u0131 t\u0259mir olunmu\u015f yolda yaranan problem b\u00fct\u00fcn n\u00f6v n\u0259qliyyat vasit\u0259l\u0259rinin h\u0259r\u0259k\u0259tind\u0259 \u00e7\u0259tinlikl\u0259r t\u00f6r\u0259dir. Yollarda yaranm\u0131\u015f iri \u00e7uxurlar, asfalt \u00f6rt\u00fcy\u00fcn\u00fcn da\u011f\u0131lmas\u0131 s\u0259b\u0259bind\u0259n s\u00fcr\u00fcc\u00fcl\u0259r \u0259vv\u0259ll\u0259r 20 d\u0259qiq\u0259y\u0259 q\u0259t etdikl\u0259ri yolu haz\u0131rda 50 &#8211; 60 d\u0259qiq\u0259y\u0259 getm\u0259li olurlar. S\u00fcr\u00fcc\u00fcl\u0259rin [&hellip;]","og_url":"https:\/\/www.zerdab.com\/?p=10270","og_site_name":"Z\u0259rdab.com","article_published_time":"2013-05-27T11:15:57+00:00","og_image":[{"url":"http:\/\/www.zerdab.com\/wp-content\/uploads\/2013\/05\/Zerdab-Ucar-600x399.jpg","type":"","width":"","height":""}],"author":"admin","twitter_card":"summary_large_image","twitter_misc":{"Written by":"admin","Est. reading time":"1 minute"},"schema":{"@context":"https:\/\/schema.org","@graph":[{"@type":"Article","@id":"https:\/\/www.zerdab.com\/?p=10270#article","isPartOf":{"@id":"https:\/\/www.zerdab.com\/?p=10270"},"author":{"name":"admin","@id":"https:\/\/www.zerdab.com\/#\/schema\/person\/97079b7570c1e89ec0d9e138c3672136"},"headline":"Ucar-Z\u0259rdab-A\u011fcab\u0259di magistral yolunun tikintisin\u0259 ba\u015flanacaq","datePublished":"2013-05-27T11:15:57+00:00","mainEntityOfPage":{"@id":"https:\/\/www.zerdab.com\/?p=10270"},"wordCount":258,"commentCount":8,"image":{"@id":"https:\/\/www.zerdab.com\/?p=10270#primaryimage"},"thumbnailUrl":"http:\/\/www.zerdab.com\/wp-content\/uploads\/2013\/05\/Zerdab-Ucar-600x399.jpg","articleSection":["X\u018fB\u018fRL\u018fR"],"inLanguage":"az","potentialAction":[{"@type":"CommentAction","name":"Comment","target":["https:\/\/www.zerdab.com\/?p=10270#respond"]}]},{"@type":"WebPage","@id":"https:\/\/www.zerdab.com\/?p=10270","url":"https:\/\/www.zerdab.com\/?p=10270","name":"Ucar-Z\u0259rdab-A\u011fcab\u0259di magistral yolunun tikintisin\u0259 ba\u015flanacaq - Z\u0259rdab.com","isPartOf":{"@id":"https:\/\/www.zerdab.com\/#website"},"primaryImageOfPage":{"@id":"https:\/\/www.zerdab.com\/?p=10270#primaryimage"},"image":{"@id":"https:\/\/www.zerdab.com\/?p=10270#primaryimage"},"thumbnailUrl":"http:\/\/www.zerdab.com\/wp-content\/uploads\/2013\/05\/Zerdab-Ucar-600x399.jpg","datePublished":"2013-05-27T11:15:57+00:00","author":{"@id":"https:\/\/www.zerdab.com\/#\/schema\/person\/97079b7570c1e89ec0d9e138c3672136"},"breadcrumb":{"@id":"https:\/\/www.zerdab.com\/?p=10270#breadcrumb"},"inLanguage":"az","potentialAction":[{"@type":"ReadAction","target":["https:\/\/www.zerdab.com\/?p=10270"]}]},{"@type":"ImageObject","inLanguage":"az","@id":"https:\/\/www.zerdab.com\/?p=10270#primaryimage","url":"","contentUrl":""},{"@type":"BreadcrumbList","@id":"https:\/\/www.zerdab.com\/?p=10270#breadcrumb","itemListElement":[{"@type":"ListItem","position":1,"name":"Home","item":"https:\/\/www.zerdab.com\/"},{"@type":"ListItem","position":2,"name":"Ucar-Z\u0259rdab-A\u011fcab\u0259di magistral yolunun tikintisin\u0259 ba\u015flanacaq"}]},{"@type":"WebSite","@id":"https:\/\/www.zerdab.com\/#website","url":"https:\/\/www.zerdab.com\/","name":"Z\u0259rdab.com","description":"","potentialAction":[{"@type":"SearchAction","target":{"@type":"EntryPoint","urlTemplate":"https:\/\/www.zerdab.com\/?s={search_term_string}"},"query-input":{"@type":"PropertyValueSpecification","valueRequired":true,"valueName":"search_term_string"}}],"inLanguage":"az"},{"@type":"Person","@id":"https:\/\/www.zerdab.com\/#\/schema\/person\/97079b7570c1e89ec0d9e138c3672136","name":"admin","image":{"@type":"ImageObject","inLanguage":"az","@id":"https:\/\/www.zerdab.com\/#\/schema\/person\/image\/","url":"https:\/\/secure.gravatar.com\/avatar\/d9c52a9a27c32119cb6679a077fa3e2779e5f822c451cbf01098004361d466ec?s=96&d=mm&r=g","contentUrl":"https:\/\/secure.gravatar.com\/avatar\/d9c52a9a27c32119cb6679a077fa3e2779e5f822c451cbf01098004361d466ec?s=96&d=mm&r=g","caption":"admin"},"url":"https:\/\/www.zerdab.com\/?author=1"}]}},"_links":{"self":[{"href":"https:\/\/www.zerdab.com\/index.php?rest_route=\/wp\/v2\/posts\/10270","targetHints":{"allow":["GET"]}}],"collection":[{"href":"https:\/\/www.zerdab.com\/index.php?rest_route=\/wp\/v2\/posts"}],"about":[{"href":"https:\/\/www.zerdab.com\/index.php?rest_route=\/wp\/v2\/types\/post"}],"author":[{"embeddable":true,"href":"https:\/\/www.zerdab.com\/index.php?rest_route=\/wp\/v2\/users\/1"}],"replies":[{"embeddable":true,"href":"https:\/\/www.zerdab.com\/index.php?rest_route=%2Fwp%2Fv2%2Fcomments&post=10270"}],"version-history":[{"count":1,"href":"https:\/\/www.zerdab.com\/index.php?rest_route=\/wp\/v2\/posts\/10270\/revisions"}],"predecessor-version":[{"id":10272,"href":"https:\/\/www.zerdab.com\/index.php?rest_route=\/wp\/v2\/posts\/10270\/revisions\/10272"}],"wp:attachment":[{"href":"https:\/\/www.zerdab.com\/index.php?rest_route=%2Fwp%2Fv2%2Fmedia&parent=10270"}],"wp:term":[{"taxonomy":"category","embeddable":true,"href":"https:\/\/www.zerdab.com\/index.php?rest_route=%2Fwp%2Fv2%2Fcategories&post=10270"},{"taxonomy":"post_tag","embeddable":true,"href":"https:\/\/www.zerdab.com\/index.php?rest_route=%2Fwp%2Fv2%2Ftags&post=10270"}],"curies":[{"name":"wp","href":"https:\/\/api.w.org\/{rel}","templated":true}]}}