{"id":10314,"date":"2013-05-29T10:37:56","date_gmt":"2013-05-29T05:37:56","guid":{"rendered":"http:\/\/www.zerdab.com\/?p=10314"},"modified":"2013-05-29T10:37:56","modified_gmt":"2013-05-29T05:37:56","slug":"z%c9%99rdab-rayonunda-bayram-t%c9%99dbiri-fotolar","status":"publish","type":"post","link":"https:\/\/www.zerdab.com\/?p=10314","title":{"rendered":"Z\u0259rdab rayonunda bayram t\u0259dbiri &#8211; fotolar"},"content":{"rendered":"<p><span style=\"color: #0000ff;\"><strong><img loading=\"lazy\" decoding=\"async\" class=\"aligncenter size-medium wp-image-10315\" alt=\"Respublika Gunu\" src=\"http:\/\/www.zerdab.com\/wp-content\/uploads\/2013\/05\/28-May-Respublika-Gunu--600x398.jpg\" width=\"600\" height=\"398\" \/>28 may Respublika g\u00fcn\u00fc Z\u0259rdab rayonunda t\u0259nt\u0259n\u0259li \u015f\u0259kild\u0259 qeyd olunub.<\/strong> <\/span>Rayon ictimaiyy\u0259tinin n\u00fcmay\u0259nd\u0259l\u0259ri \u0259vv\u0259lc\u0259 \u00dcmummilli liderimiz Heyd\u0259r \u018fliyevin abid\u0259si \u00f6n\u00fcn\u0259 g\u00fcl d\u0259st\u0259l\u0259ri d\u00fcz\u00fcbl\u0259r. Zerdab.com sayt\u0131na veril\u0259n m\u0259lumata g\u00f6r\u0259, bayram toplant\u0131s\u0131nda Z\u0259rdab rayon \u0130cra Hakimiyy\u0259tinin ba\u015f\u00e7\u0131s\u0131 L\u00fctv\u0259li Babayev \u00e7\u0131x\u0131\u015f ed\u0259r\u0259k Az\u0259rbaycan demokratik Respublikas\u0131n\u0131n yaranma tarixi v\u0259 f\u0259aliyy\u0259ti bar\u0259d\u0259 \u0259trafl\u0131 m\u0259lumat verib. Bildirib ki, 95 il \u0259vv\u0259l may\u0131n 28-d\u0259 \u015e\u0259rqd\u0259 ilk demokratik respublikan\u0131n h\u0259yata v\u0259siq\u0259 almas\u0131 q\u0259dim d\u00f6vl\u0259t\u00e7ilik \u0259n\u0259n\u0259l\u0259rin\u0259 malik xalq\u0131m\u0131z\u0131n milli azadl\u0131q arzusunun t\u0259c\u0259ss\u00fcm\u00fc olub. Az\u0259rbaycan Xalq C\u00fcmhuriyy\u0259ti c\u0259mi 23 ay ya\u015fay\u0131b f\u0259aliyy\u0259t g\u00f6st\u0259rs\u0259 d\u0259 bir \u00e7ox sah\u0259l\u0259rd\u0259 \u00f6n\u0259mli \u0259n\u0259n\u0259l\u0259rin \u0259sas\u0131n\u0131 qoyub. Bel\u0259 ki, parlament idar\u0259\u00e7iliyinin \u0259saslar\u0131 yarad\u0131l\u0131b. D\u00f6vl\u0259tin ba\u015f\u0131nda m\u00fcxt\u0259lif siyasi partiyalar\u0131, etnik qruplar\u0131 t\u0259msil ed\u0259n parlament v\u0259 onun qar\u015f\u0131s\u0131nda hesabat ver\u0259n h\u00f6kum\u0259t qurulub. Tariximizin bu s\u0259hif\u0259l\u0259ri h\u0259r bir az\u0259rbaycanl\u0131 \u00fc\u00e7\u00fcn olduqca \u0259zizdir. Rayon r\u0259hb\u0259ri m\u00fcst\u0259qillik ill\u0259rind\u0259 \u0259ld\u0259 etdiyimiz u\u011furlardan da s\u00f6z a\u00e7\u0131b. Bildirib ki, m\u00fcst\u0259qil Az\u0259rbaycan\u0131n memar\u0131, qurucusu v\u0259 yarad\u0131c\u0131s\u0131 Heyd\u0259r \u018fliyev t\u0259r\u0259find\u0259n \u0259sas\u0131 qoyulan siyasi kursun u\u011furla davam etdirilm\u0259si n\u0259tic\u0259sind\u0259 \u00f6lk\u0259miz d\u00fcnyan\u0131n inki\u015faf etmi\u015f d\u00f6vl\u0259tl\u0259rind\u0259n birin\u0259 \u00e7evrilib. Respublikam\u0131zda b\u00fct\u00fcn sah\u0259l\u0259rd\u0259 ya\u015fanan t\u0259r\u0259qqi Z\u0259rdabdan da yan ke\u00e7m\u0259yib. T\u0259kc\u0259 onu dem\u0259k kifay\u0259tdir ki, son ill\u0259r rayonda 300-d\u0259n \u00e7ox sosial y\u00f6n\u00fcml\u00fc layih\u0259 h\u0259yata ke\u00e7irilib. Son 30 ild\u0259 Z\u0259rdabda 3-5 m\u0259kt\u0259b binas\u0131 tikildiyi halda, 2003-2013-c\u00fc ill\u0259rd\u0259 bu g\u00f6st\u0259rici 15-d\u0259n yuxar\u0131d\u0131r. Z\u0259rdabda 28 May Respublika g\u00fcn\u00fcn\u0259 h\u0259sr olunmu\u015f bayram toplant\u0131s\u0131 yerli musiqi\u00e7il\u0259rin t\u0259qdim etdikl\u0259ri konsert proqram\u0131 il\u0259 davam etdirilib. Eyni zamanda \u201c\u0130stedadlar sora\u011f\u0131nda-2013\u201d rayon bax\u0131\u015f m\u00fcsabiq\u0259sinin qalibl\u0259ri m\u00fckafatland\u0131r\u0131l\u0131b. Qalibl\u0259r konsert proqram\u0131 il\u0259 \u00e7\u0131x\u0131\u015f edibl\u0259r.<\/p>\n<p><img loading=\"lazy\" decoding=\"async\" class=\"aligncenter size-medium wp-image-10316\" alt=\"Respublika Gunu\" src=\"http:\/\/www.zerdab.com\/wp-content\/uploads\/2013\/05\/28-May-Respublika-Gunu-600x398.jpg\" width=\"600\" height=\"398\" \/><img loading=\"lazy\" decoding=\"async\" class=\"aligncenter size-medium wp-image-10317\" alt=\"Respublika Gunu\" src=\"http:\/\/www.zerdab.com\/wp-content\/uploads\/2013\/05\/28-May-Respublika-Gunu1-600x398.jpg\" width=\"600\" height=\"398\" \/><\/p>\n<p><img loading=\"lazy\" decoding=\"async\" class=\"aligncenter size-medium wp-image-10318\" alt=\"28 May - Respublika Gunu\" src=\"http:\/\/www.zerdab.com\/wp-content\/uploads\/2013\/05\/28-May-Respublika-Gunu-1-600x398.jpg\" width=\"600\" height=\"398\" \/><\/p>\n","protected":false},"excerpt":{"rendered":"<p>28 may Respublika g\u00fcn\u00fc Z\u0259rdab rayonunda t\u0259nt\u0259n\u0259li \u015f\u0259kild\u0259 qeyd olunub. Rayon ictimaiyy\u0259tinin n\u00fcmay\u0259nd\u0259l\u0259ri \u0259vv\u0259lc\u0259 \u00dcmummilli liderimiz Heyd\u0259r \u018fliyevin abid\u0259si \u00f6n\u00fcn\u0259 g\u00fcl d\u0259st\u0259l\u0259ri d\u00fcz\u00fcbl\u0259r. Zerdab.com sayt\u0131na veril\u0259n m\u0259lumata g\u00f6r\u0259, bayram toplant\u0131s\u0131nda Z\u0259rdab rayon \u0130cra Hakimiyy\u0259tinin ba\u015f\u00e7\u0131s\u0131 L\u00fctv\u0259li Babayev \u00e7\u0131x\u0131\u015f ed\u0259r\u0259k Az\u0259rbaycan demokratik Respublikas\u0131n\u0131n yaranma tarixi v\u0259 f\u0259aliyy\u0259ti bar\u0259d\u0259 \u0259trafl\u0131 m\u0259lumat verib. Bildirib ki, 95 il \u0259vv\u0259l [&hellip;]<\/p>\n","protected":false},"author":1,"featured_media":0,"comment_status":"open","ping_status":"open","sticky":false,"template":"","format":"standard","meta":{"footnotes":""},"categories":[5],"tags":[],"class_list":{"0":"post-10314","1":"post","2":"type-post","3":"status-publish","4":"format-standard","6":"category-knd"},"yoast_head":"<!-- This site is optimized with the Yoast SEO plugin v27.0 - https:\/\/yoast.com\/product\/yoast-seo-wordpress\/ -->\n<title>Z\u0259rdab rayonunda bayram t\u0259dbiri - fotolar - Z\u0259rdab.com<\/title>\n<meta name=\"robots\" content=\"index, follow, max-snippet:-1, max-image-preview:large, max-video-preview:-1\" \/>\n<link rel=\"canonical\" href=\"https:\/\/www.zerdab.com\/?p=10314\" \/>\n<meta property=\"og:locale\" content=\"az_AZ\" \/>\n<meta property=\"og:type\" content=\"article\" \/>\n<meta property=\"og:title\" content=\"Z\u0259rdab rayonunda bayram t\u0259dbiri - fotolar - Z\u0259rdab.com\" \/>\n<meta property=\"og:description\" content=\"28 may Respublika g\u00fcn\u00fc Z\u0259rdab rayonunda t\u0259nt\u0259n\u0259li \u015f\u0259kild\u0259 qeyd olunub. Rayon ictimaiyy\u0259tinin n\u00fcmay\u0259nd\u0259l\u0259ri \u0259vv\u0259lc\u0259 \u00dcmummilli liderimiz Heyd\u0259r \u018fliyevin abid\u0259si \u00f6n\u00fcn\u0259 g\u00fcl d\u0259st\u0259l\u0259ri d\u00fcz\u00fcbl\u0259r. Zerdab.com sayt\u0131na veril\u0259n m\u0259lumata g\u00f6r\u0259, bayram toplant\u0131s\u0131nda Z\u0259rdab rayon \u0130cra Hakimiyy\u0259tinin ba\u015f\u00e7\u0131s\u0131 L\u00fctv\u0259li Babayev \u00e7\u0131x\u0131\u015f ed\u0259r\u0259k Az\u0259rbaycan demokratik Respublikas\u0131n\u0131n yaranma tarixi v\u0259 f\u0259aliyy\u0259ti bar\u0259d\u0259 \u0259trafl\u0131 m\u0259lumat verib. Bildirib ki, 95 il \u0259vv\u0259l [&hellip;]\" \/>\n<meta property=\"og:url\" content=\"https:\/\/www.zerdab.com\/?p=10314\" \/>\n<meta property=\"og:site_name\" content=\"Z\u0259rdab.com\" \/>\n<meta property=\"article:published_time\" content=\"2013-05-29T05:37:56+00:00\" \/>\n<meta property=\"og:image\" content=\"http:\/\/www.zerdab.com\/wp-content\/uploads\/2013\/05\/28-May-Respublika-Gunu--600x398.jpg\" \/>\n<meta name=\"author\" content=\"admin\" \/>\n<meta name=\"twitter:card\" content=\"summary_large_image\" \/>\n<meta name=\"twitter:label1\" content=\"Written by\" \/>\n\t<meta name=\"twitter:data1\" content=\"admin\" \/>\n\t<meta name=\"twitter:label2\" content=\"Est. reading time\" \/>\n\t<meta name=\"twitter:data2\" content=\"2 minutes\" \/>\n<script type=\"application\/ld+json\" class=\"yoast-schema-graph\">{\"@context\":\"https:\/\/schema.org\",\"@graph\":[{\"@type\":\"Article\",\"@id\":\"https:\/\/www.zerdab.com\/?p=10314#article\",\"isPartOf\":{\"@id\":\"https:\/\/www.zerdab.com\/?p=10314\"},\"author\":{\"name\":\"admin\",\"@id\":\"https:\/\/www.zerdab.com\/#\/schema\/person\/97079b7570c1e89ec0d9e138c3672136\"},\"headline\":\"Z\u0259rdab rayonunda bayram t\u0259dbiri &#8211; fotolar\",\"datePublished\":\"2013-05-29T05:37:56+00:00\",\"mainEntityOfPage\":{\"@id\":\"https:\/\/www.zerdab.com\/?p=10314\"},\"wordCount\":411,\"commentCount\":0,\"image\":{\"@id\":\"https:\/\/www.zerdab.com\/?p=10314#primaryimage\"},\"thumbnailUrl\":\"http:\/\/www.zerdab.com\/wp-content\/uploads\/2013\/05\/28-May-Respublika-Gunu--600x398.jpg\",\"articleSection\":[\"X\u018fB\u018fRL\u018fR\"],\"inLanguage\":\"az\",\"potentialAction\":[{\"@type\":\"CommentAction\",\"name\":\"Comment\",\"target\":[\"https:\/\/www.zerdab.com\/?p=10314#respond\"]}]},{\"@type\":\"WebPage\",\"@id\":\"https:\/\/www.zerdab.com\/?p=10314\",\"url\":\"https:\/\/www.zerdab.com\/?p=10314\",\"name\":\"Z\u0259rdab rayonunda bayram t\u0259dbiri - fotolar - Z\u0259rdab.com\",\"isPartOf\":{\"@id\":\"https:\/\/www.zerdab.com\/#website\"},\"primaryImageOfPage\":{\"@id\":\"https:\/\/www.zerdab.com\/?p=10314#primaryimage\"},\"image\":{\"@id\":\"https:\/\/www.zerdab.com\/?p=10314#primaryimage\"},\"thumbnailUrl\":\"http:\/\/www.zerdab.com\/wp-content\/uploads\/2013\/05\/28-May-Respublika-Gunu--600x398.jpg\",\"datePublished\":\"2013-05-29T05:37:56+00:00\",\"author\":{\"@id\":\"https:\/\/www.zerdab.com\/#\/schema\/person\/97079b7570c1e89ec0d9e138c3672136\"},\"breadcrumb\":{\"@id\":\"https:\/\/www.zerdab.com\/?p=10314#breadcrumb\"},\"inLanguage\":\"az\",\"potentialAction\":[{\"@type\":\"ReadAction\",\"target\":[\"https:\/\/www.zerdab.com\/?p=10314\"]}]},{\"@type\":\"ImageObject\",\"inLanguage\":\"az\",\"@id\":\"https:\/\/www.zerdab.com\/?p=10314#primaryimage\",\"url\":\"\",\"contentUrl\":\"\"},{\"@type\":\"BreadcrumbList\",\"@id\":\"https:\/\/www.zerdab.com\/?p=10314#breadcrumb\",\"itemListElement\":[{\"@type\":\"ListItem\",\"position\":1,\"name\":\"Home\",\"item\":\"https:\/\/www.zerdab.com\/\"},{\"@type\":\"ListItem\",\"position\":2,\"name\":\"Z\u0259rdab rayonunda bayram t\u0259dbiri &#8211; fotolar\"}]},{\"@type\":\"WebSite\",\"@id\":\"https:\/\/www.zerdab.com\/#website\",\"url\":\"https:\/\/www.zerdab.com\/\",\"name\":\"Z\u0259rdab.com\",\"description\":\"\",\"potentialAction\":[{\"@type\":\"SearchAction\",\"target\":{\"@type\":\"EntryPoint\",\"urlTemplate\":\"https:\/\/www.zerdab.com\/?s={search_term_string}\"},\"query-input\":{\"@type\":\"PropertyValueSpecification\",\"valueRequired\":true,\"valueName\":\"search_term_string\"}}],\"inLanguage\":\"az\"},{\"@type\":\"Person\",\"@id\":\"https:\/\/www.zerdab.com\/#\/schema\/person\/97079b7570c1e89ec0d9e138c3672136\",\"name\":\"admin\",\"image\":{\"@type\":\"ImageObject\",\"inLanguage\":\"az\",\"@id\":\"https:\/\/www.zerdab.com\/#\/schema\/person\/image\/\",\"url\":\"https:\/\/secure.gravatar.com\/avatar\/d9c52a9a27c32119cb6679a077fa3e2779e5f822c451cbf01098004361d466ec?s=96&d=mm&r=g\",\"contentUrl\":\"https:\/\/secure.gravatar.com\/avatar\/d9c52a9a27c32119cb6679a077fa3e2779e5f822c451cbf01098004361d466ec?s=96&d=mm&r=g\",\"caption\":\"admin\"},\"url\":\"https:\/\/www.zerdab.com\/?author=1\"}]}<\/script>\n<!-- \/ Yoast SEO plugin. -->","yoast_head_json":{"title":"Z\u0259rdab rayonunda bayram t\u0259dbiri - fotolar - Z\u0259rdab.com","robots":{"index":"index","follow":"follow","max-snippet":"max-snippet:-1","max-image-preview":"max-image-preview:large","max-video-preview":"max-video-preview:-1"},"canonical":"https:\/\/www.zerdab.com\/?p=10314","og_locale":"az_AZ","og_type":"article","og_title":"Z\u0259rdab rayonunda bayram t\u0259dbiri - fotolar - Z\u0259rdab.com","og_description":"28 may Respublika g\u00fcn\u00fc Z\u0259rdab rayonunda t\u0259nt\u0259n\u0259li \u015f\u0259kild\u0259 qeyd olunub. Rayon ictimaiyy\u0259tinin n\u00fcmay\u0259nd\u0259l\u0259ri \u0259vv\u0259lc\u0259 \u00dcmummilli liderimiz Heyd\u0259r \u018fliyevin abid\u0259si \u00f6n\u00fcn\u0259 g\u00fcl d\u0259st\u0259l\u0259ri d\u00fcz\u00fcbl\u0259r. Zerdab.com sayt\u0131na veril\u0259n m\u0259lumata g\u00f6r\u0259, bayram toplant\u0131s\u0131nda Z\u0259rdab rayon \u0130cra Hakimiyy\u0259tinin ba\u015f\u00e7\u0131s\u0131 L\u00fctv\u0259li Babayev \u00e7\u0131x\u0131\u015f ed\u0259r\u0259k Az\u0259rbaycan demokratik Respublikas\u0131n\u0131n yaranma tarixi v\u0259 f\u0259aliyy\u0259ti bar\u0259d\u0259 \u0259trafl\u0131 m\u0259lumat verib. Bildirib ki, 95 il \u0259vv\u0259l [&hellip;]","og_url":"https:\/\/www.zerdab.com\/?p=10314","og_site_name":"Z\u0259rdab.com","article_published_time":"2013-05-29T05:37:56+00:00","og_image":[{"url":"http:\/\/www.zerdab.com\/wp-content\/uploads\/2013\/05\/28-May-Respublika-Gunu--600x398.jpg","type":"","width":"","height":""}],"author":"admin","twitter_card":"summary_large_image","twitter_misc":{"Written by":"admin","Est. reading time":"2 minutes"},"schema":{"@context":"https:\/\/schema.org","@graph":[{"@type":"Article","@id":"https:\/\/www.zerdab.com\/?p=10314#article","isPartOf":{"@id":"https:\/\/www.zerdab.com\/?p=10314"},"author":{"name":"admin","@id":"https:\/\/www.zerdab.com\/#\/schema\/person\/97079b7570c1e89ec0d9e138c3672136"},"headline":"Z\u0259rdab rayonunda bayram t\u0259dbiri &#8211; fotolar","datePublished":"2013-05-29T05:37:56+00:00","mainEntityOfPage":{"@id":"https:\/\/www.zerdab.com\/?p=10314"},"wordCount":411,"commentCount":0,"image":{"@id":"https:\/\/www.zerdab.com\/?p=10314#primaryimage"},"thumbnailUrl":"http:\/\/www.zerdab.com\/wp-content\/uploads\/2013\/05\/28-May-Respublika-Gunu--600x398.jpg","articleSection":["X\u018fB\u018fRL\u018fR"],"inLanguage":"az","potentialAction":[{"@type":"CommentAction","name":"Comment","target":["https:\/\/www.zerdab.com\/?p=10314#respond"]}]},{"@type":"WebPage","@id":"https:\/\/www.zerdab.com\/?p=10314","url":"https:\/\/www.zerdab.com\/?p=10314","name":"Z\u0259rdab rayonunda bayram t\u0259dbiri - fotolar - Z\u0259rdab.com","isPartOf":{"@id":"https:\/\/www.zerdab.com\/#website"},"primaryImageOfPage":{"@id":"https:\/\/www.zerdab.com\/?p=10314#primaryimage"},"image":{"@id":"https:\/\/www.zerdab.com\/?p=10314#primaryimage"},"thumbnailUrl":"http:\/\/www.zerdab.com\/wp-content\/uploads\/2013\/05\/28-May-Respublika-Gunu--600x398.jpg","datePublished":"2013-05-29T05:37:56+00:00","author":{"@id":"https:\/\/www.zerdab.com\/#\/schema\/person\/97079b7570c1e89ec0d9e138c3672136"},"breadcrumb":{"@id":"https:\/\/www.zerdab.com\/?p=10314#breadcrumb"},"inLanguage":"az","potentialAction":[{"@type":"ReadAction","target":["https:\/\/www.zerdab.com\/?p=10314"]}]},{"@type":"ImageObject","inLanguage":"az","@id":"https:\/\/www.zerdab.com\/?p=10314#primaryimage","url":"","contentUrl":""},{"@type":"BreadcrumbList","@id":"https:\/\/www.zerdab.com\/?p=10314#breadcrumb","itemListElement":[{"@type":"ListItem","position":1,"name":"Home","item":"https:\/\/www.zerdab.com\/"},{"@type":"ListItem","position":2,"name":"Z\u0259rdab rayonunda bayram t\u0259dbiri &#8211; fotolar"}]},{"@type":"WebSite","@id":"https:\/\/www.zerdab.com\/#website","url":"https:\/\/www.zerdab.com\/","name":"Z\u0259rdab.com","description":"","potentialAction":[{"@type":"SearchAction","target":{"@type":"EntryPoint","urlTemplate":"https:\/\/www.zerdab.com\/?s={search_term_string}"},"query-input":{"@type":"PropertyValueSpecification","valueRequired":true,"valueName":"search_term_string"}}],"inLanguage":"az"},{"@type":"Person","@id":"https:\/\/www.zerdab.com\/#\/schema\/person\/97079b7570c1e89ec0d9e138c3672136","name":"admin","image":{"@type":"ImageObject","inLanguage":"az","@id":"https:\/\/www.zerdab.com\/#\/schema\/person\/image\/","url":"https:\/\/secure.gravatar.com\/avatar\/d9c52a9a27c32119cb6679a077fa3e2779e5f822c451cbf01098004361d466ec?s=96&d=mm&r=g","contentUrl":"https:\/\/secure.gravatar.com\/avatar\/d9c52a9a27c32119cb6679a077fa3e2779e5f822c451cbf01098004361d466ec?s=96&d=mm&r=g","caption":"admin"},"url":"https:\/\/www.zerdab.com\/?author=1"}]}},"_links":{"self":[{"href":"https:\/\/www.zerdab.com\/index.php?rest_route=\/wp\/v2\/posts\/10314","targetHints":{"allow":["GET"]}}],"collection":[{"href":"https:\/\/www.zerdab.com\/index.php?rest_route=\/wp\/v2\/posts"}],"about":[{"href":"https:\/\/www.zerdab.com\/index.php?rest_route=\/wp\/v2\/types\/post"}],"author":[{"embeddable":true,"href":"https:\/\/www.zerdab.com\/index.php?rest_route=\/wp\/v2\/users\/1"}],"replies":[{"embeddable":true,"href":"https:\/\/www.zerdab.com\/index.php?rest_route=%2Fwp%2Fv2%2Fcomments&post=10314"}],"version-history":[{"count":1,"href":"https:\/\/www.zerdab.com\/index.php?rest_route=\/wp\/v2\/posts\/10314\/revisions"}],"predecessor-version":[{"id":10319,"href":"https:\/\/www.zerdab.com\/index.php?rest_route=\/wp\/v2\/posts\/10314\/revisions\/10319"}],"wp:attachment":[{"href":"https:\/\/www.zerdab.com\/index.php?rest_route=%2Fwp%2Fv2%2Fmedia&parent=10314"}],"wp:term":[{"taxonomy":"category","embeddable":true,"href":"https:\/\/www.zerdab.com\/index.php?rest_route=%2Fwp%2Fv2%2Fcategories&post=10314"},{"taxonomy":"post_tag","embeddable":true,"href":"https:\/\/www.zerdab.com\/index.php?rest_route=%2Fwp%2Fv2%2Ftags&post=10314"}],"curies":[{"name":"wp","href":"https:\/\/api.w.org\/{rel}","templated":true}]}}