{"id":10414,"date":"2013-06-02T00:00:33","date_gmt":"2013-06-01T19:00:33","guid":{"rendered":"http:\/\/www.zerdab.com\/?p=10414"},"modified":"2013-06-02T00:00:33","modified_gmt":"2013-06-01T19:00:33","slug":"z%c9%99rdabda-saglam-g%c9%99nclik-saglam-g%c9%99l%c9%99c%c9%99kdir-t%c9%99dbiri-fotolar","status":"publish","type":"post","link":"https:\/\/www.zerdab.com\/?p=10414","title":{"rendered":"Z\u0259rdabda  \u201cSa\u011flam g\u0259nclik sa\u011flam g\u0259l\u0259c\u0259kdir\u201d t\u0259dbiri &#8211; fotolar"},"content":{"rendered":"<p><span style=\"color: #0000ff;\"><strong><img loading=\"lazy\" decoding=\"async\" class=\"aligncenter size-medium wp-image-10416\" alt=\"\u201cG\u0259ncliy\u0259 D\u0259st\u0259k\u201d \u0130ctimai Birliyi\" src=\"http:\/\/www.zerdab.com\/wp-content\/uploads\/2013\/06\/\u201cG\u0259ncliy\u0259-D\u0259st\u0259k\u201d-\u0130ctimai-Birliyi-600x450.jpg\" width=\"600\" height=\"450\" \/>\u201cG\u0259ncliy\u0259 D\u0259st\u0259k\u201d \u0130ctimai Birliyi Az\u0259rbaycan Respublikas\u0131n\u0131n Prezidenti yan\u0131nda G\u0259ncl\u0259r Fondunun d\u0259st\u0259yi il\u0259 icras\u0131na ba\u015flad\u0131\u011f\u0131 \u201cSa\u011flam g\u0259nclik sa\u011flam g\u0259l\u0259c\u0259kdir\u201d adl\u0131 layih\u0259 \u00e7\u0259r\u00e7iv\u0259sind\u0259 Z\u0259rdab rayonunda\u00a0 t\u0259dbir ke\u00e7irib.<\/strong><\/span> Bel\u0259 ki, 31 may-1 iyun 2013-c\u00fc il tarixl\u0259rind\u0259 x\u00fcsusi qay\u011f\u0131ya ehtiyac\u0131 olan g\u0259ncl\u0259rin &#8211; \u0259lilliyi olan v\u0259 sa\u011flaml\u0131q imkanlar\u0131 m\u0259hdud 18 ya\u015f\u0131nad\u0259k u\u015faqlar\u0131n ba\u015fqa v\u0259t\u0259nda\u015flarla b\u0259rab\u0259rliyin\u0259, \u00f6z f\u0259rdi qabliyy\u0259tl\u0259rin\u0259 v\u0259 maraqlar\u0131na m\u00fcvafiq sur\u0259td\u0259 h\u0259yat s\u00fcrm\u0259l\u0259rin\u0259 v\u0259 x\u00fcsusi qay\u011f\u0131ya ehtiyac\u0131 olan g\u0259ncl\u0259rin ictimai sosial h\u0259yata inteqrasiyas\u0131na d\u0259st\u0259k m\u0259qs\u0259dil\u0259 \u201c\u018fyl\u0259nc\u0259li oyunlar klubu\u201d t\u0259\u015fkil edilib.<\/p>\n<p>\u201c\u018fyl\u0259nc\u0259li oyunlar klubu\u201dnda maraqlara uy\u011fun olaraq \u015fahmat, dama v\u0259 futbol idman n\u00f6vl\u0259ri \u00fczr\u0259 \u0259yl\u0259nc\u0259li oyunlar ke\u00e7irilib.<\/p>\n<p>Bundan ba\u015fqa, sa\u011flam h\u0259yat t\u0259rzinin t\u0259bli\u011f olunmas\u0131 v\u0259 bu sah\u0259d\u0259 olan qanunvericilik haqq\u0131nda m\u0259lumat bazas\u0131 verilmi\u015f bukletl\u0259r paylan\u0131l\u0131b.<\/p>\n<p><img loading=\"lazy\" decoding=\"async\" class=\"aligncenter size-medium wp-image-10415\" alt=\"\u201cG\u0259ncliy\u0259 D\u0259st\u0259k\u201d \u0130ctimai Birliyi1\" src=\"http:\/\/www.zerdab.com\/wp-content\/uploads\/2013\/06\/\u201cG\u0259ncliy\u0259-D\u0259st\u0259k\u201d-\u0130ctimai-Birliyi1-600x450.jpg\" width=\"600\" height=\"450\" \/><img loading=\"lazy\" decoding=\"async\" class=\"aligncenter size-medium wp-image-10417\" alt=\"\u201cG\u0259ncliy\u0259 D\u0259st\u0259k\u201d \u0130ctimai Birliyi2\" src=\"http:\/\/www.zerdab.com\/wp-content\/uploads\/2013\/06\/\u201cG\u0259ncliy\u0259-D\u0259st\u0259k\u201d-\u0130ctimai-Birliyi2-600x450.jpg\" width=\"600\" height=\"450\" \/><\/p>\n<p><b>\u00a0<\/b><\/p>\n","protected":false},"excerpt":{"rendered":"<p>\u201cG\u0259ncliy\u0259 D\u0259st\u0259k\u201d \u0130ctimai Birliyi Az\u0259rbaycan Respublikas\u0131n\u0131n Prezidenti yan\u0131nda G\u0259ncl\u0259r Fondunun d\u0259st\u0259yi il\u0259 icras\u0131na ba\u015flad\u0131\u011f\u0131 \u201cSa\u011flam g\u0259nclik sa\u011flam g\u0259l\u0259c\u0259kdir\u201d adl\u0131 layih\u0259 \u00e7\u0259r\u00e7iv\u0259sind\u0259 Z\u0259rdab rayonunda\u00a0 t\u0259dbir ke\u00e7irib. Bel\u0259 ki, 31 may-1 iyun 2013-c\u00fc il tarixl\u0259rind\u0259 x\u00fcsusi qay\u011f\u0131ya ehtiyac\u0131 olan g\u0259ncl\u0259rin &#8211; \u0259lilliyi olan v\u0259 sa\u011flaml\u0131q imkanlar\u0131 m\u0259hdud 18 ya\u015f\u0131nad\u0259k u\u015faqlar\u0131n ba\u015fqa v\u0259t\u0259nda\u015flarla b\u0259rab\u0259rliyin\u0259, \u00f6z f\u0259rdi qabliyy\u0259tl\u0259rin\u0259 v\u0259 [&hellip;]<\/p>\n","protected":false},"author":1,"featured_media":0,"comment_status":"open","ping_status":"open","sticky":false,"template":"","format":"standard","meta":{"footnotes":""},"categories":[5],"tags":[],"class_list":{"0":"post-10414","1":"post","2":"type-post","3":"status-publish","4":"format-standard","6":"category-knd"},"yoast_head":"<!-- This site is optimized with the Yoast SEO plugin v27.0 - https:\/\/yoast.com\/product\/yoast-seo-wordpress\/ -->\n<title>Z\u0259rdabda \u201cSa\u011flam g\u0259nclik sa\u011flam g\u0259l\u0259c\u0259kdir\u201d t\u0259dbiri - fotolar - Z\u0259rdab.com<\/title>\n<meta name=\"robots\" content=\"index, follow, max-snippet:-1, max-image-preview:large, max-video-preview:-1\" \/>\n<link rel=\"canonical\" href=\"https:\/\/www.zerdab.com\/?p=10414\" \/>\n<meta property=\"og:locale\" content=\"az_AZ\" \/>\n<meta property=\"og:type\" content=\"article\" \/>\n<meta property=\"og:title\" content=\"Z\u0259rdabda \u201cSa\u011flam g\u0259nclik sa\u011flam g\u0259l\u0259c\u0259kdir\u201d t\u0259dbiri - fotolar - Z\u0259rdab.com\" \/>\n<meta property=\"og:description\" content=\"\u201cG\u0259ncliy\u0259 D\u0259st\u0259k\u201d \u0130ctimai Birliyi Az\u0259rbaycan Respublikas\u0131n\u0131n Prezidenti yan\u0131nda G\u0259ncl\u0259r Fondunun d\u0259st\u0259yi il\u0259 icras\u0131na ba\u015flad\u0131\u011f\u0131 \u201cSa\u011flam g\u0259nclik sa\u011flam g\u0259l\u0259c\u0259kdir\u201d adl\u0131 layih\u0259 \u00e7\u0259r\u00e7iv\u0259sind\u0259 Z\u0259rdab rayonunda\u00a0 t\u0259dbir ke\u00e7irib. Bel\u0259 ki, 31 may-1 iyun 2013-c\u00fc il tarixl\u0259rind\u0259 x\u00fcsusi qay\u011f\u0131ya ehtiyac\u0131 olan g\u0259ncl\u0259rin &#8211; \u0259lilliyi olan v\u0259 sa\u011flaml\u0131q imkanlar\u0131 m\u0259hdud 18 ya\u015f\u0131nad\u0259k u\u015faqlar\u0131n ba\u015fqa v\u0259t\u0259nda\u015flarla b\u0259rab\u0259rliyin\u0259, \u00f6z f\u0259rdi qabliyy\u0259tl\u0259rin\u0259 v\u0259 [&hellip;]\" \/>\n<meta property=\"og:url\" content=\"https:\/\/www.zerdab.com\/?p=10414\" \/>\n<meta property=\"og:site_name\" content=\"Z\u0259rdab.com\" \/>\n<meta property=\"article:published_time\" content=\"2013-06-01T19:00:33+00:00\" \/>\n<meta name=\"author\" content=\"admin\" \/>\n<meta name=\"twitter:card\" content=\"summary_large_image\" \/>\n<meta name=\"twitter:label1\" content=\"Written by\" \/>\n\t<meta name=\"twitter:data1\" content=\"admin\" \/>\n\t<meta name=\"twitter:label2\" content=\"Est. reading time\" \/>\n\t<meta name=\"twitter:data2\" content=\"1 minute\" \/>\n<script type=\"application\/ld+json\" class=\"yoast-schema-graph\">{\"@context\":\"https:\/\/schema.org\",\"@graph\":[{\"@type\":\"Article\",\"@id\":\"https:\/\/www.zerdab.com\/?p=10414#article\",\"isPartOf\":{\"@id\":\"https:\/\/www.zerdab.com\/?p=10414\"},\"author\":{\"name\":\"admin\",\"@id\":\"https:\/\/www.zerdab.com\/#\/schema\/person\/97079b7570c1e89ec0d9e138c3672136\"},\"headline\":\"Z\u0259rdabda \u201cSa\u011flam g\u0259nclik sa\u011flam g\u0259l\u0259c\u0259kdir\u201d t\u0259dbiri &#8211; fotolar\",\"datePublished\":\"2013-06-01T19:00:33+00:00\",\"mainEntityOfPage\":{\"@id\":\"https:\/\/www.zerdab.com\/?p=10414\"},\"wordCount\":210,\"commentCount\":0,\"articleSection\":[\"X\u018fB\u018fRL\u018fR\"],\"inLanguage\":\"az\",\"potentialAction\":[{\"@type\":\"CommentAction\",\"name\":\"Comment\",\"target\":[\"https:\/\/www.zerdab.com\/?p=10414#respond\"]}]},{\"@type\":\"WebPage\",\"@id\":\"https:\/\/www.zerdab.com\/?p=10414\",\"url\":\"https:\/\/www.zerdab.com\/?p=10414\",\"name\":\"Z\u0259rdabda \u201cSa\u011flam g\u0259nclik sa\u011flam g\u0259l\u0259c\u0259kdir\u201d t\u0259dbiri - fotolar - Z\u0259rdab.com\",\"isPartOf\":{\"@id\":\"https:\/\/www.zerdab.com\/#website\"},\"datePublished\":\"2013-06-01T19:00:33+00:00\",\"author\":{\"@id\":\"https:\/\/www.zerdab.com\/#\/schema\/person\/97079b7570c1e89ec0d9e138c3672136\"},\"breadcrumb\":{\"@id\":\"https:\/\/www.zerdab.com\/?p=10414#breadcrumb\"},\"inLanguage\":\"az\",\"potentialAction\":[{\"@type\":\"ReadAction\",\"target\":[\"https:\/\/www.zerdab.com\/?p=10414\"]}]},{\"@type\":\"BreadcrumbList\",\"@id\":\"https:\/\/www.zerdab.com\/?p=10414#breadcrumb\",\"itemListElement\":[{\"@type\":\"ListItem\",\"position\":1,\"name\":\"Home\",\"item\":\"https:\/\/www.zerdab.com\/\"},{\"@type\":\"ListItem\",\"position\":2,\"name\":\"Z\u0259rdabda \u201cSa\u011flam g\u0259nclik sa\u011flam g\u0259l\u0259c\u0259kdir\u201d t\u0259dbiri &#8211; fotolar\"}]},{\"@type\":\"WebSite\",\"@id\":\"https:\/\/www.zerdab.com\/#website\",\"url\":\"https:\/\/www.zerdab.com\/\",\"name\":\"Z\u0259rdab.com\",\"description\":\"\",\"potentialAction\":[{\"@type\":\"SearchAction\",\"target\":{\"@type\":\"EntryPoint\",\"urlTemplate\":\"https:\/\/www.zerdab.com\/?s={search_term_string}\"},\"query-input\":{\"@type\":\"PropertyValueSpecification\",\"valueRequired\":true,\"valueName\":\"search_term_string\"}}],\"inLanguage\":\"az\"},{\"@type\":\"Person\",\"@id\":\"https:\/\/www.zerdab.com\/#\/schema\/person\/97079b7570c1e89ec0d9e138c3672136\",\"name\":\"admin\",\"image\":{\"@type\":\"ImageObject\",\"inLanguage\":\"az\",\"@id\":\"https:\/\/www.zerdab.com\/#\/schema\/person\/image\/\",\"url\":\"https:\/\/secure.gravatar.com\/avatar\/d9c52a9a27c32119cb6679a077fa3e2779e5f822c451cbf01098004361d466ec?s=96&d=mm&r=g\",\"contentUrl\":\"https:\/\/secure.gravatar.com\/avatar\/d9c52a9a27c32119cb6679a077fa3e2779e5f822c451cbf01098004361d466ec?s=96&d=mm&r=g\",\"caption\":\"admin\"},\"url\":\"https:\/\/www.zerdab.com\/?author=1\"}]}<\/script>\n<!-- \/ Yoast SEO plugin. -->","yoast_head_json":{"title":"Z\u0259rdabda \u201cSa\u011flam g\u0259nclik sa\u011flam g\u0259l\u0259c\u0259kdir\u201d t\u0259dbiri - fotolar - Z\u0259rdab.com","robots":{"index":"index","follow":"follow","max-snippet":"max-snippet:-1","max-image-preview":"max-image-preview:large","max-video-preview":"max-video-preview:-1"},"canonical":"https:\/\/www.zerdab.com\/?p=10414","og_locale":"az_AZ","og_type":"article","og_title":"Z\u0259rdabda \u201cSa\u011flam g\u0259nclik sa\u011flam g\u0259l\u0259c\u0259kdir\u201d t\u0259dbiri - fotolar - Z\u0259rdab.com","og_description":"\u201cG\u0259ncliy\u0259 D\u0259st\u0259k\u201d \u0130ctimai Birliyi Az\u0259rbaycan Respublikas\u0131n\u0131n Prezidenti yan\u0131nda G\u0259ncl\u0259r Fondunun d\u0259st\u0259yi il\u0259 icras\u0131na ba\u015flad\u0131\u011f\u0131 \u201cSa\u011flam g\u0259nclik sa\u011flam g\u0259l\u0259c\u0259kdir\u201d adl\u0131 layih\u0259 \u00e7\u0259r\u00e7iv\u0259sind\u0259 Z\u0259rdab rayonunda\u00a0 t\u0259dbir ke\u00e7irib. Bel\u0259 ki, 31 may-1 iyun 2013-c\u00fc il tarixl\u0259rind\u0259 x\u00fcsusi qay\u011f\u0131ya ehtiyac\u0131 olan g\u0259ncl\u0259rin &#8211; \u0259lilliyi olan v\u0259 sa\u011flaml\u0131q imkanlar\u0131 m\u0259hdud 18 ya\u015f\u0131nad\u0259k u\u015faqlar\u0131n ba\u015fqa v\u0259t\u0259nda\u015flarla b\u0259rab\u0259rliyin\u0259, \u00f6z f\u0259rdi qabliyy\u0259tl\u0259rin\u0259 v\u0259 [&hellip;]","og_url":"https:\/\/www.zerdab.com\/?p=10414","og_site_name":"Z\u0259rdab.com","article_published_time":"2013-06-01T19:00:33+00:00","author":"admin","twitter_card":"summary_large_image","twitter_misc":{"Written by":"admin","Est. reading time":"1 minute"},"schema":{"@context":"https:\/\/schema.org","@graph":[{"@type":"Article","@id":"https:\/\/www.zerdab.com\/?p=10414#article","isPartOf":{"@id":"https:\/\/www.zerdab.com\/?p=10414"},"author":{"name":"admin","@id":"https:\/\/www.zerdab.com\/#\/schema\/person\/97079b7570c1e89ec0d9e138c3672136"},"headline":"Z\u0259rdabda \u201cSa\u011flam g\u0259nclik sa\u011flam g\u0259l\u0259c\u0259kdir\u201d t\u0259dbiri &#8211; fotolar","datePublished":"2013-06-01T19:00:33+00:00","mainEntityOfPage":{"@id":"https:\/\/www.zerdab.com\/?p=10414"},"wordCount":210,"commentCount":0,"articleSection":["X\u018fB\u018fRL\u018fR"],"inLanguage":"az","potentialAction":[{"@type":"CommentAction","name":"Comment","target":["https:\/\/www.zerdab.com\/?p=10414#respond"]}]},{"@type":"WebPage","@id":"https:\/\/www.zerdab.com\/?p=10414","url":"https:\/\/www.zerdab.com\/?p=10414","name":"Z\u0259rdabda \u201cSa\u011flam g\u0259nclik sa\u011flam g\u0259l\u0259c\u0259kdir\u201d t\u0259dbiri - fotolar - Z\u0259rdab.com","isPartOf":{"@id":"https:\/\/www.zerdab.com\/#website"},"datePublished":"2013-06-01T19:00:33+00:00","author":{"@id":"https:\/\/www.zerdab.com\/#\/schema\/person\/97079b7570c1e89ec0d9e138c3672136"},"breadcrumb":{"@id":"https:\/\/www.zerdab.com\/?p=10414#breadcrumb"},"inLanguage":"az","potentialAction":[{"@type":"ReadAction","target":["https:\/\/www.zerdab.com\/?p=10414"]}]},{"@type":"BreadcrumbList","@id":"https:\/\/www.zerdab.com\/?p=10414#breadcrumb","itemListElement":[{"@type":"ListItem","position":1,"name":"Home","item":"https:\/\/www.zerdab.com\/"},{"@type":"ListItem","position":2,"name":"Z\u0259rdabda \u201cSa\u011flam g\u0259nclik sa\u011flam g\u0259l\u0259c\u0259kdir\u201d t\u0259dbiri &#8211; fotolar"}]},{"@type":"WebSite","@id":"https:\/\/www.zerdab.com\/#website","url":"https:\/\/www.zerdab.com\/","name":"Z\u0259rdab.com","description":"","potentialAction":[{"@type":"SearchAction","target":{"@type":"EntryPoint","urlTemplate":"https:\/\/www.zerdab.com\/?s={search_term_string}"},"query-input":{"@type":"PropertyValueSpecification","valueRequired":true,"valueName":"search_term_string"}}],"inLanguage":"az"},{"@type":"Person","@id":"https:\/\/www.zerdab.com\/#\/schema\/person\/97079b7570c1e89ec0d9e138c3672136","name":"admin","image":{"@type":"ImageObject","inLanguage":"az","@id":"https:\/\/www.zerdab.com\/#\/schema\/person\/image\/","url":"https:\/\/secure.gravatar.com\/avatar\/d9c52a9a27c32119cb6679a077fa3e2779e5f822c451cbf01098004361d466ec?s=96&d=mm&r=g","contentUrl":"https:\/\/secure.gravatar.com\/avatar\/d9c52a9a27c32119cb6679a077fa3e2779e5f822c451cbf01098004361d466ec?s=96&d=mm&r=g","caption":"admin"},"url":"https:\/\/www.zerdab.com\/?author=1"}]}},"_links":{"self":[{"href":"https:\/\/www.zerdab.com\/index.php?rest_route=\/wp\/v2\/posts\/10414","targetHints":{"allow":["GET"]}}],"collection":[{"href":"https:\/\/www.zerdab.com\/index.php?rest_route=\/wp\/v2\/posts"}],"about":[{"href":"https:\/\/www.zerdab.com\/index.php?rest_route=\/wp\/v2\/types\/post"}],"author":[{"embeddable":true,"href":"https:\/\/www.zerdab.com\/index.php?rest_route=\/wp\/v2\/users\/1"}],"replies":[{"embeddable":true,"href":"https:\/\/www.zerdab.com\/index.php?rest_route=%2Fwp%2Fv2%2Fcomments&post=10414"}],"version-history":[{"count":1,"href":"https:\/\/www.zerdab.com\/index.php?rest_route=\/wp\/v2\/posts\/10414\/revisions"}],"predecessor-version":[{"id":10420,"href":"https:\/\/www.zerdab.com\/index.php?rest_route=\/wp\/v2\/posts\/10414\/revisions\/10420"}],"wp:attachment":[{"href":"https:\/\/www.zerdab.com\/index.php?rest_route=%2Fwp%2Fv2%2Fmedia&parent=10414"}],"wp:term":[{"taxonomy":"category","embeddable":true,"href":"https:\/\/www.zerdab.com\/index.php?rest_route=%2Fwp%2Fv2%2Fcategories&post=10414"},{"taxonomy":"post_tag","embeddable":true,"href":"https:\/\/www.zerdab.com\/index.php?rest_route=%2Fwp%2Fv2%2Ftags&post=10414"}],"curies":[{"name":"wp","href":"https:\/\/api.w.org\/{rel}","templated":true}]}}