{"id":10433,"date":"2013-06-03T10:09:32","date_gmt":"2013-06-03T05:09:32","guid":{"rendered":"http:\/\/www.zerdab.com\/?p=10433"},"modified":"2013-06-03T10:09:32","modified_gmt":"2013-06-03T05:09:32","slug":"z%c9%99rdab-s%c9%99h%c9%99r-1-sayli-m%c9%99kt%c9%99b-liseyin-komandasi-zona-birincisi-oldu","status":"publish","type":"post","link":"https:\/\/www.zerdab.com\/?p=10433","title":{"rendered":"Z\u0259rdab \u015f\u0259h\u0259r 1 sayl\u0131 m\u0259kt\u0259b-liseyin komandas\u0131 zona birincisi oldu"},"content":{"rendered":"<p><span style=\"color: #0000ff;\"><strong><img loading=\"lazy\" decoding=\"async\" class=\"aligncenter size-full wp-image-10434\" alt=\"G\u0259nc xilasedici v\u0259 yang\u0131ns\u00f6nd\u00fcr\u0259n\" src=\"http:\/\/www.zerdab.com\/wp-content\/uploads\/2013\/06\/G\u0259nc-xilasedici-v\u0259-yang\u0131ns\u00f6nd\u00fcr\u0259n.jpg\" width=\"563\" height=\"256\" \/>1 iyun 2013-c\u00fc il tarixd\u0259 Yevlax \u015f\u0259h\u0259rind\u0259 ke\u00e7iril\u0259n \u00fcmummilli lider\u00a0 Heyd\u0259r \u018fliyevin 90 illik yubileyin\u0259 h\u0259sir olunmu\u015f &#8220;G\u0259nc xilasedici v\u0259 yang\u0131ns\u00f6nd\u00fcr\u0259n&#8221; yar\u0131\u015f\u0131n\u0131n zona m\u0259rh\u0259l\u0259sind\u0259 Z\u0259rdab \u015f\u0259h\u0259r 1 sayl\u0131 m\u0259kt\u0259b-liseyin komandas\u0131 I yer tutduguna g\u00f6r\u0259 F\u0259xri F\u0259rmanla t\u0259ltif olunub.<\/strong><\/span> M\u0259kt\u0259b r\u0259hb\u0259rliyinin v\u0259 m\u0259kt\u0259bin idman m\u00fc\u0259llimi\u00a0 Cabbarov Araz Alqay\u0131t oglunu uzun m\u00fcdd\u0259tli z\u0259hm\u0259ti n\u0259tic\u0259sind\u0259 m\u0259kt\u0259b komandas\u0131\u00a0 I yer\u0259 layiq\u00a0 g\u00f6r\u00fcl\u00fcb. Bundan \u0259vv\u0259lki\u00a0 respublika v\u0259 zona turlar\u0131nda da m\u0259kt\u0259bin idman komandas\u0131 f\u0259xri yerl\u0259r\u0259 layiq g\u00f6r\u00fcl\u00fcb.<br \/>\n&nbsp;<\/p>\n","protected":false},"excerpt":{"rendered":"<p>1 iyun 2013-c\u00fc il tarixd\u0259 Yevlax \u015f\u0259h\u0259rind\u0259 ke\u00e7iril\u0259n \u00fcmummilli lider\u00a0 Heyd\u0259r \u018fliyevin 90 illik yubileyin\u0259 h\u0259sir olunmu\u015f &#8220;G\u0259nc xilasedici v\u0259 yang\u0131ns\u00f6nd\u00fcr\u0259n&#8221; yar\u0131\u015f\u0131n\u0131n zona m\u0259rh\u0259l\u0259sind\u0259 Z\u0259rdab \u015f\u0259h\u0259r 1 sayl\u0131 m\u0259kt\u0259b-liseyin komandas\u0131 I yer tutduguna g\u00f6r\u0259 F\u0259xri F\u0259rmanla t\u0259ltif olunub. M\u0259kt\u0259b r\u0259hb\u0259rliyinin v\u0259 m\u0259kt\u0259bin idman m\u00fc\u0259llimi\u00a0 Cabbarov Araz Alqay\u0131t oglunu uzun m\u00fcdd\u0259tli z\u0259hm\u0259ti n\u0259tic\u0259sind\u0259 m\u0259kt\u0259b komandas\u0131\u00a0 I [&hellip;]<\/p>\n","protected":false},"author":1,"featured_media":0,"comment_status":"open","ping_status":"open","sticky":false,"template":"","format":"standard","meta":{"footnotes":""},"categories":[21],"tags":[],"class_list":{"0":"post-10433","1":"post","2":"type-post","3":"status-publish","4":"format-standard","6":"category-zrdab"},"yoast_head":"<!-- This site is optimized with the Yoast SEO plugin v27.0 - https:\/\/yoast.com\/product\/yoast-seo-wordpress\/ -->\n<title>Z\u0259rdab \u015f\u0259h\u0259r 1 sayl\u0131 m\u0259kt\u0259b-liseyin komandas\u0131 zona birincisi oldu - Z\u0259rdab.com<\/title>\n<meta name=\"robots\" content=\"index, follow, max-snippet:-1, max-image-preview:large, max-video-preview:-1\" \/>\n<link rel=\"canonical\" href=\"https:\/\/www.zerdab.com\/?p=10433\" \/>\n<meta property=\"og:locale\" content=\"az_AZ\" \/>\n<meta property=\"og:type\" content=\"article\" \/>\n<meta property=\"og:title\" content=\"Z\u0259rdab \u015f\u0259h\u0259r 1 sayl\u0131 m\u0259kt\u0259b-liseyin komandas\u0131 zona birincisi oldu - Z\u0259rdab.com\" \/>\n<meta property=\"og:description\" content=\"1 iyun 2013-c\u00fc il tarixd\u0259 Yevlax \u015f\u0259h\u0259rind\u0259 ke\u00e7iril\u0259n \u00fcmummilli lider\u00a0 Heyd\u0259r \u018fliyevin 90 illik yubileyin\u0259 h\u0259sir olunmu\u015f &#8220;G\u0259nc xilasedici v\u0259 yang\u0131ns\u00f6nd\u00fcr\u0259n&#8221; yar\u0131\u015f\u0131n\u0131n zona m\u0259rh\u0259l\u0259sind\u0259 Z\u0259rdab \u015f\u0259h\u0259r 1 sayl\u0131 m\u0259kt\u0259b-liseyin komandas\u0131 I yer tutduguna g\u00f6r\u0259 F\u0259xri F\u0259rmanla t\u0259ltif olunub. M\u0259kt\u0259b r\u0259hb\u0259rliyinin v\u0259 m\u0259kt\u0259bin idman m\u00fc\u0259llimi\u00a0 Cabbarov Araz Alqay\u0131t oglunu uzun m\u00fcdd\u0259tli z\u0259hm\u0259ti n\u0259tic\u0259sind\u0259 m\u0259kt\u0259b komandas\u0131\u00a0 I [&hellip;]\" \/>\n<meta property=\"og:url\" content=\"https:\/\/www.zerdab.com\/?p=10433\" \/>\n<meta property=\"og:site_name\" content=\"Z\u0259rdab.com\" \/>\n<meta property=\"article:published_time\" content=\"2013-06-03T05:09:32+00:00\" \/>\n<meta name=\"author\" content=\"admin\" \/>\n<meta name=\"twitter:card\" content=\"summary_large_image\" \/>\n<meta name=\"twitter:label1\" content=\"Written by\" \/>\n\t<meta name=\"twitter:data1\" content=\"admin\" \/>\n\t<meta name=\"twitter:label2\" content=\"Est. reading time\" \/>\n\t<meta name=\"twitter:data2\" content=\"1 minute\" \/>\n<script type=\"application\/ld+json\" class=\"yoast-schema-graph\">{\"@context\":\"https:\/\/schema.org\",\"@graph\":[{\"@type\":\"Article\",\"@id\":\"https:\/\/www.zerdab.com\/?p=10433#article\",\"isPartOf\":{\"@id\":\"https:\/\/www.zerdab.com\/?p=10433\"},\"author\":{\"name\":\"admin\",\"@id\":\"https:\/\/www.zerdab.com\/#\/schema\/person\/97079b7570c1e89ec0d9e138c3672136\"},\"headline\":\"Z\u0259rdab \u015f\u0259h\u0259r 1 sayl\u0131 m\u0259kt\u0259b-liseyin komandas\u0131 zona birincisi oldu\",\"datePublished\":\"2013-06-03T05:09:32+00:00\",\"mainEntityOfPage\":{\"@id\":\"https:\/\/www.zerdab.com\/?p=10433\"},\"wordCount\":133,\"commentCount\":0,\"articleSection\":[\"C\u018fM\u0130YY\u018fT\"],\"inLanguage\":\"az\",\"potentialAction\":[{\"@type\":\"CommentAction\",\"name\":\"Comment\",\"target\":[\"https:\/\/www.zerdab.com\/?p=10433#respond\"]}]},{\"@type\":\"WebPage\",\"@id\":\"https:\/\/www.zerdab.com\/?p=10433\",\"url\":\"https:\/\/www.zerdab.com\/?p=10433\",\"name\":\"Z\u0259rdab \u015f\u0259h\u0259r 1 sayl\u0131 m\u0259kt\u0259b-liseyin komandas\u0131 zona birincisi oldu - Z\u0259rdab.com\",\"isPartOf\":{\"@id\":\"https:\/\/www.zerdab.com\/#website\"},\"datePublished\":\"2013-06-03T05:09:32+00:00\",\"author\":{\"@id\":\"https:\/\/www.zerdab.com\/#\/schema\/person\/97079b7570c1e89ec0d9e138c3672136\"},\"breadcrumb\":{\"@id\":\"https:\/\/www.zerdab.com\/?p=10433#breadcrumb\"},\"inLanguage\":\"az\",\"potentialAction\":[{\"@type\":\"ReadAction\",\"target\":[\"https:\/\/www.zerdab.com\/?p=10433\"]}]},{\"@type\":\"BreadcrumbList\",\"@id\":\"https:\/\/www.zerdab.com\/?p=10433#breadcrumb\",\"itemListElement\":[{\"@type\":\"ListItem\",\"position\":1,\"name\":\"Home\",\"item\":\"https:\/\/www.zerdab.com\/\"},{\"@type\":\"ListItem\",\"position\":2,\"name\":\"Z\u0259rdab \u015f\u0259h\u0259r 1 sayl\u0131 m\u0259kt\u0259b-liseyin komandas\u0131 zona birincisi oldu\"}]},{\"@type\":\"WebSite\",\"@id\":\"https:\/\/www.zerdab.com\/#website\",\"url\":\"https:\/\/www.zerdab.com\/\",\"name\":\"Z\u0259rdab.com\",\"description\":\"\",\"potentialAction\":[{\"@type\":\"SearchAction\",\"target\":{\"@type\":\"EntryPoint\",\"urlTemplate\":\"https:\/\/www.zerdab.com\/?s={search_term_string}\"},\"query-input\":{\"@type\":\"PropertyValueSpecification\",\"valueRequired\":true,\"valueName\":\"search_term_string\"}}],\"inLanguage\":\"az\"},{\"@type\":\"Person\",\"@id\":\"https:\/\/www.zerdab.com\/#\/schema\/person\/97079b7570c1e89ec0d9e138c3672136\",\"name\":\"admin\",\"image\":{\"@type\":\"ImageObject\",\"inLanguage\":\"az\",\"@id\":\"https:\/\/www.zerdab.com\/#\/schema\/person\/image\/\",\"url\":\"https:\/\/secure.gravatar.com\/avatar\/d9c52a9a27c32119cb6679a077fa3e2779e5f822c451cbf01098004361d466ec?s=96&d=mm&r=g\",\"contentUrl\":\"https:\/\/secure.gravatar.com\/avatar\/d9c52a9a27c32119cb6679a077fa3e2779e5f822c451cbf01098004361d466ec?s=96&d=mm&r=g\",\"caption\":\"admin\"},\"url\":\"https:\/\/www.zerdab.com\/?author=1\"}]}<\/script>\n<!-- \/ Yoast SEO plugin. -->","yoast_head_json":{"title":"Z\u0259rdab \u015f\u0259h\u0259r 1 sayl\u0131 m\u0259kt\u0259b-liseyin komandas\u0131 zona birincisi oldu - Z\u0259rdab.com","robots":{"index":"index","follow":"follow","max-snippet":"max-snippet:-1","max-image-preview":"max-image-preview:large","max-video-preview":"max-video-preview:-1"},"canonical":"https:\/\/www.zerdab.com\/?p=10433","og_locale":"az_AZ","og_type":"article","og_title":"Z\u0259rdab \u015f\u0259h\u0259r 1 sayl\u0131 m\u0259kt\u0259b-liseyin komandas\u0131 zona birincisi oldu - Z\u0259rdab.com","og_description":"1 iyun 2013-c\u00fc il tarixd\u0259 Yevlax \u015f\u0259h\u0259rind\u0259 ke\u00e7iril\u0259n \u00fcmummilli lider\u00a0 Heyd\u0259r \u018fliyevin 90 illik yubileyin\u0259 h\u0259sir olunmu\u015f &#8220;G\u0259nc xilasedici v\u0259 yang\u0131ns\u00f6nd\u00fcr\u0259n&#8221; yar\u0131\u015f\u0131n\u0131n zona m\u0259rh\u0259l\u0259sind\u0259 Z\u0259rdab \u015f\u0259h\u0259r 1 sayl\u0131 m\u0259kt\u0259b-liseyin komandas\u0131 I yer tutduguna g\u00f6r\u0259 F\u0259xri F\u0259rmanla t\u0259ltif olunub. M\u0259kt\u0259b r\u0259hb\u0259rliyinin v\u0259 m\u0259kt\u0259bin idman m\u00fc\u0259llimi\u00a0 Cabbarov Araz Alqay\u0131t oglunu uzun m\u00fcdd\u0259tli z\u0259hm\u0259ti n\u0259tic\u0259sind\u0259 m\u0259kt\u0259b komandas\u0131\u00a0 I [&hellip;]","og_url":"https:\/\/www.zerdab.com\/?p=10433","og_site_name":"Z\u0259rdab.com","article_published_time":"2013-06-03T05:09:32+00:00","author":"admin","twitter_card":"summary_large_image","twitter_misc":{"Written by":"admin","Est. reading time":"1 minute"},"schema":{"@context":"https:\/\/schema.org","@graph":[{"@type":"Article","@id":"https:\/\/www.zerdab.com\/?p=10433#article","isPartOf":{"@id":"https:\/\/www.zerdab.com\/?p=10433"},"author":{"name":"admin","@id":"https:\/\/www.zerdab.com\/#\/schema\/person\/97079b7570c1e89ec0d9e138c3672136"},"headline":"Z\u0259rdab \u015f\u0259h\u0259r 1 sayl\u0131 m\u0259kt\u0259b-liseyin komandas\u0131 zona birincisi oldu","datePublished":"2013-06-03T05:09:32+00:00","mainEntityOfPage":{"@id":"https:\/\/www.zerdab.com\/?p=10433"},"wordCount":133,"commentCount":0,"articleSection":["C\u018fM\u0130YY\u018fT"],"inLanguage":"az","potentialAction":[{"@type":"CommentAction","name":"Comment","target":["https:\/\/www.zerdab.com\/?p=10433#respond"]}]},{"@type":"WebPage","@id":"https:\/\/www.zerdab.com\/?p=10433","url":"https:\/\/www.zerdab.com\/?p=10433","name":"Z\u0259rdab \u015f\u0259h\u0259r 1 sayl\u0131 m\u0259kt\u0259b-liseyin komandas\u0131 zona birincisi oldu - Z\u0259rdab.com","isPartOf":{"@id":"https:\/\/www.zerdab.com\/#website"},"datePublished":"2013-06-03T05:09:32+00:00","author":{"@id":"https:\/\/www.zerdab.com\/#\/schema\/person\/97079b7570c1e89ec0d9e138c3672136"},"breadcrumb":{"@id":"https:\/\/www.zerdab.com\/?p=10433#breadcrumb"},"inLanguage":"az","potentialAction":[{"@type":"ReadAction","target":["https:\/\/www.zerdab.com\/?p=10433"]}]},{"@type":"BreadcrumbList","@id":"https:\/\/www.zerdab.com\/?p=10433#breadcrumb","itemListElement":[{"@type":"ListItem","position":1,"name":"Home","item":"https:\/\/www.zerdab.com\/"},{"@type":"ListItem","position":2,"name":"Z\u0259rdab \u015f\u0259h\u0259r 1 sayl\u0131 m\u0259kt\u0259b-liseyin komandas\u0131 zona birincisi oldu"}]},{"@type":"WebSite","@id":"https:\/\/www.zerdab.com\/#website","url":"https:\/\/www.zerdab.com\/","name":"Z\u0259rdab.com","description":"","potentialAction":[{"@type":"SearchAction","target":{"@type":"EntryPoint","urlTemplate":"https:\/\/www.zerdab.com\/?s={search_term_string}"},"query-input":{"@type":"PropertyValueSpecification","valueRequired":true,"valueName":"search_term_string"}}],"inLanguage":"az"},{"@type":"Person","@id":"https:\/\/www.zerdab.com\/#\/schema\/person\/97079b7570c1e89ec0d9e138c3672136","name":"admin","image":{"@type":"ImageObject","inLanguage":"az","@id":"https:\/\/www.zerdab.com\/#\/schema\/person\/image\/","url":"https:\/\/secure.gravatar.com\/avatar\/d9c52a9a27c32119cb6679a077fa3e2779e5f822c451cbf01098004361d466ec?s=96&d=mm&r=g","contentUrl":"https:\/\/secure.gravatar.com\/avatar\/d9c52a9a27c32119cb6679a077fa3e2779e5f822c451cbf01098004361d466ec?s=96&d=mm&r=g","caption":"admin"},"url":"https:\/\/www.zerdab.com\/?author=1"}]}},"_links":{"self":[{"href":"https:\/\/www.zerdab.com\/index.php?rest_route=\/wp\/v2\/posts\/10433","targetHints":{"allow":["GET"]}}],"collection":[{"href":"https:\/\/www.zerdab.com\/index.php?rest_route=\/wp\/v2\/posts"}],"about":[{"href":"https:\/\/www.zerdab.com\/index.php?rest_route=\/wp\/v2\/types\/post"}],"author":[{"embeddable":true,"href":"https:\/\/www.zerdab.com\/index.php?rest_route=\/wp\/v2\/users\/1"}],"replies":[{"embeddable":true,"href":"https:\/\/www.zerdab.com\/index.php?rest_route=%2Fwp%2Fv2%2Fcomments&post=10433"}],"version-history":[{"count":2,"href":"https:\/\/www.zerdab.com\/index.php?rest_route=\/wp\/v2\/posts\/10433\/revisions"}],"predecessor-version":[{"id":10436,"href":"https:\/\/www.zerdab.com\/index.php?rest_route=\/wp\/v2\/posts\/10433\/revisions\/10436"}],"wp:attachment":[{"href":"https:\/\/www.zerdab.com\/index.php?rest_route=%2Fwp%2Fv2%2Fmedia&parent=10433"}],"wp:term":[{"taxonomy":"category","embeddable":true,"href":"https:\/\/www.zerdab.com\/index.php?rest_route=%2Fwp%2Fv2%2Fcategories&post=10433"},{"taxonomy":"post_tag","embeddable":true,"href":"https:\/\/www.zerdab.com\/index.php?rest_route=%2Fwp%2Fv2%2Ftags&post=10433"}],"curies":[{"name":"wp","href":"https:\/\/api.w.org\/{rel}","templated":true}]}}