{"id":10584,"date":"2013-06-18T11:40:45","date_gmt":"2013-06-18T06:40:45","guid":{"rendered":"http:\/\/www.zerdab.com\/?p=10584"},"modified":"2013-06-18T16:17:24","modified_gmt":"2013-06-18T11:17:24","slug":"z%c9%99rdabda-ulu-ond%c9%99rl%c9%99-bagli-konfrans-fotolar","status":"publish","type":"post","link":"https:\/\/www.zerdab.com\/?p=10584","title":{"rendered":"Z\u0259rdabda ulu \u00f6nd\u0259rl\u0259 ba\u011fl\u0131 konfrans &#8211; fotolar"},"content":{"rendered":"<p align=\"center\"><span style=\"color: #0000ff;\"><strong><img loading=\"lazy\" decoding=\"async\" class=\"aligncenter size-medium wp-image-10585\" alt=\"Zerdab\" src=\"http:\/\/www.zerdab.com\/wp-content\/uploads\/2013\/06\/Zerdab21-589x500.jpg\" width=\"589\" height=\"500\" \/>Az\u0259rbaycan Respublikas\u0131 G\u0259ncl\u0259r v\u0259 \u0130dman Nazirliyi Z\u0259rdab Rayon \u0130cra Hakimiyy\u0259ti il\u0259 birg\u0259 t\u0259\u015fkilat\u00e7\u0131l\u0131\u011f\u0131 il\u0259 17 iyun 2013-c\u00fc il tarixd\u0259 \u201c\u00dcmummilli lider Heyd\u0259r \u018fliyevin az\u0259rbaycan\u00e7\u0131l\u0131q m\u0259fkur\u0259sinin g\u0259ncl\u0259rin h\u0259rbi v\u0259t\u0259np\u0259rv\u0259rlik t\u0259rbiy\u0259sind\u0259 rolu\u201d m\u00f6vzusunda konfrans ke\u00e7irilib. Zerdab.com sayt\u0131\u00a0\u00a0Z\u0259rdab R\u0130HB Aparat\u0131n\u0131n informasiya t\u0259minat\u0131 v\u0259 t\u0259hlil sektoruna istinad\u0259n x\u0259b\u0259r verir ki, konfrans i\u015ftirak\u00e7\u0131lar\u0131 \u0259vv\u0259lc\u0259 ulu \u00f6nd\u0259r Heyd\u0259r \u018fliyevin abid\u0259si \u00f6n\u00fcn\u0259 g\u00fcl d\u0259st\u0259l\u0259ri qoyublar. Daha sonra t\u0259dbir Heyd\u0259r \u018fliyev M\u0259rk\u0259zind\u0259 davam edib.<\/strong><\/span><\/p>\n<p>\u00a0Konfrans\u0131 giri\u015f s\u00f6z\u00fc il\u0259 G\u0259ncl\u0259r v\u0259 \u0130dman Nazirliyinin \u015f\u00f6b\u0259 m\u00fcdiri \u018fli M\u0259mm\u0259dov\u00a0 a\u00e7\u0131b. O, qeyd edib ki, az\u0259rbaycan\u00e7\u0131l\u0131\u011f\u0131n \u00fcmummilli ideya hal\u0131na g\u0259lm\u0259si, b\u00fct\u00fcn d\u00fcnya az\u0259rbaycanl\u0131lar\u0131n\u0131 birl\u0259\u015fdir\u0259n m\u0259fkur\u0259y\u0259, m\u00fcst\u0259qil Az\u0259rbaycan d\u00f6vl\u0259tinin ideya \u0259sas\u0131na \u00e7evrilm\u0259si m\u0259hz Heyd\u0259r \u018fliyevin tarixi xidm\u0259tidir. Heyd\u0259r \u018fliyev 1993-c\u00fc ild\u0259 hakimiyy\u0259t\u0259 qay\u0131td\u0131qdan sonra Az\u0259rbaycan\u0131n m\u00fcst\u0259qilliyini m\u00f6hk\u0259ml\u0259ndirm\u0259kl\u0259, onun g\u00fccl\u00fc d\u00f6vl\u0259t\u00e7ilik x\u0259ttini, siyasi-iqtisadi \u0259saslar\u0131n\u0131 yaratmaqla yana\u015f\u0131, Az\u0259rbaycan xalq\u0131n\u0131n milli inki\u015faf\u0131n\u0131n ideya t\u0259m\u0259li ola bil\u0259c\u0259k konsepsiyan\u0131n &#8211; az\u0259rbaycan\u00e7\u0131l\u0131\u011f\u0131n banisi olmu\u015fdur.<\/p>\n<p>Konfransda Az\u0259rbaycan Respublikas\u0131 G\u0259ncl\u0259r v\u0259 \u0130dman nazirinin m\u00fcavini \u0130ntiqam Babayev, Milli M\u0259clisin deputat\u0131 Jal\u0259 \u018fliyeva, Z\u0259rdab Rayon \u0130cra Hakimiyy\u0259tinin ba\u015f\u00e7\u0131s\u0131 L\u00fctv\u0259li Babayev \u00e7\u0131x\u0131\u015f ed\u0259r\u0259k bildirdil\u0259r ki, Heyd\u0259r \u018fliyevin az\u0259rbaycan\u00e7\u0131l\u0131\u011f\u0131 \u00fcmummilli ideologiya olaraq ir\u0259li s\u00fcrm\u0259si onun Az\u0259rbaycan d\u00f6vl\u0259t\u00e7iliyi namin\u0259 g\u00f6st\u0259rdiyi tarixi xidm\u0259tdir. M\u0259hz az\u0259rbaycan\u00e7\u0131l\u0131q Az\u0259rbaycana qar\u015f\u0131 bir \u00e7ox istiqam\u0259tl\u0259rd\u0259n y\u00f6n\u0259l\u0259n t\u0259hdidl\u0259rin, \u00f6lk\u0259mizi etnik b\u00f6l\u00fcc\u00fcl\u00fck \u0259sas\u0131nda par\u00e7alamaq c\u0259hdl\u0259rinin qar\u015f\u0131s\u0131nda g\u00fccl\u00fc ideoloji v\u0259 siyasi sip\u0259r oldu. \u00c7\u00fcnki az\u0259rbaycan\u00e7\u0131l\u0131q bizim ke\u00e7mi\u015fimizd\u0259n g\u0259l\u0259n d\u0259y\u0259r olaraq vahid Az\u0259rbaycan\u0131n ideya \u0259sas\u0131, \u00f6lk\u0259d\u0259 b\u00fct\u00fcn konfessiya v\u0259 etnoslar\u0131n h\u0259mr\u0259ylik v\u0259 anla\u015fma i\u00e7ind\u0259 birg\u0259ya\u015fay\u0131\u015f\u0131n\u0131n tarixi t\u0259cr\u00fcb\u0259sidir.<\/p>\n<p>Rayon g\u0259ncl\u0259rinin n\u00fcmay\u0259nd\u0259l\u0259ri Z\u0259rdab rayon G\u0259ncl\u0259r v\u0259 \u0130dman \u0130dar\u0259sinin r\u0259isi \u0130lkin \u018fliyev, g\u0259nc h\u0259kim \u015e\u0259fa Qocayeva, g\u0259nc jurnalist \u018fl\u0259kb\u0259r K\u0259rimov, 11-ci sinfi AB\u015e-da oxuyan \u015fagird \u018fmin\u0259 Teymurova, m\u0259kt\u0259bli, fizika f\u0259nni \u00fczr\u0259 Respublika Olimpiadas\u0131n\u0131n m\u00fckafat\u00e7\u0131s\u0131 Jal\u0259 \u018fl\u00f6vs\u0259tli \u00e7\u0131x\u0131\u015f ed\u0259r\u0259k bildiribl\u0259r ki, rayonumuzda g\u0259ncl\u0259r\u0259 yarad\u0131lan \u015f\u0259rait, yeni tikil\u0259n \u00e7oxsayl\u0131 m\u0259kt\u0259bl\u0259r, t\u0259hsil sah\u0259sind\u0259 d\u0259 xeyli nailiyy\u0259tl\u0259rin qazan\u0131lmas\u0131na z\u0259min yaratm\u0131\u015fd\u0131r. Natiql\u0259r bildiribl\u0259r ki, bug\u00fcnk\u00fc konfrans, Heyd\u0259r \u018fliyevin az\u0259rbaycan\u00e7\u0131l\u0131q m\u0259fkur\u0259sinin g\u0259ncl\u0259rin h\u0259rbi v\u0259t\u0259np\u0259rv\u0259rlik t\u0259rbiy\u0259sind\u0259 rolu, bu istiqam\u0259td\u0259 apar\u0131lan i\u015fl\u0259rin, g\u00f6r\u00fcl\u0259n t\u0259dbirl\u0259rin \u0259h\u0259miyy\u0259ti il\u0259 ba\u011fl\u0131 konfransda s\u0259sl\u0259n\u0259n fikirl\u0259r biz\u0259 \u00e7ox \u015fey verdi.\u00a0 Biz bir daha \u0259min olduq ki, Heyd\u0259r \u018fliyev ideyalar\u0131 \u00f6lm\u0259zdir v\u0259 Heyd\u0259r \u018fliyev yolu Az\u0259rbaycan g\u0259ncl\u0259ri \u00fc\u00e7\u00fcn alternativi olmayan bir yoldur.<\/p>\n<p>\u00c7\u0131x\u0131\u015flar dinl\u0259nildikd\u0259n sonra g\u0259ncl\u0259r s\u0259rb\u0259st olaraq qonaqlara suallar \u00fcnvanlay\u0131b v\u0259 \u00f6z t\u0259klifl\u0259rini bildiribl\u0259r.<\/p>\n<p>Z\u0259rdab R\u0130HB Aparat\u0131n\u0131n informasiya t\u0259minat\u0131 v\u0259 t\u0259hlil sektorunun yayd\u0131\u011f\u0131 m\u0259lumatda bildirilir ki, sonda konfrans i\u015ftirak\u00e7\u0131lar\u0131 \u0259minlikl\u0259 vur\u011fulay\u0131blar ki, Z\u0259rdab\u0131n se\u00e7ki h\u00fcquqlu b\u00fct\u00fcn g\u0259ncl\u0259ri 2013-c\u00fc ilin oktyabr\u0131nda ke\u00e7iril\u0259c\u0259k Prezident se\u00e7kil\u0259rind\u0259 birm\u0259nal\u0131 olaraq c\u0259nab Prezident \u0130lham \u018fliyevin namiz\u0259dliyinizi d\u0259st\u0259kl\u0259y\u0259c\u0259k, Az\u0259rbaycan\u0131n, Az\u0259rbaycan xalq\u0131n\u0131n, Az\u0259rbaycan g\u0259ncliyinin daha i\u015f\u0131ql\u0131, daha nurlu sabah\u0131na s\u0259s ver\u0259c\u0259kl\u0259r.<\/p>\n<p>Ax\u015fam saatlar\u0131nda Heyd\u0259r \u018fliyev Meydan\u0131nda G\u0259ncl\u0259r v\u0259 \u0130dman Nazirliyi v\u0259 Azad Az\u0259rbaycan Telekanal\u0131 t\u0259r\u0259find\u0259n birg\u0259 haz\u0131rlanm\u0131\u015f v\u0259 konfransa h\u0259sr olunmu\u015f geni\u015f konsert proqram\u0131 v\u0259 at\u0259\u015ff\u0259\u015fanl\u0131q t\u0259\u015fkil edilib.<\/p>\n<p><img loading=\"lazy\" decoding=\"async\" class=\"aligncenter size-medium wp-image-10586\" alt=\"Zerdab\" src=\"http:\/\/www.zerdab.com\/wp-content\/uploads\/2013\/06\/Zerdab7-600x398.jpg\" width=\"600\" height=\"398\" \/><img loading=\"lazy\" decoding=\"async\" class=\"aligncenter size-medium wp-image-10587\" alt=\"Zerdab\" src=\"http:\/\/www.zerdab.com\/wp-content\/uploads\/2013\/06\/Zerdab11-332x500.jpg\" width=\"332\" height=\"500\" \/><img loading=\"lazy\" decoding=\"async\" class=\"aligncenter size-medium wp-image-10588\" alt=\"Zerdab\" src=\"http:\/\/www.zerdab.com\/wp-content\/uploads\/2013\/06\/Zerdab5-600x398.jpg\" width=\"600\" height=\"398\" \/><img loading=\"lazy\" decoding=\"async\" class=\"aligncenter size-medium wp-image-10589\" alt=\"Zerdab\" src=\"http:\/\/www.zerdab.com\/wp-content\/uploads\/2013\/06\/Zerdab10-600x398.jpg\" width=\"600\" height=\"398\" \/><img loading=\"lazy\" decoding=\"async\" class=\"aligncenter size-medium wp-image-10590\" alt=\"Zerdab\" src=\"http:\/\/www.zerdab.com\/wp-content\/uploads\/2013\/06\/Zerdab8-600x398.jpg\" width=\"600\" height=\"398\" \/><img loading=\"lazy\" decoding=\"async\" class=\"aligncenter size-medium wp-image-10591\" alt=\"Zerdab\" src=\"http:\/\/www.zerdab.com\/wp-content\/uploads\/2013\/06\/Zerdab-600x398.jpg\" width=\"600\" height=\"398\" \/><img loading=\"lazy\" decoding=\"async\" class=\"aligncenter size-medium wp-image-10617\" alt=\"Zerdab\" src=\"http:\/\/www.zerdab.com\/wp-content\/uploads\/2013\/06\/Zerdab4-600x398.jpg\" width=\"600\" height=\"398\" \/><img loading=\"lazy\" decoding=\"async\" class=\"aligncenter size-medium wp-image-10592\" alt=\"Zerdab\" src=\"http:\/\/www.zerdab.com\/wp-content\/uploads\/2013\/06\/Zerdab111-600x398.jpg\" width=\"600\" height=\"398\" \/><img loading=\"lazy\" decoding=\"async\" class=\"aligncenter size-medium wp-image-10593\" alt=\"Zerdab\" src=\"http:\/\/www.zerdab.com\/wp-content\/uploads\/2013\/06\/Zerdab31-600x398.jpg\" width=\"600\" height=\"398\" \/><img loading=\"lazy\" decoding=\"async\" class=\"aligncenter size-medium wp-image-10594\" alt=\"Zerdab\" src=\"http:\/\/www.zerdab.com\/wp-content\/uploads\/2013\/06\/Zerdab6-600x398.jpg\" width=\"600\" height=\"398\" \/><\/p>\n","protected":false},"excerpt":{"rendered":"<p>Az\u0259rbaycan Respublikas\u0131 G\u0259ncl\u0259r v\u0259 \u0130dman Nazirliyi Z\u0259rdab Rayon \u0130cra Hakimiyy\u0259ti il\u0259 birg\u0259 t\u0259\u015fkilat\u00e7\u0131l\u0131\u011f\u0131 il\u0259 17 iyun 2013-c\u00fc il tarixd\u0259 \u201c\u00dcmummilli lider Heyd\u0259r \u018fliyevin az\u0259rbaycan\u00e7\u0131l\u0131q m\u0259fkur\u0259sinin g\u0259ncl\u0259rin h\u0259rbi v\u0259t\u0259np\u0259rv\u0259rlik t\u0259rbiy\u0259sind\u0259 rolu\u201d m\u00f6vzusunda konfrans ke\u00e7irilib. Zerdab.com sayt\u0131\u00a0\u00a0Z\u0259rdab R\u0130HB Aparat\u0131n\u0131n informasiya t\u0259minat\u0131 v\u0259 t\u0259hlil sektoruna istinad\u0259n x\u0259b\u0259r verir ki, konfrans i\u015ftirak\u00e7\u0131lar\u0131 \u0259vv\u0259lc\u0259 ulu \u00f6nd\u0259r Heyd\u0259r \u018fliyevin abid\u0259si \u00f6n\u00fcn\u0259 [&hellip;]<\/p>\n","protected":false},"author":1,"featured_media":0,"comment_status":"open","ping_status":"open","sticky":false,"template":"","format":"standard","meta":{"footnotes":""},"categories":[5],"tags":[],"class_list":{"0":"post-10584","1":"post","2":"type-post","3":"status-publish","4":"format-standard","6":"category-knd"},"yoast_head":"<!-- This site is optimized with the Yoast SEO plugin v27.0 - https:\/\/yoast.com\/product\/yoast-seo-wordpress\/ -->\n<title>Z\u0259rdabda ulu \u00f6nd\u0259rl\u0259 ba\u011fl\u0131 konfrans - fotolar - Z\u0259rdab.com<\/title>\n<meta name=\"robots\" content=\"index, follow, max-snippet:-1, max-image-preview:large, max-video-preview:-1\" \/>\n<link rel=\"canonical\" href=\"https:\/\/www.zerdab.com\/?p=10584\" \/>\n<meta property=\"og:locale\" content=\"az_AZ\" \/>\n<meta property=\"og:type\" content=\"article\" \/>\n<meta property=\"og:title\" content=\"Z\u0259rdabda ulu \u00f6nd\u0259rl\u0259 ba\u011fl\u0131 konfrans - fotolar - Z\u0259rdab.com\" \/>\n<meta property=\"og:description\" content=\"Az\u0259rbaycan Respublikas\u0131 G\u0259ncl\u0259r v\u0259 \u0130dman Nazirliyi Z\u0259rdab Rayon \u0130cra Hakimiyy\u0259ti il\u0259 birg\u0259 t\u0259\u015fkilat\u00e7\u0131l\u0131\u011f\u0131 il\u0259 17 iyun 2013-c\u00fc il tarixd\u0259 \u201c\u00dcmummilli lider Heyd\u0259r \u018fliyevin az\u0259rbaycan\u00e7\u0131l\u0131q m\u0259fkur\u0259sinin g\u0259ncl\u0259rin h\u0259rbi v\u0259t\u0259np\u0259rv\u0259rlik t\u0259rbiy\u0259sind\u0259 rolu\u201d m\u00f6vzusunda konfrans ke\u00e7irilib. Zerdab.com sayt\u0131\u00a0\u00a0Z\u0259rdab R\u0130HB Aparat\u0131n\u0131n informasiya t\u0259minat\u0131 v\u0259 t\u0259hlil sektoruna istinad\u0259n x\u0259b\u0259r verir ki, konfrans i\u015ftirak\u00e7\u0131lar\u0131 \u0259vv\u0259lc\u0259 ulu \u00f6nd\u0259r Heyd\u0259r \u018fliyevin abid\u0259si \u00f6n\u00fcn\u0259 [&hellip;]\" \/>\n<meta property=\"og:url\" content=\"https:\/\/www.zerdab.com\/?p=10584\" \/>\n<meta property=\"og:site_name\" content=\"Z\u0259rdab.com\" \/>\n<meta property=\"article:published_time\" content=\"2013-06-18T06:40:45+00:00\" \/>\n<meta property=\"article:modified_time\" content=\"2013-06-18T11:17:24+00:00\" \/>\n<meta property=\"og:image\" content=\"http:\/\/www.zerdab.com\/wp-content\/uploads\/2013\/06\/Zerdab21-589x500.jpg\" \/>\n<meta name=\"author\" content=\"admin\" \/>\n<meta name=\"twitter:card\" content=\"summary_large_image\" \/>\n<meta name=\"twitter:label1\" content=\"Written by\" \/>\n\t<meta name=\"twitter:data1\" content=\"admin\" \/>\n\t<meta name=\"twitter:label2\" content=\"Est. reading time\" \/>\n\t<meta name=\"twitter:data2\" content=\"4 minutes\" \/>\n<script type=\"application\/ld+json\" class=\"yoast-schema-graph\">{\"@context\":\"https:\/\/schema.org\",\"@graph\":[{\"@type\":\"Article\",\"@id\":\"https:\/\/www.zerdab.com\/?p=10584#article\",\"isPartOf\":{\"@id\":\"https:\/\/www.zerdab.com\/?p=10584\"},\"author\":{\"name\":\"admin\",\"@id\":\"https:\/\/www.zerdab.com\/#\/schema\/person\/97079b7570c1e89ec0d9e138c3672136\"},\"headline\":\"Z\u0259rdabda ulu \u00f6nd\u0259rl\u0259 ba\u011fl\u0131 konfrans &#8211; fotolar\",\"datePublished\":\"2013-06-18T06:40:45+00:00\",\"dateModified\":\"2013-06-18T11:17:24+00:00\",\"mainEntityOfPage\":{\"@id\":\"https:\/\/www.zerdab.com\/?p=10584\"},\"wordCount\":780,\"commentCount\":1,\"image\":{\"@id\":\"https:\/\/www.zerdab.com\/?p=10584#primaryimage\"},\"thumbnailUrl\":\"http:\/\/www.zerdab.com\/wp-content\/uploads\/2013\/06\/Zerdab21-589x500.jpg\",\"articleSection\":[\"X\u018fB\u018fRL\u018fR\"],\"inLanguage\":\"az\",\"potentialAction\":[{\"@type\":\"CommentAction\",\"name\":\"Comment\",\"target\":[\"https:\/\/www.zerdab.com\/?p=10584#respond\"]}]},{\"@type\":\"WebPage\",\"@id\":\"https:\/\/www.zerdab.com\/?p=10584\",\"url\":\"https:\/\/www.zerdab.com\/?p=10584\",\"name\":\"Z\u0259rdabda ulu \u00f6nd\u0259rl\u0259 ba\u011fl\u0131 konfrans - fotolar - Z\u0259rdab.com\",\"isPartOf\":{\"@id\":\"https:\/\/www.zerdab.com\/#website\"},\"primaryImageOfPage\":{\"@id\":\"https:\/\/www.zerdab.com\/?p=10584#primaryimage\"},\"image\":{\"@id\":\"https:\/\/www.zerdab.com\/?p=10584#primaryimage\"},\"thumbnailUrl\":\"http:\/\/www.zerdab.com\/wp-content\/uploads\/2013\/06\/Zerdab21-589x500.jpg\",\"datePublished\":\"2013-06-18T06:40:45+00:00\",\"dateModified\":\"2013-06-18T11:17:24+00:00\",\"author\":{\"@id\":\"https:\/\/www.zerdab.com\/#\/schema\/person\/97079b7570c1e89ec0d9e138c3672136\"},\"breadcrumb\":{\"@id\":\"https:\/\/www.zerdab.com\/?p=10584#breadcrumb\"},\"inLanguage\":\"az\",\"potentialAction\":[{\"@type\":\"ReadAction\",\"target\":[\"https:\/\/www.zerdab.com\/?p=10584\"]}]},{\"@type\":\"ImageObject\",\"inLanguage\":\"az\",\"@id\":\"https:\/\/www.zerdab.com\/?p=10584#primaryimage\",\"url\":\"\",\"contentUrl\":\"\"},{\"@type\":\"BreadcrumbList\",\"@id\":\"https:\/\/www.zerdab.com\/?p=10584#breadcrumb\",\"itemListElement\":[{\"@type\":\"ListItem\",\"position\":1,\"name\":\"Home\",\"item\":\"https:\/\/www.zerdab.com\/\"},{\"@type\":\"ListItem\",\"position\":2,\"name\":\"Z\u0259rdabda ulu \u00f6nd\u0259rl\u0259 ba\u011fl\u0131 konfrans &#8211; fotolar\"}]},{\"@type\":\"WebSite\",\"@id\":\"https:\/\/www.zerdab.com\/#website\",\"url\":\"https:\/\/www.zerdab.com\/\",\"name\":\"Z\u0259rdab.com\",\"description\":\"\",\"potentialAction\":[{\"@type\":\"SearchAction\",\"target\":{\"@type\":\"EntryPoint\",\"urlTemplate\":\"https:\/\/www.zerdab.com\/?s={search_term_string}\"},\"query-input\":{\"@type\":\"PropertyValueSpecification\",\"valueRequired\":true,\"valueName\":\"search_term_string\"}}],\"inLanguage\":\"az\"},{\"@type\":\"Person\",\"@id\":\"https:\/\/www.zerdab.com\/#\/schema\/person\/97079b7570c1e89ec0d9e138c3672136\",\"name\":\"admin\",\"image\":{\"@type\":\"ImageObject\",\"inLanguage\":\"az\",\"@id\":\"https:\/\/www.zerdab.com\/#\/schema\/person\/image\/\",\"url\":\"https:\/\/secure.gravatar.com\/avatar\/d9c52a9a27c32119cb6679a077fa3e2779e5f822c451cbf01098004361d466ec?s=96&d=mm&r=g\",\"contentUrl\":\"https:\/\/secure.gravatar.com\/avatar\/d9c52a9a27c32119cb6679a077fa3e2779e5f822c451cbf01098004361d466ec?s=96&d=mm&r=g\",\"caption\":\"admin\"},\"url\":\"https:\/\/www.zerdab.com\/?author=1\"}]}<\/script>\n<!-- \/ Yoast SEO plugin. -->","yoast_head_json":{"title":"Z\u0259rdabda ulu \u00f6nd\u0259rl\u0259 ba\u011fl\u0131 konfrans - fotolar - Z\u0259rdab.com","robots":{"index":"index","follow":"follow","max-snippet":"max-snippet:-1","max-image-preview":"max-image-preview:large","max-video-preview":"max-video-preview:-1"},"canonical":"https:\/\/www.zerdab.com\/?p=10584","og_locale":"az_AZ","og_type":"article","og_title":"Z\u0259rdabda ulu \u00f6nd\u0259rl\u0259 ba\u011fl\u0131 konfrans - fotolar - Z\u0259rdab.com","og_description":"Az\u0259rbaycan Respublikas\u0131 G\u0259ncl\u0259r v\u0259 \u0130dman Nazirliyi Z\u0259rdab Rayon \u0130cra Hakimiyy\u0259ti il\u0259 birg\u0259 t\u0259\u015fkilat\u00e7\u0131l\u0131\u011f\u0131 il\u0259 17 iyun 2013-c\u00fc il tarixd\u0259 \u201c\u00dcmummilli lider Heyd\u0259r \u018fliyevin az\u0259rbaycan\u00e7\u0131l\u0131q m\u0259fkur\u0259sinin g\u0259ncl\u0259rin h\u0259rbi v\u0259t\u0259np\u0259rv\u0259rlik t\u0259rbiy\u0259sind\u0259 rolu\u201d m\u00f6vzusunda konfrans ke\u00e7irilib. Zerdab.com sayt\u0131\u00a0\u00a0Z\u0259rdab R\u0130HB Aparat\u0131n\u0131n informasiya t\u0259minat\u0131 v\u0259 t\u0259hlil sektoruna istinad\u0259n x\u0259b\u0259r verir ki, konfrans i\u015ftirak\u00e7\u0131lar\u0131 \u0259vv\u0259lc\u0259 ulu \u00f6nd\u0259r Heyd\u0259r \u018fliyevin abid\u0259si \u00f6n\u00fcn\u0259 [&hellip;]","og_url":"https:\/\/www.zerdab.com\/?p=10584","og_site_name":"Z\u0259rdab.com","article_published_time":"2013-06-18T06:40:45+00:00","article_modified_time":"2013-06-18T11:17:24+00:00","og_image":[{"url":"http:\/\/www.zerdab.com\/wp-content\/uploads\/2013\/06\/Zerdab21-589x500.jpg","type":"","width":"","height":""}],"author":"admin","twitter_card":"summary_large_image","twitter_misc":{"Written by":"admin","Est. reading time":"4 minutes"},"schema":{"@context":"https:\/\/schema.org","@graph":[{"@type":"Article","@id":"https:\/\/www.zerdab.com\/?p=10584#article","isPartOf":{"@id":"https:\/\/www.zerdab.com\/?p=10584"},"author":{"name":"admin","@id":"https:\/\/www.zerdab.com\/#\/schema\/person\/97079b7570c1e89ec0d9e138c3672136"},"headline":"Z\u0259rdabda ulu \u00f6nd\u0259rl\u0259 ba\u011fl\u0131 konfrans &#8211; fotolar","datePublished":"2013-06-18T06:40:45+00:00","dateModified":"2013-06-18T11:17:24+00:00","mainEntityOfPage":{"@id":"https:\/\/www.zerdab.com\/?p=10584"},"wordCount":780,"commentCount":1,"image":{"@id":"https:\/\/www.zerdab.com\/?p=10584#primaryimage"},"thumbnailUrl":"http:\/\/www.zerdab.com\/wp-content\/uploads\/2013\/06\/Zerdab21-589x500.jpg","articleSection":["X\u018fB\u018fRL\u018fR"],"inLanguage":"az","potentialAction":[{"@type":"CommentAction","name":"Comment","target":["https:\/\/www.zerdab.com\/?p=10584#respond"]}]},{"@type":"WebPage","@id":"https:\/\/www.zerdab.com\/?p=10584","url":"https:\/\/www.zerdab.com\/?p=10584","name":"Z\u0259rdabda ulu \u00f6nd\u0259rl\u0259 ba\u011fl\u0131 konfrans - fotolar - Z\u0259rdab.com","isPartOf":{"@id":"https:\/\/www.zerdab.com\/#website"},"primaryImageOfPage":{"@id":"https:\/\/www.zerdab.com\/?p=10584#primaryimage"},"image":{"@id":"https:\/\/www.zerdab.com\/?p=10584#primaryimage"},"thumbnailUrl":"http:\/\/www.zerdab.com\/wp-content\/uploads\/2013\/06\/Zerdab21-589x500.jpg","datePublished":"2013-06-18T06:40:45+00:00","dateModified":"2013-06-18T11:17:24+00:00","author":{"@id":"https:\/\/www.zerdab.com\/#\/schema\/person\/97079b7570c1e89ec0d9e138c3672136"},"breadcrumb":{"@id":"https:\/\/www.zerdab.com\/?p=10584#breadcrumb"},"inLanguage":"az","potentialAction":[{"@type":"ReadAction","target":["https:\/\/www.zerdab.com\/?p=10584"]}]},{"@type":"ImageObject","inLanguage":"az","@id":"https:\/\/www.zerdab.com\/?p=10584#primaryimage","url":"","contentUrl":""},{"@type":"BreadcrumbList","@id":"https:\/\/www.zerdab.com\/?p=10584#breadcrumb","itemListElement":[{"@type":"ListItem","position":1,"name":"Home","item":"https:\/\/www.zerdab.com\/"},{"@type":"ListItem","position":2,"name":"Z\u0259rdabda ulu \u00f6nd\u0259rl\u0259 ba\u011fl\u0131 konfrans &#8211; fotolar"}]},{"@type":"WebSite","@id":"https:\/\/www.zerdab.com\/#website","url":"https:\/\/www.zerdab.com\/","name":"Z\u0259rdab.com","description":"","potentialAction":[{"@type":"SearchAction","target":{"@type":"EntryPoint","urlTemplate":"https:\/\/www.zerdab.com\/?s={search_term_string}"},"query-input":{"@type":"PropertyValueSpecification","valueRequired":true,"valueName":"search_term_string"}}],"inLanguage":"az"},{"@type":"Person","@id":"https:\/\/www.zerdab.com\/#\/schema\/person\/97079b7570c1e89ec0d9e138c3672136","name":"admin","image":{"@type":"ImageObject","inLanguage":"az","@id":"https:\/\/www.zerdab.com\/#\/schema\/person\/image\/","url":"https:\/\/secure.gravatar.com\/avatar\/d9c52a9a27c32119cb6679a077fa3e2779e5f822c451cbf01098004361d466ec?s=96&d=mm&r=g","contentUrl":"https:\/\/secure.gravatar.com\/avatar\/d9c52a9a27c32119cb6679a077fa3e2779e5f822c451cbf01098004361d466ec?s=96&d=mm&r=g","caption":"admin"},"url":"https:\/\/www.zerdab.com\/?author=1"}]}},"_links":{"self":[{"href":"https:\/\/www.zerdab.com\/index.php?rest_route=\/wp\/v2\/posts\/10584","targetHints":{"allow":["GET"]}}],"collection":[{"href":"https:\/\/www.zerdab.com\/index.php?rest_route=\/wp\/v2\/posts"}],"about":[{"href":"https:\/\/www.zerdab.com\/index.php?rest_route=\/wp\/v2\/types\/post"}],"author":[{"embeddable":true,"href":"https:\/\/www.zerdab.com\/index.php?rest_route=\/wp\/v2\/users\/1"}],"replies":[{"embeddable":true,"href":"https:\/\/www.zerdab.com\/index.php?rest_route=%2Fwp%2Fv2%2Fcomments&post=10584"}],"version-history":[{"count":4,"href":"https:\/\/www.zerdab.com\/index.php?rest_route=\/wp\/v2\/posts\/10584\/revisions"}],"predecessor-version":[{"id":10615,"href":"https:\/\/www.zerdab.com\/index.php?rest_route=\/wp\/v2\/posts\/10584\/revisions\/10615"}],"wp:attachment":[{"href":"https:\/\/www.zerdab.com\/index.php?rest_route=%2Fwp%2Fv2%2Fmedia&parent=10584"}],"wp:term":[{"taxonomy":"category","embeddable":true,"href":"https:\/\/www.zerdab.com\/index.php?rest_route=%2Fwp%2Fv2%2Fcategories&post=10584"},{"taxonomy":"post_tag","embeddable":true,"href":"https:\/\/www.zerdab.com\/index.php?rest_route=%2Fwp%2Fv2%2Ftags&post=10584"}],"curies":[{"name":"wp","href":"https:\/\/api.w.org\/{rel}","templated":true}]}}