{"id":10597,"date":"2013-06-18T11:59:26","date_gmt":"2013-06-18T06:59:26","guid":{"rendered":"http:\/\/www.zerdab.com\/?p=10597"},"modified":"2013-06-18T15:35:23","modified_gmt":"2013-06-18T10:35:23","slug":"z%c9%99rdab-rayonunda-moht%c9%99s%c9%99m-konsert-proqrami-fotolar","status":"publish","type":"post","link":"https:\/\/www.zerdab.com\/?p=10597","title":{"rendered":"Z\u0259rdab rayonunda m\u00f6ht\u0259\u015f\u0259m konsert proqram\u0131 &#8211; fotolar"},"content":{"rendered":"<p><span style=\"color: #0000ff;\"><strong><img loading=\"lazy\" decoding=\"async\" class=\"aligncenter size-medium wp-image-10598\" alt=\"Z\u0259rdab\" src=\"http:\/\/www.zerdab.com\/wp-content\/uploads\/2013\/06\/Z\u0259rdab4-600x398.jpg\" width=\"600\" height=\"398\" \/>\u0130yunun 17-d\u0259 G\u0259ncl\u0259r v\u0259 \u0130dman Nazirliyinin t\u0259\u015fkilat\u00e7\u0131l\u0131\u011f\u0131, respublikam\u0131z\u0131n tan\u0131nm\u0131\u015f m\u00fc\u011f\u0259nnil\u0259rinin i\u015ftirak\u0131 il\u0259 Z\u0259rdab rayonunda &#8211; Heyd\u0259r \u018fliyev meydan\u0131nda geni\u015f konsert proqram\u0131n\u0131n t\u0259\u015fkil olunaca\u011f\u0131 bar\u0259d\u0259 Zerdab.com sayt\u0131nda m\u0259lumat verilmi\u015fdi.<\/strong> <\/span>\u00d6t\u0259n g\u00fcn konsert proqram\u0131 ba\u015f tutub. Saat 19:00-da ba\u015flayan konsert proqram\u0131nda minl\u0259rl\u0259 rayon sakini i\u015ftirak edib. Konsert proqram\u0131n\u0131n sonunda at\u0259\u015ff\u0259\u015fanl\u0131q olub.<\/p>\n<p>Qeyd ed\u0259k ki, konsert proqram\u0131 G\u0259ncl\u0259r v\u0259 \u0130dman Nazirliyi v\u0259 Azad Az\u0259rbaycan Telekanal\u0131 t\u0259r\u0259find\u0259n birg\u0259 haz\u0131rlanm\u0131\u015fd\u0131.<\/p>\n<p>Konsert proqram\u0131 yax\u0131n g\u00fcnl\u0259rd\u0259 &#8220;Azad Az\u0259rbaycan&#8221; telekanal\u0131 vasit\u0259sil\u0259 yay\u0131mlanacaq.<\/p>\n<p><img loading=\"lazy\" decoding=\"async\" class=\"aligncenter size-medium wp-image-10600\" alt=\"Zerdab-Z\u0259rdab\" src=\"http:\/\/www.zerdab.com\/wp-content\/uploads\/2013\/06\/Zerdab-Z\u0259rdab-600x398.jpg\" width=\"600\" height=\"398\" \/><br \/>\n<img loading=\"lazy\" decoding=\"async\" class=\"aligncenter size-medium wp-image-10599\" alt=\"Z\u0259rdab\" src=\"http:\/\/www.zerdab.com\/wp-content\/uploads\/2013\/06\/Z\u0259rdab2-600x398.jpg\" width=\"600\" height=\"398\" \/><img loading=\"lazy\" decoding=\"async\" class=\"aligncenter size-medium wp-image-10601\" alt=\"Z\u0259rdab\" src=\"http:\/\/www.zerdab.com\/wp-content\/uploads\/2013\/06\/Z\u0259rdab-600x398.jpg\" width=\"600\" height=\"398\" \/><img loading=\"lazy\" decoding=\"async\" class=\"aligncenter size-medium wp-image-10602\" alt=\"Z\u0259rdab\" src=\"http:\/\/www.zerdab.com\/wp-content\/uploads\/2013\/06\/Z\u0259rdab3-600x398.jpg\" width=\"600\" height=\"398\" \/><img loading=\"lazy\" decoding=\"async\" class=\"aligncenter size-medium wp-image-10608\" alt=\"Zerdab konsert\" src=\"http:\/\/www.zerdab.com\/wp-content\/uploads\/2013\/06\/Zerdab-konsert-600x398.jpg\" width=\"600\" height=\"398\" srcset=\"https:\/\/www.zerdab.com\/wp-content\/uploads\/2013\/06\/Zerdab-konsert-600x398.jpg 600w, https:\/\/www.zerdab.com\/wp-content\/uploads\/2013\/06\/Zerdab-konsert-650x431.jpg 650w, https:\/\/www.zerdab.com\/wp-content\/uploads\/2013\/06\/Zerdab-konsert-500x331.jpg 500w, https:\/\/www.zerdab.com\/wp-content\/uploads\/2013\/06\/Zerdab-konsert-75x50.jpg 75w, https:\/\/www.zerdab.com\/wp-content\/uploads\/2013\/06\/Zerdab-konsert.jpg 800w\" sizes=\"auto, (max-width: 600px) 100vw, 600px\" \/><img loading=\"lazy\" decoding=\"async\" class=\"aligncenter size-medium wp-image-10610\" alt=\"Zerdab konsert\" src=\"http:\/\/www.zerdab.com\/wp-content\/uploads\/2013\/06\/Zerdab-konsert3-600x398.jpg\" width=\"600\" height=\"398\" \/><img loading=\"lazy\" decoding=\"async\" class=\"aligncenter size-medium wp-image-10611\" alt=\"Zerdab konser\" src=\"http:\/\/www.zerdab.com\/wp-content\/uploads\/2013\/06\/Zerdab-konser2-600x398.jpg\" width=\"600\" height=\"398\" \/><\/p>\n","protected":false},"excerpt":{"rendered":"<p>\u0130yunun 17-d\u0259 G\u0259ncl\u0259r v\u0259 \u0130dman Nazirliyinin t\u0259\u015fkilat\u00e7\u0131l\u0131\u011f\u0131, respublikam\u0131z\u0131n tan\u0131nm\u0131\u015f m\u00fc\u011f\u0259nnil\u0259rinin i\u015ftirak\u0131 il\u0259 Z\u0259rdab rayonunda &#8211; Heyd\u0259r \u018fliyev meydan\u0131nda geni\u015f konsert proqram\u0131n\u0131n t\u0259\u015fkil olunaca\u011f\u0131 bar\u0259d\u0259 Zerdab.com sayt\u0131nda m\u0259lumat verilmi\u015fdi. \u00d6t\u0259n g\u00fcn konsert proqram\u0131 ba\u015f tutub. Saat 19:00-da ba\u015flayan konsert proqram\u0131nda minl\u0259rl\u0259 rayon sakini i\u015ftirak edib. Konsert proqram\u0131n\u0131n sonunda at\u0259\u015ff\u0259\u015fanl\u0131q olub. Qeyd ed\u0259k ki, konsert proqram\u0131 G\u0259ncl\u0259r [&hellip;]<\/p>\n","protected":false},"author":1,"featured_media":0,"comment_status":"open","ping_status":"open","sticky":false,"template":"","format":"standard","meta":{"footnotes":""},"categories":[5],"tags":[],"class_list":{"0":"post-10597","1":"post","2":"type-post","3":"status-publish","4":"format-standard","6":"category-knd"},"yoast_head":"<!-- This site is optimized with the Yoast SEO plugin v27.0 - https:\/\/yoast.com\/product\/yoast-seo-wordpress\/ -->\n<title>Z\u0259rdab rayonunda m\u00f6ht\u0259\u015f\u0259m konsert proqram\u0131 - fotolar - Z\u0259rdab.com<\/title>\n<meta name=\"robots\" content=\"index, follow, max-snippet:-1, max-image-preview:large, max-video-preview:-1\" \/>\n<link rel=\"canonical\" href=\"https:\/\/www.zerdab.com\/?p=10597\" \/>\n<meta property=\"og:locale\" content=\"az_AZ\" \/>\n<meta property=\"og:type\" content=\"article\" \/>\n<meta property=\"og:title\" content=\"Z\u0259rdab rayonunda m\u00f6ht\u0259\u015f\u0259m konsert proqram\u0131 - fotolar - Z\u0259rdab.com\" \/>\n<meta property=\"og:description\" content=\"\u0130yunun 17-d\u0259 G\u0259ncl\u0259r v\u0259 \u0130dman Nazirliyinin t\u0259\u015fkilat\u00e7\u0131l\u0131\u011f\u0131, respublikam\u0131z\u0131n tan\u0131nm\u0131\u015f m\u00fc\u011f\u0259nnil\u0259rinin i\u015ftirak\u0131 il\u0259 Z\u0259rdab rayonunda &#8211; Heyd\u0259r \u018fliyev meydan\u0131nda geni\u015f konsert proqram\u0131n\u0131n t\u0259\u015fkil olunaca\u011f\u0131 bar\u0259d\u0259 Zerdab.com sayt\u0131nda m\u0259lumat verilmi\u015fdi. \u00d6t\u0259n g\u00fcn konsert proqram\u0131 ba\u015f tutub. Saat 19:00-da ba\u015flayan konsert proqram\u0131nda minl\u0259rl\u0259 rayon sakini i\u015ftirak edib. Konsert proqram\u0131n\u0131n sonunda at\u0259\u015ff\u0259\u015fanl\u0131q olub. Qeyd ed\u0259k ki, konsert proqram\u0131 G\u0259ncl\u0259r [&hellip;]\" \/>\n<meta property=\"og:url\" content=\"https:\/\/www.zerdab.com\/?p=10597\" \/>\n<meta property=\"og:site_name\" content=\"Z\u0259rdab.com\" \/>\n<meta property=\"article:published_time\" content=\"2013-06-18T06:59:26+00:00\" \/>\n<meta property=\"article:modified_time\" content=\"2013-06-18T10:35:23+00:00\" \/>\n<meta property=\"og:image\" content=\"http:\/\/www.zerdab.com\/wp-content\/uploads\/2013\/06\/Zerdab-konsert-600x398.jpg\" \/>\n<meta name=\"author\" content=\"admin\" \/>\n<meta name=\"twitter:card\" content=\"summary_large_image\" \/>\n<meta name=\"twitter:label1\" content=\"Written by\" \/>\n\t<meta name=\"twitter:data1\" content=\"admin\" \/>\n\t<meta name=\"twitter:label2\" content=\"Est. reading time\" \/>\n\t<meta name=\"twitter:data2\" content=\"1 minute\" \/>\n<script type=\"application\/ld+json\" class=\"yoast-schema-graph\">{\"@context\":\"https:\/\/schema.org\",\"@graph\":[{\"@type\":\"Article\",\"@id\":\"https:\/\/www.zerdab.com\/?p=10597#article\",\"isPartOf\":{\"@id\":\"https:\/\/www.zerdab.com\/?p=10597\"},\"author\":{\"name\":\"admin\",\"@id\":\"https:\/\/www.zerdab.com\/#\/schema\/person\/97079b7570c1e89ec0d9e138c3672136\"},\"headline\":\"Z\u0259rdab rayonunda m\u00f6ht\u0259\u015f\u0259m konsert proqram\u0131 &#8211; fotolar\",\"datePublished\":\"2013-06-18T06:59:26+00:00\",\"dateModified\":\"2013-06-18T10:35:23+00:00\",\"mainEntityOfPage\":{\"@id\":\"https:\/\/www.zerdab.com\/?p=10597\"},\"wordCount\":131,\"commentCount\":12,\"image\":{\"@id\":\"https:\/\/www.zerdab.com\/?p=10597#primaryimage\"},\"thumbnailUrl\":\"http:\/\/www.zerdab.com\/wp-content\/uploads\/2013\/06\/Zerdab-konsert-600x398.jpg\",\"articleSection\":[\"X\u018fB\u018fRL\u018fR\"],\"inLanguage\":\"az\",\"potentialAction\":[{\"@type\":\"CommentAction\",\"name\":\"Comment\",\"target\":[\"https:\/\/www.zerdab.com\/?p=10597#respond\"]}]},{\"@type\":\"WebPage\",\"@id\":\"https:\/\/www.zerdab.com\/?p=10597\",\"url\":\"https:\/\/www.zerdab.com\/?p=10597\",\"name\":\"Z\u0259rdab rayonunda m\u00f6ht\u0259\u015f\u0259m konsert proqram\u0131 - fotolar - Z\u0259rdab.com\",\"isPartOf\":{\"@id\":\"https:\/\/www.zerdab.com\/#website\"},\"primaryImageOfPage\":{\"@id\":\"https:\/\/www.zerdab.com\/?p=10597#primaryimage\"},\"image\":{\"@id\":\"https:\/\/www.zerdab.com\/?p=10597#primaryimage\"},\"thumbnailUrl\":\"http:\/\/www.zerdab.com\/wp-content\/uploads\/2013\/06\/Zerdab-konsert-600x398.jpg\",\"datePublished\":\"2013-06-18T06:59:26+00:00\",\"dateModified\":\"2013-06-18T10:35:23+00:00\",\"author\":{\"@id\":\"https:\/\/www.zerdab.com\/#\/schema\/person\/97079b7570c1e89ec0d9e138c3672136\"},\"breadcrumb\":{\"@id\":\"https:\/\/www.zerdab.com\/?p=10597#breadcrumb\"},\"inLanguage\":\"az\",\"potentialAction\":[{\"@type\":\"ReadAction\",\"target\":[\"https:\/\/www.zerdab.com\/?p=10597\"]}]},{\"@type\":\"ImageObject\",\"inLanguage\":\"az\",\"@id\":\"https:\/\/www.zerdab.com\/?p=10597#primaryimage\",\"url\":\"\",\"contentUrl\":\"\",\"width\":800,\"height\":531},{\"@type\":\"BreadcrumbList\",\"@id\":\"https:\/\/www.zerdab.com\/?p=10597#breadcrumb\",\"itemListElement\":[{\"@type\":\"ListItem\",\"position\":1,\"name\":\"Home\",\"item\":\"https:\/\/www.zerdab.com\/\"},{\"@type\":\"ListItem\",\"position\":2,\"name\":\"Z\u0259rdab rayonunda m\u00f6ht\u0259\u015f\u0259m konsert proqram\u0131 &#8211; fotolar\"}]},{\"@type\":\"WebSite\",\"@id\":\"https:\/\/www.zerdab.com\/#website\",\"url\":\"https:\/\/www.zerdab.com\/\",\"name\":\"Z\u0259rdab.com\",\"description\":\"\",\"potentialAction\":[{\"@type\":\"SearchAction\",\"target\":{\"@type\":\"EntryPoint\",\"urlTemplate\":\"https:\/\/www.zerdab.com\/?s={search_term_string}\"},\"query-input\":{\"@type\":\"PropertyValueSpecification\",\"valueRequired\":true,\"valueName\":\"search_term_string\"}}],\"inLanguage\":\"az\"},{\"@type\":\"Person\",\"@id\":\"https:\/\/www.zerdab.com\/#\/schema\/person\/97079b7570c1e89ec0d9e138c3672136\",\"name\":\"admin\",\"image\":{\"@type\":\"ImageObject\",\"inLanguage\":\"az\",\"@id\":\"https:\/\/www.zerdab.com\/#\/schema\/person\/image\/\",\"url\":\"https:\/\/secure.gravatar.com\/avatar\/d9c52a9a27c32119cb6679a077fa3e2779e5f822c451cbf01098004361d466ec?s=96&d=mm&r=g\",\"contentUrl\":\"https:\/\/secure.gravatar.com\/avatar\/d9c52a9a27c32119cb6679a077fa3e2779e5f822c451cbf01098004361d466ec?s=96&d=mm&r=g\",\"caption\":\"admin\"},\"url\":\"https:\/\/www.zerdab.com\/?author=1\"}]}<\/script>\n<!-- \/ Yoast SEO plugin. -->","yoast_head_json":{"title":"Z\u0259rdab rayonunda m\u00f6ht\u0259\u015f\u0259m konsert proqram\u0131 - fotolar - Z\u0259rdab.com","robots":{"index":"index","follow":"follow","max-snippet":"max-snippet:-1","max-image-preview":"max-image-preview:large","max-video-preview":"max-video-preview:-1"},"canonical":"https:\/\/www.zerdab.com\/?p=10597","og_locale":"az_AZ","og_type":"article","og_title":"Z\u0259rdab rayonunda m\u00f6ht\u0259\u015f\u0259m konsert proqram\u0131 - fotolar - Z\u0259rdab.com","og_description":"\u0130yunun 17-d\u0259 G\u0259ncl\u0259r v\u0259 \u0130dman Nazirliyinin t\u0259\u015fkilat\u00e7\u0131l\u0131\u011f\u0131, respublikam\u0131z\u0131n tan\u0131nm\u0131\u015f m\u00fc\u011f\u0259nnil\u0259rinin i\u015ftirak\u0131 il\u0259 Z\u0259rdab rayonunda &#8211; Heyd\u0259r \u018fliyev meydan\u0131nda geni\u015f konsert proqram\u0131n\u0131n t\u0259\u015fkil olunaca\u011f\u0131 bar\u0259d\u0259 Zerdab.com sayt\u0131nda m\u0259lumat verilmi\u015fdi. \u00d6t\u0259n g\u00fcn konsert proqram\u0131 ba\u015f tutub. Saat 19:00-da ba\u015flayan konsert proqram\u0131nda minl\u0259rl\u0259 rayon sakini i\u015ftirak edib. Konsert proqram\u0131n\u0131n sonunda at\u0259\u015ff\u0259\u015fanl\u0131q olub. Qeyd ed\u0259k ki, konsert proqram\u0131 G\u0259ncl\u0259r [&hellip;]","og_url":"https:\/\/www.zerdab.com\/?p=10597","og_site_name":"Z\u0259rdab.com","article_published_time":"2013-06-18T06:59:26+00:00","article_modified_time":"2013-06-18T10:35:23+00:00","og_image":[{"url":"http:\/\/www.zerdab.com\/wp-content\/uploads\/2013\/06\/Zerdab-konsert-600x398.jpg","type":"","width":"","height":""}],"author":"admin","twitter_card":"summary_large_image","twitter_misc":{"Written by":"admin","Est. reading time":"1 minute"},"schema":{"@context":"https:\/\/schema.org","@graph":[{"@type":"Article","@id":"https:\/\/www.zerdab.com\/?p=10597#article","isPartOf":{"@id":"https:\/\/www.zerdab.com\/?p=10597"},"author":{"name":"admin","@id":"https:\/\/www.zerdab.com\/#\/schema\/person\/97079b7570c1e89ec0d9e138c3672136"},"headline":"Z\u0259rdab rayonunda m\u00f6ht\u0259\u015f\u0259m konsert proqram\u0131 &#8211; fotolar","datePublished":"2013-06-18T06:59:26+00:00","dateModified":"2013-06-18T10:35:23+00:00","mainEntityOfPage":{"@id":"https:\/\/www.zerdab.com\/?p=10597"},"wordCount":131,"commentCount":12,"image":{"@id":"https:\/\/www.zerdab.com\/?p=10597#primaryimage"},"thumbnailUrl":"http:\/\/www.zerdab.com\/wp-content\/uploads\/2013\/06\/Zerdab-konsert-600x398.jpg","articleSection":["X\u018fB\u018fRL\u018fR"],"inLanguage":"az","potentialAction":[{"@type":"CommentAction","name":"Comment","target":["https:\/\/www.zerdab.com\/?p=10597#respond"]}]},{"@type":"WebPage","@id":"https:\/\/www.zerdab.com\/?p=10597","url":"https:\/\/www.zerdab.com\/?p=10597","name":"Z\u0259rdab rayonunda m\u00f6ht\u0259\u015f\u0259m konsert proqram\u0131 - fotolar - Z\u0259rdab.com","isPartOf":{"@id":"https:\/\/www.zerdab.com\/#website"},"primaryImageOfPage":{"@id":"https:\/\/www.zerdab.com\/?p=10597#primaryimage"},"image":{"@id":"https:\/\/www.zerdab.com\/?p=10597#primaryimage"},"thumbnailUrl":"http:\/\/www.zerdab.com\/wp-content\/uploads\/2013\/06\/Zerdab-konsert-600x398.jpg","datePublished":"2013-06-18T06:59:26+00:00","dateModified":"2013-06-18T10:35:23+00:00","author":{"@id":"https:\/\/www.zerdab.com\/#\/schema\/person\/97079b7570c1e89ec0d9e138c3672136"},"breadcrumb":{"@id":"https:\/\/www.zerdab.com\/?p=10597#breadcrumb"},"inLanguage":"az","potentialAction":[{"@type":"ReadAction","target":["https:\/\/www.zerdab.com\/?p=10597"]}]},{"@type":"ImageObject","inLanguage":"az","@id":"https:\/\/www.zerdab.com\/?p=10597#primaryimage","url":"","contentUrl":"","width":800,"height":531},{"@type":"BreadcrumbList","@id":"https:\/\/www.zerdab.com\/?p=10597#breadcrumb","itemListElement":[{"@type":"ListItem","position":1,"name":"Home","item":"https:\/\/www.zerdab.com\/"},{"@type":"ListItem","position":2,"name":"Z\u0259rdab rayonunda m\u00f6ht\u0259\u015f\u0259m konsert proqram\u0131 &#8211; fotolar"}]},{"@type":"WebSite","@id":"https:\/\/www.zerdab.com\/#website","url":"https:\/\/www.zerdab.com\/","name":"Z\u0259rdab.com","description":"","potentialAction":[{"@type":"SearchAction","target":{"@type":"EntryPoint","urlTemplate":"https:\/\/www.zerdab.com\/?s={search_term_string}"},"query-input":{"@type":"PropertyValueSpecification","valueRequired":true,"valueName":"search_term_string"}}],"inLanguage":"az"},{"@type":"Person","@id":"https:\/\/www.zerdab.com\/#\/schema\/person\/97079b7570c1e89ec0d9e138c3672136","name":"admin","image":{"@type":"ImageObject","inLanguage":"az","@id":"https:\/\/www.zerdab.com\/#\/schema\/person\/image\/","url":"https:\/\/secure.gravatar.com\/avatar\/d9c52a9a27c32119cb6679a077fa3e2779e5f822c451cbf01098004361d466ec?s=96&d=mm&r=g","contentUrl":"https:\/\/secure.gravatar.com\/avatar\/d9c52a9a27c32119cb6679a077fa3e2779e5f822c451cbf01098004361d466ec?s=96&d=mm&r=g","caption":"admin"},"url":"https:\/\/www.zerdab.com\/?author=1"}]}},"_links":{"self":[{"href":"https:\/\/www.zerdab.com\/index.php?rest_route=\/wp\/v2\/posts\/10597","targetHints":{"allow":["GET"]}}],"collection":[{"href":"https:\/\/www.zerdab.com\/index.php?rest_route=\/wp\/v2\/posts"}],"about":[{"href":"https:\/\/www.zerdab.com\/index.php?rest_route=\/wp\/v2\/types\/post"}],"author":[{"embeddable":true,"href":"https:\/\/www.zerdab.com\/index.php?rest_route=\/wp\/v2\/users\/1"}],"replies":[{"embeddable":true,"href":"https:\/\/www.zerdab.com\/index.php?rest_route=%2Fwp%2Fv2%2Fcomments&post=10597"}],"version-history":[{"count":2,"href":"https:\/\/www.zerdab.com\/index.php?rest_route=\/wp\/v2\/posts\/10597\/revisions"}],"predecessor-version":[{"id":10612,"href":"https:\/\/www.zerdab.com\/index.php?rest_route=\/wp\/v2\/posts\/10597\/revisions\/10612"}],"wp:attachment":[{"href":"https:\/\/www.zerdab.com\/index.php?rest_route=%2Fwp%2Fv2%2Fmedia&parent=10597"}],"wp:term":[{"taxonomy":"category","embeddable":true,"href":"https:\/\/www.zerdab.com\/index.php?rest_route=%2Fwp%2Fv2%2Fcategories&post=10597"},{"taxonomy":"post_tag","embeddable":true,"href":"https:\/\/www.zerdab.com\/index.php?rest_route=%2Fwp%2Fv2%2Ftags&post=10597"}],"curies":[{"name":"wp","href":"https:\/\/api.w.org\/{rel}","templated":true}]}}