{"id":10721,"date":"2013-06-25T23:24:39","date_gmt":"2013-06-25T18:24:39","guid":{"rendered":"http:\/\/www.zerdab.com\/?p=10721"},"modified":"2013-06-25T23:25:10","modified_gmt":"2013-06-25T18:25:10","slug":"z%c9%99rdabda-kecirilmis-konsert-proqramini-azad-az%c9%99rbaycanda-izl%c9%99yin-elan","status":"publish","type":"post","link":"https:\/\/www.zerdab.com\/?p=10721","title":{"rendered":"Z\u0259rdabda ke\u00e7irilmi\u015f konsert proqram\u0131n\u0131 &#8220;Azad Az\u0259rbaycan&#8221;da izl\u0259yin"},"content":{"rendered":"<p><img loading=\"lazy\" decoding=\"async\" class=\"aligncenter size-medium wp-image-10722\" alt=\"Konsert\" src=\"http:\/\/www.zerdab.com\/wp-content\/uploads\/2013\/06\/Konsert-Z\u0259rdab-600x398.jpg\" width=\"600\" height=\"398\" \/><span style=\"color: #000000;\"><strong>17 iyun 2013-c\u00fc il tarixd\u0259 Az\u0259rbaycan Respublikas\u0131 G\u0259ncl\u0259r v\u0259 \u0130dman Nazirliyinin t\u0259\u015fkilat\u00e7\u0131l\u0131\u011f\u0131, respublikam\u0131z\u0131n tan\u0131nm\u0131\u015f m\u00fc\u011f\u0259nnil\u0259rinin i\u015ftirak\u0131 il\u0259 Z\u0259rdab rayonunda ke\u00e7irilmi\u015f konsert proqram\u0131 &#8220;Azad Az\u0259rbaycan&#8221; telekanal\u0131nda efir\u0259 yay\u0131mlanacaq.<\/strong><\/span> <span style=\"color: #0000ff;\"><strong>Konsert proqram\u0131 iyunun 26-\u0131, saat 17:00-da efir\u0259 veril\u0259c\u0259k.<\/strong><\/span><\/p>\n<p><span style=\"color: #ff0000;\"><strong>Zerdab.com<\/strong><\/span><\/p>\n","protected":false},"excerpt":{"rendered":"<p>17 iyun 2013-c\u00fc il tarixd\u0259 Az\u0259rbaycan Respublikas\u0131 G\u0259ncl\u0259r v\u0259 \u0130dman Nazirliyinin t\u0259\u015fkilat\u00e7\u0131l\u0131\u011f\u0131, respublikam\u0131z\u0131n tan\u0131nm\u0131\u015f m\u00fc\u011f\u0259nnil\u0259rinin i\u015ftirak\u0131 il\u0259 Z\u0259rdab rayonunda ke\u00e7irilmi\u015f konsert proqram\u0131 &#8220;Azad Az\u0259rbaycan&#8221; telekanal\u0131nda efir\u0259 yay\u0131mlanacaq. Konsert proqram\u0131 iyunun 26-\u0131, saat 17:00-da efir\u0259 veril\u0259c\u0259k. Zerdab.com<\/p>\n","protected":false},"author":1,"featured_media":0,"comment_status":"open","ping_status":"open","sticky":false,"template":"","format":"standard","meta":{"footnotes":""},"categories":[5],"tags":[],"class_list":{"0":"post-10721","1":"post","2":"type-post","3":"status-publish","4":"format-standard","6":"category-knd"},"yoast_head":"<!-- This site is optimized with the Yoast SEO plugin v27.0 - https:\/\/yoast.com\/product\/yoast-seo-wordpress\/ -->\n<title>Z\u0259rdabda ke\u00e7irilmi\u015f konsert proqram\u0131n\u0131 &quot;Azad Az\u0259rbaycan&quot;da izl\u0259yin  - Z\u0259rdab.com<\/title>\n<meta name=\"robots\" content=\"index, follow, max-snippet:-1, max-image-preview:large, max-video-preview:-1\" \/>\n<link rel=\"canonical\" href=\"https:\/\/www.zerdab.com\/?p=10721\" \/>\n<meta property=\"og:locale\" content=\"az_AZ\" \/>\n<meta property=\"og:type\" content=\"article\" \/>\n<meta property=\"og:title\" content=\"Z\u0259rdabda ke\u00e7irilmi\u015f konsert proqram\u0131n\u0131 &quot;Azad Az\u0259rbaycan&quot;da izl\u0259yin  - Z\u0259rdab.com\" \/>\n<meta property=\"og:description\" content=\"17 iyun 2013-c\u00fc il tarixd\u0259 Az\u0259rbaycan Respublikas\u0131 G\u0259ncl\u0259r v\u0259 \u0130dman Nazirliyinin t\u0259\u015fkilat\u00e7\u0131l\u0131\u011f\u0131, respublikam\u0131z\u0131n tan\u0131nm\u0131\u015f m\u00fc\u011f\u0259nnil\u0259rinin i\u015ftirak\u0131 il\u0259 Z\u0259rdab rayonunda ke\u00e7irilmi\u015f konsert proqram\u0131 &#8220;Azad Az\u0259rbaycan&#8221; telekanal\u0131nda efir\u0259 yay\u0131mlanacaq. Konsert proqram\u0131 iyunun 26-\u0131, saat 17:00-da efir\u0259 veril\u0259c\u0259k. Zerdab.com\" \/>\n<meta property=\"og:url\" content=\"https:\/\/www.zerdab.com\/?p=10721\" \/>\n<meta property=\"og:site_name\" content=\"Z\u0259rdab.com\" \/>\n<meta property=\"article:published_time\" content=\"2013-06-25T18:24:39+00:00\" \/>\n<meta property=\"article:modified_time\" content=\"2013-06-25T18:25:10+00:00\" \/>\n<meta name=\"author\" content=\"admin\" \/>\n<meta name=\"twitter:card\" content=\"summary_large_image\" \/>\n<meta name=\"twitter:label1\" content=\"Written by\" \/>\n\t<meta name=\"twitter:data1\" content=\"admin\" \/>\n<script type=\"application\/ld+json\" class=\"yoast-schema-graph\">{\"@context\":\"https:\/\/schema.org\",\"@graph\":[{\"@type\":\"Article\",\"@id\":\"https:\/\/www.zerdab.com\/?p=10721#article\",\"isPartOf\":{\"@id\":\"https:\/\/www.zerdab.com\/?p=10721\"},\"author\":{\"name\":\"admin\",\"@id\":\"https:\/\/www.zerdab.com\/#\/schema\/person\/97079b7570c1e89ec0d9e138c3672136\"},\"headline\":\"Z\u0259rdabda ke\u00e7irilmi\u015f konsert proqram\u0131n\u0131 &#8220;Azad Az\u0259rbaycan&#8221;da izl\u0259yin\",\"datePublished\":\"2013-06-25T18:24:39+00:00\",\"dateModified\":\"2013-06-25T18:25:10+00:00\",\"mainEntityOfPage\":{\"@id\":\"https:\/\/www.zerdab.com\/?p=10721\"},\"wordCount\":67,\"commentCount\":0,\"articleSection\":[\"X\u018fB\u018fRL\u018fR\"],\"inLanguage\":\"az\",\"potentialAction\":[{\"@type\":\"CommentAction\",\"name\":\"Comment\",\"target\":[\"https:\/\/www.zerdab.com\/?p=10721#respond\"]}]},{\"@type\":\"WebPage\",\"@id\":\"https:\/\/www.zerdab.com\/?p=10721\",\"url\":\"https:\/\/www.zerdab.com\/?p=10721\",\"name\":\"Z\u0259rdabda ke\u00e7irilmi\u015f konsert proqram\u0131n\u0131 \\\"Azad Az\u0259rbaycan\\\"da izl\u0259yin - Z\u0259rdab.com\",\"isPartOf\":{\"@id\":\"https:\/\/www.zerdab.com\/#website\"},\"datePublished\":\"2013-06-25T18:24:39+00:00\",\"dateModified\":\"2013-06-25T18:25:10+00:00\",\"author\":{\"@id\":\"https:\/\/www.zerdab.com\/#\/schema\/person\/97079b7570c1e89ec0d9e138c3672136\"},\"breadcrumb\":{\"@id\":\"https:\/\/www.zerdab.com\/?p=10721#breadcrumb\"},\"inLanguage\":\"az\",\"potentialAction\":[{\"@type\":\"ReadAction\",\"target\":[\"https:\/\/www.zerdab.com\/?p=10721\"]}]},{\"@type\":\"BreadcrumbList\",\"@id\":\"https:\/\/www.zerdab.com\/?p=10721#breadcrumb\",\"itemListElement\":[{\"@type\":\"ListItem\",\"position\":1,\"name\":\"Home\",\"item\":\"https:\/\/www.zerdab.com\/\"},{\"@type\":\"ListItem\",\"position\":2,\"name\":\"Z\u0259rdabda ke\u00e7irilmi\u015f konsert proqram\u0131n\u0131 &#8220;Azad Az\u0259rbaycan&#8221;da izl\u0259yin\"}]},{\"@type\":\"WebSite\",\"@id\":\"https:\/\/www.zerdab.com\/#website\",\"url\":\"https:\/\/www.zerdab.com\/\",\"name\":\"Z\u0259rdab.com\",\"description\":\"\",\"potentialAction\":[{\"@type\":\"SearchAction\",\"target\":{\"@type\":\"EntryPoint\",\"urlTemplate\":\"https:\/\/www.zerdab.com\/?s={search_term_string}\"},\"query-input\":{\"@type\":\"PropertyValueSpecification\",\"valueRequired\":true,\"valueName\":\"search_term_string\"}}],\"inLanguage\":\"az\"},{\"@type\":\"Person\",\"@id\":\"https:\/\/www.zerdab.com\/#\/schema\/person\/97079b7570c1e89ec0d9e138c3672136\",\"name\":\"admin\",\"image\":{\"@type\":\"ImageObject\",\"inLanguage\":\"az\",\"@id\":\"https:\/\/www.zerdab.com\/#\/schema\/person\/image\/\",\"url\":\"https:\/\/secure.gravatar.com\/avatar\/d9c52a9a27c32119cb6679a077fa3e2779e5f822c451cbf01098004361d466ec?s=96&d=mm&r=g\",\"contentUrl\":\"https:\/\/secure.gravatar.com\/avatar\/d9c52a9a27c32119cb6679a077fa3e2779e5f822c451cbf01098004361d466ec?s=96&d=mm&r=g\",\"caption\":\"admin\"},\"url\":\"https:\/\/www.zerdab.com\/?author=1\"}]}<\/script>\n<!-- \/ Yoast SEO plugin. -->","yoast_head_json":{"title":"Z\u0259rdabda ke\u00e7irilmi\u015f konsert proqram\u0131n\u0131 \"Azad Az\u0259rbaycan\"da izl\u0259yin  - Z\u0259rdab.com","robots":{"index":"index","follow":"follow","max-snippet":"max-snippet:-1","max-image-preview":"max-image-preview:large","max-video-preview":"max-video-preview:-1"},"canonical":"https:\/\/www.zerdab.com\/?p=10721","og_locale":"az_AZ","og_type":"article","og_title":"Z\u0259rdabda ke\u00e7irilmi\u015f konsert proqram\u0131n\u0131 \"Azad Az\u0259rbaycan\"da izl\u0259yin  - Z\u0259rdab.com","og_description":"17 iyun 2013-c\u00fc il tarixd\u0259 Az\u0259rbaycan Respublikas\u0131 G\u0259ncl\u0259r v\u0259 \u0130dman Nazirliyinin t\u0259\u015fkilat\u00e7\u0131l\u0131\u011f\u0131, respublikam\u0131z\u0131n tan\u0131nm\u0131\u015f m\u00fc\u011f\u0259nnil\u0259rinin i\u015ftirak\u0131 il\u0259 Z\u0259rdab rayonunda ke\u00e7irilmi\u015f konsert proqram\u0131 &#8220;Azad Az\u0259rbaycan&#8221; telekanal\u0131nda efir\u0259 yay\u0131mlanacaq. Konsert proqram\u0131 iyunun 26-\u0131, saat 17:00-da efir\u0259 veril\u0259c\u0259k. Zerdab.com","og_url":"https:\/\/www.zerdab.com\/?p=10721","og_site_name":"Z\u0259rdab.com","article_published_time":"2013-06-25T18:24:39+00:00","article_modified_time":"2013-06-25T18:25:10+00:00","author":"admin","twitter_card":"summary_large_image","twitter_misc":{"Written by":"admin"},"schema":{"@context":"https:\/\/schema.org","@graph":[{"@type":"Article","@id":"https:\/\/www.zerdab.com\/?p=10721#article","isPartOf":{"@id":"https:\/\/www.zerdab.com\/?p=10721"},"author":{"name":"admin","@id":"https:\/\/www.zerdab.com\/#\/schema\/person\/97079b7570c1e89ec0d9e138c3672136"},"headline":"Z\u0259rdabda ke\u00e7irilmi\u015f konsert proqram\u0131n\u0131 &#8220;Azad Az\u0259rbaycan&#8221;da izl\u0259yin","datePublished":"2013-06-25T18:24:39+00:00","dateModified":"2013-06-25T18:25:10+00:00","mainEntityOfPage":{"@id":"https:\/\/www.zerdab.com\/?p=10721"},"wordCount":67,"commentCount":0,"articleSection":["X\u018fB\u018fRL\u018fR"],"inLanguage":"az","potentialAction":[{"@type":"CommentAction","name":"Comment","target":["https:\/\/www.zerdab.com\/?p=10721#respond"]}]},{"@type":"WebPage","@id":"https:\/\/www.zerdab.com\/?p=10721","url":"https:\/\/www.zerdab.com\/?p=10721","name":"Z\u0259rdabda ke\u00e7irilmi\u015f konsert proqram\u0131n\u0131 \"Azad Az\u0259rbaycan\"da izl\u0259yin - Z\u0259rdab.com","isPartOf":{"@id":"https:\/\/www.zerdab.com\/#website"},"datePublished":"2013-06-25T18:24:39+00:00","dateModified":"2013-06-25T18:25:10+00:00","author":{"@id":"https:\/\/www.zerdab.com\/#\/schema\/person\/97079b7570c1e89ec0d9e138c3672136"},"breadcrumb":{"@id":"https:\/\/www.zerdab.com\/?p=10721#breadcrumb"},"inLanguage":"az","potentialAction":[{"@type":"ReadAction","target":["https:\/\/www.zerdab.com\/?p=10721"]}]},{"@type":"BreadcrumbList","@id":"https:\/\/www.zerdab.com\/?p=10721#breadcrumb","itemListElement":[{"@type":"ListItem","position":1,"name":"Home","item":"https:\/\/www.zerdab.com\/"},{"@type":"ListItem","position":2,"name":"Z\u0259rdabda ke\u00e7irilmi\u015f konsert proqram\u0131n\u0131 &#8220;Azad Az\u0259rbaycan&#8221;da izl\u0259yin"}]},{"@type":"WebSite","@id":"https:\/\/www.zerdab.com\/#website","url":"https:\/\/www.zerdab.com\/","name":"Z\u0259rdab.com","description":"","potentialAction":[{"@type":"SearchAction","target":{"@type":"EntryPoint","urlTemplate":"https:\/\/www.zerdab.com\/?s={search_term_string}"},"query-input":{"@type":"PropertyValueSpecification","valueRequired":true,"valueName":"search_term_string"}}],"inLanguage":"az"},{"@type":"Person","@id":"https:\/\/www.zerdab.com\/#\/schema\/person\/97079b7570c1e89ec0d9e138c3672136","name":"admin","image":{"@type":"ImageObject","inLanguage":"az","@id":"https:\/\/www.zerdab.com\/#\/schema\/person\/image\/","url":"https:\/\/secure.gravatar.com\/avatar\/d9c52a9a27c32119cb6679a077fa3e2779e5f822c451cbf01098004361d466ec?s=96&d=mm&r=g","contentUrl":"https:\/\/secure.gravatar.com\/avatar\/d9c52a9a27c32119cb6679a077fa3e2779e5f822c451cbf01098004361d466ec?s=96&d=mm&r=g","caption":"admin"},"url":"https:\/\/www.zerdab.com\/?author=1"}]}},"_links":{"self":[{"href":"https:\/\/www.zerdab.com\/index.php?rest_route=\/wp\/v2\/posts\/10721","targetHints":{"allow":["GET"]}}],"collection":[{"href":"https:\/\/www.zerdab.com\/index.php?rest_route=\/wp\/v2\/posts"}],"about":[{"href":"https:\/\/www.zerdab.com\/index.php?rest_route=\/wp\/v2\/types\/post"}],"author":[{"embeddable":true,"href":"https:\/\/www.zerdab.com\/index.php?rest_route=\/wp\/v2\/users\/1"}],"replies":[{"embeddable":true,"href":"https:\/\/www.zerdab.com\/index.php?rest_route=%2Fwp%2Fv2%2Fcomments&post=10721"}],"version-history":[{"count":3,"href":"https:\/\/www.zerdab.com\/index.php?rest_route=\/wp\/v2\/posts\/10721\/revisions"}],"predecessor-version":[{"id":10724,"href":"https:\/\/www.zerdab.com\/index.php?rest_route=\/wp\/v2\/posts\/10721\/revisions\/10724"}],"wp:attachment":[{"href":"https:\/\/www.zerdab.com\/index.php?rest_route=%2Fwp%2Fv2%2Fmedia&parent=10721"}],"wp:term":[{"taxonomy":"category","embeddable":true,"href":"https:\/\/www.zerdab.com\/index.php?rest_route=%2Fwp%2Fv2%2Fcategories&post=10721"},{"taxonomy":"post_tag","embeddable":true,"href":"https:\/\/www.zerdab.com\/index.php?rest_route=%2Fwp%2Fv2%2Ftags&post=10721"}],"curies":[{"name":"wp","href":"https:\/\/api.w.org\/{rel}","templated":true}]}}