{"id":10761,"date":"2013-06-27T17:09:07","date_gmt":"2013-06-27T12:09:07","guid":{"rendered":"http:\/\/www.zerdab.com\/?p=10761"},"modified":"2013-06-28T10:10:46","modified_gmt":"2013-06-28T05:10:46","slug":"z%c9%99rdab-rayon-polis-sob%c9%99sinin-binasinin-acilis-m%c9%99rasimi-kecirilib","status":"publish","type":"post","link":"https:\/\/www.zerdab.com\/?p=10761","title":{"rendered":"Z\u0259rdab Rayon Polis \u015e\u00f6b\u0259sinin binas\u0131n\u0131n a\u00e7\u0131l\u0131\u015f m\u0259rasimi ke\u00e7irilib"},"content":{"rendered":"<p><span style=\"color: #0000ff;\"><strong><img loading=\"lazy\" decoding=\"async\" class=\"aligncenter size-medium wp-image-10762\" alt=\"Z\u0259rdab Rayon Polis \u015e\u00f6b\u0259si\" src=\"http:\/\/www.zerdab.com\/wp-content\/uploads\/2013\/06\/Z\u0259rdab-Rayon-Polis-\u015e\u00f6b\u0259si-600x398.jpg\" width=\"600\" height=\"398\" \/>Z\u0259rdab Rayon Polis \u015e\u00f6b\u0259sinin inzibati binas\u0131n\u0131n a\u00e7\u0131l\u0131\u015f m\u0259rasimi ke\u00e7irilib.\u00a0Qonaqlar n\u00f6vb\u0259t\u00e7i hiss\u0259y\u0259, xidm\u0259ti otaqlara, o c\u00fcml\u0259d\u0259n x\u00fcsusi avadanl\u0131q v\u0259 komp\u00fcter sistemi il\u0259 t\u0259chiz edilmi\u015f t\u0259dris ota\u011f\u0131na, akt zal\u0131na, M\u00fcv\u0259qq\u0259ti Saxlama T\u0259cridxanas\u0131na bax\u0131b, foyed\u0259 \u00fcmummilli lider Heyd\u0259r \u018fliyevin z\u0259ngin d\u00f6vl\u0259t\u00e7ilik f\u0259aliyy\u0259tini, Prezident \u0130lham \u018fliyevin daxili v\u0259 xarici siyas\u0259t sah\u0259sind\u0259 \u0259ld\u0259 etdiyi u\u011furlar\u0131, daxili i\u015fl\u0259r orqanlar\u0131na x\u00fcsusi diqq\u0259t v\u0259 qay\u011f\u0131s\u0131n\u0131 \u0259ks etdir\u0259n gu\u015f\u0259 v\u0259 fotostendl\u0259rl\u0259 tan\u0131\u015f olublar.<\/strong><\/span><\/p>\n<p>Z\u0259rdab Rayon \u0130HBA-n\u0131n informasiya t\u0259minat\u0131 v\u0259 t\u0259hlil sektorundan Zerdab.com sayt\u0131na veril\u0259n m\u0259lumata g\u00f6r\u0259, a\u00e7\u0131l\u0131\u015fda Az\u0259rbaycan Respublikas\u0131n\u0131n Daxili \u0130\u015fl\u0259r nazirinin m\u00fcavini c\u0259nab \u018fsg\u0259r \u018fl\u0259kb\u0259rov \u00f6z \u00e7\u0131x\u0131\u015f\u0131nda Rayon Polis \u015e\u00f6b\u0259sinin kollektivini v\u0259 \u015f\u0259xsi hey\u0259ti t\u0259brik ed\u0259r\u0259k, onlara u\u011furlar arzulay\u0131b.<\/p>\n<p>G\u00f6r\u00fcl\u0259n i\u015fl\u0259ri y\u00fcks\u0259k qiym\u0259tl\u0259ndir\u0259n nazir m\u00fcavini \u015f\u0259xsi hey\u0259tin normal f\u0259aliyy\u0259t g\u00f6st\u0259rm\u0259si \u00fc\u00e7\u00fcn laz\u0131mi \u015f\u0259raitin yarad\u0131lmas\u0131ndan m\u0259mnunlu\u011funu bildirib, t\u00f6vsiy\u0259l\u0259rini verib.<\/p>\n<p>Nazir m\u00fcavini \u018f. \u018fl\u0259kb\u0259rov \u0259min oldu\u011funu bildirib ki, Rayon Polis \u015e\u00f6b\u0259sinin \u015f\u0259xsi hey\u0259ti bu diqq\u0259t v\u0259 qay\u011f\u0131ya layiqli xidm\u0259ti il\u0259 cavab ver\u0259c\u0259k, rayonda sabitliyin, \u0259min-amanl\u0131\u011f\u0131n n\u00fcmun\u0259vi qorunmas\u0131na v\u0259 cinay\u0259tkarl\u0131qla q\u0259tiyy\u0259tli m\u00fcbariz\u0259 i\u015fin\u0259 \u00f6z t\u00f6hf\u0259sini ver\u0259c\u0259k.<\/p>\n<p>Rayon \u0130cra Hakimiyy\u0259tinin ba\u015f\u00e7\u0131s\u0131 c\u0259nab L\u00fctv\u0259li Babayev \u00e7\u0131x\u0131\u015f ed\u0259r\u0259k qonaqlar\u0131 salamlam\u0131\u015f, Z\u0259rdab Rayon Polis \u015e\u00f6b\u0259sinin yeni inzibati binas\u0131n\u0131n a\u00e7\u0131l\u0131\u015f\u0131 \u00a0v\u0259 qar\u015f\u0131dan g\u0259l\u0259n 2 iyul Polis \u0130\u015f\u00e7il\u0259ri G\u00fcn\u00fc m\u00fcnasib\u0259til\u0259 b\u00fct\u00fcn polis i\u015f\u00e7il\u0259rini t\u0259brik edib. \u0130cra ba\u015f\u00e7\u0131s\u0131 \u0259min oldu\u011funu bildirib ki, polis i\u015f\u00e7il\u0259ri qanunlar\u0131n aliliyinin t\u0259min olunmas\u0131, h\u00fcquqazidd \u0259m\u0259ll\u0259rin qar\u015f\u0131s\u0131n\u0131n al\u0131nmas\u0131 v\u0259 ictimai asayi\u015fin m\u00fchafiz\u0259sinin t\u0259min olunmas\u0131nda bundan sonra daha s\u0259m\u0259r\u0259li f\u0259aliyy\u0259t g\u00f6st\u0259r\u0259c\u0259kl\u0259r.<\/p>\n<p>Qeyd ed\u0259k ki,\u00a0tikintisin\u0259 \u00f6t\u0259n ilin aprelind\u0259 ba\u015flanan 3 m\u0259rt\u0259b\u0259li inzibati binan\u0131n \u00fcmumi sah\u0259si 2400 kvadratmetrdir. \u018fn m\u00fcasir standartlara uy\u011fun tikilmi\u015f binan\u0131n b\u00fct\u00fcn otaqlar\u0131 z\u0259ruri avadanl\u0131q, inventar v\u0259 kommunikasiyalarla t\u0259chiz edilib. Yeni tikilid\u0259 37 xidm\u0259ti otaq v\u0259 100 yerlik akt zal\u0131 var.<\/p>\n<p><span style=\"color: #0000ff;\"><strong>Zerdab.com<\/strong><\/span><\/p>\n<p><img loading=\"lazy\" decoding=\"async\" class=\"aligncenter size-medium wp-image-10765\" alt=\"Z\u0259rdab Rayon Polis \u015e\u00f6b\u0259si\" src=\"http:\/\/www.zerdab.com\/wp-content\/uploads\/2013\/06\/Z\u0259rdab-Rayon-Polis-\u015e\u00f6b\u0259si1-600x398.jpg\" width=\"600\" height=\"398\" \/><img loading=\"lazy\" decoding=\"async\" class=\"aligncenter size-medium wp-image-10770\" alt=\"Z\u0259rdab Rayon Polis \u015e\u00f6b\u0259si\" src=\"http:\/\/www.zerdab.com\/wp-content\/uploads\/2013\/06\/Z\u0259rdab-Rayon-Polis-\u015e\u00f6b\u0259si4-600x398.jpg\" width=\"600\" height=\"398\" \/><\/p>\n<p><img loading=\"lazy\" decoding=\"async\" class=\"aligncenter size-medium wp-image-10771\" alt=\"Z\u0259rdab Rayon Polis \u015e\u00f6b\u0259si\" src=\"http:\/\/www.zerdab.com\/wp-content\/uploads\/2013\/06\/Z\u0259rdab-Rayon-Polis-\u015e\u00f6b\u0259si3-600x398.jpg\" width=\"600\" height=\"398\" \/><img loading=\"lazy\" decoding=\"async\" class=\"aligncenter size-medium wp-image-10772\" alt=\"Z\u0259rdab Rayon Polis \u015e\u00f6b\u0259si\" src=\"http:\/\/www.zerdab.com\/wp-content\/uploads\/2013\/06\/Z\u0259rdab-Rayon-Polis-\u015e\u00f6b\u0259si2-600x398.jpg\" width=\"600\" height=\"398\" \/><img loading=\"lazy\" decoding=\"async\" class=\"aligncenter size-medium wp-image-10773\" alt=\"Z\u0259rdab Rayon Polis \u015e\u00f6b\u0259si\" src=\"http:\/\/www.zerdab.com\/wp-content\/uploads\/2013\/06\/Z\u0259rdab-Rayon-Polis-\u015e\u00f6b\u0259si5-600x398.jpg\" width=\"600\" height=\"398\" \/><\/p>\n<p><span style=\"color: #ff0000;\"><strong>Zerdab.com<\/strong><\/span><\/p>\n","protected":false},"excerpt":{"rendered":"<p>Z\u0259rdab Rayon Polis \u015e\u00f6b\u0259sinin inzibati binas\u0131n\u0131n a\u00e7\u0131l\u0131\u015f m\u0259rasimi ke\u00e7irilib.\u00a0Qonaqlar n\u00f6vb\u0259t\u00e7i hiss\u0259y\u0259, xidm\u0259ti otaqlara, o c\u00fcml\u0259d\u0259n x\u00fcsusi avadanl\u0131q v\u0259 komp\u00fcter sistemi il\u0259 t\u0259chiz edilmi\u015f t\u0259dris ota\u011f\u0131na, akt zal\u0131na, M\u00fcv\u0259qq\u0259ti Saxlama T\u0259cridxanas\u0131na bax\u0131b, foyed\u0259 \u00fcmummilli lider Heyd\u0259r \u018fliyevin z\u0259ngin d\u00f6vl\u0259t\u00e7ilik f\u0259aliyy\u0259tini, Prezident \u0130lham \u018fliyevin daxili v\u0259 xarici siyas\u0259t sah\u0259sind\u0259 \u0259ld\u0259 etdiyi u\u011furlar\u0131, daxili i\u015fl\u0259r orqanlar\u0131na x\u00fcsusi diqq\u0259t [&hellip;]<\/p>\n","protected":false},"author":1,"featured_media":0,"comment_status":"open","ping_status":"open","sticky":false,"template":"","format":"standard","meta":{"footnotes":""},"categories":[21],"tags":[],"class_list":{"0":"post-10761","1":"post","2":"type-post","3":"status-publish","4":"format-standard","6":"category-zrdab"},"yoast_head":"<!-- This site is optimized with the Yoast SEO plugin v27.0 - https:\/\/yoast.com\/product\/yoast-seo-wordpress\/ -->\n<title>Z\u0259rdab Rayon Polis \u015e\u00f6b\u0259sinin binas\u0131n\u0131n a\u00e7\u0131l\u0131\u015f m\u0259rasimi ke\u00e7irilib - Z\u0259rdab.com<\/title>\n<meta name=\"robots\" content=\"index, follow, max-snippet:-1, max-image-preview:large, max-video-preview:-1\" \/>\n<link rel=\"canonical\" href=\"https:\/\/www.zerdab.com\/?p=10761\" \/>\n<meta property=\"og:locale\" content=\"az_AZ\" \/>\n<meta property=\"og:type\" content=\"article\" \/>\n<meta property=\"og:title\" content=\"Z\u0259rdab Rayon Polis \u015e\u00f6b\u0259sinin binas\u0131n\u0131n a\u00e7\u0131l\u0131\u015f m\u0259rasimi ke\u00e7irilib - Z\u0259rdab.com\" \/>\n<meta property=\"og:description\" content=\"Z\u0259rdab Rayon Polis \u015e\u00f6b\u0259sinin inzibati binas\u0131n\u0131n a\u00e7\u0131l\u0131\u015f m\u0259rasimi ke\u00e7irilib.\u00a0Qonaqlar n\u00f6vb\u0259t\u00e7i hiss\u0259y\u0259, xidm\u0259ti otaqlara, o c\u00fcml\u0259d\u0259n x\u00fcsusi avadanl\u0131q v\u0259 komp\u00fcter sistemi il\u0259 t\u0259chiz edilmi\u015f t\u0259dris ota\u011f\u0131na, akt zal\u0131na, M\u00fcv\u0259qq\u0259ti Saxlama T\u0259cridxanas\u0131na bax\u0131b, foyed\u0259 \u00fcmummilli lider Heyd\u0259r \u018fliyevin z\u0259ngin d\u00f6vl\u0259t\u00e7ilik f\u0259aliyy\u0259tini, Prezident \u0130lham \u018fliyevin daxili v\u0259 xarici siyas\u0259t sah\u0259sind\u0259 \u0259ld\u0259 etdiyi u\u011furlar\u0131, daxili i\u015fl\u0259r orqanlar\u0131na x\u00fcsusi diqq\u0259t [&hellip;]\" \/>\n<meta property=\"og:url\" content=\"https:\/\/www.zerdab.com\/?p=10761\" \/>\n<meta property=\"og:site_name\" content=\"Z\u0259rdab.com\" \/>\n<meta property=\"article:published_time\" content=\"2013-06-27T12:09:07+00:00\" \/>\n<meta property=\"article:modified_time\" content=\"2013-06-28T05:10:46+00:00\" \/>\n<meta name=\"author\" content=\"admin\" \/>\n<meta name=\"twitter:card\" content=\"summary_large_image\" \/>\n<meta name=\"twitter:label1\" content=\"Written by\" \/>\n\t<meta name=\"twitter:data1\" content=\"admin\" \/>\n\t<meta name=\"twitter:label2\" content=\"Est. reading time\" \/>\n\t<meta name=\"twitter:data2\" content=\"2 minutes\" \/>\n<script type=\"application\/ld+json\" class=\"yoast-schema-graph\">{\"@context\":\"https:\/\/schema.org\",\"@graph\":[{\"@type\":\"Article\",\"@id\":\"https:\/\/www.zerdab.com\/?p=10761#article\",\"isPartOf\":{\"@id\":\"https:\/\/www.zerdab.com\/?p=10761\"},\"author\":{\"name\":\"admin\",\"@id\":\"https:\/\/www.zerdab.com\/#\/schema\/person\/97079b7570c1e89ec0d9e138c3672136\"},\"headline\":\"Z\u0259rdab Rayon Polis \u015e\u00f6b\u0259sinin binas\u0131n\u0131n a\u00e7\u0131l\u0131\u015f m\u0259rasimi ke\u00e7irilib\",\"datePublished\":\"2013-06-27T12:09:07+00:00\",\"dateModified\":\"2013-06-28T05:10:46+00:00\",\"mainEntityOfPage\":{\"@id\":\"https:\/\/www.zerdab.com\/?p=10761\"},\"wordCount\":466,\"commentCount\":0,\"articleSection\":[\"C\u018fM\u0130YY\u018fT\"],\"inLanguage\":\"az\",\"potentialAction\":[{\"@type\":\"CommentAction\",\"name\":\"Comment\",\"target\":[\"https:\/\/www.zerdab.com\/?p=10761#respond\"]}]},{\"@type\":\"WebPage\",\"@id\":\"https:\/\/www.zerdab.com\/?p=10761\",\"url\":\"https:\/\/www.zerdab.com\/?p=10761\",\"name\":\"Z\u0259rdab Rayon Polis \u015e\u00f6b\u0259sinin binas\u0131n\u0131n a\u00e7\u0131l\u0131\u015f m\u0259rasimi ke\u00e7irilib - Z\u0259rdab.com\",\"isPartOf\":{\"@id\":\"https:\/\/www.zerdab.com\/#website\"},\"datePublished\":\"2013-06-27T12:09:07+00:00\",\"dateModified\":\"2013-06-28T05:10:46+00:00\",\"author\":{\"@id\":\"https:\/\/www.zerdab.com\/#\/schema\/person\/97079b7570c1e89ec0d9e138c3672136\"},\"breadcrumb\":{\"@id\":\"https:\/\/www.zerdab.com\/?p=10761#breadcrumb\"},\"inLanguage\":\"az\",\"potentialAction\":[{\"@type\":\"ReadAction\",\"target\":[\"https:\/\/www.zerdab.com\/?p=10761\"]}]},{\"@type\":\"BreadcrumbList\",\"@id\":\"https:\/\/www.zerdab.com\/?p=10761#breadcrumb\",\"itemListElement\":[{\"@type\":\"ListItem\",\"position\":1,\"name\":\"Home\",\"item\":\"https:\/\/www.zerdab.com\/\"},{\"@type\":\"ListItem\",\"position\":2,\"name\":\"Z\u0259rdab Rayon Polis \u015e\u00f6b\u0259sinin binas\u0131n\u0131n a\u00e7\u0131l\u0131\u015f m\u0259rasimi ke\u00e7irilib\"}]},{\"@type\":\"WebSite\",\"@id\":\"https:\/\/www.zerdab.com\/#website\",\"url\":\"https:\/\/www.zerdab.com\/\",\"name\":\"Z\u0259rdab.com\",\"description\":\"\",\"potentialAction\":[{\"@type\":\"SearchAction\",\"target\":{\"@type\":\"EntryPoint\",\"urlTemplate\":\"https:\/\/www.zerdab.com\/?s={search_term_string}\"},\"query-input\":{\"@type\":\"PropertyValueSpecification\",\"valueRequired\":true,\"valueName\":\"search_term_string\"}}],\"inLanguage\":\"az\"},{\"@type\":\"Person\",\"@id\":\"https:\/\/www.zerdab.com\/#\/schema\/person\/97079b7570c1e89ec0d9e138c3672136\",\"name\":\"admin\",\"image\":{\"@type\":\"ImageObject\",\"inLanguage\":\"az\",\"@id\":\"https:\/\/www.zerdab.com\/#\/schema\/person\/image\/\",\"url\":\"https:\/\/secure.gravatar.com\/avatar\/d9c52a9a27c32119cb6679a077fa3e2779e5f822c451cbf01098004361d466ec?s=96&d=mm&r=g\",\"contentUrl\":\"https:\/\/secure.gravatar.com\/avatar\/d9c52a9a27c32119cb6679a077fa3e2779e5f822c451cbf01098004361d466ec?s=96&d=mm&r=g\",\"caption\":\"admin\"},\"url\":\"https:\/\/www.zerdab.com\/?author=1\"}]}<\/script>\n<!-- \/ Yoast SEO plugin. -->","yoast_head_json":{"title":"Z\u0259rdab Rayon Polis \u015e\u00f6b\u0259sinin binas\u0131n\u0131n a\u00e7\u0131l\u0131\u015f m\u0259rasimi ke\u00e7irilib - Z\u0259rdab.com","robots":{"index":"index","follow":"follow","max-snippet":"max-snippet:-1","max-image-preview":"max-image-preview:large","max-video-preview":"max-video-preview:-1"},"canonical":"https:\/\/www.zerdab.com\/?p=10761","og_locale":"az_AZ","og_type":"article","og_title":"Z\u0259rdab Rayon Polis \u015e\u00f6b\u0259sinin binas\u0131n\u0131n a\u00e7\u0131l\u0131\u015f m\u0259rasimi ke\u00e7irilib - Z\u0259rdab.com","og_description":"Z\u0259rdab Rayon Polis \u015e\u00f6b\u0259sinin inzibati binas\u0131n\u0131n a\u00e7\u0131l\u0131\u015f m\u0259rasimi ke\u00e7irilib.\u00a0Qonaqlar n\u00f6vb\u0259t\u00e7i hiss\u0259y\u0259, xidm\u0259ti otaqlara, o c\u00fcml\u0259d\u0259n x\u00fcsusi avadanl\u0131q v\u0259 komp\u00fcter sistemi il\u0259 t\u0259chiz edilmi\u015f t\u0259dris ota\u011f\u0131na, akt zal\u0131na, M\u00fcv\u0259qq\u0259ti Saxlama T\u0259cridxanas\u0131na bax\u0131b, foyed\u0259 \u00fcmummilli lider Heyd\u0259r \u018fliyevin z\u0259ngin d\u00f6vl\u0259t\u00e7ilik f\u0259aliyy\u0259tini, Prezident \u0130lham \u018fliyevin daxili v\u0259 xarici siyas\u0259t sah\u0259sind\u0259 \u0259ld\u0259 etdiyi u\u011furlar\u0131, daxili i\u015fl\u0259r orqanlar\u0131na x\u00fcsusi diqq\u0259t [&hellip;]","og_url":"https:\/\/www.zerdab.com\/?p=10761","og_site_name":"Z\u0259rdab.com","article_published_time":"2013-06-27T12:09:07+00:00","article_modified_time":"2013-06-28T05:10:46+00:00","author":"admin","twitter_card":"summary_large_image","twitter_misc":{"Written by":"admin","Est. reading time":"2 minutes"},"schema":{"@context":"https:\/\/schema.org","@graph":[{"@type":"Article","@id":"https:\/\/www.zerdab.com\/?p=10761#article","isPartOf":{"@id":"https:\/\/www.zerdab.com\/?p=10761"},"author":{"name":"admin","@id":"https:\/\/www.zerdab.com\/#\/schema\/person\/97079b7570c1e89ec0d9e138c3672136"},"headline":"Z\u0259rdab Rayon Polis \u015e\u00f6b\u0259sinin binas\u0131n\u0131n a\u00e7\u0131l\u0131\u015f m\u0259rasimi ke\u00e7irilib","datePublished":"2013-06-27T12:09:07+00:00","dateModified":"2013-06-28T05:10:46+00:00","mainEntityOfPage":{"@id":"https:\/\/www.zerdab.com\/?p=10761"},"wordCount":466,"commentCount":0,"articleSection":["C\u018fM\u0130YY\u018fT"],"inLanguage":"az","potentialAction":[{"@type":"CommentAction","name":"Comment","target":["https:\/\/www.zerdab.com\/?p=10761#respond"]}]},{"@type":"WebPage","@id":"https:\/\/www.zerdab.com\/?p=10761","url":"https:\/\/www.zerdab.com\/?p=10761","name":"Z\u0259rdab Rayon Polis \u015e\u00f6b\u0259sinin binas\u0131n\u0131n a\u00e7\u0131l\u0131\u015f m\u0259rasimi ke\u00e7irilib - Z\u0259rdab.com","isPartOf":{"@id":"https:\/\/www.zerdab.com\/#website"},"datePublished":"2013-06-27T12:09:07+00:00","dateModified":"2013-06-28T05:10:46+00:00","author":{"@id":"https:\/\/www.zerdab.com\/#\/schema\/person\/97079b7570c1e89ec0d9e138c3672136"},"breadcrumb":{"@id":"https:\/\/www.zerdab.com\/?p=10761#breadcrumb"},"inLanguage":"az","potentialAction":[{"@type":"ReadAction","target":["https:\/\/www.zerdab.com\/?p=10761"]}]},{"@type":"BreadcrumbList","@id":"https:\/\/www.zerdab.com\/?p=10761#breadcrumb","itemListElement":[{"@type":"ListItem","position":1,"name":"Home","item":"https:\/\/www.zerdab.com\/"},{"@type":"ListItem","position":2,"name":"Z\u0259rdab Rayon Polis \u015e\u00f6b\u0259sinin binas\u0131n\u0131n a\u00e7\u0131l\u0131\u015f m\u0259rasimi ke\u00e7irilib"}]},{"@type":"WebSite","@id":"https:\/\/www.zerdab.com\/#website","url":"https:\/\/www.zerdab.com\/","name":"Z\u0259rdab.com","description":"","potentialAction":[{"@type":"SearchAction","target":{"@type":"EntryPoint","urlTemplate":"https:\/\/www.zerdab.com\/?s={search_term_string}"},"query-input":{"@type":"PropertyValueSpecification","valueRequired":true,"valueName":"search_term_string"}}],"inLanguage":"az"},{"@type":"Person","@id":"https:\/\/www.zerdab.com\/#\/schema\/person\/97079b7570c1e89ec0d9e138c3672136","name":"admin","image":{"@type":"ImageObject","inLanguage":"az","@id":"https:\/\/www.zerdab.com\/#\/schema\/person\/image\/","url":"https:\/\/secure.gravatar.com\/avatar\/d9c52a9a27c32119cb6679a077fa3e2779e5f822c451cbf01098004361d466ec?s=96&d=mm&r=g","contentUrl":"https:\/\/secure.gravatar.com\/avatar\/d9c52a9a27c32119cb6679a077fa3e2779e5f822c451cbf01098004361d466ec?s=96&d=mm&r=g","caption":"admin"},"url":"https:\/\/www.zerdab.com\/?author=1"}]}},"_links":{"self":[{"href":"https:\/\/www.zerdab.com\/index.php?rest_route=\/wp\/v2\/posts\/10761","targetHints":{"allow":["GET"]}}],"collection":[{"href":"https:\/\/www.zerdab.com\/index.php?rest_route=\/wp\/v2\/posts"}],"about":[{"href":"https:\/\/www.zerdab.com\/index.php?rest_route=\/wp\/v2\/types\/post"}],"author":[{"embeddable":true,"href":"https:\/\/www.zerdab.com\/index.php?rest_route=\/wp\/v2\/users\/1"}],"replies":[{"embeddable":true,"href":"https:\/\/www.zerdab.com\/index.php?rest_route=%2Fwp%2Fv2%2Fcomments&post=10761"}],"version-history":[{"count":12,"href":"https:\/\/www.zerdab.com\/index.php?rest_route=\/wp\/v2\/posts\/10761\/revisions"}],"predecessor-version":[{"id":10781,"href":"https:\/\/www.zerdab.com\/index.php?rest_route=\/wp\/v2\/posts\/10761\/revisions\/10781"}],"wp:attachment":[{"href":"https:\/\/www.zerdab.com\/index.php?rest_route=%2Fwp%2Fv2%2Fmedia&parent=10761"}],"wp:term":[{"taxonomy":"category","embeddable":true,"href":"https:\/\/www.zerdab.com\/index.php?rest_route=%2Fwp%2Fv2%2Fcategories&post=10761"},{"taxonomy":"post_tag","embeddable":true,"href":"https:\/\/www.zerdab.com\/index.php?rest_route=%2Fwp%2Fv2%2Ftags&post=10761"}],"curies":[{"name":"wp","href":"https:\/\/api.w.org\/{rel}","templated":true}]}}