{"id":10787,"date":"2013-06-28T23:55:24","date_gmt":"2013-06-28T18:55:24","guid":{"rendered":"http:\/\/www.zerdab.com\/?p=10787"},"modified":"2013-06-28T23:58:30","modified_gmt":"2013-06-28T18:58:30","slug":"h%c9%99myerlimiz-n%c9%99rmin-camalzad%c9%99-dunya-kubokunu-olk%c9%99miz%c9%99-g%c9%99tirdi-fotolar","status":"publish","type":"post","link":"https:\/\/www.zerdab.com\/?p=10787","title":{"rendered":"H\u0259myerlimiz N\u0259rmin Camalzad\u0259 d\u00fcnya kubokunu \u00f6lk\u0259miz\u0259 g\u0259tirdi &#8211; fotolar"},"content":{"rendered":"<p><span style=\"color: #0000ff;\"><strong><img loading=\"lazy\" decoding=\"async\" class=\"aligncenter size-medium wp-image-10788\" alt=\"Nermin Camalzade-Odessa\" src=\"http:\/\/www.zerdab.com\/wp-content\/uploads\/2013\/06\/Nermin-Camalzade-Odessa-375x500.jpg\" width=\"375\" height=\"500\" \/>H\u0259myerlimiz Camalzad\u0259 N\u0259rmin Akif q\u0131z\u0131 karatenin VKC n\u00f6v\u00fc \u00fczr\u0259 Ukraynan\u0131n Odessa \u015f\u0259h\u0259rind\u0259 ke\u00e7iril\u0259n VI D\u00fcnya Kubokunda m\u00f6ht\u0259\u015f\u0259m u\u011fura imza at\u0131b.<\/strong> <\/span>N\u0259rmin Camalzad\u0259nin yax\u0131nlar\u0131n\u0131n Zerdab.com sayt\u0131na verdikl\u0259ri m\u0259lumata g\u00f6r\u0259, h\u0259myerlimiz 18-35 ya\u015fl\u0131 idman\u00e7\u0131lar aras\u0131nda 48 kiloqram \u00e7\u0259ki d\u0259r\u0259c\u0259sind\u0259 r\u0259qibl\u0259rini m\u0259\u011flub ed\u0259r\u0259k D\u00fcnya Kubokuna sahib olub. H\u0259myerlimiz finalda ukraynal\u0131 r\u0259qibini m\u0259\u011flub edib. M\u0259lumat \u00fc\u00e7\u00fcn bildir\u0259k ki, bu, N\u0259rmin Camalzad\u0259nin qazand\u0131\u011f\u0131 sayca ikinci D\u00fcnya Kubokudur.<\/p>\n<p>Xat\u0131rladaq ki, N\u0259rmin Camalzad\u0259 bundan \u00f6nc\u0259 karatenin VKC n\u00f6v\u00fc \u00fczr\u0259 Ukraynan\u0131n Odessa \u015f\u0259h\u0259rind\u0259 ke\u00e7iril\u0259n beyn\u0259lxalq turnirin q\u0131z\u0131l medal\u00e7\u0131s\u0131, D\u00fcnya kuboku yar\u0131\u015flar\u0131nda D\u00fcnya kubokunun v\u0259 q\u0131z\u0131l medal\u0131n sahibi, 2010-cu il Avropa \u00e7empionu, T\u00fcrkiy\u0259nin Antalya \u015f\u0259h\u0259rind\u0259 ke\u00e7iril\u0259n D\u00fcnya \u00e7empionat\u0131n\u0131n g\u00fcm\u00fc\u015f m\u00fckafat\u00e7\u0131s\u0131, \u015e\u0259rqi Avropa \u00e7empionat\u0131n\u0131n q\u0131z\u0131l m\u00fckafat\u00e7\u0131s\u0131d\u0131r.<\/p>\n<p>H\u0259myerilimizi bu m\u00f6ht\u0259\u015f\u0259m q\u0259l\u0259b\u0259 m\u00fcnasib\u0259ti il\u0259 t\u0259brik edirik. \u00dcmid edirik ki, N\u0259rmin xan\u0131m bundan sonra da m\u00f6ht\u0259\u015f\u0259m q\u0259l\u0259b\u0259l\u0259ri il\u0259 \u00f6z ad\u0131n\u0131 Az\u0259rbaycan tarixin\u0259 q\u0131z\u0131l h\u0259rfl\u0259rl\u0259 yazd\u0131rmaqda davam ed\u0259c\u0259k.<\/p>\n<p><span style=\"color: #ff0000;\"><strong>Zerdab.com<\/strong><\/span><\/p>\n<p><img loading=\"lazy\" decoding=\"async\" class=\"aligncenter size-medium wp-image-10791\" alt=\"Nermin Camalzade-Odessa-1\" src=\"http:\/\/www.zerdab.com\/wp-content\/uploads\/2013\/06\/Nermin-Camalzade-Odessa-1-600x337.jpg\" width=\"600\" height=\"337\" \/><img loading=\"lazy\" decoding=\"async\" class=\"aligncenter size-medium wp-image-10792\" alt=\"Nermin Camalzade-Odessa-2\" src=\"http:\/\/www.zerdab.com\/wp-content\/uploads\/2013\/06\/Nermin-Camalzade-Odessa-2-281x500.jpg\" width=\"281\" height=\"500\" \/><img loading=\"lazy\" decoding=\"async\" class=\"aligncenter size-medium wp-image-10794\" alt=\"Nermin Camalzade-Odessa\" src=\"http:\/\/www.zerdab.com\/wp-content\/uploads\/2013\/06\/Nermin-Camalzade-Odessa-4-600x450.jpg\" width=\"600\" height=\"450\" \/><img loading=\"lazy\" decoding=\"async\" class=\"aligncenter size-medium wp-image-10797\" alt=\"Nermin Camalzade-Odessa-5\" src=\"http:\/\/www.zerdab.com\/wp-content\/uploads\/2013\/06\/Nermin-Camalzade-Odessa-5-600x450.jpg\" width=\"600\" height=\"450\" \/><img loading=\"lazy\" decoding=\"async\" class=\"aligncenter size-medium wp-image-10789\" alt=\"N\u0259rmin Camalzad\u0259\" src=\"http:\/\/www.zerdab.com\/wp-content\/uploads\/2013\/06\/Nermin-Camalzade-Odessa-3-383x500.jpg\" width=\"383\" height=\"500\" \/><\/p>\n","protected":false},"excerpt":{"rendered":"<p>H\u0259myerlimiz Camalzad\u0259 N\u0259rmin Akif q\u0131z\u0131 karatenin VKC n\u00f6v\u00fc \u00fczr\u0259 Ukraynan\u0131n Odessa \u015f\u0259h\u0259rind\u0259 ke\u00e7iril\u0259n VI D\u00fcnya Kubokunda m\u00f6ht\u0259\u015f\u0259m u\u011fura imza at\u0131b. N\u0259rmin Camalzad\u0259nin yax\u0131nlar\u0131n\u0131n Zerdab.com sayt\u0131na verdikl\u0259ri m\u0259lumata g\u00f6r\u0259, h\u0259myerlimiz 18-35 ya\u015fl\u0131 idman\u00e7\u0131lar aras\u0131nda 48 kiloqram \u00e7\u0259ki d\u0259r\u0259c\u0259sind\u0259 r\u0259qibl\u0259rini m\u0259\u011flub ed\u0259r\u0259k D\u00fcnya Kubokuna sahib olub. H\u0259myerlimiz finalda ukraynal\u0131 r\u0259qibini m\u0259\u011flub edib. M\u0259lumat \u00fc\u00e7\u00fcn bildir\u0259k ki, bu, [&hellip;]<\/p>\n","protected":false},"author":1,"featured_media":0,"comment_status":"open","ping_status":"open","sticky":false,"template":"","format":"standard","meta":{"footnotes":""},"categories":[7],"tags":[],"class_list":{"0":"post-10787","1":"post","2":"type-post","3":"status-publish","4":"format-standard","6":"category-ziyalilar"},"yoast_head":"<!-- This site is optimized with the Yoast SEO plugin v27.0 - https:\/\/yoast.com\/product\/yoast-seo-wordpress\/ -->\n<title>H\u0259myerlimiz N\u0259rmin Camalzad\u0259 d\u00fcnya kubokunu \u00f6lk\u0259miz\u0259 g\u0259tirdi - fotolar - Z\u0259rdab.com<\/title>\n<meta name=\"robots\" content=\"index, follow, max-snippet:-1, max-image-preview:large, max-video-preview:-1\" \/>\n<link rel=\"canonical\" href=\"https:\/\/www.zerdab.com\/?p=10787\" \/>\n<meta property=\"og:locale\" content=\"az_AZ\" \/>\n<meta property=\"og:type\" content=\"article\" \/>\n<meta property=\"og:title\" content=\"H\u0259myerlimiz N\u0259rmin Camalzad\u0259 d\u00fcnya kubokunu \u00f6lk\u0259miz\u0259 g\u0259tirdi - fotolar - Z\u0259rdab.com\" \/>\n<meta property=\"og:description\" content=\"H\u0259myerlimiz Camalzad\u0259 N\u0259rmin Akif q\u0131z\u0131 karatenin VKC n\u00f6v\u00fc \u00fczr\u0259 Ukraynan\u0131n Odessa \u015f\u0259h\u0259rind\u0259 ke\u00e7iril\u0259n VI D\u00fcnya Kubokunda m\u00f6ht\u0259\u015f\u0259m u\u011fura imza at\u0131b. N\u0259rmin Camalzad\u0259nin yax\u0131nlar\u0131n\u0131n Zerdab.com sayt\u0131na verdikl\u0259ri m\u0259lumata g\u00f6r\u0259, h\u0259myerlimiz 18-35 ya\u015fl\u0131 idman\u00e7\u0131lar aras\u0131nda 48 kiloqram \u00e7\u0259ki d\u0259r\u0259c\u0259sind\u0259 r\u0259qibl\u0259rini m\u0259\u011flub ed\u0259r\u0259k D\u00fcnya Kubokuna sahib olub. H\u0259myerlimiz finalda ukraynal\u0131 r\u0259qibini m\u0259\u011flub edib. M\u0259lumat \u00fc\u00e7\u00fcn bildir\u0259k ki, bu, [&hellip;]\" \/>\n<meta property=\"og:url\" content=\"https:\/\/www.zerdab.com\/?p=10787\" \/>\n<meta property=\"og:site_name\" content=\"Z\u0259rdab.com\" \/>\n<meta property=\"article:published_time\" content=\"2013-06-28T18:55:24+00:00\" \/>\n<meta property=\"article:modified_time\" content=\"2013-06-28T18:58:30+00:00\" \/>\n<meta property=\"og:image\" content=\"http:\/\/www.zerdab.com\/wp-content\/uploads\/2013\/06\/Nermin-Camalzade-Odessa-375x500.jpg\" \/>\n<meta name=\"author\" content=\"admin\" \/>\n<meta name=\"twitter:card\" content=\"summary_large_image\" \/>\n<meta name=\"twitter:label1\" content=\"Written by\" \/>\n\t<meta name=\"twitter:data1\" content=\"admin\" \/>\n\t<meta name=\"twitter:label2\" content=\"Est. reading time\" \/>\n\t<meta name=\"twitter:data2\" content=\"1 minute\" \/>\n<script type=\"application\/ld+json\" class=\"yoast-schema-graph\">{\"@context\":\"https:\/\/schema.org\",\"@graph\":[{\"@type\":\"Article\",\"@id\":\"https:\/\/www.zerdab.com\/?p=10787#article\",\"isPartOf\":{\"@id\":\"https:\/\/www.zerdab.com\/?p=10787\"},\"author\":{\"name\":\"admin\",\"@id\":\"https:\/\/www.zerdab.com\/#\/schema\/person\/97079b7570c1e89ec0d9e138c3672136\"},\"headline\":\"H\u0259myerlimiz N\u0259rmin Camalzad\u0259 d\u00fcnya kubokunu \u00f6lk\u0259miz\u0259 g\u0259tirdi &#8211; fotolar\",\"datePublished\":\"2013-06-28T18:55:24+00:00\",\"dateModified\":\"2013-06-28T18:58:30+00:00\",\"mainEntityOfPage\":{\"@id\":\"https:\/\/www.zerdab.com\/?p=10787\"},\"wordCount\":255,\"commentCount\":6,\"image\":{\"@id\":\"https:\/\/www.zerdab.com\/?p=10787#primaryimage\"},\"thumbnailUrl\":\"http:\/\/www.zerdab.com\/wp-content\/uploads\/2013\/06\/Nermin-Camalzade-Odessa-375x500.jpg\",\"articleSection\":[\"F\u018fXRL\u018fR\u0130M\u0130Z\"],\"inLanguage\":\"az\",\"potentialAction\":[{\"@type\":\"CommentAction\",\"name\":\"Comment\",\"target\":[\"https:\/\/www.zerdab.com\/?p=10787#respond\"]}]},{\"@type\":\"WebPage\",\"@id\":\"https:\/\/www.zerdab.com\/?p=10787\",\"url\":\"https:\/\/www.zerdab.com\/?p=10787\",\"name\":\"H\u0259myerlimiz N\u0259rmin Camalzad\u0259 d\u00fcnya kubokunu \u00f6lk\u0259miz\u0259 g\u0259tirdi - fotolar - Z\u0259rdab.com\",\"isPartOf\":{\"@id\":\"https:\/\/www.zerdab.com\/#website\"},\"primaryImageOfPage\":{\"@id\":\"https:\/\/www.zerdab.com\/?p=10787#primaryimage\"},\"image\":{\"@id\":\"https:\/\/www.zerdab.com\/?p=10787#primaryimage\"},\"thumbnailUrl\":\"http:\/\/www.zerdab.com\/wp-content\/uploads\/2013\/06\/Nermin-Camalzade-Odessa-375x500.jpg\",\"datePublished\":\"2013-06-28T18:55:24+00:00\",\"dateModified\":\"2013-06-28T18:58:30+00:00\",\"author\":{\"@id\":\"https:\/\/www.zerdab.com\/#\/schema\/person\/97079b7570c1e89ec0d9e138c3672136\"},\"breadcrumb\":{\"@id\":\"https:\/\/www.zerdab.com\/?p=10787#breadcrumb\"},\"inLanguage\":\"az\",\"potentialAction\":[{\"@type\":\"ReadAction\",\"target\":[\"https:\/\/www.zerdab.com\/?p=10787\"]}]},{\"@type\":\"ImageObject\",\"inLanguage\":\"az\",\"@id\":\"https:\/\/www.zerdab.com\/?p=10787#primaryimage\",\"url\":\"\",\"contentUrl\":\"\"},{\"@type\":\"BreadcrumbList\",\"@id\":\"https:\/\/www.zerdab.com\/?p=10787#breadcrumb\",\"itemListElement\":[{\"@type\":\"ListItem\",\"position\":1,\"name\":\"Home\",\"item\":\"https:\/\/www.zerdab.com\/\"},{\"@type\":\"ListItem\",\"position\":2,\"name\":\"H\u0259myerlimiz N\u0259rmin Camalzad\u0259 d\u00fcnya kubokunu \u00f6lk\u0259miz\u0259 g\u0259tirdi &#8211; fotolar\"}]},{\"@type\":\"WebSite\",\"@id\":\"https:\/\/www.zerdab.com\/#website\",\"url\":\"https:\/\/www.zerdab.com\/\",\"name\":\"Z\u0259rdab.com\",\"description\":\"\",\"potentialAction\":[{\"@type\":\"SearchAction\",\"target\":{\"@type\":\"EntryPoint\",\"urlTemplate\":\"https:\/\/www.zerdab.com\/?s={search_term_string}\"},\"query-input\":{\"@type\":\"PropertyValueSpecification\",\"valueRequired\":true,\"valueName\":\"search_term_string\"}}],\"inLanguage\":\"az\"},{\"@type\":\"Person\",\"@id\":\"https:\/\/www.zerdab.com\/#\/schema\/person\/97079b7570c1e89ec0d9e138c3672136\",\"name\":\"admin\",\"image\":{\"@type\":\"ImageObject\",\"inLanguage\":\"az\",\"@id\":\"https:\/\/www.zerdab.com\/#\/schema\/person\/image\/\",\"url\":\"https:\/\/secure.gravatar.com\/avatar\/d9c52a9a27c32119cb6679a077fa3e2779e5f822c451cbf01098004361d466ec?s=96&d=mm&r=g\",\"contentUrl\":\"https:\/\/secure.gravatar.com\/avatar\/d9c52a9a27c32119cb6679a077fa3e2779e5f822c451cbf01098004361d466ec?s=96&d=mm&r=g\",\"caption\":\"admin\"},\"url\":\"https:\/\/www.zerdab.com\/?author=1\"}]}<\/script>\n<!-- \/ Yoast SEO plugin. -->","yoast_head_json":{"title":"H\u0259myerlimiz N\u0259rmin Camalzad\u0259 d\u00fcnya kubokunu \u00f6lk\u0259miz\u0259 g\u0259tirdi - fotolar - Z\u0259rdab.com","robots":{"index":"index","follow":"follow","max-snippet":"max-snippet:-1","max-image-preview":"max-image-preview:large","max-video-preview":"max-video-preview:-1"},"canonical":"https:\/\/www.zerdab.com\/?p=10787","og_locale":"az_AZ","og_type":"article","og_title":"H\u0259myerlimiz N\u0259rmin Camalzad\u0259 d\u00fcnya kubokunu \u00f6lk\u0259miz\u0259 g\u0259tirdi - fotolar - Z\u0259rdab.com","og_description":"H\u0259myerlimiz Camalzad\u0259 N\u0259rmin Akif q\u0131z\u0131 karatenin VKC n\u00f6v\u00fc \u00fczr\u0259 Ukraynan\u0131n Odessa \u015f\u0259h\u0259rind\u0259 ke\u00e7iril\u0259n VI D\u00fcnya Kubokunda m\u00f6ht\u0259\u015f\u0259m u\u011fura imza at\u0131b. N\u0259rmin Camalzad\u0259nin yax\u0131nlar\u0131n\u0131n Zerdab.com sayt\u0131na verdikl\u0259ri m\u0259lumata g\u00f6r\u0259, h\u0259myerlimiz 18-35 ya\u015fl\u0131 idman\u00e7\u0131lar aras\u0131nda 48 kiloqram \u00e7\u0259ki d\u0259r\u0259c\u0259sind\u0259 r\u0259qibl\u0259rini m\u0259\u011flub ed\u0259r\u0259k D\u00fcnya Kubokuna sahib olub. H\u0259myerlimiz finalda ukraynal\u0131 r\u0259qibini m\u0259\u011flub edib. M\u0259lumat \u00fc\u00e7\u00fcn bildir\u0259k ki, bu, [&hellip;]","og_url":"https:\/\/www.zerdab.com\/?p=10787","og_site_name":"Z\u0259rdab.com","article_published_time":"2013-06-28T18:55:24+00:00","article_modified_time":"2013-06-28T18:58:30+00:00","og_image":[{"url":"http:\/\/www.zerdab.com\/wp-content\/uploads\/2013\/06\/Nermin-Camalzade-Odessa-375x500.jpg","type":"","width":"","height":""}],"author":"admin","twitter_card":"summary_large_image","twitter_misc":{"Written by":"admin","Est. reading time":"1 minute"},"schema":{"@context":"https:\/\/schema.org","@graph":[{"@type":"Article","@id":"https:\/\/www.zerdab.com\/?p=10787#article","isPartOf":{"@id":"https:\/\/www.zerdab.com\/?p=10787"},"author":{"name":"admin","@id":"https:\/\/www.zerdab.com\/#\/schema\/person\/97079b7570c1e89ec0d9e138c3672136"},"headline":"H\u0259myerlimiz N\u0259rmin Camalzad\u0259 d\u00fcnya kubokunu \u00f6lk\u0259miz\u0259 g\u0259tirdi &#8211; fotolar","datePublished":"2013-06-28T18:55:24+00:00","dateModified":"2013-06-28T18:58:30+00:00","mainEntityOfPage":{"@id":"https:\/\/www.zerdab.com\/?p=10787"},"wordCount":255,"commentCount":6,"image":{"@id":"https:\/\/www.zerdab.com\/?p=10787#primaryimage"},"thumbnailUrl":"http:\/\/www.zerdab.com\/wp-content\/uploads\/2013\/06\/Nermin-Camalzade-Odessa-375x500.jpg","articleSection":["F\u018fXRL\u018fR\u0130M\u0130Z"],"inLanguage":"az","potentialAction":[{"@type":"CommentAction","name":"Comment","target":["https:\/\/www.zerdab.com\/?p=10787#respond"]}]},{"@type":"WebPage","@id":"https:\/\/www.zerdab.com\/?p=10787","url":"https:\/\/www.zerdab.com\/?p=10787","name":"H\u0259myerlimiz N\u0259rmin Camalzad\u0259 d\u00fcnya kubokunu \u00f6lk\u0259miz\u0259 g\u0259tirdi - fotolar - Z\u0259rdab.com","isPartOf":{"@id":"https:\/\/www.zerdab.com\/#website"},"primaryImageOfPage":{"@id":"https:\/\/www.zerdab.com\/?p=10787#primaryimage"},"image":{"@id":"https:\/\/www.zerdab.com\/?p=10787#primaryimage"},"thumbnailUrl":"http:\/\/www.zerdab.com\/wp-content\/uploads\/2013\/06\/Nermin-Camalzade-Odessa-375x500.jpg","datePublished":"2013-06-28T18:55:24+00:00","dateModified":"2013-06-28T18:58:30+00:00","author":{"@id":"https:\/\/www.zerdab.com\/#\/schema\/person\/97079b7570c1e89ec0d9e138c3672136"},"breadcrumb":{"@id":"https:\/\/www.zerdab.com\/?p=10787#breadcrumb"},"inLanguage":"az","potentialAction":[{"@type":"ReadAction","target":["https:\/\/www.zerdab.com\/?p=10787"]}]},{"@type":"ImageObject","inLanguage":"az","@id":"https:\/\/www.zerdab.com\/?p=10787#primaryimage","url":"","contentUrl":""},{"@type":"BreadcrumbList","@id":"https:\/\/www.zerdab.com\/?p=10787#breadcrumb","itemListElement":[{"@type":"ListItem","position":1,"name":"Home","item":"https:\/\/www.zerdab.com\/"},{"@type":"ListItem","position":2,"name":"H\u0259myerlimiz N\u0259rmin Camalzad\u0259 d\u00fcnya kubokunu \u00f6lk\u0259miz\u0259 g\u0259tirdi &#8211; fotolar"}]},{"@type":"WebSite","@id":"https:\/\/www.zerdab.com\/#website","url":"https:\/\/www.zerdab.com\/","name":"Z\u0259rdab.com","description":"","potentialAction":[{"@type":"SearchAction","target":{"@type":"EntryPoint","urlTemplate":"https:\/\/www.zerdab.com\/?s={search_term_string}"},"query-input":{"@type":"PropertyValueSpecification","valueRequired":true,"valueName":"search_term_string"}}],"inLanguage":"az"},{"@type":"Person","@id":"https:\/\/www.zerdab.com\/#\/schema\/person\/97079b7570c1e89ec0d9e138c3672136","name":"admin","image":{"@type":"ImageObject","inLanguage":"az","@id":"https:\/\/www.zerdab.com\/#\/schema\/person\/image\/","url":"https:\/\/secure.gravatar.com\/avatar\/d9c52a9a27c32119cb6679a077fa3e2779e5f822c451cbf01098004361d466ec?s=96&d=mm&r=g","contentUrl":"https:\/\/secure.gravatar.com\/avatar\/d9c52a9a27c32119cb6679a077fa3e2779e5f822c451cbf01098004361d466ec?s=96&d=mm&r=g","caption":"admin"},"url":"https:\/\/www.zerdab.com\/?author=1"}]}},"_links":{"self":[{"href":"https:\/\/www.zerdab.com\/index.php?rest_route=\/wp\/v2\/posts\/10787","targetHints":{"allow":["GET"]}}],"collection":[{"href":"https:\/\/www.zerdab.com\/index.php?rest_route=\/wp\/v2\/posts"}],"about":[{"href":"https:\/\/www.zerdab.com\/index.php?rest_route=\/wp\/v2\/types\/post"}],"author":[{"embeddable":true,"href":"https:\/\/www.zerdab.com\/index.php?rest_route=\/wp\/v2\/users\/1"}],"replies":[{"embeddable":true,"href":"https:\/\/www.zerdab.com\/index.php?rest_route=%2Fwp%2Fv2%2Fcomments&post=10787"}],"version-history":[{"count":4,"href":"https:\/\/www.zerdab.com\/index.php?rest_route=\/wp\/v2\/posts\/10787\/revisions"}],"predecessor-version":[{"id":10793,"href":"https:\/\/www.zerdab.com\/index.php?rest_route=\/wp\/v2\/posts\/10787\/revisions\/10793"}],"wp:attachment":[{"href":"https:\/\/www.zerdab.com\/index.php?rest_route=%2Fwp%2Fv2%2Fmedia&parent=10787"}],"wp:term":[{"taxonomy":"category","embeddable":true,"href":"https:\/\/www.zerdab.com\/index.php?rest_route=%2Fwp%2Fv2%2Fcategories&post=10787"},{"taxonomy":"post_tag","embeddable":true,"href":"https:\/\/www.zerdab.com\/index.php?rest_route=%2Fwp%2Fv2%2Ftags&post=10787"}],"curies":[{"name":"wp","href":"https:\/\/api.w.org\/{rel}","templated":true}]}}