{"id":1081,"date":"2012-03-15T10:21:46","date_gmt":"2012-03-15T06:21:46","guid":{"rendered":"http:\/\/www.zerdab.com\/?p=1081"},"modified":"2012-08-29T19:41:55","modified_gmt":"2012-08-29T14:41:55","slug":"bizim-%c9%99kinci-nin-ugurlari","status":"publish","type":"post","link":"https:\/\/www.zerdab.com\/?p=1081","title":{"rendered":"Bizim &#8220;\u018fkin\u00e7i&#8221;nin u\u011furlar\u0131"},"content":{"rendered":"<p><a href=\"http:\/\/www.zerdab.com\/wp-content\/uploads\/2012\/03\/\u0130sameddin-Ehmedov.jpg\"><img loading=\"lazy\" decoding=\"async\" class=\"alignleft size-full wp-image-1082\" title=\"\u0130sameddin Ehmedov\" src=\"http:\/\/www.zerdab.com\/wp-content\/uploads\/2012\/03\/\u0130sameddin-Ehmedov.jpg\" alt=\"zerdab-\u0130sameddin Ehmedov\" width=\"640\" height=\"480\" \/><\/a>137 il \u0259vv\u0259l milli m\u0259tbuat\u0131m\u0131z\u0131n ilk qaranqu\u015fu olan &#8220;\u018fkin\u00e7i&#8221; q\u0259zetinin birinci say\u0131 \u00e7apdan \u00e7\u0131xd\u0131. H\u0259myerlimiz, g\u00f6rk\u0259mli alim-jurnalist H\u0259s\u0259n b\u0259y Z\u0259rdabi Az\u0259rbaycan dilind\u0259 ilk milli q\u0259zeti b\u00f6y\u00fck \u00e7\u0259tinlikl\u0259r, m\u0259\u015f\u0259qq\u0259tl\u0259r bahas\u0131na \u0259rs\u0259y\u0259 g\u0259tirdi. D\u00fcz 137 ildir ki, xalq\u0131m\u0131z ana dilind\u0259 ilk milli q\u0259zetin yarand\u0131\u011f\u0131 g\u00fcn\u00fc bayram edir.<br \/>\n&#8220;\u018fkin\u00e7i&#8221; t\u0259kc\u0259 milli m\u0259tbuat\u0131m\u0131z\u0131n yaranma tarixi deyil, eyni zamanda xalq\u0131m\u0131z\u0131n milli \u015f\u00fcurunun, azadl\u0131q m\u00fccadil\u0259sinin, m\u0259d\u0259niyy\u0259tinin, milli \u0259qid\u0259sinin, nadanl\u0131q v\u0259 c\u0259hal\u0259t\u0259 qar\u015f\u0131 m\u00fcbariz\u0259sinin be\u015fiyi ba\u015f\u0131nda duran canl\u0131 tariximizdir, Az\u0259rbaycanda ba\u015f ver\u0259n o d\u00f6vrk\u00fc ictimai-siyasi prosesl\u0259rin aynas\u0131d\u0131r, salnam\u0259sidir. Z\u0259rdabi ideyalar\u0131 v\u0259 &#8220;\u018fkin\u00e7i&#8221; \u0259n\u0259n\u0259l\u0259ri il\u0259 qidalanan Az\u0259rbaycan m\u0259tbuat\u0131 uzun v\u0259 \u015f\u0259r\u0259fli, h\u0259m d\u0259 m\u00fcr\u0259kk\u0259b yol ke\u00e7\u0259r\u0259k indiki inki\u015faf s\u0259viyy\u0259sin\u0259 y\u00fcks\u0259lmi\u015f, s\u00f6z v\u0259 m\u0259tbuat azadl\u0131\u011f\u0131 sah\u0259sind\u0259 qabaqc\u0131l demokratik \u00f6lk\u0259l\u0259rl\u0259 m\u00fcqayis\u0259 edil\u0259 bil\u0259c\u0259k t\u0259r\u0259qqiy\u0259 qovu\u015fmu\u015fdur.<br \/>\n\u00dcmummilli lider Heyd\u0259r \u018fliyevin xalq\u0131m\u0131z\u0131n t\u0259kidli t\u0259l\u0259bi il\u0259 hakimiyy\u0259t\u0259 qay\u0131d\u0131\u015f\u0131ndan sonra m\u0259tbuat d\u00f6vl\u0259t qay\u011f\u0131s\u0131 il\u0259 \u0259hat\u0259 edilmi\u015f, senzura l\u0259\u011fv olunmu\u015f, K\u0130V-l\u0259rin maddi-texniki t\u0259chizat\u0131n\u0131n yax\u015f\u0131la\u015fd\u0131r\u0131lmas\u0131 m\u0259qs\u0259dil\u0259 m\u00fch\u00fcm i\u015fl\u0259r g\u00f6r\u00fclm\u00fc\u015fd\u00fcr. Bu siyas\u0259t Prezident c\u0259nab \u0130lham \u018fliyev t\u0259r\u0259find\u0259n u\u011furla davam etdirilir.<br \/>\nRayonumuzda \u00e7\u0131xan &#8220;\u018fkin\u00e7i&#8221; q\u0259zeti d\u0259 H\u0259s\u0259n B\u0259y Z\u0259rdabi irsini v\u0259 &#8220;\u018fkin\u00e7i&#8221;nin \u0259n\u0259n\u0259l\u0259rini qoruyur, ya\u015fad\u0131r. Q\u0259zetin kollektivi dahi h\u0259myerlimizin ideyalar\u0131n\u0131 u\u011furla davam etdir\u0259r\u0259k m\u0259tbu s\u00f6z\u00fcn g\u00fcc\u00fcnd\u0259n daim s\u0259m\u0259r\u0259li istifad\u0259 etm\u0259y\u0259 \u00e7al\u0131\u015f\u0131r. F\u0259xr edirik ki, bu g\u00fcn m\u0259hz Z\u0259rdabda &#8220;\u018fkin\u00e7i&#8221; adl\u0131 q\u0259zet \u00e7\u0131x\u0131r, Z\u0259rdabda Z\u0259rdabi muzeyi, Z\u0259rdabi park\u0131, Z\u0259rdabi ad\u0131na orta m\u0259kt\u0259b v\u0259 Z\u0259rdabi k\u00fc\u00e7\u0259si var. Dahi H\u0259s\u0259n b\u0259yin tunc heyk\u0259li, b\u00fcst\u00fc, xatir\u0259 abid\u0259si \u015f\u0259h\u0259rimiz\u0259 g\u00f6z\u0259llik verir.<br \/>\n&#8220;\u018fkin\u00e7i&#8221;nin kollektivi q\u0259zetin s\u0259m\u0259r\u0259li f\u0259aliyy\u0259tin\u0259 h\u0259r c\u00fcr \u015f\u0259rait yarad\u0131ld\u0131\u011f\u0131na, qay\u011f\u0131 v\u0259 diqq\u0259t\u0259 g\u00f6r\u0259 d\u00f6vl\u0259t ba\u015f\u00e7\u0131s\u0131na v\u0259 rayon r\u0259hb\u0259rliyin\u0259 d\u0259rin t\u0259\u015f\u0259kk\u00fcr\u00fcn\u00fc bildirir. Bu qay\u011f\u0131n\u0131n n\u0259tic\u0259sidir ki, &#8220;\u018fkin\u00e7i&#8221;nin tiraj\u0131 v\u0259 d\u00f6vriliyi daim art\u0131r, t\u0259rtibat\u0131 yenil\u0259\u015fir, maddi-texniki bazas\u0131 m\u00f6hk\u0259ml\u0259nir, q\u0259zetd\u0259 m\u00fcxt\u0259lif m\u00f6vzu v\u0259 janrlarda oxunaql\u0131, r\u0259ngar\u0259ng yaz\u0131lar d\u0259rc olunur. Son bir ne\u00e7\u0259 ild\u0259 q\u0259zetin abun\u0259\u00e7il\u0259rinin say\u0131 xeyli art\u0131b, rayonumuzun r\u0259hb\u0259ri redaksiyaya yeni komp\u00fcter v\u0259 kondisioner h\u0259diyy\u0259 edib, h\u00f6rm\u0259tli L\u00fctv\u0259li Babayev redaksiyan\u0131n otaqlar\u0131n\u0131n ild\u0259n-il\u0259 azald\u0131lmas\u0131 \u0259n\u0259n\u0259sin\u0259 son qoyaraq &#8220;\u018fkin\u00e7i&#8221;nin 8 n\u0259f\u0259rlik kollektivin\u0259 \u0259vv\u0259lki 3 otaq \u0259v\u0259zin\u0259 t\u0259mirli, normal i\u015f \u015f\u0259raiti olan 5 otaq verilm\u0259sini t\u0259min edib, son ill\u0259r kollektivin orta ayl\u0131q \u0259m\u0259k haqq\u0131n\u0131n bir ne\u00e7\u0259 d\u0259f\u0259 artmas\u0131na d\u0259st\u0259k verib.<br \/>\nQ\u0259zet rayonda ged\u0259n ictimai-siyasi prosesl\u0259rin, \u00e7oxsayl\u0131 maraql\u0131 v\u0259 m\u0259zmunlu t\u0259dbirl\u0259rin, b\u00f6y\u00fck tikinti, quruculuq, abadl\u0131q v\u0259 ya\u015f\u0131lla\u015fd\u0131rma i\u015fl\u0259rinin f\u0259al i\u015ftirak\u00e7\u0131s\u0131 v\u0259 t\u0259bli\u011fat\u00e7\u0131s\u0131d\u0131r. Regionlar\u0131n inki\u015faf\u0131na dair D\u00f6vl\u0259t Proqram\u0131n\u0131n (2009-2013-c\u00fc ill\u0259r) u\u011furla h\u0259yata ke\u00e7irilm\u0259si q\u0259zetin s\u0259hif\u0259l\u0259rind\u0259 operativlikl\u0259 i\u015f\u0131qland\u0131r\u0131l\u0131r. Q\u0259zetin redaktoru \u0130sam\u0259ddin \u018fhm\u0259dov deyir ki, &#8220;\u018fkin\u00e7i&#8221; \u00f6lk\u0259mizd\u0259, o c\u00fcml\u0259d\u0259n rayonumuzda h\u0259yata ke\u00e7iril\u0259n r\u0259ngar\u0259ng t\u0259dbirl\u0259ri, quruculuq v\u0259 abadl\u0131q i\u015fl\u0259rini bundan sonra da layiqinc\u0259 i\u015f\u0131qland\u0131racaq, i\u015fl\u0259r\u0259 y\u00fcks\u0259k nizam-intizam, d\u0259rin m\u0259suliyy\u0259t hissi il\u0259 yana\u015facaq, c\u0259miyy\u0259timizd\u0259ki obyektiv, tutarl\u0131 k\u0259skin s\u00f6z\u0259 olan ehtiyac\u0131 \u00f6d\u0259m\u0259y\u0259 \u00e7al\u0131\u015facaq.<\/p>\n","protected":false},"excerpt":{"rendered":"<p>137 il \u0259vv\u0259l milli m\u0259tbuat\u0131m\u0131z\u0131n ilk qaranqu\u015fu olan &#8220;\u018fkin\u00e7i&#8221; q\u0259zetinin birinci say\u0131 \u00e7apdan \u00e7\u0131xd\u0131. H\u0259myerlimiz, g\u00f6rk\u0259mli alim-jurnalist H\u0259s\u0259n b\u0259y Z\u0259rdabi Az\u0259rbaycan dilind\u0259 ilk milli q\u0259zeti b\u00f6y\u00fck \u00e7\u0259tinlikl\u0259r, m\u0259\u015f\u0259qq\u0259tl\u0259r bahas\u0131na \u0259rs\u0259y\u0259 g\u0259tirdi. D\u00fcz 137 ildir ki, xalq\u0131m\u0131z ana dilind\u0259 ilk milli q\u0259zetin yarand\u0131\u011f\u0131 g\u00fcn\u00fc bayram edir. &#8220;\u018fkin\u00e7i&#8221; t\u0259kc\u0259 milli m\u0259tbuat\u0131m\u0131z\u0131n yaranma tarixi deyil, eyni zamanda xalq\u0131m\u0131z\u0131n [&hellip;]<\/p>\n","protected":false},"author":1,"featured_media":0,"comment_status":"open","ping_status":"open","sticky":false,"template":"","format":"standard","meta":{"footnotes":""},"categories":[21],"tags":[],"class_list":{"0":"post-1081","1":"post","2":"type-post","3":"status-publish","4":"format-standard","6":"category-zrdab"},"yoast_head":"<!-- This site is optimized with the Yoast SEO plugin v27.0 - https:\/\/yoast.com\/product\/yoast-seo-wordpress\/ -->\n<title>Bizim &quot;\u018fkin\u00e7i&quot;nin u\u011furlar\u0131 - Z\u0259rdab.com<\/title>\n<meta name=\"robots\" content=\"index, follow, max-snippet:-1, max-image-preview:large, max-video-preview:-1\" \/>\n<link rel=\"canonical\" href=\"https:\/\/www.zerdab.com\/?p=1081\" \/>\n<meta property=\"og:locale\" content=\"az_AZ\" \/>\n<meta property=\"og:type\" content=\"article\" \/>\n<meta property=\"og:title\" content=\"Bizim &quot;\u018fkin\u00e7i&quot;nin u\u011furlar\u0131 - Z\u0259rdab.com\" \/>\n<meta property=\"og:description\" content=\"137 il \u0259vv\u0259l milli m\u0259tbuat\u0131m\u0131z\u0131n ilk qaranqu\u015fu olan &#8220;\u018fkin\u00e7i&#8221; q\u0259zetinin birinci say\u0131 \u00e7apdan \u00e7\u0131xd\u0131. H\u0259myerlimiz, g\u00f6rk\u0259mli alim-jurnalist H\u0259s\u0259n b\u0259y Z\u0259rdabi Az\u0259rbaycan dilind\u0259 ilk milli q\u0259zeti b\u00f6y\u00fck \u00e7\u0259tinlikl\u0259r, m\u0259\u015f\u0259qq\u0259tl\u0259r bahas\u0131na \u0259rs\u0259y\u0259 g\u0259tirdi. D\u00fcz 137 ildir ki, xalq\u0131m\u0131z ana dilind\u0259 ilk milli q\u0259zetin yarand\u0131\u011f\u0131 g\u00fcn\u00fc bayram edir. &#8220;\u018fkin\u00e7i&#8221; t\u0259kc\u0259 milli m\u0259tbuat\u0131m\u0131z\u0131n yaranma tarixi deyil, eyni zamanda xalq\u0131m\u0131z\u0131n [&hellip;]\" \/>\n<meta property=\"og:url\" content=\"https:\/\/www.zerdab.com\/?p=1081\" \/>\n<meta property=\"og:site_name\" content=\"Z\u0259rdab.com\" \/>\n<meta property=\"article:published_time\" content=\"2012-03-15T06:21:46+00:00\" \/>\n<meta property=\"article:modified_time\" content=\"2012-08-29T14:41:55+00:00\" \/>\n<meta name=\"author\" content=\"admin\" \/>\n<meta name=\"twitter:card\" content=\"summary_large_image\" \/>\n<meta name=\"twitter:label1\" content=\"Written by\" \/>\n\t<meta name=\"twitter:data1\" content=\"admin\" \/>\n\t<meta name=\"twitter:label2\" content=\"Est. reading time\" \/>\n\t<meta name=\"twitter:data2\" content=\"4 minutes\" \/>\n<script type=\"application\/ld+json\" class=\"yoast-schema-graph\">{\"@context\":\"https:\/\/schema.org\",\"@graph\":[{\"@type\":\"Article\",\"@id\":\"https:\/\/www.zerdab.com\/?p=1081#article\",\"isPartOf\":{\"@id\":\"https:\/\/www.zerdab.com\/?p=1081\"},\"author\":{\"name\":\"admin\",\"@id\":\"https:\/\/www.zerdab.com\/#\/schema\/person\/97079b7570c1e89ec0d9e138c3672136\"},\"headline\":\"Bizim &#8220;\u018fkin\u00e7i&#8221;nin u\u011furlar\u0131\",\"datePublished\":\"2012-03-15T06:21:46+00:00\",\"dateModified\":\"2012-08-29T14:41:55+00:00\",\"mainEntityOfPage\":{\"@id\":\"https:\/\/www.zerdab.com\/?p=1081\"},\"wordCount\":749,\"commentCount\":0,\"articleSection\":[\"C\u018fM\u0130YY\u018fT\"],\"inLanguage\":\"az\",\"potentialAction\":[{\"@type\":\"CommentAction\",\"name\":\"Comment\",\"target\":[\"https:\/\/www.zerdab.com\/?p=1081#respond\"]}]},{\"@type\":\"WebPage\",\"@id\":\"https:\/\/www.zerdab.com\/?p=1081\",\"url\":\"https:\/\/www.zerdab.com\/?p=1081\",\"name\":\"Bizim \\\"\u018fkin\u00e7i\\\"nin u\u011furlar\u0131 - Z\u0259rdab.com\",\"isPartOf\":{\"@id\":\"https:\/\/www.zerdab.com\/#website\"},\"datePublished\":\"2012-03-15T06:21:46+00:00\",\"dateModified\":\"2012-08-29T14:41:55+00:00\",\"author\":{\"@id\":\"https:\/\/www.zerdab.com\/#\/schema\/person\/97079b7570c1e89ec0d9e138c3672136\"},\"breadcrumb\":{\"@id\":\"https:\/\/www.zerdab.com\/?p=1081#breadcrumb\"},\"inLanguage\":\"az\",\"potentialAction\":[{\"@type\":\"ReadAction\",\"target\":[\"https:\/\/www.zerdab.com\/?p=1081\"]}]},{\"@type\":\"BreadcrumbList\",\"@id\":\"https:\/\/www.zerdab.com\/?p=1081#breadcrumb\",\"itemListElement\":[{\"@type\":\"ListItem\",\"position\":1,\"name\":\"Home\",\"item\":\"https:\/\/www.zerdab.com\/\"},{\"@type\":\"ListItem\",\"position\":2,\"name\":\"Bizim &#8220;\u018fkin\u00e7i&#8221;nin u\u011furlar\u0131\"}]},{\"@type\":\"WebSite\",\"@id\":\"https:\/\/www.zerdab.com\/#website\",\"url\":\"https:\/\/www.zerdab.com\/\",\"name\":\"Z\u0259rdab.com\",\"description\":\"\",\"potentialAction\":[{\"@type\":\"SearchAction\",\"target\":{\"@type\":\"EntryPoint\",\"urlTemplate\":\"https:\/\/www.zerdab.com\/?s={search_term_string}\"},\"query-input\":{\"@type\":\"PropertyValueSpecification\",\"valueRequired\":true,\"valueName\":\"search_term_string\"}}],\"inLanguage\":\"az\"},{\"@type\":\"Person\",\"@id\":\"https:\/\/www.zerdab.com\/#\/schema\/person\/97079b7570c1e89ec0d9e138c3672136\",\"name\":\"admin\",\"image\":{\"@type\":\"ImageObject\",\"inLanguage\":\"az\",\"@id\":\"https:\/\/www.zerdab.com\/#\/schema\/person\/image\/\",\"url\":\"https:\/\/secure.gravatar.com\/avatar\/d9c52a9a27c32119cb6679a077fa3e2779e5f822c451cbf01098004361d466ec?s=96&d=mm&r=g\",\"contentUrl\":\"https:\/\/secure.gravatar.com\/avatar\/d9c52a9a27c32119cb6679a077fa3e2779e5f822c451cbf01098004361d466ec?s=96&d=mm&r=g\",\"caption\":\"admin\"},\"url\":\"https:\/\/www.zerdab.com\/?author=1\"}]}<\/script>\n<!-- \/ Yoast SEO plugin. -->","yoast_head_json":{"title":"Bizim \"\u018fkin\u00e7i\"nin u\u011furlar\u0131 - Z\u0259rdab.com","robots":{"index":"index","follow":"follow","max-snippet":"max-snippet:-1","max-image-preview":"max-image-preview:large","max-video-preview":"max-video-preview:-1"},"canonical":"https:\/\/www.zerdab.com\/?p=1081","og_locale":"az_AZ","og_type":"article","og_title":"Bizim \"\u018fkin\u00e7i\"nin u\u011furlar\u0131 - Z\u0259rdab.com","og_description":"137 il \u0259vv\u0259l milli m\u0259tbuat\u0131m\u0131z\u0131n ilk qaranqu\u015fu olan &#8220;\u018fkin\u00e7i&#8221; q\u0259zetinin birinci say\u0131 \u00e7apdan \u00e7\u0131xd\u0131. H\u0259myerlimiz, g\u00f6rk\u0259mli alim-jurnalist H\u0259s\u0259n b\u0259y Z\u0259rdabi Az\u0259rbaycan dilind\u0259 ilk milli q\u0259zeti b\u00f6y\u00fck \u00e7\u0259tinlikl\u0259r, m\u0259\u015f\u0259qq\u0259tl\u0259r bahas\u0131na \u0259rs\u0259y\u0259 g\u0259tirdi. D\u00fcz 137 ildir ki, xalq\u0131m\u0131z ana dilind\u0259 ilk milli q\u0259zetin yarand\u0131\u011f\u0131 g\u00fcn\u00fc bayram edir. &#8220;\u018fkin\u00e7i&#8221; t\u0259kc\u0259 milli m\u0259tbuat\u0131m\u0131z\u0131n yaranma tarixi deyil, eyni zamanda xalq\u0131m\u0131z\u0131n [&hellip;]","og_url":"https:\/\/www.zerdab.com\/?p=1081","og_site_name":"Z\u0259rdab.com","article_published_time":"2012-03-15T06:21:46+00:00","article_modified_time":"2012-08-29T14:41:55+00:00","author":"admin","twitter_card":"summary_large_image","twitter_misc":{"Written by":"admin","Est. reading time":"4 minutes"},"schema":{"@context":"https:\/\/schema.org","@graph":[{"@type":"Article","@id":"https:\/\/www.zerdab.com\/?p=1081#article","isPartOf":{"@id":"https:\/\/www.zerdab.com\/?p=1081"},"author":{"name":"admin","@id":"https:\/\/www.zerdab.com\/#\/schema\/person\/97079b7570c1e89ec0d9e138c3672136"},"headline":"Bizim &#8220;\u018fkin\u00e7i&#8221;nin u\u011furlar\u0131","datePublished":"2012-03-15T06:21:46+00:00","dateModified":"2012-08-29T14:41:55+00:00","mainEntityOfPage":{"@id":"https:\/\/www.zerdab.com\/?p=1081"},"wordCount":749,"commentCount":0,"articleSection":["C\u018fM\u0130YY\u018fT"],"inLanguage":"az","potentialAction":[{"@type":"CommentAction","name":"Comment","target":["https:\/\/www.zerdab.com\/?p=1081#respond"]}]},{"@type":"WebPage","@id":"https:\/\/www.zerdab.com\/?p=1081","url":"https:\/\/www.zerdab.com\/?p=1081","name":"Bizim \"\u018fkin\u00e7i\"nin u\u011furlar\u0131 - Z\u0259rdab.com","isPartOf":{"@id":"https:\/\/www.zerdab.com\/#website"},"datePublished":"2012-03-15T06:21:46+00:00","dateModified":"2012-08-29T14:41:55+00:00","author":{"@id":"https:\/\/www.zerdab.com\/#\/schema\/person\/97079b7570c1e89ec0d9e138c3672136"},"breadcrumb":{"@id":"https:\/\/www.zerdab.com\/?p=1081#breadcrumb"},"inLanguage":"az","potentialAction":[{"@type":"ReadAction","target":["https:\/\/www.zerdab.com\/?p=1081"]}]},{"@type":"BreadcrumbList","@id":"https:\/\/www.zerdab.com\/?p=1081#breadcrumb","itemListElement":[{"@type":"ListItem","position":1,"name":"Home","item":"https:\/\/www.zerdab.com\/"},{"@type":"ListItem","position":2,"name":"Bizim &#8220;\u018fkin\u00e7i&#8221;nin u\u011furlar\u0131"}]},{"@type":"WebSite","@id":"https:\/\/www.zerdab.com\/#website","url":"https:\/\/www.zerdab.com\/","name":"Z\u0259rdab.com","description":"","potentialAction":[{"@type":"SearchAction","target":{"@type":"EntryPoint","urlTemplate":"https:\/\/www.zerdab.com\/?s={search_term_string}"},"query-input":{"@type":"PropertyValueSpecification","valueRequired":true,"valueName":"search_term_string"}}],"inLanguage":"az"},{"@type":"Person","@id":"https:\/\/www.zerdab.com\/#\/schema\/person\/97079b7570c1e89ec0d9e138c3672136","name":"admin","image":{"@type":"ImageObject","inLanguage":"az","@id":"https:\/\/www.zerdab.com\/#\/schema\/person\/image\/","url":"https:\/\/secure.gravatar.com\/avatar\/d9c52a9a27c32119cb6679a077fa3e2779e5f822c451cbf01098004361d466ec?s=96&d=mm&r=g","contentUrl":"https:\/\/secure.gravatar.com\/avatar\/d9c52a9a27c32119cb6679a077fa3e2779e5f822c451cbf01098004361d466ec?s=96&d=mm&r=g","caption":"admin"},"url":"https:\/\/www.zerdab.com\/?author=1"}]}},"_links":{"self":[{"href":"https:\/\/www.zerdab.com\/index.php?rest_route=\/wp\/v2\/posts\/1081","targetHints":{"allow":["GET"]}}],"collection":[{"href":"https:\/\/www.zerdab.com\/index.php?rest_route=\/wp\/v2\/posts"}],"about":[{"href":"https:\/\/www.zerdab.com\/index.php?rest_route=\/wp\/v2\/types\/post"}],"author":[{"embeddable":true,"href":"https:\/\/www.zerdab.com\/index.php?rest_route=\/wp\/v2\/users\/1"}],"replies":[{"embeddable":true,"href":"https:\/\/www.zerdab.com\/index.php?rest_route=%2Fwp%2Fv2%2Fcomments&post=1081"}],"version-history":[{"count":4,"href":"https:\/\/www.zerdab.com\/index.php?rest_route=\/wp\/v2\/posts\/1081\/revisions"}],"predecessor-version":[{"id":1085,"href":"https:\/\/www.zerdab.com\/index.php?rest_route=\/wp\/v2\/posts\/1081\/revisions\/1085"}],"wp:attachment":[{"href":"https:\/\/www.zerdab.com\/index.php?rest_route=%2Fwp%2Fv2%2Fmedia&parent=1081"}],"wp:term":[{"taxonomy":"category","embeddable":true,"href":"https:\/\/www.zerdab.com\/index.php?rest_route=%2Fwp%2Fv2%2Fcategories&post=1081"},{"taxonomy":"post_tag","embeddable":true,"href":"https:\/\/www.zerdab.com\/index.php?rest_route=%2Fwp%2Fv2%2Ftags&post=1081"}],"curies":[{"name":"wp","href":"https:\/\/api.w.org\/{rel}","templated":true}]}}