{"id":10838,"date":"2013-07-02T10:30:50","date_gmt":"2013-07-02T05:30:50","guid":{"rendered":"http:\/\/www.zerdab.com\/?p=10838"},"modified":"2013-07-02T10:38:21","modified_gmt":"2013-07-02T05:38:21","slug":"dovl%c9%99t-sosial-mudafi%c9%99-fondunun-s%c9%99dri-z%c9%99rdab-pensiyacilari-ucun-d%c9%99-q%c9%99bul-kecir%c9%99c%c9%99k","status":"publish","type":"post","link":"https:\/\/www.zerdab.com\/?p=10838","title":{"rendered":"S\u0259lim M\u00fcsl\u00fcmov da Z\u0259rdab sakinl\u0259ri il\u0259 g\u00f6r\u00fc\u015f\u0259c\u0259k"},"content":{"rendered":"<p><span style=\"color: #0000ff;\"><strong><img loading=\"lazy\" decoding=\"async\" class=\"aligncenter size-full wp-image-10839\" alt=\"S\u0259lim_Muslumov\" src=\"http:\/\/www.zerdab.com\/wp-content\/uploads\/2013\/07\/S\u0259lim_Muslumov.jpg\" width=\"410\" height=\"307\" \/>Az\u0259rbaycan Respublikas\u0131 D\u00f6vl\u0259t Sosial M\u00fcdafi\u0259 Fondunun s\u0259dri S\u0259lim M\u00fcsl\u00fcmov 10 iyul 2013-c\u00fc il tarixd\u0259, saat 11:00-da Fondun A\u011fcab\u0259di rayon \u015f\u00f6b\u0259sinin inzibati binas\u0131nda Z\u0259rdab sakinl\u0259ri olan m\u0259cburi d\u00f6vl\u0259t sosial s\u0131\u011forta \u00f6d\u0259yicil\u0259ri v\u0259 pensiya\u00e7\u0131lar \u00fc\u00e7\u00fcn d\u0259 q\u0259bul ke\u00e7ir\u0259c\u0259k.<\/strong><\/span><\/p>\n<p>Q\u0259bulda i\u015ftirak ed\u0259c\u0259k v\u0259t\u0259nda\u015flar\u0131n iyulun 12-d\u0259 Fondun h\u0259min \u015f\u0259h\u0259r v\u0259 rayon \u015f\u00f6b\u0259l\u0259rinin inzibati binalar\u0131n\u0131n qar\u015f\u0131s\u0131ndan x\u00fcsusi ayr\u0131lm\u0131\u015f n\u0259qliyyatla A\u011fcab\u0259di \u015f\u0259h\u0259rin\u0259 apar\u0131l\u0131b g\u0259tirilm\u0259l\u0259ri t\u0259min olunacaqd\u0131r.\u00a0V\u0259t\u0259nda\u015flar q\u0259bula yaz\u0131lmaq v\u0259 \u0259lav\u0259 m\u0259lumat almaq \u00fc\u00e7\u00fcn<strong> info@sspf.gov.az<\/strong> elektron po\u00e7t \u00fcnvan\u0131, habel\u0259 a\u015fa\u011f\u0131dak\u0131 telefon n\u00f6mr\u0259l\u0259ri il\u0259 \u0259laq\u0259 saxlaya bil\u0259rl\u0259r:<\/p>\n<p><strong>\u00a0Z\u0259rdab rayon \u015f\u00f6b\u0259sind\u0259 (02029) 6-60-66.<\/strong><\/p>\n<p>&nbsp;<\/p>\n<p><span style=\"color: #ff0000;\"><strong>Zerdab.com<\/strong><\/span><\/p>\n","protected":false},"excerpt":{"rendered":"<p>Az\u0259rbaycan Respublikas\u0131 D\u00f6vl\u0259t Sosial M\u00fcdafi\u0259 Fondunun s\u0259dri S\u0259lim M\u00fcsl\u00fcmov 10 iyul 2013-c\u00fc il tarixd\u0259, saat 11:00-da Fondun A\u011fcab\u0259di rayon \u015f\u00f6b\u0259sinin inzibati binas\u0131nda Z\u0259rdab sakinl\u0259ri olan m\u0259cburi d\u00f6vl\u0259t sosial s\u0131\u011forta \u00f6d\u0259yicil\u0259ri v\u0259 pensiya\u00e7\u0131lar \u00fc\u00e7\u00fcn d\u0259 q\u0259bul ke\u00e7ir\u0259c\u0259k. Q\u0259bulda i\u015ftirak ed\u0259c\u0259k v\u0259t\u0259nda\u015flar\u0131n iyulun 12-d\u0259 Fondun h\u0259min \u015f\u0259h\u0259r v\u0259 rayon \u015f\u00f6b\u0259l\u0259rinin inzibati binalar\u0131n\u0131n qar\u015f\u0131s\u0131ndan x\u00fcsusi ayr\u0131lm\u0131\u015f n\u0259qliyyatla A\u011fcab\u0259di [&hellip;]<\/p>\n","protected":false},"author":1,"featured_media":0,"comment_status":"open","ping_status":"open","sticky":false,"template":"","format":"standard","meta":{"footnotes":""},"categories":[5],"tags":[],"class_list":{"0":"post-10838","1":"post","2":"type-post","3":"status-publish","4":"format-standard","6":"category-knd"},"yoast_head":"<!-- This site is optimized with the Yoast SEO plugin v27.0 - https:\/\/yoast.com\/product\/yoast-seo-wordpress\/ -->\n<title>S\u0259lim M\u00fcsl\u00fcmov da Z\u0259rdab sakinl\u0259ri il\u0259 g\u00f6r\u00fc\u015f\u0259c\u0259k - Z\u0259rdab.com<\/title>\n<meta name=\"robots\" content=\"index, follow, max-snippet:-1, max-image-preview:large, max-video-preview:-1\" \/>\n<link rel=\"canonical\" href=\"https:\/\/www.zerdab.com\/?p=10838\" \/>\n<meta property=\"og:locale\" content=\"az_AZ\" \/>\n<meta property=\"og:type\" content=\"article\" \/>\n<meta property=\"og:title\" content=\"S\u0259lim M\u00fcsl\u00fcmov da Z\u0259rdab sakinl\u0259ri il\u0259 g\u00f6r\u00fc\u015f\u0259c\u0259k - Z\u0259rdab.com\" \/>\n<meta property=\"og:description\" content=\"Az\u0259rbaycan Respublikas\u0131 D\u00f6vl\u0259t Sosial M\u00fcdafi\u0259 Fondunun s\u0259dri S\u0259lim M\u00fcsl\u00fcmov 10 iyul 2013-c\u00fc il tarixd\u0259, saat 11:00-da Fondun A\u011fcab\u0259di rayon \u015f\u00f6b\u0259sinin inzibati binas\u0131nda Z\u0259rdab sakinl\u0259ri olan m\u0259cburi d\u00f6vl\u0259t sosial s\u0131\u011forta \u00f6d\u0259yicil\u0259ri v\u0259 pensiya\u00e7\u0131lar \u00fc\u00e7\u00fcn d\u0259 q\u0259bul ke\u00e7ir\u0259c\u0259k. Q\u0259bulda i\u015ftirak ed\u0259c\u0259k v\u0259t\u0259nda\u015flar\u0131n iyulun 12-d\u0259 Fondun h\u0259min \u015f\u0259h\u0259r v\u0259 rayon \u015f\u00f6b\u0259l\u0259rinin inzibati binalar\u0131n\u0131n qar\u015f\u0131s\u0131ndan x\u00fcsusi ayr\u0131lm\u0131\u015f n\u0259qliyyatla A\u011fcab\u0259di [&hellip;]\" \/>\n<meta property=\"og:url\" content=\"https:\/\/www.zerdab.com\/?p=10838\" \/>\n<meta property=\"og:site_name\" content=\"Z\u0259rdab.com\" \/>\n<meta property=\"article:published_time\" content=\"2013-07-02T05:30:50+00:00\" \/>\n<meta property=\"article:modified_time\" content=\"2013-07-02T05:38:21+00:00\" \/>\n<meta name=\"author\" content=\"admin\" \/>\n<meta name=\"twitter:card\" content=\"summary_large_image\" \/>\n<meta name=\"twitter:label1\" content=\"Written by\" \/>\n\t<meta name=\"twitter:data1\" content=\"admin\" \/>\n\t<meta name=\"twitter:label2\" content=\"Est. reading time\" \/>\n\t<meta name=\"twitter:data2\" content=\"1 minute\" \/>\n<script type=\"application\/ld+json\" class=\"yoast-schema-graph\">{\"@context\":\"https:\/\/schema.org\",\"@graph\":[{\"@type\":\"Article\",\"@id\":\"https:\/\/www.zerdab.com\/?p=10838#article\",\"isPartOf\":{\"@id\":\"https:\/\/www.zerdab.com\/?p=10838\"},\"author\":{\"name\":\"admin\",\"@id\":\"https:\/\/www.zerdab.com\/#\/schema\/person\/97079b7570c1e89ec0d9e138c3672136\"},\"headline\":\"S\u0259lim M\u00fcsl\u00fcmov da Z\u0259rdab sakinl\u0259ri il\u0259 g\u00f6r\u00fc\u015f\u0259c\u0259k\",\"datePublished\":\"2013-07-02T05:30:50+00:00\",\"dateModified\":\"2013-07-02T05:38:21+00:00\",\"mainEntityOfPage\":{\"@id\":\"https:\/\/www.zerdab.com\/?p=10838\"},\"wordCount\":175,\"commentCount\":0,\"articleSection\":[\"X\u018fB\u018fRL\u018fR\"],\"inLanguage\":\"az\",\"potentialAction\":[{\"@type\":\"CommentAction\",\"name\":\"Comment\",\"target\":[\"https:\/\/www.zerdab.com\/?p=10838#respond\"]}]},{\"@type\":\"WebPage\",\"@id\":\"https:\/\/www.zerdab.com\/?p=10838\",\"url\":\"https:\/\/www.zerdab.com\/?p=10838\",\"name\":\"S\u0259lim M\u00fcsl\u00fcmov da Z\u0259rdab sakinl\u0259ri il\u0259 g\u00f6r\u00fc\u015f\u0259c\u0259k - Z\u0259rdab.com\",\"isPartOf\":{\"@id\":\"https:\/\/www.zerdab.com\/#website\"},\"datePublished\":\"2013-07-02T05:30:50+00:00\",\"dateModified\":\"2013-07-02T05:38:21+00:00\",\"author\":{\"@id\":\"https:\/\/www.zerdab.com\/#\/schema\/person\/97079b7570c1e89ec0d9e138c3672136\"},\"breadcrumb\":{\"@id\":\"https:\/\/www.zerdab.com\/?p=10838#breadcrumb\"},\"inLanguage\":\"az\",\"potentialAction\":[{\"@type\":\"ReadAction\",\"target\":[\"https:\/\/www.zerdab.com\/?p=10838\"]}]},{\"@type\":\"BreadcrumbList\",\"@id\":\"https:\/\/www.zerdab.com\/?p=10838#breadcrumb\",\"itemListElement\":[{\"@type\":\"ListItem\",\"position\":1,\"name\":\"Home\",\"item\":\"https:\/\/www.zerdab.com\/\"},{\"@type\":\"ListItem\",\"position\":2,\"name\":\"S\u0259lim M\u00fcsl\u00fcmov da Z\u0259rdab sakinl\u0259ri il\u0259 g\u00f6r\u00fc\u015f\u0259c\u0259k\"}]},{\"@type\":\"WebSite\",\"@id\":\"https:\/\/www.zerdab.com\/#website\",\"url\":\"https:\/\/www.zerdab.com\/\",\"name\":\"Z\u0259rdab.com\",\"description\":\"\",\"potentialAction\":[{\"@type\":\"SearchAction\",\"target\":{\"@type\":\"EntryPoint\",\"urlTemplate\":\"https:\/\/www.zerdab.com\/?s={search_term_string}\"},\"query-input\":{\"@type\":\"PropertyValueSpecification\",\"valueRequired\":true,\"valueName\":\"search_term_string\"}}],\"inLanguage\":\"az\"},{\"@type\":\"Person\",\"@id\":\"https:\/\/www.zerdab.com\/#\/schema\/person\/97079b7570c1e89ec0d9e138c3672136\",\"name\":\"admin\",\"image\":{\"@type\":\"ImageObject\",\"inLanguage\":\"az\",\"@id\":\"https:\/\/www.zerdab.com\/#\/schema\/person\/image\/\",\"url\":\"https:\/\/secure.gravatar.com\/avatar\/d9c52a9a27c32119cb6679a077fa3e2779e5f822c451cbf01098004361d466ec?s=96&d=mm&r=g\",\"contentUrl\":\"https:\/\/secure.gravatar.com\/avatar\/d9c52a9a27c32119cb6679a077fa3e2779e5f822c451cbf01098004361d466ec?s=96&d=mm&r=g\",\"caption\":\"admin\"},\"url\":\"https:\/\/www.zerdab.com\/?author=1\"}]}<\/script>\n<!-- \/ Yoast SEO plugin. -->","yoast_head_json":{"title":"S\u0259lim M\u00fcsl\u00fcmov da Z\u0259rdab sakinl\u0259ri il\u0259 g\u00f6r\u00fc\u015f\u0259c\u0259k - Z\u0259rdab.com","robots":{"index":"index","follow":"follow","max-snippet":"max-snippet:-1","max-image-preview":"max-image-preview:large","max-video-preview":"max-video-preview:-1"},"canonical":"https:\/\/www.zerdab.com\/?p=10838","og_locale":"az_AZ","og_type":"article","og_title":"S\u0259lim M\u00fcsl\u00fcmov da Z\u0259rdab sakinl\u0259ri il\u0259 g\u00f6r\u00fc\u015f\u0259c\u0259k - Z\u0259rdab.com","og_description":"Az\u0259rbaycan Respublikas\u0131 D\u00f6vl\u0259t Sosial M\u00fcdafi\u0259 Fondunun s\u0259dri S\u0259lim M\u00fcsl\u00fcmov 10 iyul 2013-c\u00fc il tarixd\u0259, saat 11:00-da Fondun A\u011fcab\u0259di rayon \u015f\u00f6b\u0259sinin inzibati binas\u0131nda Z\u0259rdab sakinl\u0259ri olan m\u0259cburi d\u00f6vl\u0259t sosial s\u0131\u011forta \u00f6d\u0259yicil\u0259ri v\u0259 pensiya\u00e7\u0131lar \u00fc\u00e7\u00fcn d\u0259 q\u0259bul ke\u00e7ir\u0259c\u0259k. Q\u0259bulda i\u015ftirak ed\u0259c\u0259k v\u0259t\u0259nda\u015flar\u0131n iyulun 12-d\u0259 Fondun h\u0259min \u015f\u0259h\u0259r v\u0259 rayon \u015f\u00f6b\u0259l\u0259rinin inzibati binalar\u0131n\u0131n qar\u015f\u0131s\u0131ndan x\u00fcsusi ayr\u0131lm\u0131\u015f n\u0259qliyyatla A\u011fcab\u0259di [&hellip;]","og_url":"https:\/\/www.zerdab.com\/?p=10838","og_site_name":"Z\u0259rdab.com","article_published_time":"2013-07-02T05:30:50+00:00","article_modified_time":"2013-07-02T05:38:21+00:00","author":"admin","twitter_card":"summary_large_image","twitter_misc":{"Written by":"admin","Est. reading time":"1 minute"},"schema":{"@context":"https:\/\/schema.org","@graph":[{"@type":"Article","@id":"https:\/\/www.zerdab.com\/?p=10838#article","isPartOf":{"@id":"https:\/\/www.zerdab.com\/?p=10838"},"author":{"name":"admin","@id":"https:\/\/www.zerdab.com\/#\/schema\/person\/97079b7570c1e89ec0d9e138c3672136"},"headline":"S\u0259lim M\u00fcsl\u00fcmov da Z\u0259rdab sakinl\u0259ri il\u0259 g\u00f6r\u00fc\u015f\u0259c\u0259k","datePublished":"2013-07-02T05:30:50+00:00","dateModified":"2013-07-02T05:38:21+00:00","mainEntityOfPage":{"@id":"https:\/\/www.zerdab.com\/?p=10838"},"wordCount":175,"commentCount":0,"articleSection":["X\u018fB\u018fRL\u018fR"],"inLanguage":"az","potentialAction":[{"@type":"CommentAction","name":"Comment","target":["https:\/\/www.zerdab.com\/?p=10838#respond"]}]},{"@type":"WebPage","@id":"https:\/\/www.zerdab.com\/?p=10838","url":"https:\/\/www.zerdab.com\/?p=10838","name":"S\u0259lim M\u00fcsl\u00fcmov da Z\u0259rdab sakinl\u0259ri il\u0259 g\u00f6r\u00fc\u015f\u0259c\u0259k - Z\u0259rdab.com","isPartOf":{"@id":"https:\/\/www.zerdab.com\/#website"},"datePublished":"2013-07-02T05:30:50+00:00","dateModified":"2013-07-02T05:38:21+00:00","author":{"@id":"https:\/\/www.zerdab.com\/#\/schema\/person\/97079b7570c1e89ec0d9e138c3672136"},"breadcrumb":{"@id":"https:\/\/www.zerdab.com\/?p=10838#breadcrumb"},"inLanguage":"az","potentialAction":[{"@type":"ReadAction","target":["https:\/\/www.zerdab.com\/?p=10838"]}]},{"@type":"BreadcrumbList","@id":"https:\/\/www.zerdab.com\/?p=10838#breadcrumb","itemListElement":[{"@type":"ListItem","position":1,"name":"Home","item":"https:\/\/www.zerdab.com\/"},{"@type":"ListItem","position":2,"name":"S\u0259lim M\u00fcsl\u00fcmov da Z\u0259rdab sakinl\u0259ri il\u0259 g\u00f6r\u00fc\u015f\u0259c\u0259k"}]},{"@type":"WebSite","@id":"https:\/\/www.zerdab.com\/#website","url":"https:\/\/www.zerdab.com\/","name":"Z\u0259rdab.com","description":"","potentialAction":[{"@type":"SearchAction","target":{"@type":"EntryPoint","urlTemplate":"https:\/\/www.zerdab.com\/?s={search_term_string}"},"query-input":{"@type":"PropertyValueSpecification","valueRequired":true,"valueName":"search_term_string"}}],"inLanguage":"az"},{"@type":"Person","@id":"https:\/\/www.zerdab.com\/#\/schema\/person\/97079b7570c1e89ec0d9e138c3672136","name":"admin","image":{"@type":"ImageObject","inLanguage":"az","@id":"https:\/\/www.zerdab.com\/#\/schema\/person\/image\/","url":"https:\/\/secure.gravatar.com\/avatar\/d9c52a9a27c32119cb6679a077fa3e2779e5f822c451cbf01098004361d466ec?s=96&d=mm&r=g","contentUrl":"https:\/\/secure.gravatar.com\/avatar\/d9c52a9a27c32119cb6679a077fa3e2779e5f822c451cbf01098004361d466ec?s=96&d=mm&r=g","caption":"admin"},"url":"https:\/\/www.zerdab.com\/?author=1"}]}},"_links":{"self":[{"href":"https:\/\/www.zerdab.com\/index.php?rest_route=\/wp\/v2\/posts\/10838","targetHints":{"allow":["GET"]}}],"collection":[{"href":"https:\/\/www.zerdab.com\/index.php?rest_route=\/wp\/v2\/posts"}],"about":[{"href":"https:\/\/www.zerdab.com\/index.php?rest_route=\/wp\/v2\/types\/post"}],"author":[{"embeddable":true,"href":"https:\/\/www.zerdab.com\/index.php?rest_route=\/wp\/v2\/users\/1"}],"replies":[{"embeddable":true,"href":"https:\/\/www.zerdab.com\/index.php?rest_route=%2Fwp%2Fv2%2Fcomments&post=10838"}],"version-history":[{"count":5,"href":"https:\/\/www.zerdab.com\/index.php?rest_route=\/wp\/v2\/posts\/10838\/revisions"}],"predecessor-version":[{"id":10843,"href":"https:\/\/www.zerdab.com\/index.php?rest_route=\/wp\/v2\/posts\/10838\/revisions\/10843"}],"wp:attachment":[{"href":"https:\/\/www.zerdab.com\/index.php?rest_route=%2Fwp%2Fv2%2Fmedia&parent=10838"}],"wp:term":[{"taxonomy":"category","embeddable":true,"href":"https:\/\/www.zerdab.com\/index.php?rest_route=%2Fwp%2Fv2%2Fcategories&post=10838"},{"taxonomy":"post_tag","embeddable":true,"href":"https:\/\/www.zerdab.com\/index.php?rest_route=%2Fwp%2Fv2%2Ftags&post=10838"}],"curies":[{"name":"wp","href":"https:\/\/api.w.org\/{rel}","templated":true}]}}