{"id":10851,"date":"2013-07-02T18:17:18","date_gmt":"2013-07-02T13:17:18","guid":{"rendered":"http:\/\/www.zerdab.com\/?p=10851"},"modified":"2013-07-02T18:18:44","modified_gmt":"2013-07-02T13:18:44","slug":"z%c9%99rdab-rayonunda-polis-iscil%c9%99rinin-pes%c9%99-bayrami-qeyd-edildi-fotolar","status":"publish","type":"post","link":"https:\/\/www.zerdab.com\/?p=10851","title":{"rendered":"Z\u0259rdab rayonunda polis i\u015f\u00e7il\u0259rinin pe\u015f\u0259 bayram\u0131 qeyd edildi &#8211; fotolar"},"content":{"rendered":"<p><b><span style=\"color: #0000ff;\"><img loading=\"lazy\" decoding=\"async\" class=\"aligncenter size-large wp-image-10852\" alt=\"Zerdab-polis\" src=\"http:\/\/www.zerdab.com\/wp-content\/uploads\/2013\/07\/Zerdab-polis2-650x431.jpg\" width=\"650\" height=\"431\" \/>Z\u0259rdabda polis i\u015f\u00e7il\u0259rinin pe\u015f\u0259 bayram\u0131 m\u00fcnasib\u0259til\u0259 t\u0259dbir ke\u00e7irilib. T\u0259dbir i\u015ftirak\u00e7\u0131lar\u0131 \u0259vv\u0259lc\u0259 Ulu \u00d6nd\u0259r Heyd\u0259r \u018fliyevin abid\u0259sini ziyar\u0259t edibl\u0259r.<\/span> <\/b><\/p>\n<p><b>T\u0259dbirin r\u0259smi hiss\u0259si polis i\u015f\u00e7il\u0259ri g\u00fcn\u00fc \u0259r\u0259f\u0259sind\u0259 istifad\u0259y\u0259 verilmi\u015f, \u00fcmumi sah\u0259si 2400 kvadratmetr olan, 3 m\u0259rt\u0259b\u0259li, 37 otaqdan ibar\u0259t h\u0259r c\u00fcr avadanl\u0131qlarla t\u0259chiz edilmi\u015f yeni inzibati binan\u0131n 100 n\u0259f\u0259rlik akt zal\u0131nda davam etdirilib. Z\u0259rdab Rayon \u0130HB Aparat\u0131n\u0131n informasiya t\u0259minat\u0131 v\u0259 t\u0259hlil sektorundan Zerdab.com sayt\u0131na veril\u0259n m\u0259lumata g\u00f6r\u0259, rayon Polis \u015e\u00f6b\u0259sinin r\u0259isi, polis polkovnik-leytenant\u0131 Elnur H\u0259s\u0259nov &#8220;Az\u0259rbaycan polisinin yaranmas\u0131n\u0131n 95-ci ild\u00f6n\u00fcm\u00fc haqq\u0131nda&#8221; m\u0259ruz\u0259 ed\u0259r\u0259k Az\u0259rbaycan polisinin, o c\u00fcml\u0259d\u0259n Z\u0259rdab Rayon Polis \u015e\u00f6b\u0259sinin v\u0259 \u015f\u00f6b\u0259nin \u0259m\u0259kda\u015flar\u0131n\u0131n ke\u00e7diyi \u015f\u0259r\u0259fli yoldan dan\u0131\u015f\u0131b. O, qeyd edib ki, son vaxtlar \u00f6lk\u0259mizd\u0259, o c\u00fcml\u0259d\u0259n Z\u0259rdabda da cinay\u0259tkarl\u0131\u011fa qar\u015f\u0131 m\u00fcbariz\u0259 i\u015fi g\u00fccl\u0259ndirilib. R\u0259is bildirib ki, Rayon Polis \u015e\u00f6b\u0259si \u00fc\u00e7\u00fcn yeni inzibati binan\u0131n istifad\u0259y\u0259 verilm\u0259si d\u00f6vl\u0259timizin ba\u015f\u00e7\u0131s\u0131 c\u0259nab \u0130lham \u018fliyevin polis i\u015f\u00e7il\u0259rin\u0259 olan diqq\u0259t v\u0259 qay\u011f\u0131s\u0131n\u0131n bariz n\u00fcmun\u0259sidir. <\/b><\/p>\n<p><b><span style=\"color: #ff0000;\">Zerdab.com<\/span><\/b><\/p>\n<p><img loading=\"lazy\" decoding=\"async\" class=\"aligncenter size-large wp-image-10857\" alt=\"Zerdab-polis\" src=\"http:\/\/www.zerdab.com\/wp-content\/uploads\/2013\/07\/Zerdab-polis6-431x650.jpg\" width=\"431\" height=\"650\" \/><\/p>\n<p><img loading=\"lazy\" decoding=\"async\" class=\"aligncenter size-large wp-image-10853\" alt=\"Zerdab-polis\" src=\"http:\/\/www.zerdab.com\/wp-content\/uploads\/2013\/07\/Zerdab-polis-650x431.jpg\" width=\"650\" height=\"431\" \/><img loading=\"lazy\" decoding=\"async\" class=\"aligncenter size-large wp-image-10854\" alt=\"Zerdab-polis\" src=\"http:\/\/www.zerdab.com\/wp-content\/uploads\/2013\/07\/Zerdab-polis1-650x431.jpg\" width=\"650\" height=\"431\" \/><img loading=\"lazy\" decoding=\"async\" class=\"aligncenter size-large wp-image-10855\" alt=\"Zerdab-polis\" src=\"http:\/\/www.zerdab.com\/wp-content\/uploads\/2013\/07\/Zerdab-polis5-650x431.jpg\" width=\"650\" height=\"431\" \/><img loading=\"lazy\" decoding=\"async\" class=\"aligncenter size-large wp-image-10858\" alt=\"Zerdab-polis\" src=\"http:\/\/www.zerdab.com\/wp-content\/uploads\/2013\/07\/Zerdab-polis4-650x431.jpg\" width=\"650\" height=\"431\" \/><img loading=\"lazy\" decoding=\"async\" class=\"aligncenter size-large wp-image-10856\" alt=\"Zerdab-polis\" src=\"http:\/\/www.zerdab.com\/wp-content\/uploads\/2013\/07\/Zerdab-polis3-650x431.jpg\" width=\"650\" height=\"431\" \/><\/p>\n","protected":false},"excerpt":{"rendered":"<p>Z\u0259rdabda polis i\u015f\u00e7il\u0259rinin pe\u015f\u0259 bayram\u0131 m\u00fcnasib\u0259til\u0259 t\u0259dbir ke\u00e7irilib. T\u0259dbir i\u015ftirak\u00e7\u0131lar\u0131 \u0259vv\u0259lc\u0259 Ulu \u00d6nd\u0259r Heyd\u0259r \u018fliyevin abid\u0259sini ziyar\u0259t edibl\u0259r. T\u0259dbirin r\u0259smi hiss\u0259si polis i\u015f\u00e7il\u0259ri g\u00fcn\u00fc \u0259r\u0259f\u0259sind\u0259 istifad\u0259y\u0259 verilmi\u015f, \u00fcmumi sah\u0259si 2400 kvadratmetr olan, 3 m\u0259rt\u0259b\u0259li, 37 otaqdan ibar\u0259t h\u0259r c\u00fcr avadanl\u0131qlarla t\u0259chiz edilmi\u015f yeni inzibati binan\u0131n 100 n\u0259f\u0259rlik akt zal\u0131nda davam etdirilib. Z\u0259rdab Rayon \u0130HB Aparat\u0131n\u0131n [&hellip;]<\/p>\n","protected":false},"author":1,"featured_media":0,"comment_status":"open","ping_status":"open","sticky":false,"template":"","format":"standard","meta":{"footnotes":""},"categories":[5],"tags":[],"class_list":{"0":"post-10851","1":"post","2":"type-post","3":"status-publish","4":"format-standard","6":"category-knd"},"yoast_head":"<!-- This site is optimized with the Yoast SEO plugin v27.0 - https:\/\/yoast.com\/product\/yoast-seo-wordpress\/ -->\n<title>Z\u0259rdab rayonunda polis i\u015f\u00e7il\u0259rinin pe\u015f\u0259 bayram\u0131 qeyd edildi - fotolar - Z\u0259rdab.com<\/title>\n<meta name=\"robots\" content=\"index, follow, max-snippet:-1, max-image-preview:large, max-video-preview:-1\" \/>\n<link rel=\"canonical\" href=\"https:\/\/www.zerdab.com\/?p=10851\" \/>\n<meta property=\"og:locale\" content=\"az_AZ\" \/>\n<meta property=\"og:type\" content=\"article\" \/>\n<meta property=\"og:title\" content=\"Z\u0259rdab rayonunda polis i\u015f\u00e7il\u0259rinin pe\u015f\u0259 bayram\u0131 qeyd edildi - fotolar - Z\u0259rdab.com\" \/>\n<meta property=\"og:description\" content=\"Z\u0259rdabda polis i\u015f\u00e7il\u0259rinin pe\u015f\u0259 bayram\u0131 m\u00fcnasib\u0259til\u0259 t\u0259dbir ke\u00e7irilib. T\u0259dbir i\u015ftirak\u00e7\u0131lar\u0131 \u0259vv\u0259lc\u0259 Ulu \u00d6nd\u0259r Heyd\u0259r \u018fliyevin abid\u0259sini ziyar\u0259t edibl\u0259r. T\u0259dbirin r\u0259smi hiss\u0259si polis i\u015f\u00e7il\u0259ri g\u00fcn\u00fc \u0259r\u0259f\u0259sind\u0259 istifad\u0259y\u0259 verilmi\u015f, \u00fcmumi sah\u0259si 2400 kvadratmetr olan, 3 m\u0259rt\u0259b\u0259li, 37 otaqdan ibar\u0259t h\u0259r c\u00fcr avadanl\u0131qlarla t\u0259chiz edilmi\u015f yeni inzibati binan\u0131n 100 n\u0259f\u0259rlik akt zal\u0131nda davam etdirilib. Z\u0259rdab Rayon \u0130HB Aparat\u0131n\u0131n [&hellip;]\" \/>\n<meta property=\"og:url\" content=\"https:\/\/www.zerdab.com\/?p=10851\" \/>\n<meta property=\"og:site_name\" content=\"Z\u0259rdab.com\" \/>\n<meta property=\"article:published_time\" content=\"2013-07-02T13:17:18+00:00\" \/>\n<meta property=\"article:modified_time\" content=\"2013-07-02T13:18:44+00:00\" \/>\n<meta property=\"og:image\" content=\"http:\/\/www.zerdab.com\/wp-content\/uploads\/2013\/07\/Zerdab-polis2-650x431.jpg\" \/>\n<meta name=\"author\" content=\"admin\" \/>\n<meta name=\"twitter:card\" content=\"summary_large_image\" \/>\n<meta name=\"twitter:label1\" content=\"Written by\" \/>\n\t<meta name=\"twitter:data1\" content=\"admin\" \/>\n\t<meta name=\"twitter:label2\" content=\"Est. reading time\" \/>\n\t<meta name=\"twitter:data2\" content=\"1 minute\" \/>\n<script type=\"application\/ld+json\" class=\"yoast-schema-graph\">{\"@context\":\"https:\/\/schema.org\",\"@graph\":[{\"@type\":\"Article\",\"@id\":\"https:\/\/www.zerdab.com\/?p=10851#article\",\"isPartOf\":{\"@id\":\"https:\/\/www.zerdab.com\/?p=10851\"},\"author\":{\"name\":\"admin\",\"@id\":\"https:\/\/www.zerdab.com\/#\/schema\/person\/97079b7570c1e89ec0d9e138c3672136\"},\"headline\":\"Z\u0259rdab rayonunda polis i\u015f\u00e7il\u0259rinin pe\u015f\u0259 bayram\u0131 qeyd edildi &#8211; fotolar\",\"datePublished\":\"2013-07-02T13:17:18+00:00\",\"dateModified\":\"2013-07-02T13:18:44+00:00\",\"mainEntityOfPage\":{\"@id\":\"https:\/\/www.zerdab.com\/?p=10851\"},\"wordCount\":251,\"commentCount\":2,\"image\":{\"@id\":\"https:\/\/www.zerdab.com\/?p=10851#primaryimage\"},\"thumbnailUrl\":\"http:\/\/www.zerdab.com\/wp-content\/uploads\/2013\/07\/Zerdab-polis2-650x431.jpg\",\"articleSection\":[\"X\u018fB\u018fRL\u018fR\"],\"inLanguage\":\"az\",\"potentialAction\":[{\"@type\":\"CommentAction\",\"name\":\"Comment\",\"target\":[\"https:\/\/www.zerdab.com\/?p=10851#respond\"]}]},{\"@type\":\"WebPage\",\"@id\":\"https:\/\/www.zerdab.com\/?p=10851\",\"url\":\"https:\/\/www.zerdab.com\/?p=10851\",\"name\":\"Z\u0259rdab rayonunda polis i\u015f\u00e7il\u0259rinin pe\u015f\u0259 bayram\u0131 qeyd edildi - fotolar - Z\u0259rdab.com\",\"isPartOf\":{\"@id\":\"https:\/\/www.zerdab.com\/#website\"},\"primaryImageOfPage\":{\"@id\":\"https:\/\/www.zerdab.com\/?p=10851#primaryimage\"},\"image\":{\"@id\":\"https:\/\/www.zerdab.com\/?p=10851#primaryimage\"},\"thumbnailUrl\":\"http:\/\/www.zerdab.com\/wp-content\/uploads\/2013\/07\/Zerdab-polis2-650x431.jpg\",\"datePublished\":\"2013-07-02T13:17:18+00:00\",\"dateModified\":\"2013-07-02T13:18:44+00:00\",\"author\":{\"@id\":\"https:\/\/www.zerdab.com\/#\/schema\/person\/97079b7570c1e89ec0d9e138c3672136\"},\"breadcrumb\":{\"@id\":\"https:\/\/www.zerdab.com\/?p=10851#breadcrumb\"},\"inLanguage\":\"az\",\"potentialAction\":[{\"@type\":\"ReadAction\",\"target\":[\"https:\/\/www.zerdab.com\/?p=10851\"]}]},{\"@type\":\"ImageObject\",\"inLanguage\":\"az\",\"@id\":\"https:\/\/www.zerdab.com\/?p=10851#primaryimage\",\"url\":\"\",\"contentUrl\":\"\"},{\"@type\":\"BreadcrumbList\",\"@id\":\"https:\/\/www.zerdab.com\/?p=10851#breadcrumb\",\"itemListElement\":[{\"@type\":\"ListItem\",\"position\":1,\"name\":\"Home\",\"item\":\"https:\/\/www.zerdab.com\/\"},{\"@type\":\"ListItem\",\"position\":2,\"name\":\"Z\u0259rdab rayonunda polis i\u015f\u00e7il\u0259rinin pe\u015f\u0259 bayram\u0131 qeyd edildi &#8211; fotolar\"}]},{\"@type\":\"WebSite\",\"@id\":\"https:\/\/www.zerdab.com\/#website\",\"url\":\"https:\/\/www.zerdab.com\/\",\"name\":\"Z\u0259rdab.com\",\"description\":\"\",\"potentialAction\":[{\"@type\":\"SearchAction\",\"target\":{\"@type\":\"EntryPoint\",\"urlTemplate\":\"https:\/\/www.zerdab.com\/?s={search_term_string}\"},\"query-input\":{\"@type\":\"PropertyValueSpecification\",\"valueRequired\":true,\"valueName\":\"search_term_string\"}}],\"inLanguage\":\"az\"},{\"@type\":\"Person\",\"@id\":\"https:\/\/www.zerdab.com\/#\/schema\/person\/97079b7570c1e89ec0d9e138c3672136\",\"name\":\"admin\",\"image\":{\"@type\":\"ImageObject\",\"inLanguage\":\"az\",\"@id\":\"https:\/\/www.zerdab.com\/#\/schema\/person\/image\/\",\"url\":\"https:\/\/secure.gravatar.com\/avatar\/d9c52a9a27c32119cb6679a077fa3e2779e5f822c451cbf01098004361d466ec?s=96&d=mm&r=g\",\"contentUrl\":\"https:\/\/secure.gravatar.com\/avatar\/d9c52a9a27c32119cb6679a077fa3e2779e5f822c451cbf01098004361d466ec?s=96&d=mm&r=g\",\"caption\":\"admin\"},\"url\":\"https:\/\/www.zerdab.com\/?author=1\"}]}<\/script>\n<!-- \/ Yoast SEO plugin. -->","yoast_head_json":{"title":"Z\u0259rdab rayonunda polis i\u015f\u00e7il\u0259rinin pe\u015f\u0259 bayram\u0131 qeyd edildi - fotolar - Z\u0259rdab.com","robots":{"index":"index","follow":"follow","max-snippet":"max-snippet:-1","max-image-preview":"max-image-preview:large","max-video-preview":"max-video-preview:-1"},"canonical":"https:\/\/www.zerdab.com\/?p=10851","og_locale":"az_AZ","og_type":"article","og_title":"Z\u0259rdab rayonunda polis i\u015f\u00e7il\u0259rinin pe\u015f\u0259 bayram\u0131 qeyd edildi - fotolar - Z\u0259rdab.com","og_description":"Z\u0259rdabda polis i\u015f\u00e7il\u0259rinin pe\u015f\u0259 bayram\u0131 m\u00fcnasib\u0259til\u0259 t\u0259dbir ke\u00e7irilib. T\u0259dbir i\u015ftirak\u00e7\u0131lar\u0131 \u0259vv\u0259lc\u0259 Ulu \u00d6nd\u0259r Heyd\u0259r \u018fliyevin abid\u0259sini ziyar\u0259t edibl\u0259r. T\u0259dbirin r\u0259smi hiss\u0259si polis i\u015f\u00e7il\u0259ri g\u00fcn\u00fc \u0259r\u0259f\u0259sind\u0259 istifad\u0259y\u0259 verilmi\u015f, \u00fcmumi sah\u0259si 2400 kvadratmetr olan, 3 m\u0259rt\u0259b\u0259li, 37 otaqdan ibar\u0259t h\u0259r c\u00fcr avadanl\u0131qlarla t\u0259chiz edilmi\u015f yeni inzibati binan\u0131n 100 n\u0259f\u0259rlik akt zal\u0131nda davam etdirilib. Z\u0259rdab Rayon \u0130HB Aparat\u0131n\u0131n [&hellip;]","og_url":"https:\/\/www.zerdab.com\/?p=10851","og_site_name":"Z\u0259rdab.com","article_published_time":"2013-07-02T13:17:18+00:00","article_modified_time":"2013-07-02T13:18:44+00:00","og_image":[{"url":"http:\/\/www.zerdab.com\/wp-content\/uploads\/2013\/07\/Zerdab-polis2-650x431.jpg","type":"","width":"","height":""}],"author":"admin","twitter_card":"summary_large_image","twitter_misc":{"Written by":"admin","Est. reading time":"1 minute"},"schema":{"@context":"https:\/\/schema.org","@graph":[{"@type":"Article","@id":"https:\/\/www.zerdab.com\/?p=10851#article","isPartOf":{"@id":"https:\/\/www.zerdab.com\/?p=10851"},"author":{"name":"admin","@id":"https:\/\/www.zerdab.com\/#\/schema\/person\/97079b7570c1e89ec0d9e138c3672136"},"headline":"Z\u0259rdab rayonunda polis i\u015f\u00e7il\u0259rinin pe\u015f\u0259 bayram\u0131 qeyd edildi &#8211; fotolar","datePublished":"2013-07-02T13:17:18+00:00","dateModified":"2013-07-02T13:18:44+00:00","mainEntityOfPage":{"@id":"https:\/\/www.zerdab.com\/?p=10851"},"wordCount":251,"commentCount":2,"image":{"@id":"https:\/\/www.zerdab.com\/?p=10851#primaryimage"},"thumbnailUrl":"http:\/\/www.zerdab.com\/wp-content\/uploads\/2013\/07\/Zerdab-polis2-650x431.jpg","articleSection":["X\u018fB\u018fRL\u018fR"],"inLanguage":"az","potentialAction":[{"@type":"CommentAction","name":"Comment","target":["https:\/\/www.zerdab.com\/?p=10851#respond"]}]},{"@type":"WebPage","@id":"https:\/\/www.zerdab.com\/?p=10851","url":"https:\/\/www.zerdab.com\/?p=10851","name":"Z\u0259rdab rayonunda polis i\u015f\u00e7il\u0259rinin pe\u015f\u0259 bayram\u0131 qeyd edildi - fotolar - Z\u0259rdab.com","isPartOf":{"@id":"https:\/\/www.zerdab.com\/#website"},"primaryImageOfPage":{"@id":"https:\/\/www.zerdab.com\/?p=10851#primaryimage"},"image":{"@id":"https:\/\/www.zerdab.com\/?p=10851#primaryimage"},"thumbnailUrl":"http:\/\/www.zerdab.com\/wp-content\/uploads\/2013\/07\/Zerdab-polis2-650x431.jpg","datePublished":"2013-07-02T13:17:18+00:00","dateModified":"2013-07-02T13:18:44+00:00","author":{"@id":"https:\/\/www.zerdab.com\/#\/schema\/person\/97079b7570c1e89ec0d9e138c3672136"},"breadcrumb":{"@id":"https:\/\/www.zerdab.com\/?p=10851#breadcrumb"},"inLanguage":"az","potentialAction":[{"@type":"ReadAction","target":["https:\/\/www.zerdab.com\/?p=10851"]}]},{"@type":"ImageObject","inLanguage":"az","@id":"https:\/\/www.zerdab.com\/?p=10851#primaryimage","url":"","contentUrl":""},{"@type":"BreadcrumbList","@id":"https:\/\/www.zerdab.com\/?p=10851#breadcrumb","itemListElement":[{"@type":"ListItem","position":1,"name":"Home","item":"https:\/\/www.zerdab.com\/"},{"@type":"ListItem","position":2,"name":"Z\u0259rdab rayonunda polis i\u015f\u00e7il\u0259rinin pe\u015f\u0259 bayram\u0131 qeyd edildi &#8211; fotolar"}]},{"@type":"WebSite","@id":"https:\/\/www.zerdab.com\/#website","url":"https:\/\/www.zerdab.com\/","name":"Z\u0259rdab.com","description":"","potentialAction":[{"@type":"SearchAction","target":{"@type":"EntryPoint","urlTemplate":"https:\/\/www.zerdab.com\/?s={search_term_string}"},"query-input":{"@type":"PropertyValueSpecification","valueRequired":true,"valueName":"search_term_string"}}],"inLanguage":"az"},{"@type":"Person","@id":"https:\/\/www.zerdab.com\/#\/schema\/person\/97079b7570c1e89ec0d9e138c3672136","name":"admin","image":{"@type":"ImageObject","inLanguage":"az","@id":"https:\/\/www.zerdab.com\/#\/schema\/person\/image\/","url":"https:\/\/secure.gravatar.com\/avatar\/d9c52a9a27c32119cb6679a077fa3e2779e5f822c451cbf01098004361d466ec?s=96&d=mm&r=g","contentUrl":"https:\/\/secure.gravatar.com\/avatar\/d9c52a9a27c32119cb6679a077fa3e2779e5f822c451cbf01098004361d466ec?s=96&d=mm&r=g","caption":"admin"},"url":"https:\/\/www.zerdab.com\/?author=1"}]}},"_links":{"self":[{"href":"https:\/\/www.zerdab.com\/index.php?rest_route=\/wp\/v2\/posts\/10851","targetHints":{"allow":["GET"]}}],"collection":[{"href":"https:\/\/www.zerdab.com\/index.php?rest_route=\/wp\/v2\/posts"}],"about":[{"href":"https:\/\/www.zerdab.com\/index.php?rest_route=\/wp\/v2\/types\/post"}],"author":[{"embeddable":true,"href":"https:\/\/www.zerdab.com\/index.php?rest_route=\/wp\/v2\/users\/1"}],"replies":[{"embeddable":true,"href":"https:\/\/www.zerdab.com\/index.php?rest_route=%2Fwp%2Fv2%2Fcomments&post=10851"}],"version-history":[{"count":3,"href":"https:\/\/www.zerdab.com\/index.php?rest_route=\/wp\/v2\/posts\/10851\/revisions"}],"predecessor-version":[{"id":10860,"href":"https:\/\/www.zerdab.com\/index.php?rest_route=\/wp\/v2\/posts\/10851\/revisions\/10860"}],"wp:attachment":[{"href":"https:\/\/www.zerdab.com\/index.php?rest_route=%2Fwp%2Fv2%2Fmedia&parent=10851"}],"wp:term":[{"taxonomy":"category","embeddable":true,"href":"https:\/\/www.zerdab.com\/index.php?rest_route=%2Fwp%2Fv2%2Fcategories&post=10851"},{"taxonomy":"post_tag","embeddable":true,"href":"https:\/\/www.zerdab.com\/index.php?rest_route=%2Fwp%2Fv2%2Ftags&post=10851"}],"curies":[{"name":"wp","href":"https:\/\/api.w.org\/{rel}","templated":true}]}}