{"id":10887,"date":"2013-07-04T18:49:00","date_gmt":"2013-07-04T13:49:00","guid":{"rendered":"http:\/\/www.zerdab.com\/?p=10887"},"modified":"2013-07-04T18:49:00","modified_gmt":"2013-07-04T13:49:00","slug":"prezident-s%c9%99r%c9%99ncam-verdi-yeni-kombaynlar-alinacaq","status":"publish","type":"post","link":"https:\/\/www.zerdab.com\/?p=10887","title":{"rendered":"Prezident s\u0259r\u0259ncam verdi, yeni kombaynlar al\u0131nacaq"},"content":{"rendered":"<p><img loading=\"lazy\" decoding=\"async\" class=\"aligncenter size-thumbnail wp-image-10888\" alt=\"kombayn\" src=\"http:\/\/www.zerdab.com\/wp-content\/uploads\/2013\/07\/kombayn-300x300.jpg\" width=\"300\" height=\"300\" \/><span style=\"color: #0000ff;\"><strong>Prezident \u0130lham \u018fliyev &#8220;K\u0259nd t\u0259s\u0259rr\u00fcfat\u0131 m\u0259hsullar\u0131 istehsal\u00e7\u0131lar\u0131n\u0131n k\u0259nd t\u0259s\u0259rr\u00fcfat\u0131 texnikas\u0131 il\u0259 t\u0259minat\u0131na \u0259lav\u0259 d\u0259st\u0259k haqq\u0131nda&#8221; s\u0259r\u0259ncam imzalay\u0131b.<\/strong> <\/span>S\u0259n\u0259dd\u0259 qeyd olunur ki, \u0259halinin \u0259rzaq m\u0259hsullar\u0131 il\u0259 etibarl\u0131 t\u0259min edilm\u0259si, \u0259rzaq m\u0259hsullar\u0131 istehsal\u0131n\u0131n art\u0131r\u0131lmas\u0131, istehlakda idxaldan as\u0131l\u0131l\u0131\u011f\u0131n azald\u0131lmas\u0131 \u00fc\u00e7\u00fcn aqrar sah\u0259y\u0259 d\u00f6vl\u0259t d\u0259st\u0259yinin bundan sonra da davam etdirilm\u0259si \u00f6z aktuall\u0131\u011f\u0131n\u0131 saxlamaqdad\u0131r. \u0130ri tax\u0131l\u00e7\u0131l\u0131q t\u0259s\u0259rr\u00fcfatlar\u0131n\u0131n yarad\u0131lmas\u0131, ehtiyatda olan torpaq sah\u0259l\u0259rinin d\u00f6vriyy\u0259y\u0259 c\u0259lb edilm\u0259si, eyni zamanda istismarda olan tax\u0131ly\u0131\u011fan kombaynlar\u0131n \u0259ks\u0259riyy\u0259tinin m\u0259n\u0259vi v\u0259 fiziki c\u0259h\u0259td\u0259n k\u00f6hn\u0259lm\u0259si \u0259lav\u0259 tax\u0131ly\u0131\u011fan kombaynlar\u0131n al\u0131nmas\u0131n\u0131 z\u0259ruri edir.<\/p>\n<p>S\u0259n\u0259d\u0259 \u0259sas\u0259n, tax\u0131l\u00e7\u0131l\u0131qla m\u0259\u015f\u011ful olan k\u0259nd t\u0259s\u0259rr\u00fcfat\u0131 m\u0259hsullar\u0131 istehsal\u00e7\u0131lar\u0131n\u0131n bu il tax\u0131ly\u0131\u011fan kombaynlara ehtiyac\u0131n\u0131 t\u0259min etm\u0259k \u00fc\u00e7\u00fcn 2013-c\u00fc ilin d\u00f6vl\u0259t b\u00fcdc\u0259sind\u0259 n\u0259z\u0259rd\u0259 tutulmu\u015f Az\u0259rbaycan Respublikas\u0131 Prezidentinin ehtiyat fondundan &#8220;Aqrolizinq&#8221; A\u00e7\u0131q S\u0259hmdar C\u0259miyy\u0259tin\u0259 15,0 (on be\u015f) milyon manat ayr\u0131l\u0131b.<\/p>\n<p><span style=\"color: #ff0000;\"><strong>Zerdab.com<\/strong><\/span><\/p>\n","protected":false},"excerpt":{"rendered":"<p>Prezident \u0130lham \u018fliyev &#8220;K\u0259nd t\u0259s\u0259rr\u00fcfat\u0131 m\u0259hsullar\u0131 istehsal\u00e7\u0131lar\u0131n\u0131n k\u0259nd t\u0259s\u0259rr\u00fcfat\u0131 texnikas\u0131 il\u0259 t\u0259minat\u0131na \u0259lav\u0259 d\u0259st\u0259k haqq\u0131nda&#8221; s\u0259r\u0259ncam imzalay\u0131b. S\u0259n\u0259dd\u0259 qeyd olunur ki, \u0259halinin \u0259rzaq m\u0259hsullar\u0131 il\u0259 etibarl\u0131 t\u0259min edilm\u0259si, \u0259rzaq m\u0259hsullar\u0131 istehsal\u0131n\u0131n art\u0131r\u0131lmas\u0131, istehlakda idxaldan as\u0131l\u0131l\u0131\u011f\u0131n azald\u0131lmas\u0131 \u00fc\u00e7\u00fcn aqrar sah\u0259y\u0259 d\u00f6vl\u0259t d\u0259st\u0259yinin bundan sonra da davam etdirilm\u0259si \u00f6z aktuall\u0131\u011f\u0131n\u0131 saxlamaqdad\u0131r. \u0130ri tax\u0131l\u00e7\u0131l\u0131q t\u0259s\u0259rr\u00fcfatlar\u0131n\u0131n yarad\u0131lmas\u0131, ehtiyatda olan [&hellip;]<\/p>\n","protected":false},"author":1,"featured_media":0,"comment_status":"open","ping_status":"open","sticky":false,"template":"","format":"standard","meta":{"footnotes":""},"categories":[21],"tags":[],"class_list":{"0":"post-10887","1":"post","2":"type-post","3":"status-publish","4":"format-standard","6":"category-zrdab"},"yoast_head":"<!-- This site is optimized with the Yoast SEO plugin v27.0 - https:\/\/yoast.com\/product\/yoast-seo-wordpress\/ -->\n<title>Prezident s\u0259r\u0259ncam verdi, yeni kombaynlar al\u0131nacaq - Z\u0259rdab.com<\/title>\n<meta name=\"robots\" content=\"index, follow, max-snippet:-1, max-image-preview:large, max-video-preview:-1\" \/>\n<link rel=\"canonical\" href=\"https:\/\/www.zerdab.com\/?p=10887\" \/>\n<meta property=\"og:locale\" content=\"az_AZ\" \/>\n<meta property=\"og:type\" content=\"article\" \/>\n<meta property=\"og:title\" content=\"Prezident s\u0259r\u0259ncam verdi, yeni kombaynlar al\u0131nacaq - Z\u0259rdab.com\" \/>\n<meta property=\"og:description\" content=\"Prezident \u0130lham \u018fliyev &#8220;K\u0259nd t\u0259s\u0259rr\u00fcfat\u0131 m\u0259hsullar\u0131 istehsal\u00e7\u0131lar\u0131n\u0131n k\u0259nd t\u0259s\u0259rr\u00fcfat\u0131 texnikas\u0131 il\u0259 t\u0259minat\u0131na \u0259lav\u0259 d\u0259st\u0259k haqq\u0131nda&#8221; s\u0259r\u0259ncam imzalay\u0131b. S\u0259n\u0259dd\u0259 qeyd olunur ki, \u0259halinin \u0259rzaq m\u0259hsullar\u0131 il\u0259 etibarl\u0131 t\u0259min edilm\u0259si, \u0259rzaq m\u0259hsullar\u0131 istehsal\u0131n\u0131n art\u0131r\u0131lmas\u0131, istehlakda idxaldan as\u0131l\u0131l\u0131\u011f\u0131n azald\u0131lmas\u0131 \u00fc\u00e7\u00fcn aqrar sah\u0259y\u0259 d\u00f6vl\u0259t d\u0259st\u0259yinin bundan sonra da davam etdirilm\u0259si \u00f6z aktuall\u0131\u011f\u0131n\u0131 saxlamaqdad\u0131r. \u0130ri tax\u0131l\u00e7\u0131l\u0131q t\u0259s\u0259rr\u00fcfatlar\u0131n\u0131n yarad\u0131lmas\u0131, ehtiyatda olan [&hellip;]\" \/>\n<meta property=\"og:url\" content=\"https:\/\/www.zerdab.com\/?p=10887\" \/>\n<meta property=\"og:site_name\" content=\"Z\u0259rdab.com\" \/>\n<meta property=\"article:published_time\" content=\"2013-07-04T13:49:00+00:00\" \/>\n<meta property=\"og:image\" content=\"http:\/\/www.zerdab.com\/wp-content\/uploads\/2013\/07\/kombayn-300x300.jpg\" \/>\n<meta name=\"author\" content=\"admin\" \/>\n<meta name=\"twitter:card\" content=\"summary_large_image\" \/>\n<meta name=\"twitter:label1\" content=\"Written by\" \/>\n\t<meta name=\"twitter:data1\" content=\"admin\" \/>\n\t<meta name=\"twitter:label2\" content=\"Est. reading time\" \/>\n\t<meta name=\"twitter:data2\" content=\"1 minute\" \/>\n<script type=\"application\/ld+json\" class=\"yoast-schema-graph\">{\"@context\":\"https:\/\/schema.org\",\"@graph\":[{\"@type\":\"Article\",\"@id\":\"https:\/\/www.zerdab.com\/?p=10887#article\",\"isPartOf\":{\"@id\":\"https:\/\/www.zerdab.com\/?p=10887\"},\"author\":{\"name\":\"admin\",\"@id\":\"https:\/\/www.zerdab.com\/#\/schema\/person\/97079b7570c1e89ec0d9e138c3672136\"},\"headline\":\"Prezident s\u0259r\u0259ncam verdi, yeni kombaynlar al\u0131nacaq\",\"datePublished\":\"2013-07-04T13:49:00+00:00\",\"mainEntityOfPage\":{\"@id\":\"https:\/\/www.zerdab.com\/?p=10887\"},\"wordCount\":235,\"commentCount\":0,\"image\":{\"@id\":\"https:\/\/www.zerdab.com\/?p=10887#primaryimage\"},\"thumbnailUrl\":\"http:\/\/www.zerdab.com\/wp-content\/uploads\/2013\/07\/kombayn-300x300.jpg\",\"articleSection\":[\"C\u018fM\u0130YY\u018fT\"],\"inLanguage\":\"az\",\"potentialAction\":[{\"@type\":\"CommentAction\",\"name\":\"Comment\",\"target\":[\"https:\/\/www.zerdab.com\/?p=10887#respond\"]}]},{\"@type\":\"WebPage\",\"@id\":\"https:\/\/www.zerdab.com\/?p=10887\",\"url\":\"https:\/\/www.zerdab.com\/?p=10887\",\"name\":\"Prezident s\u0259r\u0259ncam verdi, yeni kombaynlar al\u0131nacaq - Z\u0259rdab.com\",\"isPartOf\":{\"@id\":\"https:\/\/www.zerdab.com\/#website\"},\"primaryImageOfPage\":{\"@id\":\"https:\/\/www.zerdab.com\/?p=10887#primaryimage\"},\"image\":{\"@id\":\"https:\/\/www.zerdab.com\/?p=10887#primaryimage\"},\"thumbnailUrl\":\"http:\/\/www.zerdab.com\/wp-content\/uploads\/2013\/07\/kombayn-300x300.jpg\",\"datePublished\":\"2013-07-04T13:49:00+00:00\",\"author\":{\"@id\":\"https:\/\/www.zerdab.com\/#\/schema\/person\/97079b7570c1e89ec0d9e138c3672136\"},\"breadcrumb\":{\"@id\":\"https:\/\/www.zerdab.com\/?p=10887#breadcrumb\"},\"inLanguage\":\"az\",\"potentialAction\":[{\"@type\":\"ReadAction\",\"target\":[\"https:\/\/www.zerdab.com\/?p=10887\"]}]},{\"@type\":\"ImageObject\",\"inLanguage\":\"az\",\"@id\":\"https:\/\/www.zerdab.com\/?p=10887#primaryimage\",\"url\":\"\",\"contentUrl\":\"\"},{\"@type\":\"BreadcrumbList\",\"@id\":\"https:\/\/www.zerdab.com\/?p=10887#breadcrumb\",\"itemListElement\":[{\"@type\":\"ListItem\",\"position\":1,\"name\":\"Home\",\"item\":\"https:\/\/www.zerdab.com\/\"},{\"@type\":\"ListItem\",\"position\":2,\"name\":\"Prezident s\u0259r\u0259ncam verdi, yeni kombaynlar al\u0131nacaq\"}]},{\"@type\":\"WebSite\",\"@id\":\"https:\/\/www.zerdab.com\/#website\",\"url\":\"https:\/\/www.zerdab.com\/\",\"name\":\"Z\u0259rdab.com\",\"description\":\"\",\"potentialAction\":[{\"@type\":\"SearchAction\",\"target\":{\"@type\":\"EntryPoint\",\"urlTemplate\":\"https:\/\/www.zerdab.com\/?s={search_term_string}\"},\"query-input\":{\"@type\":\"PropertyValueSpecification\",\"valueRequired\":true,\"valueName\":\"search_term_string\"}}],\"inLanguage\":\"az\"},{\"@type\":\"Person\",\"@id\":\"https:\/\/www.zerdab.com\/#\/schema\/person\/97079b7570c1e89ec0d9e138c3672136\",\"name\":\"admin\",\"image\":{\"@type\":\"ImageObject\",\"inLanguage\":\"az\",\"@id\":\"https:\/\/www.zerdab.com\/#\/schema\/person\/image\/\",\"url\":\"https:\/\/secure.gravatar.com\/avatar\/d9c52a9a27c32119cb6679a077fa3e2779e5f822c451cbf01098004361d466ec?s=96&d=mm&r=g\",\"contentUrl\":\"https:\/\/secure.gravatar.com\/avatar\/d9c52a9a27c32119cb6679a077fa3e2779e5f822c451cbf01098004361d466ec?s=96&d=mm&r=g\",\"caption\":\"admin\"},\"url\":\"https:\/\/www.zerdab.com\/?author=1\"}]}<\/script>\n<!-- \/ Yoast SEO plugin. -->","yoast_head_json":{"title":"Prezident s\u0259r\u0259ncam verdi, yeni kombaynlar al\u0131nacaq - Z\u0259rdab.com","robots":{"index":"index","follow":"follow","max-snippet":"max-snippet:-1","max-image-preview":"max-image-preview:large","max-video-preview":"max-video-preview:-1"},"canonical":"https:\/\/www.zerdab.com\/?p=10887","og_locale":"az_AZ","og_type":"article","og_title":"Prezident s\u0259r\u0259ncam verdi, yeni kombaynlar al\u0131nacaq - Z\u0259rdab.com","og_description":"Prezident \u0130lham \u018fliyev &#8220;K\u0259nd t\u0259s\u0259rr\u00fcfat\u0131 m\u0259hsullar\u0131 istehsal\u00e7\u0131lar\u0131n\u0131n k\u0259nd t\u0259s\u0259rr\u00fcfat\u0131 texnikas\u0131 il\u0259 t\u0259minat\u0131na \u0259lav\u0259 d\u0259st\u0259k haqq\u0131nda&#8221; s\u0259r\u0259ncam imzalay\u0131b. S\u0259n\u0259dd\u0259 qeyd olunur ki, \u0259halinin \u0259rzaq m\u0259hsullar\u0131 il\u0259 etibarl\u0131 t\u0259min edilm\u0259si, \u0259rzaq m\u0259hsullar\u0131 istehsal\u0131n\u0131n art\u0131r\u0131lmas\u0131, istehlakda idxaldan as\u0131l\u0131l\u0131\u011f\u0131n azald\u0131lmas\u0131 \u00fc\u00e7\u00fcn aqrar sah\u0259y\u0259 d\u00f6vl\u0259t d\u0259st\u0259yinin bundan sonra da davam etdirilm\u0259si \u00f6z aktuall\u0131\u011f\u0131n\u0131 saxlamaqdad\u0131r. \u0130ri tax\u0131l\u00e7\u0131l\u0131q t\u0259s\u0259rr\u00fcfatlar\u0131n\u0131n yarad\u0131lmas\u0131, ehtiyatda olan [&hellip;]","og_url":"https:\/\/www.zerdab.com\/?p=10887","og_site_name":"Z\u0259rdab.com","article_published_time":"2013-07-04T13:49:00+00:00","og_image":[{"url":"http:\/\/www.zerdab.com\/wp-content\/uploads\/2013\/07\/kombayn-300x300.jpg","type":"","width":"","height":""}],"author":"admin","twitter_card":"summary_large_image","twitter_misc":{"Written by":"admin","Est. reading time":"1 minute"},"schema":{"@context":"https:\/\/schema.org","@graph":[{"@type":"Article","@id":"https:\/\/www.zerdab.com\/?p=10887#article","isPartOf":{"@id":"https:\/\/www.zerdab.com\/?p=10887"},"author":{"name":"admin","@id":"https:\/\/www.zerdab.com\/#\/schema\/person\/97079b7570c1e89ec0d9e138c3672136"},"headline":"Prezident s\u0259r\u0259ncam verdi, yeni kombaynlar al\u0131nacaq","datePublished":"2013-07-04T13:49:00+00:00","mainEntityOfPage":{"@id":"https:\/\/www.zerdab.com\/?p=10887"},"wordCount":235,"commentCount":0,"image":{"@id":"https:\/\/www.zerdab.com\/?p=10887#primaryimage"},"thumbnailUrl":"http:\/\/www.zerdab.com\/wp-content\/uploads\/2013\/07\/kombayn-300x300.jpg","articleSection":["C\u018fM\u0130YY\u018fT"],"inLanguage":"az","potentialAction":[{"@type":"CommentAction","name":"Comment","target":["https:\/\/www.zerdab.com\/?p=10887#respond"]}]},{"@type":"WebPage","@id":"https:\/\/www.zerdab.com\/?p=10887","url":"https:\/\/www.zerdab.com\/?p=10887","name":"Prezident s\u0259r\u0259ncam verdi, yeni kombaynlar al\u0131nacaq - Z\u0259rdab.com","isPartOf":{"@id":"https:\/\/www.zerdab.com\/#website"},"primaryImageOfPage":{"@id":"https:\/\/www.zerdab.com\/?p=10887#primaryimage"},"image":{"@id":"https:\/\/www.zerdab.com\/?p=10887#primaryimage"},"thumbnailUrl":"http:\/\/www.zerdab.com\/wp-content\/uploads\/2013\/07\/kombayn-300x300.jpg","datePublished":"2013-07-04T13:49:00+00:00","author":{"@id":"https:\/\/www.zerdab.com\/#\/schema\/person\/97079b7570c1e89ec0d9e138c3672136"},"breadcrumb":{"@id":"https:\/\/www.zerdab.com\/?p=10887#breadcrumb"},"inLanguage":"az","potentialAction":[{"@type":"ReadAction","target":["https:\/\/www.zerdab.com\/?p=10887"]}]},{"@type":"ImageObject","inLanguage":"az","@id":"https:\/\/www.zerdab.com\/?p=10887#primaryimage","url":"","contentUrl":""},{"@type":"BreadcrumbList","@id":"https:\/\/www.zerdab.com\/?p=10887#breadcrumb","itemListElement":[{"@type":"ListItem","position":1,"name":"Home","item":"https:\/\/www.zerdab.com\/"},{"@type":"ListItem","position":2,"name":"Prezident s\u0259r\u0259ncam verdi, yeni kombaynlar al\u0131nacaq"}]},{"@type":"WebSite","@id":"https:\/\/www.zerdab.com\/#website","url":"https:\/\/www.zerdab.com\/","name":"Z\u0259rdab.com","description":"","potentialAction":[{"@type":"SearchAction","target":{"@type":"EntryPoint","urlTemplate":"https:\/\/www.zerdab.com\/?s={search_term_string}"},"query-input":{"@type":"PropertyValueSpecification","valueRequired":true,"valueName":"search_term_string"}}],"inLanguage":"az"},{"@type":"Person","@id":"https:\/\/www.zerdab.com\/#\/schema\/person\/97079b7570c1e89ec0d9e138c3672136","name":"admin","image":{"@type":"ImageObject","inLanguage":"az","@id":"https:\/\/www.zerdab.com\/#\/schema\/person\/image\/","url":"https:\/\/secure.gravatar.com\/avatar\/d9c52a9a27c32119cb6679a077fa3e2779e5f822c451cbf01098004361d466ec?s=96&d=mm&r=g","contentUrl":"https:\/\/secure.gravatar.com\/avatar\/d9c52a9a27c32119cb6679a077fa3e2779e5f822c451cbf01098004361d466ec?s=96&d=mm&r=g","caption":"admin"},"url":"https:\/\/www.zerdab.com\/?author=1"}]}},"_links":{"self":[{"href":"https:\/\/www.zerdab.com\/index.php?rest_route=\/wp\/v2\/posts\/10887","targetHints":{"allow":["GET"]}}],"collection":[{"href":"https:\/\/www.zerdab.com\/index.php?rest_route=\/wp\/v2\/posts"}],"about":[{"href":"https:\/\/www.zerdab.com\/index.php?rest_route=\/wp\/v2\/types\/post"}],"author":[{"embeddable":true,"href":"https:\/\/www.zerdab.com\/index.php?rest_route=\/wp\/v2\/users\/1"}],"replies":[{"embeddable":true,"href":"https:\/\/www.zerdab.com\/index.php?rest_route=%2Fwp%2Fv2%2Fcomments&post=10887"}],"version-history":[{"count":2,"href":"https:\/\/www.zerdab.com\/index.php?rest_route=\/wp\/v2\/posts\/10887\/revisions"}],"predecessor-version":[{"id":10890,"href":"https:\/\/www.zerdab.com\/index.php?rest_route=\/wp\/v2\/posts\/10887\/revisions\/10890"}],"wp:attachment":[{"href":"https:\/\/www.zerdab.com\/index.php?rest_route=%2Fwp%2Fv2%2Fmedia&parent=10887"}],"wp:term":[{"taxonomy":"category","embeddable":true,"href":"https:\/\/www.zerdab.com\/index.php?rest_route=%2Fwp%2Fv2%2Fcategories&post=10887"},{"taxonomy":"post_tag","embeddable":true,"href":"https:\/\/www.zerdab.com\/index.php?rest_route=%2Fwp%2Fv2%2Ftags&post=10887"}],"curies":[{"name":"wp","href":"https:\/\/api.w.org\/{rel}","templated":true}]}}