{"id":10982,"date":"2013-07-10T07:38:53","date_gmt":"2013-07-10T02:38:53","guid":{"rendered":"http:\/\/www.zerdab.com\/?p=10982"},"modified":"2013-07-09T21:00:38","modified_gmt":"2013-07-09T16:00:38","slug":"z%c9%99rdabin-d%c9%99li-quscu-k%c9%99ndind%c9%99-kutl%c9%99vi-m%c9%99zarliq-varmi","status":"publish","type":"post","link":"https:\/\/www.zerdab.com\/?p=10982","title":{"rendered":"Z\u0259rdab\u0131n D\u0259li Qu\u015f\u00e7u k\u0259ndind\u0259 k\u00fctl\u0259vi m\u0259zarl\u0131q varm\u0131?"},"content":{"rendered":"<p><span style=\"color: #0000ff;\"><strong><img loading=\"lazy\" decoding=\"async\" class=\"aligncenter size-full wp-image-10983\" alt=\"A\u011ft\u0259t\u0259-D\u0259li Qu\u015f\u00e7u\" src=\"http:\/\/www.zerdab.com\/wp-content\/uploads\/2013\/07\/A\u011ft\u0259t\u0259.png\" width=\"558\" height=\"280\" \/>\u00d6lk\u0259mizd\u0259\u00a0 arxeoloji qaz\u0131nt\u0131lar\u0131n apar\u0131lmas\u0131na ehtiyac olan xeyli \u0259razi var. Bel\u0259 m\u0259kanlardan biri d\u0259 Z\u0259rdab rayonunun D\u0259li Qu\u015f\u00e7u k\u0259ndind\u0259 yerl\u0259\u015fir. Rayonda \u00e7\u0131xan \u201c\u018fkin\u00e7i\u201d q\u0259zetinin redaktoru \u0130sam\u0259ddin \u018fhm\u0259dov deyir ki, k\u0259ndin 2 kilometrliyind\u0259 yerl\u0259\u015f\u0259n v\u0259 el aras\u0131nda k\u00fctl\u0259vi q\u0259biristanl\u0131q kimi tan\u0131nan yerd\u0259 \u201cA\u011ft\u0259p\u0259\u201d adlanan \u0259razi var: \u201cK\u0259nd sakinl\u0259rinin bildirdikl\u0259rin\u0259 g\u00f6r\u0259, \u0259vv\u0259ll\u0259r bu yerd\u0259 3 t\u0259p\u0259 olub. Haz\u0131rda is\u0259 biri bir q\u0259d\u0259r al\u00e7aq olmaqla, 2 t\u0259p\u0259 m\u00f6vcuddur\u201d.\u00a0<\/strong><\/span><\/p>\n<p>\u0130. \u018fhm\u0259dov deyir ki, k\u00fctl\u0259vi m\u0259zarl\u0131\u011f\u0131n m\u00f6vcudlu\u011fu ehtimal edil\u0259n bu t\u0259p\u0259l\u0259rd\u0259 \u0259sasl\u0131 qaz\u0131nt\u0131-t\u0259dqiqat i\u015fl\u0259rin\u0259 ciddi ehtiyac var: \u201c\u018frazid\u0259 yerd\u0259n t\u0259qrib\u0259n 3 metr h\u00fcnd\u00fcr olan \u0259sas t\u0259p\u0259nin \u00fcst\u00fcnd\u0259 t\u00fcrk \u00fcslubunda yonulmu\u015f v\u0259 torpaqdan 70 santimetr h\u00fcnd\u00fcrl\u00fcy\u00fc olan, ba\u015fda\u015f\u0131na b\u0259nz\u0259y\u0259n iri da\u015f var. Ya\u015fl\u0131 sakinl\u0259r deyirl\u0259r ki, nisb\u0259t\u0259n ki\u00e7ik olan ikinci t\u0259p\u0259nin d\u0259 \u00fcst\u00fcnd\u0259 da\u015f varm\u0131\u015f, h\u0259min da\u015fdan 1960-c\u0131 ill\u0259rd\u0259 yax\u0131nl\u0131qdak\u0131 su kanal\u0131n\u0131n qar\u015f\u0131s\u0131n\u0131 k\u0259sm\u0259k \u00fc\u00e7\u00fcn istifad\u0259 edibl\u0259r. \u018fg\u0259r \u0259razid\u0259 ara\u015fd\u0131rma apar\u0131lsa, o da\u015f\u0131 tapmaq m\u00fcmk\u00fcnd\u00fcr\u201d.<\/p>\n<p><strong>\u00a0<span style=\"color: #0000ff;\">\u201cQaytar, basd\u0131r yerin\u0259\u201d<\/span><\/strong><\/p>\n<p>\u0130sam\u0259ddin m\u00fc\u0259llimin dediyin\u0259 g\u00f6r\u0259, \u00f6t\u0259n \u0259srin 60-c\u0131 ill\u0259rind\u0259 meliorasiya i\u015fl\u0259ri apar\u0131lan zaman \u201cA\u011ft\u0259p\u0259\u201dni\u00a0 da\u011f\u0131tmaq plan\u0131 varm\u0131\u015f: \u201cLakin bu t\u0259p\u0259ni azac\u0131q qazandan sonra \u00e7oxlu insan s\u00fcm\u00fckl\u0259ri, z\u0259d\u0259l\u0259nmi\u015f insan, h\u0259tta \u00e7oxlu u\u015faq k\u0259ll\u0259 v\u0259 s\u00fcm\u00fckl\u0259ri \u00fcz\u0259 \u00e7\u0131x\u0131b v\u0259 buna g\u00f6r\u0259 d\u0259 i\u015fl\u0259r dayand\u0131r\u0131l\u0131b. Vaxtil\u0259 bu yerl\u0259rd\u0259 su\u00e7u i\u015fl\u0259mi\u015f Mirz\u0259 ki\u015fi deyirdi ki, suyun qar\u015f\u0131s\u0131n\u0131 k\u0259sm\u0259k \u00fc\u00e7\u00fcn bu t\u0259p\u0259d\u0259n torpaq g\u00f6t\u00fcr\u0259nd\u0259 \u00e7oxlu u\u015faq k\u0259ll\u0259l\u0259ri, insan s\u00fcm\u00fckl\u0259ri \u00fcz\u0259 \u00e7\u0131x\u0131rd\u0131, o k\u0259ll\u0259l\u0259rin bir ne\u00e7\u0259sini k\u0259nd\u0259 g\u0259tirib, ya\u015fl\u0131 adamlara g\u00f6st\u0259rirdim, deyirdil\u0259r, qaytar , basd\u0131r yerin\u0259. Yoxsa, bundan \u00f6tr\u00fc ba\u015f\u0131n a\u011fr\u0131yar&#8230; \u201c<\/p>\n<figure id=\"attachment_10987\" aria-describedby=\"caption-attachment-10987\" style=\"width: 411px\" class=\"wp-caption aligncenter\"><img loading=\"lazy\" decoding=\"async\" class=\"size-full wp-image-10987\" alt=\"\u0130sam\u0259ddin \u018fhm\u0259dov \" src=\"http:\/\/www.zerdab.com\/wp-content\/uploads\/2013\/07\/isameddin.jpg\" width=\"411\" height=\"424\" \/><figcaption id=\"caption-attachment-10987\" class=\"wp-caption-text\"><span style=\"color: #0000ff;\"><strong>Z\u0259rdab rayonunda \u00e7\u0131xan \u201c\u018fkin\u00e7i\u201d q\u0259zetinin redaktoru \u0130sam\u0259ddin \u018fhm\u0259dov<\/strong><\/span><\/figcaption><\/figure>\n<p><strong>\u00a0<span style=\"color: #0000ff;\">\u201cG\u00fcnahs\u0131z insanlara burada yeti\u015f\u0259r\u0259k q\u0259tl\u0259 yetiribl\u0259r\u201d<\/span><\/strong><\/p>\n<p>\u0130sam\u0259ddin \u018fhm\u0259dovun s\u00f6zl\u0259rin\u0259 g\u00f6r\u0259, D\u0259li Qu\u015f\u00e7u k\u0259ndinin 82 ya\u015fl\u0131 sakini A\u011fah\u00fcseyn A\u011fayevin n\u0259n\u0259sind\u0259n e\u015fitdiyi maraql\u0131 xatir\u0259l\u0259ri var: \u201cA\u011fah\u00fcseyn A\u011fayevin n\u0259n\u0259si dan\u0131\u015farm\u0131\u015f ki, bu t\u0259p\u0259d\u0259 \u015eamax\u0131 v\u0259 K\u00fcrd\u0259mir t\u0259r\u0259fl\u0259rd\u0259n \u00fcz\u00fc b\u0259ri qa\u00e7araq erm\u0259nil\u0259rd\u0259n can\u0131n\u0131 qurtarma\u011fa c\u0259hd ed\u0259n arvad-u\u015faq d\u0259fn olunub. N\u0259n\u0259sinin dan\u0131\u015fd\u0131\u011f\u0131na g\u00f6r\u0259, t\u00fcrkl\u0259r g\u0259l\u0259n\u0259 q\u0259d\u0259r erm\u0259ni quldurlar\u0131 \u015eamax\u0131 v\u0259 K\u00fcrd\u0259mird\u0259 ba\u015f ver\u0259n q\u0131r\u011f\u0131nlardan can\u0131n\u0131 qurtarma\u011fa \u00e7al\u0131\u015fan v\u0259 bu m\u0259qs\u0259dl\u0259 h\u0259min \u0259raziy\u0259 \u00fcz tutan g\u00fcnahs\u0131z insanlara burada yeti\u015fibl\u0259r v\u0259 ham\u0131s\u0131n\u0131 v\u0259h\u015filikl\u0259 q\u0259tl\u0259 yetiribl\u0259r\u201d. D\u0259li Qu\u015f\u00e7u k\u0259ndinin dig\u0259r sakini, haz\u0131rda Z\u0259rdab \u015f\u0259h\u0259rind\u0259 ya\u015fayan M\u0259\u015f\u0259di Sabirin d\u0259 n\u0259n\u0259sind\u0259n e\u015fitdiyi fikirl\u0259r \u00e7ox maraql\u0131d\u0131r: \u201cN\u0259n\u0259miz h\u0259mi\u015f\u0259 biz\u0259 dey\u0259rdi ki, ora erm\u0259ni-t\u00fcrk t\u0259p\u0259sidir, o t\u0259p\u0259y\u0259 yax\u0131n getm\u0259yin\u201d&#8230;<\/p>\n<p>\u0130. \u018fhm\u0259dov onu da bildirdi ki, qon\u015fu k\u0259ndd\u0259n olan Hacal\u0131 adl\u0131 a\u011fsaqqal deyir ki, u\u015faq vaxt\u0131 b\u00f6y\u00fckl\u0259rin h\u0259min \u0259raziy\u0259 getm\u0259y\u0259 qada\u011fa qoymas\u0131na baxmayaraq, ora yollan\u0131b v\u0259 k\u00f6hn\u0259lmi\u015f, pas ba\u011flam\u0131\u015f silah tap\u0131b. Hacal\u0131 ki\u015finin dedikl\u0259rind\u0259n: \u201cM\u0259n u\u015faq idim, atamgilin fermas\u0131 o t\u0259p\u0259nin yax\u0131nl\u0131\u011f\u0131nda idi. Valideynl\u0259rimiz biz\u0259 o t\u0259p\u0259y\u0259 getm\u0259y\u0259 izn vermirdil\u0259r. Amma bir d\u0259f\u0259 m\u0259n ora getdim v\u0259 tamam paslanm\u0131\u015f naqan tapd\u0131m. Sevin\u0259-sevin\u0259 atama apard\u0131m, ki\u015fi vahim\u0259 i\u00e7ind\u0259 dedi ki, he\u00e7 k\u0259s bilm\u0259sin, apar x\u0259lv\u0259tc\u0259 yerin\u0259 basd\u0131r\u201d&#8230;<\/p>\n<p>Qeyd ed\u0259k ki, uzun ill\u0259r burada x\u0259zin\u0259 gizl\u0259dildiyin\u0259 inananlar da olub v\u0259 t\u0259p\u0259ni d\u0259f\u0259l\u0259rl\u0259 x\u0259lv\u0259tc\u0259 qaz\u0131blar, lakin insan s\u00fcm\u00fckl\u0259rinin \u00e7\u0131xd\u0131\u011f\u0131n\u0131 g\u00f6r\u0259nd\u0259 oradan uzaqla\u015f\u0131blar.<\/p>\n<p><strong>\u00a0<span style=\"color: #0000ff;\">\u201cQaz\u0131nt\u0131-t\u0259dqiqat i\u015fl\u0259rin\u0259 ciddi ehtiyac var\u201d<\/span><\/strong><\/p>\n<p>M\u0259\u015f\u0259di Hacal\u0131 bir maraql\u0131 hadis\u0259ni d\u0259 n\u0259ql edib: \u201c1960-c\u0131 ill\u0259rin sonlar\u0131nda ruslar g\u0259lib bu t\u0259p\u0259nin yan\u0131nda \u00e7ad\u0131r qurub, 2-3 g\u00fcn n\u0259 il\u0259s\u0259 m\u0259\u015f\u011ful oldular, yerli adamlar\u0131 yax\u0131na buraxm\u0131rd\u0131lar. Sonra onlar \u00e7\u0131x\u0131b getdil\u0259r.<\/p>\n<p>Deyil\u0259n\u0259 g\u00f6r\u0259, b\u00f6y\u00fck t\u0259p\u0259d\u0259 t\u00fcrkl\u0259r erm\u0259nil\u0259rin burada haqlayaraq q\u0131rd\u0131qlar\u0131 m\u00fcs\u0259lmanlar\u0131 d\u0259fn edibl\u0259r. T\u0259k ba\u015fda\u015f\u0131n\u0131 da t\u00fcrkl\u0259r g\u0259tiribl\u0259r, \u00e7\u00fcnki bu \u0259razid\u0259 o tip da\u015fa rast g\u0259lm\u0259k m\u00fcmk\u00fcn deyil\u201d&#8230;\u00a0 \u0130sam\u0259ddin \u018fhm\u0259dovun s\u00f6zl\u0259rin\u0259 g\u00f6r\u0259, tamam ba\u015fqa versiyalar da s\u00f6yl\u0259y\u0259nl\u0259r, h\u0259tta bu t\u0259p\u0259l\u0259rin \u015eah \u0130smay\u0131l X\u0259taid\u0259n qald\u0131\u011f\u0131n\u0131 e\u015fitdiyini dey\u0259nl\u0259r d\u0259 var: \u201cLakin yerli sakinl\u0259rin \u00e7oxu bunu s\u0259hv ehtimal hesab edir. \u018frazi daha \u00e7ox erm\u0259nil\u0259rin q\u0259tl\u0259 yetirdikl\u0259ri g\u00fcnahs\u0131z insanlar\u0131n basd\u0131r\u0131ld\u0131\u011f\u0131 yer kimi tan\u0131n\u0131r\u201d.<\/p>\n<p>\u0130sam\u0259ddin \u018fhm\u0259dov: \u201cH\u0259r halda, hesab edirik ki, bu t\u0259p\u0259l\u0259rd\u0259 \u0259sasl\u0131 qaz\u0131nt\u0131-t\u0259dqiqat i\u015fl\u0259rin\u0259 ciddi ehtiyac var. \u018fg\u0259r bel\u0259 bir i\u015f apar\u0131lsayd\u0131 , \u00e7ox m\u0259tl\u0259bl\u0259ri ayd\u0131nla\u015fd\u0131rard\u0131\u201d&#8230;<\/p>\n<p><strong>\u00a0<span style=\"color: #0000ff;\">Tarixi faktlarla&#8230;<\/span><\/strong><\/p>\n<p>\u018frazid\u0259 arxeoloji qaz\u0131nt\u0131lar apar\u0131lmad\u0131\u011f\u0131 \u00fc\u00e7\u00fcn, \u0259lb\u0259tt\u0259, bu m\u00f6vzuda konkret dan\u0131\u015fmaq, konkret fikir bildirm\u0259k bir q\u0259d\u0259r \u00e7\u0259tindir. Lakin b\u00fct\u00fcn hallarda bu fikirl\u0259rl\u0259 ba\u011fl\u0131 m\u00fct\u0259x\u0259ssisl\u0259rin ilkin ehtimal\u0131n\u0131 \u00f6yr\u0259nm\u0259kd\u0259 fayda var. Odur ki, bu m\u0259qs\u0259dl\u0259 Az\u0259rbaycan Milli Elml\u0259r Akademiyas\u0131n\u0131n Arxeologiya v\u0259 Etnoqrafiya \u0130nstitutuna m\u00fcraci\u0259t etdik. Yaz\u0131n\u0131n birinci hiss\u0259sind\u0259 g\u00f6st\u0259ril\u0259n faktlar instituta t\u0259qdim olunduqdan sonra biz\u0259 bir ne\u00e7\u0259 g\u00fcn g\u00f6zl\u0259m\u0259yi m\u0259sl\u0259h\u0259t g\u00f6rd\u00fcl\u0259r. Deyil\u0259n vaxt tamam olduqdan sonra institutun \u0259m\u0259kda\u015f\u0131 Taleh \u018fliyev biziml\u0259 s\u00f6hb\u0259tind\u0259 s\u0259sl\u0259ndiril\u0259n ehtimallarla ba\u011fl\u0131 bunlar\u0131 s\u00f6yl\u0259di. Bir daha qeyd ed\u0259k ki, \u0259razid\u0259 arxeoloji qaz\u0131nt\u0131lar apar\u0131lmay\u0131b, bu s\u0259sl\u0259ndiril\u0259n fikirl\u0259r faktlar \u0259sas\u0131nda ilkin ehtimallard\u0131r: \u201c1918-ci il soyq\u0131r\u0131m\u0131 zaman\u0131 \u015eamax\u0131 q\u0259zas\u0131nda Stepan Lalayan (Stepan Lalayev) v\u0259 onun havadarlar\u0131 Samson Aspirov v\u0259 Saatsazb\u0259yovun erm\u0259ni milli \u015furas\u0131n\u0131n v\u0259 bol\u015fevikl\u0259rin erm\u0259ni qanad\u0131 vasit\u0259sil\u0259 v\u0259h\u015fic\u0259sin\u0259 t\u00f6r\u0259tdiyi q\u0131r\u011f\u0131nlar ham\u0131m\u0131za m\u0259lumdur. Bu q\u0131r\u011f\u0131n zaman\u0131 G\u0259nc\u0259d\u0259n \u0130smay\u0131l xan Ziyadxanovun r\u0259hb\u0259rliyi il\u0259 hadis\u0259l\u0259rin qar\u015f\u0131s\u0131n\u0131 almaq \u00fc\u00e7\u00fcn k\u00f6m\u0259k g\u0259ls\u0259 d\u0259, erm\u0259nil\u0259rin arxadan ald\u0131qlar\u0131 h\u0259rbi d\u0259st\u0259k onlar\u0131n v\u0259h\u015filikl\u0259rini davam etdirm\u0259y\u0259 imkan verirdi. Az\u0259rbaycan Xalq C\u00fcmhuriyy\u0259ti zaman\u0131nda t\u0259\u015fkil olunmu\u015f F\u00f6vq\u0259lad\u0259 \u0130stintaq Komissiyas\u0131 ba\u015f vermi\u015f bu hadis\u0259l\u0259ri ara\u015fd\u0131rm\u0131\u015fd\u0131r. Ara\u015fd\u0131rma zaman\u0131 yerli sakin M\u00f6vs\u00fcm b\u0259y Sad\u0131qb\u0259yovun s\u00f6zl\u0259rind\u0259n ayd\u0131n olur ki, h\u00fccumdan \u0259vv\u0259l erm\u0259nil\u0259r K\u00fcrd\u0259mird\u0259 &#8211; M\u0259dr\u0259s\u0259 \u0259razisind\u0259 bir ne\u00e7\u0259 araba silah yerl\u0259\u015fdirmi\u015f v\u0259 \u00f6z h\u0259rbi d\u0259st\u0259l\u0259rini h\u00fccum \u00fc\u00e7\u00fcn haz\u0131r v\u0259ziyy\u0259t\u0259 g\u0259tirmi\u015fl\u0259r. Karrar stansiyas\u0131 \u0259traf\u0131ndan da xeyli k\u00f6m\u0259k g\u0259lmi\u015fdi. M\u0259hz bu \u0259razid\u0259n \u015eamax\u0131ya q\u0131r\u011f\u0131n \u00fc\u00e7\u00fcn h\u00fccum olundu\u201d.<\/p>\n<p><span style=\"color: #0000ff;\"><strong>\u00a0\u201cM\u0259zarl\u0131\u011f\u0131n olmas\u0131n\u0131 ilkin ehtimalla s\u00f6yl\u0259m\u0259k\u00a0 m\u00fcmk\u00fcnd\u00fcr\u201d<\/strong><\/span><\/p>\n<p>Az\u0259rbaycan Milli Elml\u0259r Akademiyas\u0131n\u0131n Arxeologiya v\u0259 Etnoqrafiya \u0130nstitutunun \u0259m\u0259kda\u015f\u0131 Taleh \u018fliyev deyir ki, bu zaman 80-d\u0259n \u00e7ox k\u0259nd tamamil\u0259 m\u0259hv edilmi\u015fdi: \u201cAz\u0259rbaycan Xalq C\u00fcmhuriyy\u0259ti Ensiklopediyas\u0131nda yaz\u0131l\u0131r: \u015eamax\u0131 q\u0131r\u011f\u0131n\u0131ndan salamat qa\u00e7an \u0259hali G\u00f6y\u00e7ay q\u0259zas\u0131n\u0131n m\u00fcxt\u0259lif rayon v\u0259 k\u0259ndl\u0259rin\u0259 p\u0259nah aparm\u0131\u015fd\u0131lar. M\u00fcs\u0259lman \u0259halinin bir qismi K\u00fcrd\u0259mir\u0259 g\u0259lmi\u015fdi. Lakin bu q\u0131r\u011f\u0131ndan t\u0259xmin\u0259n bir ay sonra erm\u0259nil\u0259r K\u00fcrd\u0259mir\u0259 h\u00fccum edib, evl\u0259ri yand\u0131rd\u0131lar. N\u0259hay\u0259t, \u0259hali xilas olmaq \u00fc\u00e7\u00fcn G\u00f6y\u00e7ay q\u0259za m\u0259rk\u0259zin\u0259 qa\u00e7ma\u011fa m\u0259cbur oldu. Lakin Qarasu bataql\u0131\u011f\u0131n\u0131 ke\u00e7\u0259 bilm\u0259dikl\u0259rind\u0259n \u0259ks\u0259riyy\u0259ti buradaca q\u0131r\u0131ld\u0131. Qeyd etm\u0259k laz\u0131md\u0131r ki, qani\u00e7\u0259n erm\u0259nil\u0259r bununla da sakit qalmay\u0131b, onlar\u0131n arxas\u0131nca d\u00fc\u015f\u00fcr v\u0259 \u0259l\u0259 ke\u00e7irdikl\u0259ri u\u015faq, qoca v\u0259 qad\u0131nlar\u0131 amans\u0131zcas\u0131na m\u0259hv edirdil\u0259r. M\u0259hz Z\u0259rdab \u0259razisind\u0259, T\u00fcryan\u00e7ay\u0131n \u0259sas qolu olan Qarasu \u00e7ay\u0131na do\u011fru edilmi\u015f h\u00fccumda da m\u00fcs\u0259lman \u0259haliy\u0259 amans\u0131z divan tutulmu\u015fdur. Yerli sakinl\u0259rin v\u0259 1918-ci il\u0259 m\u0259xsus F\u00f6vq\u0259lad\u0259 \u0130stintaq Komissiyas\u0131n\u0131n s\u0259n\u0259dl\u0259rin\u0259 \u0259sas\u0259n, Z\u0259rdab\u0131n D\u0259li Qu\u015f\u00e7u k\u0259ndinin \u0259razisind\u0259 h\u0259min soyq\u0131r\u0131m\u0131 qurbanlar\u0131n\u0131n k\u00fctl\u0259vi \u015f\u0259kild\u0259 \u00f6ld\u00fcr\u00fcld\u00fcy\u00fc m\u0259zarl\u0131\u011f\u0131n olmas\u0131n\u0131 ilkin ehtimalla s\u00f6yl\u0259m\u0259k m\u00fcmk\u00fcnd\u00fcr. \u00dcmumilikd\u0259, Z\u0259rdab \u0259razisind\u0259 arxeoloji c\u0259h\u0259td\u0259n t\u0259dqiqata ehtiyac\u0131 olan ist\u0259r alban d\u00f6vr\u00fc, ist\u0259r orta \u0259sr v\u0259 ist\u0259rs\u0259 d\u0259 1918-ci il q\u0131r\u011f\u0131nlar\u0131n\u0131 \u00f6z\u00fcnd\u0259 \u0259ks etdir\u0259n m\u0259zarl\u0131qlar var. G\u0259l\u0259c\u0259kd\u0259 bu \u0259razid\u0259 apar\u0131lacaq arxeoloji t\u0259dqiqat i\u015fl\u0259ri tariximizin bir \u00e7ox qaranl\u0131q s\u0259hif\u0259l\u0259rini i\u015f\u0131qland\u0131rma\u011fa imkan ver\u0259c\u0259kdir\u201d. Biz bu yaz\u0131m\u0131zla s\u0259sl\u0259ndiril\u0259n faktlar\u0131 v\u0259\u00a0 Az\u0259rbaycan Milli Elml\u0259r Akademiyas\u0131n\u0131n Arxeologiya v\u0259 Etnoqrafiya \u0130nstitutunun ilkin r\u0259yini t\u0259qdim etdik. Ard\u0131 qal\u0131r bundan sonra apar\u0131lacaq ara\u015fd\u0131rmalara. H\u0259r halda, hans\u0131 d\u00f6vr\u0259 aid olmas\u0131ndan as\u0131l\u0131 olmayaraq, \u0259razid\u0259 qaz\u0131nt\u0131lar\u0131n apar\u0131lmas\u0131 yeni faktlar\u0131n \u00fcz\u0259 \u00e7\u0131xar\u0131lmas\u0131 dem\u0259kdir. \u00dcmid ed\u0259k ki, bu yaz\u0131m\u0131zdan sonra m\u0259s\u0259l\u0259 aiddiyy\u0259ti qurumlar t\u0259r\u0259find\u0259n ara\u015fd\u0131r\u0131lacaq.<\/p>\n<p><span style=\"color: #0000ff;\"><strong>M\u00f6vzu il\u0259 ba\u011fl\u0131 f\u0259rqli fikirl\u0259ri d\u0259 i\u015f\u0131qland\u0131rma\u011fa haz\u0131r\u0131q.<\/strong><\/span><\/p>\n<p><span style=\"color: #ff0000;\"><strong>Nicat \u0130ntiqam.<\/strong><\/span><\/p>\n","protected":false},"excerpt":{"rendered":"<p>\u00d6lk\u0259mizd\u0259\u00a0 arxeoloji qaz\u0131nt\u0131lar\u0131n apar\u0131lmas\u0131na ehtiyac olan xeyli \u0259razi var. Bel\u0259 m\u0259kanlardan biri d\u0259 Z\u0259rdab rayonunun D\u0259li Qu\u015f\u00e7u k\u0259ndind\u0259 yerl\u0259\u015fir. Rayonda \u00e7\u0131xan \u201c\u018fkin\u00e7i\u201d q\u0259zetinin redaktoru \u0130sam\u0259ddin \u018fhm\u0259dov deyir ki, k\u0259ndin 2 kilometrliyind\u0259 yerl\u0259\u015f\u0259n v\u0259 el aras\u0131nda k\u00fctl\u0259vi q\u0259biristanl\u0131q kimi tan\u0131nan yerd\u0259 \u201cA\u011ft\u0259p\u0259\u201d adlanan \u0259razi var: \u201cK\u0259nd sakinl\u0259rinin bildirdikl\u0259rin\u0259 g\u00f6r\u0259, \u0259vv\u0259ll\u0259r bu yerd\u0259 3 t\u0259p\u0259 olub. Haz\u0131rda [&hellip;]<\/p>\n","protected":false},"author":1,"featured_media":0,"comment_status":"open","ping_status":"open","sticky":false,"template":"","format":"standard","meta":{"footnotes":""},"categories":[1],"tags":[],"class_list":{"0":"post-10982","1":"post","2":"type-post","3":"status-publish","4":"format-standard","6":"category-tarix"},"yoast_head":"<!-- This site is optimized with the Yoast SEO plugin v27.0 - https:\/\/yoast.com\/product\/yoast-seo-wordpress\/ -->\n<title>Z\u0259rdab\u0131n D\u0259li Qu\u015f\u00e7u k\u0259ndind\u0259 k\u00fctl\u0259vi m\u0259zarl\u0131q varm\u0131? - Z\u0259rdab.com<\/title>\n<meta name=\"robots\" content=\"index, follow, max-snippet:-1, max-image-preview:large, max-video-preview:-1\" \/>\n<link rel=\"canonical\" href=\"https:\/\/www.zerdab.com\/?p=10982\" \/>\n<meta property=\"og:locale\" content=\"az_AZ\" \/>\n<meta property=\"og:type\" content=\"article\" \/>\n<meta property=\"og:title\" content=\"Z\u0259rdab\u0131n D\u0259li Qu\u015f\u00e7u k\u0259ndind\u0259 k\u00fctl\u0259vi m\u0259zarl\u0131q varm\u0131? - Z\u0259rdab.com\" \/>\n<meta property=\"og:description\" content=\"\u00d6lk\u0259mizd\u0259\u00a0 arxeoloji qaz\u0131nt\u0131lar\u0131n apar\u0131lmas\u0131na ehtiyac olan xeyli \u0259razi var. Bel\u0259 m\u0259kanlardan biri d\u0259 Z\u0259rdab rayonunun D\u0259li Qu\u015f\u00e7u k\u0259ndind\u0259 yerl\u0259\u015fir. Rayonda \u00e7\u0131xan \u201c\u018fkin\u00e7i\u201d q\u0259zetinin redaktoru \u0130sam\u0259ddin \u018fhm\u0259dov deyir ki, k\u0259ndin 2 kilometrliyind\u0259 yerl\u0259\u015f\u0259n v\u0259 el aras\u0131nda k\u00fctl\u0259vi q\u0259biristanl\u0131q kimi tan\u0131nan yerd\u0259 \u201cA\u011ft\u0259p\u0259\u201d adlanan \u0259razi var: \u201cK\u0259nd sakinl\u0259rinin bildirdikl\u0259rin\u0259 g\u00f6r\u0259, \u0259vv\u0259ll\u0259r bu yerd\u0259 3 t\u0259p\u0259 olub. Haz\u0131rda [&hellip;]\" \/>\n<meta property=\"og:url\" content=\"https:\/\/www.zerdab.com\/?p=10982\" \/>\n<meta property=\"og:site_name\" content=\"Z\u0259rdab.com\" \/>\n<meta property=\"article:published_time\" content=\"2013-07-10T02:38:53+00:00\" \/>\n<meta property=\"og:image\" content=\"http:\/\/www.zerdab.com\/wp-content\/uploads\/2013\/07\/isameddin.jpg\" \/>\n<meta name=\"author\" content=\"admin\" \/>\n<meta name=\"twitter:card\" content=\"summary_large_image\" \/>\n<meta name=\"twitter:label1\" content=\"Written by\" \/>\n\t<meta name=\"twitter:data1\" content=\"admin\" \/>\n\t<meta name=\"twitter:label2\" content=\"Est. reading time\" \/>\n\t<meta name=\"twitter:data2\" content=\"9 minutes\" \/>\n<script type=\"application\/ld+json\" class=\"yoast-schema-graph\">{\"@context\":\"https:\/\/schema.org\",\"@graph\":[{\"@type\":\"Article\",\"@id\":\"https:\/\/www.zerdab.com\/?p=10982#article\",\"isPartOf\":{\"@id\":\"https:\/\/www.zerdab.com\/?p=10982\"},\"author\":{\"name\":\"admin\",\"@id\":\"https:\/\/www.zerdab.com\/#\/schema\/person\/97079b7570c1e89ec0d9e138c3672136\"},\"headline\":\"Z\u0259rdab\u0131n D\u0259li Qu\u015f\u00e7u k\u0259ndind\u0259 k\u00fctl\u0259vi m\u0259zarl\u0131q varm\u0131?\",\"datePublished\":\"2013-07-10T02:38:53+00:00\",\"mainEntityOfPage\":{\"@id\":\"https:\/\/www.zerdab.com\/?p=10982\"},\"wordCount\":1886,\"commentCount\":2,\"image\":{\"@id\":\"https:\/\/www.zerdab.com\/?p=10982#primaryimage\"},\"thumbnailUrl\":\"http:\/\/www.zerdab.com\/wp-content\/uploads\/2013\/07\/isameddin.jpg\",\"articleSection\":[\"Z\u018fRDABIN TAR\u0130X\u0130\"],\"inLanguage\":\"az\",\"potentialAction\":[{\"@type\":\"CommentAction\",\"name\":\"Comment\",\"target\":[\"https:\/\/www.zerdab.com\/?p=10982#respond\"]}]},{\"@type\":\"WebPage\",\"@id\":\"https:\/\/www.zerdab.com\/?p=10982\",\"url\":\"https:\/\/www.zerdab.com\/?p=10982\",\"name\":\"Z\u0259rdab\u0131n D\u0259li Qu\u015f\u00e7u k\u0259ndind\u0259 k\u00fctl\u0259vi m\u0259zarl\u0131q varm\u0131? - Z\u0259rdab.com\",\"isPartOf\":{\"@id\":\"https:\/\/www.zerdab.com\/#website\"},\"primaryImageOfPage\":{\"@id\":\"https:\/\/www.zerdab.com\/?p=10982#primaryimage\"},\"image\":{\"@id\":\"https:\/\/www.zerdab.com\/?p=10982#primaryimage\"},\"thumbnailUrl\":\"http:\/\/www.zerdab.com\/wp-content\/uploads\/2013\/07\/isameddin.jpg\",\"datePublished\":\"2013-07-10T02:38:53+00:00\",\"author\":{\"@id\":\"https:\/\/www.zerdab.com\/#\/schema\/person\/97079b7570c1e89ec0d9e138c3672136\"},\"breadcrumb\":{\"@id\":\"https:\/\/www.zerdab.com\/?p=10982#breadcrumb\"},\"inLanguage\":\"az\",\"potentialAction\":[{\"@type\":\"ReadAction\",\"target\":[\"https:\/\/www.zerdab.com\/?p=10982\"]}]},{\"@type\":\"ImageObject\",\"inLanguage\":\"az\",\"@id\":\"https:\/\/www.zerdab.com\/?p=10982#primaryimage\",\"url\":\"\",\"contentUrl\":\"\"},{\"@type\":\"BreadcrumbList\",\"@id\":\"https:\/\/www.zerdab.com\/?p=10982#breadcrumb\",\"itemListElement\":[{\"@type\":\"ListItem\",\"position\":1,\"name\":\"Home\",\"item\":\"https:\/\/www.zerdab.com\/\"},{\"@type\":\"ListItem\",\"position\":2,\"name\":\"Z\u0259rdab\u0131n D\u0259li Qu\u015f\u00e7u k\u0259ndind\u0259 k\u00fctl\u0259vi m\u0259zarl\u0131q varm\u0131?\"}]},{\"@type\":\"WebSite\",\"@id\":\"https:\/\/www.zerdab.com\/#website\",\"url\":\"https:\/\/www.zerdab.com\/\",\"name\":\"Z\u0259rdab.com\",\"description\":\"\",\"potentialAction\":[{\"@type\":\"SearchAction\",\"target\":{\"@type\":\"EntryPoint\",\"urlTemplate\":\"https:\/\/www.zerdab.com\/?s={search_term_string}\"},\"query-input\":{\"@type\":\"PropertyValueSpecification\",\"valueRequired\":true,\"valueName\":\"search_term_string\"}}],\"inLanguage\":\"az\"},{\"@type\":\"Person\",\"@id\":\"https:\/\/www.zerdab.com\/#\/schema\/person\/97079b7570c1e89ec0d9e138c3672136\",\"name\":\"admin\",\"image\":{\"@type\":\"ImageObject\",\"inLanguage\":\"az\",\"@id\":\"https:\/\/www.zerdab.com\/#\/schema\/person\/image\/\",\"url\":\"https:\/\/secure.gravatar.com\/avatar\/d9c52a9a27c32119cb6679a077fa3e2779e5f822c451cbf01098004361d466ec?s=96&d=mm&r=g\",\"contentUrl\":\"https:\/\/secure.gravatar.com\/avatar\/d9c52a9a27c32119cb6679a077fa3e2779e5f822c451cbf01098004361d466ec?s=96&d=mm&r=g\",\"caption\":\"admin\"},\"url\":\"https:\/\/www.zerdab.com\/?author=1\"}]}<\/script>\n<!-- \/ Yoast SEO plugin. -->","yoast_head_json":{"title":"Z\u0259rdab\u0131n D\u0259li Qu\u015f\u00e7u k\u0259ndind\u0259 k\u00fctl\u0259vi m\u0259zarl\u0131q varm\u0131? - Z\u0259rdab.com","robots":{"index":"index","follow":"follow","max-snippet":"max-snippet:-1","max-image-preview":"max-image-preview:large","max-video-preview":"max-video-preview:-1"},"canonical":"https:\/\/www.zerdab.com\/?p=10982","og_locale":"az_AZ","og_type":"article","og_title":"Z\u0259rdab\u0131n D\u0259li Qu\u015f\u00e7u k\u0259ndind\u0259 k\u00fctl\u0259vi m\u0259zarl\u0131q varm\u0131? - Z\u0259rdab.com","og_description":"\u00d6lk\u0259mizd\u0259\u00a0 arxeoloji qaz\u0131nt\u0131lar\u0131n apar\u0131lmas\u0131na ehtiyac olan xeyli \u0259razi var. Bel\u0259 m\u0259kanlardan biri d\u0259 Z\u0259rdab rayonunun D\u0259li Qu\u015f\u00e7u k\u0259ndind\u0259 yerl\u0259\u015fir. Rayonda \u00e7\u0131xan \u201c\u018fkin\u00e7i\u201d q\u0259zetinin redaktoru \u0130sam\u0259ddin \u018fhm\u0259dov deyir ki, k\u0259ndin 2 kilometrliyind\u0259 yerl\u0259\u015f\u0259n v\u0259 el aras\u0131nda k\u00fctl\u0259vi q\u0259biristanl\u0131q kimi tan\u0131nan yerd\u0259 \u201cA\u011ft\u0259p\u0259\u201d adlanan \u0259razi var: \u201cK\u0259nd sakinl\u0259rinin bildirdikl\u0259rin\u0259 g\u00f6r\u0259, \u0259vv\u0259ll\u0259r bu yerd\u0259 3 t\u0259p\u0259 olub. Haz\u0131rda [&hellip;]","og_url":"https:\/\/www.zerdab.com\/?p=10982","og_site_name":"Z\u0259rdab.com","article_published_time":"2013-07-10T02:38:53+00:00","og_image":[{"url":"http:\/\/www.zerdab.com\/wp-content\/uploads\/2013\/07\/isameddin.jpg","type":"","width":"","height":""}],"author":"admin","twitter_card":"summary_large_image","twitter_misc":{"Written by":"admin","Est. reading time":"9 minutes"},"schema":{"@context":"https:\/\/schema.org","@graph":[{"@type":"Article","@id":"https:\/\/www.zerdab.com\/?p=10982#article","isPartOf":{"@id":"https:\/\/www.zerdab.com\/?p=10982"},"author":{"name":"admin","@id":"https:\/\/www.zerdab.com\/#\/schema\/person\/97079b7570c1e89ec0d9e138c3672136"},"headline":"Z\u0259rdab\u0131n D\u0259li Qu\u015f\u00e7u k\u0259ndind\u0259 k\u00fctl\u0259vi m\u0259zarl\u0131q varm\u0131?","datePublished":"2013-07-10T02:38:53+00:00","mainEntityOfPage":{"@id":"https:\/\/www.zerdab.com\/?p=10982"},"wordCount":1886,"commentCount":2,"image":{"@id":"https:\/\/www.zerdab.com\/?p=10982#primaryimage"},"thumbnailUrl":"http:\/\/www.zerdab.com\/wp-content\/uploads\/2013\/07\/isameddin.jpg","articleSection":["Z\u018fRDABIN TAR\u0130X\u0130"],"inLanguage":"az","potentialAction":[{"@type":"CommentAction","name":"Comment","target":["https:\/\/www.zerdab.com\/?p=10982#respond"]}]},{"@type":"WebPage","@id":"https:\/\/www.zerdab.com\/?p=10982","url":"https:\/\/www.zerdab.com\/?p=10982","name":"Z\u0259rdab\u0131n D\u0259li Qu\u015f\u00e7u k\u0259ndind\u0259 k\u00fctl\u0259vi m\u0259zarl\u0131q varm\u0131? - Z\u0259rdab.com","isPartOf":{"@id":"https:\/\/www.zerdab.com\/#website"},"primaryImageOfPage":{"@id":"https:\/\/www.zerdab.com\/?p=10982#primaryimage"},"image":{"@id":"https:\/\/www.zerdab.com\/?p=10982#primaryimage"},"thumbnailUrl":"http:\/\/www.zerdab.com\/wp-content\/uploads\/2013\/07\/isameddin.jpg","datePublished":"2013-07-10T02:38:53+00:00","author":{"@id":"https:\/\/www.zerdab.com\/#\/schema\/person\/97079b7570c1e89ec0d9e138c3672136"},"breadcrumb":{"@id":"https:\/\/www.zerdab.com\/?p=10982#breadcrumb"},"inLanguage":"az","potentialAction":[{"@type":"ReadAction","target":["https:\/\/www.zerdab.com\/?p=10982"]}]},{"@type":"ImageObject","inLanguage":"az","@id":"https:\/\/www.zerdab.com\/?p=10982#primaryimage","url":"","contentUrl":""},{"@type":"BreadcrumbList","@id":"https:\/\/www.zerdab.com\/?p=10982#breadcrumb","itemListElement":[{"@type":"ListItem","position":1,"name":"Home","item":"https:\/\/www.zerdab.com\/"},{"@type":"ListItem","position":2,"name":"Z\u0259rdab\u0131n D\u0259li Qu\u015f\u00e7u k\u0259ndind\u0259 k\u00fctl\u0259vi m\u0259zarl\u0131q varm\u0131?"}]},{"@type":"WebSite","@id":"https:\/\/www.zerdab.com\/#website","url":"https:\/\/www.zerdab.com\/","name":"Z\u0259rdab.com","description":"","potentialAction":[{"@type":"SearchAction","target":{"@type":"EntryPoint","urlTemplate":"https:\/\/www.zerdab.com\/?s={search_term_string}"},"query-input":{"@type":"PropertyValueSpecification","valueRequired":true,"valueName":"search_term_string"}}],"inLanguage":"az"},{"@type":"Person","@id":"https:\/\/www.zerdab.com\/#\/schema\/person\/97079b7570c1e89ec0d9e138c3672136","name":"admin","image":{"@type":"ImageObject","inLanguage":"az","@id":"https:\/\/www.zerdab.com\/#\/schema\/person\/image\/","url":"https:\/\/secure.gravatar.com\/avatar\/d9c52a9a27c32119cb6679a077fa3e2779e5f822c451cbf01098004361d466ec?s=96&d=mm&r=g","contentUrl":"https:\/\/secure.gravatar.com\/avatar\/d9c52a9a27c32119cb6679a077fa3e2779e5f822c451cbf01098004361d466ec?s=96&d=mm&r=g","caption":"admin"},"url":"https:\/\/www.zerdab.com\/?author=1"}]}},"_links":{"self":[{"href":"https:\/\/www.zerdab.com\/index.php?rest_route=\/wp\/v2\/posts\/10982","targetHints":{"allow":["GET"]}}],"collection":[{"href":"https:\/\/www.zerdab.com\/index.php?rest_route=\/wp\/v2\/posts"}],"about":[{"href":"https:\/\/www.zerdab.com\/index.php?rest_route=\/wp\/v2\/types\/post"}],"author":[{"embeddable":true,"href":"https:\/\/www.zerdab.com\/index.php?rest_route=\/wp\/v2\/users\/1"}],"replies":[{"embeddable":true,"href":"https:\/\/www.zerdab.com\/index.php?rest_route=%2Fwp%2Fv2%2Fcomments&post=10982"}],"version-history":[{"count":6,"href":"https:\/\/www.zerdab.com\/index.php?rest_route=\/wp\/v2\/posts\/10982\/revisions"}],"predecessor-version":[{"id":10985,"href":"https:\/\/www.zerdab.com\/index.php?rest_route=\/wp\/v2\/posts\/10982\/revisions\/10985"}],"wp:attachment":[{"href":"https:\/\/www.zerdab.com\/index.php?rest_route=%2Fwp%2Fv2%2Fmedia&parent=10982"}],"wp:term":[{"taxonomy":"category","embeddable":true,"href":"https:\/\/www.zerdab.com\/index.php?rest_route=%2Fwp%2Fv2%2Fcategories&post=10982"},{"taxonomy":"post_tag","embeddable":true,"href":"https:\/\/www.zerdab.com\/index.php?rest_route=%2Fwp%2Fv2%2Ftags&post=10982"}],"curies":[{"name":"wp","href":"https:\/\/api.w.org\/{rel}","templated":true}]}}