{"id":10995,"date":"2013-07-10T11:38:16","date_gmt":"2013-07-10T06:38:16","guid":{"rendered":"http:\/\/www.zerdab.com\/?p=10995"},"modified":"2013-07-10T11:40:48","modified_gmt":"2013-07-10T06:40:48","slug":"oruc-koku-bu-dunyadameyv%c9%99si-axir%c9%99td%c9%99-olan-b%c9%99r%c9%99k%c9%99t-agaci","status":"publish","type":"post","link":"https:\/\/www.zerdab.com\/?p=10995","title":{"rendered":"Oruc &#8211; k\u00f6k\u00fc bu d\u00fcnyada, meyv\u0259si axir\u0259td\u0259 olan b\u0259r\u0259k\u0259t a\u011fac\u0131"},"content":{"rendered":"<p><span style=\"color: #0000ff;\"><strong><img loading=\"lazy\" decoding=\"async\" class=\"aligncenter size-medium wp-image-10996\" alt=\"Ramazan ay\u0131\" src=\"http:\/\/www.zerdab.com\/wp-content\/uploads\/2013\/07\/Ramazan-ay\u0131-600x450.jpg\" width=\"600\" height=\"450\" \/>Allah-T\u0259ala buyurur ki, h\u0259r ibad\u0259t qulun \u00f6z\u00fc, f\u0259q\u0259t, oruc M\u0259nim \u00fc\u00e7\u00fcnd\u00fcr. \u00dcst\u0259lik onu da v\u0259d edir ki, bu ibad\u0259tin savab\u0131n\u0131 \u00d6z\u00fc ver\u0259c\u0259k. O m\u00fckafat n\u0259 olacaq, n\u0259 q\u0259d\u0259r olacaq, bunu d\u00fc\u015f\u00fcnm\u0259y\u0259, t\u0259s\u0259vv\u00fcr etm\u0259y\u0259 insan a\u011fl\u0131 acizdir. \u00c7\u00fcnki b\u00fct\u00fcn hallarda bizim t\u0259s\u0259vv\u00fcr\u00fcm\u00fcz \u0130lahi nem\u0259tl\u0259r yan\u0131nda \u00e7ox b\u0259sit, \u00e7ox c\u0131l\u0131z olacaq.<\/strong><\/span><\/p>\n<p>Bir a\u011fac\u0131n \u0259n b\u0259r\u0259k\u0259tli \u00e7a\u011f\u0131 he\u00e7 \u015f\u00fcbh\u0259siz, meyv\u0259l\u0259rini verdiyi aylard\u0131r, onun \u0259n \u00fcmidli zaman\u0131 is\u0259 tumurcuqlar\u0131n\u0131n a\u00e7\u0131ld\u0131\u011f\u0131 g\u00fcnl\u0259rdir. Az\u0259rbaycan Ramazan m\u0259s\u0259l\u0259sind\u0259 bu g\u00fcn b\u0259r\u0259k\u0259tli g\u00fcnl\u0259r ya\u015fay\u0131r. Sovet hakimiyy\u0259ti ill\u0259rind\u0259 Ramazanda oruc tutanlar\u0131 deyil, Ramazandan x\u0259b\u0259ri olanlar\u0131 barmaqla sayard\u0131lar. O g\u00fcnl\u0259rd\u0259 Ramazan bayram\u0131ndan x\u0259b\u0259ri olanlar bir-birini t\u0259brik ed\u0259rdil\u0259r. Son ill\u0259r is\u0259 Ramazan ay\u0131 gir\u0259r-girm\u0259z insanlar bir-birini m\u00fcjd\u0259l\u0259y\u0259r\u0259k t\u0259brik etm\u0259y\u0259 ba\u015flay\u0131rlar. Dostlar s\u00fcfr\u0259l\u0259rini d\u0259, k\u00f6n\u00fcll\u0259rini d\u0259 bir-birin\u0259 a\u00e7araq daha da yax\u0131nla\u015f\u0131r, do\u011fmala\u015f\u0131rlar. Gec\u0259l\u0259r q\u0131l\u0131nan t\u0259ravih namazlar\u0131nda m\u0259scidl\u0259r c\u00fcm\u0259 namazlar\u0131ndak\u0131 kimi dolub-da\u015f\u0131r. \u0130nsanlar\u0131n dan\u0131\u015f\u0131\u011f\u0131na art\u0131q iftar, sahur, imsaqiyy\u0259, q\u0259ndil kimi ifad\u0259l\u0259r daxil olmu\u015fdur.<\/p>\n<p>B\u00fct\u00fcn bunlar\u0131n bir izah\u0131 var: Az\u0259rbaycan xalq\u0131, x\u00fcsusil\u0259 d\u0259 g\u0259ncl\u0259r bir zamanlar \u0259ll\u0259rind\u0259n zorla al\u0131nm\u0131\u015f, amma q\u0259lbl\u0259rd\u0259n \u00e7\u0131xar\u0131la bilm\u0259y\u0259n imana ilk f\u00fcrs\u0259td\u0259c\u0259 sar\u0131ld\u0131lar. Ba\u015flan\u011f\u0131c n\u00f6qt\u0259si kimi Allah-T\u0259alan\u0131n \u201csavab\u0131n\u0131 ancaq m\u0259n bilir\u0259m\u201d buyurdu\u011fu m\u00fcq\u0259dd\u0259s Ramazandan daha g\u00f6z\u0259l n\u0259 ola bil\u0259r ki? O Ramazan ki, 11 ay\u0131n sultan\u0131d\u0131r v\u0259 i\u00e7ind\u0259 min aydan daha xeyirli bir gec\u0259 bulunmaqdad\u0131r.<\/p>\n<p>M\u00fcbar\u0259k Ramazan girinc\u0259, dini inanc\u0131 \u00e7ox da y\u00fcks\u0259k olmayan bir \u00e7ox insanlar\u0131n da oruc ibad\u0259tin\u0259 ba\u015flad\u0131\u011f\u0131 m\u00fc\u015fahid\u0259 olunur. Ola bilsin ki, b\u0259zil\u0259ri bunun p\u0259hriz m\u0259qs\u0259dil\u0259 icra edildiyini d\u00fc\u015f\u00fcn\u0259 bil\u0259rl\u0259r, amma m\u0259n bunun he\u00e7 d\u0259 bel\u0259 oldu\u011funu q\u0259bul etmir\u0259m. \u00c7\u00fcnki Ramazandak\u0131 yem\u0259k rejimi p\u0259hriz \u00fc\u00e7\u00fcn he\u00e7 d\u0259 \u0259lveri\u015fli deyil. P\u0259hrizin \u015f\u0259rtl\u0259ri il\u0259 orucun \u015f\u0259rtl\u0259ri bir-birind\u0259n k\u0259skin \u015f\u0259kild\u0259 f\u0259rql\u0259nir. H\u0259m d\u0259 o insanlar orucu p\u0259hriz niyy\u0259ti il\u0259 tutsayd\u0131lar, bunu Ramazanda deyil, h\u0259r hans\u0131 ba\u015fqa bir ayda icra ed\u0259rdil\u0259r. Burada \u0259slind\u0259 bir \u00e7ox insan\u0131n izah etm\u0259kd\u0259 \u00e7\u0259tinlik \u00e7\u0259kdiyi bir \u015fey var ki, o da Ramazanda h\u0259r \u015feyd\u0259 oldu\u011fu kimi, inanca da g\u0259l\u0259n b\u0259r\u0259k\u0259tdir. Bunun ba\u015fqa bir izah\u0131 d\u00fc\u015f\u00fcn\u00fcl\u0259 bilm\u0259z. Ramazan b\u0259r\u0259k\u0259tind\u0259n ba\u015fqa he\u00e7n\u0259 gec\u0259nin bir vaxt\u0131 adamlar\u0131 \u015firin yuxudan qald\u0131r\u0131b yem\u0259k yem\u0259y\u0259 s\u00f6vq ed\u0259 bilm\u0259z, bu i\u015fi h\u0259tta ki\u00e7ik u\u015faqlar \u00fc\u00e7\u00fcn bel\u0259 \u00e7ox sevimli bir i\u015f\u0259 \u00e7evir\u0259 bilm\u0259z. Hans\u0131 g\u00fcc siqaret v\u0259 dig\u0259r pis v\u0259rdi\u015fl\u0259ri olan insanlar\u0131 16 saat bu al\u0131\u015fqanl\u0131qdan uzaq tuta bil\u0259r? T\u0259bii ki, bunlar ham\u0131s\u0131 Ramazan\u0131n b\u0259r\u0259k\u0259ti il\u0259 ger\u00e7\u0259kl\u0259\u015fir.<\/p>\n<p>Ramazan ac, \u00e7\u0131lpaq v\u0259 kims\u0259siz adamlar\u0131n d\u0259rdini anlamaq ay\u0131d\u0131r, bu da Ramazan\u0131n ba\u015fqa bir g\u00f6z\u0259lliyi v\u0259 b\u0259r\u0259k\u0259t qap\u0131s\u0131d\u0131r. Bunu duya bil\u0259nl\u0259r, duyub bu m\u00f6vzuda i\u015f g\u00f6r\u0259 bil\u0259nl\u0259r he\u00e7 \u015f\u00fcbh\u0259siz, daha xeyirlidirl\u0259r. Bu ayda t\u0259kc\u0259 oruclu olmaq deyil, h\u0259m d\u0259 d\u0259rdlinin d\u0259rdini ba\u015fa d\u00fc\u015fm\u0259k, ona \u015f\u0259rik olmaqd\u0131r insan\u0131 \u0259sl m\u0259qs\u0259d\u0259 yeti\u015fdir\u0259n. Bir ay boyunca iftar \u0259r\u0259f\u0259sind\u0259 m\u0259d\u0259mizd\u0259n g\u0259l\u0259n acl\u0131q hissinin \u00e7oxlar\u0131 \u00fc\u00e7\u00fcn g\u00fcnd\u0259lik h\u0259yat t\u0259rzi oldu\u011funu ba\u015fa d\u00fc\u015f\u0259 bil\u0259c\u0259yikmi? S\u00fcfr\u0259mizi ne\u00e7\u0259 imkans\u0131za a\u00e7a bil\u0259c\u0259yik, ne\u00e7\u0259 kims\u0259sizi ziyar\u0259t ed\u0259c\u0259yik, ne\u00e7\u0259 \u00e7ar\u0259siz\u0259 \u00e7ar\u0259 q\u0131la bil\u0259c\u0259yik. Allah-T\u0259ala bu suallara k\u00f6n\u00fcl xo\u015flu\u011fu il\u0259 cavab ver\u0259 bildiyimiz Ramazanlara yeti\u015fdirsin bizl\u0259ri. Amin!<\/p>\n","protected":false},"excerpt":{"rendered":"<p>Allah-T\u0259ala buyurur ki, h\u0259r ibad\u0259t qulun \u00f6z\u00fc, f\u0259q\u0259t, oruc M\u0259nim \u00fc\u00e7\u00fcnd\u00fcr. \u00dcst\u0259lik onu da v\u0259d edir ki, bu ibad\u0259tin savab\u0131n\u0131 \u00d6z\u00fc ver\u0259c\u0259k. O m\u00fckafat n\u0259 olacaq, n\u0259 q\u0259d\u0259r olacaq, bunu d\u00fc\u015f\u00fcnm\u0259y\u0259, t\u0259s\u0259vv\u00fcr etm\u0259y\u0259 insan a\u011fl\u0131 acizdir. \u00c7\u00fcnki b\u00fct\u00fcn hallarda bizim t\u0259s\u0259vv\u00fcr\u00fcm\u00fcz \u0130lahi nem\u0259tl\u0259r yan\u0131nda \u00e7ox b\u0259sit, \u00e7ox c\u0131l\u0131z olacaq. Bir a\u011fac\u0131n \u0259n b\u0259r\u0259k\u0259tli \u00e7a\u011f\u0131 he\u00e7 [&hellip;]<\/p>\n","protected":false},"author":1,"featured_media":0,"comment_status":"open","ping_status":"open","sticky":false,"template":"","format":"standard","meta":{"footnotes":""},"categories":[5],"tags":[],"class_list":{"0":"post-10995","1":"post","2":"type-post","3":"status-publish","4":"format-standard","6":"category-knd"},"yoast_head":"<!-- This site is optimized with the Yoast SEO plugin v27.0 - https:\/\/yoast.com\/product\/yoast-seo-wordpress\/ -->\n<title>Oruc - k\u00f6k\u00fc bu d\u00fcnyada, meyv\u0259si axir\u0259td\u0259 olan b\u0259r\u0259k\u0259t a\u011fac\u0131 - Z\u0259rdab.com<\/title>\n<meta name=\"robots\" content=\"index, follow, max-snippet:-1, max-image-preview:large, max-video-preview:-1\" \/>\n<link rel=\"canonical\" href=\"https:\/\/www.zerdab.com\/?p=10995\" \/>\n<meta property=\"og:locale\" content=\"az_AZ\" \/>\n<meta property=\"og:type\" content=\"article\" \/>\n<meta property=\"og:title\" content=\"Oruc - k\u00f6k\u00fc bu d\u00fcnyada, meyv\u0259si axir\u0259td\u0259 olan b\u0259r\u0259k\u0259t a\u011fac\u0131 - Z\u0259rdab.com\" \/>\n<meta property=\"og:description\" content=\"Allah-T\u0259ala buyurur ki, h\u0259r ibad\u0259t qulun \u00f6z\u00fc, f\u0259q\u0259t, oruc M\u0259nim \u00fc\u00e7\u00fcnd\u00fcr. \u00dcst\u0259lik onu da v\u0259d edir ki, bu ibad\u0259tin savab\u0131n\u0131 \u00d6z\u00fc ver\u0259c\u0259k. O m\u00fckafat n\u0259 olacaq, n\u0259 q\u0259d\u0259r olacaq, bunu d\u00fc\u015f\u00fcnm\u0259y\u0259, t\u0259s\u0259vv\u00fcr etm\u0259y\u0259 insan a\u011fl\u0131 acizdir. \u00c7\u00fcnki b\u00fct\u00fcn hallarda bizim t\u0259s\u0259vv\u00fcr\u00fcm\u00fcz \u0130lahi nem\u0259tl\u0259r yan\u0131nda \u00e7ox b\u0259sit, \u00e7ox c\u0131l\u0131z olacaq. Bir a\u011fac\u0131n \u0259n b\u0259r\u0259k\u0259tli \u00e7a\u011f\u0131 he\u00e7 [&hellip;]\" \/>\n<meta property=\"og:url\" content=\"https:\/\/www.zerdab.com\/?p=10995\" \/>\n<meta property=\"og:site_name\" content=\"Z\u0259rdab.com\" \/>\n<meta property=\"article:published_time\" content=\"2013-07-10T06:38:16+00:00\" \/>\n<meta property=\"article:modified_time\" content=\"2013-07-10T06:40:48+00:00\" \/>\n<meta name=\"author\" content=\"admin\" \/>\n<meta name=\"twitter:card\" content=\"summary_large_image\" \/>\n<meta name=\"twitter:label1\" content=\"Written by\" \/>\n\t<meta name=\"twitter:data1\" content=\"admin\" \/>\n\t<meta name=\"twitter:label2\" content=\"Est. reading time\" \/>\n\t<meta name=\"twitter:data2\" content=\"4 minutes\" \/>\n<script type=\"application\/ld+json\" class=\"yoast-schema-graph\">{\"@context\":\"https:\/\/schema.org\",\"@graph\":[{\"@type\":\"Article\",\"@id\":\"https:\/\/www.zerdab.com\/?p=10995#article\",\"isPartOf\":{\"@id\":\"https:\/\/www.zerdab.com\/?p=10995\"},\"author\":{\"name\":\"admin\",\"@id\":\"https:\/\/www.zerdab.com\/#\/schema\/person\/97079b7570c1e89ec0d9e138c3672136\"},\"headline\":\"Oruc &#8211; k\u00f6k\u00fc bu d\u00fcnyada, meyv\u0259si axir\u0259td\u0259 olan b\u0259r\u0259k\u0259t a\u011fac\u0131\",\"datePublished\":\"2013-07-10T06:38:16+00:00\",\"dateModified\":\"2013-07-10T06:40:48+00:00\",\"mainEntityOfPage\":{\"@id\":\"https:\/\/www.zerdab.com\/?p=10995\"},\"wordCount\":779,\"commentCount\":1,\"articleSection\":[\"X\u018fB\u018fRL\u018fR\"],\"inLanguage\":\"az\",\"potentialAction\":[{\"@type\":\"CommentAction\",\"name\":\"Comment\",\"target\":[\"https:\/\/www.zerdab.com\/?p=10995#respond\"]}]},{\"@type\":\"WebPage\",\"@id\":\"https:\/\/www.zerdab.com\/?p=10995\",\"url\":\"https:\/\/www.zerdab.com\/?p=10995\",\"name\":\"Oruc - k\u00f6k\u00fc bu d\u00fcnyada, meyv\u0259si axir\u0259td\u0259 olan b\u0259r\u0259k\u0259t a\u011fac\u0131 - Z\u0259rdab.com\",\"isPartOf\":{\"@id\":\"https:\/\/www.zerdab.com\/#website\"},\"datePublished\":\"2013-07-10T06:38:16+00:00\",\"dateModified\":\"2013-07-10T06:40:48+00:00\",\"author\":{\"@id\":\"https:\/\/www.zerdab.com\/#\/schema\/person\/97079b7570c1e89ec0d9e138c3672136\"},\"breadcrumb\":{\"@id\":\"https:\/\/www.zerdab.com\/?p=10995#breadcrumb\"},\"inLanguage\":\"az\",\"potentialAction\":[{\"@type\":\"ReadAction\",\"target\":[\"https:\/\/www.zerdab.com\/?p=10995\"]}]},{\"@type\":\"BreadcrumbList\",\"@id\":\"https:\/\/www.zerdab.com\/?p=10995#breadcrumb\",\"itemListElement\":[{\"@type\":\"ListItem\",\"position\":1,\"name\":\"Home\",\"item\":\"https:\/\/www.zerdab.com\/\"},{\"@type\":\"ListItem\",\"position\":2,\"name\":\"Oruc &#8211; k\u00f6k\u00fc bu d\u00fcnyada, meyv\u0259si axir\u0259td\u0259 olan b\u0259r\u0259k\u0259t a\u011fac\u0131\"}]},{\"@type\":\"WebSite\",\"@id\":\"https:\/\/www.zerdab.com\/#website\",\"url\":\"https:\/\/www.zerdab.com\/\",\"name\":\"Z\u0259rdab.com\",\"description\":\"\",\"potentialAction\":[{\"@type\":\"SearchAction\",\"target\":{\"@type\":\"EntryPoint\",\"urlTemplate\":\"https:\/\/www.zerdab.com\/?s={search_term_string}\"},\"query-input\":{\"@type\":\"PropertyValueSpecification\",\"valueRequired\":true,\"valueName\":\"search_term_string\"}}],\"inLanguage\":\"az\"},{\"@type\":\"Person\",\"@id\":\"https:\/\/www.zerdab.com\/#\/schema\/person\/97079b7570c1e89ec0d9e138c3672136\",\"name\":\"admin\",\"image\":{\"@type\":\"ImageObject\",\"inLanguage\":\"az\",\"@id\":\"https:\/\/www.zerdab.com\/#\/schema\/person\/image\/\",\"url\":\"https:\/\/secure.gravatar.com\/avatar\/d9c52a9a27c32119cb6679a077fa3e2779e5f822c451cbf01098004361d466ec?s=96&d=mm&r=g\",\"contentUrl\":\"https:\/\/secure.gravatar.com\/avatar\/d9c52a9a27c32119cb6679a077fa3e2779e5f822c451cbf01098004361d466ec?s=96&d=mm&r=g\",\"caption\":\"admin\"},\"url\":\"https:\/\/www.zerdab.com\/?author=1\"}]}<\/script>\n<!-- \/ Yoast SEO plugin. -->","yoast_head_json":{"title":"Oruc - k\u00f6k\u00fc bu d\u00fcnyada, meyv\u0259si axir\u0259td\u0259 olan b\u0259r\u0259k\u0259t a\u011fac\u0131 - Z\u0259rdab.com","robots":{"index":"index","follow":"follow","max-snippet":"max-snippet:-1","max-image-preview":"max-image-preview:large","max-video-preview":"max-video-preview:-1"},"canonical":"https:\/\/www.zerdab.com\/?p=10995","og_locale":"az_AZ","og_type":"article","og_title":"Oruc - k\u00f6k\u00fc bu d\u00fcnyada, meyv\u0259si axir\u0259td\u0259 olan b\u0259r\u0259k\u0259t a\u011fac\u0131 - Z\u0259rdab.com","og_description":"Allah-T\u0259ala buyurur ki, h\u0259r ibad\u0259t qulun \u00f6z\u00fc, f\u0259q\u0259t, oruc M\u0259nim \u00fc\u00e7\u00fcnd\u00fcr. \u00dcst\u0259lik onu da v\u0259d edir ki, bu ibad\u0259tin savab\u0131n\u0131 \u00d6z\u00fc ver\u0259c\u0259k. O m\u00fckafat n\u0259 olacaq, n\u0259 q\u0259d\u0259r olacaq, bunu d\u00fc\u015f\u00fcnm\u0259y\u0259, t\u0259s\u0259vv\u00fcr etm\u0259y\u0259 insan a\u011fl\u0131 acizdir. \u00c7\u00fcnki b\u00fct\u00fcn hallarda bizim t\u0259s\u0259vv\u00fcr\u00fcm\u00fcz \u0130lahi nem\u0259tl\u0259r yan\u0131nda \u00e7ox b\u0259sit, \u00e7ox c\u0131l\u0131z olacaq. Bir a\u011fac\u0131n \u0259n b\u0259r\u0259k\u0259tli \u00e7a\u011f\u0131 he\u00e7 [&hellip;]","og_url":"https:\/\/www.zerdab.com\/?p=10995","og_site_name":"Z\u0259rdab.com","article_published_time":"2013-07-10T06:38:16+00:00","article_modified_time":"2013-07-10T06:40:48+00:00","author":"admin","twitter_card":"summary_large_image","twitter_misc":{"Written by":"admin","Est. reading time":"4 minutes"},"schema":{"@context":"https:\/\/schema.org","@graph":[{"@type":"Article","@id":"https:\/\/www.zerdab.com\/?p=10995#article","isPartOf":{"@id":"https:\/\/www.zerdab.com\/?p=10995"},"author":{"name":"admin","@id":"https:\/\/www.zerdab.com\/#\/schema\/person\/97079b7570c1e89ec0d9e138c3672136"},"headline":"Oruc &#8211; k\u00f6k\u00fc bu d\u00fcnyada, meyv\u0259si axir\u0259td\u0259 olan b\u0259r\u0259k\u0259t a\u011fac\u0131","datePublished":"2013-07-10T06:38:16+00:00","dateModified":"2013-07-10T06:40:48+00:00","mainEntityOfPage":{"@id":"https:\/\/www.zerdab.com\/?p=10995"},"wordCount":779,"commentCount":1,"articleSection":["X\u018fB\u018fRL\u018fR"],"inLanguage":"az","potentialAction":[{"@type":"CommentAction","name":"Comment","target":["https:\/\/www.zerdab.com\/?p=10995#respond"]}]},{"@type":"WebPage","@id":"https:\/\/www.zerdab.com\/?p=10995","url":"https:\/\/www.zerdab.com\/?p=10995","name":"Oruc - k\u00f6k\u00fc bu d\u00fcnyada, meyv\u0259si axir\u0259td\u0259 olan b\u0259r\u0259k\u0259t a\u011fac\u0131 - Z\u0259rdab.com","isPartOf":{"@id":"https:\/\/www.zerdab.com\/#website"},"datePublished":"2013-07-10T06:38:16+00:00","dateModified":"2013-07-10T06:40:48+00:00","author":{"@id":"https:\/\/www.zerdab.com\/#\/schema\/person\/97079b7570c1e89ec0d9e138c3672136"},"breadcrumb":{"@id":"https:\/\/www.zerdab.com\/?p=10995#breadcrumb"},"inLanguage":"az","potentialAction":[{"@type":"ReadAction","target":["https:\/\/www.zerdab.com\/?p=10995"]}]},{"@type":"BreadcrumbList","@id":"https:\/\/www.zerdab.com\/?p=10995#breadcrumb","itemListElement":[{"@type":"ListItem","position":1,"name":"Home","item":"https:\/\/www.zerdab.com\/"},{"@type":"ListItem","position":2,"name":"Oruc &#8211; k\u00f6k\u00fc bu d\u00fcnyada, meyv\u0259si axir\u0259td\u0259 olan b\u0259r\u0259k\u0259t a\u011fac\u0131"}]},{"@type":"WebSite","@id":"https:\/\/www.zerdab.com\/#website","url":"https:\/\/www.zerdab.com\/","name":"Z\u0259rdab.com","description":"","potentialAction":[{"@type":"SearchAction","target":{"@type":"EntryPoint","urlTemplate":"https:\/\/www.zerdab.com\/?s={search_term_string}"},"query-input":{"@type":"PropertyValueSpecification","valueRequired":true,"valueName":"search_term_string"}}],"inLanguage":"az"},{"@type":"Person","@id":"https:\/\/www.zerdab.com\/#\/schema\/person\/97079b7570c1e89ec0d9e138c3672136","name":"admin","image":{"@type":"ImageObject","inLanguage":"az","@id":"https:\/\/www.zerdab.com\/#\/schema\/person\/image\/","url":"https:\/\/secure.gravatar.com\/avatar\/d9c52a9a27c32119cb6679a077fa3e2779e5f822c451cbf01098004361d466ec?s=96&d=mm&r=g","contentUrl":"https:\/\/secure.gravatar.com\/avatar\/d9c52a9a27c32119cb6679a077fa3e2779e5f822c451cbf01098004361d466ec?s=96&d=mm&r=g","caption":"admin"},"url":"https:\/\/www.zerdab.com\/?author=1"}]}},"_links":{"self":[{"href":"https:\/\/www.zerdab.com\/index.php?rest_route=\/wp\/v2\/posts\/10995","targetHints":{"allow":["GET"]}}],"collection":[{"href":"https:\/\/www.zerdab.com\/index.php?rest_route=\/wp\/v2\/posts"}],"about":[{"href":"https:\/\/www.zerdab.com\/index.php?rest_route=\/wp\/v2\/types\/post"}],"author":[{"embeddable":true,"href":"https:\/\/www.zerdab.com\/index.php?rest_route=\/wp\/v2\/users\/1"}],"replies":[{"embeddable":true,"href":"https:\/\/www.zerdab.com\/index.php?rest_route=%2Fwp%2Fv2%2Fcomments&post=10995"}],"version-history":[{"count":5,"href":"https:\/\/www.zerdab.com\/index.php?rest_route=\/wp\/v2\/posts\/10995\/revisions"}],"predecessor-version":[{"id":11001,"href":"https:\/\/www.zerdab.com\/index.php?rest_route=\/wp\/v2\/posts\/10995\/revisions\/11001"}],"wp:attachment":[{"href":"https:\/\/www.zerdab.com\/index.php?rest_route=%2Fwp%2Fv2%2Fmedia&parent=10995"}],"wp:term":[{"taxonomy":"category","embeddable":true,"href":"https:\/\/www.zerdab.com\/index.php?rest_route=%2Fwp%2Fv2%2Fcategories&post=10995"},{"taxonomy":"post_tag","embeddable":true,"href":"https:\/\/www.zerdab.com\/index.php?rest_route=%2Fwp%2Fv2%2Ftags&post=10995"}],"curies":[{"name":"wp","href":"https:\/\/api.w.org\/{rel}","templated":true}]}}