{"id":1102,"date":"2012-03-16T11:17:30","date_gmt":"2012-03-16T07:17:30","guid":{"rendered":"http:\/\/www.zerdab.com\/?p=1102"},"modified":"2012-03-16T11:17:30","modified_gmt":"2012-03-16T07:17:30","slug":"prezidentin-%c9%99fv-etdiyi-2-h%c9%99myerlimiz-azadliga-buraxildi","status":"publish","type":"post","link":"https:\/\/www.zerdab.com\/?p=1102","title":{"rendered":"Prezidentin \u0259fv etdiyi 2 h\u0259myerlimiz azadl\u0131\u011fa burax\u0131ld\u0131"},"content":{"rendered":"<p><a href=\"http:\/\/www.zerdab.com\/wp-content\/uploads\/2012\/03\/zerdab-amnistiya.jpg\"><img loading=\"lazy\" decoding=\"async\" class=\"alignleft size-full wp-image-1103\" title=\"zerdab-amnistiya\" src=\"http:\/\/www.zerdab.com\/wp-content\/uploads\/2012\/03\/zerdab-amnistiya.jpg\" alt=\"zerdab-amnistiya\" width=\"400\" height=\"300\" \/><\/a>Prezident \u0130lham \u018fliyev m\u0259hkum edilmi\u015f bir s\u0131ra \u015f\u0259xsl\u0259rin \u0259fv olunmas\u0131 haqq\u0131nda s\u0259r\u0259ncam imzalay\u0131b. <strong>www.zerdab.com<\/strong> sayt\u0131n\u0131n x\u0259b\u0259rin\u0259 g\u00f6r\u0259, s\u0259r\u0259ncamda qeyd olunur ki, azadl\u0131qdan m\u0259hrum etm\u0259 c\u0259zas\u0131na m\u0259hkum edilmi\u015f a\u015fa\u011f\u0131dak\u0131 \u015f\u0259xsl\u0259r c\u0259zan\u0131n \u00e7\u0259kilm\u0259mi\u015f hiss\u0259sind\u0259n azad edilsinl\u0259r. S\u0259n\u0259d iki n\u0259f\u0259r h\u0259myerlimiz\u0259 d\u0259 \u015famil olunub. Bel\u0259 ki, Z\u0259rdab rayonunun Xanm\u0259mm\u0259dli k\u0259nd sakini B\u0259\u015firov Ruslan C\u0259lil o\u011flu azadl\u0131\u011fa burax\u0131l\u0131b. Qeyd ed\u0259k ki, 1978-ci ild\u0259 anadan olmu\u015f Az\u0259rbaycan Respublikas\u0131n\u0131n v\u0259t\u0259nda\u015f\u0131 Ruslan B\u0259\u015firli A\u011f\u0131r Cinay\u0259tl\u0259r\u0259 Dair \u0130\u015fl\u0259r \u00fczr\u0259 M\u0259hk\u0259m\u0259sinin 2006-c\u0131 il 12 iyul tarixli h\u00f6km\u00fc il\u0259 m\u0259hkum edilmi\u015fdi.<br \/>\nD\u00f6vl\u0259t ba\u015f\u00e7\u0131s\u0131n\u0131n s\u0259r\u0259ncam\u0131 il\u0259 c\u0259rim\u0259 c\u0259zas\u0131na m\u0259hkum edilmi\u015f, 1973-c\u00fc ild\u0259 anadan olmu\u015f, Z\u0259rdab rayon sakini Qurbanov Aqil \u0130slam o\u011flu da \u0259fv olunub. Aqil Qurbanov Z\u0259rdab rayon m\u0259hk\u0259m\u0259sinin 2011-ci il 9 avqust tarixli h\u00f6km\u00fc il\u0259 m\u0259hkum edilmi\u015fdi.<\/p>\n<p><strong>www.zerdab.com<\/strong><\/p>\n","protected":false},"excerpt":{"rendered":"<p>Prezident \u0130lham \u018fliyev m\u0259hkum edilmi\u015f bir s\u0131ra \u015f\u0259xsl\u0259rin \u0259fv olunmas\u0131 haqq\u0131nda s\u0259r\u0259ncam imzalay\u0131b. www.zerdab.com sayt\u0131n\u0131n x\u0259b\u0259rin\u0259 g\u00f6r\u0259, s\u0259r\u0259ncamda qeyd olunur ki, azadl\u0131qdan m\u0259hrum etm\u0259 c\u0259zas\u0131na m\u0259hkum edilmi\u015f a\u015fa\u011f\u0131dak\u0131 \u015f\u0259xsl\u0259r c\u0259zan\u0131n \u00e7\u0259kilm\u0259mi\u015f hiss\u0259sind\u0259n azad edilsinl\u0259r. S\u0259n\u0259d iki n\u0259f\u0259r h\u0259myerlimiz\u0259 d\u0259 \u015famil olunub. Bel\u0259 ki, Z\u0259rdab rayonunun Xanm\u0259mm\u0259dli k\u0259nd sakini B\u0259\u015firov Ruslan C\u0259lil o\u011flu azadl\u0131\u011fa burax\u0131l\u0131b. Qeyd [&hellip;]<\/p>\n","protected":false},"author":1,"featured_media":0,"comment_status":"open","ping_status":"open","sticky":false,"template":"","format":"standard","meta":{"footnotes":""},"categories":[5],"tags":[],"class_list":{"0":"post-1102","1":"post","2":"type-post","3":"status-publish","4":"format-standard","6":"category-knd"},"yoast_head":"<!-- This site is optimized with the Yoast SEO plugin v27.0 - https:\/\/yoast.com\/product\/yoast-seo-wordpress\/ -->\n<title>Prezidentin \u0259fv etdiyi 2 h\u0259myerlimiz azadl\u0131\u011fa burax\u0131ld\u0131 - Z\u0259rdab.com<\/title>\n<meta name=\"robots\" content=\"index, follow, max-snippet:-1, max-image-preview:large, max-video-preview:-1\" \/>\n<link rel=\"canonical\" href=\"https:\/\/www.zerdab.com\/?p=1102\" \/>\n<meta property=\"og:locale\" content=\"az_AZ\" \/>\n<meta property=\"og:type\" content=\"article\" \/>\n<meta property=\"og:title\" content=\"Prezidentin \u0259fv etdiyi 2 h\u0259myerlimiz azadl\u0131\u011fa burax\u0131ld\u0131 - Z\u0259rdab.com\" \/>\n<meta property=\"og:description\" content=\"Prezident \u0130lham \u018fliyev m\u0259hkum edilmi\u015f bir s\u0131ra \u015f\u0259xsl\u0259rin \u0259fv olunmas\u0131 haqq\u0131nda s\u0259r\u0259ncam imzalay\u0131b. www.zerdab.com sayt\u0131n\u0131n x\u0259b\u0259rin\u0259 g\u00f6r\u0259, s\u0259r\u0259ncamda qeyd olunur ki, azadl\u0131qdan m\u0259hrum etm\u0259 c\u0259zas\u0131na m\u0259hkum edilmi\u015f a\u015fa\u011f\u0131dak\u0131 \u015f\u0259xsl\u0259r c\u0259zan\u0131n \u00e7\u0259kilm\u0259mi\u015f hiss\u0259sind\u0259n azad edilsinl\u0259r. S\u0259n\u0259d iki n\u0259f\u0259r h\u0259myerlimiz\u0259 d\u0259 \u015famil olunub. Bel\u0259 ki, Z\u0259rdab rayonunun Xanm\u0259mm\u0259dli k\u0259nd sakini B\u0259\u015firov Ruslan C\u0259lil o\u011flu azadl\u0131\u011fa burax\u0131l\u0131b. Qeyd [&hellip;]\" \/>\n<meta property=\"og:url\" content=\"https:\/\/www.zerdab.com\/?p=1102\" \/>\n<meta property=\"og:site_name\" content=\"Z\u0259rdab.com\" \/>\n<meta property=\"article:published_time\" content=\"2012-03-16T07:17:30+00:00\" \/>\n<meta property=\"og:image\" content=\"http:\/\/www.zerdab.com\/wp-content\/uploads\/2012\/03\/zerdab-amnistiya.jpg\" \/>\n<meta name=\"author\" content=\"admin\" \/>\n<meta name=\"twitter:card\" content=\"summary_large_image\" \/>\n<meta name=\"twitter:label1\" content=\"Written by\" \/>\n\t<meta name=\"twitter:data1\" content=\"admin\" \/>\n\t<meta name=\"twitter:label2\" content=\"Est. reading time\" \/>\n\t<meta name=\"twitter:data2\" content=\"1 minute\" \/>\n<script type=\"application\/ld+json\" class=\"yoast-schema-graph\">{\"@context\":\"https:\/\/schema.org\",\"@graph\":[{\"@type\":\"Article\",\"@id\":\"https:\/\/www.zerdab.com\/?p=1102#article\",\"isPartOf\":{\"@id\":\"https:\/\/www.zerdab.com\/?p=1102\"},\"author\":{\"name\":\"admin\",\"@id\":\"https:\/\/www.zerdab.com\/#\/schema\/person\/97079b7570c1e89ec0d9e138c3672136\"},\"headline\":\"Prezidentin \u0259fv etdiyi 2 h\u0259myerlimiz azadl\u0131\u011fa burax\u0131ld\u0131\",\"datePublished\":\"2012-03-16T07:17:30+00:00\",\"mainEntityOfPage\":{\"@id\":\"https:\/\/www.zerdab.com\/?p=1102\"},\"wordCount\":209,\"commentCount\":0,\"image\":{\"@id\":\"https:\/\/www.zerdab.com\/?p=1102#primaryimage\"},\"thumbnailUrl\":\"http:\/\/www.zerdab.com\/wp-content\/uploads\/2012\/03\/zerdab-amnistiya.jpg\",\"articleSection\":[\"X\u018fB\u018fRL\u018fR\"],\"inLanguage\":\"az\",\"potentialAction\":[{\"@type\":\"CommentAction\",\"name\":\"Comment\",\"target\":[\"https:\/\/www.zerdab.com\/?p=1102#respond\"]}]},{\"@type\":\"WebPage\",\"@id\":\"https:\/\/www.zerdab.com\/?p=1102\",\"url\":\"https:\/\/www.zerdab.com\/?p=1102\",\"name\":\"Prezidentin \u0259fv etdiyi 2 h\u0259myerlimiz azadl\u0131\u011fa burax\u0131ld\u0131 - Z\u0259rdab.com\",\"isPartOf\":{\"@id\":\"https:\/\/www.zerdab.com\/#website\"},\"primaryImageOfPage\":{\"@id\":\"https:\/\/www.zerdab.com\/?p=1102#primaryimage\"},\"image\":{\"@id\":\"https:\/\/www.zerdab.com\/?p=1102#primaryimage\"},\"thumbnailUrl\":\"http:\/\/www.zerdab.com\/wp-content\/uploads\/2012\/03\/zerdab-amnistiya.jpg\",\"datePublished\":\"2012-03-16T07:17:30+00:00\",\"author\":{\"@id\":\"https:\/\/www.zerdab.com\/#\/schema\/person\/97079b7570c1e89ec0d9e138c3672136\"},\"breadcrumb\":{\"@id\":\"https:\/\/www.zerdab.com\/?p=1102#breadcrumb\"},\"inLanguage\":\"az\",\"potentialAction\":[{\"@type\":\"ReadAction\",\"target\":[\"https:\/\/www.zerdab.com\/?p=1102\"]}]},{\"@type\":\"ImageObject\",\"inLanguage\":\"az\",\"@id\":\"https:\/\/www.zerdab.com\/?p=1102#primaryimage\",\"url\":\"http:\/\/www.zerdab.com\/wp-content\/uploads\/2012\/03\/zerdab-amnistiya.jpg\",\"contentUrl\":\"http:\/\/www.zerdab.com\/wp-content\/uploads\/2012\/03\/zerdab-amnistiya.jpg\"},{\"@type\":\"BreadcrumbList\",\"@id\":\"https:\/\/www.zerdab.com\/?p=1102#breadcrumb\",\"itemListElement\":[{\"@type\":\"ListItem\",\"position\":1,\"name\":\"Home\",\"item\":\"https:\/\/www.zerdab.com\/\"},{\"@type\":\"ListItem\",\"position\":2,\"name\":\"Prezidentin \u0259fv etdiyi 2 h\u0259myerlimiz azadl\u0131\u011fa burax\u0131ld\u0131\"}]},{\"@type\":\"WebSite\",\"@id\":\"https:\/\/www.zerdab.com\/#website\",\"url\":\"https:\/\/www.zerdab.com\/\",\"name\":\"Z\u0259rdab.com\",\"description\":\"\",\"potentialAction\":[{\"@type\":\"SearchAction\",\"target\":{\"@type\":\"EntryPoint\",\"urlTemplate\":\"https:\/\/www.zerdab.com\/?s={search_term_string}\"},\"query-input\":{\"@type\":\"PropertyValueSpecification\",\"valueRequired\":true,\"valueName\":\"search_term_string\"}}],\"inLanguage\":\"az\"},{\"@type\":\"Person\",\"@id\":\"https:\/\/www.zerdab.com\/#\/schema\/person\/97079b7570c1e89ec0d9e138c3672136\",\"name\":\"admin\",\"image\":{\"@type\":\"ImageObject\",\"inLanguage\":\"az\",\"@id\":\"https:\/\/www.zerdab.com\/#\/schema\/person\/image\/\",\"url\":\"https:\/\/secure.gravatar.com\/avatar\/d9c52a9a27c32119cb6679a077fa3e2779e5f822c451cbf01098004361d466ec?s=96&d=mm&r=g\",\"contentUrl\":\"https:\/\/secure.gravatar.com\/avatar\/d9c52a9a27c32119cb6679a077fa3e2779e5f822c451cbf01098004361d466ec?s=96&d=mm&r=g\",\"caption\":\"admin\"},\"url\":\"https:\/\/www.zerdab.com\/?author=1\"}]}<\/script>\n<!-- \/ Yoast SEO plugin. -->","yoast_head_json":{"title":"Prezidentin \u0259fv etdiyi 2 h\u0259myerlimiz azadl\u0131\u011fa burax\u0131ld\u0131 - Z\u0259rdab.com","robots":{"index":"index","follow":"follow","max-snippet":"max-snippet:-1","max-image-preview":"max-image-preview:large","max-video-preview":"max-video-preview:-1"},"canonical":"https:\/\/www.zerdab.com\/?p=1102","og_locale":"az_AZ","og_type":"article","og_title":"Prezidentin \u0259fv etdiyi 2 h\u0259myerlimiz azadl\u0131\u011fa burax\u0131ld\u0131 - Z\u0259rdab.com","og_description":"Prezident \u0130lham \u018fliyev m\u0259hkum edilmi\u015f bir s\u0131ra \u015f\u0259xsl\u0259rin \u0259fv olunmas\u0131 haqq\u0131nda s\u0259r\u0259ncam imzalay\u0131b. www.zerdab.com sayt\u0131n\u0131n x\u0259b\u0259rin\u0259 g\u00f6r\u0259, s\u0259r\u0259ncamda qeyd olunur ki, azadl\u0131qdan m\u0259hrum etm\u0259 c\u0259zas\u0131na m\u0259hkum edilmi\u015f a\u015fa\u011f\u0131dak\u0131 \u015f\u0259xsl\u0259r c\u0259zan\u0131n \u00e7\u0259kilm\u0259mi\u015f hiss\u0259sind\u0259n azad edilsinl\u0259r. S\u0259n\u0259d iki n\u0259f\u0259r h\u0259myerlimiz\u0259 d\u0259 \u015famil olunub. Bel\u0259 ki, Z\u0259rdab rayonunun Xanm\u0259mm\u0259dli k\u0259nd sakini B\u0259\u015firov Ruslan C\u0259lil o\u011flu azadl\u0131\u011fa burax\u0131l\u0131b. Qeyd [&hellip;]","og_url":"https:\/\/www.zerdab.com\/?p=1102","og_site_name":"Z\u0259rdab.com","article_published_time":"2012-03-16T07:17:30+00:00","og_image":[{"url":"http:\/\/www.zerdab.com\/wp-content\/uploads\/2012\/03\/zerdab-amnistiya.jpg","type":"","width":"","height":""}],"author":"admin","twitter_card":"summary_large_image","twitter_misc":{"Written by":"admin","Est. reading time":"1 minute"},"schema":{"@context":"https:\/\/schema.org","@graph":[{"@type":"Article","@id":"https:\/\/www.zerdab.com\/?p=1102#article","isPartOf":{"@id":"https:\/\/www.zerdab.com\/?p=1102"},"author":{"name":"admin","@id":"https:\/\/www.zerdab.com\/#\/schema\/person\/97079b7570c1e89ec0d9e138c3672136"},"headline":"Prezidentin \u0259fv etdiyi 2 h\u0259myerlimiz azadl\u0131\u011fa burax\u0131ld\u0131","datePublished":"2012-03-16T07:17:30+00:00","mainEntityOfPage":{"@id":"https:\/\/www.zerdab.com\/?p=1102"},"wordCount":209,"commentCount":0,"image":{"@id":"https:\/\/www.zerdab.com\/?p=1102#primaryimage"},"thumbnailUrl":"http:\/\/www.zerdab.com\/wp-content\/uploads\/2012\/03\/zerdab-amnistiya.jpg","articleSection":["X\u018fB\u018fRL\u018fR"],"inLanguage":"az","potentialAction":[{"@type":"CommentAction","name":"Comment","target":["https:\/\/www.zerdab.com\/?p=1102#respond"]}]},{"@type":"WebPage","@id":"https:\/\/www.zerdab.com\/?p=1102","url":"https:\/\/www.zerdab.com\/?p=1102","name":"Prezidentin \u0259fv etdiyi 2 h\u0259myerlimiz azadl\u0131\u011fa burax\u0131ld\u0131 - Z\u0259rdab.com","isPartOf":{"@id":"https:\/\/www.zerdab.com\/#website"},"primaryImageOfPage":{"@id":"https:\/\/www.zerdab.com\/?p=1102#primaryimage"},"image":{"@id":"https:\/\/www.zerdab.com\/?p=1102#primaryimage"},"thumbnailUrl":"http:\/\/www.zerdab.com\/wp-content\/uploads\/2012\/03\/zerdab-amnistiya.jpg","datePublished":"2012-03-16T07:17:30+00:00","author":{"@id":"https:\/\/www.zerdab.com\/#\/schema\/person\/97079b7570c1e89ec0d9e138c3672136"},"breadcrumb":{"@id":"https:\/\/www.zerdab.com\/?p=1102#breadcrumb"},"inLanguage":"az","potentialAction":[{"@type":"ReadAction","target":["https:\/\/www.zerdab.com\/?p=1102"]}]},{"@type":"ImageObject","inLanguage":"az","@id":"https:\/\/www.zerdab.com\/?p=1102#primaryimage","url":"http:\/\/www.zerdab.com\/wp-content\/uploads\/2012\/03\/zerdab-amnistiya.jpg","contentUrl":"http:\/\/www.zerdab.com\/wp-content\/uploads\/2012\/03\/zerdab-amnistiya.jpg"},{"@type":"BreadcrumbList","@id":"https:\/\/www.zerdab.com\/?p=1102#breadcrumb","itemListElement":[{"@type":"ListItem","position":1,"name":"Home","item":"https:\/\/www.zerdab.com\/"},{"@type":"ListItem","position":2,"name":"Prezidentin \u0259fv etdiyi 2 h\u0259myerlimiz azadl\u0131\u011fa burax\u0131ld\u0131"}]},{"@type":"WebSite","@id":"https:\/\/www.zerdab.com\/#website","url":"https:\/\/www.zerdab.com\/","name":"Z\u0259rdab.com","description":"","potentialAction":[{"@type":"SearchAction","target":{"@type":"EntryPoint","urlTemplate":"https:\/\/www.zerdab.com\/?s={search_term_string}"},"query-input":{"@type":"PropertyValueSpecification","valueRequired":true,"valueName":"search_term_string"}}],"inLanguage":"az"},{"@type":"Person","@id":"https:\/\/www.zerdab.com\/#\/schema\/person\/97079b7570c1e89ec0d9e138c3672136","name":"admin","image":{"@type":"ImageObject","inLanguage":"az","@id":"https:\/\/www.zerdab.com\/#\/schema\/person\/image\/","url":"https:\/\/secure.gravatar.com\/avatar\/d9c52a9a27c32119cb6679a077fa3e2779e5f822c451cbf01098004361d466ec?s=96&d=mm&r=g","contentUrl":"https:\/\/secure.gravatar.com\/avatar\/d9c52a9a27c32119cb6679a077fa3e2779e5f822c451cbf01098004361d466ec?s=96&d=mm&r=g","caption":"admin"},"url":"https:\/\/www.zerdab.com\/?author=1"}]}},"_links":{"self":[{"href":"https:\/\/www.zerdab.com\/index.php?rest_route=\/wp\/v2\/posts\/1102","targetHints":{"allow":["GET"]}}],"collection":[{"href":"https:\/\/www.zerdab.com\/index.php?rest_route=\/wp\/v2\/posts"}],"about":[{"href":"https:\/\/www.zerdab.com\/index.php?rest_route=\/wp\/v2\/types\/post"}],"author":[{"embeddable":true,"href":"https:\/\/www.zerdab.com\/index.php?rest_route=\/wp\/v2\/users\/1"}],"replies":[{"embeddable":true,"href":"https:\/\/www.zerdab.com\/index.php?rest_route=%2Fwp%2Fv2%2Fcomments&post=1102"}],"version-history":[{"count":1,"href":"https:\/\/www.zerdab.com\/index.php?rest_route=\/wp\/v2\/posts\/1102\/revisions"}],"predecessor-version":[{"id":1104,"href":"https:\/\/www.zerdab.com\/index.php?rest_route=\/wp\/v2\/posts\/1102\/revisions\/1104"}],"wp:attachment":[{"href":"https:\/\/www.zerdab.com\/index.php?rest_route=%2Fwp%2Fv2%2Fmedia&parent=1102"}],"wp:term":[{"taxonomy":"category","embeddable":true,"href":"https:\/\/www.zerdab.com\/index.php?rest_route=%2Fwp%2Fv2%2Fcategories&post=1102"},{"taxonomy":"post_tag","embeddable":true,"href":"https:\/\/www.zerdab.com\/index.php?rest_route=%2Fwp%2Fv2%2Ftags&post=1102"}],"curies":[{"name":"wp","href":"https:\/\/api.w.org\/{rel}","templated":true}]}}