{"id":11032,"date":"2013-07-11T12:05:11","date_gmt":"2013-07-11T07:05:11","guid":{"rendered":"http:\/\/www.zerdab.com\/?p=11032"},"modified":"2013-07-11T14:02:56","modified_gmt":"2013-07-11T09:02:56","slug":"jurnalistl%c9%99rin-vi-qurultayi-kecirilir-prezident-t%c9%99brik-m%c9%99ktubu-gond%c9%99rib","status":"publish","type":"post","link":"https:\/\/www.zerdab.com\/?p=11032","title":{"rendered":"Jurnalistl\u0259rin VI qurultay\u0131 ke\u00e7irildi, Prezident\u0259 m\u0259ktub \u00fcnvanland\u0131"},"content":{"rendered":"<div><span style=\"color: #0000ff;\"><strong><img loading=\"lazy\" decoding=\"async\" class=\"aligncenter size-full wp-image-11033\" alt=\"kiv_qurultay_110713_24\" src=\"http:\/\/www.zerdab.com\/wp-content\/uploads\/2013\/07\/kiv_qurultay_110713_24.jpg\" width=\"512\" height=\"340\" \/>Bu g\u00fcn R\u0259\u015fid Behbudov ad\u0131na Mahn\u0131 Teatr\u0131nda Az\u0259rbaycan jurnalistl\u0259rinin VI qurultay\u0131 ke\u00e7irilib. Jurnalistl\u0259rin VI qurultay\u0131n\u0131n i\u015ftirak\u00e7\u0131lar\u0131 ilk \u00f6nc\u0259 F\u0259xri Xiyabanda Heyd\u0259r \u018fliyevin v\u0259 Az\u0259rbaycan milli m\u0259tbuat\u0131n\u0131n banisi H\u0259s\u0259n b\u0259y Z\u0259rdabinin m\u0259zar\u0131n\u0131 ziyar\u0259t edibl\u0259r.<\/strong><\/span><\/div>\n<div><\/div>\n<div>Az\u0259rbaycan prezidenti \u0130lham \u018fliyev Az\u0259rbaycan jurnalistl\u0259rinin VI qurultay\u0131na t\u0259brik m\u0259ktubu g\u00f6nd\u0259rib. \u00a0T\u0259brik m\u0259ktubunu qurultayda Prezident Administrasiyas\u0131 ictimai-siyasi \u015f\u00f6b\u0259sinin m\u00fcdiri \u018fli H\u0259s\u0259nov oxuyub.<\/div>\n<p>T\u0259dbir i\u015ftirak\u00e7\u0131lar\u0131n\u0131 salamlayan \u00f6lk\u0259 ba\u015f\u00e7\u0131s\u0131 onlar\u0131 qurultay m\u00fcnasib\u0259til\u0259 t\u0259brik edib. Qeyd edib ki, Az\u0259rbaycanda siyasi pl\u00fcralizmin t\u0259min edilm\u0259sind\u0259 K\u0130V-in s\u0259rb\u0259st f\u0259aliyy\u0259tin\u0259 \u015f\u0259rait yarad\u0131lmas\u0131 d\u00f6vl\u0259t siyas\u0259tinin \u0259sas istiqam\u0259tl\u0259rind\u0259n birini t\u0259\u015fkil edir: \u201c1993-c\u00fc ild\u0259n sonra \u00f6lk\u0259d\u0259 h\u0259yata ke\u00e7iril\u0259n ard\u0131c\u0131l islahatlar n\u0259tic\u0259sind\u0259 s\u00f6z v\u0259 m\u0259lumat azadl\u0131\u011f\u0131n\u0131 m\u0259hdudla\u015fd\u0131ran \u00a0b\u00fct\u00fcn s\u00fcni mane\u0259l\u0259r aradan qald\u0131r\u0131l\u0131b, K\u0130V-in f\u0259aliyy\u0259tini t\u0259nziml\u0259y\u0259n qanunvericilik beyn\u0259lxalq standartlara uy\u011funla\u015fd\u0131r\u0131l\u0131b v\u0259 milli m\u0259tbuat\u0131n maddi-texniki bazas\u0131 m\u00f6hk\u0259ml\u0259ndirilib. Az\u0259rbaycan jurnalistl\u0259rinin I qurultay\u0131nda m\u0259tbuat\u0131n \u00f6z\u00fcn\u00fct\u0259nziml\u0259m\u0259 orqan\u0131 kimi yarad\u0131lm\u0131\u015f M\u0259tbuat \u015euras\u0131 media-d\u00f6vl\u0259t v\u0259 media-c\u0259miyy\u0259t m\u00fcnasib\u0259tl\u0259rinin m\u00fcasir beyn\u0259lxalq t\u0259cr\u00fcb\u0259y\u0259 uy\u011fun nizamlanmas\u0131nda \u0259h\u0259miyy\u0259tli rol oynay\u0131b. M\u0259tbuat \u015euras\u0131n\u0131n f\u0259aliyy\u0259ti b\u00fct\u00f6vl\u00fckd\u0259 Az\u0259rbaycan jurnalistikas\u0131n\u0131n inki\u015faf\u0131na d\u00f6vl\u0259t orqanlar\u0131 v\u0259t\u0259nda\u015flarla m\u0259tbuat aras\u0131ndak\u0131 m\u00fcnasib\u0259tl\u0259rin t\u0259nziml\u0259nm\u0259sin\u0259, jurnalistl\u0259rin pe\u015f\u0259karl\u0131\u011f\u0131n\u0131n g\u00fccl\u0259nm\u0259sin\u0259, s\u00f6z v\u0259 m\u0259lumat azadl\u0131\u011f\u0131ndan sui-istifad\u0259 hallar\u0131n\u0131n qar\u015f\u0131s\u0131n\u0131n al\u0131nmas\u0131na xidm\u0259t g\u00f6st\u0259rir\u201d.<\/p>\n<p>Daha sonra prezident bildirib ki, bu g\u00fcn \u00f6lk\u0259mizin artan imkanlar\u0131 K\u0130V-in, o c\u00fcml\u0259d\u0259n milli m\u0259tbuat\u0131m\u0131z\u0131n inki\u015faf\u0131 \u00fc\u00e7\u00fcn kompleks t\u0259dbirl\u0259rin h\u0259yata ke\u00e7irilm\u0259sin\u0259 \u015f\u0259rait yarad\u0131r: \u201cAz\u0259rbaycan h\u00f6kum\u0259ti redaksiyalar\u0131n maddi-texniki bazas\u0131n\u0131n m\u00f6hk\u0259ml\u0259ndirilm\u0259si, jurnalistl\u0259rin sosial-m\u00fcdafi\u0259sinin t\u0259min edilm\u0259si v\u0259 dig\u0259r istiqam\u0259tl\u0259r \u00fczr\u0259 ard\u0131c\u0131l t\u0259dbirl\u0259r h\u0259yata ke\u00e7irir. K\u0130V-\u0259 d\u00f6vl\u0259t d\u0259st\u0259yinin \u0259sas m\u0259qs\u0259di m\u00fcst\u0259qil, pe\u015f\u0259kar, r\u0259qab\u0259t\u0259davaml\u0131, eyni zamanda milli \u015f\u00fcur v\u0259 v\u0259t\u0259np\u0259rv\u0259rlik prinsipl\u0259rin\u0259 d\u00f6nm\u0259d\u0259n \u0259m\u0259l ed\u0259n media resurslar\u0131n\u0131n formala\u015fd\u0131r\u0131lmas\u0131d\u0131r. Qlobal informasiya m\u0259kan\u0131n\u0131n beyn\u0259lxalq ictimai r\u0259y\u0259 t\u0259sirinin g\u00fccl\u0259ndiyi m\u00fcasir d\u00f6vrd\u0259 m\u0259tbuat\u0131m\u0131z Az\u0259rbaycan xalq\u0131n\u0131n maraqlar\u0131n\u0131 daim \u00a0m\u00fcdafi\u0259 etm\u0259li, c\u0259miyy\u0259timizin t\u0259r\u0259qqisin\u0259, d\u00f6vl\u0259timizin n\u00fcfuzunun g\u00fccl\u0259nm\u0259sin\u0259 \u00f6z t\u00f6hf\u0259sini \u0259sirg\u0259m\u0259m\u0259lidir. \u00dcmidvaram ki, qurultayda q\u0259bul olunacaq q\u0259rarlar Az\u0259rbaycan jurnalistikas\u0131na \u00f6lk\u0259 daxilind\u0259 v\u0259 xarici al\u0259md\u0259 \u00f6z missiyas\u0131n\u0131 daha y\u00fcks\u0259k s\u0259viyy\u0259d\u0259 davam etdirm\u0259y\u0259 \u015f\u0259rait yaradacaq, milli m\u0259tbuat\u0131m\u0131z\u0131n inki\u015faf\u0131na m\u00fcsb\u0259t t\u0259sir g\u00f6st\u0259r\u0259c\u0259k\u201d.<\/p>\n<p><strong><span style=\"color: #ff0000;\">13: 57<\/span>\u00a0Az\u0259rbaycan jurnalistl\u0259rinin VI qurultay\u0131nda M\u0259tbuat \u015euras\u0131na s\u0259dr se\u00e7ilib.\u00a0<\/strong>\u018fflatun Ama\u015fov a\u00e7\u0131qm s\u0259sverm\u0259 il\u0259 yekdillikl\u0259 \u015furan\u0131n yenid\u0259n s\u0259dri se\u00e7ilib. Qurultayda h\u0259m\u00e7inin gizli s\u0259s verm\u0259 il\u0259 \u0130dar\u0259 Hey\u0259tinin \u00fczvl\u0259ri d\u0259 se\u00e7ilib. 240 s\u0259sd\u0259n 6-s\u0131 etibars\u0131z hesab olunub. \u018fflatun Ama\u015fov, V\u00fcqar R\u0259himzad\u0259, Umud Mirz\u0259yev, R\u0259\u015fad M\u0259cid, B\u0259xtiyar Sad\u0131qov, Tapd\u0131q Abbasov, Ayd\u0131n Quliyev, Rauf Arifo\u011flu v\u0259 Akif A\u015f\u0131rl\u0131 \u0130dar\u0259 Hey\u0259tinin \u00fczvl\u0259ri se\u00e7ilib.\u00a0V\u00fcqar S\u0259f\u0259rli, Aqil Abbas, M\u00fc\u015ffiq \u018fl\u0259sg\u0259rli, Cavan\u015fir Feyziyev, \u015eamil V\u0259liyev v\u0259 Musa Qas\u0131ml\u0131 is\u0259 \u0130dar\u0259 Hey\u0259tinin ictimaiyy\u0259td\u0259n olan n\u00fcmay\u0259nd\u0259l\u0259ri se\u00e7ilib.<\/p>\n<p>\u0130nternet media n\u00fcmay\u0259nd\u0259l\u0259rind\u0259n Rasim \u018fliquliyev, V\u00fcsal\u0259 Mahirq\u0131z\u0131 v\u0259 Az\u0259r H\u0259sr\u0259t, ehtiyatda olan \u00fczv kimi is\u0259 Sevda H\u0259midova \u0130dar\u0259 Hey\u0259tin\u0259 se\u00e7ilib.<\/p>\n<p><strong><span style=\"color: #ff0000;\">14: 00\u00a0<\/span>Az\u0259rbaycan Jurnalistl\u0259rinin VI Qurultay\u0131n\u0131n i\u015ftirak\u00e7\u0131lar\u0131 prezident \u0130lham \u018fliyev\u0259 m\u0259ktub \u00fcnvanlay\u0131b. M\u0259ktubda deyilir:\u00a0<\/strong>\u201cM\u00f6ht\u0259r\u0259m c\u0259nab Prezident, Az\u0259rbaycanda mediaya g\u00f6st\u0259ril\u0259n b\u00f6y\u00fck diqq\u0259t v\u0259 qay\u011f\u0131 \u0259sas\u0131 \u00fcmummilli liderimiz Heyd\u0259r \u018fliyev t\u0259r\u0259find\u0259n qoyulan v\u0259 Sizin u\u011furla h\u0259yata ke\u00e7irdiyiniz \u00e7ox\u015fax\u0259li siyasi kursun m\u00fch\u00fcm t\u0259rkib hiss\u0259si kimi jurnalist ictimaiyy\u0259ti t\u0259r\u0259find\u0259n d\u0259rin r\u0259\u011fb\u0259t hissi il\u0259 qar\u015f\u0131lanmaqdad\u0131r. K\u00fctl\u0259vi informasiya vasit\u0259l\u0259rimizin maddi-texniki bazas\u0131n\u0131n m\u00f6hk\u0259ml\u0259ndirilm\u0259sin\u0259, m\u00fcst\u0259qillikl\u0259rinin geni\u015fl\u0259ndirilm\u0259sin\u0259, onlar\u0131n ictimai h\u0259yat\u0131n m\u00fcxt\u0259lif sah\u0259l\u0259rin\u0259 dair t\u0259\u015f\u0259bb\u00fcsl\u0259rinin d\u0259st\u0259kl\u0259nm\u0259sin\u0259, jurnalistl\u0259rin sosial \u015f\u0259raitl\u0259rinin yax\u015f\u0131la\u015fd\u0131r\u0131lmas\u0131na v\u0259 sair bu kimi v\u0259zif\u0259l\u0259rin ger\u00e7\u0259kl\u0259\u015fm\u0259sin\u0259 y\u00f6n\u0259l\u0259n t\u0259dbirl\u0259r etibarl\u0131 media m\u00fchitin\u0259 sahib oldu\u011fumuzu t\u0259sdiql\u0259yir. Bu g\u00fcn Az\u0259rbaycanda dinamik sah\u0259 olan media il\u0259 ba\u011fl\u0131 m\u00fch\u00fcm konfrans v\u0259 seminarlar\u0131n d\u00fcz\u0259nl\u0259nm\u0259si \u00f6lk\u0259mizin beyn\u0259lxalq imicinin d\u0259 y\u00fcks\u0259lm\u0259sin\u0259 xidm\u0259t edir.<\/p>\n<p>Jurnalistl\u0259r \u00f6zl\u0259rinin fikir v\u0259 d\u00fc\u015f\u00fcnc\u0259l\u0259rini s\u0259rb\u0259st \u015f\u0259kild\u0259 b\u00f6l\u00fc\u015f\u00fcr, arzu v\u0259 ist\u0259kl\u0259rini ifad\u0259 ed\u0259n t\u0259\u015f\u0259bb\u00fcsl\u0259r ir\u0259li s\u00fcr\u00fcrl\u0259r. Media il\u0259 hakimiyy\u0259t aras\u0131nda m\u00f6vcud dialoq m\u00fchitinin formala\u015fmas\u0131 Sizin mediaya h\u0259ssas m\u00fcnasib\u0259tinizd\u0259n qaynaqlan\u0131r. Bu h\u0259ssasl\u0131\u011f\u0131n n\u00f6vb\u0259ti n\u00fcmun\u0259sinin a\u011f\u0131r x\u0259st\u0259liy\u0259 d\u00fc\u00e7ar olmu\u015f h\u0259mkar\u0131m\u0131z Nicat Da\u011flara \u015famil olunmas\u0131na dair ald\u0131\u011f\u0131m\u0131z x\u0259b\u0259r bizl\u0259ri \u00fcr\u0259kd\u0259n sevindirdi.<\/p>\n<p>M\u00f6ht\u0259r\u0259m C\u0259nab Prezident, Az\u0259rbaycan jurnalistl\u0259rinin VI qurultay\u0131na \u00fcnvanlad\u0131\u011f\u0131n\u0131z t\u0259brik m\u0259ktubunda ifad\u0259sini tapan istiqam\u0259tl\u0259rin h\u0259r biri bizim \u00fc\u00e7\u00fcn b\u00f6y\u00fck etimad n\u00fcmun\u0259sidir. Siz\u0259 bir daha Az\u0259rbaycan jurnalistl\u0259rinin ali m\u0259clisinin timsal\u0131nda \u00fcmumilikd\u0259 \u00f6lk\u0259 jurnalistikas\u0131na h\u0259ssas yana\u015fd\u0131\u011f\u0131n\u0131za g\u00f6r\u0259 d\u0259rin t\u0259\u015f\u0259kk\u00fcr\u00fcm\u00fcz\u00fc bildirir, V\u0259t\u0259nimiz Az\u0259rbaycan\u0131n daha da \u00e7i\u00e7\u0259kl\u0259nm\u0259sin\u0259 y\u00f6n\u0259l\u0259n yorulmaq bilm\u0259y\u0259n f\u0259aliyy\u0259tinizd\u0259 yeni-yeni m\u00fcv\u0259ff\u0259qiyy\u0259tl\u0259r arzulay\u0131r\u0131q\u201d.<\/p>\n<p><strong style=\"color: #ff0000;\">Zerdab.com<\/strong><\/p>\n","protected":false},"excerpt":{"rendered":"<p>Bu g\u00fcn R\u0259\u015fid Behbudov ad\u0131na Mahn\u0131 Teatr\u0131nda Az\u0259rbaycan jurnalistl\u0259rinin VI qurultay\u0131 ke\u00e7irilib. Jurnalistl\u0259rin VI qurultay\u0131n\u0131n i\u015ftirak\u00e7\u0131lar\u0131 ilk \u00f6nc\u0259 F\u0259xri Xiyabanda Heyd\u0259r \u018fliyevin v\u0259 Az\u0259rbaycan milli m\u0259tbuat\u0131n\u0131n banisi H\u0259s\u0259n b\u0259y Z\u0259rdabinin m\u0259zar\u0131n\u0131 ziyar\u0259t edibl\u0259r. Az\u0259rbaycan prezidenti \u0130lham \u018fliyev Az\u0259rbaycan jurnalistl\u0259rinin VI qurultay\u0131na t\u0259brik m\u0259ktubu g\u00f6nd\u0259rib. \u00a0T\u0259brik m\u0259ktubunu qurultayda Prezident Administrasiyas\u0131 ictimai-siyasi \u015f\u00f6b\u0259sinin m\u00fcdiri \u018fli H\u0259s\u0259nov oxuyub. [&hellip;]<\/p>\n","protected":false},"author":1,"featured_media":0,"comment_status":"open","ping_status":"open","sticky":false,"template":"","format":"standard","meta":{"footnotes":""},"categories":[5],"tags":[],"class_list":{"0":"post-11032","1":"post","2":"type-post","3":"status-publish","4":"format-standard","6":"category-knd"},"yoast_head":"<!-- This site is optimized with the Yoast SEO plugin v27.0 - https:\/\/yoast.com\/product\/yoast-seo-wordpress\/ -->\n<title>Jurnalistl\u0259rin VI qurultay\u0131 ke\u00e7irildi, Prezident\u0259 m\u0259ktub \u00fcnvanland\u0131 - Z\u0259rdab.com<\/title>\n<meta name=\"robots\" content=\"index, follow, max-snippet:-1, max-image-preview:large, max-video-preview:-1\" \/>\n<link rel=\"canonical\" href=\"https:\/\/www.zerdab.com\/?p=11032\" \/>\n<meta property=\"og:locale\" content=\"az_AZ\" \/>\n<meta property=\"og:type\" content=\"article\" \/>\n<meta property=\"og:title\" content=\"Jurnalistl\u0259rin VI qurultay\u0131 ke\u00e7irildi, Prezident\u0259 m\u0259ktub \u00fcnvanland\u0131 - Z\u0259rdab.com\" \/>\n<meta property=\"og:description\" content=\"Bu g\u00fcn R\u0259\u015fid Behbudov ad\u0131na Mahn\u0131 Teatr\u0131nda Az\u0259rbaycan jurnalistl\u0259rinin VI qurultay\u0131 ke\u00e7irilib. Jurnalistl\u0259rin VI qurultay\u0131n\u0131n i\u015ftirak\u00e7\u0131lar\u0131 ilk \u00f6nc\u0259 F\u0259xri Xiyabanda Heyd\u0259r \u018fliyevin v\u0259 Az\u0259rbaycan milli m\u0259tbuat\u0131n\u0131n banisi H\u0259s\u0259n b\u0259y Z\u0259rdabinin m\u0259zar\u0131n\u0131 ziyar\u0259t edibl\u0259r. Az\u0259rbaycan prezidenti \u0130lham \u018fliyev Az\u0259rbaycan jurnalistl\u0259rinin VI qurultay\u0131na t\u0259brik m\u0259ktubu g\u00f6nd\u0259rib. \u00a0T\u0259brik m\u0259ktubunu qurultayda Prezident Administrasiyas\u0131 ictimai-siyasi \u015f\u00f6b\u0259sinin m\u00fcdiri \u018fli H\u0259s\u0259nov oxuyub. [&hellip;]\" \/>\n<meta property=\"og:url\" content=\"https:\/\/www.zerdab.com\/?p=11032\" \/>\n<meta property=\"og:site_name\" content=\"Z\u0259rdab.com\" \/>\n<meta property=\"article:published_time\" content=\"2013-07-11T07:05:11+00:00\" \/>\n<meta property=\"article:modified_time\" content=\"2013-07-11T09:02:56+00:00\" \/>\n<meta property=\"og:image\" content=\"http:\/\/www.zerdab.com\/wp-content\/uploads\/2013\/07\/kiv_qurultay_110713_24.jpg\" \/>\n<meta name=\"author\" content=\"admin\" \/>\n<meta name=\"twitter:card\" content=\"summary_large_image\" \/>\n<meta name=\"twitter:label1\" content=\"Written by\" \/>\n\t<meta name=\"twitter:data1\" content=\"admin\" \/>\n\t<meta name=\"twitter:label2\" content=\"Est. reading time\" \/>\n\t<meta name=\"twitter:data2\" content=\"6 minutes\" \/>\n<script type=\"application\/ld+json\" class=\"yoast-schema-graph\">{\"@context\":\"https:\/\/schema.org\",\"@graph\":[{\"@type\":\"Article\",\"@id\":\"https:\/\/www.zerdab.com\/?p=11032#article\",\"isPartOf\":{\"@id\":\"https:\/\/www.zerdab.com\/?p=11032\"},\"author\":{\"name\":\"admin\",\"@id\":\"https:\/\/www.zerdab.com\/#\/schema\/person\/97079b7570c1e89ec0d9e138c3672136\"},\"headline\":\"Jurnalistl\u0259rin VI qurultay\u0131 ke\u00e7irildi, Prezident\u0259 m\u0259ktub \u00fcnvanland\u0131\",\"datePublished\":\"2013-07-11T07:05:11+00:00\",\"dateModified\":\"2013-07-11T09:02:56+00:00\",\"mainEntityOfPage\":{\"@id\":\"https:\/\/www.zerdab.com\/?p=11032\"},\"wordCount\":1184,\"commentCount\":1,\"image\":{\"@id\":\"https:\/\/www.zerdab.com\/?p=11032#primaryimage\"},\"thumbnailUrl\":\"http:\/\/www.zerdab.com\/wp-content\/uploads\/2013\/07\/kiv_qurultay_110713_24.jpg\",\"articleSection\":[\"X\u018fB\u018fRL\u018fR\"],\"inLanguage\":\"az\",\"potentialAction\":[{\"@type\":\"CommentAction\",\"name\":\"Comment\",\"target\":[\"https:\/\/www.zerdab.com\/?p=11032#respond\"]}]},{\"@type\":\"WebPage\",\"@id\":\"https:\/\/www.zerdab.com\/?p=11032\",\"url\":\"https:\/\/www.zerdab.com\/?p=11032\",\"name\":\"Jurnalistl\u0259rin VI qurultay\u0131 ke\u00e7irildi, Prezident\u0259 m\u0259ktub \u00fcnvanland\u0131 - Z\u0259rdab.com\",\"isPartOf\":{\"@id\":\"https:\/\/www.zerdab.com\/#website\"},\"primaryImageOfPage\":{\"@id\":\"https:\/\/www.zerdab.com\/?p=11032#primaryimage\"},\"image\":{\"@id\":\"https:\/\/www.zerdab.com\/?p=11032#primaryimage\"},\"thumbnailUrl\":\"http:\/\/www.zerdab.com\/wp-content\/uploads\/2013\/07\/kiv_qurultay_110713_24.jpg\",\"datePublished\":\"2013-07-11T07:05:11+00:00\",\"dateModified\":\"2013-07-11T09:02:56+00:00\",\"author\":{\"@id\":\"https:\/\/www.zerdab.com\/#\/schema\/person\/97079b7570c1e89ec0d9e138c3672136\"},\"breadcrumb\":{\"@id\":\"https:\/\/www.zerdab.com\/?p=11032#breadcrumb\"},\"inLanguage\":\"az\",\"potentialAction\":[{\"@type\":\"ReadAction\",\"target\":[\"https:\/\/www.zerdab.com\/?p=11032\"]}]},{\"@type\":\"ImageObject\",\"inLanguage\":\"az\",\"@id\":\"https:\/\/www.zerdab.com\/?p=11032#primaryimage\",\"url\":\"\",\"contentUrl\":\"\"},{\"@type\":\"BreadcrumbList\",\"@id\":\"https:\/\/www.zerdab.com\/?p=11032#breadcrumb\",\"itemListElement\":[{\"@type\":\"ListItem\",\"position\":1,\"name\":\"Home\",\"item\":\"https:\/\/www.zerdab.com\/\"},{\"@type\":\"ListItem\",\"position\":2,\"name\":\"Jurnalistl\u0259rin VI qurultay\u0131 ke\u00e7irildi, Prezident\u0259 m\u0259ktub \u00fcnvanland\u0131\"}]},{\"@type\":\"WebSite\",\"@id\":\"https:\/\/www.zerdab.com\/#website\",\"url\":\"https:\/\/www.zerdab.com\/\",\"name\":\"Z\u0259rdab.com\",\"description\":\"\",\"potentialAction\":[{\"@type\":\"SearchAction\",\"target\":{\"@type\":\"EntryPoint\",\"urlTemplate\":\"https:\/\/www.zerdab.com\/?s={search_term_string}\"},\"query-input\":{\"@type\":\"PropertyValueSpecification\",\"valueRequired\":true,\"valueName\":\"search_term_string\"}}],\"inLanguage\":\"az\"},{\"@type\":\"Person\",\"@id\":\"https:\/\/www.zerdab.com\/#\/schema\/person\/97079b7570c1e89ec0d9e138c3672136\",\"name\":\"admin\",\"image\":{\"@type\":\"ImageObject\",\"inLanguage\":\"az\",\"@id\":\"https:\/\/www.zerdab.com\/#\/schema\/person\/image\/\",\"url\":\"https:\/\/secure.gravatar.com\/avatar\/d9c52a9a27c32119cb6679a077fa3e2779e5f822c451cbf01098004361d466ec?s=96&d=mm&r=g\",\"contentUrl\":\"https:\/\/secure.gravatar.com\/avatar\/d9c52a9a27c32119cb6679a077fa3e2779e5f822c451cbf01098004361d466ec?s=96&d=mm&r=g\",\"caption\":\"admin\"},\"url\":\"https:\/\/www.zerdab.com\/?author=1\"}]}<\/script>\n<!-- \/ Yoast SEO plugin. -->","yoast_head_json":{"title":"Jurnalistl\u0259rin VI qurultay\u0131 ke\u00e7irildi, Prezident\u0259 m\u0259ktub \u00fcnvanland\u0131 - Z\u0259rdab.com","robots":{"index":"index","follow":"follow","max-snippet":"max-snippet:-1","max-image-preview":"max-image-preview:large","max-video-preview":"max-video-preview:-1"},"canonical":"https:\/\/www.zerdab.com\/?p=11032","og_locale":"az_AZ","og_type":"article","og_title":"Jurnalistl\u0259rin VI qurultay\u0131 ke\u00e7irildi, Prezident\u0259 m\u0259ktub \u00fcnvanland\u0131 - Z\u0259rdab.com","og_description":"Bu g\u00fcn R\u0259\u015fid Behbudov ad\u0131na Mahn\u0131 Teatr\u0131nda Az\u0259rbaycan jurnalistl\u0259rinin VI qurultay\u0131 ke\u00e7irilib. Jurnalistl\u0259rin VI qurultay\u0131n\u0131n i\u015ftirak\u00e7\u0131lar\u0131 ilk \u00f6nc\u0259 F\u0259xri Xiyabanda Heyd\u0259r \u018fliyevin v\u0259 Az\u0259rbaycan milli m\u0259tbuat\u0131n\u0131n banisi H\u0259s\u0259n b\u0259y Z\u0259rdabinin m\u0259zar\u0131n\u0131 ziyar\u0259t edibl\u0259r. Az\u0259rbaycan prezidenti \u0130lham \u018fliyev Az\u0259rbaycan jurnalistl\u0259rinin VI qurultay\u0131na t\u0259brik m\u0259ktubu g\u00f6nd\u0259rib. \u00a0T\u0259brik m\u0259ktubunu qurultayda Prezident Administrasiyas\u0131 ictimai-siyasi \u015f\u00f6b\u0259sinin m\u00fcdiri \u018fli H\u0259s\u0259nov oxuyub. [&hellip;]","og_url":"https:\/\/www.zerdab.com\/?p=11032","og_site_name":"Z\u0259rdab.com","article_published_time":"2013-07-11T07:05:11+00:00","article_modified_time":"2013-07-11T09:02:56+00:00","og_image":[{"url":"http:\/\/www.zerdab.com\/wp-content\/uploads\/2013\/07\/kiv_qurultay_110713_24.jpg","type":"","width":"","height":""}],"author":"admin","twitter_card":"summary_large_image","twitter_misc":{"Written by":"admin","Est. reading time":"6 minutes"},"schema":{"@context":"https:\/\/schema.org","@graph":[{"@type":"Article","@id":"https:\/\/www.zerdab.com\/?p=11032#article","isPartOf":{"@id":"https:\/\/www.zerdab.com\/?p=11032"},"author":{"name":"admin","@id":"https:\/\/www.zerdab.com\/#\/schema\/person\/97079b7570c1e89ec0d9e138c3672136"},"headline":"Jurnalistl\u0259rin VI qurultay\u0131 ke\u00e7irildi, Prezident\u0259 m\u0259ktub \u00fcnvanland\u0131","datePublished":"2013-07-11T07:05:11+00:00","dateModified":"2013-07-11T09:02:56+00:00","mainEntityOfPage":{"@id":"https:\/\/www.zerdab.com\/?p=11032"},"wordCount":1184,"commentCount":1,"image":{"@id":"https:\/\/www.zerdab.com\/?p=11032#primaryimage"},"thumbnailUrl":"http:\/\/www.zerdab.com\/wp-content\/uploads\/2013\/07\/kiv_qurultay_110713_24.jpg","articleSection":["X\u018fB\u018fRL\u018fR"],"inLanguage":"az","potentialAction":[{"@type":"CommentAction","name":"Comment","target":["https:\/\/www.zerdab.com\/?p=11032#respond"]}]},{"@type":"WebPage","@id":"https:\/\/www.zerdab.com\/?p=11032","url":"https:\/\/www.zerdab.com\/?p=11032","name":"Jurnalistl\u0259rin VI qurultay\u0131 ke\u00e7irildi, Prezident\u0259 m\u0259ktub \u00fcnvanland\u0131 - Z\u0259rdab.com","isPartOf":{"@id":"https:\/\/www.zerdab.com\/#website"},"primaryImageOfPage":{"@id":"https:\/\/www.zerdab.com\/?p=11032#primaryimage"},"image":{"@id":"https:\/\/www.zerdab.com\/?p=11032#primaryimage"},"thumbnailUrl":"http:\/\/www.zerdab.com\/wp-content\/uploads\/2013\/07\/kiv_qurultay_110713_24.jpg","datePublished":"2013-07-11T07:05:11+00:00","dateModified":"2013-07-11T09:02:56+00:00","author":{"@id":"https:\/\/www.zerdab.com\/#\/schema\/person\/97079b7570c1e89ec0d9e138c3672136"},"breadcrumb":{"@id":"https:\/\/www.zerdab.com\/?p=11032#breadcrumb"},"inLanguage":"az","potentialAction":[{"@type":"ReadAction","target":["https:\/\/www.zerdab.com\/?p=11032"]}]},{"@type":"ImageObject","inLanguage":"az","@id":"https:\/\/www.zerdab.com\/?p=11032#primaryimage","url":"","contentUrl":""},{"@type":"BreadcrumbList","@id":"https:\/\/www.zerdab.com\/?p=11032#breadcrumb","itemListElement":[{"@type":"ListItem","position":1,"name":"Home","item":"https:\/\/www.zerdab.com\/"},{"@type":"ListItem","position":2,"name":"Jurnalistl\u0259rin VI qurultay\u0131 ke\u00e7irildi, Prezident\u0259 m\u0259ktub \u00fcnvanland\u0131"}]},{"@type":"WebSite","@id":"https:\/\/www.zerdab.com\/#website","url":"https:\/\/www.zerdab.com\/","name":"Z\u0259rdab.com","description":"","potentialAction":[{"@type":"SearchAction","target":{"@type":"EntryPoint","urlTemplate":"https:\/\/www.zerdab.com\/?s={search_term_string}"},"query-input":{"@type":"PropertyValueSpecification","valueRequired":true,"valueName":"search_term_string"}}],"inLanguage":"az"},{"@type":"Person","@id":"https:\/\/www.zerdab.com\/#\/schema\/person\/97079b7570c1e89ec0d9e138c3672136","name":"admin","image":{"@type":"ImageObject","inLanguage":"az","@id":"https:\/\/www.zerdab.com\/#\/schema\/person\/image\/","url":"https:\/\/secure.gravatar.com\/avatar\/d9c52a9a27c32119cb6679a077fa3e2779e5f822c451cbf01098004361d466ec?s=96&d=mm&r=g","contentUrl":"https:\/\/secure.gravatar.com\/avatar\/d9c52a9a27c32119cb6679a077fa3e2779e5f822c451cbf01098004361d466ec?s=96&d=mm&r=g","caption":"admin"},"url":"https:\/\/www.zerdab.com\/?author=1"}]}},"_links":{"self":[{"href":"https:\/\/www.zerdab.com\/index.php?rest_route=\/wp\/v2\/posts\/11032","targetHints":{"allow":["GET"]}}],"collection":[{"href":"https:\/\/www.zerdab.com\/index.php?rest_route=\/wp\/v2\/posts"}],"about":[{"href":"https:\/\/www.zerdab.com\/index.php?rest_route=\/wp\/v2\/types\/post"}],"author":[{"embeddable":true,"href":"https:\/\/www.zerdab.com\/index.php?rest_route=\/wp\/v2\/users\/1"}],"replies":[{"embeddable":true,"href":"https:\/\/www.zerdab.com\/index.php?rest_route=%2Fwp%2Fv2%2Fcomments&post=11032"}],"version-history":[{"count":7,"href":"https:\/\/www.zerdab.com\/index.php?rest_route=\/wp\/v2\/posts\/11032\/revisions"}],"predecessor-version":[{"id":11035,"href":"https:\/\/www.zerdab.com\/index.php?rest_route=\/wp\/v2\/posts\/11032\/revisions\/11035"}],"wp:attachment":[{"href":"https:\/\/www.zerdab.com\/index.php?rest_route=%2Fwp%2Fv2%2Fmedia&parent=11032"}],"wp:term":[{"taxonomy":"category","embeddable":true,"href":"https:\/\/www.zerdab.com\/index.php?rest_route=%2Fwp%2Fv2%2Fcategories&post=11032"},{"taxonomy":"post_tag","embeddable":true,"href":"https:\/\/www.zerdab.com\/index.php?rest_route=%2Fwp%2Fv2%2Ftags&post=11032"}],"curies":[{"name":"wp","href":"https:\/\/api.w.org\/{rel}","templated":true}]}}