{"id":11085,"date":"2013-07-13T11:32:26","date_gmt":"2013-07-13T06:32:26","guid":{"rendered":"http:\/\/www.zerdab.com\/?p=11085"},"modified":"2013-07-13T11:32:26","modified_gmt":"2013-07-13T06:32:26","slug":"t%c9%99hsil-naziri-il%c9%99-gorusm%c9%99k-ist%c9%99yirsiniz","status":"publish","type":"post","link":"https:\/\/www.zerdab.com\/?p=11085","title":{"rendered":"T\u0259hsil naziri il\u0259 g\u00f6r\u00fc\u015fm\u0259k ist\u0259yirsiniz?"},"content":{"rendered":"<figure id=\"attachment_11086\" aria-describedby=\"caption-attachment-11086\" style=\"width: 400px\" class=\"wp-caption aligncenter\"><img loading=\"lazy\" decoding=\"async\" class=\"size-full wp-image-11086\" alt=\"T\u0259hsil naziri Mikayil Cabbarov\" src=\"http:\/\/www.zerdab.com\/wp-content\/uploads\/2013\/07\/T\u0259hsil-naziri-mikayil-cabbarov.jpg\" width=\"400\" height=\"326\" \/><figcaption id=\"caption-attachment-11086\" class=\"wp-caption-text\"><span style=\"color: #0000ff;\"><strong>T\u0259hsil naziri Mikayil Cabbarov<\/strong><\/span><\/figcaption><\/figure>\n<p>\u0130yulun 19-da\u00a0saat 11:00-da t\u0259hsil\u00a0naziri Mikay\u0131l Cabbarov Yevlax \u015f\u0259h\u0259rind\u0259ki Heyd\u0259r \u018fliyev M\u0259rk\u0259zind\u0259 Yevlax, Z\u0259rdab, A\u011fda\u015f, A\u011fcab\u0259di, B\u0259rd\u0259, Beyl\u0259qan, G\u00f6y\u00e7ay, Ucar rayonlar\u0131nda v\u0259 Ming\u0259\u00e7evir \u015f\u0259h\u0259rind\u0259 ya\u015fayan v\u0259t\u0259nda\u015flar\u0131 q\u0259bul ed\u0259c\u0259k. Nazirlikd\u0259n veril\u0259n x\u0259b\u0259r\u0259 g\u00f6r\u0259, g\u00f6r\u00fc\u015f m\u0259rk\u0259zi icra hakimiyy\u0259ti orqanlar\u0131 r\u0259hb\u0259rl\u0259rinin 2013-c\u00fc ilin iyul ay\u0131nda \u015f\u0259h\u0259r v\u0259 rayonlarda v\u0259t\u0259nda\u015flar\u0131n q\u0259bulu c\u0259dv\u0259lin\u0259 uy\u011fun olaraq ke\u00e7iril\u0259c\u0259k. <strong>Q\u0259bula g\u0259lm\u0259k ist\u0259y\u0259n v\u0259t\u0259nda\u015flar T\u0259hsil Nazirliyinin \u201cQaynar x\u0259tt\u201d xidm\u0259tinin 146 n\u00f6mr\u0259li telefonuna v\u0259 ya\u00a0<a href=\"mailto:office@edu.gov.az\">office@edu.gov.az<\/a>\u00a0elektron po\u00e7t \u00fcnvan\u0131na m\u00fcraci\u0259t ed\u0259r\u0259k qeydiyyatdan ke\u00e7\u0259 bil\u0259rl\u0259r.<\/strong><\/p>\n","protected":false},"excerpt":{"rendered":"<p>\u0130yulun 19-da\u00a0saat 11:00-da t\u0259hsil\u00a0naziri Mikay\u0131l Cabbarov Yevlax \u015f\u0259h\u0259rind\u0259ki Heyd\u0259r \u018fliyev M\u0259rk\u0259zind\u0259 Yevlax, Z\u0259rdab, A\u011fda\u015f, A\u011fcab\u0259di, B\u0259rd\u0259, Beyl\u0259qan, G\u00f6y\u00e7ay, Ucar rayonlar\u0131nda v\u0259 Ming\u0259\u00e7evir \u015f\u0259h\u0259rind\u0259 ya\u015fayan v\u0259t\u0259nda\u015flar\u0131 q\u0259bul ed\u0259c\u0259k. Nazirlikd\u0259n veril\u0259n x\u0259b\u0259r\u0259 g\u00f6r\u0259, g\u00f6r\u00fc\u015f m\u0259rk\u0259zi icra hakimiyy\u0259ti orqanlar\u0131 r\u0259hb\u0259rl\u0259rinin 2013-c\u00fc ilin iyul ay\u0131nda \u015f\u0259h\u0259r v\u0259 rayonlarda v\u0259t\u0259nda\u015flar\u0131n q\u0259bulu c\u0259dv\u0259lin\u0259 uy\u011fun olaraq ke\u00e7iril\u0259c\u0259k. Q\u0259bula g\u0259lm\u0259k ist\u0259y\u0259n v\u0259t\u0259nda\u015flar T\u0259hsil [&hellip;]<\/p>\n","protected":false},"author":1,"featured_media":0,"comment_status":"open","ping_status":"open","sticky":false,"template":"","format":"standard","meta":{"footnotes":""},"categories":[5],"tags":[],"class_list":{"0":"post-11085","1":"post","2":"type-post","3":"status-publish","4":"format-standard","6":"category-knd"},"yoast_head":"<!-- This site is optimized with the Yoast SEO plugin v27.0 - https:\/\/yoast.com\/product\/yoast-seo-wordpress\/ -->\n<title>T\u0259hsil naziri il\u0259 g\u00f6r\u00fc\u015fm\u0259k ist\u0259yirsiniz? - Z\u0259rdab.com<\/title>\n<meta name=\"robots\" content=\"index, follow, max-snippet:-1, max-image-preview:large, max-video-preview:-1\" \/>\n<link rel=\"canonical\" href=\"https:\/\/www.zerdab.com\/?p=11085\" \/>\n<meta property=\"og:locale\" content=\"az_AZ\" \/>\n<meta property=\"og:type\" content=\"article\" \/>\n<meta property=\"og:title\" content=\"T\u0259hsil naziri il\u0259 g\u00f6r\u00fc\u015fm\u0259k ist\u0259yirsiniz? - Z\u0259rdab.com\" \/>\n<meta property=\"og:description\" content=\"\u0130yulun 19-da\u00a0saat 11:00-da t\u0259hsil\u00a0naziri Mikay\u0131l Cabbarov Yevlax \u015f\u0259h\u0259rind\u0259ki Heyd\u0259r \u018fliyev M\u0259rk\u0259zind\u0259 Yevlax, Z\u0259rdab, A\u011fda\u015f, A\u011fcab\u0259di, B\u0259rd\u0259, Beyl\u0259qan, G\u00f6y\u00e7ay, Ucar rayonlar\u0131nda v\u0259 Ming\u0259\u00e7evir \u015f\u0259h\u0259rind\u0259 ya\u015fayan v\u0259t\u0259nda\u015flar\u0131 q\u0259bul ed\u0259c\u0259k. Nazirlikd\u0259n veril\u0259n x\u0259b\u0259r\u0259 g\u00f6r\u0259, g\u00f6r\u00fc\u015f m\u0259rk\u0259zi icra hakimiyy\u0259ti orqanlar\u0131 r\u0259hb\u0259rl\u0259rinin 2013-c\u00fc ilin iyul ay\u0131nda \u015f\u0259h\u0259r v\u0259 rayonlarda v\u0259t\u0259nda\u015flar\u0131n q\u0259bulu c\u0259dv\u0259lin\u0259 uy\u011fun olaraq ke\u00e7iril\u0259c\u0259k. Q\u0259bula g\u0259lm\u0259k ist\u0259y\u0259n v\u0259t\u0259nda\u015flar T\u0259hsil [&hellip;]\" \/>\n<meta property=\"og:url\" content=\"https:\/\/www.zerdab.com\/?p=11085\" \/>\n<meta property=\"og:site_name\" content=\"Z\u0259rdab.com\" \/>\n<meta property=\"article:published_time\" content=\"2013-07-13T06:32:26+00:00\" \/>\n<meta name=\"author\" content=\"admin\" \/>\n<meta name=\"twitter:card\" content=\"summary_large_image\" \/>\n<meta name=\"twitter:label1\" content=\"Written by\" \/>\n\t<meta name=\"twitter:data1\" content=\"admin\" \/>\n\t<meta name=\"twitter:label2\" content=\"Est. reading time\" \/>\n\t<meta name=\"twitter:data2\" content=\"1 minute\" \/>\n<script type=\"application\/ld+json\" class=\"yoast-schema-graph\">{\"@context\":\"https:\/\/schema.org\",\"@graph\":[{\"@type\":\"Article\",\"@id\":\"https:\/\/www.zerdab.com\/?p=11085#article\",\"isPartOf\":{\"@id\":\"https:\/\/www.zerdab.com\/?p=11085\"},\"author\":{\"name\":\"admin\",\"@id\":\"https:\/\/www.zerdab.com\/#\/schema\/person\/97079b7570c1e89ec0d9e138c3672136\"},\"headline\":\"T\u0259hsil naziri il\u0259 g\u00f6r\u00fc\u015fm\u0259k ist\u0259yirsiniz?\",\"datePublished\":\"2013-07-13T06:32:26+00:00\",\"mainEntityOfPage\":{\"@id\":\"https:\/\/www.zerdab.com\/?p=11085\"},\"wordCount\":170,\"commentCount\":0,\"articleSection\":[\"X\u018fB\u018fRL\u018fR\"],\"inLanguage\":\"az\",\"potentialAction\":[{\"@type\":\"CommentAction\",\"name\":\"Comment\",\"target\":[\"https:\/\/www.zerdab.com\/?p=11085#respond\"]}]},{\"@type\":\"WebPage\",\"@id\":\"https:\/\/www.zerdab.com\/?p=11085\",\"url\":\"https:\/\/www.zerdab.com\/?p=11085\",\"name\":\"T\u0259hsil naziri il\u0259 g\u00f6r\u00fc\u015fm\u0259k ist\u0259yirsiniz? - Z\u0259rdab.com\",\"isPartOf\":{\"@id\":\"https:\/\/www.zerdab.com\/#website\"},\"datePublished\":\"2013-07-13T06:32:26+00:00\",\"author\":{\"@id\":\"https:\/\/www.zerdab.com\/#\/schema\/person\/97079b7570c1e89ec0d9e138c3672136\"},\"breadcrumb\":{\"@id\":\"https:\/\/www.zerdab.com\/?p=11085#breadcrumb\"},\"inLanguage\":\"az\",\"potentialAction\":[{\"@type\":\"ReadAction\",\"target\":[\"https:\/\/www.zerdab.com\/?p=11085\"]}]},{\"@type\":\"BreadcrumbList\",\"@id\":\"https:\/\/www.zerdab.com\/?p=11085#breadcrumb\",\"itemListElement\":[{\"@type\":\"ListItem\",\"position\":1,\"name\":\"Home\",\"item\":\"https:\/\/www.zerdab.com\/\"},{\"@type\":\"ListItem\",\"position\":2,\"name\":\"T\u0259hsil naziri il\u0259 g\u00f6r\u00fc\u015fm\u0259k ist\u0259yirsiniz?\"}]},{\"@type\":\"WebSite\",\"@id\":\"https:\/\/www.zerdab.com\/#website\",\"url\":\"https:\/\/www.zerdab.com\/\",\"name\":\"Z\u0259rdab.com\",\"description\":\"\",\"potentialAction\":[{\"@type\":\"SearchAction\",\"target\":{\"@type\":\"EntryPoint\",\"urlTemplate\":\"https:\/\/www.zerdab.com\/?s={search_term_string}\"},\"query-input\":{\"@type\":\"PropertyValueSpecification\",\"valueRequired\":true,\"valueName\":\"search_term_string\"}}],\"inLanguage\":\"az\"},{\"@type\":\"Person\",\"@id\":\"https:\/\/www.zerdab.com\/#\/schema\/person\/97079b7570c1e89ec0d9e138c3672136\",\"name\":\"admin\",\"image\":{\"@type\":\"ImageObject\",\"inLanguage\":\"az\",\"@id\":\"https:\/\/www.zerdab.com\/#\/schema\/person\/image\/\",\"url\":\"https:\/\/secure.gravatar.com\/avatar\/d9c52a9a27c32119cb6679a077fa3e2779e5f822c451cbf01098004361d466ec?s=96&d=mm&r=g\",\"contentUrl\":\"https:\/\/secure.gravatar.com\/avatar\/d9c52a9a27c32119cb6679a077fa3e2779e5f822c451cbf01098004361d466ec?s=96&d=mm&r=g\",\"caption\":\"admin\"},\"url\":\"https:\/\/www.zerdab.com\/?author=1\"}]}<\/script>\n<!-- \/ Yoast SEO plugin. -->","yoast_head_json":{"title":"T\u0259hsil naziri il\u0259 g\u00f6r\u00fc\u015fm\u0259k ist\u0259yirsiniz? - Z\u0259rdab.com","robots":{"index":"index","follow":"follow","max-snippet":"max-snippet:-1","max-image-preview":"max-image-preview:large","max-video-preview":"max-video-preview:-1"},"canonical":"https:\/\/www.zerdab.com\/?p=11085","og_locale":"az_AZ","og_type":"article","og_title":"T\u0259hsil naziri il\u0259 g\u00f6r\u00fc\u015fm\u0259k ist\u0259yirsiniz? - Z\u0259rdab.com","og_description":"\u0130yulun 19-da\u00a0saat 11:00-da t\u0259hsil\u00a0naziri Mikay\u0131l Cabbarov Yevlax \u015f\u0259h\u0259rind\u0259ki Heyd\u0259r \u018fliyev M\u0259rk\u0259zind\u0259 Yevlax, Z\u0259rdab, A\u011fda\u015f, A\u011fcab\u0259di, B\u0259rd\u0259, Beyl\u0259qan, G\u00f6y\u00e7ay, Ucar rayonlar\u0131nda v\u0259 Ming\u0259\u00e7evir \u015f\u0259h\u0259rind\u0259 ya\u015fayan v\u0259t\u0259nda\u015flar\u0131 q\u0259bul ed\u0259c\u0259k. Nazirlikd\u0259n veril\u0259n x\u0259b\u0259r\u0259 g\u00f6r\u0259, g\u00f6r\u00fc\u015f m\u0259rk\u0259zi icra hakimiyy\u0259ti orqanlar\u0131 r\u0259hb\u0259rl\u0259rinin 2013-c\u00fc ilin iyul ay\u0131nda \u015f\u0259h\u0259r v\u0259 rayonlarda v\u0259t\u0259nda\u015flar\u0131n q\u0259bulu c\u0259dv\u0259lin\u0259 uy\u011fun olaraq ke\u00e7iril\u0259c\u0259k. Q\u0259bula g\u0259lm\u0259k ist\u0259y\u0259n v\u0259t\u0259nda\u015flar T\u0259hsil [&hellip;]","og_url":"https:\/\/www.zerdab.com\/?p=11085","og_site_name":"Z\u0259rdab.com","article_published_time":"2013-07-13T06:32:26+00:00","author":"admin","twitter_card":"summary_large_image","twitter_misc":{"Written by":"admin","Est. reading time":"1 minute"},"schema":{"@context":"https:\/\/schema.org","@graph":[{"@type":"Article","@id":"https:\/\/www.zerdab.com\/?p=11085#article","isPartOf":{"@id":"https:\/\/www.zerdab.com\/?p=11085"},"author":{"name":"admin","@id":"https:\/\/www.zerdab.com\/#\/schema\/person\/97079b7570c1e89ec0d9e138c3672136"},"headline":"T\u0259hsil naziri il\u0259 g\u00f6r\u00fc\u015fm\u0259k ist\u0259yirsiniz?","datePublished":"2013-07-13T06:32:26+00:00","mainEntityOfPage":{"@id":"https:\/\/www.zerdab.com\/?p=11085"},"wordCount":170,"commentCount":0,"articleSection":["X\u018fB\u018fRL\u018fR"],"inLanguage":"az","potentialAction":[{"@type":"CommentAction","name":"Comment","target":["https:\/\/www.zerdab.com\/?p=11085#respond"]}]},{"@type":"WebPage","@id":"https:\/\/www.zerdab.com\/?p=11085","url":"https:\/\/www.zerdab.com\/?p=11085","name":"T\u0259hsil naziri il\u0259 g\u00f6r\u00fc\u015fm\u0259k ist\u0259yirsiniz? - Z\u0259rdab.com","isPartOf":{"@id":"https:\/\/www.zerdab.com\/#website"},"datePublished":"2013-07-13T06:32:26+00:00","author":{"@id":"https:\/\/www.zerdab.com\/#\/schema\/person\/97079b7570c1e89ec0d9e138c3672136"},"breadcrumb":{"@id":"https:\/\/www.zerdab.com\/?p=11085#breadcrumb"},"inLanguage":"az","potentialAction":[{"@type":"ReadAction","target":["https:\/\/www.zerdab.com\/?p=11085"]}]},{"@type":"BreadcrumbList","@id":"https:\/\/www.zerdab.com\/?p=11085#breadcrumb","itemListElement":[{"@type":"ListItem","position":1,"name":"Home","item":"https:\/\/www.zerdab.com\/"},{"@type":"ListItem","position":2,"name":"T\u0259hsil naziri il\u0259 g\u00f6r\u00fc\u015fm\u0259k ist\u0259yirsiniz?"}]},{"@type":"WebSite","@id":"https:\/\/www.zerdab.com\/#website","url":"https:\/\/www.zerdab.com\/","name":"Z\u0259rdab.com","description":"","potentialAction":[{"@type":"SearchAction","target":{"@type":"EntryPoint","urlTemplate":"https:\/\/www.zerdab.com\/?s={search_term_string}"},"query-input":{"@type":"PropertyValueSpecification","valueRequired":true,"valueName":"search_term_string"}}],"inLanguage":"az"},{"@type":"Person","@id":"https:\/\/www.zerdab.com\/#\/schema\/person\/97079b7570c1e89ec0d9e138c3672136","name":"admin","image":{"@type":"ImageObject","inLanguage":"az","@id":"https:\/\/www.zerdab.com\/#\/schema\/person\/image\/","url":"https:\/\/secure.gravatar.com\/avatar\/d9c52a9a27c32119cb6679a077fa3e2779e5f822c451cbf01098004361d466ec?s=96&d=mm&r=g","contentUrl":"https:\/\/secure.gravatar.com\/avatar\/d9c52a9a27c32119cb6679a077fa3e2779e5f822c451cbf01098004361d466ec?s=96&d=mm&r=g","caption":"admin"},"url":"https:\/\/www.zerdab.com\/?author=1"}]}},"_links":{"self":[{"href":"https:\/\/www.zerdab.com\/index.php?rest_route=\/wp\/v2\/posts\/11085","targetHints":{"allow":["GET"]}}],"collection":[{"href":"https:\/\/www.zerdab.com\/index.php?rest_route=\/wp\/v2\/posts"}],"about":[{"href":"https:\/\/www.zerdab.com\/index.php?rest_route=\/wp\/v2\/types\/post"}],"author":[{"embeddable":true,"href":"https:\/\/www.zerdab.com\/index.php?rest_route=\/wp\/v2\/users\/1"}],"replies":[{"embeddable":true,"href":"https:\/\/www.zerdab.com\/index.php?rest_route=%2Fwp%2Fv2%2Fcomments&post=11085"}],"version-history":[{"count":2,"href":"https:\/\/www.zerdab.com\/index.php?rest_route=\/wp\/v2\/posts\/11085\/revisions"}],"predecessor-version":[{"id":11088,"href":"https:\/\/www.zerdab.com\/index.php?rest_route=\/wp\/v2\/posts\/11085\/revisions\/11088"}],"wp:attachment":[{"href":"https:\/\/www.zerdab.com\/index.php?rest_route=%2Fwp%2Fv2%2Fmedia&parent=11085"}],"wp:term":[{"taxonomy":"category","embeddable":true,"href":"https:\/\/www.zerdab.com\/index.php?rest_route=%2Fwp%2Fv2%2Fcategories&post=11085"},{"taxonomy":"post_tag","embeddable":true,"href":"https:\/\/www.zerdab.com\/index.php?rest_route=%2Fwp%2Fv2%2Ftags&post=11085"}],"curies":[{"name":"wp","href":"https:\/\/api.w.org\/{rel}","templated":true}]}}