{"id":11219,"date":"2013-07-18T15:19:27","date_gmt":"2013-07-18T10:19:27","guid":{"rendered":"http:\/\/www.zerdab.com\/?p=11219"},"modified":"2013-07-18T15:21:01","modified_gmt":"2013-07-18T10:21:01","slug":"%c9%99flatun-amasov-22-iyul-h%c9%99r-birimizin-h%c9%99s%c9%99n-b%c9%99y-z%c9%99rdabi-ruhu-onund%c9%99-hesabatidir","status":"publish","type":"post","link":"https:\/\/www.zerdab.com\/?p=11219","title":{"rendered":"\u201c22 iyul h\u0259r birimizin H\u0259s\u0259n b\u0259y Z\u0259rdabi ruhu \u00f6n\u00fcnd\u0259 hesabat\u0131d\u0131r\u201d"},"content":{"rendered":"<figure id=\"attachment_11220\" aria-describedby=\"caption-attachment-11220\" style=\"width: 300px\" class=\"wp-caption alignleft\"><img loading=\"lazy\" decoding=\"async\" class=\"size-thumbnail wp-image-11220\" alt=\"\u018fflatun Ama\u015fov\" src=\"http:\/\/www.zerdab.com\/wp-content\/uploads\/2013\/07\/\u018fflatun-Ama\u015fov-300x300.jpg\" width=\"300\" height=\"300\" \/><figcaption id=\"caption-attachment-11220\" class=\"wp-caption-text\"><span style=\"color: #0000ff;\"><strong>M\u0259tbuat \u015euras\u0131n\u0131n s\u0259dri \u018fflatun Ama\u015fov<\/strong><\/span><\/figcaption><\/figure>\n<p><span style=\"color: #ff0000;\"><strong>&#8220;M\u0259n jurnalistl\u0259rimiz\u0259 ilk n\u00f6vb\u0259d\u0259 h\u0259min hesabat\u0131 aln\u0131 a\u00e7\u0131q, \u00fcz\u00fc a\u011f verm\u0259yi arzulay\u0131ram&#8221;.<\/strong><\/span><\/p>\n<p><strong style=\"color: #0000ff;\"><i>Zerdab.com sayt\u0131 Az\u0259rbaycan Respublikas\u0131 M\u0259tbuat \u015euras\u0131n\u0131n s\u0259dri \u018fflatun Ama\u015fovun yap.org.az sayt\u0131na m\u00fcsahib\u0259sini ixtisarla t<\/i><i>\u0259qdim edir<\/i><i>:\u00a0<\/i><\/strong><\/p>\n<p><b>&#8211; Az\u0259rbaycanda Milli m\u0259tbuat\u0131n yaranmas\u0131n\u0131n 138 illiyi tamam olur. Az\u0259rbaycan m\u0259tbuat\u0131n\u0131n bu ill\u0259r \u0259rzind\u0259 inki\u015faf\u0131n\u0131 nec\u0259 d\u0259y\u0259rl\u0259ndirirsiniz?<\/b><\/p>\n<p>&#8211; 1875-ci ild\u0259 dahi m\u00fct\u0259f\u0259kkir v\u0259 ailm H\u0259s\u0259n b\u0259y Z\u0259rdabinin \u00ab\u018fkin\u00e7i\u00bb q\u0259zetini yaratmas\u0131 t\u0259kc\u0259 m\u0259tbu \u0259n\u0259n\u0259l\u0259rin t\u0259\u015f\u0259kk\u00fcl\u00fc il\u0259 deyil, milli \u00f6z\u00fcn\u00fcd\u0259rkin v\u0259 \u015f\u00fcurun formala\u015fmas\u0131 m\u0259rh\u0259l\u0259si kimi d\u0259 xarakteriz\u0259 olunur. Ondan sonrak\u0131 milli n\u0259\u015frl\u0259r bu t\u0259m\u0259li daha da m\u00f6hk\u0259ml\u0259ndir\u0259r\u0259k xalq\u0131 1918-ci ild\u0259 qazan\u0131lan d\u00f6vl\u0259t m\u00fcst\u0259qilliyi ideyas\u0131na da\u015f\u0131y\u0131b, bu yolda etibarl\u0131 b\u0259l\u0259d\u00e7i olub. Lakin 1920-ci ilin aprel i\u015f\u011fal\u0131ndan sonra Az\u0259rbaycanda m\u00fcst\u0259qil m\u0259tbuat\u0131n yenid\u0259n b\u0259rpas\u0131 \u00fc\u00e7\u00fcn 70 illik bir d\u00f6vr ya\u015fan\u0131b. Bu m\u0259rh\u0259l\u0259ni gerilik d\u00f6vr\u00fc kimi xarakteriz\u0259 etm\u0259k d\u0259 d\u00fczg\u00fcn olmazd\u0131. M\u00f6vc\u00fcd zaman k\u0259siyind\u0259 milli m\u0259tbuat\u0131m\u0131z yeni yarad\u0131c\u0131l\u0131q \u00e7alarlar\u0131 \u0259ld\u0259 edib, qazand\u0131\u011f\u0131 nailiyy\u0259tl\u0259rl\u0259 \u0259srin \u0259vv\u0259lind\u0259 oynad\u0131\u011f\u0131 missiyan\u0131 yenid\u0259n t\u0259krarlay\u0131b, bel\u0259likl\u0259 Az\u0259rbaycan\u0131n ikinci d\u0259f\u0259 d\u00f6vl\u0259t m\u00fcst\u0259qilliyin\u0259 qovu\u015fmas\u0131nda m\u00fcst\u0259sna pay sahibin\u0259 \u00e7evrilib.<\/p>\n<p>22 iyul tarixi d\u00f6vl\u0259t m\u00fcst\u0259qilliyimizin xalq\u0131m\u0131za b\u0259x\u015f etdiyi misilsiz nem\u0259tdir. Bu, yaln\u0131z \u00ab\u018fkin\u00e7i\u00bby\u0259, onun yaranmas\u0131nda m\u00fcst\u0259sna xidm\u0259tl\u0259ri olan H\u0259s\u0259n b\u0259y Z\u0259rdabiy\u0259 veril\u0259n y\u00fcks\u0259k qiym\u0259t deyil, eyni zamanda 138 ild\u0259 ke\u00e7il\u0259n \u00e7\u0259tin, m\u0259\u015f\u0259qq\u0259tli, ancaq \u00e7ox \u015f\u0259r\u0259fli yola, media t\u0259msil\u00e7il\u0259rimiz\u0259 istiqam\u0259tl\u0259n\u0259n d\u0259y\u0259rdir. Biz \u00f6z\u00fcm\u00fcz\u00fc el\u0259 ona g\u00f6r\u0259 d\u0259 x\u00f6\u015fb\u0259xt saya bil\u0259rik ki, milli m\u0259tbuat\u0131m\u0131z\u0131n tarixi \u00ab\u018fkin\u00e7i\u00bb kimi m\u0259ram\u0131 ayd\u0131n, dili r\u0259van, pe\u015f\u0259karl\u0131\u011f\u0131 n\u00fcmun\u0259 olan bir n\u0259\u015fl\u0259 ba\u015flay\u0131b. F\u0259xr edilm\u0259li m\u0259qam odur ki, haz\u0131rda \u00f6lk\u0259 medias\u0131 il\u0259 ba\u011fl\u0131 ger\u00e7\u0259kl\u0259\u015f\u0259n prosesl\u0259r 138 ild\u0259 ke\u00e7il\u0259n yolun, \u0259n\u0259n\u0259nin davam etdiyini dol\u011fun faktlarla ortaya quyur.<\/p>\n<p><b>&#8211; \u00d6lk\u0259 jurnalistl\u0259rin\u0259 Milli M\u0259tbuat G\u00fcn\u00fc m\u00fcnasib\u0259til\u0259 bayram s\u00f6z\u00fcn\u00fcz\u00fc e\u015fitm\u0259k ist\u0259rdik.<\/b><\/p>\n<p>&#8211; Media \u0259hli pe\u015f\u0259 bayram\u0131ndan s\u00f6hb\u0259t d\u00fc\u015f\u0259nd\u0259 deyir ki, 22 iyul h\u0259r birimizin H\u0259s\u0259n b\u0259y Z\u0259rdabi ruhu \u00f6n\u00fcnd\u0259ki hesabat\u0131d\u0131r. M\u0259n jurnalistl\u0259rimiz\u0259 ilk n\u00f6vb\u0259d\u0259 h\u0259min hesabat\u0131 aln\u0131 a\u00e7\u0131q, \u00fcz\u00fc a\u011f verm\u0259yi arzulay\u0131ram. Bunun \u00fc\u00e7\u00fcn is\u0259 ham\u0131m\u0131z\u0131n qar\u015f\u0131s\u0131nda duran \u0259n m\u00fch\u00fcm v\u0259zif\u0259 y\u00fcks\u0259k pe\u015f\u0259karl\u0131q x\u00fcsusiyy\u0259tl\u0259rin\u0259 yiy\u0259l\u0259nm\u0259k, \u0259ld\u0259 edil\u0259n bilikl\u0259ri v\u0259 t\u0259cr\u00fcb\u0259ni bir q\u0259d\u0259r d\u0259 d\u0259rinl\u0259\u015fdirm\u0259k v\u0259 \u00fcmumilikd\u0259 m\u0259tbuat\u0131m\u0131z\u0131n s\u0259viyy\u0259sini y\u00fcks\u0259ltm\u0259k, onun v\u0259t\u0259nda\u015f c\u0259miyy\u0259ti quruculu\u011fu prosesind\u0259 aktiv i\u015ftirak\u0131na nail olmaqd\u0131r. H\u0259r bir jurnalist q\u0259l\u0259m sahibi olmaqla yana\u015f\u0131 v\u0259t\u0259nda\u015fd\u0131r &#8211; anad\u0131r, atad\u0131r, qarda\u015fd\u0131r, bac\u0131d\u0131r, ail\u0259 sahibidir. Onlar\u0131n h\u0259r birin\u0259 m\u00f6hk\u0259m cansa\u011fl\u0131\u011f\u0131, ail\u0259 s\u0259ad\u0259ti, uzun v\u0259 firavan \u00f6m\u00fcr arzulay\u0131ram.<\/p>\n","protected":false},"excerpt":{"rendered":"<p>&#8220;M\u0259n jurnalistl\u0259rimiz\u0259 ilk n\u00f6vb\u0259d\u0259 h\u0259min hesabat\u0131 aln\u0131 a\u00e7\u0131q, \u00fcz\u00fc a\u011f verm\u0259yi arzulay\u0131ram&#8221;. Zerdab.com sayt\u0131 Az\u0259rbaycan Respublikas\u0131 M\u0259tbuat \u015euras\u0131n\u0131n s\u0259dri \u018fflatun Ama\u015fovun yap.org.az sayt\u0131na m\u00fcsahib\u0259sini ixtisarla t\u0259qdim edir:\u00a0 &#8211; Az\u0259rbaycanda Milli m\u0259tbuat\u0131n yaranmas\u0131n\u0131n 138 illiyi tamam olur. Az\u0259rbaycan m\u0259tbuat\u0131n\u0131n bu ill\u0259r \u0259rzind\u0259 inki\u015faf\u0131n\u0131 nec\u0259 d\u0259y\u0259rl\u0259ndirirsiniz? &#8211; 1875-ci ild\u0259 dahi m\u00fct\u0259f\u0259kkir v\u0259 ailm H\u0259s\u0259n b\u0259y Z\u0259rdabinin \u00ab\u018fkin\u00e7i\u00bb [&hellip;]<\/p>\n","protected":false},"author":1,"featured_media":0,"comment_status":"open","ping_status":"open","sticky":false,"template":"","format":"standard","meta":{"footnotes":""},"categories":[21],"tags":[],"class_list":{"0":"post-11219","1":"post","2":"type-post","3":"status-publish","4":"format-standard","6":"category-zrdab"},"yoast_head":"<!-- This site is optimized with the Yoast SEO plugin v27.0 - https:\/\/yoast.com\/product\/yoast-seo-wordpress\/ -->\n<title>\u201c22 iyul h\u0259r birimizin H\u0259s\u0259n b\u0259y Z\u0259rdabi ruhu \u00f6n\u00fcnd\u0259 hesabat\u0131d\u0131r\u201d - Z\u0259rdab.com<\/title>\n<meta name=\"robots\" content=\"index, follow, max-snippet:-1, max-image-preview:large, max-video-preview:-1\" \/>\n<link rel=\"canonical\" href=\"https:\/\/www.zerdab.com\/?p=11219\" \/>\n<meta property=\"og:locale\" content=\"az_AZ\" \/>\n<meta property=\"og:type\" content=\"article\" \/>\n<meta property=\"og:title\" content=\"\u201c22 iyul h\u0259r birimizin H\u0259s\u0259n b\u0259y Z\u0259rdabi ruhu \u00f6n\u00fcnd\u0259 hesabat\u0131d\u0131r\u201d - Z\u0259rdab.com\" \/>\n<meta property=\"og:description\" content=\"&#8220;M\u0259n jurnalistl\u0259rimiz\u0259 ilk n\u00f6vb\u0259d\u0259 h\u0259min hesabat\u0131 aln\u0131 a\u00e7\u0131q, \u00fcz\u00fc a\u011f verm\u0259yi arzulay\u0131ram&#8221;. Zerdab.com sayt\u0131 Az\u0259rbaycan Respublikas\u0131 M\u0259tbuat \u015euras\u0131n\u0131n s\u0259dri \u018fflatun Ama\u015fovun yap.org.az sayt\u0131na m\u00fcsahib\u0259sini ixtisarla t\u0259qdim edir:\u00a0 &#8211; Az\u0259rbaycanda Milli m\u0259tbuat\u0131n yaranmas\u0131n\u0131n 138 illiyi tamam olur. Az\u0259rbaycan m\u0259tbuat\u0131n\u0131n bu ill\u0259r \u0259rzind\u0259 inki\u015faf\u0131n\u0131 nec\u0259 d\u0259y\u0259rl\u0259ndirirsiniz? &#8211; 1875-ci ild\u0259 dahi m\u00fct\u0259f\u0259kkir v\u0259 ailm H\u0259s\u0259n b\u0259y Z\u0259rdabinin \u00ab\u018fkin\u00e7i\u00bb [&hellip;]\" \/>\n<meta property=\"og:url\" content=\"https:\/\/www.zerdab.com\/?p=11219\" \/>\n<meta property=\"og:site_name\" content=\"Z\u0259rdab.com\" \/>\n<meta property=\"article:published_time\" content=\"2013-07-18T10:19:27+00:00\" \/>\n<meta property=\"article:modified_time\" content=\"2013-07-18T10:21:01+00:00\" \/>\n<meta name=\"author\" content=\"admin\" \/>\n<meta name=\"twitter:card\" content=\"summary_large_image\" \/>\n<meta name=\"twitter:label1\" content=\"Written by\" \/>\n\t<meta name=\"twitter:data1\" content=\"admin\" \/>\n\t<meta name=\"twitter:label2\" content=\"Est. reading time\" \/>\n\t<meta name=\"twitter:data2\" content=\"3 minutes\" \/>\n<script type=\"application\/ld+json\" class=\"yoast-schema-graph\">{\"@context\":\"https:\/\/schema.org\",\"@graph\":[{\"@type\":\"Article\",\"@id\":\"https:\/\/www.zerdab.com\/?p=11219#article\",\"isPartOf\":{\"@id\":\"https:\/\/www.zerdab.com\/?p=11219\"},\"author\":{\"name\":\"admin\",\"@id\":\"https:\/\/www.zerdab.com\/#\/schema\/person\/97079b7570c1e89ec0d9e138c3672136\"},\"headline\":\"\u201c22 iyul h\u0259r birimizin H\u0259s\u0259n b\u0259y Z\u0259rdabi ruhu \u00f6n\u00fcnd\u0259 hesabat\u0131d\u0131r\u201d\",\"datePublished\":\"2013-07-18T10:19:27+00:00\",\"dateModified\":\"2013-07-18T10:21:01+00:00\",\"mainEntityOfPage\":{\"@id\":\"https:\/\/www.zerdab.com\/?p=11219\"},\"wordCount\":665,\"commentCount\":1,\"articleSection\":[\"C\u018fM\u0130YY\u018fT\"],\"inLanguage\":\"az\",\"potentialAction\":[{\"@type\":\"CommentAction\",\"name\":\"Comment\",\"target\":[\"https:\/\/www.zerdab.com\/?p=11219#respond\"]}]},{\"@type\":\"WebPage\",\"@id\":\"https:\/\/www.zerdab.com\/?p=11219\",\"url\":\"https:\/\/www.zerdab.com\/?p=11219\",\"name\":\"\u201c22 iyul h\u0259r birimizin H\u0259s\u0259n b\u0259y Z\u0259rdabi ruhu \u00f6n\u00fcnd\u0259 hesabat\u0131d\u0131r\u201d - Z\u0259rdab.com\",\"isPartOf\":{\"@id\":\"https:\/\/www.zerdab.com\/#website\"},\"datePublished\":\"2013-07-18T10:19:27+00:00\",\"dateModified\":\"2013-07-18T10:21:01+00:00\",\"author\":{\"@id\":\"https:\/\/www.zerdab.com\/#\/schema\/person\/97079b7570c1e89ec0d9e138c3672136\"},\"breadcrumb\":{\"@id\":\"https:\/\/www.zerdab.com\/?p=11219#breadcrumb\"},\"inLanguage\":\"az\",\"potentialAction\":[{\"@type\":\"ReadAction\",\"target\":[\"https:\/\/www.zerdab.com\/?p=11219\"]}]},{\"@type\":\"BreadcrumbList\",\"@id\":\"https:\/\/www.zerdab.com\/?p=11219#breadcrumb\",\"itemListElement\":[{\"@type\":\"ListItem\",\"position\":1,\"name\":\"Home\",\"item\":\"https:\/\/www.zerdab.com\/\"},{\"@type\":\"ListItem\",\"position\":2,\"name\":\"\u201c22 iyul h\u0259r birimizin H\u0259s\u0259n b\u0259y Z\u0259rdabi ruhu \u00f6n\u00fcnd\u0259 hesabat\u0131d\u0131r\u201d\"}]},{\"@type\":\"WebSite\",\"@id\":\"https:\/\/www.zerdab.com\/#website\",\"url\":\"https:\/\/www.zerdab.com\/\",\"name\":\"Z\u0259rdab.com\",\"description\":\"\",\"potentialAction\":[{\"@type\":\"SearchAction\",\"target\":{\"@type\":\"EntryPoint\",\"urlTemplate\":\"https:\/\/www.zerdab.com\/?s={search_term_string}\"},\"query-input\":{\"@type\":\"PropertyValueSpecification\",\"valueRequired\":true,\"valueName\":\"search_term_string\"}}],\"inLanguage\":\"az\"},{\"@type\":\"Person\",\"@id\":\"https:\/\/www.zerdab.com\/#\/schema\/person\/97079b7570c1e89ec0d9e138c3672136\",\"name\":\"admin\",\"image\":{\"@type\":\"ImageObject\",\"inLanguage\":\"az\",\"@id\":\"https:\/\/www.zerdab.com\/#\/schema\/person\/image\/\",\"url\":\"https:\/\/secure.gravatar.com\/avatar\/d9c52a9a27c32119cb6679a077fa3e2779e5f822c451cbf01098004361d466ec?s=96&d=mm&r=g\",\"contentUrl\":\"https:\/\/secure.gravatar.com\/avatar\/d9c52a9a27c32119cb6679a077fa3e2779e5f822c451cbf01098004361d466ec?s=96&d=mm&r=g\",\"caption\":\"admin\"},\"url\":\"https:\/\/www.zerdab.com\/?author=1\"}]}<\/script>\n<!-- \/ Yoast SEO plugin. -->","yoast_head_json":{"title":"\u201c22 iyul h\u0259r birimizin H\u0259s\u0259n b\u0259y Z\u0259rdabi ruhu \u00f6n\u00fcnd\u0259 hesabat\u0131d\u0131r\u201d - Z\u0259rdab.com","robots":{"index":"index","follow":"follow","max-snippet":"max-snippet:-1","max-image-preview":"max-image-preview:large","max-video-preview":"max-video-preview:-1"},"canonical":"https:\/\/www.zerdab.com\/?p=11219","og_locale":"az_AZ","og_type":"article","og_title":"\u201c22 iyul h\u0259r birimizin H\u0259s\u0259n b\u0259y Z\u0259rdabi ruhu \u00f6n\u00fcnd\u0259 hesabat\u0131d\u0131r\u201d - Z\u0259rdab.com","og_description":"&#8220;M\u0259n jurnalistl\u0259rimiz\u0259 ilk n\u00f6vb\u0259d\u0259 h\u0259min hesabat\u0131 aln\u0131 a\u00e7\u0131q, \u00fcz\u00fc a\u011f verm\u0259yi arzulay\u0131ram&#8221;. Zerdab.com sayt\u0131 Az\u0259rbaycan Respublikas\u0131 M\u0259tbuat \u015euras\u0131n\u0131n s\u0259dri \u018fflatun Ama\u015fovun yap.org.az sayt\u0131na m\u00fcsahib\u0259sini ixtisarla t\u0259qdim edir:\u00a0 &#8211; Az\u0259rbaycanda Milli m\u0259tbuat\u0131n yaranmas\u0131n\u0131n 138 illiyi tamam olur. Az\u0259rbaycan m\u0259tbuat\u0131n\u0131n bu ill\u0259r \u0259rzind\u0259 inki\u015faf\u0131n\u0131 nec\u0259 d\u0259y\u0259rl\u0259ndirirsiniz? &#8211; 1875-ci ild\u0259 dahi m\u00fct\u0259f\u0259kkir v\u0259 ailm H\u0259s\u0259n b\u0259y Z\u0259rdabinin \u00ab\u018fkin\u00e7i\u00bb [&hellip;]","og_url":"https:\/\/www.zerdab.com\/?p=11219","og_site_name":"Z\u0259rdab.com","article_published_time":"2013-07-18T10:19:27+00:00","article_modified_time":"2013-07-18T10:21:01+00:00","author":"admin","twitter_card":"summary_large_image","twitter_misc":{"Written by":"admin","Est. reading time":"3 minutes"},"schema":{"@context":"https:\/\/schema.org","@graph":[{"@type":"Article","@id":"https:\/\/www.zerdab.com\/?p=11219#article","isPartOf":{"@id":"https:\/\/www.zerdab.com\/?p=11219"},"author":{"name":"admin","@id":"https:\/\/www.zerdab.com\/#\/schema\/person\/97079b7570c1e89ec0d9e138c3672136"},"headline":"\u201c22 iyul h\u0259r birimizin H\u0259s\u0259n b\u0259y Z\u0259rdabi ruhu \u00f6n\u00fcnd\u0259 hesabat\u0131d\u0131r\u201d","datePublished":"2013-07-18T10:19:27+00:00","dateModified":"2013-07-18T10:21:01+00:00","mainEntityOfPage":{"@id":"https:\/\/www.zerdab.com\/?p=11219"},"wordCount":665,"commentCount":1,"articleSection":["C\u018fM\u0130YY\u018fT"],"inLanguage":"az","potentialAction":[{"@type":"CommentAction","name":"Comment","target":["https:\/\/www.zerdab.com\/?p=11219#respond"]}]},{"@type":"WebPage","@id":"https:\/\/www.zerdab.com\/?p=11219","url":"https:\/\/www.zerdab.com\/?p=11219","name":"\u201c22 iyul h\u0259r birimizin H\u0259s\u0259n b\u0259y Z\u0259rdabi ruhu \u00f6n\u00fcnd\u0259 hesabat\u0131d\u0131r\u201d - Z\u0259rdab.com","isPartOf":{"@id":"https:\/\/www.zerdab.com\/#website"},"datePublished":"2013-07-18T10:19:27+00:00","dateModified":"2013-07-18T10:21:01+00:00","author":{"@id":"https:\/\/www.zerdab.com\/#\/schema\/person\/97079b7570c1e89ec0d9e138c3672136"},"breadcrumb":{"@id":"https:\/\/www.zerdab.com\/?p=11219#breadcrumb"},"inLanguage":"az","potentialAction":[{"@type":"ReadAction","target":["https:\/\/www.zerdab.com\/?p=11219"]}]},{"@type":"BreadcrumbList","@id":"https:\/\/www.zerdab.com\/?p=11219#breadcrumb","itemListElement":[{"@type":"ListItem","position":1,"name":"Home","item":"https:\/\/www.zerdab.com\/"},{"@type":"ListItem","position":2,"name":"\u201c22 iyul h\u0259r birimizin H\u0259s\u0259n b\u0259y Z\u0259rdabi ruhu \u00f6n\u00fcnd\u0259 hesabat\u0131d\u0131r\u201d"}]},{"@type":"WebSite","@id":"https:\/\/www.zerdab.com\/#website","url":"https:\/\/www.zerdab.com\/","name":"Z\u0259rdab.com","description":"","potentialAction":[{"@type":"SearchAction","target":{"@type":"EntryPoint","urlTemplate":"https:\/\/www.zerdab.com\/?s={search_term_string}"},"query-input":{"@type":"PropertyValueSpecification","valueRequired":true,"valueName":"search_term_string"}}],"inLanguage":"az"},{"@type":"Person","@id":"https:\/\/www.zerdab.com\/#\/schema\/person\/97079b7570c1e89ec0d9e138c3672136","name":"admin","image":{"@type":"ImageObject","inLanguage":"az","@id":"https:\/\/www.zerdab.com\/#\/schema\/person\/image\/","url":"https:\/\/secure.gravatar.com\/avatar\/d9c52a9a27c32119cb6679a077fa3e2779e5f822c451cbf01098004361d466ec?s=96&d=mm&r=g","contentUrl":"https:\/\/secure.gravatar.com\/avatar\/d9c52a9a27c32119cb6679a077fa3e2779e5f822c451cbf01098004361d466ec?s=96&d=mm&r=g","caption":"admin"},"url":"https:\/\/www.zerdab.com\/?author=1"}]}},"_links":{"self":[{"href":"https:\/\/www.zerdab.com\/index.php?rest_route=\/wp\/v2\/posts\/11219","targetHints":{"allow":["GET"]}}],"collection":[{"href":"https:\/\/www.zerdab.com\/index.php?rest_route=\/wp\/v2\/posts"}],"about":[{"href":"https:\/\/www.zerdab.com\/index.php?rest_route=\/wp\/v2\/types\/post"}],"author":[{"embeddable":true,"href":"https:\/\/www.zerdab.com\/index.php?rest_route=\/wp\/v2\/users\/1"}],"replies":[{"embeddable":true,"href":"https:\/\/www.zerdab.com\/index.php?rest_route=%2Fwp%2Fv2%2Fcomments&post=11219"}],"version-history":[{"count":3,"href":"https:\/\/www.zerdab.com\/index.php?rest_route=\/wp\/v2\/posts\/11219\/revisions"}],"predecessor-version":[{"id":11223,"href":"https:\/\/www.zerdab.com\/index.php?rest_route=\/wp\/v2\/posts\/11219\/revisions\/11223"}],"wp:attachment":[{"href":"https:\/\/www.zerdab.com\/index.php?rest_route=%2Fwp%2Fv2%2Fmedia&parent=11219"}],"wp:term":[{"taxonomy":"category","embeddable":true,"href":"https:\/\/www.zerdab.com\/index.php?rest_route=%2Fwp%2Fv2%2Fcategories&post=11219"},{"taxonomy":"post_tag","embeddable":true,"href":"https:\/\/www.zerdab.com\/index.php?rest_route=%2Fwp%2Fv2%2Ftags&post=11219"}],"curies":[{"name":"wp","href":"https:\/\/api.w.org\/{rel}","templated":true}]}}