{"id":11308,"date":"2013-07-26T08:00:54","date_gmt":"2013-07-26T03:00:54","guid":{"rendered":"http:\/\/www.zerdab.com\/?p=11308"},"modified":"2013-07-25T19:31:02","modified_gmt":"2013-07-25T14:31:02","slug":"sagirdl%c9%99rinin-daim-sevgi-il%c9%99-xatirladiqlari-m%c9%99lah%c9%99t-mu%c9%99llim%c9%99","status":"publish","type":"post","link":"https:\/\/www.zerdab.com\/?p=11308","title":{"rendered":"Daim sevgi il\u0259 xat\u0131rlanan M\u0259lah\u0259t m\u00fc\u0259llim\u0259"},"content":{"rendered":"<p><span style=\"color: #0000ff;\"><strong><img loading=\"lazy\" decoding=\"async\" class=\"alignleft size-full wp-image-11309\" alt=\"Ana dili\" src=\"http:\/\/www.zerdab.com\/wp-content\/uploads\/2013\/07\/Ana-dili.jpg\" width=\"280\" height=\"200\" \/>S\u00f6hb\u0259t Yarm\u0259mm\u0259dba\u011f\u0131 k\u0259nd tam orta m\u0259kt\u0259binin m\u00fc\u0259llim\u0259si M\u0259lah\u0259t \u018fliyevadan gedir.\u00a0<\/strong><\/span><\/p>\n<p><strong><span style=\"color: #0000ff;\">M\u00fc\u0259llim m\u0259kt\u0259bd\u0259 \u0259sas simad\u0131r. Bu siman\u0131n savad\u0131, biliyi, t\u0259cr\u00fcb\u0259si, ictimai, siyasi-\u0259xlaqi keyfiyy\u0259tl\u0259ri, m\u0259n\u0259n z\u0259nginliyi, v\u0259t\u0259nda\u015fl\u0131\u011f\u0131, ayd\u0131n, s\u0259lis diksiyas\u0131, d\u00fczg\u00fcn t\u0259l\u0259ff\u00fcz\u00fc, f\u0259nni m\u0259nims\u0259tm\u0259k m\u0259har\u0259ti tam halda onun varl\u0131\u011f\u0131n\u0131 \u00fcz\u0259 \u00e7\u0131xaran amill\u0259rdir. \u018fg\u0259r h\u0259r hans\u0131 bir m\u00fc\u0259llim d\u0259rs dediyi dild\u0259 \u00f6z fikrini anla\u015f\u0131ql\u0131 \u015f\u0259kild\u0259 \u015f\u0259rh ed\u0259 bilmirs\u0259, onun verdiyi d\u0259rsin faydas\u0131 ist\u0259nil\u0259n s\u0259viyy\u0259d\u0259 olmayacaq. Bu zaman dili qrammatik c\u0259h\u0259td\u0259n bilm\u0259k d\u0259 azd\u0131r, h\u0259m d\u0259 onun b\u00fct\u00fcn g\u00f6z\u0259llikl\u0259rini qorumaq, \u0259trini, \u015fir\u0259sini f\u0259hml\u0259 duymaq laz\u0131md\u0131r. Bax buna g\u00f6r\u0259, dili sev\u0259r\u0259kd\u0259n ya\u015fatmaq \u00e7ox vacibdir.<\/span> Tarix\u0259 n\u0259z\u0259r salsaq g\u00f6r\u0259rik ki, ana dilimizin inki\u015faf\u0131na d\u00f6vl\u0259timizin h\u0259mi\u015f\u0259 x\u00fcsusi diqq\u0259ti, qay\u011f\u0131s\u0131 olub v\u0259 f\u0259xr edirik ki, Az\u0259rbaycan dili q\u0259dim tarix\u0259 malik 50 milyonluq \u00a0bir xalq\u0131n dilidir. \u00dcmummilli lider Heyd\u0259r \u018fliyevin imzalad\u0131\u011f\u0131 2001-ci il 9 avqust tarixli F\u0259rmana \u0259sas\u0259n\u00a0 h\u0259r il avqustun 1-i respublikam\u0131zda Az\u0259rbaycan \u0259lifbas\u0131 v\u0259 Az\u0259rbaycan dili g\u00fcn\u00fc kimi qeyd olunur. Bu tarix x\u00fcsusil\u0259 Az\u0259rbaycan dili v\u0259 \u0259d\u0259biyyat\u0131 f\u0259nnind\u0259n d\u0259rs dey\u0259n m\u00fc\u0259lliml\u0259rimiz \u00fc\u00e7\u00fcn \u00e7ox \u00f6n\u0259mlidir. Ax\u0131, bu ziyal\u0131lar dilimizin safl\u0131\u011f\u0131 ke\u015fiyind\u0259 v\u0259t\u0259np\u0259rv\u0259r f\u0259dakarl\u0131\u011f\u0131 il\u0259 dayan\u0131rlar. M\u0259lah\u0259t m\u00fc\u0259llim\u0259 d\u0259 bel\u0259 xan\u0131mlar\u0131m\u0131zdand\u0131r. 40 il\u0259 yax\u0131nd\u0131r ki, Az\u0259rbaycan dilinin d\u00fczg\u00fcn m\u0259nims\u0259nilm\u0259si v\u0259 \u00f6yr\u0259dilm\u0259si u\u011frunda \u00e7al\u0131\u015f\u0131r. Az\u0259rbaycan \u0259d\u0259biyyat\u0131n\u0131 sev\u0259-sev\u0259 t\u0259dris edir. \u0130\u015fl\u0259diyi Yarm\u0259mm\u0259dba\u011f\u0131 k\u0259nd tam orta m\u0259kt\u0259binin m\u0259zunlar\u0131 ali m\u0259kt\u0259bl\u0259r\u0259 q\u0259bul zaman\u0131 m\u0259hz M\u0259lah\u0259t m\u00fc\u0259llim\u0259nin s\u0259yi n\u0259tic\u0259sind\u0259 y\u00fcks\u0259k\u00a0 g\u00f6st\u0259ricil\u0259r\u0259 nail olurlar.<\/strong><\/p>\n<p>M\u0259lah\u0259t \u018fliyevan\u0131n ziyal\u0131 bir ail\u0259si var. H\u0259yat yolda\u015f\u0131 F\u00fczuli m\u00fc\u0259llim\u00a0 onunla eyni m\u0259kt\u0259bd\u0259 i\u015fl\u0259yir, co\u011frafiya f\u0259nnind\u0259n d\u0259rs deyir, b\u00fct\u00fcn \u00f6vladlar\u0131 ali t\u0259hsillidir. M\u00fc\u0259llim\u0259 i\u015fl\u0259diyi m\u0259kt\u0259bd\u0259 h\u0259m d\u0259 t\u0259\u015fkilat\u00e7\u0131 m\u00fcavindir. Bu sah\u0259d\u0259 d\u0259 n\u00fcmun\u0259vi f\u0259aliyy\u0259ti h\u0259r k\u0259sd\u0259 r\u0259\u011fb\u0259t oyad\u0131r. M\u0259kt\u0259bd\u0259 yaddaqalan t\u0259dbirl\u0259r t\u0259\u015fkil edir. D\u0259rs dediyi sinifl\u0259rd\u0259 \u015fagirdl\u0259rin m\u0259h\u0259bb\u0259tini, pedaqoji kollektivd\u0259 m\u00fc\u0259lliml\u0259rin h\u00f6rm\u0259tini qazana bilib.<\/p>\n<p>M\u0259n M\u0259lah\u0259t m\u00fc\u0259llim\u0259 il\u0259 tez-tez g\u00f6r\u00fc\u015f\u00fcr\u0259m. Konfranslarda, rayon qad\u0131n ictimaiyy\u0259ti f\u0259allar\u0131n\u0131n y\u0131\u011f\u0131ncaqlar\u0131nda, m\u00fcxt\u0259lif istiqam\u0259tli t\u0259dbirl\u0259rd\u0259 birg\u0259 i\u015ftirak edirik. M\u00fc\u0259llim\u0259nin k\u00fcrs\u00fcl\u0259rd\u0259n \u00e7\u0131x\u0131\u015flar\u0131n\u0131 \u00e7ox dinl\u0259mi\u015f\u0259m, onunla yol yolda\u015f\u0131 olmu\u015fam, \u00fcmumi m\u00f6vzularda m\u00fcxt\u0259lif\u00a0 s\u00f6hb\u0259tl\u0259r etmi\u015f\u0259m. H\u0259yata bax\u0131\u015f\u0131, d\u00fcnyag\u00f6r\u00fc\u015f\u00fc il\u0259 tan\u0131\u015f olmu\u015fam. M\u00fcnasib\u0259tl\u0259rimizd\u0259 onun ziyal\u0131 m\u00f6vqeyi xo\u015fuma g\u0259lib. Az\u0259rbaycan folkloruna, klassikl\u0259rimiz\u0259, m\u00fcasir \u015fair v\u0259 yaz\u0131\u00e7\u0131lar\u0131m\u0131za h\u0259mi\u015f\u0259 \u00f6z\u0259l bir bax\u0131\u015f\u0131 olub. H\u0259s\u0259n b\u0259y Z\u0259rdabini bir h\u0259myerlisi kimi yox, h\u0259m d\u0259 dahi \u015f\u0259xsiyy\u0259t kimi y\u00fcks\u0259k qiym\u0259tl\u0259ndirir. S\u00f6hb\u0259tl\u0259rind\u0259 t\u0259kc\u0259 Z\u0259rdabid\u0259n deyil, ayr\u0131-ayr\u0131 Az\u0259rbaycan ziyal\u0131lar\u0131ndan el\u0259 g\u00f6z\u0259l n\u00fcmun\u0259l\u0259r g\u0259tirir ki, bu xan\u0131ma heyran olmamaq m\u00fcmk\u00fcn deyil.<\/p>\n<p>M\u0259\u015fhur pedaqoqlar\u0131n \u0259s\u0259rl\u0259rind\u0259n oxumu\u015fam ki, m\u00fc\u0259llim s\u00f6zd\u0259n istifad\u0259d\u0259 s\u0259n\u0259tkar m\u0259har\u0259tin\u0259 malik olmal\u0131d\u0131r. Q\u0259dim\u00a0 yunan filosofu Aristotel is\u0259 deyib ki, \u201cH\u0259qiq\u0259t\u0259n d\u0259 h\u0259y\u0259canlanan h\u0259y\u0259canland\u0131ra , &#8230; bil\u0259r\u201d. M\u0259lah\u0259t m\u00fc\u0259llim\u0259 Az\u0259rbaycan dilini sev\u0259-sev\u0259 t\u0259dris edir, sev\u0259- sev\u0259 \u00f6yr\u0259dir. \u00d6yr\u0259d\u0259rk\u0259n h\u0259y\u0259canlan\u0131r, \u00f6z g\u00f6z\u0259l emosiyalar\u0131 il\u0259 \u015fagirdl\u0259rini d\u0259 yax\u015f\u0131 m\u0259nada h\u0259y\u0259canland\u0131r\u0131r. D\u0259rs dediyi yeniyetm\u0259l\u0259r\u0259 \u00f6z m\u0259n\u0259vi d\u00fcnyas\u0131ndan pay verir. \u018fziz m\u00fc\u0259llim\u0259, Allah bu sevgini Sizd\u0259n he\u00e7 vaxt \u0259sirg\u0259m\u0259sin. Bulaq kimi \u00e7a\u011flayan q\u0259lbinizi z\u0259ngin diliniz h\u0259mi\u015f\u0259 bel\u0259c\u0259-m\u0259h\u0259bb\u0259tl\u0259 ifad\u0259 etsin!<\/p>\n<p><span style=\"color: #ff0000;\"><strong>T\u018fRLAN ABDULLAYEVA, \u201c\u018fkin\u00e7i\u201dnin m\u00fcxbiri.<\/strong><\/span><\/p>\n","protected":false},"excerpt":{"rendered":"<p>S\u00f6hb\u0259t Yarm\u0259mm\u0259dba\u011f\u0131 k\u0259nd tam orta m\u0259kt\u0259binin m\u00fc\u0259llim\u0259si M\u0259lah\u0259t \u018fliyevadan gedir.\u00a0 M\u00fc\u0259llim m\u0259kt\u0259bd\u0259 \u0259sas simad\u0131r. Bu siman\u0131n savad\u0131, biliyi, t\u0259cr\u00fcb\u0259si, ictimai, siyasi-\u0259xlaqi keyfiyy\u0259tl\u0259ri, m\u0259n\u0259n z\u0259nginliyi, v\u0259t\u0259nda\u015fl\u0131\u011f\u0131, ayd\u0131n, s\u0259lis diksiyas\u0131, d\u00fczg\u00fcn t\u0259l\u0259ff\u00fcz\u00fc, f\u0259nni m\u0259nims\u0259tm\u0259k m\u0259har\u0259ti tam halda onun varl\u0131\u011f\u0131n\u0131 \u00fcz\u0259 \u00e7\u0131xaran amill\u0259rdir. \u018fg\u0259r h\u0259r hans\u0131 bir m\u00fc\u0259llim d\u0259rs dediyi dild\u0259 \u00f6z fikrini anla\u015f\u0131ql\u0131 \u015f\u0259kild\u0259 \u015f\u0259rh ed\u0259 bilmirs\u0259, [&hellip;]<\/p>\n","protected":false},"author":1,"featured_media":0,"comment_status":"open","ping_status":"open","sticky":false,"template":"","format":"standard","meta":{"footnotes":""},"categories":[7],"tags":[],"class_list":{"0":"post-11308","1":"post","2":"type-post","3":"status-publish","4":"format-standard","6":"category-ziyalilar"},"yoast_head":"<!-- This site is optimized with the Yoast SEO plugin v27.0 - https:\/\/yoast.com\/product\/yoast-seo-wordpress\/ -->\n<title>Daim sevgi il\u0259 xat\u0131rlanan M\u0259lah\u0259t m\u00fc\u0259llim\u0259 - Z\u0259rdab.com<\/title>\n<meta name=\"robots\" content=\"index, follow, max-snippet:-1, max-image-preview:large, max-video-preview:-1\" \/>\n<link rel=\"canonical\" href=\"https:\/\/www.zerdab.com\/?p=11308\" \/>\n<meta property=\"og:locale\" content=\"az_AZ\" \/>\n<meta property=\"og:type\" content=\"article\" \/>\n<meta property=\"og:title\" content=\"Daim sevgi il\u0259 xat\u0131rlanan M\u0259lah\u0259t m\u00fc\u0259llim\u0259 - Z\u0259rdab.com\" \/>\n<meta property=\"og:description\" content=\"S\u00f6hb\u0259t Yarm\u0259mm\u0259dba\u011f\u0131 k\u0259nd tam orta m\u0259kt\u0259binin m\u00fc\u0259llim\u0259si M\u0259lah\u0259t \u018fliyevadan gedir.\u00a0 M\u00fc\u0259llim m\u0259kt\u0259bd\u0259 \u0259sas simad\u0131r. Bu siman\u0131n savad\u0131, biliyi, t\u0259cr\u00fcb\u0259si, ictimai, siyasi-\u0259xlaqi keyfiyy\u0259tl\u0259ri, m\u0259n\u0259n z\u0259nginliyi, v\u0259t\u0259nda\u015fl\u0131\u011f\u0131, ayd\u0131n, s\u0259lis diksiyas\u0131, d\u00fczg\u00fcn t\u0259l\u0259ff\u00fcz\u00fc, f\u0259nni m\u0259nims\u0259tm\u0259k m\u0259har\u0259ti tam halda onun varl\u0131\u011f\u0131n\u0131 \u00fcz\u0259 \u00e7\u0131xaran amill\u0259rdir. \u018fg\u0259r h\u0259r hans\u0131 bir m\u00fc\u0259llim d\u0259rs dediyi dild\u0259 \u00f6z fikrini anla\u015f\u0131ql\u0131 \u015f\u0259kild\u0259 \u015f\u0259rh ed\u0259 bilmirs\u0259, [&hellip;]\" \/>\n<meta property=\"og:url\" content=\"https:\/\/www.zerdab.com\/?p=11308\" \/>\n<meta property=\"og:site_name\" content=\"Z\u0259rdab.com\" \/>\n<meta property=\"article:published_time\" content=\"2013-07-26T03:00:54+00:00\" \/>\n<meta property=\"og:image\" content=\"http:\/\/www.zerdab.com\/wp-content\/uploads\/2013\/07\/Ana-dili.jpg\" \/>\n<meta name=\"author\" content=\"admin\" \/>\n<meta name=\"twitter:card\" content=\"summary_large_image\" \/>\n<meta name=\"twitter:label1\" content=\"Written by\" \/>\n\t<meta name=\"twitter:data1\" content=\"admin\" \/>\n\t<meta name=\"twitter:label2\" content=\"Est. reading time\" \/>\n\t<meta name=\"twitter:data2\" content=\"4 minutes\" \/>\n<script type=\"application\/ld+json\" class=\"yoast-schema-graph\">{\"@context\":\"https:\/\/schema.org\",\"@graph\":[{\"@type\":\"Article\",\"@id\":\"https:\/\/www.zerdab.com\/?p=11308#article\",\"isPartOf\":{\"@id\":\"https:\/\/www.zerdab.com\/?p=11308\"},\"author\":{\"name\":\"admin\",\"@id\":\"https:\/\/www.zerdab.com\/#\/schema\/person\/97079b7570c1e89ec0d9e138c3672136\"},\"headline\":\"Daim sevgi il\u0259 xat\u0131rlanan M\u0259lah\u0259t m\u00fc\u0259llim\u0259\",\"datePublished\":\"2013-07-26T03:00:54+00:00\",\"mainEntityOfPage\":{\"@id\":\"https:\/\/www.zerdab.com\/?p=11308\"},\"wordCount\":806,\"commentCount\":0,\"image\":{\"@id\":\"https:\/\/www.zerdab.com\/?p=11308#primaryimage\"},\"thumbnailUrl\":\"http:\/\/www.zerdab.com\/wp-content\/uploads\/2013\/07\/Ana-dili.jpg\",\"articleSection\":[\"F\u018fXRL\u018fR\u0130M\u0130Z\"],\"inLanguage\":\"az\",\"potentialAction\":[{\"@type\":\"CommentAction\",\"name\":\"Comment\",\"target\":[\"https:\/\/www.zerdab.com\/?p=11308#respond\"]}]},{\"@type\":\"WebPage\",\"@id\":\"https:\/\/www.zerdab.com\/?p=11308\",\"url\":\"https:\/\/www.zerdab.com\/?p=11308\",\"name\":\"Daim sevgi il\u0259 xat\u0131rlanan M\u0259lah\u0259t m\u00fc\u0259llim\u0259 - Z\u0259rdab.com\",\"isPartOf\":{\"@id\":\"https:\/\/www.zerdab.com\/#website\"},\"primaryImageOfPage\":{\"@id\":\"https:\/\/www.zerdab.com\/?p=11308#primaryimage\"},\"image\":{\"@id\":\"https:\/\/www.zerdab.com\/?p=11308#primaryimage\"},\"thumbnailUrl\":\"http:\/\/www.zerdab.com\/wp-content\/uploads\/2013\/07\/Ana-dili.jpg\",\"datePublished\":\"2013-07-26T03:00:54+00:00\",\"author\":{\"@id\":\"https:\/\/www.zerdab.com\/#\/schema\/person\/97079b7570c1e89ec0d9e138c3672136\"},\"breadcrumb\":{\"@id\":\"https:\/\/www.zerdab.com\/?p=11308#breadcrumb\"},\"inLanguage\":\"az\",\"potentialAction\":[{\"@type\":\"ReadAction\",\"target\":[\"https:\/\/www.zerdab.com\/?p=11308\"]}]},{\"@type\":\"ImageObject\",\"inLanguage\":\"az\",\"@id\":\"https:\/\/www.zerdab.com\/?p=11308#primaryimage\",\"url\":\"\",\"contentUrl\":\"\"},{\"@type\":\"BreadcrumbList\",\"@id\":\"https:\/\/www.zerdab.com\/?p=11308#breadcrumb\",\"itemListElement\":[{\"@type\":\"ListItem\",\"position\":1,\"name\":\"Home\",\"item\":\"https:\/\/www.zerdab.com\/\"},{\"@type\":\"ListItem\",\"position\":2,\"name\":\"Daim sevgi il\u0259 xat\u0131rlanan M\u0259lah\u0259t m\u00fc\u0259llim\u0259\"}]},{\"@type\":\"WebSite\",\"@id\":\"https:\/\/www.zerdab.com\/#website\",\"url\":\"https:\/\/www.zerdab.com\/\",\"name\":\"Z\u0259rdab.com\",\"description\":\"\",\"potentialAction\":[{\"@type\":\"SearchAction\",\"target\":{\"@type\":\"EntryPoint\",\"urlTemplate\":\"https:\/\/www.zerdab.com\/?s={search_term_string}\"},\"query-input\":{\"@type\":\"PropertyValueSpecification\",\"valueRequired\":true,\"valueName\":\"search_term_string\"}}],\"inLanguage\":\"az\"},{\"@type\":\"Person\",\"@id\":\"https:\/\/www.zerdab.com\/#\/schema\/person\/97079b7570c1e89ec0d9e138c3672136\",\"name\":\"admin\",\"image\":{\"@type\":\"ImageObject\",\"inLanguage\":\"az\",\"@id\":\"https:\/\/www.zerdab.com\/#\/schema\/person\/image\/\",\"url\":\"https:\/\/secure.gravatar.com\/avatar\/d9c52a9a27c32119cb6679a077fa3e2779e5f822c451cbf01098004361d466ec?s=96&d=mm&r=g\",\"contentUrl\":\"https:\/\/secure.gravatar.com\/avatar\/d9c52a9a27c32119cb6679a077fa3e2779e5f822c451cbf01098004361d466ec?s=96&d=mm&r=g\",\"caption\":\"admin\"},\"url\":\"https:\/\/www.zerdab.com\/?author=1\"}]}<\/script>\n<!-- \/ Yoast SEO plugin. -->","yoast_head_json":{"title":"Daim sevgi il\u0259 xat\u0131rlanan M\u0259lah\u0259t m\u00fc\u0259llim\u0259 - Z\u0259rdab.com","robots":{"index":"index","follow":"follow","max-snippet":"max-snippet:-1","max-image-preview":"max-image-preview:large","max-video-preview":"max-video-preview:-1"},"canonical":"https:\/\/www.zerdab.com\/?p=11308","og_locale":"az_AZ","og_type":"article","og_title":"Daim sevgi il\u0259 xat\u0131rlanan M\u0259lah\u0259t m\u00fc\u0259llim\u0259 - Z\u0259rdab.com","og_description":"S\u00f6hb\u0259t Yarm\u0259mm\u0259dba\u011f\u0131 k\u0259nd tam orta m\u0259kt\u0259binin m\u00fc\u0259llim\u0259si M\u0259lah\u0259t \u018fliyevadan gedir.\u00a0 M\u00fc\u0259llim m\u0259kt\u0259bd\u0259 \u0259sas simad\u0131r. Bu siman\u0131n savad\u0131, biliyi, t\u0259cr\u00fcb\u0259si, ictimai, siyasi-\u0259xlaqi keyfiyy\u0259tl\u0259ri, m\u0259n\u0259n z\u0259nginliyi, v\u0259t\u0259nda\u015fl\u0131\u011f\u0131, ayd\u0131n, s\u0259lis diksiyas\u0131, d\u00fczg\u00fcn t\u0259l\u0259ff\u00fcz\u00fc, f\u0259nni m\u0259nims\u0259tm\u0259k m\u0259har\u0259ti tam halda onun varl\u0131\u011f\u0131n\u0131 \u00fcz\u0259 \u00e7\u0131xaran amill\u0259rdir. \u018fg\u0259r h\u0259r hans\u0131 bir m\u00fc\u0259llim d\u0259rs dediyi dild\u0259 \u00f6z fikrini anla\u015f\u0131ql\u0131 \u015f\u0259kild\u0259 \u015f\u0259rh ed\u0259 bilmirs\u0259, [&hellip;]","og_url":"https:\/\/www.zerdab.com\/?p=11308","og_site_name":"Z\u0259rdab.com","article_published_time":"2013-07-26T03:00:54+00:00","og_image":[{"url":"http:\/\/www.zerdab.com\/wp-content\/uploads\/2013\/07\/Ana-dili.jpg","type":"","width":"","height":""}],"author":"admin","twitter_card":"summary_large_image","twitter_misc":{"Written by":"admin","Est. reading time":"4 minutes"},"schema":{"@context":"https:\/\/schema.org","@graph":[{"@type":"Article","@id":"https:\/\/www.zerdab.com\/?p=11308#article","isPartOf":{"@id":"https:\/\/www.zerdab.com\/?p=11308"},"author":{"name":"admin","@id":"https:\/\/www.zerdab.com\/#\/schema\/person\/97079b7570c1e89ec0d9e138c3672136"},"headline":"Daim sevgi il\u0259 xat\u0131rlanan M\u0259lah\u0259t m\u00fc\u0259llim\u0259","datePublished":"2013-07-26T03:00:54+00:00","mainEntityOfPage":{"@id":"https:\/\/www.zerdab.com\/?p=11308"},"wordCount":806,"commentCount":0,"image":{"@id":"https:\/\/www.zerdab.com\/?p=11308#primaryimage"},"thumbnailUrl":"http:\/\/www.zerdab.com\/wp-content\/uploads\/2013\/07\/Ana-dili.jpg","articleSection":["F\u018fXRL\u018fR\u0130M\u0130Z"],"inLanguage":"az","potentialAction":[{"@type":"CommentAction","name":"Comment","target":["https:\/\/www.zerdab.com\/?p=11308#respond"]}]},{"@type":"WebPage","@id":"https:\/\/www.zerdab.com\/?p=11308","url":"https:\/\/www.zerdab.com\/?p=11308","name":"Daim sevgi il\u0259 xat\u0131rlanan M\u0259lah\u0259t m\u00fc\u0259llim\u0259 - Z\u0259rdab.com","isPartOf":{"@id":"https:\/\/www.zerdab.com\/#website"},"primaryImageOfPage":{"@id":"https:\/\/www.zerdab.com\/?p=11308#primaryimage"},"image":{"@id":"https:\/\/www.zerdab.com\/?p=11308#primaryimage"},"thumbnailUrl":"http:\/\/www.zerdab.com\/wp-content\/uploads\/2013\/07\/Ana-dili.jpg","datePublished":"2013-07-26T03:00:54+00:00","author":{"@id":"https:\/\/www.zerdab.com\/#\/schema\/person\/97079b7570c1e89ec0d9e138c3672136"},"breadcrumb":{"@id":"https:\/\/www.zerdab.com\/?p=11308#breadcrumb"},"inLanguage":"az","potentialAction":[{"@type":"ReadAction","target":["https:\/\/www.zerdab.com\/?p=11308"]}]},{"@type":"ImageObject","inLanguage":"az","@id":"https:\/\/www.zerdab.com\/?p=11308#primaryimage","url":"","contentUrl":""},{"@type":"BreadcrumbList","@id":"https:\/\/www.zerdab.com\/?p=11308#breadcrumb","itemListElement":[{"@type":"ListItem","position":1,"name":"Home","item":"https:\/\/www.zerdab.com\/"},{"@type":"ListItem","position":2,"name":"Daim sevgi il\u0259 xat\u0131rlanan M\u0259lah\u0259t m\u00fc\u0259llim\u0259"}]},{"@type":"WebSite","@id":"https:\/\/www.zerdab.com\/#website","url":"https:\/\/www.zerdab.com\/","name":"Z\u0259rdab.com","description":"","potentialAction":[{"@type":"SearchAction","target":{"@type":"EntryPoint","urlTemplate":"https:\/\/www.zerdab.com\/?s={search_term_string}"},"query-input":{"@type":"PropertyValueSpecification","valueRequired":true,"valueName":"search_term_string"}}],"inLanguage":"az"},{"@type":"Person","@id":"https:\/\/www.zerdab.com\/#\/schema\/person\/97079b7570c1e89ec0d9e138c3672136","name":"admin","image":{"@type":"ImageObject","inLanguage":"az","@id":"https:\/\/www.zerdab.com\/#\/schema\/person\/image\/","url":"https:\/\/secure.gravatar.com\/avatar\/d9c52a9a27c32119cb6679a077fa3e2779e5f822c451cbf01098004361d466ec?s=96&d=mm&r=g","contentUrl":"https:\/\/secure.gravatar.com\/avatar\/d9c52a9a27c32119cb6679a077fa3e2779e5f822c451cbf01098004361d466ec?s=96&d=mm&r=g","caption":"admin"},"url":"https:\/\/www.zerdab.com\/?author=1"}]}},"_links":{"self":[{"href":"https:\/\/www.zerdab.com\/index.php?rest_route=\/wp\/v2\/posts\/11308","targetHints":{"allow":["GET"]}}],"collection":[{"href":"https:\/\/www.zerdab.com\/index.php?rest_route=\/wp\/v2\/posts"}],"about":[{"href":"https:\/\/www.zerdab.com\/index.php?rest_route=\/wp\/v2\/types\/post"}],"author":[{"embeddable":true,"href":"https:\/\/www.zerdab.com\/index.php?rest_route=\/wp\/v2\/users\/1"}],"replies":[{"embeddable":true,"href":"https:\/\/www.zerdab.com\/index.php?rest_route=%2Fwp%2Fv2%2Fcomments&post=11308"}],"version-history":[{"count":5,"href":"https:\/\/www.zerdab.com\/index.php?rest_route=\/wp\/v2\/posts\/11308\/revisions"}],"predecessor-version":[{"id":11314,"href":"https:\/\/www.zerdab.com\/index.php?rest_route=\/wp\/v2\/posts\/11308\/revisions\/11314"}],"wp:attachment":[{"href":"https:\/\/www.zerdab.com\/index.php?rest_route=%2Fwp%2Fv2%2Fmedia&parent=11308"}],"wp:term":[{"taxonomy":"category","embeddable":true,"href":"https:\/\/www.zerdab.com\/index.php?rest_route=%2Fwp%2Fv2%2Fcategories&post=11308"},{"taxonomy":"post_tag","embeddable":true,"href":"https:\/\/www.zerdab.com\/index.php?rest_route=%2Fwp%2Fv2%2Ftags&post=11308"}],"curies":[{"name":"wp","href":"https:\/\/api.w.org\/{rel}","templated":true}]}}