{"id":11365,"date":"2013-07-30T17:44:19","date_gmt":"2013-07-30T12:44:19","guid":{"rendered":"http:\/\/www.zerdab.com\/?p=11365"},"modified":"2013-07-30T17:52:26","modified_gmt":"2013-07-30T12:52:26","slug":"bu-d%c9%99f%c9%99-diqq%c9%99td%c9%99-z%c9%99rdab-rayonudur-deputatin-v%c9%99-jurnalistin-movqeyi","status":"publish","type":"post","link":"https:\/\/www.zerdab.com\/?p=11365","title":{"rendered":"Bu d\u0259f\u0259 diqq\u0259td\u0259 Z\u0259rdab rayonudur; deputat\u0131n v\u0259 jurnalistin m\u00f6vqeyi"},"content":{"rendered":"<figure id=\"attachment_11366\" aria-describedby=\"caption-attachment-11366\" style=\"width: 400px\" class=\"wp-caption aligncenter\"><img loading=\"lazy\" decoding=\"async\" class=\"size-full wp-image-11366\" alt=\"Jal\u0259 \u018fliyeva\" src=\"http:\/\/www.zerdab.com\/wp-content\/uploads\/2013\/07\/Jale-\u018fliyeva.jpg\" width=\"400\" height=\"300\" \/><figcaption id=\"caption-attachment-11366\" class=\"wp-caption-text\"><span style=\"color: #0000ff;\"><strong>Deputat Jal\u0259 \u018fliyeva<\/strong><\/span><\/figcaption><\/figure>\n<p><span style=\"color: #0000ff;\"><strong>\u201cRayonlardak\u0131 v\u0259ziyy\u0259t: Deputat v\u0259 jurnalist dan\u0131\u015f\u0131r\u201d layih\u0259si davam edir. Bu d\u0259f\u0259 diqq\u0259td\u0259 Z\u0259rdab rayonudur. B\u00f6lg\u0259 haqq\u0131nda 92 sayl\u0131 Z\u0259rdab-Ucar se\u00e7ki dair\u0259sind\u0259n se\u00e7ilmi\u015f deputat Jal\u0259 \u018fliyeva v\u0259 z\u0259rdabl\u0131 jurnalist Bahar R\u00fcst\u0259mli dan\u0131\u015f\u0131r. <\/strong><\/span><\/p>\n<p>Deputat Jal\u0259 \u018fliyeva deyib ki, problem olmasa, inki\u015faf da olmaz: \u201cZ\u0259rdab haqq\u0131nda az-\u00e7ox m\u0259lumat\u0131 olan h\u0259r bir insan birm\u0259nal\u0131 \u015f\u0259kild\u0259 dey\u0259 bil\u0259r ki, b\u00f6lg\u0259 son ill\u0259rd\u0259 \u0259vv\u0259lki ill\u0259rl\u0259 m\u00fcqayis\u0259 olmayacaq d\u0259r\u0259c\u0259d\u0259 d\u0259yi\u015fib. Mill\u0259t v\u0259kili kimi deyil, bunu sad\u0259 v\u0259t\u0259nda\u015f kimi deyir\u0259m. Rayona son d\u00f6vrl\u0259rd\u0259 \u00e7ox b\u00f6y\u00fck d\u00f6vl\u0259t qay\u011f\u0131s\u0131 var. Son il yar\u0131m \u0259rzind\u0259 rayonla ba\u011fl\u0131 Prezident t\u0259r\u0259find\u0259n 6 s\u0259r\u0259ncam verilib. D\u00fc\u015f\u00fcn\u00fcr\u0259m ki, bu prosesl\u0259ri qiym\u0259tl\u0259ndirm\u0259k laz\u0131md\u0131r. H\u0259r bir inki\u015fafda m\u00fctl\u0259q bir \u00e7at\u0131\u015fmazl\u0131q var. Ona g\u00f6r\u0259 d\u0259 birinci n\u00f6vb\u0259d\u0259 yax\u015f\u0131 t\u0259r\u0259fl\u0259ri qeyd etm\u0259d\u0259n problemli t\u0259r\u0259f\u0259 ke\u00e7m\u0259k ist\u0259mir\u0259m. Rayonda inan\u0131lmaz abadl\u0131q i\u015fl\u0259ri g\u00f6r\u00fcl\u00fcr. H\u0259r g\u00fcn yeni bir tikinti, yeni bir idar\u0259 insanlar\u0131n xidm\u0259tin\u0259 verilir. \u018fg\u0259r mill\u0259t v\u0259killiyin\u0259 namiz\u0259dliyimi verdiyim zamanlarda bir d\u0259n\u0259 d\u0259 olsa, t\u0259mirli, yeni standartlara cavab ver\u0259n m\u0259kt\u0259b yox idis\u0259, bu g\u00fcn art\u0131q yeni m\u0259kt\u0259bi olmayan bir ne\u00e7\u0259 k\u0259ndimiz qal\u0131b. \u0130ndi rayona ged\u0259nd\u0259 g\u00f6r\u00fcrs\u0259n ki, h\u0259qiq\u0259t\u0259n ya\u011f\u0131\u015fdan \u00e7\u0131xm\u0131\u015f g\u00f6b\u0259l\u0259k kimi h\u0259r d\u0259qiq\u0259 tikilil\u0259rin d\u0259 say\u0131 art\u0131r. Bundan ba\u015fqa, da\u015fq\u0131n zaman\u0131 rayona iqtisadi y\u00f6nd\u0259n \u00e7ox ziyan d\u0259ymi\u015fdi. Bunun qar\u015f\u0131s\u0131n\u0131 almaq \u00fc\u00e7\u00fcn \u00e7ox q\u0131sa m\u00fcdd\u0259td\u0259 i\u015fl\u0259r g\u00f6r\u00fcld\u00fc. \u0130ndi rayonun giri\u015find\u0259 35 hektar sah\u0259d\u0259 z\u0259r\u0259r \u00e7\u0259kmi\u015f insanlar \u00fc\u00e7\u00fcn evl\u0259r tikilib v\u0259 onlar\u0131n istifad\u0259sin\u0259 verilib. \u0130nsanlar da bu d\u00f6vl\u0259t i\u015fl\u0259rind\u0259n olduqca raz\u0131d\u0131rlar.<\/p>\n<p>Bunu deyim ki, problem olmasa, inki\u015faf da olmaz. \u00d6lk\u0259mizl\u0259 ba\u011fl\u0131 olan probleml\u0259r bu g\u00fcn Z\u0259rdab rayonunda da m\u00f6vcuddur. Bu probleml\u0259r d\u0259 aradan qald\u0131r\u0131l\u0131r. Z\u0259rdab\u0131n \u0259n ucqar k\u0259ndind\u0259 24 saat i\u015f\u0131q var. B\u0259lk\u0259 d\u0259 bununla ba\u011fl\u0131 \u00e7ox \u00f6y\u00fcnm\u0259y\u0259 d\u0259ym\u0259z. Yanacaq istehsal ed\u0259n \u00f6lk\u0259d\u0259 ya\u015fay\u0131r\u0131q. Niy\u0259 d\u0259 olmas\u0131n? Ancaq 10 il \u0259vv\u0259l bel\u0259 bir imkan yox idi. Z\u0259rdab \u0259hli b\u0259lk\u0259 son 200 ild\u0259 n\u0259inki i\u00e7m\u0259li suya, h\u0259tta \u0259kin sah\u0259l\u0259rini suvarma\u011fa su tapm\u0131rd\u0131. \u00d6t\u0259n il \u00f6lk\u0259d\u0259 ilk d\u0259f\u0259 olaraq Z\u0259rdaba 75 kilometr uzunlu\u011funda i\u00e7m\u0259li su x\u0259tti \u00e7\u0259kildi. Z\u0259rdab\u0131n m\u0259rk\u0259zi bu i\u00e7m\u0259li su il\u0259 t\u0259min olunub. Suyun k\u0259ndl\u0259rimiz\u0259 daha q\u0131sa m\u00fcdd\u0259td\u0259 \u00e7atd\u0131r\u0131lmas\u0131na \u00e7al\u0131\u015f\u0131r\u0131q. 8 il bundan \u00f6nc\u0259 insanlarla g\u00f6r\u00fc\u015f\u0259nd\u0259 bir s\u00f6z qeyd edirdim. Yol. H\u0259r k\u0259s yol ist\u0259yirdi. \u0130ndi Z\u0259rdab\u0131 \u0130mi\u015fliy\u0259, A\u011fcab\u0259diy\u0259 ba\u011flayan yollarda y\u00fcks\u0259k s\u0259viyy\u0259d\u0259 yol \u00e7\u0259kilib. Bundan sonra k\u0259ndin i\u00e7ind\u0259 d\u0259 yollar abadla\u015fd\u0131r\u0131lacaq.<\/p>\n<p>Bir az da m\u0259n\u0259vi probleml\u0259rd\u0259n dan\u0131\u015fmaq ist\u0259yir\u0259m. B\u0259zi yerli-yersiz insanlar\u0131n ad\u0131n\u0131 qaraldan, \u015f\u0259r\u0259f v\u0259 l\u0259yaq\u0259ti il\u0259 oynayan, he\u00e7 bir \u0259sas\u0131 olmayan m\u00f6vzular m\u0259tbuata \u00e7\u0131xar\u0131l\u0131r. Bununla ba\u011fl\u0131 a\u00e7\u0131q m\u00f6vqeyimi bildirmi\u015f\u0259m\u201d.<\/p>\n<figure id=\"attachment_11367\" aria-describedby=\"caption-attachment-11367\" style=\"width: 400px\" class=\"wp-caption aligncenter\"><img loading=\"lazy\" decoding=\"async\" class=\"size-medium wp-image-11367\" alt=\"Bahar R\u00fcst\u0259mli\" src=\"http:\/\/www.zerdab.com\/wp-content\/uploads\/2013\/07\/Bahar-R\u00fcst\u0259mli-400x540.jpg\" width=\"400\" height=\"540\" \/><figcaption id=\"caption-attachment-11367\" class=\"wp-caption-text\"><span style=\"color: #0000ff;\"><strong>Jurnalist Bahar R\u00fcst\u0259mli<\/strong><\/span><\/figcaption><\/figure>\n<p>Jurnalist Bahar R\u00fcst\u0259mli is\u0259 deyir ki, Z\u0259rdab rayonunun sosial probleml\u0259rind\u0259n n\u0259 q\u0259d\u0259r dan\u0131\u015fsaq, bit\u0259n deyil. Bunu g\u00f6rm\u0259k \u00fc\u00e7\u00fcn sad\u0259c\u0259 orada olmaq, \u0259hali il\u0259 g\u00f6r\u00fc\u015fm\u0259k laz\u0131md\u0131r: \u201cRayonun \u0259n ba\u015fl\u0131ca problemi su, qaz v\u0259 yoldur. 21-ci \u0259sr olsa da Z\u0259rdabda insanlar qaz \u00fcz\u00fcn\u0259 h\u0259sr\u0259tdir. Bir iki k\u0259ndd\u0259 v\u0259 rayon m\u0259rk\u0259zind\u0259 qaz olmas\u0131 il\u0259 i\u015f bitm\u0259z. B\u00fct\u00fcnl\u00fckl\u0259 k\u0259ndl\u0259r qazla\u015fd\u0131r\u0131lmal\u0131d\u0131r. \u0130nsanlar q\u0131\u015fda odun \u00fcmidin\u0259 qal\u0131rlar ki, onu da vaxt\u0131nda ala bilmirl\u0259r. Bundan ba\u015fqa, el\u0259 do\u011fuldu\u011fum Al\u0131b\u0259yli k\u0259ndind\u0259 icra n\u00fcmay\u0259nd\u0259sinin evin\u0259 kimi qaz x\u0259tti \u00e7\u0259kilib. Sual olur ki, niy\u0259 k\u0259nd icra n\u00fcmay\u0259nd\u0259sinin v\u0259 b\u0259l\u0259diyy\u0259 s\u0259drinin evin\u0259 kimi? Bel\u0259 \u00e7\u0131x\u0131r ki, d\u00f6vl\u0259tin qaz\u0131 ancaq m\u0259murlar \u00fc\u00e7\u00fcnd\u00fcr? Babal\u0131 dey\u0259nl\u0259rin boynuna. Amma m\u0259nd\u0259 olan m\u0259lumata g\u00f6r\u0259, icra ba\u015f\u00e7\u0131s\u0131 L\u00fctv\u0259li Babayev bu g\u00fcnl\u0259rd\u0259 ke\u00e7irdiyi iclasda deyib ki, \u201cm\u0259n Al\u0131b\u0259yli k\u0259ndin\u0259 qaz \u00e7\u0259km\u0259y\u0259c\u0259y\u0259m. \u00c7\u00fcnki Z\u0259rdab\u0131n probleml\u0259rind\u0259n daim yazan Bahar R\u00fcst\u0259mli h\u0259min k\u0259ndd\u0259ndir\u201d.<\/p>\n<p>K\u00fcr\u00fcn q\u0131ra\u011f\u0131nda yerl\u0259\u015f\u0259n rayon toz-duman i\u00e7ind\u0259dir. B\u00fct\u00fcn yollar\u0131 qaz\u0131b t\u00f6k\u00fcrl\u0259r. H\u0259r d\u0259f\u0259 se\u00e7ki g\u0259l\u0259nd\u0259 yollar\u0131 buldozerl\u0259r pis v\u0259ziyy\u0259t\u0259 qoyur. Nec\u0259 g\u0259ldi asfalt bas\u0131l\u0131r. T\u0259ki g\u00f6r\u00fcnt\u00fc olsun, g\u00f6r\u00fcnt\u00fc olsun ki, Z\u0259rdabda abadl\u0131q i\u015fl\u0259ri gedir. \u0130nsanlar t\u0259bii ki, bu v\u0259ziyy\u0259t\u0259 hidd\u0259tl\u0259nir.<\/p>\n<p>Z\u0259rdabda su problem olaraq qal\u0131r. Ucqar k\u0259ndl\u0259r susuzluqdan yan\u0131r. Ekologiya Nazirliyinin qurdu\u011fu su t\u0259mizl\u0259yici qur\u011fular\u0131n he\u00e7 biri i\u015fl\u0259mir. A\u00e7\u0131l\u0131\u015flar\u0131nda bir st\u0259kan suyu ba\u015f\u0131na \u00e7\u0259kib rayona bir daha g\u0259lm\u0259y\u0259n nazir sonradan he\u00e7 bununla maraqlan\u0131bm\u0131?<\/p>\n<p>Z\u0259rdabda guya rayon x\u0259st\u0259xanas\u0131 f\u0259aliyy\u0259t g\u00f6st\u0259rir. Amma sakinl\u0259ri axtaranda, ya G\u00f6y\u00e7ayda, ya da Ming\u0259\u00e7evird\u0259 tapars\u0131n\u0131z. Niy\u0259? \u00c7\u00fcnki n\u0259 pe\u015f\u0259kar h\u0259kim, n\u0259 d\u0259 m\u00fcasir diaqnostika avadanl\u0131\u011f\u0131 var. Buna g\u00f6r\u0259 d\u0259 do\u011fu\u015f zaman\u0131 u\u015faq \u00f6l\u00fcm\u00fc hallar\u0131 Z\u0259rdabda \u00e7oxdur.<\/p>\n<p>V\u0259 n\u0259hay\u0259t, Z\u0259rdab milli m\u0259tbuat\u0131n banisi H\u0259s\u0259n b\u0259yin v\u0259t\u0259nidir. Sonuncu d\u0259f\u0259 rayonda olanda H\u0259s\u0259n b\u0259yin evin\u0259 yolum d\u00fc\u015fd\u00fc. Ancaq m\u0259n\u0259 dedil\u0259r ki, i\u00e7\u0259ri girm\u0259k olmaz. S\u0259b\u0259bini soru\u015fduqda is\u0259 bildirdil\u0259r ki, icra ba\u015f\u00e7\u0131s\u0131 bel\u0259 qayda qoyub. Bu, t\u0259kc\u0259 m\u0259n\u0259, H\u0259s\u0259n b\u0259y Z\u0259rdabi davam\u00e7\u0131s\u0131na olan m\u00fcnasib\u0259t deyil. Z\u0259rdab m\u0259murlar\u0131 \u00fcmumiyy\u0259tl\u0259 b\u00f6lg\u0259nin probleml\u0259rini qabardan jurnalistl\u0259ri sevmirl\u0259r. Rayondan se\u00e7ildiyini dey\u0259n deputat is\u0259 b\u00f6lg\u0259yl\u0259 daim maraqland\u0131\u011f\u0131n\u0131 des\u0259 d\u0259, Z\u0259rdaba r\u0259smi t\u0259dbirl\u0259rd\u0259 gedir\u201d. \/modern.az\/<\/p>\n","protected":false},"excerpt":{"rendered":"<p>\u201cRayonlardak\u0131 v\u0259ziyy\u0259t: Deputat v\u0259 jurnalist dan\u0131\u015f\u0131r\u201d layih\u0259si davam edir. Bu d\u0259f\u0259 diqq\u0259td\u0259 Z\u0259rdab rayonudur. B\u00f6lg\u0259 haqq\u0131nda 92 sayl\u0131 Z\u0259rdab-Ucar se\u00e7ki dair\u0259sind\u0259n se\u00e7ilmi\u015f deputat Jal\u0259 \u018fliyeva v\u0259 z\u0259rdabl\u0131 jurnalist Bahar R\u00fcst\u0259mli dan\u0131\u015f\u0131r. Deputat Jal\u0259 \u018fliyeva deyib ki, problem olmasa, inki\u015faf da olmaz: \u201cZ\u0259rdab haqq\u0131nda az-\u00e7ox m\u0259lumat\u0131 olan h\u0259r bir insan birm\u0259nal\u0131 \u015f\u0259kild\u0259 dey\u0259 bil\u0259r ki, b\u00f6lg\u0259 [&hellip;]<\/p>\n","protected":false},"author":1,"featured_media":0,"comment_status":"open","ping_status":"open","sticky":false,"template":"","format":"standard","meta":{"footnotes":""},"categories":[21],"tags":[],"class_list":{"0":"post-11365","1":"post","2":"type-post","3":"status-publish","4":"format-standard","6":"category-zrdab"},"yoast_head":"<!-- This site is optimized with the Yoast SEO plugin v27.0 - https:\/\/yoast.com\/product\/yoast-seo-wordpress\/ -->\n<title>Bu d\u0259f\u0259 diqq\u0259td\u0259 Z\u0259rdab rayonudur; deputat\u0131n v\u0259 jurnalistin m\u00f6vqeyi - Z\u0259rdab.com<\/title>\n<meta name=\"robots\" content=\"index, follow, max-snippet:-1, max-image-preview:large, max-video-preview:-1\" \/>\n<link rel=\"canonical\" href=\"https:\/\/www.zerdab.com\/?p=11365\" \/>\n<meta property=\"og:locale\" content=\"az_AZ\" \/>\n<meta property=\"og:type\" content=\"article\" \/>\n<meta property=\"og:title\" content=\"Bu d\u0259f\u0259 diqq\u0259td\u0259 Z\u0259rdab rayonudur; deputat\u0131n v\u0259 jurnalistin m\u00f6vqeyi - Z\u0259rdab.com\" \/>\n<meta property=\"og:description\" content=\"\u201cRayonlardak\u0131 v\u0259ziyy\u0259t: Deputat v\u0259 jurnalist dan\u0131\u015f\u0131r\u201d layih\u0259si davam edir. Bu d\u0259f\u0259 diqq\u0259td\u0259 Z\u0259rdab rayonudur. B\u00f6lg\u0259 haqq\u0131nda 92 sayl\u0131 Z\u0259rdab-Ucar se\u00e7ki dair\u0259sind\u0259n se\u00e7ilmi\u015f deputat Jal\u0259 \u018fliyeva v\u0259 z\u0259rdabl\u0131 jurnalist Bahar R\u00fcst\u0259mli dan\u0131\u015f\u0131r. Deputat Jal\u0259 \u018fliyeva deyib ki, problem olmasa, inki\u015faf da olmaz: \u201cZ\u0259rdab haqq\u0131nda az-\u00e7ox m\u0259lumat\u0131 olan h\u0259r bir insan birm\u0259nal\u0131 \u015f\u0259kild\u0259 dey\u0259 bil\u0259r ki, b\u00f6lg\u0259 [&hellip;]\" \/>\n<meta property=\"og:url\" content=\"https:\/\/www.zerdab.com\/?p=11365\" \/>\n<meta property=\"og:site_name\" content=\"Z\u0259rdab.com\" \/>\n<meta property=\"article:published_time\" content=\"2013-07-30T12:44:19+00:00\" \/>\n<meta property=\"article:modified_time\" content=\"2013-07-30T12:52:26+00:00\" \/>\n<meta name=\"author\" content=\"admin\" \/>\n<meta name=\"twitter:card\" content=\"summary_large_image\" \/>\n<meta name=\"twitter:label1\" content=\"Written by\" \/>\n\t<meta name=\"twitter:data1\" content=\"admin\" \/>\n\t<meta name=\"twitter:label2\" content=\"Est. reading time\" \/>\n\t<meta name=\"twitter:data2\" content=\"6 minutes\" \/>\n<script type=\"application\/ld+json\" class=\"yoast-schema-graph\">{\"@context\":\"https:\/\/schema.org\",\"@graph\":[{\"@type\":\"Article\",\"@id\":\"https:\/\/www.zerdab.com\/?p=11365#article\",\"isPartOf\":{\"@id\":\"https:\/\/www.zerdab.com\/?p=11365\"},\"author\":{\"name\":\"admin\",\"@id\":\"https:\/\/www.zerdab.com\/#\/schema\/person\/97079b7570c1e89ec0d9e138c3672136\"},\"headline\":\"Bu d\u0259f\u0259 diqq\u0259td\u0259 Z\u0259rdab rayonudur; deputat\u0131n v\u0259 jurnalistin m\u00f6vqeyi\",\"datePublished\":\"2013-07-30T12:44:19+00:00\",\"dateModified\":\"2013-07-30T12:52:26+00:00\",\"mainEntityOfPage\":{\"@id\":\"https:\/\/www.zerdab.com\/?p=11365\"},\"wordCount\":1197,\"commentCount\":4,\"articleSection\":[\"C\u018fM\u0130YY\u018fT\"],\"inLanguage\":\"az\",\"potentialAction\":[{\"@type\":\"CommentAction\",\"name\":\"Comment\",\"target\":[\"https:\/\/www.zerdab.com\/?p=11365#respond\"]}]},{\"@type\":\"WebPage\",\"@id\":\"https:\/\/www.zerdab.com\/?p=11365\",\"url\":\"https:\/\/www.zerdab.com\/?p=11365\",\"name\":\"Bu d\u0259f\u0259 diqq\u0259td\u0259 Z\u0259rdab rayonudur; deputat\u0131n v\u0259 jurnalistin m\u00f6vqeyi - Z\u0259rdab.com\",\"isPartOf\":{\"@id\":\"https:\/\/www.zerdab.com\/#website\"},\"datePublished\":\"2013-07-30T12:44:19+00:00\",\"dateModified\":\"2013-07-30T12:52:26+00:00\",\"author\":{\"@id\":\"https:\/\/www.zerdab.com\/#\/schema\/person\/97079b7570c1e89ec0d9e138c3672136\"},\"breadcrumb\":{\"@id\":\"https:\/\/www.zerdab.com\/?p=11365#breadcrumb\"},\"inLanguage\":\"az\",\"potentialAction\":[{\"@type\":\"ReadAction\",\"target\":[\"https:\/\/www.zerdab.com\/?p=11365\"]}]},{\"@type\":\"BreadcrumbList\",\"@id\":\"https:\/\/www.zerdab.com\/?p=11365#breadcrumb\",\"itemListElement\":[{\"@type\":\"ListItem\",\"position\":1,\"name\":\"Home\",\"item\":\"https:\/\/www.zerdab.com\/\"},{\"@type\":\"ListItem\",\"position\":2,\"name\":\"Bu d\u0259f\u0259 diqq\u0259td\u0259 Z\u0259rdab rayonudur; deputat\u0131n v\u0259 jurnalistin m\u00f6vqeyi\"}]},{\"@type\":\"WebSite\",\"@id\":\"https:\/\/www.zerdab.com\/#website\",\"url\":\"https:\/\/www.zerdab.com\/\",\"name\":\"Z\u0259rdab.com\",\"description\":\"\",\"potentialAction\":[{\"@type\":\"SearchAction\",\"target\":{\"@type\":\"EntryPoint\",\"urlTemplate\":\"https:\/\/www.zerdab.com\/?s={search_term_string}\"},\"query-input\":{\"@type\":\"PropertyValueSpecification\",\"valueRequired\":true,\"valueName\":\"search_term_string\"}}],\"inLanguage\":\"az\"},{\"@type\":\"Person\",\"@id\":\"https:\/\/www.zerdab.com\/#\/schema\/person\/97079b7570c1e89ec0d9e138c3672136\",\"name\":\"admin\",\"image\":{\"@type\":\"ImageObject\",\"inLanguage\":\"az\",\"@id\":\"https:\/\/www.zerdab.com\/#\/schema\/person\/image\/\",\"url\":\"https:\/\/secure.gravatar.com\/avatar\/d9c52a9a27c32119cb6679a077fa3e2779e5f822c451cbf01098004361d466ec?s=96&d=mm&r=g\",\"contentUrl\":\"https:\/\/secure.gravatar.com\/avatar\/d9c52a9a27c32119cb6679a077fa3e2779e5f822c451cbf01098004361d466ec?s=96&d=mm&r=g\",\"caption\":\"admin\"},\"url\":\"https:\/\/www.zerdab.com\/?author=1\"}]}<\/script>\n<!-- \/ Yoast SEO plugin. -->","yoast_head_json":{"title":"Bu d\u0259f\u0259 diqq\u0259td\u0259 Z\u0259rdab rayonudur; deputat\u0131n v\u0259 jurnalistin m\u00f6vqeyi - Z\u0259rdab.com","robots":{"index":"index","follow":"follow","max-snippet":"max-snippet:-1","max-image-preview":"max-image-preview:large","max-video-preview":"max-video-preview:-1"},"canonical":"https:\/\/www.zerdab.com\/?p=11365","og_locale":"az_AZ","og_type":"article","og_title":"Bu d\u0259f\u0259 diqq\u0259td\u0259 Z\u0259rdab rayonudur; deputat\u0131n v\u0259 jurnalistin m\u00f6vqeyi - Z\u0259rdab.com","og_description":"\u201cRayonlardak\u0131 v\u0259ziyy\u0259t: Deputat v\u0259 jurnalist dan\u0131\u015f\u0131r\u201d layih\u0259si davam edir. Bu d\u0259f\u0259 diqq\u0259td\u0259 Z\u0259rdab rayonudur. B\u00f6lg\u0259 haqq\u0131nda 92 sayl\u0131 Z\u0259rdab-Ucar se\u00e7ki dair\u0259sind\u0259n se\u00e7ilmi\u015f deputat Jal\u0259 \u018fliyeva v\u0259 z\u0259rdabl\u0131 jurnalist Bahar R\u00fcst\u0259mli dan\u0131\u015f\u0131r. Deputat Jal\u0259 \u018fliyeva deyib ki, problem olmasa, inki\u015faf da olmaz: \u201cZ\u0259rdab haqq\u0131nda az-\u00e7ox m\u0259lumat\u0131 olan h\u0259r bir insan birm\u0259nal\u0131 \u015f\u0259kild\u0259 dey\u0259 bil\u0259r ki, b\u00f6lg\u0259 [&hellip;]","og_url":"https:\/\/www.zerdab.com\/?p=11365","og_site_name":"Z\u0259rdab.com","article_published_time":"2013-07-30T12:44:19+00:00","article_modified_time":"2013-07-30T12:52:26+00:00","author":"admin","twitter_card":"summary_large_image","twitter_misc":{"Written by":"admin","Est. reading time":"6 minutes"},"schema":{"@context":"https:\/\/schema.org","@graph":[{"@type":"Article","@id":"https:\/\/www.zerdab.com\/?p=11365#article","isPartOf":{"@id":"https:\/\/www.zerdab.com\/?p=11365"},"author":{"name":"admin","@id":"https:\/\/www.zerdab.com\/#\/schema\/person\/97079b7570c1e89ec0d9e138c3672136"},"headline":"Bu d\u0259f\u0259 diqq\u0259td\u0259 Z\u0259rdab rayonudur; deputat\u0131n v\u0259 jurnalistin m\u00f6vqeyi","datePublished":"2013-07-30T12:44:19+00:00","dateModified":"2013-07-30T12:52:26+00:00","mainEntityOfPage":{"@id":"https:\/\/www.zerdab.com\/?p=11365"},"wordCount":1197,"commentCount":4,"articleSection":["C\u018fM\u0130YY\u018fT"],"inLanguage":"az","potentialAction":[{"@type":"CommentAction","name":"Comment","target":["https:\/\/www.zerdab.com\/?p=11365#respond"]}]},{"@type":"WebPage","@id":"https:\/\/www.zerdab.com\/?p=11365","url":"https:\/\/www.zerdab.com\/?p=11365","name":"Bu d\u0259f\u0259 diqq\u0259td\u0259 Z\u0259rdab rayonudur; deputat\u0131n v\u0259 jurnalistin m\u00f6vqeyi - Z\u0259rdab.com","isPartOf":{"@id":"https:\/\/www.zerdab.com\/#website"},"datePublished":"2013-07-30T12:44:19+00:00","dateModified":"2013-07-30T12:52:26+00:00","author":{"@id":"https:\/\/www.zerdab.com\/#\/schema\/person\/97079b7570c1e89ec0d9e138c3672136"},"breadcrumb":{"@id":"https:\/\/www.zerdab.com\/?p=11365#breadcrumb"},"inLanguage":"az","potentialAction":[{"@type":"ReadAction","target":["https:\/\/www.zerdab.com\/?p=11365"]}]},{"@type":"BreadcrumbList","@id":"https:\/\/www.zerdab.com\/?p=11365#breadcrumb","itemListElement":[{"@type":"ListItem","position":1,"name":"Home","item":"https:\/\/www.zerdab.com\/"},{"@type":"ListItem","position":2,"name":"Bu d\u0259f\u0259 diqq\u0259td\u0259 Z\u0259rdab rayonudur; deputat\u0131n v\u0259 jurnalistin m\u00f6vqeyi"}]},{"@type":"WebSite","@id":"https:\/\/www.zerdab.com\/#website","url":"https:\/\/www.zerdab.com\/","name":"Z\u0259rdab.com","description":"","potentialAction":[{"@type":"SearchAction","target":{"@type":"EntryPoint","urlTemplate":"https:\/\/www.zerdab.com\/?s={search_term_string}"},"query-input":{"@type":"PropertyValueSpecification","valueRequired":true,"valueName":"search_term_string"}}],"inLanguage":"az"},{"@type":"Person","@id":"https:\/\/www.zerdab.com\/#\/schema\/person\/97079b7570c1e89ec0d9e138c3672136","name":"admin","image":{"@type":"ImageObject","inLanguage":"az","@id":"https:\/\/www.zerdab.com\/#\/schema\/person\/image\/","url":"https:\/\/secure.gravatar.com\/avatar\/d9c52a9a27c32119cb6679a077fa3e2779e5f822c451cbf01098004361d466ec?s=96&d=mm&r=g","contentUrl":"https:\/\/secure.gravatar.com\/avatar\/d9c52a9a27c32119cb6679a077fa3e2779e5f822c451cbf01098004361d466ec?s=96&d=mm&r=g","caption":"admin"},"url":"https:\/\/www.zerdab.com\/?author=1"}]}},"_links":{"self":[{"href":"https:\/\/www.zerdab.com\/index.php?rest_route=\/wp\/v2\/posts\/11365","targetHints":{"allow":["GET"]}}],"collection":[{"href":"https:\/\/www.zerdab.com\/index.php?rest_route=\/wp\/v2\/posts"}],"about":[{"href":"https:\/\/www.zerdab.com\/index.php?rest_route=\/wp\/v2\/types\/post"}],"author":[{"embeddable":true,"href":"https:\/\/www.zerdab.com\/index.php?rest_route=\/wp\/v2\/users\/1"}],"replies":[{"embeddable":true,"href":"https:\/\/www.zerdab.com\/index.php?rest_route=%2Fwp%2Fv2%2Fcomments&post=11365"}],"version-history":[{"count":5,"href":"https:\/\/www.zerdab.com\/index.php?rest_route=\/wp\/v2\/posts\/11365\/revisions"}],"predecessor-version":[{"id":11369,"href":"https:\/\/www.zerdab.com\/index.php?rest_route=\/wp\/v2\/posts\/11365\/revisions\/11369"}],"wp:attachment":[{"href":"https:\/\/www.zerdab.com\/index.php?rest_route=%2Fwp%2Fv2%2Fmedia&parent=11365"}],"wp:term":[{"taxonomy":"category","embeddable":true,"href":"https:\/\/www.zerdab.com\/index.php?rest_route=%2Fwp%2Fv2%2Fcategories&post=11365"},{"taxonomy":"post_tag","embeddable":true,"href":"https:\/\/www.zerdab.com\/index.php?rest_route=%2Fwp%2Fv2%2Ftags&post=11365"}],"curies":[{"name":"wp","href":"https:\/\/api.w.org\/{rel}","templated":true}]}}