{"id":11493,"date":"2013-08-13T13:08:07","date_gmt":"2013-08-13T08:08:07","guid":{"rendered":"http:\/\/www.zerdab.com\/?p=11493"},"modified":"2013-08-13T13:09:23","modified_gmt":"2013-08-13T08:09:23","slug":"sakinl%c9%99r-xahis-etdi-lutv%c9%99li-babayev-yerin%c9%99-yetirdi-fotosessiya","status":"publish","type":"post","link":"https:\/\/www.zerdab.com\/?p=11493","title":{"rendered":"Sakinl\u0259r xahi\u015f etdi, L\u00fctv\u0259li Babayev yerin\u0259 yetirdi &#8211; Fotosessiya"},"content":{"rendered":"<p><span style=\"color: #0000ff;\"><strong><img loading=\"lazy\" decoding=\"async\" class=\"aligncenter size-large wp-image-11494\" alt=\"B\u00f6y\u00fck D\u0259kk\u0259 k\u0259nd k\u00f6rp\u0259l\u0259r evi-u\u015faq ba\u011f\u00e7as\u0131 1\" src=\"http:\/\/www.zerdab.com\/wp-content\/uploads\/2013\/08\/B\u00f6y\u00fck-D\u0259kk\u0259-k\u0259nd-k\u00f6rp\u0259l\u0259r-evi-u\u015faq-ba\u011f\u00e7as\u0131-1-550x365.jpg\" width=\"550\" height=\"365\" \/>Z\u0259rdab rayonunun B\u00f6y\u00fck D\u0259kk\u0259 k\u0259nd k\u00f6rp\u0259l\u0259r evi-u\u015faq ba\u011f\u00e7as\u0131 \u0259sasl\u0131 t\u0259mird\u0259n sonra istifad\u0259y\u0259 verilib.<\/strong><\/span> M\u0259rasimd\u0259 Z\u0259rdab Rayon \u0130cra Hakimiyy\u0259tinin ba\u015f\u00e7\u0131s\u0131 L\u00fctv\u0259li Babayev i\u015ftirak edib. L\u00fctv\u0259li Babayev bildirib ki, son ill\u0259rd\u0259 respublikam\u0131zda ged\u0259n abadl\u0131q, quruculuq v\u0259 yenid\u0259nqurma i\u015fl\u0259ri rayonumuzdan da yan ke\u00e7m\u0259yib. Bildirilib ki, k\u0259nd \u0259halisi il\u0259 rayon r\u0259hb\u0259rinin 14 mart 2013-c\u00fc il tarixd\u0259 ke\u00e7irilmi\u015f g\u00f6r\u00fc\u015f\u00fcnd\u0259 sakinl\u0259r k\u0259nd\u0259 t\u0259bii qaz x\u0259ttinin \u00e7\u0259kili\u015fi v\u0259 k\u0259nd u\u015faq ba\u011f\u00e7as\u0131-k\u00f6rp\u0259l\u0259r evinin t\u0259miri, mebel v\u0259 m\u0259tb\u0259x \u0259\u015fyalar\u0131 il\u0259 t\u0259minat\u0131 t\u0259klifi il\u0259 \u00e7\u0131x\u0131\u015f edibl\u0259r. Art\u0131q k\u0259nd\u0259 t\u0259bii qaz x\u0259tti \u00e7\u0259kilib v\u0259 yax\u0131n g\u00fcnl\u0259rd\u0259 istifad\u0259y\u0259 veril\u0259c\u0259k. K\u0259nd u\u015faq ba\u011f\u00e7as\u0131-k\u00f6rp\u0259l\u0259r evinin binas\u0131 is\u0259 \u0259sasl\u0131 t\u0259mir olunmaqla yana\u015f\u0131, t\u0259z\u0259 mebel, m\u0259tb\u0259x \u0259\u015fyalar\u0131 v\u0259 dig\u0259r z\u0259ruri avadanl\u0131qlarla t\u0259chiz edilib v\u0259 k\u0259nd sakinl\u0259rinin istifad\u0259sin\u0259 verilib.<\/p>\n<p>\u00c7\u0131x\u0131\u015f ed\u0259n k\u0259nd sakinl\u0259ri onlara g\u00f6st\u0259ril\u0259n bu diqq\u0259t v\u0259 qay\u011f\u0131ya g\u00f6r\u0259 \u00f6lk\u0259 r\u0259hb\u0259rin\u0259 \u00f6z d\u0259rin minn\u0259tdarl\u0131qlar\u0131n\u0131 bildiribl\u0259r. K\u0259nd sakinl\u0259ri bildiribl\u0259r ki, qar\u015f\u0131dan g\u0259l\u0259n m\u00fch\u00fcm siyasi kampaniya &#8211; prezident se\u00e7kil\u0259rind\u0259 xalq\u0131n \u0259n layiqli namiz\u0259din\u0259 &#8211; \u0130lham Heyd\u0259r o\u011flu \u018fliyev\u0259 s\u0259s ver\u0259c\u0259kl\u0259r. Sonda tikintid\u0259 \u00e7al\u0131\u015fanlara v\u0259 bu il ba\u011f\u00e7adan m\u0259kt\u0259b\u0259 ged\u0259n u\u015faqlara h\u0259diyy\u0259l\u0259r verilib.<\/p>\n<p>Zerdab.com<\/p>\n<p><img loading=\"lazy\" decoding=\"async\" class=\"aligncenter size-large wp-image-11495\" alt=\"B\u00f6y\u00fck D\u0259kk\u0259 k\u0259nd k\u00f6rp\u0259l\u0259r evi-u\u015faq ba\u011f\u00e7as\u0131\" src=\"http:\/\/www.zerdab.com\/wp-content\/uploads\/2013\/08\/B\u00f6y\u00fck-D\u0259kk\u0259-k\u0259nd-k\u00f6rp\u0259l\u0259r-evi-u\u015faq-ba\u011f\u00e7as\u0131-550x365.jpg\" width=\"550\" height=\"365\" \/><img loading=\"lazy\" decoding=\"async\" class=\"aligncenter size-large wp-image-11496\" alt=\"B\u00f6y\u00fck D\u0259kk\u0259 k\u0259nd k\u00f6rp\u0259l\u0259r evi-u\u015faq ba\u011f\u00e7as\u0131 2\" src=\"http:\/\/www.zerdab.com\/wp-content\/uploads\/2013\/08\/B\u00f6y\u00fck-D\u0259kk\u0259-k\u0259nd-k\u00f6rp\u0259l\u0259r-evi-u\u015faq-ba\u011f\u00e7as\u0131-2-550x365.jpg\" width=\"550\" height=\"365\" \/><\/p>\n<p><img loading=\"lazy\" decoding=\"async\" class=\"aligncenter size-large wp-image-11496\" alt=\"B\u00f6y\u00fck D\u0259kk\u0259 k\u0259nd k\u00f6rp\u0259l\u0259r evi-u\u015faq ba\u011f\u00e7as\u0131\" src=\"http:\/\/www.zerdab.com\/wp-content\/uploads\/2013\/08\/B\u00f6y\u00fck-D\u0259kk\u0259-k\u0259nd-k\u00f6rp\u0259l\u0259r-evi-u\u015faq-ba\u011f\u00e7as\u0131-2-550x365.jpg\" width=\"550\" height=\"365\" \/><img loading=\"lazy\" decoding=\"async\" class=\"aligncenter size-large wp-image-11497\" alt=\"B\u00f6y\u00fck D\u0259kk\u0259 k\u0259nd k\u00f6rp\u0259l\u0259r evi\" src=\"http:\/\/www.zerdab.com\/wp-content\/uploads\/2013\/08\/B\u00f6y\u00fck-D\u0259kk\u0259-k\u0259nd-k\u00f6rp\u0259l\u0259r-evi-u\u015faq-ba\u011f\u00e7as\u0131-3-550x365.jpg\" width=\"550\" height=\"365\" \/><img loading=\"lazy\" decoding=\"async\" class=\"aligncenter size-large wp-image-11498\" alt=\"B\u00f6y\u00fck D\u0259kk\u0259 k\u0259nd k\u00f6rp\u0259l\u0259r evi\" src=\"http:\/\/www.zerdab.com\/wp-content\/uploads\/2013\/08\/B\u00f6y\u00fck-D\u0259kk\u0259-k\u0259nd-k\u00f6rp\u0259l\u0259r-evi-u\u015faq-ba\u011f\u00e7as\u0131-5-550x365.jpg\" width=\"550\" height=\"365\" \/><img loading=\"lazy\" decoding=\"async\" class=\"aligncenter size-large wp-image-11499\" alt=\"B\u00f6y\u00fck D\u0259kk\u0259 k\u0259nd k\u00f6rp\u0259l\u0259r evi\" src=\"http:\/\/www.zerdab.com\/wp-content\/uploads\/2013\/08\/B\u00f6y\u00fck-D\u0259kk\u0259-k\u0259nd-k\u00f6rp\u0259l\u0259r-evi-u\u015faq-ba\u011f\u00e7as\u0131-4-550x365.jpg\" width=\"550\" height=\"365\" \/><img loading=\"lazy\" decoding=\"async\" class=\"aligncenter size-large wp-image-11500\" alt=\"B\u00f6y\u00fck D\u0259kk\u0259 k\u0259nd k\u00f6rp\u0259l\u0259r evi\" src=\"http:\/\/www.zerdab.com\/wp-content\/uploads\/2013\/08\/B\u00f6y\u00fck-D\u0259kk\u0259-k\u0259nd-k\u00f6rp\u0259l\u0259r-evi-u\u015faq-ba\u011f\u00e7as\u0131-10-550x365.jpg\" width=\"550\" height=\"365\" \/><img loading=\"lazy\" decoding=\"async\" class=\"aligncenter size-large wp-image-11501\" alt=\"B\u00f6y\u00fck D\u0259kk\u0259 k\u0259nd k\u00f6rp\u0259l\u0259r evi\" src=\"http:\/\/www.zerdab.com\/wp-content\/uploads\/2013\/08\/B\u00f6y\u00fck-D\u0259kk\u0259-k\u0259nd-k\u00f6rp\u0259l\u0259r-evi-u\u015faq-ba\u011f\u00e7as\u0131-9-365x550.jpg\" width=\"365\" height=\"550\" \/><img loading=\"lazy\" decoding=\"async\" class=\"aligncenter size-large wp-image-11502\" alt=\"B\u00f6y\u00fck D\u0259kk\u0259 k\u0259nd k\u00f6rp\u0259l\u0259r evi\" src=\"http:\/\/www.zerdab.com\/wp-content\/uploads\/2013\/08\/B\u00f6y\u00fck-D\u0259kk\u0259-k\u0259nd-k\u00f6rp\u0259l\u0259r-evi-u\u015faq-ba\u011f\u00e7as\u0131-11-550x365.jpg\" width=\"550\" height=\"365\" \/><img loading=\"lazy\" decoding=\"async\" class=\"aligncenter size-large wp-image-11503\" alt=\"B\u00f6y\u00fck D\u0259kk\u0259 k\u0259nd k\u00f6rp\u0259l\u0259r evi\" src=\"http:\/\/www.zerdab.com\/wp-content\/uploads\/2013\/08\/B\u00f6y\u00fck-D\u0259kk\u0259-k\u0259nd-k\u00f6rp\u0259l\u0259r-evi-u\u015faq-ba\u011f\u00e7as\u0131-12-550x365.jpg\" width=\"550\" height=\"365\" \/><img loading=\"lazy\" decoding=\"async\" class=\"aligncenter size-large wp-image-11504\" alt=\"B\u00f6y\u00fck D\u0259kk\u0259 k\u0259nd k\u00f6rp\u0259l\u0259r evi\" src=\"http:\/\/www.zerdab.com\/wp-content\/uploads\/2013\/08\/B\u00f6y\u00fck-D\u0259kk\u0259-k\u0259nd-k\u00f6rp\u0259l\u0259r-evi-u\u015faq-ba\u011f\u00e7as\u0131-16-550x365.jpg\" width=\"550\" height=\"365\" \/><img loading=\"lazy\" decoding=\"async\" class=\"aligncenter size-large wp-image-11505\" alt=\"B\u00f6y\u00fck D\u0259kk\u0259 k\u0259nd k\u00f6rp\u0259l\u0259r evi\" src=\"http:\/\/www.zerdab.com\/wp-content\/uploads\/2013\/08\/B\u00f6y\u00fck-D\u0259kk\u0259-k\u0259nd-k\u00f6rp\u0259l\u0259r-evi-u\u015faq-ba\u011f\u00e7as\u0131-15-550x365.jpg\" width=\"550\" height=\"365\" \/><img loading=\"lazy\" decoding=\"async\" class=\"aligncenter size-large wp-image-11506\" alt=\"B\u00f6y\u00fck D\u0259kk\u0259 k\u0259nd k\u00f6rp\u0259l\u0259r evi\" src=\"http:\/\/www.zerdab.com\/wp-content\/uploads\/2013\/08\/B\u00f6y\u00fck-D\u0259kk\u0259-k\u0259nd-k\u00f6rp\u0259l\u0259r-evi-u\u015faq-ba\u011f\u00e7as\u0131-7-550x365.jpg\" width=\"550\" height=\"365\" \/><img loading=\"lazy\" decoding=\"async\" class=\"aligncenter size-large wp-image-11507\" alt=\"B\u00f6y\u00fck D\u0259kk\u0259 k\u0259nd k\u00f6rp\u0259l\u0259r evi\" src=\"http:\/\/www.zerdab.com\/wp-content\/uploads\/2013\/08\/B\u00f6y\u00fck-D\u0259kk\u0259-k\u0259nd-k\u00f6rp\u0259l\u0259r-evi-u\u015faq-ba\u011f\u00e7as\u0131-8-550x365.jpg\" width=\"550\" height=\"365\" \/><\/p>\n","protected":false},"excerpt":{"rendered":"<p>Z\u0259rdab rayonunun B\u00f6y\u00fck D\u0259kk\u0259 k\u0259nd k\u00f6rp\u0259l\u0259r evi-u\u015faq ba\u011f\u00e7as\u0131 \u0259sasl\u0131 t\u0259mird\u0259n sonra istifad\u0259y\u0259 verilib. M\u0259rasimd\u0259 Z\u0259rdab Rayon \u0130cra Hakimiyy\u0259tinin ba\u015f\u00e7\u0131s\u0131 L\u00fctv\u0259li Babayev i\u015ftirak edib. L\u00fctv\u0259li Babayev bildirib ki, son ill\u0259rd\u0259 respublikam\u0131zda ged\u0259n abadl\u0131q, quruculuq v\u0259 yenid\u0259nqurma i\u015fl\u0259ri rayonumuzdan da yan ke\u00e7m\u0259yib. Bildirilib ki, k\u0259nd \u0259halisi il\u0259 rayon r\u0259hb\u0259rinin 14 mart 2013-c\u00fc il tarixd\u0259 ke\u00e7irilmi\u015f g\u00f6r\u00fc\u015f\u00fcnd\u0259 sakinl\u0259r [&hellip;]<\/p>\n","protected":false},"author":1,"featured_media":0,"comment_status":"open","ping_status":"open","sticky":false,"template":"","format":"standard","meta":{"footnotes":""},"categories":[21],"tags":[],"class_list":{"0":"post-11493","1":"post","2":"type-post","3":"status-publish","4":"format-standard","6":"category-zrdab"},"yoast_head":"<!-- This site is optimized with the Yoast SEO plugin v27.0 - https:\/\/yoast.com\/product\/yoast-seo-wordpress\/ -->\n<title>Sakinl\u0259r xahi\u015f etdi, L\u00fctv\u0259li Babayev yerin\u0259 yetirdi - Fotosessiya - Z\u0259rdab.com<\/title>\n<meta name=\"robots\" content=\"index, follow, max-snippet:-1, max-image-preview:large, max-video-preview:-1\" \/>\n<link rel=\"canonical\" href=\"https:\/\/www.zerdab.com\/?p=11493\" \/>\n<meta property=\"og:locale\" content=\"az_AZ\" \/>\n<meta property=\"og:type\" content=\"article\" \/>\n<meta property=\"og:title\" content=\"Sakinl\u0259r xahi\u015f etdi, L\u00fctv\u0259li Babayev yerin\u0259 yetirdi - Fotosessiya - Z\u0259rdab.com\" \/>\n<meta property=\"og:description\" content=\"Z\u0259rdab rayonunun B\u00f6y\u00fck D\u0259kk\u0259 k\u0259nd k\u00f6rp\u0259l\u0259r evi-u\u015faq ba\u011f\u00e7as\u0131 \u0259sasl\u0131 t\u0259mird\u0259n sonra istifad\u0259y\u0259 verilib. M\u0259rasimd\u0259 Z\u0259rdab Rayon \u0130cra Hakimiyy\u0259tinin ba\u015f\u00e7\u0131s\u0131 L\u00fctv\u0259li Babayev i\u015ftirak edib. L\u00fctv\u0259li Babayev bildirib ki, son ill\u0259rd\u0259 respublikam\u0131zda ged\u0259n abadl\u0131q, quruculuq v\u0259 yenid\u0259nqurma i\u015fl\u0259ri rayonumuzdan da yan ke\u00e7m\u0259yib. Bildirilib ki, k\u0259nd \u0259halisi il\u0259 rayon r\u0259hb\u0259rinin 14 mart 2013-c\u00fc il tarixd\u0259 ke\u00e7irilmi\u015f g\u00f6r\u00fc\u015f\u00fcnd\u0259 sakinl\u0259r [&hellip;]\" \/>\n<meta property=\"og:url\" content=\"https:\/\/www.zerdab.com\/?p=11493\" \/>\n<meta property=\"og:site_name\" content=\"Z\u0259rdab.com\" \/>\n<meta property=\"article:published_time\" content=\"2013-08-13T08:08:07+00:00\" \/>\n<meta property=\"article:modified_time\" content=\"2013-08-13T08:09:23+00:00\" \/>\n<meta name=\"author\" content=\"admin\" \/>\n<meta name=\"twitter:card\" content=\"summary_large_image\" \/>\n<meta name=\"twitter:label1\" content=\"Written by\" \/>\n\t<meta name=\"twitter:data1\" content=\"admin\" \/>\n\t<meta name=\"twitter:label2\" content=\"Est. reading time\" \/>\n\t<meta name=\"twitter:data2\" content=\"1 minute\" \/>\n<script type=\"application\/ld+json\" class=\"yoast-schema-graph\">{\"@context\":\"https:\/\/schema.org\",\"@graph\":[{\"@type\":\"Article\",\"@id\":\"https:\/\/www.zerdab.com\/?p=11493#article\",\"isPartOf\":{\"@id\":\"https:\/\/www.zerdab.com\/?p=11493\"},\"author\":{\"name\":\"admin\",\"@id\":\"https:\/\/www.zerdab.com\/#\/schema\/person\/97079b7570c1e89ec0d9e138c3672136\"},\"headline\":\"Sakinl\u0259r xahi\u015f etdi, L\u00fctv\u0259li Babayev yerin\u0259 yetirdi &#8211; Fotosessiya\",\"datePublished\":\"2013-08-13T08:08:07+00:00\",\"dateModified\":\"2013-08-13T08:09:23+00:00\",\"mainEntityOfPage\":{\"@id\":\"https:\/\/www.zerdab.com\/?p=11493\"},\"wordCount\":303,\"commentCount\":2,\"articleSection\":[\"C\u018fM\u0130YY\u018fT\"],\"inLanguage\":\"az\",\"potentialAction\":[{\"@type\":\"CommentAction\",\"name\":\"Comment\",\"target\":[\"https:\/\/www.zerdab.com\/?p=11493#respond\"]}]},{\"@type\":\"WebPage\",\"@id\":\"https:\/\/www.zerdab.com\/?p=11493\",\"url\":\"https:\/\/www.zerdab.com\/?p=11493\",\"name\":\"Sakinl\u0259r xahi\u015f etdi, L\u00fctv\u0259li Babayev yerin\u0259 yetirdi - Fotosessiya - Z\u0259rdab.com\",\"isPartOf\":{\"@id\":\"https:\/\/www.zerdab.com\/#website\"},\"datePublished\":\"2013-08-13T08:08:07+00:00\",\"dateModified\":\"2013-08-13T08:09:23+00:00\",\"author\":{\"@id\":\"https:\/\/www.zerdab.com\/#\/schema\/person\/97079b7570c1e89ec0d9e138c3672136\"},\"breadcrumb\":{\"@id\":\"https:\/\/www.zerdab.com\/?p=11493#breadcrumb\"},\"inLanguage\":\"az\",\"potentialAction\":[{\"@type\":\"ReadAction\",\"target\":[\"https:\/\/www.zerdab.com\/?p=11493\"]}]},{\"@type\":\"BreadcrumbList\",\"@id\":\"https:\/\/www.zerdab.com\/?p=11493#breadcrumb\",\"itemListElement\":[{\"@type\":\"ListItem\",\"position\":1,\"name\":\"Home\",\"item\":\"https:\/\/www.zerdab.com\/\"},{\"@type\":\"ListItem\",\"position\":2,\"name\":\"Sakinl\u0259r xahi\u015f etdi, L\u00fctv\u0259li Babayev yerin\u0259 yetirdi &#8211; Fotosessiya\"}]},{\"@type\":\"WebSite\",\"@id\":\"https:\/\/www.zerdab.com\/#website\",\"url\":\"https:\/\/www.zerdab.com\/\",\"name\":\"Z\u0259rdab.com\",\"description\":\"\",\"potentialAction\":[{\"@type\":\"SearchAction\",\"target\":{\"@type\":\"EntryPoint\",\"urlTemplate\":\"https:\/\/www.zerdab.com\/?s={search_term_string}\"},\"query-input\":{\"@type\":\"PropertyValueSpecification\",\"valueRequired\":true,\"valueName\":\"search_term_string\"}}],\"inLanguage\":\"az\"},{\"@type\":\"Person\",\"@id\":\"https:\/\/www.zerdab.com\/#\/schema\/person\/97079b7570c1e89ec0d9e138c3672136\",\"name\":\"admin\",\"image\":{\"@type\":\"ImageObject\",\"inLanguage\":\"az\",\"@id\":\"https:\/\/www.zerdab.com\/#\/schema\/person\/image\/\",\"url\":\"https:\/\/secure.gravatar.com\/avatar\/d9c52a9a27c32119cb6679a077fa3e2779e5f822c451cbf01098004361d466ec?s=96&d=mm&r=g\",\"contentUrl\":\"https:\/\/secure.gravatar.com\/avatar\/d9c52a9a27c32119cb6679a077fa3e2779e5f822c451cbf01098004361d466ec?s=96&d=mm&r=g\",\"caption\":\"admin\"},\"url\":\"https:\/\/www.zerdab.com\/?author=1\"}]}<\/script>\n<!-- \/ Yoast SEO plugin. -->","yoast_head_json":{"title":"Sakinl\u0259r xahi\u015f etdi, L\u00fctv\u0259li Babayev yerin\u0259 yetirdi - Fotosessiya - Z\u0259rdab.com","robots":{"index":"index","follow":"follow","max-snippet":"max-snippet:-1","max-image-preview":"max-image-preview:large","max-video-preview":"max-video-preview:-1"},"canonical":"https:\/\/www.zerdab.com\/?p=11493","og_locale":"az_AZ","og_type":"article","og_title":"Sakinl\u0259r xahi\u015f etdi, L\u00fctv\u0259li Babayev yerin\u0259 yetirdi - Fotosessiya - Z\u0259rdab.com","og_description":"Z\u0259rdab rayonunun B\u00f6y\u00fck D\u0259kk\u0259 k\u0259nd k\u00f6rp\u0259l\u0259r evi-u\u015faq ba\u011f\u00e7as\u0131 \u0259sasl\u0131 t\u0259mird\u0259n sonra istifad\u0259y\u0259 verilib. M\u0259rasimd\u0259 Z\u0259rdab Rayon \u0130cra Hakimiyy\u0259tinin ba\u015f\u00e7\u0131s\u0131 L\u00fctv\u0259li Babayev i\u015ftirak edib. L\u00fctv\u0259li Babayev bildirib ki, son ill\u0259rd\u0259 respublikam\u0131zda ged\u0259n abadl\u0131q, quruculuq v\u0259 yenid\u0259nqurma i\u015fl\u0259ri rayonumuzdan da yan ke\u00e7m\u0259yib. Bildirilib ki, k\u0259nd \u0259halisi il\u0259 rayon r\u0259hb\u0259rinin 14 mart 2013-c\u00fc il tarixd\u0259 ke\u00e7irilmi\u015f g\u00f6r\u00fc\u015f\u00fcnd\u0259 sakinl\u0259r [&hellip;]","og_url":"https:\/\/www.zerdab.com\/?p=11493","og_site_name":"Z\u0259rdab.com","article_published_time":"2013-08-13T08:08:07+00:00","article_modified_time":"2013-08-13T08:09:23+00:00","author":"admin","twitter_card":"summary_large_image","twitter_misc":{"Written by":"admin","Est. reading time":"1 minute"},"schema":{"@context":"https:\/\/schema.org","@graph":[{"@type":"Article","@id":"https:\/\/www.zerdab.com\/?p=11493#article","isPartOf":{"@id":"https:\/\/www.zerdab.com\/?p=11493"},"author":{"name":"admin","@id":"https:\/\/www.zerdab.com\/#\/schema\/person\/97079b7570c1e89ec0d9e138c3672136"},"headline":"Sakinl\u0259r xahi\u015f etdi, L\u00fctv\u0259li Babayev yerin\u0259 yetirdi &#8211; Fotosessiya","datePublished":"2013-08-13T08:08:07+00:00","dateModified":"2013-08-13T08:09:23+00:00","mainEntityOfPage":{"@id":"https:\/\/www.zerdab.com\/?p=11493"},"wordCount":303,"commentCount":2,"articleSection":["C\u018fM\u0130YY\u018fT"],"inLanguage":"az","potentialAction":[{"@type":"CommentAction","name":"Comment","target":["https:\/\/www.zerdab.com\/?p=11493#respond"]}]},{"@type":"WebPage","@id":"https:\/\/www.zerdab.com\/?p=11493","url":"https:\/\/www.zerdab.com\/?p=11493","name":"Sakinl\u0259r xahi\u015f etdi, L\u00fctv\u0259li Babayev yerin\u0259 yetirdi - Fotosessiya - Z\u0259rdab.com","isPartOf":{"@id":"https:\/\/www.zerdab.com\/#website"},"datePublished":"2013-08-13T08:08:07+00:00","dateModified":"2013-08-13T08:09:23+00:00","author":{"@id":"https:\/\/www.zerdab.com\/#\/schema\/person\/97079b7570c1e89ec0d9e138c3672136"},"breadcrumb":{"@id":"https:\/\/www.zerdab.com\/?p=11493#breadcrumb"},"inLanguage":"az","potentialAction":[{"@type":"ReadAction","target":["https:\/\/www.zerdab.com\/?p=11493"]}]},{"@type":"BreadcrumbList","@id":"https:\/\/www.zerdab.com\/?p=11493#breadcrumb","itemListElement":[{"@type":"ListItem","position":1,"name":"Home","item":"https:\/\/www.zerdab.com\/"},{"@type":"ListItem","position":2,"name":"Sakinl\u0259r xahi\u015f etdi, L\u00fctv\u0259li Babayev yerin\u0259 yetirdi &#8211; Fotosessiya"}]},{"@type":"WebSite","@id":"https:\/\/www.zerdab.com\/#website","url":"https:\/\/www.zerdab.com\/","name":"Z\u0259rdab.com","description":"","potentialAction":[{"@type":"SearchAction","target":{"@type":"EntryPoint","urlTemplate":"https:\/\/www.zerdab.com\/?s={search_term_string}"},"query-input":{"@type":"PropertyValueSpecification","valueRequired":true,"valueName":"search_term_string"}}],"inLanguage":"az"},{"@type":"Person","@id":"https:\/\/www.zerdab.com\/#\/schema\/person\/97079b7570c1e89ec0d9e138c3672136","name":"admin","image":{"@type":"ImageObject","inLanguage":"az","@id":"https:\/\/www.zerdab.com\/#\/schema\/person\/image\/","url":"https:\/\/secure.gravatar.com\/avatar\/d9c52a9a27c32119cb6679a077fa3e2779e5f822c451cbf01098004361d466ec?s=96&d=mm&r=g","contentUrl":"https:\/\/secure.gravatar.com\/avatar\/d9c52a9a27c32119cb6679a077fa3e2779e5f822c451cbf01098004361d466ec?s=96&d=mm&r=g","caption":"admin"},"url":"https:\/\/www.zerdab.com\/?author=1"}]}},"_links":{"self":[{"href":"https:\/\/www.zerdab.com\/index.php?rest_route=\/wp\/v2\/posts\/11493","targetHints":{"allow":["GET"]}}],"collection":[{"href":"https:\/\/www.zerdab.com\/index.php?rest_route=\/wp\/v2\/posts"}],"about":[{"href":"https:\/\/www.zerdab.com\/index.php?rest_route=\/wp\/v2\/types\/post"}],"author":[{"embeddable":true,"href":"https:\/\/www.zerdab.com\/index.php?rest_route=\/wp\/v2\/users\/1"}],"replies":[{"embeddable":true,"href":"https:\/\/www.zerdab.com\/index.php?rest_route=%2Fwp%2Fv2%2Fcomments&post=11493"}],"version-history":[{"count":3,"href":"https:\/\/www.zerdab.com\/index.php?rest_route=\/wp\/v2\/posts\/11493\/revisions"}],"predecessor-version":[{"id":11509,"href":"https:\/\/www.zerdab.com\/index.php?rest_route=\/wp\/v2\/posts\/11493\/revisions\/11509"}],"wp:attachment":[{"href":"https:\/\/www.zerdab.com\/index.php?rest_route=%2Fwp%2Fv2%2Fmedia&parent=11493"}],"wp:term":[{"taxonomy":"category","embeddable":true,"href":"https:\/\/www.zerdab.com\/index.php?rest_route=%2Fwp%2Fv2%2Fcategories&post=11493"},{"taxonomy":"post_tag","embeddable":true,"href":"https:\/\/www.zerdab.com\/index.php?rest_route=%2Fwp%2Fv2%2Ftags&post=11493"}],"curies":[{"name":"wp","href":"https:\/\/api.w.org\/{rel}","templated":true}]}}