{"id":11712,"date":"2013-08-29T23:06:45","date_gmt":"2013-08-29T18:06:45","guid":{"rendered":"http:\/\/www.zerdab.com\/?p=11712"},"modified":"2013-08-29T23:06:45","modified_gmt":"2013-08-29T18:06:45","slug":"prezident-sosial-muavin%c9%99tl%c9%99rin-artirilmasina-dair-f%c9%99rman-imzaladi","status":"publish","type":"post","link":"https:\/\/www.zerdab.com\/?p=11712","title":{"rendered":"Prezident sosial m\u00fcavin\u0259tl\u0259rin art\u0131r\u0131lmas\u0131na dair f\u0259rman imzalad\u0131"},"content":{"rendered":"<p><strong><img loading=\"lazy\" decoding=\"async\" class=\"aligncenter size-full wp-image-7241\" alt=\"Prezident\" src=\"http:\/\/www.zerdab.com\/wp-content\/uploads\/2013\/02\/Prezident1.jpg\" width=\"340\" height=\"280\" \/>Az\u0259rbaycan Prezidenti \u0130lham \u018fliyev sosial m\u00fcavin\u0259tl\u0259rin m\u0259bl\u0259\u011finin art\u0131r\u0131lmas\u0131 haqq\u0131nda f\u0259rman verib. <\/strong><\/p>\n<p>F\u0259rmana \u0259sas\u0259n, sosial m\u00fcavin\u0259tl\u0259rin m\u0259bl\u0259\u011fi a\u015fa\u011f\u0131dak\u0131 kimi m\u00fc\u0259yy\u0259n edilib:<\/p>\n<p>Ayl\u0131q m\u00fcavin\u0259tl\u0259r:<\/p>\n<p>Ya\u015fa g\u00f6r\u0259 m\u00fcavin\u0259t \u2014 60 manat;<\/p>\n<p>\u018flillik \u201c\u00fcmumi x\u0259st\u0259lik\u201d, \u201ch\u0259rbi xidm\u0259t d\u00f6vr\u00fcnd\u0259 x\u0259st\u0259l\u0259nm\u0259\u201d, \u201c\u0259m\u0259k z\u0259d\u0259si v\u0259 pe\u015f\u0259 x\u0259st\u0259liyi\u201d, \u201ch\u0259rbi \u0259m\u0259liyyatlar ke\u00e7iril\u0259n zonada olmaqla \u0259laq\u0259dar\u201d, \u201c\u00c7ernob\u0131l AES-d\u0259 q\u0259zan\u0131n l\u0259\u011fvi il\u0259 \u0259laq\u0259dar\u201d s\u0259b\u0259bind\u0259n ba\u015f verdikd\u0259 \u0259lilliy\u0259 g\u00f6r\u0259 m\u00fcavin\u0259t:<\/p>\n<p>I qrup \u0259lill\u0259r\u0259 \u2014 67 manat<\/p>\n<p>II qrup \u0259lill\u0259r\u0259 \u2014 50 manat<\/p>\n<p>III qrup \u0259lill\u0259r\u0259 \u2014 43 manat;<\/p>\n<p>\u018flillik \u201cAz\u0259rbaycan Respublikas\u0131n\u0131n \u0259razi b\u00fct\u00f6vl\u00fcy\u00fcn\u00fcn, m\u00fcst\u0259qilliyinin v\u0259 konstitusiya qurulu\u015funun m\u00fcdafi\u0259si il\u0259 \u0259laq\u0259dar\u201d v\u0259 \u201c1990-c\u0131 ilin 20 Yanvar hadis\u0259l\u0259ri il\u0259 \u0259laq\u0259dar\u201d s\u0259b\u0259bind\u0259n ba\u015f verdikd\u0259:<\/p>\n<p>I qrup \u0259lill\u0259r\u0259 &#8211; 83 manat<\/p>\n<p>II qrup \u0259lill\u0259r\u0259 &#8211; 66 manat<\/p>\n<p>III qrup \u0259lill\u0259r\u0259 &#8211; 60 manat;<\/p>\n<p>\u018flillik \u201c\u00c7ernob\u0131l AES-d\u0259 h\u0259rbi xidm\u0259tl\u0259 \u0259laq\u0259dar\u201d v\u0259 ya \u201ch\u0259rbi xidm\u0259t v\u0259zif\u0259l\u0259rini yerin\u0259 yetirm\u0259kl\u0259 \u0259laq\u0259dar\u201d s\u0259b\u0259bind\u0259n ba\u015f verdikd\u0259:<\/p>\n<p>I qrup \u0259lill\u0259r\u0259 &#8211; 77 manat<\/p>\n<p>II qrup \u0259lill\u0259r\u0259 &#8211; 66 manat<\/p>\n<p>III qrup \u0259lill\u0259r\u0259 &#8211; 50 manat;<\/p>\n<p>1.1.5. sa\u011flaml\u0131q imkanlar\u0131 m\u0259hdud 18 ya\u015f\u0131nad\u0259k u\u015faqlara m\u00fcavin\u0259t \u2014 67 manat;<\/p>\n<p>Ail\u0259 ba\u015f\u00e7\u0131s\u0131n\u0131 itirm\u0259y\u0259 g\u00f6r\u0259 m\u00fcavin\u0259t \u2014 55 manat;<\/p>\n<p>\u018fm\u0259k pensiyas\u0131 almaq h\u00fcququ olmayan Az\u0259rbaycan Respublikas\u0131n\u0131n \u0259razi b\u00fct\u00f6vl\u00fcy\u00fc u\u011frunda apar\u0131lan d\u00f6y\u00fc\u015f \u0259m\u0259liyyatlar\u0131nda i\u015ftirak etdiyin\u0259 g\u00f6r\u0259 m\u00fcharib\u0259 veteran\u0131 ad\u0131 alm\u0131\u015f \u015f\u0259xsl\u0259r\u0259, 1941-1945-ci ill\u0259rd\u0259 arxa c\u0259bh\u0259d\u0259 f\u0259dakar \u0259m\u0259yin\u0259 g\u00f6r\u0259 orden v\u0259 medallarla t\u0259ltif edilmi\u015f \u015f\u0259xsl\u0259r\u0259, 1941-1945-ci ill\u0259rd\u0259 ke\u00e7mi\u015f sovet ordusunda (donanmas\u0131nda), daxili i\u015fl\u0259r v\u0259 d\u00f6vl\u0259t t\u0259hl\u00fck\u0259sizliyi orqanlar\u0131nda h\u0259rbi xidm\u0259td\u0259 olmu\u015f, lakin d\u00f6y\u00fc\u015f \u0259m\u0259liyyatlar\u0131nda i\u015ftirak etm\u0259mi\u015f, m\u00fcharib\u0259 ill\u0259rind\u0259 orden v\u0259 medallarla t\u0259ltif edilmi\u015f \u015f\u0259xsl\u0259r\u0259, \u0130kinci D\u00fcnya m\u00fcharib\u0259si ill\u0259rind\u0259 d\u00f6y\u00fc\u015f\u0259n c\u0259bh\u0259l\u0259rin arxa h\u00fcdudlar\u0131, yaxud d\u00f6y\u00fc\u015f\u0259n donanmalar\u0131n \u0259m\u0259liyyat zonalar\u0131 daxilind\u0259 ordunun v\u0259 donanman\u0131n m\u0259nafeyi \u00fc\u00e7\u00fcn tap\u015f\u0131r\u0131qlar\u0131 yerin\u0259 yetirmi\u015f x\u00fcsusi birl\u0259\u015fm\u0259l\u0259rin i\u015f\u00e7il\u0259rin\u0259, \u0130kinci D\u00fcnya m\u00fcharib\u0259si d\u00f6vr\u00fcnd\u0259 Leninqrad \u015f\u0259h\u0259rinin m\u00fchasir\u0259si zaman\u0131 \u015f\u0259h\u0259rin m\u00fc\u0259ssis\u0259l\u0259rind\u0259, idar\u0259 v\u0259 t\u0259\u015fkilatlar\u0131nda i\u015fl\u0259mi\u015f v\u0259 \u201cLeninqrad\u0131n m\u00fcdafi\u0259sin\u0259 g\u00f6r\u0259\u201d medal\u0131, \u201cLeninqrad m\u00fchasir\u0259sind\u0259 ya\u015fayan\u201d d\u00f6\u015f ni\u015fan\u0131 il\u0259 t\u0259ltif edilmi\u015f \u015f\u0259xsl\u0259r\u0259, ba\u015fqa \u00f6lk\u0259l\u0259rin \u0259razisind\u0259 ged\u0259n m\u0259h\u0259lli m\u00fcharib\u0259l\u0259rd\u0259 v\u0259 h\u0259rbi m\u00fcnaqi\u015f\u0259l\u0259rd\u0259 h\u0259rbi birl\u0259\u015fm\u0259l\u0259rin t\u0259rkibind\u0259 i\u015ftirak etmi\u015f \u015f\u0259xsl\u0259r\u0259 v\u0259 ke\u00e7mi\u015f SSR\u0130 silahl\u0131 q\u00fcvv\u0259l\u0259rinin, D\u00f6vl\u0259t T\u0259hl\u00fck\u0259sizliyi Komit\u0259sinin, Daxili \u0130\u015fl\u0259r Nazirliyinin m\u00fct\u0259x\u0259ssisl\u0259ri kimi i\u015ftirak etmi\u015f \u015f\u0259xsl\u0259r\u0259 m\u00fcavin\u0259t \u2014 37 manat;<\/p>\n<p>M\u00fcdd\u0259tli h\u0259qiqi h\u0259rbi xidm\u0259t h\u0259rbi qulluq\u00e7ular\u0131n\u0131n u\u015faqlar\u0131na m\u00fcavin\u0259t \u2014 55 manat;<\/p>\n<p>Valideynl\u0259rini itirmi\u015f v\u0259 valideyn himay\u0259sind\u0259n m\u0259hrum olmu\u015f u\u015faqlar\u0131n q\u0259yyumlar\u0131na (himay\u0259\u00e7il\u0259rin\u0259) m\u00fcavin\u0259t \u2014 50 manat;<\/p>\n<p>Bir ya\u015f\u0131nad\u0259k u\u015fa\u011f\u0131 olan azt\u0259minatl\u0131 ail\u0259l\u0259r\u0259 m\u00fcavin\u0259t \u2014 45 manat;<\/p>\n<p>B\u0259zi kateqoriya \u015f\u0259xsl\u0259rin 16 ya\u015fad\u0259k (\u00fcmumt\u0259hsil m\u00fc\u0259ssis\u0259l\u0259rind\u0259 \u0259yani t\u0259hsil alanlar \u00fc\u00e7\u00fcn 18 ya\u015fad\u0259k) u\u015faqlar\u0131na m\u00fcavin\u0259t:<\/p>\n<p>\u015e\u0259hid u\u015faqlar\u0131na \u2013 17 manat;<\/p>\n<p>M\u00fcharib\u0259 \u0259lill\u0259rinin, 20 Yanvar hadis\u0259l\u0259ri zaman\u0131 \u0259lil olanlar\u0131n, \u00c7ernob\u0131l q\u0259zas\u0131 n\u0259tic\u0259sind\u0259 I v\u0259 II qrup \u0259lil olmu\u015f, yaxud v\u0259fat etmi\u015f valideynl\u0259rin u\u015faqlar\u0131na, habel\u0259 \u00c7ernob\u0131l q\u0259zas\u0131 n\u0259tic\u0259l\u0259rinin aradan qald\u0131r\u0131lmas\u0131 i\u015ftirak\u00e7\u0131lar\u0131n\u0131n dispanser qeydiyyat\u0131nda olan u\u015faqlar\u0131na \u2013 12 manat.<\/p>\n<p>Bird\u0259f\u0259lik m\u00fcavin\u0259tl\u0259r:<\/p>\n<p>Radiasiya q\u0259zas\u0131 n\u0259tic\u0259sind\u0259 z\u0259r\u0259r \u00e7\u0259kmi\u015f \u015f\u0259xsl\u0259r\u0259 h\u0259r il m\u00fcalic\u0259 \u00fc\u00e7\u00fcn m\u00fcavin\u0259t \u2014 195 manat;<\/p>\n<p>U\u015fa\u011f\u0131n anadan olmas\u0131na g\u00f6r\u0259 m\u00fcavin\u0259t \u2014 90 manat;<\/p>\n<p>D\u0259fn \u00fc\u00e7\u00fcn m\u00fcavin\u0259t \u2014 120 manat.<\/p>\n<p>Az\u0259rbaycan Respublikas\u0131n\u0131n Nazirl\u0259r Kabineti bu F\u0259rmandan ir\u0259li g\u0259l\u0259n m\u0259s\u0259l\u0259l\u0259ri h\u0259ll etsin.<\/p>\n<p>\u201cSosial m\u00fcavin\u0259tl\u0259rin m\u0259bl\u0259\u011finin art\u0131r\u0131lmas\u0131 haqq\u0131nda\u201d Az\u0259rbaycan Respublikas\u0131 Prezidentinin 2011-ci il 26 dekabr tarixli 567 n\u00f6mr\u0259li F\u0259rman\u0131, \u201c\u018fhalinin b\u0259zi kateqoriyalar\u0131n\u0131n sosial m\u00fcdafi\u0259sinin g\u00fccl\u0259ndirilm\u0259si haqq\u0131nda\u201d Az\u0259rbaycan Respublikas\u0131 Prezidentinin 2011-ci il 26 dekabr tarixli 568 n\u00f6mr\u0259li F\u0259rman\u0131 (3-c\u00fc hiss\u0259si istisna olmaqla), \u201cAzt\u0259minatl\u0131 \u0259halinin sosial m\u00fcdafi\u0259sinin g\u00fccl\u0259ndirilm\u0259si t\u0259dbirl\u0259ri bar\u0259d\u0259\u201d Az\u0259rbaycan Respublikas\u0131 Prezidentinin 2010-cu il 8 sentyabr tarixli 324 n\u00f6mr\u0259li F\u0259rman\u0131 (3-c\u00fc hiss\u0259si istisna olmaqla), \u201c\u018fhalinin sosial m\u00fcdafi\u0259sinin g\u00fccl\u0259ndirilm\u0259si il\u0259 ba\u011fl\u0131 \u0259lav\u0259 t\u0259dbirl\u0259r haqq\u0131nda\u201d Az\u0259rbaycan Respublikas\u0131 Prezidentinin 2007-ci il 22 yanvar tarixli 514 n\u00f6mr\u0259li F\u0259rman\u0131n\u0131n 1-ci hiss\u0259si l\u0259\u011fv edilsin.<\/p>\n<p><strong>Az\u0259rbaycan Prezidenti \u0130lham \u018fliyev s\u0259hiyy\u0259 m\u00fc\u0259ssis\u0259l\u0259rind\u0259 \u00e7al\u0131\u015fan i\u015f\u00e7il\u0259rin \u0259m\u0259khaqlar\u0131n\u0131n art\u0131r\u0131lmas\u0131 haqq\u0131nda s\u0259r\u0259ncam imzalay\u0131b.<\/strong><\/p>\n<p>S\u0259r\u0259ncama \u0259sas\u0259n, d\u00f6vl\u0259t b\u00fcdc\u0259sind\u0259n maliyy\u0259l\u0259\u015fdiril\u0259n s\u0259hiyy\u0259 m\u00fc\u0259ssis\u0259l\u0259rind\u0259 \u00e7al\u0131\u015fan i\u015f\u00e7il\u0259rin Vahid Tarif C\u0259dv\u0259li il\u0259 m\u00fc\u0259yy\u0259n edilmi\u015f ayl\u0131q v\u0259zif\u0259 (tarif) maa\u015flar\u0131 2013-c\u00fc il sentyabr\u0131n 1-d\u0259n orta hesabla 10 faiz art\u0131r\u0131l\u0131b.<\/p>\n<p>&nbsp;<\/p>\n","protected":false},"excerpt":{"rendered":"<p>Az\u0259rbaycan Prezidenti \u0130lham \u018fliyev sosial m\u00fcavin\u0259tl\u0259rin m\u0259bl\u0259\u011finin art\u0131r\u0131lmas\u0131 haqq\u0131nda f\u0259rman verib. F\u0259rmana \u0259sas\u0259n, sosial m\u00fcavin\u0259tl\u0259rin m\u0259bl\u0259\u011fi a\u015fa\u011f\u0131dak\u0131 kimi m\u00fc\u0259yy\u0259n edilib: Ayl\u0131q m\u00fcavin\u0259tl\u0259r: Ya\u015fa g\u00f6r\u0259 m\u00fcavin\u0259t \u2014 60 manat; \u018flillik \u201c\u00fcmumi x\u0259st\u0259lik\u201d, \u201ch\u0259rbi xidm\u0259t d\u00f6vr\u00fcnd\u0259 x\u0259st\u0259l\u0259nm\u0259\u201d, \u201c\u0259m\u0259k z\u0259d\u0259si v\u0259 pe\u015f\u0259 x\u0259st\u0259liyi\u201d, \u201ch\u0259rbi \u0259m\u0259liyyatlar ke\u00e7iril\u0259n zonada olmaqla \u0259laq\u0259dar\u201d, \u201c\u00c7ernob\u0131l AES-d\u0259 q\u0259zan\u0131n l\u0259\u011fvi il\u0259 \u0259laq\u0259dar\u201d s\u0259b\u0259bind\u0259n ba\u015f verdikd\u0259 [&hellip;]<\/p>\n","protected":false},"author":1,"featured_media":0,"comment_status":"open","ping_status":"open","sticky":false,"template":"","format":"standard","meta":{"footnotes":""},"categories":[21],"tags":[],"class_list":{"0":"post-11712","1":"post","2":"type-post","3":"status-publish","4":"format-standard","6":"category-zrdab"},"yoast_head":"<!-- This site is optimized with the Yoast SEO plugin v27.0 - https:\/\/yoast.com\/product\/yoast-seo-wordpress\/ -->\n<title>Prezident sosial m\u00fcavin\u0259tl\u0259rin art\u0131r\u0131lmas\u0131na dair f\u0259rman imzalad\u0131  - Z\u0259rdab.com<\/title>\n<meta name=\"robots\" content=\"index, follow, max-snippet:-1, max-image-preview:large, max-video-preview:-1\" \/>\n<link rel=\"canonical\" href=\"https:\/\/www.zerdab.com\/?p=11712\" \/>\n<meta property=\"og:locale\" content=\"az_AZ\" \/>\n<meta property=\"og:type\" content=\"article\" \/>\n<meta property=\"og:title\" content=\"Prezident sosial m\u00fcavin\u0259tl\u0259rin art\u0131r\u0131lmas\u0131na dair f\u0259rman imzalad\u0131  - Z\u0259rdab.com\" \/>\n<meta property=\"og:description\" content=\"Az\u0259rbaycan Prezidenti \u0130lham \u018fliyev sosial m\u00fcavin\u0259tl\u0259rin m\u0259bl\u0259\u011finin art\u0131r\u0131lmas\u0131 haqq\u0131nda f\u0259rman verib. F\u0259rmana \u0259sas\u0259n, sosial m\u00fcavin\u0259tl\u0259rin m\u0259bl\u0259\u011fi a\u015fa\u011f\u0131dak\u0131 kimi m\u00fc\u0259yy\u0259n edilib: Ayl\u0131q m\u00fcavin\u0259tl\u0259r: Ya\u015fa g\u00f6r\u0259 m\u00fcavin\u0259t \u2014 60 manat; \u018flillik \u201c\u00fcmumi x\u0259st\u0259lik\u201d, \u201ch\u0259rbi xidm\u0259t d\u00f6vr\u00fcnd\u0259 x\u0259st\u0259l\u0259nm\u0259\u201d, \u201c\u0259m\u0259k z\u0259d\u0259si v\u0259 pe\u015f\u0259 x\u0259st\u0259liyi\u201d, \u201ch\u0259rbi \u0259m\u0259liyyatlar ke\u00e7iril\u0259n zonada olmaqla \u0259laq\u0259dar\u201d, \u201c\u00c7ernob\u0131l AES-d\u0259 q\u0259zan\u0131n l\u0259\u011fvi il\u0259 \u0259laq\u0259dar\u201d s\u0259b\u0259bind\u0259n ba\u015f verdikd\u0259 [&hellip;]\" \/>\n<meta property=\"og:url\" content=\"https:\/\/www.zerdab.com\/?p=11712\" \/>\n<meta property=\"og:site_name\" content=\"Z\u0259rdab.com\" \/>\n<meta property=\"article:published_time\" content=\"2013-08-29T18:06:45+00:00\" \/>\n<meta property=\"og:image\" content=\"http:\/\/www.zerdab.com\/wp-content\/uploads\/2013\/02\/Prezident1.jpg\" \/>\n<meta name=\"author\" content=\"admin\" \/>\n<meta name=\"twitter:card\" content=\"summary_large_image\" \/>\n<meta name=\"twitter:label1\" content=\"Written by\" \/>\n\t<meta name=\"twitter:data1\" content=\"admin\" \/>\n\t<meta name=\"twitter:label2\" content=\"Est. reading time\" \/>\n\t<meta name=\"twitter:data2\" content=\"5 minutes\" \/>\n<script type=\"application\/ld+json\" class=\"yoast-schema-graph\">{\"@context\":\"https:\/\/schema.org\",\"@graph\":[{\"@type\":\"Article\",\"@id\":\"https:\/\/www.zerdab.com\/?p=11712#article\",\"isPartOf\":{\"@id\":\"https:\/\/www.zerdab.com\/?p=11712\"},\"author\":{\"name\":\"admin\",\"@id\":\"https:\/\/www.zerdab.com\/#\/schema\/person\/97079b7570c1e89ec0d9e138c3672136\"},\"headline\":\"Prezident sosial m\u00fcavin\u0259tl\u0259rin art\u0131r\u0131lmas\u0131na dair f\u0259rman imzalad\u0131\",\"datePublished\":\"2013-08-29T18:06:45+00:00\",\"mainEntityOfPage\":{\"@id\":\"https:\/\/www.zerdab.com\/?p=11712\"},\"wordCount\":1014,\"commentCount\":0,\"image\":{\"@id\":\"https:\/\/www.zerdab.com\/?p=11712#primaryimage\"},\"thumbnailUrl\":\"http:\/\/www.zerdab.com\/wp-content\/uploads\/2013\/02\/Prezident1.jpg\",\"articleSection\":[\"C\u018fM\u0130YY\u018fT\"],\"inLanguage\":\"az\",\"potentialAction\":[{\"@type\":\"CommentAction\",\"name\":\"Comment\",\"target\":[\"https:\/\/www.zerdab.com\/?p=11712#respond\"]}]},{\"@type\":\"WebPage\",\"@id\":\"https:\/\/www.zerdab.com\/?p=11712\",\"url\":\"https:\/\/www.zerdab.com\/?p=11712\",\"name\":\"Prezident sosial m\u00fcavin\u0259tl\u0259rin art\u0131r\u0131lmas\u0131na dair f\u0259rman imzalad\u0131 - Z\u0259rdab.com\",\"isPartOf\":{\"@id\":\"https:\/\/www.zerdab.com\/#website\"},\"primaryImageOfPage\":{\"@id\":\"https:\/\/www.zerdab.com\/?p=11712#primaryimage\"},\"image\":{\"@id\":\"https:\/\/www.zerdab.com\/?p=11712#primaryimage\"},\"thumbnailUrl\":\"http:\/\/www.zerdab.com\/wp-content\/uploads\/2013\/02\/Prezident1.jpg\",\"datePublished\":\"2013-08-29T18:06:45+00:00\",\"author\":{\"@id\":\"https:\/\/www.zerdab.com\/#\/schema\/person\/97079b7570c1e89ec0d9e138c3672136\"},\"breadcrumb\":{\"@id\":\"https:\/\/www.zerdab.com\/?p=11712#breadcrumb\"},\"inLanguage\":\"az\",\"potentialAction\":[{\"@type\":\"ReadAction\",\"target\":[\"https:\/\/www.zerdab.com\/?p=11712\"]}]},{\"@type\":\"ImageObject\",\"inLanguage\":\"az\",\"@id\":\"https:\/\/www.zerdab.com\/?p=11712#primaryimage\",\"url\":\"\",\"contentUrl\":\"\"},{\"@type\":\"BreadcrumbList\",\"@id\":\"https:\/\/www.zerdab.com\/?p=11712#breadcrumb\",\"itemListElement\":[{\"@type\":\"ListItem\",\"position\":1,\"name\":\"Home\",\"item\":\"https:\/\/www.zerdab.com\/\"},{\"@type\":\"ListItem\",\"position\":2,\"name\":\"Prezident sosial m\u00fcavin\u0259tl\u0259rin art\u0131r\u0131lmas\u0131na dair f\u0259rman imzalad\u0131\"}]},{\"@type\":\"WebSite\",\"@id\":\"https:\/\/www.zerdab.com\/#website\",\"url\":\"https:\/\/www.zerdab.com\/\",\"name\":\"Z\u0259rdab.com\",\"description\":\"\",\"potentialAction\":[{\"@type\":\"SearchAction\",\"target\":{\"@type\":\"EntryPoint\",\"urlTemplate\":\"https:\/\/www.zerdab.com\/?s={search_term_string}\"},\"query-input\":{\"@type\":\"PropertyValueSpecification\",\"valueRequired\":true,\"valueName\":\"search_term_string\"}}],\"inLanguage\":\"az\"},{\"@type\":\"Person\",\"@id\":\"https:\/\/www.zerdab.com\/#\/schema\/person\/97079b7570c1e89ec0d9e138c3672136\",\"name\":\"admin\",\"image\":{\"@type\":\"ImageObject\",\"inLanguage\":\"az\",\"@id\":\"https:\/\/www.zerdab.com\/#\/schema\/person\/image\/\",\"url\":\"https:\/\/secure.gravatar.com\/avatar\/d9c52a9a27c32119cb6679a077fa3e2779e5f822c451cbf01098004361d466ec?s=96&d=mm&r=g\",\"contentUrl\":\"https:\/\/secure.gravatar.com\/avatar\/d9c52a9a27c32119cb6679a077fa3e2779e5f822c451cbf01098004361d466ec?s=96&d=mm&r=g\",\"caption\":\"admin\"},\"url\":\"https:\/\/www.zerdab.com\/?author=1\"}]}<\/script>\n<!-- \/ Yoast SEO plugin. -->","yoast_head_json":{"title":"Prezident sosial m\u00fcavin\u0259tl\u0259rin art\u0131r\u0131lmas\u0131na dair f\u0259rman imzalad\u0131  - Z\u0259rdab.com","robots":{"index":"index","follow":"follow","max-snippet":"max-snippet:-1","max-image-preview":"max-image-preview:large","max-video-preview":"max-video-preview:-1"},"canonical":"https:\/\/www.zerdab.com\/?p=11712","og_locale":"az_AZ","og_type":"article","og_title":"Prezident sosial m\u00fcavin\u0259tl\u0259rin art\u0131r\u0131lmas\u0131na dair f\u0259rman imzalad\u0131  - Z\u0259rdab.com","og_description":"Az\u0259rbaycan Prezidenti \u0130lham \u018fliyev sosial m\u00fcavin\u0259tl\u0259rin m\u0259bl\u0259\u011finin art\u0131r\u0131lmas\u0131 haqq\u0131nda f\u0259rman verib. F\u0259rmana \u0259sas\u0259n, sosial m\u00fcavin\u0259tl\u0259rin m\u0259bl\u0259\u011fi a\u015fa\u011f\u0131dak\u0131 kimi m\u00fc\u0259yy\u0259n edilib: Ayl\u0131q m\u00fcavin\u0259tl\u0259r: Ya\u015fa g\u00f6r\u0259 m\u00fcavin\u0259t \u2014 60 manat; \u018flillik \u201c\u00fcmumi x\u0259st\u0259lik\u201d, \u201ch\u0259rbi xidm\u0259t d\u00f6vr\u00fcnd\u0259 x\u0259st\u0259l\u0259nm\u0259\u201d, \u201c\u0259m\u0259k z\u0259d\u0259si v\u0259 pe\u015f\u0259 x\u0259st\u0259liyi\u201d, \u201ch\u0259rbi \u0259m\u0259liyyatlar ke\u00e7iril\u0259n zonada olmaqla \u0259laq\u0259dar\u201d, \u201c\u00c7ernob\u0131l AES-d\u0259 q\u0259zan\u0131n l\u0259\u011fvi il\u0259 \u0259laq\u0259dar\u201d s\u0259b\u0259bind\u0259n ba\u015f verdikd\u0259 [&hellip;]","og_url":"https:\/\/www.zerdab.com\/?p=11712","og_site_name":"Z\u0259rdab.com","article_published_time":"2013-08-29T18:06:45+00:00","og_image":[{"url":"http:\/\/www.zerdab.com\/wp-content\/uploads\/2013\/02\/Prezident1.jpg","type":"","width":"","height":""}],"author":"admin","twitter_card":"summary_large_image","twitter_misc":{"Written by":"admin","Est. reading time":"5 minutes"},"schema":{"@context":"https:\/\/schema.org","@graph":[{"@type":"Article","@id":"https:\/\/www.zerdab.com\/?p=11712#article","isPartOf":{"@id":"https:\/\/www.zerdab.com\/?p=11712"},"author":{"name":"admin","@id":"https:\/\/www.zerdab.com\/#\/schema\/person\/97079b7570c1e89ec0d9e138c3672136"},"headline":"Prezident sosial m\u00fcavin\u0259tl\u0259rin art\u0131r\u0131lmas\u0131na dair f\u0259rman imzalad\u0131","datePublished":"2013-08-29T18:06:45+00:00","mainEntityOfPage":{"@id":"https:\/\/www.zerdab.com\/?p=11712"},"wordCount":1014,"commentCount":0,"image":{"@id":"https:\/\/www.zerdab.com\/?p=11712#primaryimage"},"thumbnailUrl":"http:\/\/www.zerdab.com\/wp-content\/uploads\/2013\/02\/Prezident1.jpg","articleSection":["C\u018fM\u0130YY\u018fT"],"inLanguage":"az","potentialAction":[{"@type":"CommentAction","name":"Comment","target":["https:\/\/www.zerdab.com\/?p=11712#respond"]}]},{"@type":"WebPage","@id":"https:\/\/www.zerdab.com\/?p=11712","url":"https:\/\/www.zerdab.com\/?p=11712","name":"Prezident sosial m\u00fcavin\u0259tl\u0259rin art\u0131r\u0131lmas\u0131na dair f\u0259rman imzalad\u0131 - Z\u0259rdab.com","isPartOf":{"@id":"https:\/\/www.zerdab.com\/#website"},"primaryImageOfPage":{"@id":"https:\/\/www.zerdab.com\/?p=11712#primaryimage"},"image":{"@id":"https:\/\/www.zerdab.com\/?p=11712#primaryimage"},"thumbnailUrl":"http:\/\/www.zerdab.com\/wp-content\/uploads\/2013\/02\/Prezident1.jpg","datePublished":"2013-08-29T18:06:45+00:00","author":{"@id":"https:\/\/www.zerdab.com\/#\/schema\/person\/97079b7570c1e89ec0d9e138c3672136"},"breadcrumb":{"@id":"https:\/\/www.zerdab.com\/?p=11712#breadcrumb"},"inLanguage":"az","potentialAction":[{"@type":"ReadAction","target":["https:\/\/www.zerdab.com\/?p=11712"]}]},{"@type":"ImageObject","inLanguage":"az","@id":"https:\/\/www.zerdab.com\/?p=11712#primaryimage","url":"","contentUrl":""},{"@type":"BreadcrumbList","@id":"https:\/\/www.zerdab.com\/?p=11712#breadcrumb","itemListElement":[{"@type":"ListItem","position":1,"name":"Home","item":"https:\/\/www.zerdab.com\/"},{"@type":"ListItem","position":2,"name":"Prezident sosial m\u00fcavin\u0259tl\u0259rin art\u0131r\u0131lmas\u0131na dair f\u0259rman imzalad\u0131"}]},{"@type":"WebSite","@id":"https:\/\/www.zerdab.com\/#website","url":"https:\/\/www.zerdab.com\/","name":"Z\u0259rdab.com","description":"","potentialAction":[{"@type":"SearchAction","target":{"@type":"EntryPoint","urlTemplate":"https:\/\/www.zerdab.com\/?s={search_term_string}"},"query-input":{"@type":"PropertyValueSpecification","valueRequired":true,"valueName":"search_term_string"}}],"inLanguage":"az"},{"@type":"Person","@id":"https:\/\/www.zerdab.com\/#\/schema\/person\/97079b7570c1e89ec0d9e138c3672136","name":"admin","image":{"@type":"ImageObject","inLanguage":"az","@id":"https:\/\/www.zerdab.com\/#\/schema\/person\/image\/","url":"https:\/\/secure.gravatar.com\/avatar\/d9c52a9a27c32119cb6679a077fa3e2779e5f822c451cbf01098004361d466ec?s=96&d=mm&r=g","contentUrl":"https:\/\/secure.gravatar.com\/avatar\/d9c52a9a27c32119cb6679a077fa3e2779e5f822c451cbf01098004361d466ec?s=96&d=mm&r=g","caption":"admin"},"url":"https:\/\/www.zerdab.com\/?author=1"}]}},"_links":{"self":[{"href":"https:\/\/www.zerdab.com\/index.php?rest_route=\/wp\/v2\/posts\/11712","targetHints":{"allow":["GET"]}}],"collection":[{"href":"https:\/\/www.zerdab.com\/index.php?rest_route=\/wp\/v2\/posts"}],"about":[{"href":"https:\/\/www.zerdab.com\/index.php?rest_route=\/wp\/v2\/types\/post"}],"author":[{"embeddable":true,"href":"https:\/\/www.zerdab.com\/index.php?rest_route=\/wp\/v2\/users\/1"}],"replies":[{"embeddable":true,"href":"https:\/\/www.zerdab.com\/index.php?rest_route=%2Fwp%2Fv2%2Fcomments&post=11712"}],"version-history":[{"count":2,"href":"https:\/\/www.zerdab.com\/index.php?rest_route=\/wp\/v2\/posts\/11712\/revisions"}],"predecessor-version":[{"id":11714,"href":"https:\/\/www.zerdab.com\/index.php?rest_route=\/wp\/v2\/posts\/11712\/revisions\/11714"}],"wp:attachment":[{"href":"https:\/\/www.zerdab.com\/index.php?rest_route=%2Fwp%2Fv2%2Fmedia&parent=11712"}],"wp:term":[{"taxonomy":"category","embeddable":true,"href":"https:\/\/www.zerdab.com\/index.php?rest_route=%2Fwp%2Fv2%2Fcategories&post=11712"},{"taxonomy":"post_tag","embeddable":true,"href":"https:\/\/www.zerdab.com\/index.php?rest_route=%2Fwp%2Fv2%2Ftags&post=11712"}],"curies":[{"name":"wp","href":"https:\/\/api.w.org\/{rel}","templated":true}]}}