{"id":11783,"date":"2013-09-03T21:17:11","date_gmt":"2013-09-03T16:17:11","guid":{"rendered":"http:\/\/www.zerdab.com\/?p=11783"},"modified":"2013-09-03T21:20:48","modified_gmt":"2013-09-03T16:20:48","slug":"z%c9%99rdabda-mu%c9%99lliml%c9%99rin-konfransi-kecirildi-fotolar","status":"publish","type":"post","link":"https:\/\/www.zerdab.com\/?p=11783","title":{"rendered":"Z\u0259rdabda m\u00fc\u0259lliml\u0259rin konfrans\u0131 ke\u00e7irildi, Prezident\u0259 m\u00fcraci\u0259t olundu"},"content":{"rendered":"<p><img loading=\"lazy\" decoding=\"async\" class=\"aligncenter size-large wp-image-11785\" alt=\"T\u0259hsil\" src=\"http:\/\/www.zerdab.com\/wp-content\/uploads\/2013\/09\/Zerdab-muellim-550x365.jpg\" width=\"550\" height=\"365\" \/>Z\u0259rdab rayonunun t\u0259hsil i\u015f\u00e7il\u0259rinin sentyabr konfrans\u0131 ke\u00e7irilib. Konfrans i\u015ftirak\u00e7\u0131lar\u0131 \u0259vv\u0259lc\u0259 ulu \u00f6nd\u0259r Heyd\u0259r \u018fliyevin abid\u0259si \u00f6n\u00fcn\u0259 g\u00fcl d\u0259st\u0259l\u0259ri qoyublar.<\/p>\n<p>Daha sonra konfrans \u00f6z i\u015fin\u0259 ba\u015flay\u0131b. Z\u0259rdab Rayon T\u0259hsil \u015e\u00f6b\u0259sinin m\u00fcdiri Baba Babayev \u201c2012-2013-c\u00fc d\u0259rs ilinin yekunlar\u0131, 2013-c\u00fc ild\u0259 qar\u015f\u0131da duran v\u0259zif\u0259l\u0259r\u201d m\u00f6vzusunda geni\u015f m\u0259ruz\u0259 il\u0259 \u00e7\u0131x\u0131\u015f edib. Daha sonra konfrans\u0131n i\u015fi m\u0259ruz\u0259 \u0259traf\u0131nda m\u00fczakir\u0259l\u0259rl\u0259 davam etdirilib.<\/p>\n<p>M\u0259ruz\u0259 v\u0259 \u00e7\u0131x\u0131\u015flarda qeyd edilib ki, 2012-2013-c\u00fc d\u0259rs ilind\u0259 rayonda 43 \u00fcmumt\u0259hsil m\u0259kt\u0259bi, o c\u00fcml\u0259d\u0259n 28 tam, 9 \u00fcmumi orta, 6 ibtidai m\u0259kt\u0259b f\u0259aliyy\u0259t g\u00f6st\u0259rib. Son ill\u0259rd\u0259 Prezident c\u0259nab \u0130lham \u018fliyevin diqq\u0259t v\u0259 qay\u011f\u0131s\u0131 say\u0259sind\u0259 respublikan\u0131n b\u00fct\u00fcn b\u00f6lg\u0259l\u0259rind\u0259 oldu\u011fu kimi Z\u0259rdab rayonunda da t\u0259hsilin inki\u015faf\u0131 istiqam\u0259tind\u0259 xeyli i\u015f g\u00f6r\u00fcl\u00fcb, 13 yeni m\u0259kt\u0259b binas\u0131 tikilib istifad\u0259y\u0259 verilib, haz\u0131rda 4 yeni m\u0259kt\u0259b binas\u0131 \u2013 \u00c7all\u0131 k\u0259ndind\u0259 360, \u0130saqba\u011f\u0131 k\u0259ndind\u0259 220, A\u015fa\u011f\u0131 Seyidl\u0259r k\u0259ndind\u0259 80, \u201c32 hektar\u201d adlanan \u0259razid\u0259 132 \u015fagird yerlik yeni m\u0259kt\u0259b binalar\u0131 a\u00e7\u0131l\u0131\u015fa haz\u0131rd\u0131r.<\/p>\n<p>Eyni zamanda rayonun K\u00f6rp\u00fck\u0259nd, K\u0259nd\u0259bil k\u0259nd, \u015f\u0259h\u0259r 3 n\u00f6mr\u0259li tam orta, N\u0259z\u0259ral\u0131l\u0131 k\u0259nd ibtidai m\u0259kt\u0259bl\u0259rind\u0259 cari t\u0259mir i\u015fl\u0259ri apar\u0131l\u0131b.<\/p>\n<p>\u018fg\u0259r 2007-ci ild\u0259 43 \u00fcmumt\u0259hsil m\u0259kt\u0259binin 13-d\u0259n ali m\u0259kt\u0259bl\u0259r\u0259 c\u0259mi 47 n\u0259f\u0259r m\u0259zun q\u0259bul olunubsa, 2013-c\u00fc ild\u0259 41 \u00fcmumt\u0259hsil m\u0259kt\u0259binin yetirm\u0259sind\u0259n 137 n\u0259f\u0259r m\u0259zun ali m\u0259kt\u0259b\u0259 q\u0259bul olub, onlardan 6 n\u0259f\u0259ri 600-d\u0259n \u00e7ox bal toplay\u0131b.<\/p>\n<figure id=\"attachment_11786\" aria-describedby=\"caption-attachment-11786\" style=\"width: 400px\" class=\"wp-caption aligncenter\"><img loading=\"lazy\" decoding=\"async\" class=\"size-medium wp-image-11786\" alt=\" Baba Babayev\" src=\"http:\/\/www.zerdab.com\/wp-content\/uploads\/2013\/09\/Zerdab-muellim1-400x265.jpg\" width=\"400\" height=\"265\" \/><figcaption id=\"caption-attachment-11786\" class=\"wp-caption-text\"><strong>Z\u0259rdab rayon T\u0259hsil \u015e\u00f6b\u0259sinin m\u00fcdiri Baba Babayev<\/strong><\/figcaption><\/figure>\n<p>Haz\u0131rda rayonun \u00fcmumt\u0259hsil m\u0259kt\u0259bl\u0259rind\u0259 6 \u018fm\u0259kdar m\u00fc\u0259llim, 5 T\u0259r\u0259qqi medall\u0131 m\u00fc\u0259llim f\u0259aliyy\u0259t g\u00f6st\u0259rir.<\/p>\n<p>Z\u0259rdab Rayon \u0130cra Hakimiyy\u0259tinin ba\u015f\u00e7\u0131s\u0131 L\u00fctv\u0259li Babayev v\u0259 Az\u0259rbaycan Respublikas\u0131 T\u0259hsil Nazirliyinin k\u0259nd m\u0259kt\u0259bl\u0259ri \u00fczr\u0259 idar\u0259 r\u0259isi Ayd\u0131n \u018fhm\u0259dov konfransda \u00e7\u0131x\u0131\u015f ed\u0259r\u0259k, m\u00fc\u0259lliml\u0259r\u0259 yeni d\u0259rs ilind\u0259 u\u011furlar arzulay\u0131blar.<\/p>\n<p>Konfrans\u0131n q\u0259tnam\u0259si oxunduqdan sonra c\u0259nab \u0130lham \u018fliyev\u0259 rayon m\u00fc\u0259lliml\u0259ri ad\u0131ndan m\u00fcraci\u0259t q\u0259bul olunub.<\/p>\n<p><img loading=\"lazy\" decoding=\"async\" class=\"aligncenter size-large wp-image-11784\" alt=\"Z\u0259rdab rayonu\" src=\"http:\/\/www.zerdab.com\/wp-content\/uploads\/2013\/09\/Zerdab-muellim2-550x365.jpg\" width=\"550\" height=\"365\" \/><\/p>\n<p><b>Z\u0259rdab R\u0130HB Aparat\u0131n\u0131n informasiya t\u0259minat\u0131 v\u0259 t\u0259hlil sektoru<\/b><\/p>\n","protected":false},"excerpt":{"rendered":"<p>Z\u0259rdab rayonunun t\u0259hsil i\u015f\u00e7il\u0259rinin sentyabr konfrans\u0131 ke\u00e7irilib. Konfrans i\u015ftirak\u00e7\u0131lar\u0131 \u0259vv\u0259lc\u0259 ulu \u00f6nd\u0259r Heyd\u0259r \u018fliyevin abid\u0259si \u00f6n\u00fcn\u0259 g\u00fcl d\u0259st\u0259l\u0259ri qoyublar. Daha sonra konfrans \u00f6z i\u015fin\u0259 ba\u015flay\u0131b. Z\u0259rdab Rayon T\u0259hsil \u015e\u00f6b\u0259sinin m\u00fcdiri Baba Babayev \u201c2012-2013-c\u00fc d\u0259rs ilinin yekunlar\u0131, 2013-c\u00fc ild\u0259 qar\u015f\u0131da duran v\u0259zif\u0259l\u0259r\u201d m\u00f6vzusunda geni\u015f m\u0259ruz\u0259 il\u0259 \u00e7\u0131x\u0131\u015f edib. Daha sonra konfrans\u0131n i\u015fi m\u0259ruz\u0259 \u0259traf\u0131nda m\u00fczakir\u0259l\u0259rl\u0259 davam [&hellip;]<\/p>\n","protected":false},"author":1,"featured_media":0,"comment_status":"open","ping_status":"open","sticky":false,"template":"","format":"standard","meta":{"footnotes":""},"categories":[21],"tags":[],"class_list":{"0":"post-11783","1":"post","2":"type-post","3":"status-publish","4":"format-standard","6":"category-zrdab"},"yoast_head":"<!-- This site is optimized with the Yoast SEO plugin v27.0 - https:\/\/yoast.com\/product\/yoast-seo-wordpress\/ -->\n<title>Z\u0259rdabda m\u00fc\u0259lliml\u0259rin konfrans\u0131 ke\u00e7irildi, Prezident\u0259 m\u00fcraci\u0259t olundu - Z\u0259rdab.com<\/title>\n<meta name=\"robots\" content=\"index, follow, max-snippet:-1, max-image-preview:large, max-video-preview:-1\" \/>\n<link rel=\"canonical\" href=\"https:\/\/www.zerdab.com\/?p=11783\" \/>\n<meta property=\"og:locale\" content=\"az_AZ\" \/>\n<meta property=\"og:type\" content=\"article\" \/>\n<meta property=\"og:title\" content=\"Z\u0259rdabda m\u00fc\u0259lliml\u0259rin konfrans\u0131 ke\u00e7irildi, Prezident\u0259 m\u00fcraci\u0259t olundu - Z\u0259rdab.com\" \/>\n<meta property=\"og:description\" content=\"Z\u0259rdab rayonunun t\u0259hsil i\u015f\u00e7il\u0259rinin sentyabr konfrans\u0131 ke\u00e7irilib. Konfrans i\u015ftirak\u00e7\u0131lar\u0131 \u0259vv\u0259lc\u0259 ulu \u00f6nd\u0259r Heyd\u0259r \u018fliyevin abid\u0259si \u00f6n\u00fcn\u0259 g\u00fcl d\u0259st\u0259l\u0259ri qoyublar. Daha sonra konfrans \u00f6z i\u015fin\u0259 ba\u015flay\u0131b. Z\u0259rdab Rayon T\u0259hsil \u015e\u00f6b\u0259sinin m\u00fcdiri Baba Babayev \u201c2012-2013-c\u00fc d\u0259rs ilinin yekunlar\u0131, 2013-c\u00fc ild\u0259 qar\u015f\u0131da duran v\u0259zif\u0259l\u0259r\u201d m\u00f6vzusunda geni\u015f m\u0259ruz\u0259 il\u0259 \u00e7\u0131x\u0131\u015f edib. Daha sonra konfrans\u0131n i\u015fi m\u0259ruz\u0259 \u0259traf\u0131nda m\u00fczakir\u0259l\u0259rl\u0259 davam [&hellip;]\" \/>\n<meta property=\"og:url\" content=\"https:\/\/www.zerdab.com\/?p=11783\" \/>\n<meta property=\"og:site_name\" content=\"Z\u0259rdab.com\" \/>\n<meta property=\"article:published_time\" content=\"2013-09-03T16:17:11+00:00\" \/>\n<meta property=\"article:modified_time\" content=\"2013-09-03T16:20:48+00:00\" \/>\n<meta property=\"og:image\" content=\"http:\/\/www.zerdab.com\/wp-content\/uploads\/2013\/09\/Zerdab-muellim-550x365.jpg\" \/>\n<meta name=\"author\" content=\"admin\" \/>\n<meta name=\"twitter:card\" content=\"summary_large_image\" \/>\n<meta name=\"twitter:label1\" content=\"Written by\" \/>\n\t<meta name=\"twitter:data1\" content=\"admin\" \/>\n\t<meta name=\"twitter:label2\" content=\"Est. reading time\" \/>\n\t<meta name=\"twitter:data2\" content=\"2 minutes\" \/>\n<script type=\"application\/ld+json\" class=\"yoast-schema-graph\">{\"@context\":\"https:\/\/schema.org\",\"@graph\":[{\"@type\":\"Article\",\"@id\":\"https:\/\/www.zerdab.com\/?p=11783#article\",\"isPartOf\":{\"@id\":\"https:\/\/www.zerdab.com\/?p=11783\"},\"author\":{\"name\":\"admin\",\"@id\":\"https:\/\/www.zerdab.com\/#\/schema\/person\/97079b7570c1e89ec0d9e138c3672136\"},\"headline\":\"Z\u0259rdabda m\u00fc\u0259lliml\u0259rin konfrans\u0131 ke\u00e7irildi, Prezident\u0259 m\u00fcraci\u0259t olundu\",\"datePublished\":\"2013-09-03T16:17:11+00:00\",\"dateModified\":\"2013-09-03T16:20:48+00:00\",\"mainEntityOfPage\":{\"@id\":\"https:\/\/www.zerdab.com\/?p=11783\"},\"wordCount\":457,\"commentCount\":0,\"image\":{\"@id\":\"https:\/\/www.zerdab.com\/?p=11783#primaryimage\"},\"thumbnailUrl\":\"http:\/\/www.zerdab.com\/wp-content\/uploads\/2013\/09\/Zerdab-muellim-550x365.jpg\",\"articleSection\":[\"C\u018fM\u0130YY\u018fT\"],\"inLanguage\":\"az\",\"potentialAction\":[{\"@type\":\"CommentAction\",\"name\":\"Comment\",\"target\":[\"https:\/\/www.zerdab.com\/?p=11783#respond\"]}]},{\"@type\":\"WebPage\",\"@id\":\"https:\/\/www.zerdab.com\/?p=11783\",\"url\":\"https:\/\/www.zerdab.com\/?p=11783\",\"name\":\"Z\u0259rdabda m\u00fc\u0259lliml\u0259rin konfrans\u0131 ke\u00e7irildi, Prezident\u0259 m\u00fcraci\u0259t olundu - Z\u0259rdab.com\",\"isPartOf\":{\"@id\":\"https:\/\/www.zerdab.com\/#website\"},\"primaryImageOfPage\":{\"@id\":\"https:\/\/www.zerdab.com\/?p=11783#primaryimage\"},\"image\":{\"@id\":\"https:\/\/www.zerdab.com\/?p=11783#primaryimage\"},\"thumbnailUrl\":\"http:\/\/www.zerdab.com\/wp-content\/uploads\/2013\/09\/Zerdab-muellim-550x365.jpg\",\"datePublished\":\"2013-09-03T16:17:11+00:00\",\"dateModified\":\"2013-09-03T16:20:48+00:00\",\"author\":{\"@id\":\"https:\/\/www.zerdab.com\/#\/schema\/person\/97079b7570c1e89ec0d9e138c3672136\"},\"breadcrumb\":{\"@id\":\"https:\/\/www.zerdab.com\/?p=11783#breadcrumb\"},\"inLanguage\":\"az\",\"potentialAction\":[{\"@type\":\"ReadAction\",\"target\":[\"https:\/\/www.zerdab.com\/?p=11783\"]}]},{\"@type\":\"ImageObject\",\"inLanguage\":\"az\",\"@id\":\"https:\/\/www.zerdab.com\/?p=11783#primaryimage\",\"url\":\"\",\"contentUrl\":\"\"},{\"@type\":\"BreadcrumbList\",\"@id\":\"https:\/\/www.zerdab.com\/?p=11783#breadcrumb\",\"itemListElement\":[{\"@type\":\"ListItem\",\"position\":1,\"name\":\"Home\",\"item\":\"https:\/\/www.zerdab.com\/\"},{\"@type\":\"ListItem\",\"position\":2,\"name\":\"Z\u0259rdabda m\u00fc\u0259lliml\u0259rin konfrans\u0131 ke\u00e7irildi, Prezident\u0259 m\u00fcraci\u0259t olundu\"}]},{\"@type\":\"WebSite\",\"@id\":\"https:\/\/www.zerdab.com\/#website\",\"url\":\"https:\/\/www.zerdab.com\/\",\"name\":\"Z\u0259rdab.com\",\"description\":\"\",\"potentialAction\":[{\"@type\":\"SearchAction\",\"target\":{\"@type\":\"EntryPoint\",\"urlTemplate\":\"https:\/\/www.zerdab.com\/?s={search_term_string}\"},\"query-input\":{\"@type\":\"PropertyValueSpecification\",\"valueRequired\":true,\"valueName\":\"search_term_string\"}}],\"inLanguage\":\"az\"},{\"@type\":\"Person\",\"@id\":\"https:\/\/www.zerdab.com\/#\/schema\/person\/97079b7570c1e89ec0d9e138c3672136\",\"name\":\"admin\",\"image\":{\"@type\":\"ImageObject\",\"inLanguage\":\"az\",\"@id\":\"https:\/\/www.zerdab.com\/#\/schema\/person\/image\/\",\"url\":\"https:\/\/secure.gravatar.com\/avatar\/d9c52a9a27c32119cb6679a077fa3e2779e5f822c451cbf01098004361d466ec?s=96&d=mm&r=g\",\"contentUrl\":\"https:\/\/secure.gravatar.com\/avatar\/d9c52a9a27c32119cb6679a077fa3e2779e5f822c451cbf01098004361d466ec?s=96&d=mm&r=g\",\"caption\":\"admin\"},\"url\":\"https:\/\/www.zerdab.com\/?author=1\"}]}<\/script>\n<!-- \/ Yoast SEO plugin. -->","yoast_head_json":{"title":"Z\u0259rdabda m\u00fc\u0259lliml\u0259rin konfrans\u0131 ke\u00e7irildi, Prezident\u0259 m\u00fcraci\u0259t olundu - Z\u0259rdab.com","robots":{"index":"index","follow":"follow","max-snippet":"max-snippet:-1","max-image-preview":"max-image-preview:large","max-video-preview":"max-video-preview:-1"},"canonical":"https:\/\/www.zerdab.com\/?p=11783","og_locale":"az_AZ","og_type":"article","og_title":"Z\u0259rdabda m\u00fc\u0259lliml\u0259rin konfrans\u0131 ke\u00e7irildi, Prezident\u0259 m\u00fcraci\u0259t olundu - Z\u0259rdab.com","og_description":"Z\u0259rdab rayonunun t\u0259hsil i\u015f\u00e7il\u0259rinin sentyabr konfrans\u0131 ke\u00e7irilib. Konfrans i\u015ftirak\u00e7\u0131lar\u0131 \u0259vv\u0259lc\u0259 ulu \u00f6nd\u0259r Heyd\u0259r \u018fliyevin abid\u0259si \u00f6n\u00fcn\u0259 g\u00fcl d\u0259st\u0259l\u0259ri qoyublar. Daha sonra konfrans \u00f6z i\u015fin\u0259 ba\u015flay\u0131b. Z\u0259rdab Rayon T\u0259hsil \u015e\u00f6b\u0259sinin m\u00fcdiri Baba Babayev \u201c2012-2013-c\u00fc d\u0259rs ilinin yekunlar\u0131, 2013-c\u00fc ild\u0259 qar\u015f\u0131da duran v\u0259zif\u0259l\u0259r\u201d m\u00f6vzusunda geni\u015f m\u0259ruz\u0259 il\u0259 \u00e7\u0131x\u0131\u015f edib. Daha sonra konfrans\u0131n i\u015fi m\u0259ruz\u0259 \u0259traf\u0131nda m\u00fczakir\u0259l\u0259rl\u0259 davam [&hellip;]","og_url":"https:\/\/www.zerdab.com\/?p=11783","og_site_name":"Z\u0259rdab.com","article_published_time":"2013-09-03T16:17:11+00:00","article_modified_time":"2013-09-03T16:20:48+00:00","og_image":[{"url":"http:\/\/www.zerdab.com\/wp-content\/uploads\/2013\/09\/Zerdab-muellim-550x365.jpg","type":"","width":"","height":""}],"author":"admin","twitter_card":"summary_large_image","twitter_misc":{"Written by":"admin","Est. reading time":"2 minutes"},"schema":{"@context":"https:\/\/schema.org","@graph":[{"@type":"Article","@id":"https:\/\/www.zerdab.com\/?p=11783#article","isPartOf":{"@id":"https:\/\/www.zerdab.com\/?p=11783"},"author":{"name":"admin","@id":"https:\/\/www.zerdab.com\/#\/schema\/person\/97079b7570c1e89ec0d9e138c3672136"},"headline":"Z\u0259rdabda m\u00fc\u0259lliml\u0259rin konfrans\u0131 ke\u00e7irildi, Prezident\u0259 m\u00fcraci\u0259t olundu","datePublished":"2013-09-03T16:17:11+00:00","dateModified":"2013-09-03T16:20:48+00:00","mainEntityOfPage":{"@id":"https:\/\/www.zerdab.com\/?p=11783"},"wordCount":457,"commentCount":0,"image":{"@id":"https:\/\/www.zerdab.com\/?p=11783#primaryimage"},"thumbnailUrl":"http:\/\/www.zerdab.com\/wp-content\/uploads\/2013\/09\/Zerdab-muellim-550x365.jpg","articleSection":["C\u018fM\u0130YY\u018fT"],"inLanguage":"az","potentialAction":[{"@type":"CommentAction","name":"Comment","target":["https:\/\/www.zerdab.com\/?p=11783#respond"]}]},{"@type":"WebPage","@id":"https:\/\/www.zerdab.com\/?p=11783","url":"https:\/\/www.zerdab.com\/?p=11783","name":"Z\u0259rdabda m\u00fc\u0259lliml\u0259rin konfrans\u0131 ke\u00e7irildi, Prezident\u0259 m\u00fcraci\u0259t olundu - Z\u0259rdab.com","isPartOf":{"@id":"https:\/\/www.zerdab.com\/#website"},"primaryImageOfPage":{"@id":"https:\/\/www.zerdab.com\/?p=11783#primaryimage"},"image":{"@id":"https:\/\/www.zerdab.com\/?p=11783#primaryimage"},"thumbnailUrl":"http:\/\/www.zerdab.com\/wp-content\/uploads\/2013\/09\/Zerdab-muellim-550x365.jpg","datePublished":"2013-09-03T16:17:11+00:00","dateModified":"2013-09-03T16:20:48+00:00","author":{"@id":"https:\/\/www.zerdab.com\/#\/schema\/person\/97079b7570c1e89ec0d9e138c3672136"},"breadcrumb":{"@id":"https:\/\/www.zerdab.com\/?p=11783#breadcrumb"},"inLanguage":"az","potentialAction":[{"@type":"ReadAction","target":["https:\/\/www.zerdab.com\/?p=11783"]}]},{"@type":"ImageObject","inLanguage":"az","@id":"https:\/\/www.zerdab.com\/?p=11783#primaryimage","url":"","contentUrl":""},{"@type":"BreadcrumbList","@id":"https:\/\/www.zerdab.com\/?p=11783#breadcrumb","itemListElement":[{"@type":"ListItem","position":1,"name":"Home","item":"https:\/\/www.zerdab.com\/"},{"@type":"ListItem","position":2,"name":"Z\u0259rdabda m\u00fc\u0259lliml\u0259rin konfrans\u0131 ke\u00e7irildi, Prezident\u0259 m\u00fcraci\u0259t olundu"}]},{"@type":"WebSite","@id":"https:\/\/www.zerdab.com\/#website","url":"https:\/\/www.zerdab.com\/","name":"Z\u0259rdab.com","description":"","potentialAction":[{"@type":"SearchAction","target":{"@type":"EntryPoint","urlTemplate":"https:\/\/www.zerdab.com\/?s={search_term_string}"},"query-input":{"@type":"PropertyValueSpecification","valueRequired":true,"valueName":"search_term_string"}}],"inLanguage":"az"},{"@type":"Person","@id":"https:\/\/www.zerdab.com\/#\/schema\/person\/97079b7570c1e89ec0d9e138c3672136","name":"admin","image":{"@type":"ImageObject","inLanguage":"az","@id":"https:\/\/www.zerdab.com\/#\/schema\/person\/image\/","url":"https:\/\/secure.gravatar.com\/avatar\/d9c52a9a27c32119cb6679a077fa3e2779e5f822c451cbf01098004361d466ec?s=96&d=mm&r=g","contentUrl":"https:\/\/secure.gravatar.com\/avatar\/d9c52a9a27c32119cb6679a077fa3e2779e5f822c451cbf01098004361d466ec?s=96&d=mm&r=g","caption":"admin"},"url":"https:\/\/www.zerdab.com\/?author=1"}]}},"_links":{"self":[{"href":"https:\/\/www.zerdab.com\/index.php?rest_route=\/wp\/v2\/posts\/11783","targetHints":{"allow":["GET"]}}],"collection":[{"href":"https:\/\/www.zerdab.com\/index.php?rest_route=\/wp\/v2\/posts"}],"about":[{"href":"https:\/\/www.zerdab.com\/index.php?rest_route=\/wp\/v2\/types\/post"}],"author":[{"embeddable":true,"href":"https:\/\/www.zerdab.com\/index.php?rest_route=\/wp\/v2\/users\/1"}],"replies":[{"embeddable":true,"href":"https:\/\/www.zerdab.com\/index.php?rest_route=%2Fwp%2Fv2%2Fcomments&post=11783"}],"version-history":[{"count":5,"href":"https:\/\/www.zerdab.com\/index.php?rest_route=\/wp\/v2\/posts\/11783\/revisions"}],"predecessor-version":[{"id":11788,"href":"https:\/\/www.zerdab.com\/index.php?rest_route=\/wp\/v2\/posts\/11783\/revisions\/11788"}],"wp:attachment":[{"href":"https:\/\/www.zerdab.com\/index.php?rest_route=%2Fwp%2Fv2%2Fmedia&parent=11783"}],"wp:term":[{"taxonomy":"category","embeddable":true,"href":"https:\/\/www.zerdab.com\/index.php?rest_route=%2Fwp%2Fv2%2Fcategories&post=11783"},{"taxonomy":"post_tag","embeddable":true,"href":"https:\/\/www.zerdab.com\/index.php?rest_route=%2Fwp%2Fv2%2Ftags&post=11783"}],"curies":[{"name":"wp","href":"https:\/\/api.w.org\/{rel}","templated":true}]}}