{"id":11796,"date":"2013-09-04T12:01:03","date_gmt":"2013-09-04T07:01:03","guid":{"rendered":"http:\/\/www.zerdab.com\/?p=11796"},"modified":"2013-09-04T12:09:53","modified_gmt":"2013-09-04T07:09:53","slug":"135-m%c9%99zunumuz-t%c9%99l%c9%99b%c9%99-olub-onlardan-6-n%c9%99f%c9%99ri-600-d%c9%99n-cox-bal-toplayib","status":"publish","type":"post","link":"https:\/\/www.zerdab.com\/?p=11796","title":{"rendered":"Bu il 135 m\u0259zunumuz t\u0259l\u0259b\u0259 olub, 6 n\u0259f\u0259r 600-d\u0259n \u00e7ox bal y\u0131\u011f\u0131b &#8211; fotolar"},"content":{"rendered":"<p><strong><img loading=\"lazy\" decoding=\"async\" class=\"aligncenter size-large wp-image-11797\" alt=\"Z\u0259rdab rayonu\" src=\"http:\/\/www.zerdab.com\/wp-content\/uploads\/2013\/09\/Z\u0259rdab-rayonu1-550x365.jpg\" width=\"550\" height=\"365\" \/>D\u00fcn\u0259n ax\u015fam saatlar\u0131nda Z\u0259rdab \u015f\u0259h\u0259rinin Heyd\u0259r \u018fliyev park\u0131nda 2013-c\u00fc ild\u0259 ali m\u0259kt\u0259bl\u0259r\u0259 q\u0259bul olmu\u015f m\u0259zunlarla rayon r\u0259hb\u0259rinin g\u00f6r\u00fc\u015f\u00fc olub.<\/strong> T\u0259dbird\u0259 Z\u0259rdab Rayon \u0130cra Hakimiyy\u0259tinin ba\u015f\u00e7\u0131s\u0131 L\u00fctv\u0259li Babayev \u00e7\u0131x\u0131\u015f ed\u0259r\u0259k bildirib ki, Az\u0259rbaycan Respublikas\u0131 Prezidenti c\u0259nab \u0130lham \u018fliyevin diqq\u0259t v\u0259 qay\u011f\u0131s\u0131 say\u0259sind\u0259 son ill\u0259r respublikam\u0131z\u0131n b\u00fct\u00fcn regionlar\u0131nda oldu\u011fu kimi Z\u0259rdab rayonunda da t\u0259hsilin inki\u015faf\u0131 istiqam\u0259tind\u0259 xeyli i\u015f g\u00f6r\u00fcl\u00fcb. Son 10 ild\u0259 rayonumuzda 13 yeni m\u0259kt\u0259b binas\u0131 tikilib istifad\u0259y\u0259 verilib, 1 m\u0259kt\u0259b \u0259sasl\u0131 t\u0259mir edilib, haz\u0131rda 4 m\u0259kt\u0259b, o c\u00fcml\u0259d\u0259n \u00c7all\u0131 k\u0259ndind\u0259 360, \u0130saqba\u011f\u0131 k\u0259ndind\u0259 220, A\u015fa\u011f\u0131 Seyidl\u0259r k\u0259ndind\u0259 80, yeni q\u0259s\u0259b\u0259d\u0259 132 \u015fagird yerlik yeni m\u0259kt\u0259b binalar\u0131 a\u00e7\u0131l\u0131\u015f \u00fc\u00e7\u00fcn tam haz\u0131rd\u0131r. L. Babayev qeyd edib ki, Prezident \u0130lham \u018fliyevin tap\u015f\u0131r\u0131\u011f\u0131na \u0259sas\u0259n TQDK t\u0259r\u0259find\u0259n ali v\u0259 orta ixtisas t\u0259hsili m\u00fc\u0259ssis\u0259l\u0259rin\u0259 q\u0259bul imtahanlar\u0131n\u0131n b\u00f6lg\u0259l\u0259rd\u0259 ke\u00e7irilm\u0259si rayon ictimaiyy\u0259tinin b\u00f6y\u00fck sevincin\u0259 s\u0259b\u0259b olub, m\u0259zunlar da \u00f6lk\u0259 ba\u015f\u00e7\u0131s\u0131n\u0131n bu diqq\u0259t-qay\u011f\u0131s\u0131na \u0259ld\u0259 etdikl\u0259ri y\u00fcks\u0259k n\u0259tic\u0259l\u0259rl\u0259 cavab veribl\u0259r. Bel\u0259 ki, 2013-c\u00fc ild\u0259 rayonun 135 m\u0259zunu m\u00fcxt\u0259lif ali m\u0259kt\u0259bl\u0259r\u0259 q\u0259bul olunub, onlardan 6 n\u0259f\u0259ri 600-d\u0259n \u00e7ox bal toplay\u0131b.<\/p>\n<p>G\u00f6r\u00fc\u015fd\u0259 Z\u0259rdab Rayon T\u0259hsil \u015e\u00f6b\u0259sinin m\u00fcdiri Baba Babayev, q\u0259bul imtahanlar\u0131nda 600-d\u0259n \u00e7ox bal toplam\u0131\u015f t\u0259l\u0259b\u0259l\u0259r, onlar\u0131n valideynl\u0259ri \u00e7\u0131x\u0131\u015f ed\u0259r\u0259k \u00f6lk\u0259mizd\u0259 t\u0259hsilin inki\u015faf\u0131na g\u00f6st\u0259rdiyi diqq\u0259t v\u0259 qay\u011f\u0131ya g\u00f6r\u0259 Prezidentimiz c\u0259nab\u00a0 \u0130lham \u018fliyev\u0259 \u00f6z s\u0259mimi minn\u0259tdarl\u0131qlar\u0131n\u0131 bildiribl\u0259r.<\/p>\n<p>Sonda 600-d\u0259n \u00e7ox bal toplam\u0131\u015f t\u0259l\u0259b\u0259l\u0259r\u0259 qiym\u0259tli h\u0259diyy\u0259l\u0259r verilib v\u0259 onlar\u0131n \u015f\u0259r\u0259fin\u0259 b\u00f6y\u00fck konsert proqram\u0131 t\u0259\u015fkil edilib.<img loading=\"lazy\" decoding=\"async\" class=\"aligncenter size-large wp-image-11805\" alt=\"Zerdab\" src=\"http:\/\/www.zerdab.com\/wp-content\/uploads\/2013\/09\/Z\u0259rdab-rayonu8-550x365.jpg\" width=\"550\" height=\"365\" \/><\/p>\n<p><img loading=\"lazy\" decoding=\"async\" class=\"aligncenter size-large wp-image-11798\" alt=\"Z\u0259rdab rayonu\" src=\"http:\/\/www.zerdab.com\/wp-content\/uploads\/2013\/09\/Z\u0259rdab-rayonu-550x365.jpg\" width=\"550\" height=\"365\" \/><\/p>\n<p><img loading=\"lazy\" decoding=\"async\" class=\"aligncenter size-large wp-image-11799\" alt=\"Z\u0259rdab rayonu\" src=\"http:\/\/www.zerdab.com\/wp-content\/uploads\/2013\/09\/Z\u0259rdab-rayonu2-550x365.jpg\" width=\"550\" height=\"365\" \/><img loading=\"lazy\" decoding=\"async\" class=\"aligncenter size-large wp-image-11800\" alt=\"Z\u0259rdab rayonu\" src=\"http:\/\/www.zerdab.com\/wp-content\/uploads\/2013\/09\/Z\u0259rdab-rayonu3-550x365.jpg\" width=\"550\" height=\"365\" \/>\u00a0<img loading=\"lazy\" decoding=\"async\" class=\"aligncenter size-large wp-image-11801\" alt=\"Z\u0259rdab rayonu\" src=\"http:\/\/www.zerdab.com\/wp-content\/uploads\/2013\/09\/Z\u0259rdab-rayonu4-550x365.jpg\" width=\"550\" height=\"365\" \/><img loading=\"lazy\" decoding=\"async\" class=\"aligncenter size-large wp-image-11802\" alt=\"Z\u0259rdab rayonu\" src=\"http:\/\/www.zerdab.com\/wp-content\/uploads\/2013\/09\/Z\u0259rdab-rayonu5-550x365.jpg\" width=\"550\" height=\"365\" \/><b><img loading=\"lazy\" decoding=\"async\" class=\"aligncenter size-large wp-image-11803\" alt=\"Z\u0259rdab rayonu\" src=\"http:\/\/www.zerdab.com\/wp-content\/uploads\/2013\/09\/Z\u0259rdab-rayonu6-550x365.jpg\" width=\"550\" height=\"365\" \/><img loading=\"lazy\" decoding=\"async\" class=\"aligncenter size-large wp-image-11804\" alt=\"Z\u0259rdab rayonu\" src=\"http:\/\/www.zerdab.com\/wp-content\/uploads\/2013\/09\/Z\u0259rdab-rayonu7-550x365.jpg\" width=\"550\" height=\"365\" \/><img loading=\"lazy\" decoding=\"async\" class=\"aligncenter size-large wp-image-11806\" alt=\"Z\u0259rdab rayonu\" src=\"http:\/\/www.zerdab.com\/wp-content\/uploads\/2013\/09\/Z\u0259rdab-rayonu9-550x365.jpg\" width=\"550\" height=\"365\" \/><img loading=\"lazy\" decoding=\"async\" class=\"aligncenter size-large wp-image-11807\" alt=\"Z\u0259rdab rayonu\" src=\"http:\/\/www.zerdab.com\/wp-content\/uploads\/2013\/09\/Z\u0259rdab-rayonu10-550x365.jpg\" width=\"550\" height=\"365\" \/><img loading=\"lazy\" decoding=\"async\" class=\"aligncenter size-large wp-image-11808\" alt=\"Zerdab\" src=\"http:\/\/www.zerdab.com\/wp-content\/uploads\/2013\/09\/Z\u0259rdab-rayonu11-550x365.jpg\" width=\"550\" height=\"365\" \/><img loading=\"lazy\" decoding=\"async\" class=\"aligncenter size-large wp-image-11809\" alt=\"Z\u0259rdab rayonu\" src=\"http:\/\/www.zerdab.com\/wp-content\/uploads\/2013\/09\/Z\u0259rdab-rayonu13-550x365.jpg\" width=\"550\" height=\"365\" \/><img loading=\"lazy\" decoding=\"async\" class=\"aligncenter size-large wp-image-11810\" alt=\"Zerdab\" src=\"http:\/\/www.zerdab.com\/wp-content\/uploads\/2013\/09\/Z\u0259rdab-rayonu14-550x365.jpg\" width=\"550\" height=\"365\" \/><\/b><\/p>\n","protected":false},"excerpt":{"rendered":"<p>D\u00fcn\u0259n ax\u015fam saatlar\u0131nda Z\u0259rdab \u015f\u0259h\u0259rinin Heyd\u0259r \u018fliyev park\u0131nda 2013-c\u00fc ild\u0259 ali m\u0259kt\u0259bl\u0259r\u0259 q\u0259bul olmu\u015f m\u0259zunlarla rayon r\u0259hb\u0259rinin g\u00f6r\u00fc\u015f\u00fc olub. T\u0259dbird\u0259 Z\u0259rdab Rayon \u0130cra Hakimiyy\u0259tinin ba\u015f\u00e7\u0131s\u0131 L\u00fctv\u0259li Babayev \u00e7\u0131x\u0131\u015f ed\u0259r\u0259k bildirib ki, Az\u0259rbaycan Respublikas\u0131 Prezidenti c\u0259nab \u0130lham \u018fliyevin diqq\u0259t v\u0259 qay\u011f\u0131s\u0131 say\u0259sind\u0259 son ill\u0259r respublikam\u0131z\u0131n b\u00fct\u00fcn regionlar\u0131nda oldu\u011fu kimi Z\u0259rdab rayonunda da t\u0259hsilin inki\u015faf\u0131 istiqam\u0259tind\u0259 xeyli [&hellip;]<\/p>\n","protected":false},"author":1,"featured_media":0,"comment_status":"open","ping_status":"open","sticky":false,"template":"","format":"standard","meta":{"footnotes":""},"categories":[5],"tags":[],"class_list":{"0":"post-11796","1":"post","2":"type-post","3":"status-publish","4":"format-standard","6":"category-knd"},"yoast_head":"<!-- This site is optimized with the Yoast SEO plugin v27.0 - https:\/\/yoast.com\/product\/yoast-seo-wordpress\/ -->\n<title>Bu il 135 m\u0259zunumuz t\u0259l\u0259b\u0259 olub, 6 n\u0259f\u0259r 600-d\u0259n \u00e7ox bal y\u0131\u011f\u0131b - fotolar - Z\u0259rdab.com<\/title>\n<meta name=\"robots\" content=\"index, follow, max-snippet:-1, max-image-preview:large, max-video-preview:-1\" \/>\n<link rel=\"canonical\" href=\"https:\/\/www.zerdab.com\/?p=11796\" \/>\n<meta property=\"og:locale\" content=\"az_AZ\" \/>\n<meta property=\"og:type\" content=\"article\" \/>\n<meta property=\"og:title\" content=\"Bu il 135 m\u0259zunumuz t\u0259l\u0259b\u0259 olub, 6 n\u0259f\u0259r 600-d\u0259n \u00e7ox bal y\u0131\u011f\u0131b - fotolar - Z\u0259rdab.com\" \/>\n<meta property=\"og:description\" content=\"D\u00fcn\u0259n ax\u015fam saatlar\u0131nda Z\u0259rdab \u015f\u0259h\u0259rinin Heyd\u0259r \u018fliyev park\u0131nda 2013-c\u00fc ild\u0259 ali m\u0259kt\u0259bl\u0259r\u0259 q\u0259bul olmu\u015f m\u0259zunlarla rayon r\u0259hb\u0259rinin g\u00f6r\u00fc\u015f\u00fc olub. T\u0259dbird\u0259 Z\u0259rdab Rayon \u0130cra Hakimiyy\u0259tinin ba\u015f\u00e7\u0131s\u0131 L\u00fctv\u0259li Babayev \u00e7\u0131x\u0131\u015f ed\u0259r\u0259k bildirib ki, Az\u0259rbaycan Respublikas\u0131 Prezidenti c\u0259nab \u0130lham \u018fliyevin diqq\u0259t v\u0259 qay\u011f\u0131s\u0131 say\u0259sind\u0259 son ill\u0259r respublikam\u0131z\u0131n b\u00fct\u00fcn regionlar\u0131nda oldu\u011fu kimi Z\u0259rdab rayonunda da t\u0259hsilin inki\u015faf\u0131 istiqam\u0259tind\u0259 xeyli [&hellip;]\" \/>\n<meta property=\"og:url\" content=\"https:\/\/www.zerdab.com\/?p=11796\" \/>\n<meta property=\"og:site_name\" content=\"Z\u0259rdab.com\" \/>\n<meta property=\"article:published_time\" content=\"2013-09-04T07:01:03+00:00\" \/>\n<meta property=\"article:modified_time\" content=\"2013-09-04T07:09:53+00:00\" \/>\n<meta name=\"author\" content=\"admin\" \/>\n<meta name=\"twitter:card\" content=\"summary_large_image\" \/>\n<meta name=\"twitter:label1\" content=\"Written by\" \/>\n\t<meta name=\"twitter:data1\" content=\"admin\" \/>\n\t<meta name=\"twitter:label2\" content=\"Est. reading time\" \/>\n\t<meta name=\"twitter:data2\" content=\"2 minutes\" \/>\n<script type=\"application\/ld+json\" class=\"yoast-schema-graph\">{\"@context\":\"https:\/\/schema.org\",\"@graph\":[{\"@type\":\"Article\",\"@id\":\"https:\/\/www.zerdab.com\/?p=11796#article\",\"isPartOf\":{\"@id\":\"https:\/\/www.zerdab.com\/?p=11796\"},\"author\":{\"name\":\"admin\",\"@id\":\"https:\/\/www.zerdab.com\/#\/schema\/person\/97079b7570c1e89ec0d9e138c3672136\"},\"headline\":\"Bu il 135 m\u0259zunumuz t\u0259l\u0259b\u0259 olub, 6 n\u0259f\u0259r 600-d\u0259n \u00e7ox bal y\u0131\u011f\u0131b &#8211; fotolar\",\"datePublished\":\"2013-09-04T07:01:03+00:00\",\"dateModified\":\"2013-09-04T07:09:53+00:00\",\"mainEntityOfPage\":{\"@id\":\"https:\/\/www.zerdab.com\/?p=11796\"},\"wordCount\":382,\"commentCount\":4,\"articleSection\":[\"X\u018fB\u018fRL\u018fR\"],\"inLanguage\":\"az\",\"potentialAction\":[{\"@type\":\"CommentAction\",\"name\":\"Comment\",\"target\":[\"https:\/\/www.zerdab.com\/?p=11796#respond\"]}]},{\"@type\":\"WebPage\",\"@id\":\"https:\/\/www.zerdab.com\/?p=11796\",\"url\":\"https:\/\/www.zerdab.com\/?p=11796\",\"name\":\"Bu il 135 m\u0259zunumuz t\u0259l\u0259b\u0259 olub, 6 n\u0259f\u0259r 600-d\u0259n \u00e7ox bal y\u0131\u011f\u0131b - fotolar - Z\u0259rdab.com\",\"isPartOf\":{\"@id\":\"https:\/\/www.zerdab.com\/#website\"},\"datePublished\":\"2013-09-04T07:01:03+00:00\",\"dateModified\":\"2013-09-04T07:09:53+00:00\",\"author\":{\"@id\":\"https:\/\/www.zerdab.com\/#\/schema\/person\/97079b7570c1e89ec0d9e138c3672136\"},\"breadcrumb\":{\"@id\":\"https:\/\/www.zerdab.com\/?p=11796#breadcrumb\"},\"inLanguage\":\"az\",\"potentialAction\":[{\"@type\":\"ReadAction\",\"target\":[\"https:\/\/www.zerdab.com\/?p=11796\"]}]},{\"@type\":\"BreadcrumbList\",\"@id\":\"https:\/\/www.zerdab.com\/?p=11796#breadcrumb\",\"itemListElement\":[{\"@type\":\"ListItem\",\"position\":1,\"name\":\"Home\",\"item\":\"https:\/\/www.zerdab.com\/\"},{\"@type\":\"ListItem\",\"position\":2,\"name\":\"Bu il 135 m\u0259zunumuz t\u0259l\u0259b\u0259 olub, 6 n\u0259f\u0259r 600-d\u0259n \u00e7ox bal y\u0131\u011f\u0131b &#8211; fotolar\"}]},{\"@type\":\"WebSite\",\"@id\":\"https:\/\/www.zerdab.com\/#website\",\"url\":\"https:\/\/www.zerdab.com\/\",\"name\":\"Z\u0259rdab.com\",\"description\":\"\",\"potentialAction\":[{\"@type\":\"SearchAction\",\"target\":{\"@type\":\"EntryPoint\",\"urlTemplate\":\"https:\/\/www.zerdab.com\/?s={search_term_string}\"},\"query-input\":{\"@type\":\"PropertyValueSpecification\",\"valueRequired\":true,\"valueName\":\"search_term_string\"}}],\"inLanguage\":\"az\"},{\"@type\":\"Person\",\"@id\":\"https:\/\/www.zerdab.com\/#\/schema\/person\/97079b7570c1e89ec0d9e138c3672136\",\"name\":\"admin\",\"image\":{\"@type\":\"ImageObject\",\"inLanguage\":\"az\",\"@id\":\"https:\/\/www.zerdab.com\/#\/schema\/person\/image\/\",\"url\":\"https:\/\/secure.gravatar.com\/avatar\/d9c52a9a27c32119cb6679a077fa3e2779e5f822c451cbf01098004361d466ec?s=96&d=mm&r=g\",\"contentUrl\":\"https:\/\/secure.gravatar.com\/avatar\/d9c52a9a27c32119cb6679a077fa3e2779e5f822c451cbf01098004361d466ec?s=96&d=mm&r=g\",\"caption\":\"admin\"},\"url\":\"https:\/\/www.zerdab.com\/?author=1\"}]}<\/script>\n<!-- \/ Yoast SEO plugin. -->","yoast_head_json":{"title":"Bu il 135 m\u0259zunumuz t\u0259l\u0259b\u0259 olub, 6 n\u0259f\u0259r 600-d\u0259n \u00e7ox bal y\u0131\u011f\u0131b - fotolar - Z\u0259rdab.com","robots":{"index":"index","follow":"follow","max-snippet":"max-snippet:-1","max-image-preview":"max-image-preview:large","max-video-preview":"max-video-preview:-1"},"canonical":"https:\/\/www.zerdab.com\/?p=11796","og_locale":"az_AZ","og_type":"article","og_title":"Bu il 135 m\u0259zunumuz t\u0259l\u0259b\u0259 olub, 6 n\u0259f\u0259r 600-d\u0259n \u00e7ox bal y\u0131\u011f\u0131b - fotolar - Z\u0259rdab.com","og_description":"D\u00fcn\u0259n ax\u015fam saatlar\u0131nda Z\u0259rdab \u015f\u0259h\u0259rinin Heyd\u0259r \u018fliyev park\u0131nda 2013-c\u00fc ild\u0259 ali m\u0259kt\u0259bl\u0259r\u0259 q\u0259bul olmu\u015f m\u0259zunlarla rayon r\u0259hb\u0259rinin g\u00f6r\u00fc\u015f\u00fc olub. T\u0259dbird\u0259 Z\u0259rdab Rayon \u0130cra Hakimiyy\u0259tinin ba\u015f\u00e7\u0131s\u0131 L\u00fctv\u0259li Babayev \u00e7\u0131x\u0131\u015f ed\u0259r\u0259k bildirib ki, Az\u0259rbaycan Respublikas\u0131 Prezidenti c\u0259nab \u0130lham \u018fliyevin diqq\u0259t v\u0259 qay\u011f\u0131s\u0131 say\u0259sind\u0259 son ill\u0259r respublikam\u0131z\u0131n b\u00fct\u00fcn regionlar\u0131nda oldu\u011fu kimi Z\u0259rdab rayonunda da t\u0259hsilin inki\u015faf\u0131 istiqam\u0259tind\u0259 xeyli [&hellip;]","og_url":"https:\/\/www.zerdab.com\/?p=11796","og_site_name":"Z\u0259rdab.com","article_published_time":"2013-09-04T07:01:03+00:00","article_modified_time":"2013-09-04T07:09:53+00:00","author":"admin","twitter_card":"summary_large_image","twitter_misc":{"Written by":"admin","Est. reading time":"2 minutes"},"schema":{"@context":"https:\/\/schema.org","@graph":[{"@type":"Article","@id":"https:\/\/www.zerdab.com\/?p=11796#article","isPartOf":{"@id":"https:\/\/www.zerdab.com\/?p=11796"},"author":{"name":"admin","@id":"https:\/\/www.zerdab.com\/#\/schema\/person\/97079b7570c1e89ec0d9e138c3672136"},"headline":"Bu il 135 m\u0259zunumuz t\u0259l\u0259b\u0259 olub, 6 n\u0259f\u0259r 600-d\u0259n \u00e7ox bal y\u0131\u011f\u0131b &#8211; fotolar","datePublished":"2013-09-04T07:01:03+00:00","dateModified":"2013-09-04T07:09:53+00:00","mainEntityOfPage":{"@id":"https:\/\/www.zerdab.com\/?p=11796"},"wordCount":382,"commentCount":4,"articleSection":["X\u018fB\u018fRL\u018fR"],"inLanguage":"az","potentialAction":[{"@type":"CommentAction","name":"Comment","target":["https:\/\/www.zerdab.com\/?p=11796#respond"]}]},{"@type":"WebPage","@id":"https:\/\/www.zerdab.com\/?p=11796","url":"https:\/\/www.zerdab.com\/?p=11796","name":"Bu il 135 m\u0259zunumuz t\u0259l\u0259b\u0259 olub, 6 n\u0259f\u0259r 600-d\u0259n \u00e7ox bal y\u0131\u011f\u0131b - fotolar - Z\u0259rdab.com","isPartOf":{"@id":"https:\/\/www.zerdab.com\/#website"},"datePublished":"2013-09-04T07:01:03+00:00","dateModified":"2013-09-04T07:09:53+00:00","author":{"@id":"https:\/\/www.zerdab.com\/#\/schema\/person\/97079b7570c1e89ec0d9e138c3672136"},"breadcrumb":{"@id":"https:\/\/www.zerdab.com\/?p=11796#breadcrumb"},"inLanguage":"az","potentialAction":[{"@type":"ReadAction","target":["https:\/\/www.zerdab.com\/?p=11796"]}]},{"@type":"BreadcrumbList","@id":"https:\/\/www.zerdab.com\/?p=11796#breadcrumb","itemListElement":[{"@type":"ListItem","position":1,"name":"Home","item":"https:\/\/www.zerdab.com\/"},{"@type":"ListItem","position":2,"name":"Bu il 135 m\u0259zunumuz t\u0259l\u0259b\u0259 olub, 6 n\u0259f\u0259r 600-d\u0259n \u00e7ox bal y\u0131\u011f\u0131b &#8211; fotolar"}]},{"@type":"WebSite","@id":"https:\/\/www.zerdab.com\/#website","url":"https:\/\/www.zerdab.com\/","name":"Z\u0259rdab.com","description":"","potentialAction":[{"@type":"SearchAction","target":{"@type":"EntryPoint","urlTemplate":"https:\/\/www.zerdab.com\/?s={search_term_string}"},"query-input":{"@type":"PropertyValueSpecification","valueRequired":true,"valueName":"search_term_string"}}],"inLanguage":"az"},{"@type":"Person","@id":"https:\/\/www.zerdab.com\/#\/schema\/person\/97079b7570c1e89ec0d9e138c3672136","name":"admin","image":{"@type":"ImageObject","inLanguage":"az","@id":"https:\/\/www.zerdab.com\/#\/schema\/person\/image\/","url":"https:\/\/secure.gravatar.com\/avatar\/d9c52a9a27c32119cb6679a077fa3e2779e5f822c451cbf01098004361d466ec?s=96&d=mm&r=g","contentUrl":"https:\/\/secure.gravatar.com\/avatar\/d9c52a9a27c32119cb6679a077fa3e2779e5f822c451cbf01098004361d466ec?s=96&d=mm&r=g","caption":"admin"},"url":"https:\/\/www.zerdab.com\/?author=1"}]}},"_links":{"self":[{"href":"https:\/\/www.zerdab.com\/index.php?rest_route=\/wp\/v2\/posts\/11796","targetHints":{"allow":["GET"]}}],"collection":[{"href":"https:\/\/www.zerdab.com\/index.php?rest_route=\/wp\/v2\/posts"}],"about":[{"href":"https:\/\/www.zerdab.com\/index.php?rest_route=\/wp\/v2\/types\/post"}],"author":[{"embeddable":true,"href":"https:\/\/www.zerdab.com\/index.php?rest_route=\/wp\/v2\/users\/1"}],"replies":[{"embeddable":true,"href":"https:\/\/www.zerdab.com\/index.php?rest_route=%2Fwp%2Fv2%2Fcomments&post=11796"}],"version-history":[{"count":6,"href":"https:\/\/www.zerdab.com\/index.php?rest_route=\/wp\/v2\/posts\/11796\/revisions"}],"predecessor-version":[{"id":11813,"href":"https:\/\/www.zerdab.com\/index.php?rest_route=\/wp\/v2\/posts\/11796\/revisions\/11813"}],"wp:attachment":[{"href":"https:\/\/www.zerdab.com\/index.php?rest_route=%2Fwp%2Fv2%2Fmedia&parent=11796"}],"wp:term":[{"taxonomy":"category","embeddable":true,"href":"https:\/\/www.zerdab.com\/index.php?rest_route=%2Fwp%2Fv2%2Fcategories&post=11796"},{"taxonomy":"post_tag","embeddable":true,"href":"https:\/\/www.zerdab.com\/index.php?rest_route=%2Fwp%2Fv2%2Ftags&post=11796"}],"curies":[{"name":"wp","href":"https:\/\/api.w.org\/{rel}","templated":true}]}}