{"id":11945,"date":"2013-09-13T22:00:12","date_gmt":"2013-09-13T17:00:12","guid":{"rendered":"http:\/\/www.zerdab.com\/?p=11945"},"modified":"2013-09-13T22:00:58","modified_gmt":"2013-09-13T17:00:58","slug":"rayonumuzda-t%c9%99hsil-iscil%c9%99ri-il%c9%99-daha-bir-gorus-foto","status":"publish","type":"post","link":"https:\/\/www.zerdab.com\/?p=11945","title":{"rendered":"Rayonumuzda t\u0259hsil i\u015f\u00e7il\u0259ri il\u0259 daha bir g\u00f6r\u00fc\u015f oldu &#8211; foto"},"content":{"rendered":"<p><img loading=\"lazy\" decoding=\"async\" class=\"aligncenter size-large wp-image-11946\" alt=\"Z\u0259rdab-t\u0259hsil\" src=\"http:\/\/www.zerdab.com\/wp-content\/uploads\/2013\/09\/az-550x365.jpg\" width=\"550\" height=\"365\" \/>Bu g\u00fcn Rayon T\u0259hsil \u015e\u00f6b\u0259sinin iclas zal\u0131nda t\u0259hsil i\u015f\u00e7il\u0259ri il\u0259 Z\u0259rdab Rayon \u0130cra Hakimiyy\u0259ti Ba\u015f\u00e7\u0131s\u0131n\u0131n g\u00f6r\u00fc\u015f\u00fc olub. T\u0259dbiri giri\u015f s\u00f6z\u00fc il\u0259 a\u00e7an \u0130cra hakimiyy\u0259tinin ba\u015f\u00e7\u0131s\u0131 L\u00fctv\u0259li Babayev son ill\u0259r respublikada v\u0259 rayonda g\u00f6r\u00fcl\u0259n i\u015fl\u0259r bar\u0259d\u0259 y\u0131\u011f\u0131ncaq i\u015ftirak\u00e7\u0131lar\u0131na \u0259trafl\u0131 m\u0259lumat ver\u0259r\u0259k dig\u0259r sah\u0259l\u0259r\u0259 oldu\u011fu kimi d\u00f6vl\u0259tin t\u0259hsil sah\u0259sin\u0259 d\u0259 g\u00f6st\u0259rdiyi qay\u011f\u0131dan dan\u0131\u015f\u0131b. \u0130cra ba\u015f\u00e7\u0131s\u0131 qeyd edib ki, son 10 ild\u0259 rayonda 2376 \u015fagird yerlik 13 m\u0259kt\u0259b, o c\u00fcml\u0259d\u0259n Heyd\u0259r \u018fliyev Fondunun \u201cYenil\u0259\u015f\u0259n Az\u0259rbaycana yeni m\u0259kt\u0259b\u201d Proqram\u0131 \u00e7\u0259r\u00e7iv\u0259sind\u0259 280 \u015fagird yerlik 2 m\u0259kt\u0259b binas\u0131 tikilib istifad\u0259y\u0259 verilib, 600 \u015fagird yerlik 1 m\u0259kt\u0259b binas\u0131 \u0259sasl\u0131 t\u0259mir edilib. Haz\u0131rda 792 \u015fagird yerlik 4 m\u0259kt\u0259b binas\u0131 istifad\u0259y\u0259 haz\u0131rd\u0131r. Son ill\u0259rd\u0259 \u015f\u0259h\u0259r 1, 2, 3 n\u00f6mr\u0259li k\u00f6rp\u0259l\u0259r evi-u\u015faq ba\u011f\u00e7alar\u0131n\u0131n binalar\u0131 \u0259sasl\u0131 t\u0259mir edilib, B\u00f6y\u00fck D\u0259kk\u0259 k\u0259nd k\u00f6rp\u0259l\u0259r evi-u\u015faq ba\u011f\u00e7as\u0131 \u0259sasl\u0131 t\u0259mir olunmaqla yenid\u0259n qurulub. 2007-ci ild\u0259 c\u0259mi 47 n\u0259f\u0259r m\u0259zun ali m\u0259kt\u0259b\u0259 daxil olubsa, bu il bu g\u00f6st\u0259rici 137 n\u0259f\u0259r olmaqla, 6 n\u0259f\u0259r m\u0259zunumuz q\u0259bul imtahanlar\u0131nda 600-d\u0259n \u00e7ox bal toplay\u0131b.<\/p>\n<p><img loading=\"lazy\" decoding=\"async\" class=\"aligncenter size-large wp-image-11947\" alt=\"Z\u0259rdab-t\u0259hsil\" src=\"http:\/\/www.zerdab.com\/wp-content\/uploads\/2013\/09\/az1-550x365.jpg\" width=\"550\" height=\"365\" \/>T\u0259dbird\u0259 Rayon T\u0259hsil \u015e\u00f6b\u0259sinin m\u00fcdiri Baba Babayev, H\u00fcseynxanl\u0131 k\u0259nd \u00fcmumi orta m\u0259kt\u0259binin direktoru M\u0259kk\u0259 H\u0259midova, Xasa k\u0259nd \u00fcmumi orta m\u0259kt\u0259bin direktoru Marusa Qas\u0131mova, \u018flib\u0259yli k\u0259nd tam orta m\u0259kt\u0259binin direktoru K\u0259mal\u0259 \u018fliyeva, \u015f\u0259h\u0259r 2 sayl\u0131 tam orta m\u0259kt\u0259bin m\u00fc\u0259llimi N\u0259rgiz H\u00fcseynova \u00e7\u0131x\u0131\u015f ed\u0259r\u0259k t\u0259hsil\u0259 g\u00f6st\u0259rdiyi diqq\u0259t v\u0259 qay\u011f\u0131ya g\u00f6r\u0259 \u00f6lk\u0259 ba\u015f\u00e7\u0131s\u0131 c\u0259nab \u0130lham \u018fliyev\u0259 \u00f6z minn\u0259tdarl\u0131qlar\u0131n\u0131 bildiribl\u0259r.<\/p>\n<p>G\u00f6r\u00fc\u015f\u00fcn sonunda rayonun t\u0259hsil i\u015f\u00e7il\u0259ri 2013-c\u00fc ilin 9 oktyabr\u0131nda ke\u00e7iril\u0259c\u0259k prezident se\u00e7kil\u0259rind\u0259 \u0259n layiqli namiz\u0259d\u0259 s\u0259s ver\u0259c\u0259kl\u0259rini bildiribl\u0259r.<\/p>\n<p>Zerdab.com<\/p>\n","protected":false},"excerpt":{"rendered":"<p>Bu g\u00fcn Rayon T\u0259hsil \u015e\u00f6b\u0259sinin iclas zal\u0131nda t\u0259hsil i\u015f\u00e7il\u0259ri il\u0259 Z\u0259rdab Rayon \u0130cra Hakimiyy\u0259ti Ba\u015f\u00e7\u0131s\u0131n\u0131n g\u00f6r\u00fc\u015f\u00fc olub. T\u0259dbiri giri\u015f s\u00f6z\u00fc il\u0259 a\u00e7an \u0130cra hakimiyy\u0259tinin ba\u015f\u00e7\u0131s\u0131 L\u00fctv\u0259li Babayev son ill\u0259r respublikada v\u0259 rayonda g\u00f6r\u00fcl\u0259n i\u015fl\u0259r bar\u0259d\u0259 y\u0131\u011f\u0131ncaq i\u015ftirak\u00e7\u0131lar\u0131na \u0259trafl\u0131 m\u0259lumat ver\u0259r\u0259k dig\u0259r sah\u0259l\u0259r\u0259 oldu\u011fu kimi d\u00f6vl\u0259tin t\u0259hsil sah\u0259sin\u0259 d\u0259 g\u00f6st\u0259rdiyi qay\u011f\u0131dan dan\u0131\u015f\u0131b. \u0130cra ba\u015f\u00e7\u0131s\u0131 qeyd edib [&hellip;]<\/p>\n","protected":false},"author":1,"featured_media":0,"comment_status":"open","ping_status":"open","sticky":false,"template":"","format":"standard","meta":{"footnotes":""},"categories":[5],"tags":[],"class_list":{"0":"post-11945","1":"post","2":"type-post","3":"status-publish","4":"format-standard","6":"category-knd"},"yoast_head":"<!-- This site is optimized with the Yoast SEO plugin v27.0 - https:\/\/yoast.com\/product\/yoast-seo-wordpress\/ -->\n<title>Rayonumuzda t\u0259hsil i\u015f\u00e7il\u0259ri il\u0259 daha bir g\u00f6r\u00fc\u015f oldu - foto - Z\u0259rdab.com<\/title>\n<meta name=\"robots\" content=\"index, follow, max-snippet:-1, max-image-preview:large, max-video-preview:-1\" \/>\n<link rel=\"canonical\" href=\"https:\/\/www.zerdab.com\/?p=11945\" \/>\n<meta property=\"og:locale\" content=\"az_AZ\" \/>\n<meta property=\"og:type\" content=\"article\" \/>\n<meta property=\"og:title\" content=\"Rayonumuzda t\u0259hsil i\u015f\u00e7il\u0259ri il\u0259 daha bir g\u00f6r\u00fc\u015f oldu - foto - Z\u0259rdab.com\" \/>\n<meta property=\"og:description\" content=\"Bu g\u00fcn Rayon T\u0259hsil \u015e\u00f6b\u0259sinin iclas zal\u0131nda t\u0259hsil i\u015f\u00e7il\u0259ri il\u0259 Z\u0259rdab Rayon \u0130cra Hakimiyy\u0259ti Ba\u015f\u00e7\u0131s\u0131n\u0131n g\u00f6r\u00fc\u015f\u00fc olub. T\u0259dbiri giri\u015f s\u00f6z\u00fc il\u0259 a\u00e7an \u0130cra hakimiyy\u0259tinin ba\u015f\u00e7\u0131s\u0131 L\u00fctv\u0259li Babayev son ill\u0259r respublikada v\u0259 rayonda g\u00f6r\u00fcl\u0259n i\u015fl\u0259r bar\u0259d\u0259 y\u0131\u011f\u0131ncaq i\u015ftirak\u00e7\u0131lar\u0131na \u0259trafl\u0131 m\u0259lumat ver\u0259r\u0259k dig\u0259r sah\u0259l\u0259r\u0259 oldu\u011fu kimi d\u00f6vl\u0259tin t\u0259hsil sah\u0259sin\u0259 d\u0259 g\u00f6st\u0259rdiyi qay\u011f\u0131dan dan\u0131\u015f\u0131b. \u0130cra ba\u015f\u00e7\u0131s\u0131 qeyd edib [&hellip;]\" \/>\n<meta property=\"og:url\" content=\"https:\/\/www.zerdab.com\/?p=11945\" \/>\n<meta property=\"og:site_name\" content=\"Z\u0259rdab.com\" \/>\n<meta property=\"article:published_time\" content=\"2013-09-13T17:00:12+00:00\" \/>\n<meta property=\"article:modified_time\" content=\"2013-09-13T17:00:58+00:00\" \/>\n<meta property=\"og:image\" content=\"http:\/\/www.zerdab.com\/wp-content\/uploads\/2013\/09\/az-550x365.jpg\" \/>\n<meta name=\"author\" content=\"admin\" \/>\n<meta name=\"twitter:card\" content=\"summary_large_image\" \/>\n<meta name=\"twitter:label1\" content=\"Written by\" \/>\n\t<meta name=\"twitter:data1\" content=\"admin\" \/>\n\t<meta name=\"twitter:label2\" content=\"Est. reading time\" \/>\n\t<meta name=\"twitter:data2\" content=\"2 minutes\" \/>\n<script type=\"application\/ld+json\" class=\"yoast-schema-graph\">{\"@context\":\"https:\/\/schema.org\",\"@graph\":[{\"@type\":\"Article\",\"@id\":\"https:\/\/www.zerdab.com\/?p=11945#article\",\"isPartOf\":{\"@id\":\"https:\/\/www.zerdab.com\/?p=11945\"},\"author\":{\"name\":\"admin\",\"@id\":\"https:\/\/www.zerdab.com\/#\/schema\/person\/97079b7570c1e89ec0d9e138c3672136\"},\"headline\":\"Rayonumuzda t\u0259hsil i\u015f\u00e7il\u0259ri il\u0259 daha bir g\u00f6r\u00fc\u015f oldu &#8211; foto\",\"datePublished\":\"2013-09-13T17:00:12+00:00\",\"dateModified\":\"2013-09-13T17:00:58+00:00\",\"mainEntityOfPage\":{\"@id\":\"https:\/\/www.zerdab.com\/?p=11945\"},\"wordCount\":394,\"commentCount\":0,\"image\":{\"@id\":\"https:\/\/www.zerdab.com\/?p=11945#primaryimage\"},\"thumbnailUrl\":\"http:\/\/www.zerdab.com\/wp-content\/uploads\/2013\/09\/az-550x365.jpg\",\"articleSection\":[\"X\u018fB\u018fRL\u018fR\"],\"inLanguage\":\"az\",\"potentialAction\":[{\"@type\":\"CommentAction\",\"name\":\"Comment\",\"target\":[\"https:\/\/www.zerdab.com\/?p=11945#respond\"]}]},{\"@type\":\"WebPage\",\"@id\":\"https:\/\/www.zerdab.com\/?p=11945\",\"url\":\"https:\/\/www.zerdab.com\/?p=11945\",\"name\":\"Rayonumuzda t\u0259hsil i\u015f\u00e7il\u0259ri il\u0259 daha bir g\u00f6r\u00fc\u015f oldu - foto - Z\u0259rdab.com\",\"isPartOf\":{\"@id\":\"https:\/\/www.zerdab.com\/#website\"},\"primaryImageOfPage\":{\"@id\":\"https:\/\/www.zerdab.com\/?p=11945#primaryimage\"},\"image\":{\"@id\":\"https:\/\/www.zerdab.com\/?p=11945#primaryimage\"},\"thumbnailUrl\":\"http:\/\/www.zerdab.com\/wp-content\/uploads\/2013\/09\/az-550x365.jpg\",\"datePublished\":\"2013-09-13T17:00:12+00:00\",\"dateModified\":\"2013-09-13T17:00:58+00:00\",\"author\":{\"@id\":\"https:\/\/www.zerdab.com\/#\/schema\/person\/97079b7570c1e89ec0d9e138c3672136\"},\"breadcrumb\":{\"@id\":\"https:\/\/www.zerdab.com\/?p=11945#breadcrumb\"},\"inLanguage\":\"az\",\"potentialAction\":[{\"@type\":\"ReadAction\",\"target\":[\"https:\/\/www.zerdab.com\/?p=11945\"]}]},{\"@type\":\"ImageObject\",\"inLanguage\":\"az\",\"@id\":\"https:\/\/www.zerdab.com\/?p=11945#primaryimage\",\"url\":\"\",\"contentUrl\":\"\"},{\"@type\":\"BreadcrumbList\",\"@id\":\"https:\/\/www.zerdab.com\/?p=11945#breadcrumb\",\"itemListElement\":[{\"@type\":\"ListItem\",\"position\":1,\"name\":\"Home\",\"item\":\"https:\/\/www.zerdab.com\/\"},{\"@type\":\"ListItem\",\"position\":2,\"name\":\"Rayonumuzda t\u0259hsil i\u015f\u00e7il\u0259ri il\u0259 daha bir g\u00f6r\u00fc\u015f oldu &#8211; foto\"}]},{\"@type\":\"WebSite\",\"@id\":\"https:\/\/www.zerdab.com\/#website\",\"url\":\"https:\/\/www.zerdab.com\/\",\"name\":\"Z\u0259rdab.com\",\"description\":\"\",\"potentialAction\":[{\"@type\":\"SearchAction\",\"target\":{\"@type\":\"EntryPoint\",\"urlTemplate\":\"https:\/\/www.zerdab.com\/?s={search_term_string}\"},\"query-input\":{\"@type\":\"PropertyValueSpecification\",\"valueRequired\":true,\"valueName\":\"search_term_string\"}}],\"inLanguage\":\"az\"},{\"@type\":\"Person\",\"@id\":\"https:\/\/www.zerdab.com\/#\/schema\/person\/97079b7570c1e89ec0d9e138c3672136\",\"name\":\"admin\",\"image\":{\"@type\":\"ImageObject\",\"inLanguage\":\"az\",\"@id\":\"https:\/\/www.zerdab.com\/#\/schema\/person\/image\/\",\"url\":\"https:\/\/secure.gravatar.com\/avatar\/d9c52a9a27c32119cb6679a077fa3e2779e5f822c451cbf01098004361d466ec?s=96&d=mm&r=g\",\"contentUrl\":\"https:\/\/secure.gravatar.com\/avatar\/d9c52a9a27c32119cb6679a077fa3e2779e5f822c451cbf01098004361d466ec?s=96&d=mm&r=g\",\"caption\":\"admin\"},\"url\":\"https:\/\/www.zerdab.com\/?author=1\"}]}<\/script>\n<!-- \/ Yoast SEO plugin. -->","yoast_head_json":{"title":"Rayonumuzda t\u0259hsil i\u015f\u00e7il\u0259ri il\u0259 daha bir g\u00f6r\u00fc\u015f oldu - foto - Z\u0259rdab.com","robots":{"index":"index","follow":"follow","max-snippet":"max-snippet:-1","max-image-preview":"max-image-preview:large","max-video-preview":"max-video-preview:-1"},"canonical":"https:\/\/www.zerdab.com\/?p=11945","og_locale":"az_AZ","og_type":"article","og_title":"Rayonumuzda t\u0259hsil i\u015f\u00e7il\u0259ri il\u0259 daha bir g\u00f6r\u00fc\u015f oldu - foto - Z\u0259rdab.com","og_description":"Bu g\u00fcn Rayon T\u0259hsil \u015e\u00f6b\u0259sinin iclas zal\u0131nda t\u0259hsil i\u015f\u00e7il\u0259ri il\u0259 Z\u0259rdab Rayon \u0130cra Hakimiyy\u0259ti Ba\u015f\u00e7\u0131s\u0131n\u0131n g\u00f6r\u00fc\u015f\u00fc olub. T\u0259dbiri giri\u015f s\u00f6z\u00fc il\u0259 a\u00e7an \u0130cra hakimiyy\u0259tinin ba\u015f\u00e7\u0131s\u0131 L\u00fctv\u0259li Babayev son ill\u0259r respublikada v\u0259 rayonda g\u00f6r\u00fcl\u0259n i\u015fl\u0259r bar\u0259d\u0259 y\u0131\u011f\u0131ncaq i\u015ftirak\u00e7\u0131lar\u0131na \u0259trafl\u0131 m\u0259lumat ver\u0259r\u0259k dig\u0259r sah\u0259l\u0259r\u0259 oldu\u011fu kimi d\u00f6vl\u0259tin t\u0259hsil sah\u0259sin\u0259 d\u0259 g\u00f6st\u0259rdiyi qay\u011f\u0131dan dan\u0131\u015f\u0131b. \u0130cra ba\u015f\u00e7\u0131s\u0131 qeyd edib [&hellip;]","og_url":"https:\/\/www.zerdab.com\/?p=11945","og_site_name":"Z\u0259rdab.com","article_published_time":"2013-09-13T17:00:12+00:00","article_modified_time":"2013-09-13T17:00:58+00:00","og_image":[{"url":"http:\/\/www.zerdab.com\/wp-content\/uploads\/2013\/09\/az-550x365.jpg","type":"","width":"","height":""}],"author":"admin","twitter_card":"summary_large_image","twitter_misc":{"Written by":"admin","Est. reading time":"2 minutes"},"schema":{"@context":"https:\/\/schema.org","@graph":[{"@type":"Article","@id":"https:\/\/www.zerdab.com\/?p=11945#article","isPartOf":{"@id":"https:\/\/www.zerdab.com\/?p=11945"},"author":{"name":"admin","@id":"https:\/\/www.zerdab.com\/#\/schema\/person\/97079b7570c1e89ec0d9e138c3672136"},"headline":"Rayonumuzda t\u0259hsil i\u015f\u00e7il\u0259ri il\u0259 daha bir g\u00f6r\u00fc\u015f oldu &#8211; foto","datePublished":"2013-09-13T17:00:12+00:00","dateModified":"2013-09-13T17:00:58+00:00","mainEntityOfPage":{"@id":"https:\/\/www.zerdab.com\/?p=11945"},"wordCount":394,"commentCount":0,"image":{"@id":"https:\/\/www.zerdab.com\/?p=11945#primaryimage"},"thumbnailUrl":"http:\/\/www.zerdab.com\/wp-content\/uploads\/2013\/09\/az-550x365.jpg","articleSection":["X\u018fB\u018fRL\u018fR"],"inLanguage":"az","potentialAction":[{"@type":"CommentAction","name":"Comment","target":["https:\/\/www.zerdab.com\/?p=11945#respond"]}]},{"@type":"WebPage","@id":"https:\/\/www.zerdab.com\/?p=11945","url":"https:\/\/www.zerdab.com\/?p=11945","name":"Rayonumuzda t\u0259hsil i\u015f\u00e7il\u0259ri il\u0259 daha bir g\u00f6r\u00fc\u015f oldu - foto - Z\u0259rdab.com","isPartOf":{"@id":"https:\/\/www.zerdab.com\/#website"},"primaryImageOfPage":{"@id":"https:\/\/www.zerdab.com\/?p=11945#primaryimage"},"image":{"@id":"https:\/\/www.zerdab.com\/?p=11945#primaryimage"},"thumbnailUrl":"http:\/\/www.zerdab.com\/wp-content\/uploads\/2013\/09\/az-550x365.jpg","datePublished":"2013-09-13T17:00:12+00:00","dateModified":"2013-09-13T17:00:58+00:00","author":{"@id":"https:\/\/www.zerdab.com\/#\/schema\/person\/97079b7570c1e89ec0d9e138c3672136"},"breadcrumb":{"@id":"https:\/\/www.zerdab.com\/?p=11945#breadcrumb"},"inLanguage":"az","potentialAction":[{"@type":"ReadAction","target":["https:\/\/www.zerdab.com\/?p=11945"]}]},{"@type":"ImageObject","inLanguage":"az","@id":"https:\/\/www.zerdab.com\/?p=11945#primaryimage","url":"","contentUrl":""},{"@type":"BreadcrumbList","@id":"https:\/\/www.zerdab.com\/?p=11945#breadcrumb","itemListElement":[{"@type":"ListItem","position":1,"name":"Home","item":"https:\/\/www.zerdab.com\/"},{"@type":"ListItem","position":2,"name":"Rayonumuzda t\u0259hsil i\u015f\u00e7il\u0259ri il\u0259 daha bir g\u00f6r\u00fc\u015f oldu &#8211; foto"}]},{"@type":"WebSite","@id":"https:\/\/www.zerdab.com\/#website","url":"https:\/\/www.zerdab.com\/","name":"Z\u0259rdab.com","description":"","potentialAction":[{"@type":"SearchAction","target":{"@type":"EntryPoint","urlTemplate":"https:\/\/www.zerdab.com\/?s={search_term_string}"},"query-input":{"@type":"PropertyValueSpecification","valueRequired":true,"valueName":"search_term_string"}}],"inLanguage":"az"},{"@type":"Person","@id":"https:\/\/www.zerdab.com\/#\/schema\/person\/97079b7570c1e89ec0d9e138c3672136","name":"admin","image":{"@type":"ImageObject","inLanguage":"az","@id":"https:\/\/www.zerdab.com\/#\/schema\/person\/image\/","url":"https:\/\/secure.gravatar.com\/avatar\/d9c52a9a27c32119cb6679a077fa3e2779e5f822c451cbf01098004361d466ec?s=96&d=mm&r=g","contentUrl":"https:\/\/secure.gravatar.com\/avatar\/d9c52a9a27c32119cb6679a077fa3e2779e5f822c451cbf01098004361d466ec?s=96&d=mm&r=g","caption":"admin"},"url":"https:\/\/www.zerdab.com\/?author=1"}]}},"_links":{"self":[{"href":"https:\/\/www.zerdab.com\/index.php?rest_route=\/wp\/v2\/posts\/11945","targetHints":{"allow":["GET"]}}],"collection":[{"href":"https:\/\/www.zerdab.com\/index.php?rest_route=\/wp\/v2\/posts"}],"about":[{"href":"https:\/\/www.zerdab.com\/index.php?rest_route=\/wp\/v2\/types\/post"}],"author":[{"embeddable":true,"href":"https:\/\/www.zerdab.com\/index.php?rest_route=\/wp\/v2\/users\/1"}],"replies":[{"embeddable":true,"href":"https:\/\/www.zerdab.com\/index.php?rest_route=%2Fwp%2Fv2%2Fcomments&post=11945"}],"version-history":[{"count":3,"href":"https:\/\/www.zerdab.com\/index.php?rest_route=\/wp\/v2\/posts\/11945\/revisions"}],"predecessor-version":[{"id":11949,"href":"https:\/\/www.zerdab.com\/index.php?rest_route=\/wp\/v2\/posts\/11945\/revisions\/11949"}],"wp:attachment":[{"href":"https:\/\/www.zerdab.com\/index.php?rest_route=%2Fwp%2Fv2%2Fmedia&parent=11945"}],"wp:term":[{"taxonomy":"category","embeddable":true,"href":"https:\/\/www.zerdab.com\/index.php?rest_route=%2Fwp%2Fv2%2Fcategories&post=11945"},{"taxonomy":"post_tag","embeddable":true,"href":"https:\/\/www.zerdab.com\/index.php?rest_route=%2Fwp%2Fv2%2Ftags&post=11945"}],"curies":[{"name":"wp","href":"https:\/\/api.w.org\/{rel}","templated":true}]}}