{"id":11951,"date":"2013-09-14T15:11:05","date_gmt":"2013-09-14T10:11:05","guid":{"rendered":"http:\/\/www.zerdab.com\/?p=11951"},"modified":"2013-09-14T15:11:05","modified_gmt":"2013-09-14T10:11:05","slug":"agsaqqallar-z%c9%99rdabda-gorul%c9%99n-isl%c9%99ri-muzakir%c9%99-etdil%c9%99r-foto","status":"publish","type":"post","link":"https:\/\/www.zerdab.com\/?p=11951","title":{"rendered":"A\u011fsaqqallar Z\u0259rdabda g\u00f6r\u00fcl\u0259n i\u015fl\u0259ri m\u00fczakir\u0259 etdil\u0259r &#8211; Foto"},"content":{"rendered":"<p><img loading=\"lazy\" decoding=\"async\" class=\"aligncenter size-large wp-image-11952\" alt=\"Zerdab\" src=\"http:\/\/www.zerdab.com\/wp-content\/uploads\/2013\/09\/ag7-550x366.jpg\" width=\"550\" height=\"366\" \/>Bu g\u00fcn Z\u0259rdab rayonunun Heyd\u0259r \u018fliyev M\u0259rk\u0259zind\u0259 a\u011fsaqqallarla icra ba\u015f\u00e7\u0131s\u0131n\u0131n g\u00f6r\u00fc\u015f ke\u00e7irilib. Z\u0259rdab Rayon \u0130HB Aparat\u0131n\u0131n informasiya t\u0259minat\u0131 v\u0259 t\u0259hlil sektorundan Zerdab.com sayt\u0131na veril\u0259n m\u0259lumata g\u00f6r\u0259, t<b><\/b>\u0259dbiri giri\u015f s\u00f6z\u00fc il\u0259 a\u00e7an \u0130cra hakimiyy\u0259tinin ba\u015f\u00e7\u0131s\u0131 L\u00fctv\u0259li Babayev son ill\u0259r respublikada v\u0259 rayonda g\u00f6r\u00fcl\u0259n i\u015fl\u0259r bar\u0259d\u0259 y\u0131\u011f\u0131ncaq i\u015ftirak\u00e7\u0131lar\u0131na \u0259trafl\u0131 m\u0259lumat verib. \u0130cra ba\u015f\u00e7\u0131s\u0131 qeyd edib ki, 2013-c\u00fc ild\u0259 rayonun D\u0259li Qu\u015f\u00e7u k\u0259ndin\u0259 v\u0259 \u201c32 hektar\u201d adlanan q\u0259s\u0259b\u0259y\u0259 t\u0259bii qaz \u00e7\u0259kilib, M\u0259mm\u0259dqas\u0131ml\u0131 k\u0259ndind\u0259 un d\u0259yirman\u0131 v\u0259 anbar sakinl\u0259rin istifad\u0259sin\u0259 verilib, Rayon Polis \u015e\u00f6b\u0259sinin m\u00f6ht\u0259\u015f\u0259m inzibati binas\u0131n\u0131n a\u00e7\u0131l\u0131\u015f\u0131 olub. Art\u0131q rayonumuzda \u00c7all\u0131, \u0130saqba\u011f\u0131, A\u015fa\u011f\u0131 Seyidl\u0259r k\u0259ndl\u0259rind\u0259 v\u0259 \u015f\u0259h\u0259rin yeni q\u0259s\u0259b\u0259sind\u0259 tikilmi\u015f m\u0259kt\u0259bl\u0259r, \u201cAqrolizinq\u201d ASC-nin rayon filial\u0131n\u0131n binas\u0131, Baytarl\u0131q \u0130dar\u0259sinin binas\u0131, 17 k\u0259ndd\u0259 su birlikl\u0259ri \u00fc\u00e7\u00fcn binalar, Suvarma Sisteml\u0259ri \u0130dar\u0259sind\u0259 regional ofis binas\u0131, k\u00f6hn\u0259 \u00e7\u00f6r\u0259k zavodunun bazas\u0131nda yarad\u0131lm\u0131\u015f s\u00fcd emal\u0131 zavodu, \u00e7oxsayl\u0131 sahibkarl\u0131q obyektl\u0259ri istifad\u0259y\u0259 tam haz\u0131rd\u0131r.<\/p>\n<p>T\u0259dbird\u0259 \u00e7\u0131x\u0131\u015f ed\u0259n a\u011fsaqqallar haz\u0131rda rayonda tikintisi apar\u0131lan i\u015fl\u0259r\u0259, o c\u00fcml\u0259d\u0259n su v\u0259 kanalizasiya x\u0259ttinin v\u0259 k\u0259ndl\u0259r\u0259 qaz x\u0259ttinin \u00e7\u0259kili\u015fi, Z\u0259rdab-Yuxar\u0131 Seyidl\u0259r-Sil\u0259yli v\u0259 Z\u0259rdab-Mollak\u0259nd yollar\u0131n\u0131n qalan hiss\u0259l\u0259rinin asfaltlanmas\u0131na v\u0259 \u00fcmumilikd\u0259 z\u0259rdabl\u0131lara g\u00f6st\u0259rdiyi diqq\u0259t v\u0259 qay\u011f\u0131ya g\u00f6r\u0259 \u00f6lk\u0259 ba\u015f\u00e7\u0131s\u0131 c\u0259nab \u0130lham \u018fliyev\u0259 \u00f6z minn\u0259tdarl\u0131qlar\u0131n\u0131 bildiribl\u0259r.<\/p>\n<p>\u00c7\u0131x\u0131\u015f ed\u0259n a\u011fsaqqallardan M\u00fcharib\u0259, \u018fm\u0259k, Silahl\u0131 Q\u00fcvv\u0259l\u0259r v\u0259 H\u00fcquq m\u00fchafiz\u0259 Orqanlar\u0131 Veteranlar\u0131 \u015euras\u0131n\u0131n Z\u0259rdab Rayon T\u0259\u015fkilat\u0131n\u0131n s\u0259dri H\u00fcseyn H\u0259s\u0259nov, Z\u0259rdab Rayon A\u011fsaqqallar \u015euras\u0131n\u0131n s\u0259dri Mira\u011fa Ba\u011f\u0131rov, P\u0259rvanl\u0131 k\u0259ndind\u0259n a\u011fsaqqal M\u0259ktub Eyvazov, din xadimi Hac\u0131 Feyzulla Ta\u011f\u0131yev, f\u0259rdi t\u0259s\u0259rr\u00fcfat\u00e7\u0131 Q\u0259nir\u0259 Abbasova 2012-ci ilin oktyabr\u0131n 7-d\u0259 \u00f6lk\u0259 prezidenti c\u0259nab \u0130lham \u018fliyevin rayona s\u0259f\u0259ri \u00e7\u0259r\u00e7iv\u0259sind\u0259 rayondak\u0131 Heyd\u0259r \u018fliyev park\u0131nda Veteranlar Evinin istifad\u0259y\u0259 verilm\u0259sini, orada a\u011fsaqqallar \u00fc\u00e7\u00fcn h\u0259r c\u00fcr \u015f\u0259raitin yarad\u0131lmas\u0131n\u0131 raz\u0131l\u0131q hissi il\u0259 qeyd edibl\u0259r.<\/p>\n<p>G\u00f6r\u00fc\u015f\u00fcn sonunda rayon a\u011fsaqqallar\u0131 9 oktyabr 2013-c\u00fc il tarixd\u0259 ke\u00e7iril\u0259c\u0259k prezident se\u00e7kil\u0259rind\u0259 Heyd\u0259r \u018fliyev siyasi kursunun layiqli davam\u00e7\u0131s\u0131, Az\u0259rbaycan\u0131 b\u00fct\u00fcn d\u00fcnyada tan\u0131dan liderimiz c\u0259nab Prezident \u0130lham Heyd\u0259r o\u011flu \u018fliyev\u0259 s\u0259s ver\u0259c\u0259kl\u0259rini b\u0259yan edibl\u0259r.<\/p>\n<p><img loading=\"lazy\" decoding=\"async\" class=\"aligncenter size-large wp-image-11954\" alt=\"Zerdab\" src=\"http:\/\/www.zerdab.com\/wp-content\/uploads\/2013\/09\/ag3-550x366.jpg\" width=\"550\" height=\"366\" \/><img loading=\"lazy\" decoding=\"async\" class=\"aligncenter size-large wp-image-11953\" alt=\"Zerdab\" src=\"http:\/\/www.zerdab.com\/wp-content\/uploads\/2013\/09\/ag-550x366.jpg\" width=\"550\" height=\"366\" \/><img loading=\"lazy\" decoding=\"async\" class=\"aligncenter size-large wp-image-11955\" alt=\"Zerdab\" src=\"http:\/\/www.zerdab.com\/wp-content\/uploads\/2013\/09\/ag5-550x366.jpg\" width=\"550\" height=\"366\" \/><img loading=\"lazy\" decoding=\"async\" class=\"aligncenter size-large wp-image-11956\" alt=\"Zerdab\" src=\"http:\/\/www.zerdab.com\/wp-content\/uploads\/2013\/09\/ag2-550x366.jpg\" width=\"550\" height=\"366\" \/><img loading=\"lazy\" decoding=\"async\" class=\"aligncenter size-large wp-image-11957\" alt=\"Zerdab\" src=\"http:\/\/www.zerdab.com\/wp-content\/uploads\/2013\/09\/ag4-550x366.jpg\" width=\"550\" height=\"366\" \/><img loading=\"lazy\" decoding=\"async\" class=\"aligncenter size-large wp-image-11958\" alt=\"Zerdab\" src=\"http:\/\/www.zerdab.com\/wp-content\/uploads\/2013\/09\/ag6-550x366.jpg\" width=\"550\" height=\"366\" \/><\/p>\n<p>&nbsp;<\/p>\n","protected":false},"excerpt":{"rendered":"<p>Bu g\u00fcn Z\u0259rdab rayonunun Heyd\u0259r \u018fliyev M\u0259rk\u0259zind\u0259 a\u011fsaqqallarla icra ba\u015f\u00e7\u0131s\u0131n\u0131n g\u00f6r\u00fc\u015f ke\u00e7irilib. Z\u0259rdab Rayon \u0130HB Aparat\u0131n\u0131n informasiya t\u0259minat\u0131 v\u0259 t\u0259hlil sektorundan Zerdab.com sayt\u0131na veril\u0259n m\u0259lumata g\u00f6r\u0259, t\u0259dbiri giri\u015f s\u00f6z\u00fc il\u0259 a\u00e7an \u0130cra hakimiyy\u0259tinin ba\u015f\u00e7\u0131s\u0131 L\u00fctv\u0259li Babayev son ill\u0259r respublikada v\u0259 rayonda g\u00f6r\u00fcl\u0259n i\u015fl\u0259r bar\u0259d\u0259 y\u0131\u011f\u0131ncaq i\u015ftirak\u00e7\u0131lar\u0131na \u0259trafl\u0131 m\u0259lumat verib. \u0130cra ba\u015f\u00e7\u0131s\u0131 qeyd edib ki, 2013-c\u00fc [&hellip;]<\/p>\n","protected":false},"author":1,"featured_media":0,"comment_status":"open","ping_status":"open","sticky":false,"template":"","format":"standard","meta":{"footnotes":""},"categories":[21],"tags":[],"class_list":{"0":"post-11951","1":"post","2":"type-post","3":"status-publish","4":"format-standard","6":"category-zrdab"},"yoast_head":"<!-- This site is optimized with the Yoast SEO plugin v27.0 - https:\/\/yoast.com\/product\/yoast-seo-wordpress\/ -->\n<title>A\u011fsaqqallar Z\u0259rdabda g\u00f6r\u00fcl\u0259n i\u015fl\u0259ri m\u00fczakir\u0259 etdil\u0259r - Foto - Z\u0259rdab.com<\/title>\n<meta name=\"robots\" content=\"index, follow, max-snippet:-1, max-image-preview:large, max-video-preview:-1\" \/>\n<link rel=\"canonical\" href=\"https:\/\/www.zerdab.com\/?p=11951\" \/>\n<meta property=\"og:locale\" content=\"az_AZ\" \/>\n<meta property=\"og:type\" content=\"article\" \/>\n<meta property=\"og:title\" content=\"A\u011fsaqqallar Z\u0259rdabda g\u00f6r\u00fcl\u0259n i\u015fl\u0259ri m\u00fczakir\u0259 etdil\u0259r - Foto - Z\u0259rdab.com\" \/>\n<meta property=\"og:description\" content=\"Bu g\u00fcn Z\u0259rdab rayonunun Heyd\u0259r \u018fliyev M\u0259rk\u0259zind\u0259 a\u011fsaqqallarla icra ba\u015f\u00e7\u0131s\u0131n\u0131n g\u00f6r\u00fc\u015f ke\u00e7irilib. Z\u0259rdab Rayon \u0130HB Aparat\u0131n\u0131n informasiya t\u0259minat\u0131 v\u0259 t\u0259hlil sektorundan Zerdab.com sayt\u0131na veril\u0259n m\u0259lumata g\u00f6r\u0259, t\u0259dbiri giri\u015f s\u00f6z\u00fc il\u0259 a\u00e7an \u0130cra hakimiyy\u0259tinin ba\u015f\u00e7\u0131s\u0131 L\u00fctv\u0259li Babayev son ill\u0259r respublikada v\u0259 rayonda g\u00f6r\u00fcl\u0259n i\u015fl\u0259r bar\u0259d\u0259 y\u0131\u011f\u0131ncaq i\u015ftirak\u00e7\u0131lar\u0131na \u0259trafl\u0131 m\u0259lumat verib. \u0130cra ba\u015f\u00e7\u0131s\u0131 qeyd edib ki, 2013-c\u00fc [&hellip;]\" \/>\n<meta property=\"og:url\" content=\"https:\/\/www.zerdab.com\/?p=11951\" \/>\n<meta property=\"og:site_name\" content=\"Z\u0259rdab.com\" \/>\n<meta property=\"article:published_time\" content=\"2013-09-14T10:11:05+00:00\" \/>\n<meta property=\"og:image\" content=\"http:\/\/www.zerdab.com\/wp-content\/uploads\/2013\/09\/ag7-550x366.jpg\" \/>\n<meta name=\"author\" content=\"admin\" \/>\n<meta name=\"twitter:card\" content=\"summary_large_image\" \/>\n<meta name=\"twitter:label1\" content=\"Written by\" \/>\n\t<meta name=\"twitter:data1\" content=\"admin\" \/>\n\t<meta name=\"twitter:label2\" content=\"Est. reading time\" \/>\n\t<meta name=\"twitter:data2\" content=\"2 minutes\" \/>\n<script type=\"application\/ld+json\" class=\"yoast-schema-graph\">{\"@context\":\"https:\/\/schema.org\",\"@graph\":[{\"@type\":\"Article\",\"@id\":\"https:\/\/www.zerdab.com\/?p=11951#article\",\"isPartOf\":{\"@id\":\"https:\/\/www.zerdab.com\/?p=11951\"},\"author\":{\"name\":\"admin\",\"@id\":\"https:\/\/www.zerdab.com\/#\/schema\/person\/97079b7570c1e89ec0d9e138c3672136\"},\"headline\":\"A\u011fsaqqallar Z\u0259rdabda g\u00f6r\u00fcl\u0259n i\u015fl\u0259ri m\u00fczakir\u0259 etdil\u0259r &#8211; Foto\",\"datePublished\":\"2013-09-14T10:11:05+00:00\",\"mainEntityOfPage\":{\"@id\":\"https:\/\/www.zerdab.com\/?p=11951\"},\"wordCount\":504,\"commentCount\":0,\"image\":{\"@id\":\"https:\/\/www.zerdab.com\/?p=11951#primaryimage\"},\"thumbnailUrl\":\"http:\/\/www.zerdab.com\/wp-content\/uploads\/2013\/09\/ag7-550x366.jpg\",\"articleSection\":[\"C\u018fM\u0130YY\u018fT\"],\"inLanguage\":\"az\",\"potentialAction\":[{\"@type\":\"CommentAction\",\"name\":\"Comment\",\"target\":[\"https:\/\/www.zerdab.com\/?p=11951#respond\"]}]},{\"@type\":\"WebPage\",\"@id\":\"https:\/\/www.zerdab.com\/?p=11951\",\"url\":\"https:\/\/www.zerdab.com\/?p=11951\",\"name\":\"A\u011fsaqqallar Z\u0259rdabda g\u00f6r\u00fcl\u0259n i\u015fl\u0259ri m\u00fczakir\u0259 etdil\u0259r - Foto - Z\u0259rdab.com\",\"isPartOf\":{\"@id\":\"https:\/\/www.zerdab.com\/#website\"},\"primaryImageOfPage\":{\"@id\":\"https:\/\/www.zerdab.com\/?p=11951#primaryimage\"},\"image\":{\"@id\":\"https:\/\/www.zerdab.com\/?p=11951#primaryimage\"},\"thumbnailUrl\":\"http:\/\/www.zerdab.com\/wp-content\/uploads\/2013\/09\/ag7-550x366.jpg\",\"datePublished\":\"2013-09-14T10:11:05+00:00\",\"author\":{\"@id\":\"https:\/\/www.zerdab.com\/#\/schema\/person\/97079b7570c1e89ec0d9e138c3672136\"},\"breadcrumb\":{\"@id\":\"https:\/\/www.zerdab.com\/?p=11951#breadcrumb\"},\"inLanguage\":\"az\",\"potentialAction\":[{\"@type\":\"ReadAction\",\"target\":[\"https:\/\/www.zerdab.com\/?p=11951\"]}]},{\"@type\":\"ImageObject\",\"inLanguage\":\"az\",\"@id\":\"https:\/\/www.zerdab.com\/?p=11951#primaryimage\",\"url\":\"\",\"contentUrl\":\"\"},{\"@type\":\"BreadcrumbList\",\"@id\":\"https:\/\/www.zerdab.com\/?p=11951#breadcrumb\",\"itemListElement\":[{\"@type\":\"ListItem\",\"position\":1,\"name\":\"Home\",\"item\":\"https:\/\/www.zerdab.com\/\"},{\"@type\":\"ListItem\",\"position\":2,\"name\":\"A\u011fsaqqallar Z\u0259rdabda g\u00f6r\u00fcl\u0259n i\u015fl\u0259ri m\u00fczakir\u0259 etdil\u0259r &#8211; Foto\"}]},{\"@type\":\"WebSite\",\"@id\":\"https:\/\/www.zerdab.com\/#website\",\"url\":\"https:\/\/www.zerdab.com\/\",\"name\":\"Z\u0259rdab.com\",\"description\":\"\",\"potentialAction\":[{\"@type\":\"SearchAction\",\"target\":{\"@type\":\"EntryPoint\",\"urlTemplate\":\"https:\/\/www.zerdab.com\/?s={search_term_string}\"},\"query-input\":{\"@type\":\"PropertyValueSpecification\",\"valueRequired\":true,\"valueName\":\"search_term_string\"}}],\"inLanguage\":\"az\"},{\"@type\":\"Person\",\"@id\":\"https:\/\/www.zerdab.com\/#\/schema\/person\/97079b7570c1e89ec0d9e138c3672136\",\"name\":\"admin\",\"image\":{\"@type\":\"ImageObject\",\"inLanguage\":\"az\",\"@id\":\"https:\/\/www.zerdab.com\/#\/schema\/person\/image\/\",\"url\":\"https:\/\/secure.gravatar.com\/avatar\/d9c52a9a27c32119cb6679a077fa3e2779e5f822c451cbf01098004361d466ec?s=96&d=mm&r=g\",\"contentUrl\":\"https:\/\/secure.gravatar.com\/avatar\/d9c52a9a27c32119cb6679a077fa3e2779e5f822c451cbf01098004361d466ec?s=96&d=mm&r=g\",\"caption\":\"admin\"},\"url\":\"https:\/\/www.zerdab.com\/?author=1\"}]}<\/script>\n<!-- \/ Yoast SEO plugin. -->","yoast_head_json":{"title":"A\u011fsaqqallar Z\u0259rdabda g\u00f6r\u00fcl\u0259n i\u015fl\u0259ri m\u00fczakir\u0259 etdil\u0259r - Foto - Z\u0259rdab.com","robots":{"index":"index","follow":"follow","max-snippet":"max-snippet:-1","max-image-preview":"max-image-preview:large","max-video-preview":"max-video-preview:-1"},"canonical":"https:\/\/www.zerdab.com\/?p=11951","og_locale":"az_AZ","og_type":"article","og_title":"A\u011fsaqqallar Z\u0259rdabda g\u00f6r\u00fcl\u0259n i\u015fl\u0259ri m\u00fczakir\u0259 etdil\u0259r - Foto - Z\u0259rdab.com","og_description":"Bu g\u00fcn Z\u0259rdab rayonunun Heyd\u0259r \u018fliyev M\u0259rk\u0259zind\u0259 a\u011fsaqqallarla icra ba\u015f\u00e7\u0131s\u0131n\u0131n g\u00f6r\u00fc\u015f ke\u00e7irilib. Z\u0259rdab Rayon \u0130HB Aparat\u0131n\u0131n informasiya t\u0259minat\u0131 v\u0259 t\u0259hlil sektorundan Zerdab.com sayt\u0131na veril\u0259n m\u0259lumata g\u00f6r\u0259, t\u0259dbiri giri\u015f s\u00f6z\u00fc il\u0259 a\u00e7an \u0130cra hakimiyy\u0259tinin ba\u015f\u00e7\u0131s\u0131 L\u00fctv\u0259li Babayev son ill\u0259r respublikada v\u0259 rayonda g\u00f6r\u00fcl\u0259n i\u015fl\u0259r bar\u0259d\u0259 y\u0131\u011f\u0131ncaq i\u015ftirak\u00e7\u0131lar\u0131na \u0259trafl\u0131 m\u0259lumat verib. \u0130cra ba\u015f\u00e7\u0131s\u0131 qeyd edib ki, 2013-c\u00fc [&hellip;]","og_url":"https:\/\/www.zerdab.com\/?p=11951","og_site_name":"Z\u0259rdab.com","article_published_time":"2013-09-14T10:11:05+00:00","og_image":[{"url":"http:\/\/www.zerdab.com\/wp-content\/uploads\/2013\/09\/ag7-550x366.jpg","type":"","width":"","height":""}],"author":"admin","twitter_card":"summary_large_image","twitter_misc":{"Written by":"admin","Est. reading time":"2 minutes"},"schema":{"@context":"https:\/\/schema.org","@graph":[{"@type":"Article","@id":"https:\/\/www.zerdab.com\/?p=11951#article","isPartOf":{"@id":"https:\/\/www.zerdab.com\/?p=11951"},"author":{"name":"admin","@id":"https:\/\/www.zerdab.com\/#\/schema\/person\/97079b7570c1e89ec0d9e138c3672136"},"headline":"A\u011fsaqqallar Z\u0259rdabda g\u00f6r\u00fcl\u0259n i\u015fl\u0259ri m\u00fczakir\u0259 etdil\u0259r &#8211; Foto","datePublished":"2013-09-14T10:11:05+00:00","mainEntityOfPage":{"@id":"https:\/\/www.zerdab.com\/?p=11951"},"wordCount":504,"commentCount":0,"image":{"@id":"https:\/\/www.zerdab.com\/?p=11951#primaryimage"},"thumbnailUrl":"http:\/\/www.zerdab.com\/wp-content\/uploads\/2013\/09\/ag7-550x366.jpg","articleSection":["C\u018fM\u0130YY\u018fT"],"inLanguage":"az","potentialAction":[{"@type":"CommentAction","name":"Comment","target":["https:\/\/www.zerdab.com\/?p=11951#respond"]}]},{"@type":"WebPage","@id":"https:\/\/www.zerdab.com\/?p=11951","url":"https:\/\/www.zerdab.com\/?p=11951","name":"A\u011fsaqqallar Z\u0259rdabda g\u00f6r\u00fcl\u0259n i\u015fl\u0259ri m\u00fczakir\u0259 etdil\u0259r - Foto - Z\u0259rdab.com","isPartOf":{"@id":"https:\/\/www.zerdab.com\/#website"},"primaryImageOfPage":{"@id":"https:\/\/www.zerdab.com\/?p=11951#primaryimage"},"image":{"@id":"https:\/\/www.zerdab.com\/?p=11951#primaryimage"},"thumbnailUrl":"http:\/\/www.zerdab.com\/wp-content\/uploads\/2013\/09\/ag7-550x366.jpg","datePublished":"2013-09-14T10:11:05+00:00","author":{"@id":"https:\/\/www.zerdab.com\/#\/schema\/person\/97079b7570c1e89ec0d9e138c3672136"},"breadcrumb":{"@id":"https:\/\/www.zerdab.com\/?p=11951#breadcrumb"},"inLanguage":"az","potentialAction":[{"@type":"ReadAction","target":["https:\/\/www.zerdab.com\/?p=11951"]}]},{"@type":"ImageObject","inLanguage":"az","@id":"https:\/\/www.zerdab.com\/?p=11951#primaryimage","url":"","contentUrl":""},{"@type":"BreadcrumbList","@id":"https:\/\/www.zerdab.com\/?p=11951#breadcrumb","itemListElement":[{"@type":"ListItem","position":1,"name":"Home","item":"https:\/\/www.zerdab.com\/"},{"@type":"ListItem","position":2,"name":"A\u011fsaqqallar Z\u0259rdabda g\u00f6r\u00fcl\u0259n i\u015fl\u0259ri m\u00fczakir\u0259 etdil\u0259r &#8211; Foto"}]},{"@type":"WebSite","@id":"https:\/\/www.zerdab.com\/#website","url":"https:\/\/www.zerdab.com\/","name":"Z\u0259rdab.com","description":"","potentialAction":[{"@type":"SearchAction","target":{"@type":"EntryPoint","urlTemplate":"https:\/\/www.zerdab.com\/?s={search_term_string}"},"query-input":{"@type":"PropertyValueSpecification","valueRequired":true,"valueName":"search_term_string"}}],"inLanguage":"az"},{"@type":"Person","@id":"https:\/\/www.zerdab.com\/#\/schema\/person\/97079b7570c1e89ec0d9e138c3672136","name":"admin","image":{"@type":"ImageObject","inLanguage":"az","@id":"https:\/\/www.zerdab.com\/#\/schema\/person\/image\/","url":"https:\/\/secure.gravatar.com\/avatar\/d9c52a9a27c32119cb6679a077fa3e2779e5f822c451cbf01098004361d466ec?s=96&d=mm&r=g","contentUrl":"https:\/\/secure.gravatar.com\/avatar\/d9c52a9a27c32119cb6679a077fa3e2779e5f822c451cbf01098004361d466ec?s=96&d=mm&r=g","caption":"admin"},"url":"https:\/\/www.zerdab.com\/?author=1"}]}},"_links":{"self":[{"href":"https:\/\/www.zerdab.com\/index.php?rest_route=\/wp\/v2\/posts\/11951","targetHints":{"allow":["GET"]}}],"collection":[{"href":"https:\/\/www.zerdab.com\/index.php?rest_route=\/wp\/v2\/posts"}],"about":[{"href":"https:\/\/www.zerdab.com\/index.php?rest_route=\/wp\/v2\/types\/post"}],"author":[{"embeddable":true,"href":"https:\/\/www.zerdab.com\/index.php?rest_route=\/wp\/v2\/users\/1"}],"replies":[{"embeddable":true,"href":"https:\/\/www.zerdab.com\/index.php?rest_route=%2Fwp%2Fv2%2Fcomments&post=11951"}],"version-history":[{"count":2,"href":"https:\/\/www.zerdab.com\/index.php?rest_route=\/wp\/v2\/posts\/11951\/revisions"}],"predecessor-version":[{"id":11960,"href":"https:\/\/www.zerdab.com\/index.php?rest_route=\/wp\/v2\/posts\/11951\/revisions\/11960"}],"wp:attachment":[{"href":"https:\/\/www.zerdab.com\/index.php?rest_route=%2Fwp%2Fv2%2Fmedia&parent=11951"}],"wp:term":[{"taxonomy":"category","embeddable":true,"href":"https:\/\/www.zerdab.com\/index.php?rest_route=%2Fwp%2Fv2%2Fcategories&post=11951"},{"taxonomy":"post_tag","embeddable":true,"href":"https:\/\/www.zerdab.com\/index.php?rest_route=%2Fwp%2Fv2%2Ftags&post=11951"}],"curies":[{"name":"wp","href":"https:\/\/api.w.org\/{rel}","templated":true}]}}