{"id":12054,"date":"2013-09-19T18:53:42","date_gmt":"2013-09-19T13:53:42","guid":{"rendered":"http:\/\/www.zerdab.com\/?p=12054"},"modified":"2013-09-19T18:53:42","modified_gmt":"2013-09-19T13:53:42","slug":"yap-z%c9%99rdabda-secicil%c9%99rl%c9%99-gorusu-davam-etdirir-fotolar","status":"publish","type":"post","link":"https:\/\/www.zerdab.com\/?p=12054","title":{"rendered":"YAP Z\u0259rdabda se\u00e7icil\u0259rl\u0259 g\u00f6r\u00fc\u015f\u00fc davam etdirir &#8211; fotolar"},"content":{"rendered":"<p><img loading=\"lazy\" decoding=\"async\" class=\"aligncenter size-large wp-image-12059\" alt=\"Z\u0259rdab\" src=\"http:\/\/www.zerdab.com\/wp-content\/uploads\/2013\/09\/YAp1-550x412.jpg\" width=\"550\" height=\"412\" \/>Z\u0259rdab rayonunda Yeni Az\u0259rbaycan Partiyas\u0131n\u0131n (YAP) vahid namiz\u0259di\u00a0 \u0130lham \u018fliyevin se\u00e7ki q\u0259rargah\u0131 t\u0259r\u0259find\u0259n ayr\u0131-ayr\u0131 ya\u015fay\u0131\u015f m\u0259nt\u0259q\u0259l\u0259rind\u0259 \u0259vv\u0259lc\u0259d\u0259n haz\u0131rlan\u0131b t\u0259sdiq edilmi\u015f qrafik\u0259 uy\u011fun olaraq se\u00e7icil\u0259rl\u0259 g\u00f6r\u00fc\u015fl\u0259r ke\u00e7irilir. Rayonun \u018flv\u0259nd, Otmanoba, \u015eahh\u00fcseyinli, \u015e\u0259ft\u0259hal, A\u015fa\u011f\u0131 Seyidl\u0259r, K\u0259nd\u0259bil, A\u011faba\u011f\u0131, \u015e\u0131xba\u011f\u0131, N\u0259z\u0259ral\u0131l\u0131, \u0130saqba\u011f\u0131, B\u00f6y\u00fck D\u0259kk\u0259, Qarav\u0259lli, D\u0259li Qu\u015f\u00e7u v\u0259 D\u0259kk\u0259oba k\u0259ndl\u0259rind\u0259 ke\u00e7iril\u0259n g\u00f6r\u00fc\u015fl\u0259r se\u00e7icil\u0259rin y\u00fcks\u0259k \u0259hval-ruhiyy\u0259si, f\u0259all\u0131\u011f\u0131 v\u0259 q\u0259l\u0259b\u0259 \u0259zmi il\u0259 m\u00fc\u015fayi\u0259t olunub. Bu bar\u0259d\u0259 Zerdab.com sayt\u0131na YAP Z\u0259rdab rayon t\u0259\u015fkilat\u0131ndan m\u0259lumat verilib. T\u0259dbirl\u0259rd\u0259 \u00e7\u0131x\u0131\u015f ed\u0259n YAP Z\u0259rdab rayon t\u0259\u015fkilat\u0131n\u0131n s\u0259dri P\u0259rvin Mahmudova diqq\u0259ti c\u0259nab \u0130lham \u018fliyevin respublikaya r\u0259hb\u0259rlik etdiyi son 10 il m\u00fcdd\u0259tind\u0259 daxili v\u0259 xarici siyas\u0259t sah\u0259sind\u0259 \u0259ld\u0259 olunmu\u015f u\u011furlara, nailiyy\u0259tl\u0259r\u0259, respublikam\u0131z\u0131n g\u00fcnd\u0259n-g\u00fcn\u0259 inki\u015faf ed\u0259n v\u0259 y\u00fcks\u0259l\u0259n iqtisadi v\u0259 siyasi q\u00fcdr\u0259tin\u0259, beyn\u0259lxalq al\u0259md\u0259 v\u0259 Az\u0259rbaycan xalq\u0131 qar\u015f\u0131s\u0131nda daim y\u00fcks\u0259l\u0259n n\u00fcfuzuna y\u00f6n\u0259ld\u0259r\u0259k, se\u00e7icil\u0259ri se\u00e7ki h\u00fcquqlar\u0131ndan d\u00fczg\u00fcn v\u0259 s\u0259m\u0259r\u0259li \u015f\u0259kild\u0259 istifad\u0259 etm\u0259y\u0259, layiqli namiz\u0259d\u0259, Yeni Az\u0259rbaycan Partiyas\u0131n\u0131n s\u0259dri c\u0259nab \u0130lham \u018fliyev\u0259 s\u0259s verm\u0259y\u0259 \u00e7a\u011f\u0131r\u0131b.<\/p>\n<p>G\u00f6r\u00fc\u015fl\u0259rd\u0259 i\u015ftirak ed\u0259n Milli M\u0259clisin deputat\u0131, filologiya elml\u0259r doktoru, professor Jal\u0259 \u018fliyevan\u0131n, &#8220;\u018fm\u0259kdar&#8221; elm xadimi, tibb elml\u0259ri doktoru, professor \u0130sa \u0130sayevin, \u0130qtisad elml\u0259ri doktoru, professor Dam\u0259t Ba\u011f\u0131rovun \u00e7\u0131x\u0131\u015flar\u0131nda yekun olaraq bel\u0259 bir fikir s\u0259sl\u0259ndirilib ki, \u0130lham \u018fliyevin r\u0259hb\u0259rliyi il\u0259 h\u0259yata ke\u00e7iril\u0259n siyas\u0259t Az\u0259rbaycan xalq\u0131n\u0131n m\u00fctl\u0259q \u0259ks\u0259riyy\u0259ti t\u0259r\u0259find\u0259n d\u0259st\u0259kl\u0259nir v\u0259 y\u00fcks\u0259k qiym\u0259tl\u0259ndirilir: &#8220;Az\u0259rbaycan iqtisadi c\u0259h\u0259td\u0259n inki\u015faf etmi\u015f, \u0259halinin sosial probleml\u0259rinin h\u0259lli istiqam\u0259tind\u0259 ciddi add\u0131mlar at\u0131lm\u0131\u015f, v\u0259t\u0259nda\u015flar\u0131n h\u0259yat\u0131 \u0259h\u0259miyy\u0259tli d\u0259r\u0259c\u0259d\u0259 d\u0259yi\u015fmi\u015f, \u00f6lk\u0259mizin beyn\u0259lxalq al\u0259md\u0259 m\u00f6vqeyi m\u00f6hk\u0259ml\u0259nmi\u015fdir. V\u0259t\u0259nda\u015flar\u0131m\u0131z perspektivd\u0259 Az\u0259rbaycan\u0131n taleyini bu g\u00fcn h\u0259yata ke\u00e7iril\u0259n siyas\u0259tl\u0259 ba\u011flay\u0131rlar&#8221;.<\/p>\n<p>&#8220;Xalq\u0131m\u0131z birm\u0259nal\u0131 \u015f\u0259kild\u0259 c\u0259nab \u0130lham \u018fliyevin h\u0259yata ke\u00e7irdiyi siyasi kursu d\u0259st\u0259kl\u0259yir, onun g\u0259l\u0259c\u0259kd\u0259 d\u0259 davam etdirilm\u0259sini z\u0259ruri say\u0131r, bu g\u00fcn \u00f6lk\u0259d\u0259 ona alternativ g\u00f6rm\u00fcr. \u0130lham \u018fliyevin r\u0259hb\u0259rliyi alt\u0131nda \u00f6lk\u0259mizin \u0259ld\u0259 etdiyi nailiyy\u0259tl\u0259ri, ke\u00e7irilmi\u015f \u00e7oxsayl\u0131 sor\u011fular\u0131n n\u0259tic\u0259si olaraq onun xalq aras\u0131nda y\u00fcks\u0259k reytinqini v\u0259 beyn\u0259lxalq n\u00fcfuzunu, habel\u0259 c\u0259nab Prezidentin \u00f6lk\u0259nin \u0259n b\u00f6y\u00fck v\u0259 n\u00fcfuzlu siyasi t\u0259\u015fkilat\u0131 olan Yeni Az\u0259rbaycan Partiyas\u0131na r\u0259hb\u0259rlik etdiyini n\u0259z\u0259r\u0259 alsaq, Prezident se\u00e7kil\u0259rinin n\u0259tic\u0259sini g\u00f6rm\u0259k \u00e7\u0259tin deyil &#8211; se\u00e7icil\u0259rin b\u00f6y\u00fck \u0259ks\u0259riyy\u0259ti \u00f6z s\u0259sl\u0259rini Prezident \u0130lham \u018fliyev\u0259 ver\u0259c\u0259kl\u0259r&#8221;,-dey\u0259 \u00e7\u0131x\u0131\u015f\u00e7\u0131lar bildiribl\u0259r.<\/p>\n<p>&nbsp;<\/p>\n<p><img loading=\"lazy\" decoding=\"async\" class=\"aligncenter size-large wp-image-12055\" alt=\"YAP Z\u0259rdab rayon t\u0259\u015fkilat\u0131\" src=\"http:\/\/www.zerdab.com\/wp-content\/uploads\/2013\/09\/YAp-550x412.jpg\" width=\"550\" height=\"412\" \/><img loading=\"lazy\" decoding=\"async\" class=\"aligncenter size-large wp-image-12056\" alt=\"YAP Z\u0259rdab rayon t\u0259\u015fkilat\u0131\" src=\"http:\/\/www.zerdab.com\/wp-content\/uploads\/2013\/09\/YAp2-550x412.jpg\" width=\"550\" height=\"412\" \/><img loading=\"lazy\" decoding=\"async\" class=\"aligncenter size-large wp-image-12057\" alt=\"YAP Z\u0259rdab rayon t\u0259\u015fkilat\u0131\" src=\"http:\/\/www.zerdab.com\/wp-content\/uploads\/2013\/09\/YAp3-550x412.jpg\" width=\"550\" height=\"412\" \/><img loading=\"lazy\" decoding=\"async\" class=\"aligncenter size-large wp-image-12058\" alt=\"Z\u0259rdab\" src=\"http:\/\/www.zerdab.com\/wp-content\/uploads\/2013\/09\/YAp4-550x412.jpg\" width=\"550\" height=\"412\" \/><\/p>\n","protected":false},"excerpt":{"rendered":"<p>Z\u0259rdab rayonunda Yeni Az\u0259rbaycan Partiyas\u0131n\u0131n (YAP) vahid namiz\u0259di\u00a0 \u0130lham \u018fliyevin se\u00e7ki q\u0259rargah\u0131 t\u0259r\u0259find\u0259n ayr\u0131-ayr\u0131 ya\u015fay\u0131\u015f m\u0259nt\u0259q\u0259l\u0259rind\u0259 \u0259vv\u0259lc\u0259d\u0259n haz\u0131rlan\u0131b t\u0259sdiq edilmi\u015f qrafik\u0259 uy\u011fun olaraq se\u00e7icil\u0259rl\u0259 g\u00f6r\u00fc\u015fl\u0259r ke\u00e7irilir. Rayonun \u018flv\u0259nd, Otmanoba, \u015eahh\u00fcseyinli, \u015e\u0259ft\u0259hal, A\u015fa\u011f\u0131 Seyidl\u0259r, K\u0259nd\u0259bil, A\u011faba\u011f\u0131, \u015e\u0131xba\u011f\u0131, N\u0259z\u0259ral\u0131l\u0131, \u0130saqba\u011f\u0131, B\u00f6y\u00fck D\u0259kk\u0259, Qarav\u0259lli, D\u0259li Qu\u015f\u00e7u v\u0259 D\u0259kk\u0259oba k\u0259ndl\u0259rind\u0259 ke\u00e7iril\u0259n g\u00f6r\u00fc\u015fl\u0259r se\u00e7icil\u0259rin y\u00fcks\u0259k \u0259hval-ruhiyy\u0259si, f\u0259all\u0131\u011f\u0131 v\u0259 q\u0259l\u0259b\u0259 \u0259zmi [&hellip;]<\/p>\n","protected":false},"author":1,"featured_media":0,"comment_status":"open","ping_status":"open","sticky":false,"template":"","format":"standard","meta":{"footnotes":""},"categories":[5],"tags":[],"class_list":{"0":"post-12054","1":"post","2":"type-post","3":"status-publish","4":"format-standard","6":"category-knd"},"yoast_head":"<!-- This site is optimized with the Yoast SEO plugin v27.0 - https:\/\/yoast.com\/product\/yoast-seo-wordpress\/ -->\n<title>YAP Z\u0259rdabda se\u00e7icil\u0259rl\u0259 g\u00f6r\u00fc\u015f\u00fc davam etdirir - fotolar - Z\u0259rdab.com<\/title>\n<meta name=\"robots\" content=\"index, follow, max-snippet:-1, max-image-preview:large, max-video-preview:-1\" \/>\n<link rel=\"canonical\" href=\"https:\/\/www.zerdab.com\/?p=12054\" \/>\n<meta property=\"og:locale\" content=\"az_AZ\" \/>\n<meta property=\"og:type\" content=\"article\" \/>\n<meta property=\"og:title\" content=\"YAP Z\u0259rdabda se\u00e7icil\u0259rl\u0259 g\u00f6r\u00fc\u015f\u00fc davam etdirir - fotolar - Z\u0259rdab.com\" \/>\n<meta property=\"og:description\" content=\"Z\u0259rdab rayonunda Yeni Az\u0259rbaycan Partiyas\u0131n\u0131n (YAP) vahid namiz\u0259di\u00a0 \u0130lham \u018fliyevin se\u00e7ki q\u0259rargah\u0131 t\u0259r\u0259find\u0259n ayr\u0131-ayr\u0131 ya\u015fay\u0131\u015f m\u0259nt\u0259q\u0259l\u0259rind\u0259 \u0259vv\u0259lc\u0259d\u0259n haz\u0131rlan\u0131b t\u0259sdiq edilmi\u015f qrafik\u0259 uy\u011fun olaraq se\u00e7icil\u0259rl\u0259 g\u00f6r\u00fc\u015fl\u0259r ke\u00e7irilir. Rayonun \u018flv\u0259nd, Otmanoba, \u015eahh\u00fcseyinli, \u015e\u0259ft\u0259hal, A\u015fa\u011f\u0131 Seyidl\u0259r, K\u0259nd\u0259bil, A\u011faba\u011f\u0131, \u015e\u0131xba\u011f\u0131, N\u0259z\u0259ral\u0131l\u0131, \u0130saqba\u011f\u0131, B\u00f6y\u00fck D\u0259kk\u0259, Qarav\u0259lli, D\u0259li Qu\u015f\u00e7u v\u0259 D\u0259kk\u0259oba k\u0259ndl\u0259rind\u0259 ke\u00e7iril\u0259n g\u00f6r\u00fc\u015fl\u0259r se\u00e7icil\u0259rin y\u00fcks\u0259k \u0259hval-ruhiyy\u0259si, f\u0259all\u0131\u011f\u0131 v\u0259 q\u0259l\u0259b\u0259 \u0259zmi [&hellip;]\" \/>\n<meta property=\"og:url\" content=\"https:\/\/www.zerdab.com\/?p=12054\" \/>\n<meta property=\"og:site_name\" content=\"Z\u0259rdab.com\" \/>\n<meta property=\"article:published_time\" content=\"2013-09-19T13:53:42+00:00\" \/>\n<meta property=\"og:image\" content=\"http:\/\/www.zerdab.com\/wp-content\/uploads\/2013\/09\/YAp1-550x412.jpg\" \/>\n<meta name=\"author\" content=\"admin\" \/>\n<meta name=\"twitter:card\" content=\"summary_large_image\" \/>\n<meta name=\"twitter:label1\" content=\"Written by\" \/>\n\t<meta name=\"twitter:data1\" content=\"admin\" \/>\n\t<meta name=\"twitter:label2\" content=\"Est. reading time\" \/>\n\t<meta name=\"twitter:data2\" content=\"3 minutes\" \/>\n<script type=\"application\/ld+json\" class=\"yoast-schema-graph\">{\"@context\":\"https:\/\/schema.org\",\"@graph\":[{\"@type\":\"Article\",\"@id\":\"https:\/\/www.zerdab.com\/?p=12054#article\",\"isPartOf\":{\"@id\":\"https:\/\/www.zerdab.com\/?p=12054\"},\"author\":{\"name\":\"admin\",\"@id\":\"https:\/\/www.zerdab.com\/#\/schema\/person\/97079b7570c1e89ec0d9e138c3672136\"},\"headline\":\"YAP Z\u0259rdabda se\u00e7icil\u0259rl\u0259 g\u00f6r\u00fc\u015f\u00fc davam etdirir &#8211; fotolar\",\"datePublished\":\"2013-09-19T13:53:42+00:00\",\"mainEntityOfPage\":{\"@id\":\"https:\/\/www.zerdab.com\/?p=12054\"},\"wordCount\":605,\"commentCount\":1,\"image\":{\"@id\":\"https:\/\/www.zerdab.com\/?p=12054#primaryimage\"},\"thumbnailUrl\":\"http:\/\/www.zerdab.com\/wp-content\/uploads\/2013\/09\/YAp1-550x412.jpg\",\"articleSection\":[\"X\u018fB\u018fRL\u018fR\"],\"inLanguage\":\"az\",\"potentialAction\":[{\"@type\":\"CommentAction\",\"name\":\"Comment\",\"target\":[\"https:\/\/www.zerdab.com\/?p=12054#respond\"]}]},{\"@type\":\"WebPage\",\"@id\":\"https:\/\/www.zerdab.com\/?p=12054\",\"url\":\"https:\/\/www.zerdab.com\/?p=12054\",\"name\":\"YAP Z\u0259rdabda se\u00e7icil\u0259rl\u0259 g\u00f6r\u00fc\u015f\u00fc davam etdirir - fotolar - Z\u0259rdab.com\",\"isPartOf\":{\"@id\":\"https:\/\/www.zerdab.com\/#website\"},\"primaryImageOfPage\":{\"@id\":\"https:\/\/www.zerdab.com\/?p=12054#primaryimage\"},\"image\":{\"@id\":\"https:\/\/www.zerdab.com\/?p=12054#primaryimage\"},\"thumbnailUrl\":\"http:\/\/www.zerdab.com\/wp-content\/uploads\/2013\/09\/YAp1-550x412.jpg\",\"datePublished\":\"2013-09-19T13:53:42+00:00\",\"author\":{\"@id\":\"https:\/\/www.zerdab.com\/#\/schema\/person\/97079b7570c1e89ec0d9e138c3672136\"},\"breadcrumb\":{\"@id\":\"https:\/\/www.zerdab.com\/?p=12054#breadcrumb\"},\"inLanguage\":\"az\",\"potentialAction\":[{\"@type\":\"ReadAction\",\"target\":[\"https:\/\/www.zerdab.com\/?p=12054\"]}]},{\"@type\":\"ImageObject\",\"inLanguage\":\"az\",\"@id\":\"https:\/\/www.zerdab.com\/?p=12054#primaryimage\",\"url\":\"\",\"contentUrl\":\"\"},{\"@type\":\"BreadcrumbList\",\"@id\":\"https:\/\/www.zerdab.com\/?p=12054#breadcrumb\",\"itemListElement\":[{\"@type\":\"ListItem\",\"position\":1,\"name\":\"Home\",\"item\":\"https:\/\/www.zerdab.com\/\"},{\"@type\":\"ListItem\",\"position\":2,\"name\":\"YAP Z\u0259rdabda se\u00e7icil\u0259rl\u0259 g\u00f6r\u00fc\u015f\u00fc davam etdirir &#8211; fotolar\"}]},{\"@type\":\"WebSite\",\"@id\":\"https:\/\/www.zerdab.com\/#website\",\"url\":\"https:\/\/www.zerdab.com\/\",\"name\":\"Z\u0259rdab.com\",\"description\":\"\",\"potentialAction\":[{\"@type\":\"SearchAction\",\"target\":{\"@type\":\"EntryPoint\",\"urlTemplate\":\"https:\/\/www.zerdab.com\/?s={search_term_string}\"},\"query-input\":{\"@type\":\"PropertyValueSpecification\",\"valueRequired\":true,\"valueName\":\"search_term_string\"}}],\"inLanguage\":\"az\"},{\"@type\":\"Person\",\"@id\":\"https:\/\/www.zerdab.com\/#\/schema\/person\/97079b7570c1e89ec0d9e138c3672136\",\"name\":\"admin\",\"image\":{\"@type\":\"ImageObject\",\"inLanguage\":\"az\",\"@id\":\"https:\/\/www.zerdab.com\/#\/schema\/person\/image\/\",\"url\":\"https:\/\/secure.gravatar.com\/avatar\/d9c52a9a27c32119cb6679a077fa3e2779e5f822c451cbf01098004361d466ec?s=96&d=mm&r=g\",\"contentUrl\":\"https:\/\/secure.gravatar.com\/avatar\/d9c52a9a27c32119cb6679a077fa3e2779e5f822c451cbf01098004361d466ec?s=96&d=mm&r=g\",\"caption\":\"admin\"},\"url\":\"https:\/\/www.zerdab.com\/?author=1\"}]}<\/script>\n<!-- \/ Yoast SEO plugin. -->","yoast_head_json":{"title":"YAP Z\u0259rdabda se\u00e7icil\u0259rl\u0259 g\u00f6r\u00fc\u015f\u00fc davam etdirir - fotolar - Z\u0259rdab.com","robots":{"index":"index","follow":"follow","max-snippet":"max-snippet:-1","max-image-preview":"max-image-preview:large","max-video-preview":"max-video-preview:-1"},"canonical":"https:\/\/www.zerdab.com\/?p=12054","og_locale":"az_AZ","og_type":"article","og_title":"YAP Z\u0259rdabda se\u00e7icil\u0259rl\u0259 g\u00f6r\u00fc\u015f\u00fc davam etdirir - fotolar - Z\u0259rdab.com","og_description":"Z\u0259rdab rayonunda Yeni Az\u0259rbaycan Partiyas\u0131n\u0131n (YAP) vahid namiz\u0259di\u00a0 \u0130lham \u018fliyevin se\u00e7ki q\u0259rargah\u0131 t\u0259r\u0259find\u0259n ayr\u0131-ayr\u0131 ya\u015fay\u0131\u015f m\u0259nt\u0259q\u0259l\u0259rind\u0259 \u0259vv\u0259lc\u0259d\u0259n haz\u0131rlan\u0131b t\u0259sdiq edilmi\u015f qrafik\u0259 uy\u011fun olaraq se\u00e7icil\u0259rl\u0259 g\u00f6r\u00fc\u015fl\u0259r ke\u00e7irilir. Rayonun \u018flv\u0259nd, Otmanoba, \u015eahh\u00fcseyinli, \u015e\u0259ft\u0259hal, A\u015fa\u011f\u0131 Seyidl\u0259r, K\u0259nd\u0259bil, A\u011faba\u011f\u0131, \u015e\u0131xba\u011f\u0131, N\u0259z\u0259ral\u0131l\u0131, \u0130saqba\u011f\u0131, B\u00f6y\u00fck D\u0259kk\u0259, Qarav\u0259lli, D\u0259li Qu\u015f\u00e7u v\u0259 D\u0259kk\u0259oba k\u0259ndl\u0259rind\u0259 ke\u00e7iril\u0259n g\u00f6r\u00fc\u015fl\u0259r se\u00e7icil\u0259rin y\u00fcks\u0259k \u0259hval-ruhiyy\u0259si, f\u0259all\u0131\u011f\u0131 v\u0259 q\u0259l\u0259b\u0259 \u0259zmi [&hellip;]","og_url":"https:\/\/www.zerdab.com\/?p=12054","og_site_name":"Z\u0259rdab.com","article_published_time":"2013-09-19T13:53:42+00:00","og_image":[{"url":"http:\/\/www.zerdab.com\/wp-content\/uploads\/2013\/09\/YAp1-550x412.jpg","type":"","width":"","height":""}],"author":"admin","twitter_card":"summary_large_image","twitter_misc":{"Written by":"admin","Est. reading time":"3 minutes"},"schema":{"@context":"https:\/\/schema.org","@graph":[{"@type":"Article","@id":"https:\/\/www.zerdab.com\/?p=12054#article","isPartOf":{"@id":"https:\/\/www.zerdab.com\/?p=12054"},"author":{"name":"admin","@id":"https:\/\/www.zerdab.com\/#\/schema\/person\/97079b7570c1e89ec0d9e138c3672136"},"headline":"YAP Z\u0259rdabda se\u00e7icil\u0259rl\u0259 g\u00f6r\u00fc\u015f\u00fc davam etdirir &#8211; fotolar","datePublished":"2013-09-19T13:53:42+00:00","mainEntityOfPage":{"@id":"https:\/\/www.zerdab.com\/?p=12054"},"wordCount":605,"commentCount":1,"image":{"@id":"https:\/\/www.zerdab.com\/?p=12054#primaryimage"},"thumbnailUrl":"http:\/\/www.zerdab.com\/wp-content\/uploads\/2013\/09\/YAp1-550x412.jpg","articleSection":["X\u018fB\u018fRL\u018fR"],"inLanguage":"az","potentialAction":[{"@type":"CommentAction","name":"Comment","target":["https:\/\/www.zerdab.com\/?p=12054#respond"]}]},{"@type":"WebPage","@id":"https:\/\/www.zerdab.com\/?p=12054","url":"https:\/\/www.zerdab.com\/?p=12054","name":"YAP Z\u0259rdabda se\u00e7icil\u0259rl\u0259 g\u00f6r\u00fc\u015f\u00fc davam etdirir - fotolar - Z\u0259rdab.com","isPartOf":{"@id":"https:\/\/www.zerdab.com\/#website"},"primaryImageOfPage":{"@id":"https:\/\/www.zerdab.com\/?p=12054#primaryimage"},"image":{"@id":"https:\/\/www.zerdab.com\/?p=12054#primaryimage"},"thumbnailUrl":"http:\/\/www.zerdab.com\/wp-content\/uploads\/2013\/09\/YAp1-550x412.jpg","datePublished":"2013-09-19T13:53:42+00:00","author":{"@id":"https:\/\/www.zerdab.com\/#\/schema\/person\/97079b7570c1e89ec0d9e138c3672136"},"breadcrumb":{"@id":"https:\/\/www.zerdab.com\/?p=12054#breadcrumb"},"inLanguage":"az","potentialAction":[{"@type":"ReadAction","target":["https:\/\/www.zerdab.com\/?p=12054"]}]},{"@type":"ImageObject","inLanguage":"az","@id":"https:\/\/www.zerdab.com\/?p=12054#primaryimage","url":"","contentUrl":""},{"@type":"BreadcrumbList","@id":"https:\/\/www.zerdab.com\/?p=12054#breadcrumb","itemListElement":[{"@type":"ListItem","position":1,"name":"Home","item":"https:\/\/www.zerdab.com\/"},{"@type":"ListItem","position":2,"name":"YAP Z\u0259rdabda se\u00e7icil\u0259rl\u0259 g\u00f6r\u00fc\u015f\u00fc davam etdirir &#8211; fotolar"}]},{"@type":"WebSite","@id":"https:\/\/www.zerdab.com\/#website","url":"https:\/\/www.zerdab.com\/","name":"Z\u0259rdab.com","description":"","potentialAction":[{"@type":"SearchAction","target":{"@type":"EntryPoint","urlTemplate":"https:\/\/www.zerdab.com\/?s={search_term_string}"},"query-input":{"@type":"PropertyValueSpecification","valueRequired":true,"valueName":"search_term_string"}}],"inLanguage":"az"},{"@type":"Person","@id":"https:\/\/www.zerdab.com\/#\/schema\/person\/97079b7570c1e89ec0d9e138c3672136","name":"admin","image":{"@type":"ImageObject","inLanguage":"az","@id":"https:\/\/www.zerdab.com\/#\/schema\/person\/image\/","url":"https:\/\/secure.gravatar.com\/avatar\/d9c52a9a27c32119cb6679a077fa3e2779e5f822c451cbf01098004361d466ec?s=96&d=mm&r=g","contentUrl":"https:\/\/secure.gravatar.com\/avatar\/d9c52a9a27c32119cb6679a077fa3e2779e5f822c451cbf01098004361d466ec?s=96&d=mm&r=g","caption":"admin"},"url":"https:\/\/www.zerdab.com\/?author=1"}]}},"_links":{"self":[{"href":"https:\/\/www.zerdab.com\/index.php?rest_route=\/wp\/v2\/posts\/12054","targetHints":{"allow":["GET"]}}],"collection":[{"href":"https:\/\/www.zerdab.com\/index.php?rest_route=\/wp\/v2\/posts"}],"about":[{"href":"https:\/\/www.zerdab.com\/index.php?rest_route=\/wp\/v2\/types\/post"}],"author":[{"embeddable":true,"href":"https:\/\/www.zerdab.com\/index.php?rest_route=\/wp\/v2\/users\/1"}],"replies":[{"embeddable":true,"href":"https:\/\/www.zerdab.com\/index.php?rest_route=%2Fwp%2Fv2%2Fcomments&post=12054"}],"version-history":[{"count":1,"href":"https:\/\/www.zerdab.com\/index.php?rest_route=\/wp\/v2\/posts\/12054\/revisions"}],"predecessor-version":[{"id":12060,"href":"https:\/\/www.zerdab.com\/index.php?rest_route=\/wp\/v2\/posts\/12054\/revisions\/12060"}],"wp:attachment":[{"href":"https:\/\/www.zerdab.com\/index.php?rest_route=%2Fwp%2Fv2%2Fmedia&parent=12054"}],"wp:term":[{"taxonomy":"category","embeddable":true,"href":"https:\/\/www.zerdab.com\/index.php?rest_route=%2Fwp%2Fv2%2Fcategories&post=12054"},{"taxonomy":"post_tag","embeddable":true,"href":"https:\/\/www.zerdab.com\/index.php?rest_route=%2Fwp%2Fv2%2Ftags&post=12054"}],"curies":[{"name":"wp","href":"https:\/\/api.w.org\/{rel}","templated":true}]}}