{"id":1218,"date":"2012-04-13T23:07:48","date_gmt":"2012-04-13T18:07:48","guid":{"rendered":"http:\/\/www.zerdab.com\/?p=1218"},"modified":"2012-04-13T23:08:54","modified_gmt":"2012-04-13T18:08:54","slug":"h%c9%99myerlimiz-aztv-nin-redaktoru-abbasov-cingiz-qurban-oglu","status":"publish","type":"post","link":"https:\/\/www.zerdab.com\/?p=1218","title":{"rendered":"H\u0259myerlimiz, AZTV-nin redaktoru \u00c7ingiz Abbasov"},"content":{"rendered":"<p><a href=\"http:\/\/www.zerdab.com\/wp-content\/uploads\/2012\/04\/1256295360_aztv_zerdab.jpg\"><img loading=\"lazy\" decoding=\"async\" class=\"alignleft size-full wp-image-1219\" title=\"1256295360_aztv_zerdab\" src=\"http:\/\/www.zerdab.com\/wp-content\/uploads\/2012\/04\/1256295360_aztv_zerdab.jpg\" alt=\"\" width=\"250\" height=\"210\" \/><\/a>Abbasov \u00c7ingiz Qurban o\u011flu 1950-ci ild\u0259 Z\u0259rdab \u015f\u0259h\u0259rind\u0259 anadan olub. Z\u0259rdabda orta m\u0259kt\u0259bi bitirdikd\u0259n sonra \u0130nc\u0259s\u0259n\u0259t Universitetin\u0259 daxil olub. 38 ildir AZTV-nin Musiqi Verili\u015fl\u0259ri Redaksiyas\u0131nda Xalq Musiqisi \u015f\u00f6b\u0259sinin redaktorudur. Ne\u00e7\u0259-ne\u00e7\u0259 s\u0259n\u0259t\u00e7inin yarad\u0131c\u0131l\u0131q yolunun ara\u015fd\u0131r\u0131lmas\u0131na b\u00f6y\u00fck z\u0259hm\u0259t s\u0259rf edib, Az\u0259rbaycan Televiziyas\u0131n\u0131n &#8220;Q\u0131z\u0131l Fond&#8221;unun z\u0259nginl\u0259\u015fm\u0259sin\u0259 t\u00f6hf\u0259sini verib. Xalq musiqisi v\u0259 mu\u011famlar\u0131n t\u0259bli\u011find\u0259ki xidm\u0259tl\u0259rin\u0259 g\u00f6r\u0259, &#8220;Min bir mahn\u0131&#8221; m\u00fckafat\u0131na layiq g\u00f6r\u00fcl\u00fcb. Az\u0259rbaycan televiziyas\u0131n\u0131n v\u0259 radiosunun inki\u015faf\u0131ndak\u0131 xidm\u0259tl\u0259rin\u0259 g\u00f6r\u0259, Prezident \u0130lham \u018fliyevin s\u0259r\u0259ncam\u0131 il\u0259 &#8220;T\u0259r\u0259qqi&#8221; medal\u0131 il\u0259 t\u0259ltif edilib. H\u0259myerlimiz\u0259 uzun \u00f6m\u00fcr, cansa\u011fl\u0131\u011f\u0131 v\u0259 i\u015fl\u0259rind\u0259 u\u011furlar arzulay\u0131r\u0131q.<\/p>\n<p><strong>www.zerdab.com<\/strong><\/p>\n","protected":false},"excerpt":{"rendered":"<p>Abbasov \u00c7ingiz Qurban o\u011flu 1950-ci ild\u0259 Z\u0259rdab \u015f\u0259h\u0259rind\u0259 anadan olub. Z\u0259rdabda orta m\u0259kt\u0259bi bitirdikd\u0259n sonra \u0130nc\u0259s\u0259n\u0259t Universitetin\u0259 daxil olub. 38 ildir AZTV-nin Musiqi Verili\u015fl\u0259ri Redaksiyas\u0131nda Xalq Musiqisi \u015f\u00f6b\u0259sinin redaktorudur. Ne\u00e7\u0259-ne\u00e7\u0259 s\u0259n\u0259t\u00e7inin yarad\u0131c\u0131l\u0131q yolunun ara\u015fd\u0131r\u0131lmas\u0131na b\u00f6y\u00fck z\u0259hm\u0259t s\u0259rf edib, Az\u0259rbaycan Televiziyas\u0131n\u0131n &#8220;Q\u0131z\u0131l Fond&#8221;unun z\u0259nginl\u0259\u015fm\u0259sin\u0259 t\u00f6hf\u0259sini verib. Xalq musiqisi v\u0259 mu\u011famlar\u0131n t\u0259bli\u011find\u0259ki xidm\u0259tl\u0259rin\u0259 g\u00f6r\u0259, &#8220;Min bir mahn\u0131&#8221; [&hellip;]<\/p>\n","protected":false},"author":1,"featured_media":0,"comment_status":"open","ping_status":"open","sticky":false,"template":"","format":"standard","meta":{"footnotes":""},"categories":[7],"tags":[],"class_list":{"0":"post-1218","1":"post","2":"type-post","3":"status-publish","4":"format-standard","6":"category-ziyalilar"},"yoast_head":"<!-- This site is optimized with the Yoast SEO plugin v27.0 - https:\/\/yoast.com\/product\/yoast-seo-wordpress\/ -->\n<title>H\u0259myerlimiz, AZTV-nin redaktoru \u00c7ingiz Abbasov  - Z\u0259rdab.com<\/title>\n<meta name=\"robots\" content=\"index, follow, max-snippet:-1, max-image-preview:large, max-video-preview:-1\" \/>\n<link rel=\"canonical\" href=\"https:\/\/www.zerdab.com\/?p=1218\" \/>\n<meta property=\"og:locale\" content=\"az_AZ\" \/>\n<meta property=\"og:type\" content=\"article\" \/>\n<meta property=\"og:title\" content=\"H\u0259myerlimiz, AZTV-nin redaktoru \u00c7ingiz Abbasov  - Z\u0259rdab.com\" \/>\n<meta property=\"og:description\" content=\"Abbasov \u00c7ingiz Qurban o\u011flu 1950-ci ild\u0259 Z\u0259rdab \u015f\u0259h\u0259rind\u0259 anadan olub. Z\u0259rdabda orta m\u0259kt\u0259bi bitirdikd\u0259n sonra \u0130nc\u0259s\u0259n\u0259t Universitetin\u0259 daxil olub. 38 ildir AZTV-nin Musiqi Verili\u015fl\u0259ri Redaksiyas\u0131nda Xalq Musiqisi \u015f\u00f6b\u0259sinin redaktorudur. Ne\u00e7\u0259-ne\u00e7\u0259 s\u0259n\u0259t\u00e7inin yarad\u0131c\u0131l\u0131q yolunun ara\u015fd\u0131r\u0131lmas\u0131na b\u00f6y\u00fck z\u0259hm\u0259t s\u0259rf edib, Az\u0259rbaycan Televiziyas\u0131n\u0131n &#8220;Q\u0131z\u0131l Fond&#8221;unun z\u0259nginl\u0259\u015fm\u0259sin\u0259 t\u00f6hf\u0259sini verib. Xalq musiqisi v\u0259 mu\u011famlar\u0131n t\u0259bli\u011find\u0259ki xidm\u0259tl\u0259rin\u0259 g\u00f6r\u0259, &#8220;Min bir mahn\u0131&#8221; [&hellip;]\" \/>\n<meta property=\"og:url\" content=\"https:\/\/www.zerdab.com\/?p=1218\" \/>\n<meta property=\"og:site_name\" content=\"Z\u0259rdab.com\" \/>\n<meta property=\"article:published_time\" content=\"2012-04-13T18:07:48+00:00\" \/>\n<meta property=\"article:modified_time\" content=\"2012-04-13T18:08:54+00:00\" \/>\n<meta property=\"og:image\" content=\"http:\/\/www.zerdab.com\/wp-content\/uploads\/2012\/04\/1256295360_aztv_zerdab.jpg\" \/>\n<meta name=\"author\" content=\"admin\" \/>\n<meta name=\"twitter:card\" content=\"summary_large_image\" \/>\n<meta name=\"twitter:label1\" content=\"Written by\" \/>\n\t<meta name=\"twitter:data1\" content=\"admin\" \/>\n\t<meta name=\"twitter:label2\" content=\"Est. reading time\" \/>\n\t<meta name=\"twitter:data2\" content=\"1 minute\" \/>\n<script type=\"application\/ld+json\" class=\"yoast-schema-graph\">{\"@context\":\"https:\/\/schema.org\",\"@graph\":[{\"@type\":\"Article\",\"@id\":\"https:\/\/www.zerdab.com\/?p=1218#article\",\"isPartOf\":{\"@id\":\"https:\/\/www.zerdab.com\/?p=1218\"},\"author\":{\"name\":\"admin\",\"@id\":\"https:\/\/www.zerdab.com\/#\/schema\/person\/97079b7570c1e89ec0d9e138c3672136\"},\"headline\":\"H\u0259myerlimiz, AZTV-nin redaktoru \u00c7ingiz Abbasov\",\"datePublished\":\"2012-04-13T18:07:48+00:00\",\"dateModified\":\"2012-04-13T18:08:54+00:00\",\"mainEntityOfPage\":{\"@id\":\"https:\/\/www.zerdab.com\/?p=1218\"},\"wordCount\":166,\"commentCount\":1,\"image\":{\"@id\":\"https:\/\/www.zerdab.com\/?p=1218#primaryimage\"},\"thumbnailUrl\":\"http:\/\/www.zerdab.com\/wp-content\/uploads\/2012\/04\/1256295360_aztv_zerdab.jpg\",\"articleSection\":[\"F\u018fXRL\u018fR\u0130M\u0130Z\"],\"inLanguage\":\"az\",\"potentialAction\":[{\"@type\":\"CommentAction\",\"name\":\"Comment\",\"target\":[\"https:\/\/www.zerdab.com\/?p=1218#respond\"]}]},{\"@type\":\"WebPage\",\"@id\":\"https:\/\/www.zerdab.com\/?p=1218\",\"url\":\"https:\/\/www.zerdab.com\/?p=1218\",\"name\":\"H\u0259myerlimiz, AZTV-nin redaktoru \u00c7ingiz Abbasov - Z\u0259rdab.com\",\"isPartOf\":{\"@id\":\"https:\/\/www.zerdab.com\/#website\"},\"primaryImageOfPage\":{\"@id\":\"https:\/\/www.zerdab.com\/?p=1218#primaryimage\"},\"image\":{\"@id\":\"https:\/\/www.zerdab.com\/?p=1218#primaryimage\"},\"thumbnailUrl\":\"http:\/\/www.zerdab.com\/wp-content\/uploads\/2012\/04\/1256295360_aztv_zerdab.jpg\",\"datePublished\":\"2012-04-13T18:07:48+00:00\",\"dateModified\":\"2012-04-13T18:08:54+00:00\",\"author\":{\"@id\":\"https:\/\/www.zerdab.com\/#\/schema\/person\/97079b7570c1e89ec0d9e138c3672136\"},\"breadcrumb\":{\"@id\":\"https:\/\/www.zerdab.com\/?p=1218#breadcrumb\"},\"inLanguage\":\"az\",\"potentialAction\":[{\"@type\":\"ReadAction\",\"target\":[\"https:\/\/www.zerdab.com\/?p=1218\"]}]},{\"@type\":\"ImageObject\",\"inLanguage\":\"az\",\"@id\":\"https:\/\/www.zerdab.com\/?p=1218#primaryimage\",\"url\":\"http:\/\/www.zerdab.com\/wp-content\/uploads\/2012\/04\/1256295360_aztv_zerdab.jpg\",\"contentUrl\":\"http:\/\/www.zerdab.com\/wp-content\/uploads\/2012\/04\/1256295360_aztv_zerdab.jpg\"},{\"@type\":\"BreadcrumbList\",\"@id\":\"https:\/\/www.zerdab.com\/?p=1218#breadcrumb\",\"itemListElement\":[{\"@type\":\"ListItem\",\"position\":1,\"name\":\"Home\",\"item\":\"https:\/\/www.zerdab.com\/\"},{\"@type\":\"ListItem\",\"position\":2,\"name\":\"H\u0259myerlimiz, AZTV-nin redaktoru \u00c7ingiz Abbasov\"}]},{\"@type\":\"WebSite\",\"@id\":\"https:\/\/www.zerdab.com\/#website\",\"url\":\"https:\/\/www.zerdab.com\/\",\"name\":\"Z\u0259rdab.com\",\"description\":\"\",\"potentialAction\":[{\"@type\":\"SearchAction\",\"target\":{\"@type\":\"EntryPoint\",\"urlTemplate\":\"https:\/\/www.zerdab.com\/?s={search_term_string}\"},\"query-input\":{\"@type\":\"PropertyValueSpecification\",\"valueRequired\":true,\"valueName\":\"search_term_string\"}}],\"inLanguage\":\"az\"},{\"@type\":\"Person\",\"@id\":\"https:\/\/www.zerdab.com\/#\/schema\/person\/97079b7570c1e89ec0d9e138c3672136\",\"name\":\"admin\",\"image\":{\"@type\":\"ImageObject\",\"inLanguage\":\"az\",\"@id\":\"https:\/\/www.zerdab.com\/#\/schema\/person\/image\/\",\"url\":\"https:\/\/secure.gravatar.com\/avatar\/d9c52a9a27c32119cb6679a077fa3e2779e5f822c451cbf01098004361d466ec?s=96&d=mm&r=g\",\"contentUrl\":\"https:\/\/secure.gravatar.com\/avatar\/d9c52a9a27c32119cb6679a077fa3e2779e5f822c451cbf01098004361d466ec?s=96&d=mm&r=g\",\"caption\":\"admin\"},\"url\":\"https:\/\/www.zerdab.com\/?author=1\"}]}<\/script>\n<!-- \/ Yoast SEO plugin. -->","yoast_head_json":{"title":"H\u0259myerlimiz, AZTV-nin redaktoru \u00c7ingiz Abbasov  - Z\u0259rdab.com","robots":{"index":"index","follow":"follow","max-snippet":"max-snippet:-1","max-image-preview":"max-image-preview:large","max-video-preview":"max-video-preview:-1"},"canonical":"https:\/\/www.zerdab.com\/?p=1218","og_locale":"az_AZ","og_type":"article","og_title":"H\u0259myerlimiz, AZTV-nin redaktoru \u00c7ingiz Abbasov  - Z\u0259rdab.com","og_description":"Abbasov \u00c7ingiz Qurban o\u011flu 1950-ci ild\u0259 Z\u0259rdab \u015f\u0259h\u0259rind\u0259 anadan olub. Z\u0259rdabda orta m\u0259kt\u0259bi bitirdikd\u0259n sonra \u0130nc\u0259s\u0259n\u0259t Universitetin\u0259 daxil olub. 38 ildir AZTV-nin Musiqi Verili\u015fl\u0259ri Redaksiyas\u0131nda Xalq Musiqisi \u015f\u00f6b\u0259sinin redaktorudur. Ne\u00e7\u0259-ne\u00e7\u0259 s\u0259n\u0259t\u00e7inin yarad\u0131c\u0131l\u0131q yolunun ara\u015fd\u0131r\u0131lmas\u0131na b\u00f6y\u00fck z\u0259hm\u0259t s\u0259rf edib, Az\u0259rbaycan Televiziyas\u0131n\u0131n &#8220;Q\u0131z\u0131l Fond&#8221;unun z\u0259nginl\u0259\u015fm\u0259sin\u0259 t\u00f6hf\u0259sini verib. Xalq musiqisi v\u0259 mu\u011famlar\u0131n t\u0259bli\u011find\u0259ki xidm\u0259tl\u0259rin\u0259 g\u00f6r\u0259, &#8220;Min bir mahn\u0131&#8221; [&hellip;]","og_url":"https:\/\/www.zerdab.com\/?p=1218","og_site_name":"Z\u0259rdab.com","article_published_time":"2012-04-13T18:07:48+00:00","article_modified_time":"2012-04-13T18:08:54+00:00","og_image":[{"url":"http:\/\/www.zerdab.com\/wp-content\/uploads\/2012\/04\/1256295360_aztv_zerdab.jpg","type":"","width":"","height":""}],"author":"admin","twitter_card":"summary_large_image","twitter_misc":{"Written by":"admin","Est. reading time":"1 minute"},"schema":{"@context":"https:\/\/schema.org","@graph":[{"@type":"Article","@id":"https:\/\/www.zerdab.com\/?p=1218#article","isPartOf":{"@id":"https:\/\/www.zerdab.com\/?p=1218"},"author":{"name":"admin","@id":"https:\/\/www.zerdab.com\/#\/schema\/person\/97079b7570c1e89ec0d9e138c3672136"},"headline":"H\u0259myerlimiz, AZTV-nin redaktoru \u00c7ingiz Abbasov","datePublished":"2012-04-13T18:07:48+00:00","dateModified":"2012-04-13T18:08:54+00:00","mainEntityOfPage":{"@id":"https:\/\/www.zerdab.com\/?p=1218"},"wordCount":166,"commentCount":1,"image":{"@id":"https:\/\/www.zerdab.com\/?p=1218#primaryimage"},"thumbnailUrl":"http:\/\/www.zerdab.com\/wp-content\/uploads\/2012\/04\/1256295360_aztv_zerdab.jpg","articleSection":["F\u018fXRL\u018fR\u0130M\u0130Z"],"inLanguage":"az","potentialAction":[{"@type":"CommentAction","name":"Comment","target":["https:\/\/www.zerdab.com\/?p=1218#respond"]}]},{"@type":"WebPage","@id":"https:\/\/www.zerdab.com\/?p=1218","url":"https:\/\/www.zerdab.com\/?p=1218","name":"H\u0259myerlimiz, AZTV-nin redaktoru \u00c7ingiz Abbasov - Z\u0259rdab.com","isPartOf":{"@id":"https:\/\/www.zerdab.com\/#website"},"primaryImageOfPage":{"@id":"https:\/\/www.zerdab.com\/?p=1218#primaryimage"},"image":{"@id":"https:\/\/www.zerdab.com\/?p=1218#primaryimage"},"thumbnailUrl":"http:\/\/www.zerdab.com\/wp-content\/uploads\/2012\/04\/1256295360_aztv_zerdab.jpg","datePublished":"2012-04-13T18:07:48+00:00","dateModified":"2012-04-13T18:08:54+00:00","author":{"@id":"https:\/\/www.zerdab.com\/#\/schema\/person\/97079b7570c1e89ec0d9e138c3672136"},"breadcrumb":{"@id":"https:\/\/www.zerdab.com\/?p=1218#breadcrumb"},"inLanguage":"az","potentialAction":[{"@type":"ReadAction","target":["https:\/\/www.zerdab.com\/?p=1218"]}]},{"@type":"ImageObject","inLanguage":"az","@id":"https:\/\/www.zerdab.com\/?p=1218#primaryimage","url":"http:\/\/www.zerdab.com\/wp-content\/uploads\/2012\/04\/1256295360_aztv_zerdab.jpg","contentUrl":"http:\/\/www.zerdab.com\/wp-content\/uploads\/2012\/04\/1256295360_aztv_zerdab.jpg"},{"@type":"BreadcrumbList","@id":"https:\/\/www.zerdab.com\/?p=1218#breadcrumb","itemListElement":[{"@type":"ListItem","position":1,"name":"Home","item":"https:\/\/www.zerdab.com\/"},{"@type":"ListItem","position":2,"name":"H\u0259myerlimiz, AZTV-nin redaktoru \u00c7ingiz Abbasov"}]},{"@type":"WebSite","@id":"https:\/\/www.zerdab.com\/#website","url":"https:\/\/www.zerdab.com\/","name":"Z\u0259rdab.com","description":"","potentialAction":[{"@type":"SearchAction","target":{"@type":"EntryPoint","urlTemplate":"https:\/\/www.zerdab.com\/?s={search_term_string}"},"query-input":{"@type":"PropertyValueSpecification","valueRequired":true,"valueName":"search_term_string"}}],"inLanguage":"az"},{"@type":"Person","@id":"https:\/\/www.zerdab.com\/#\/schema\/person\/97079b7570c1e89ec0d9e138c3672136","name":"admin","image":{"@type":"ImageObject","inLanguage":"az","@id":"https:\/\/www.zerdab.com\/#\/schema\/person\/image\/","url":"https:\/\/secure.gravatar.com\/avatar\/d9c52a9a27c32119cb6679a077fa3e2779e5f822c451cbf01098004361d466ec?s=96&d=mm&r=g","contentUrl":"https:\/\/secure.gravatar.com\/avatar\/d9c52a9a27c32119cb6679a077fa3e2779e5f822c451cbf01098004361d466ec?s=96&d=mm&r=g","caption":"admin"},"url":"https:\/\/www.zerdab.com\/?author=1"}]}},"_links":{"self":[{"href":"https:\/\/www.zerdab.com\/index.php?rest_route=\/wp\/v2\/posts\/1218","targetHints":{"allow":["GET"]}}],"collection":[{"href":"https:\/\/www.zerdab.com\/index.php?rest_route=\/wp\/v2\/posts"}],"about":[{"href":"https:\/\/www.zerdab.com\/index.php?rest_route=\/wp\/v2\/types\/post"}],"author":[{"embeddable":true,"href":"https:\/\/www.zerdab.com\/index.php?rest_route=\/wp\/v2\/users\/1"}],"replies":[{"embeddable":true,"href":"https:\/\/www.zerdab.com\/index.php?rest_route=%2Fwp%2Fv2%2Fcomments&post=1218"}],"version-history":[{"count":2,"href":"https:\/\/www.zerdab.com\/index.php?rest_route=\/wp\/v2\/posts\/1218\/revisions"}],"predecessor-version":[{"id":1221,"href":"https:\/\/www.zerdab.com\/index.php?rest_route=\/wp\/v2\/posts\/1218\/revisions\/1221"}],"wp:attachment":[{"href":"https:\/\/www.zerdab.com\/index.php?rest_route=%2Fwp%2Fv2%2Fmedia&parent=1218"}],"wp:term":[{"taxonomy":"category","embeddable":true,"href":"https:\/\/www.zerdab.com\/index.php?rest_route=%2Fwp%2Fv2%2Fcategories&post=1218"},{"taxonomy":"post_tag","embeddable":true,"href":"https:\/\/www.zerdab.com\/index.php?rest_route=%2Fwp%2Fv2%2Ftags&post=1218"}],"curies":[{"name":"wp","href":"https:\/\/api.w.org\/{rel}","templated":true}]}}