{"id":12234,"date":"2013-09-27T11:45:16","date_gmt":"2013-09-27T06:45:16","guid":{"rendered":"http:\/\/www.zerdab.com\/?p=12234"},"modified":"2013-09-27T11:47:09","modified_gmt":"2013-09-27T06:47:09","slug":"z%c9%99rdab-rayonunun-d%c9%99kk%c9%99oba-k%c9%99ndin%c9%99-mavi-yanacaq-verildi-fotolar","status":"publish","type":"post","link":"https:\/\/www.zerdab.com\/?p=12234","title":{"rendered":"Z\u0259rdab rayonunun D\u0259kk\u0259oba k\u0259ndin\u0259 mavi yanacaq verildi &#8211; Fotolar"},"content":{"rendered":"<p style=\"text-align: justify;\" align=\"center\"><span style=\"color: #000000;\"><strong><img loading=\"lazy\" decoding=\"async\" class=\"aligncenter size-large wp-image-12235\" alt=\"Zerdab\" src=\"http:\/\/www.zerdab.com\/wp-content\/uploads\/2013\/09\/Zerdab73-550x365.jpg\" width=\"550\" height=\"365\" \/>Z\u0259rdab rayonunun D\u0259kk\u0259oba k\u0259ndin\u0259 mavi yanaca\u011f\u0131n verilm\u0259si m\u00fcnasib\u0259til\u0259 a\u00e7\u0131l\u0131\u015f m\u0259rasimi ke\u00e7irilib. Z\u0259rdab R\u0130HB Aparat\u0131n\u0131n informasiya t\u0259minat\u0131 v\u0259 t\u0259hlil sektorundan Zerdab.com-a veril\u0259n m\u0259lumata g\u00f6r\u0259, a\u00e7\u0131l\u0131\u015f m\u0259rasimind\u0259 Rayon \u0130cra Hakimiyy\u0259tinin ba\u015f\u00e7\u0131s\u0131 L\u00fctv\u0259li Babayev, \u201cAz\u0259riqaz\u201d \u0130stehsalat Birliyinin \u015f\u00f6b\u0259 r\u0259isi Araz A\u011fayev, k\u0259nd ictimaiyy\u0259ti, a\u011fsaqqallar i\u015ftirak edibl\u0259r.<\/strong><\/span><\/p>\n<p style=\"text-align: justify;\"><span style=\"color: #000000;\"><strong>\u00a0<\/strong><\/span>T\u0259dbird\u0259 bildirilib ki, \u00fcmumilikd\u0259 288 abonenti olan k\u0259ndin qazla\u015fd\u0131r\u0131lmas\u0131 m\u0259qs\u0259dil\u0259 27600 p\/m uzunlu\u011funda m\u00fcxt\u0259lif diametrli polad borularla da\u015f\u0131y\u0131c\u0131 v\u0259 m\u0259h\u0259ll\u0259daxili qaz k\u0259m\u0259rl\u0259ri \u00e7\u0259kilib, 288 say\u011fac v\u0259 f\u0259rdi t\u0259nziml\u0259yici qura\u015fd\u0131r\u0131l\u0131b. 1 \u0259d\u0259d qazpaylay\u0131c\u0131 \u015fkaf qura\u015fd\u0131r\u0131l\u0131b.<\/p>\n<p style=\"text-align: justify;\">Bu, art\u0131q Z\u0259rdab \u015f\u0259h\u0259r, Qarav\u0259lli, Qo\u015faoba, T\u0259z\u0259k\u0259nd, D\u0259li Qu\u015f\u00e7u k\u0259ndl\u0259rind\u0259n, Qumlu v\u0259 \u201c32 hektar\u201d adlanan ya\u015fay\u0131\u015f m\u0259nt\u0259q\u0259l\u0259rind\u0259n sonra rayonun qazla t\u0259min olunan n\u00f6vb\u0259ti ya\u015fay\u0131\u015f m\u0259nt\u0259q\u0259sidir. Haz\u0131rda rayonun 9 k\u0259ndin\u0259 mavi yanaca\u011f\u0131n verilm\u0259sind\u0259 son tamamlama i\u015fl\u0259ri apar\u0131l\u0131r.<\/p>\n<p style=\"text-align: justify;\">T\u0259dbird\u0259 \u00e7\u0131x\u0131\u015f ed\u0259n Rayon \u0130cra Hakimiyy\u0259tinin ba\u015f\u00e7\u0131s\u0131 c\u0259nab L\u00fctv\u0259li Babayev son ill\u0259r respublikam\u0131zda, o c\u00fcml\u0259d\u0259n rayonumuzda g\u00f6r\u00fcl\u0259n i\u015fl\u0259rd\u0259n dan\u0131\u015f\u0131b. Natiq\u00a0 b\u00f6lg\u0259l\u0259rimizin, o c\u00fcml\u0259d\u0259n d\u0259 Z\u0259rdab\u0131n s\u00fcr\u0259tl\u0259 inki\u015faf etdiyini qeyd edib,\u00a0 qazla\u015fman\u0131n \u0259halinin sosial rifah hal\u0131n\u0131n yax\u015f\u0131la\u015fd\u0131r\u0131lmas\u0131 istiqam\u0259tind\u0259 at\u0131lan m\u00fch\u00fcm add\u0131mlardan biri kimi qiym\u0259tl\u0259ndirib, k\u0259nd sakinl\u0259rini bu m\u00fcnasib\u0259tl\u0259 t\u0259brik edib.<\/p>\n<p style=\"text-align: justify;\">\u00c7\u0131x\u0131\u015f ed\u0259nl\u0259r \u00f6lk\u0259 r\u0259hb\u0259rin\u0259 rayonumuzun inki\u015faf\u0131na g\u00f6st\u0259rdiyi diqq\u0259t v\u0259 qay\u011f\u0131ya g\u00f6r\u0259 minn\u0259tdarl\u0131qlar\u0131n\u0131 bildiribl\u0259r.<\/p>\n<p style=\"text-align: justify;\">\u00a0<b>Zerdab.com<\/b><\/p>\n<p style=\"text-align: justify;\"><img loading=\"lazy\" decoding=\"async\" class=\"aligncenter size-large wp-image-12236\" alt=\"Zerdab\" src=\"http:\/\/www.zerdab.com\/wp-content\/uploads\/2013\/09\/Zerdab-550x365.jpg\" width=\"550\" height=\"365\" \/><img loading=\"lazy\" decoding=\"async\" class=\"aligncenter size-large wp-image-12237\" alt=\"Zerdab\" src=\"http:\/\/www.zerdab.com\/wp-content\/uploads\/2013\/09\/Zerdab24-550x365.jpg\" width=\"550\" height=\"365\" \/><img loading=\"lazy\" decoding=\"async\" class=\"aligncenter size-large wp-image-12238\" alt=\"Zerdab\" src=\"http:\/\/www.zerdab.com\/wp-content\/uploads\/2013\/09\/Zerdab91-550x365.jpg\" width=\"550\" height=\"365\" \/><img loading=\"lazy\" decoding=\"async\" class=\"aligncenter size-large wp-image-12240\" alt=\"Zerdab\" src=\"http:\/\/www.zerdab.com\/wp-content\/uploads\/2013\/09\/Zerdab110-550x365.jpg\" width=\"550\" height=\"365\" \/><img loading=\"lazy\" decoding=\"async\" class=\"aligncenter size-large wp-image-12241\" alt=\"Zerdab\" src=\"http:\/\/www.zerdab.com\/wp-content\/uploads\/2013\/09\/Zerdab65-550x365.jpg\" width=\"550\" height=\"365\" \/><img loading=\"lazy\" decoding=\"async\" class=\"aligncenter size-large wp-image-12243\" alt=\"Zerdab\" src=\"http:\/\/www.zerdab.com\/wp-content\/uploads\/2013\/09\/Zerdab54-550x365.jpg\" width=\"550\" height=\"365\" \/><img loading=\"lazy\" decoding=\"async\" class=\"aligncenter size-large wp-image-12242\" alt=\"Zerdab\" src=\"http:\/\/www.zerdab.com\/wp-content\/uploads\/2013\/09\/Zerdab25-550x365.jpg\" width=\"550\" height=\"365\" \/><img loading=\"lazy\" decoding=\"async\" class=\"aligncenter size-large wp-image-12239\" alt=\"Zerdab\" src=\"http:\/\/www.zerdab.com\/wp-content\/uploads\/2013\/09\/Zerdab81-550x365.jpg\" width=\"550\" height=\"365\" \/><\/p>\n<p style=\"text-align: justify;\">Zerdab.com<\/p>\n","protected":false},"excerpt":{"rendered":"<p>Z\u0259rdab rayonunun D\u0259kk\u0259oba k\u0259ndin\u0259 mavi yanaca\u011f\u0131n verilm\u0259si m\u00fcnasib\u0259til\u0259 a\u00e7\u0131l\u0131\u015f m\u0259rasimi ke\u00e7irilib. Z\u0259rdab R\u0130HB Aparat\u0131n\u0131n informasiya t\u0259minat\u0131 v\u0259 t\u0259hlil sektorundan Zerdab.com-a veril\u0259n m\u0259lumata g\u00f6r\u0259, a\u00e7\u0131l\u0131\u015f m\u0259rasimind\u0259 Rayon \u0130cra Hakimiyy\u0259tinin ba\u015f\u00e7\u0131s\u0131 L\u00fctv\u0259li Babayev, \u201cAz\u0259riqaz\u201d \u0130stehsalat Birliyinin \u015f\u00f6b\u0259 r\u0259isi Araz A\u011fayev, k\u0259nd ictimaiyy\u0259ti, a\u011fsaqqallar i\u015ftirak edibl\u0259r. \u00a0T\u0259dbird\u0259 bildirilib ki, \u00fcmumilikd\u0259 288 abonenti olan k\u0259ndin qazla\u015fd\u0131r\u0131lmas\u0131 m\u0259qs\u0259dil\u0259 27600 p\/m [&hellip;]<\/p>\n","protected":false},"author":1,"featured_media":0,"comment_status":"open","ping_status":"open","sticky":false,"template":"","format":"standard","meta":{"footnotes":""},"categories":[21],"tags":[],"class_list":{"0":"post-12234","1":"post","2":"type-post","3":"status-publish","4":"format-standard","6":"category-zrdab"},"yoast_head":"<!-- This site is optimized with the Yoast SEO plugin v27.0 - https:\/\/yoast.com\/product\/yoast-seo-wordpress\/ -->\n<title>Z\u0259rdab rayonunun D\u0259kk\u0259oba k\u0259ndin\u0259 mavi yanacaq verildi - Fotolar - Z\u0259rdab.com<\/title>\n<meta name=\"robots\" content=\"index, follow, max-snippet:-1, max-image-preview:large, max-video-preview:-1\" \/>\n<link rel=\"canonical\" href=\"https:\/\/www.zerdab.com\/?p=12234\" \/>\n<meta property=\"og:locale\" content=\"az_AZ\" \/>\n<meta property=\"og:type\" content=\"article\" \/>\n<meta property=\"og:title\" content=\"Z\u0259rdab rayonunun D\u0259kk\u0259oba k\u0259ndin\u0259 mavi yanacaq verildi - Fotolar - Z\u0259rdab.com\" \/>\n<meta property=\"og:description\" content=\"Z\u0259rdab rayonunun D\u0259kk\u0259oba k\u0259ndin\u0259 mavi yanaca\u011f\u0131n verilm\u0259si m\u00fcnasib\u0259til\u0259 a\u00e7\u0131l\u0131\u015f m\u0259rasimi ke\u00e7irilib. Z\u0259rdab R\u0130HB Aparat\u0131n\u0131n informasiya t\u0259minat\u0131 v\u0259 t\u0259hlil sektorundan Zerdab.com-a veril\u0259n m\u0259lumata g\u00f6r\u0259, a\u00e7\u0131l\u0131\u015f m\u0259rasimind\u0259 Rayon \u0130cra Hakimiyy\u0259tinin ba\u015f\u00e7\u0131s\u0131 L\u00fctv\u0259li Babayev, \u201cAz\u0259riqaz\u201d \u0130stehsalat Birliyinin \u015f\u00f6b\u0259 r\u0259isi Araz A\u011fayev, k\u0259nd ictimaiyy\u0259ti, a\u011fsaqqallar i\u015ftirak edibl\u0259r. \u00a0T\u0259dbird\u0259 bildirilib ki, \u00fcmumilikd\u0259 288 abonenti olan k\u0259ndin qazla\u015fd\u0131r\u0131lmas\u0131 m\u0259qs\u0259dil\u0259 27600 p\/m [&hellip;]\" \/>\n<meta property=\"og:url\" content=\"https:\/\/www.zerdab.com\/?p=12234\" \/>\n<meta property=\"og:site_name\" content=\"Z\u0259rdab.com\" \/>\n<meta property=\"article:published_time\" content=\"2013-09-27T06:45:16+00:00\" \/>\n<meta property=\"article:modified_time\" content=\"2013-09-27T06:47:09+00:00\" \/>\n<meta property=\"og:image\" content=\"http:\/\/www.zerdab.com\/wp-content\/uploads\/2013\/09\/Zerdab73-550x365.jpg\" \/>\n<meta name=\"author\" content=\"admin\" \/>\n<meta name=\"twitter:card\" content=\"summary_large_image\" \/>\n<meta name=\"twitter:label1\" content=\"Written by\" \/>\n\t<meta name=\"twitter:data1\" content=\"admin\" \/>\n\t<meta name=\"twitter:label2\" content=\"Est. reading time\" \/>\n\t<meta name=\"twitter:data2\" content=\"2 minutes\" \/>\n<script type=\"application\/ld+json\" class=\"yoast-schema-graph\">{\"@context\":\"https:\/\/schema.org\",\"@graph\":[{\"@type\":\"Article\",\"@id\":\"https:\/\/www.zerdab.com\/?p=12234#article\",\"isPartOf\":{\"@id\":\"https:\/\/www.zerdab.com\/?p=12234\"},\"author\":{\"name\":\"admin\",\"@id\":\"https:\/\/www.zerdab.com\/#\/schema\/person\/97079b7570c1e89ec0d9e138c3672136\"},\"headline\":\"Z\u0259rdab rayonunun D\u0259kk\u0259oba k\u0259ndin\u0259 mavi yanacaq verildi &#8211; Fotolar\",\"datePublished\":\"2013-09-27T06:45:16+00:00\",\"dateModified\":\"2013-09-27T06:47:09+00:00\",\"mainEntityOfPage\":{\"@id\":\"https:\/\/www.zerdab.com\/?p=12234\"},\"wordCount\":353,\"commentCount\":2,\"image\":{\"@id\":\"https:\/\/www.zerdab.com\/?p=12234#primaryimage\"},\"thumbnailUrl\":\"http:\/\/www.zerdab.com\/wp-content\/uploads\/2013\/09\/Zerdab73-550x365.jpg\",\"articleSection\":[\"C\u018fM\u0130YY\u018fT\"],\"inLanguage\":\"az\",\"potentialAction\":[{\"@type\":\"CommentAction\",\"name\":\"Comment\",\"target\":[\"https:\/\/www.zerdab.com\/?p=12234#respond\"]}]},{\"@type\":\"WebPage\",\"@id\":\"https:\/\/www.zerdab.com\/?p=12234\",\"url\":\"https:\/\/www.zerdab.com\/?p=12234\",\"name\":\"Z\u0259rdab rayonunun D\u0259kk\u0259oba k\u0259ndin\u0259 mavi yanacaq verildi - Fotolar - Z\u0259rdab.com\",\"isPartOf\":{\"@id\":\"https:\/\/www.zerdab.com\/#website\"},\"primaryImageOfPage\":{\"@id\":\"https:\/\/www.zerdab.com\/?p=12234#primaryimage\"},\"image\":{\"@id\":\"https:\/\/www.zerdab.com\/?p=12234#primaryimage\"},\"thumbnailUrl\":\"http:\/\/www.zerdab.com\/wp-content\/uploads\/2013\/09\/Zerdab73-550x365.jpg\",\"datePublished\":\"2013-09-27T06:45:16+00:00\",\"dateModified\":\"2013-09-27T06:47:09+00:00\",\"author\":{\"@id\":\"https:\/\/www.zerdab.com\/#\/schema\/person\/97079b7570c1e89ec0d9e138c3672136\"},\"breadcrumb\":{\"@id\":\"https:\/\/www.zerdab.com\/?p=12234#breadcrumb\"},\"inLanguage\":\"az\",\"potentialAction\":[{\"@type\":\"ReadAction\",\"target\":[\"https:\/\/www.zerdab.com\/?p=12234\"]}]},{\"@type\":\"ImageObject\",\"inLanguage\":\"az\",\"@id\":\"https:\/\/www.zerdab.com\/?p=12234#primaryimage\",\"url\":\"\",\"contentUrl\":\"\"},{\"@type\":\"BreadcrumbList\",\"@id\":\"https:\/\/www.zerdab.com\/?p=12234#breadcrumb\",\"itemListElement\":[{\"@type\":\"ListItem\",\"position\":1,\"name\":\"Home\",\"item\":\"https:\/\/www.zerdab.com\/\"},{\"@type\":\"ListItem\",\"position\":2,\"name\":\"Z\u0259rdab rayonunun D\u0259kk\u0259oba k\u0259ndin\u0259 mavi yanacaq verildi &#8211; Fotolar\"}]},{\"@type\":\"WebSite\",\"@id\":\"https:\/\/www.zerdab.com\/#website\",\"url\":\"https:\/\/www.zerdab.com\/\",\"name\":\"Z\u0259rdab.com\",\"description\":\"\",\"potentialAction\":[{\"@type\":\"SearchAction\",\"target\":{\"@type\":\"EntryPoint\",\"urlTemplate\":\"https:\/\/www.zerdab.com\/?s={search_term_string}\"},\"query-input\":{\"@type\":\"PropertyValueSpecification\",\"valueRequired\":true,\"valueName\":\"search_term_string\"}}],\"inLanguage\":\"az\"},{\"@type\":\"Person\",\"@id\":\"https:\/\/www.zerdab.com\/#\/schema\/person\/97079b7570c1e89ec0d9e138c3672136\",\"name\":\"admin\",\"image\":{\"@type\":\"ImageObject\",\"inLanguage\":\"az\",\"@id\":\"https:\/\/www.zerdab.com\/#\/schema\/person\/image\/\",\"url\":\"https:\/\/secure.gravatar.com\/avatar\/d9c52a9a27c32119cb6679a077fa3e2779e5f822c451cbf01098004361d466ec?s=96&d=mm&r=g\",\"contentUrl\":\"https:\/\/secure.gravatar.com\/avatar\/d9c52a9a27c32119cb6679a077fa3e2779e5f822c451cbf01098004361d466ec?s=96&d=mm&r=g\",\"caption\":\"admin\"},\"url\":\"https:\/\/www.zerdab.com\/?author=1\"}]}<\/script>\n<!-- \/ Yoast SEO plugin. -->","yoast_head_json":{"title":"Z\u0259rdab rayonunun D\u0259kk\u0259oba k\u0259ndin\u0259 mavi yanacaq verildi - Fotolar - Z\u0259rdab.com","robots":{"index":"index","follow":"follow","max-snippet":"max-snippet:-1","max-image-preview":"max-image-preview:large","max-video-preview":"max-video-preview:-1"},"canonical":"https:\/\/www.zerdab.com\/?p=12234","og_locale":"az_AZ","og_type":"article","og_title":"Z\u0259rdab rayonunun D\u0259kk\u0259oba k\u0259ndin\u0259 mavi yanacaq verildi - Fotolar - Z\u0259rdab.com","og_description":"Z\u0259rdab rayonunun D\u0259kk\u0259oba k\u0259ndin\u0259 mavi yanaca\u011f\u0131n verilm\u0259si m\u00fcnasib\u0259til\u0259 a\u00e7\u0131l\u0131\u015f m\u0259rasimi ke\u00e7irilib. Z\u0259rdab R\u0130HB Aparat\u0131n\u0131n informasiya t\u0259minat\u0131 v\u0259 t\u0259hlil sektorundan Zerdab.com-a veril\u0259n m\u0259lumata g\u00f6r\u0259, a\u00e7\u0131l\u0131\u015f m\u0259rasimind\u0259 Rayon \u0130cra Hakimiyy\u0259tinin ba\u015f\u00e7\u0131s\u0131 L\u00fctv\u0259li Babayev, \u201cAz\u0259riqaz\u201d \u0130stehsalat Birliyinin \u015f\u00f6b\u0259 r\u0259isi Araz A\u011fayev, k\u0259nd ictimaiyy\u0259ti, a\u011fsaqqallar i\u015ftirak edibl\u0259r. \u00a0T\u0259dbird\u0259 bildirilib ki, \u00fcmumilikd\u0259 288 abonenti olan k\u0259ndin qazla\u015fd\u0131r\u0131lmas\u0131 m\u0259qs\u0259dil\u0259 27600 p\/m [&hellip;]","og_url":"https:\/\/www.zerdab.com\/?p=12234","og_site_name":"Z\u0259rdab.com","article_published_time":"2013-09-27T06:45:16+00:00","article_modified_time":"2013-09-27T06:47:09+00:00","og_image":[{"url":"http:\/\/www.zerdab.com\/wp-content\/uploads\/2013\/09\/Zerdab73-550x365.jpg","type":"","width":"","height":""}],"author":"admin","twitter_card":"summary_large_image","twitter_misc":{"Written by":"admin","Est. reading time":"2 minutes"},"schema":{"@context":"https:\/\/schema.org","@graph":[{"@type":"Article","@id":"https:\/\/www.zerdab.com\/?p=12234#article","isPartOf":{"@id":"https:\/\/www.zerdab.com\/?p=12234"},"author":{"name":"admin","@id":"https:\/\/www.zerdab.com\/#\/schema\/person\/97079b7570c1e89ec0d9e138c3672136"},"headline":"Z\u0259rdab rayonunun D\u0259kk\u0259oba k\u0259ndin\u0259 mavi yanacaq verildi &#8211; Fotolar","datePublished":"2013-09-27T06:45:16+00:00","dateModified":"2013-09-27T06:47:09+00:00","mainEntityOfPage":{"@id":"https:\/\/www.zerdab.com\/?p=12234"},"wordCount":353,"commentCount":2,"image":{"@id":"https:\/\/www.zerdab.com\/?p=12234#primaryimage"},"thumbnailUrl":"http:\/\/www.zerdab.com\/wp-content\/uploads\/2013\/09\/Zerdab73-550x365.jpg","articleSection":["C\u018fM\u0130YY\u018fT"],"inLanguage":"az","potentialAction":[{"@type":"CommentAction","name":"Comment","target":["https:\/\/www.zerdab.com\/?p=12234#respond"]}]},{"@type":"WebPage","@id":"https:\/\/www.zerdab.com\/?p=12234","url":"https:\/\/www.zerdab.com\/?p=12234","name":"Z\u0259rdab rayonunun D\u0259kk\u0259oba k\u0259ndin\u0259 mavi yanacaq verildi - Fotolar - Z\u0259rdab.com","isPartOf":{"@id":"https:\/\/www.zerdab.com\/#website"},"primaryImageOfPage":{"@id":"https:\/\/www.zerdab.com\/?p=12234#primaryimage"},"image":{"@id":"https:\/\/www.zerdab.com\/?p=12234#primaryimage"},"thumbnailUrl":"http:\/\/www.zerdab.com\/wp-content\/uploads\/2013\/09\/Zerdab73-550x365.jpg","datePublished":"2013-09-27T06:45:16+00:00","dateModified":"2013-09-27T06:47:09+00:00","author":{"@id":"https:\/\/www.zerdab.com\/#\/schema\/person\/97079b7570c1e89ec0d9e138c3672136"},"breadcrumb":{"@id":"https:\/\/www.zerdab.com\/?p=12234#breadcrumb"},"inLanguage":"az","potentialAction":[{"@type":"ReadAction","target":["https:\/\/www.zerdab.com\/?p=12234"]}]},{"@type":"ImageObject","inLanguage":"az","@id":"https:\/\/www.zerdab.com\/?p=12234#primaryimage","url":"","contentUrl":""},{"@type":"BreadcrumbList","@id":"https:\/\/www.zerdab.com\/?p=12234#breadcrumb","itemListElement":[{"@type":"ListItem","position":1,"name":"Home","item":"https:\/\/www.zerdab.com\/"},{"@type":"ListItem","position":2,"name":"Z\u0259rdab rayonunun D\u0259kk\u0259oba k\u0259ndin\u0259 mavi yanacaq verildi &#8211; Fotolar"}]},{"@type":"WebSite","@id":"https:\/\/www.zerdab.com\/#website","url":"https:\/\/www.zerdab.com\/","name":"Z\u0259rdab.com","description":"","potentialAction":[{"@type":"SearchAction","target":{"@type":"EntryPoint","urlTemplate":"https:\/\/www.zerdab.com\/?s={search_term_string}"},"query-input":{"@type":"PropertyValueSpecification","valueRequired":true,"valueName":"search_term_string"}}],"inLanguage":"az"},{"@type":"Person","@id":"https:\/\/www.zerdab.com\/#\/schema\/person\/97079b7570c1e89ec0d9e138c3672136","name":"admin","image":{"@type":"ImageObject","inLanguage":"az","@id":"https:\/\/www.zerdab.com\/#\/schema\/person\/image\/","url":"https:\/\/secure.gravatar.com\/avatar\/d9c52a9a27c32119cb6679a077fa3e2779e5f822c451cbf01098004361d466ec?s=96&d=mm&r=g","contentUrl":"https:\/\/secure.gravatar.com\/avatar\/d9c52a9a27c32119cb6679a077fa3e2779e5f822c451cbf01098004361d466ec?s=96&d=mm&r=g","caption":"admin"},"url":"https:\/\/www.zerdab.com\/?author=1"}]}},"_links":{"self":[{"href":"https:\/\/www.zerdab.com\/index.php?rest_route=\/wp\/v2\/posts\/12234","targetHints":{"allow":["GET"]}}],"collection":[{"href":"https:\/\/www.zerdab.com\/index.php?rest_route=\/wp\/v2\/posts"}],"about":[{"href":"https:\/\/www.zerdab.com\/index.php?rest_route=\/wp\/v2\/types\/post"}],"author":[{"embeddable":true,"href":"https:\/\/www.zerdab.com\/index.php?rest_route=\/wp\/v2\/users\/1"}],"replies":[{"embeddable":true,"href":"https:\/\/www.zerdab.com\/index.php?rest_route=%2Fwp%2Fv2%2Fcomments&post=12234"}],"version-history":[{"count":4,"href":"https:\/\/www.zerdab.com\/index.php?rest_route=\/wp\/v2\/posts\/12234\/revisions"}],"predecessor-version":[{"id":12246,"href":"https:\/\/www.zerdab.com\/index.php?rest_route=\/wp\/v2\/posts\/12234\/revisions\/12246"}],"wp:attachment":[{"href":"https:\/\/www.zerdab.com\/index.php?rest_route=%2Fwp%2Fv2%2Fmedia&parent=12234"}],"wp:term":[{"taxonomy":"category","embeddable":true,"href":"https:\/\/www.zerdab.com\/index.php?rest_route=%2Fwp%2Fv2%2Fcategories&post=12234"},{"taxonomy":"post_tag","embeddable":true,"href":"https:\/\/www.zerdab.com\/index.php?rest_route=%2Fwp%2Fv2%2Ftags&post=12234"}],"curies":[{"name":"wp","href":"https:\/\/api.w.org\/{rel}","templated":true}]}}