{"id":1228,"date":"2012-04-16T16:10:08","date_gmt":"2012-04-16T11:10:08","guid":{"rendered":"http:\/\/www.zerdab.com\/?p=1228"},"modified":"2012-04-16T16:13:36","modified_gmt":"2012-04-16T11:13:36","slug":"eurovision-2012-nin-aparicilarinin-adi-aciqlanib","status":"publish","type":"post","link":"https:\/\/www.zerdab.com\/?p=1228","title":{"rendered":"&#8220;Eurovision-2012&#8221;-nin apar\u0131c\u0131lar\u0131n\u0131n adlar\u0131 a\u00e7\u0131qlan\u0131b"},"content":{"rendered":"<p><strong><a href=\"http:\/\/www.zerdab.com\/wp-content\/uploads\/2012\/04\/Eurovisionun-aparicilari-160412-2.jpg\"><img loading=\"lazy\" decoding=\"async\" class=\"alignleft size-full wp-image-1229\" title=\"Eurovisionun aparicilari 160412 2\" src=\"http:\/\/www.zerdab.com\/wp-content\/uploads\/2012\/04\/Eurovisionun-aparicilari-160412-2.jpg\" alt=\"\" width=\"635\" height=\"475\" \/><\/a>Az\u0259rbaycan\u0131n ev sahibliyi etdiyi \u00abEurovision-2012\u00bb mahn\u0131 m\u00fcsabiq\u0259sinin apar\u0131c\u0131la\u0131n\u0131n ad\u0131 a\u00e7\u0131qlan\u0131b.<\/strong> <a href=\"http:\/\/www.apa.az\/\">www.zerdab.com sayt\u0131n\u0131n APA<\/a>-ya istinad\u0259n yayd\u0131\u011f\u0131 m\u0259lumata g\u00f6r\u0259, may\u0131n 22-si, 24-\u00fc v\u0259 26-da ba\u015f tutacaq bu m\u00fcsabiq\u0259nin apar\u0131c\u0131lar\u0131 s\u0131ras\u0131nda \u00f6t\u0259n il Az\u0259rbaycana qalibiyy\u0259t g\u0259tir\u0259n Eldar Qas\u0131mov da var. \u018fn\u0259n\u0259vi olaraq \u015founu aparmaq \u00fc\u00e7\u00fcn \u00fc\u00e7 apar\u0131c\u0131 se\u00e7ilib. Dig\u0259r apar\u0131c\u0131lar \u0130ctimai Televiziya v\u0259 Radio Yay\u0131mlar\u0131 \u015eirk\u0259tinin \u0259m\u0259kda\u015f\u0131 Leyla \u018fliyeva v\u0259 N\u0259rgiz Birk-Petersendir. Qeyd ed\u0259k ki, <strong>\u201cEurovision-2012\u201d mahn\u0131 m\u00fcsabiq\u0259sinin ke\u00e7iril\u0259c\u0259yi \u201cBaku Crystal Hall\u201d \u015fou \u00fc\u00e7\u00fcn t\u0259hvil verilib. <\/strong>Bu bar\u0259d\u0259 Heyd\u0259r \u018fliyev Fondunun vitse-prezidenti Anar \u018fl\u0259kb\u0259rov v\u0259 \u201cEurovision-2012\u201d i\u015f\u00e7i qrupunun r\u0259hb\u0259ri Adil K\u0259rimli t\u0259r\u0259find\u0259n ke\u00e7iril\u0259n m\u0259tbuat konfrans\u0131nda m\u0259lumat verilib. M\u0259tbuat konfrans\u0131nda bildirilib ki, 2012-ci il yanvar\u0131n 25-d\u0259 tikintisin\u0259 ba\u015flanan bu m\u0259kan 25 min tama\u015fa\u00e7\u0131 tutumuna malikdir. M\u00fcsabiq\u0259 zaman\u0131 is\u0259 20 min tama\u015fa\u00e7\u0131 q\u0259bul olunacaq. Tikintini h\u0259yata ke\u00e7ir\u0259n \u015firk\u0259t art\u0131q salonu \u015founu haz\u0131rlayacaq \u201cBrainpoll\u201d \u015firk\u0259tin\u0259 t\u0259hvil verib. Bu g\u00fcnd\u0259n etibar\u0259n \u015founun haz\u0131rl\u0131qlar\u0131na ba\u015flan\u0131l\u0131b. Zalda 80 min i\u015f\u0131q diodu, 2500-d\u0259n art\u0131q proyektor v\u0259 Avropada ilk d\u0259f\u0259 h\u0259r\u0259k\u0259tli i\u015f\u0131qlardan istifad\u0259 olunacaq.<\/p>\n","protected":false},"excerpt":{"rendered":"<p>Az\u0259rbaycan\u0131n ev sahibliyi etdiyi \u00abEurovision-2012\u00bb mahn\u0131 m\u00fcsabiq\u0259sinin apar\u0131c\u0131la\u0131n\u0131n ad\u0131 a\u00e7\u0131qlan\u0131b. www.zerdab.com sayt\u0131n\u0131n APA-ya istinad\u0259n yayd\u0131\u011f\u0131 m\u0259lumata g\u00f6r\u0259, may\u0131n 22-si, 24-\u00fc v\u0259 26-da ba\u015f tutacaq bu m\u00fcsabiq\u0259nin apar\u0131c\u0131lar\u0131 s\u0131ras\u0131nda \u00f6t\u0259n il Az\u0259rbaycana qalibiyy\u0259t g\u0259tir\u0259n Eldar Qas\u0131mov da var. \u018fn\u0259n\u0259vi olaraq \u015founu aparmaq \u00fc\u00e7\u00fcn \u00fc\u00e7 apar\u0131c\u0131 se\u00e7ilib. Dig\u0259r apar\u0131c\u0131lar \u0130ctimai Televiziya v\u0259 Radio Yay\u0131mlar\u0131 \u015eirk\u0259tinin \u0259m\u0259kda\u015f\u0131 Leyla [&hellip;]<\/p>\n","protected":false},"author":1,"featured_media":0,"comment_status":"open","ping_status":"open","sticky":false,"template":"","format":"standard","meta":{"footnotes":""},"categories":[5],"tags":[],"class_list":{"0":"post-1228","1":"post","2":"type-post","3":"status-publish","4":"format-standard","6":"category-knd"},"yoast_head":"<!-- This site is optimized with the Yoast SEO plugin v27.0 - https:\/\/yoast.com\/product\/yoast-seo-wordpress\/ -->\n<title>&quot;Eurovision-2012&quot;-nin apar\u0131c\u0131lar\u0131n\u0131n adlar\u0131 a\u00e7\u0131qlan\u0131b - Z\u0259rdab.com<\/title>\n<meta name=\"robots\" content=\"index, follow, max-snippet:-1, max-image-preview:large, max-video-preview:-1\" \/>\n<link rel=\"canonical\" href=\"https:\/\/www.zerdab.com\/?p=1228\" \/>\n<meta property=\"og:locale\" content=\"az_AZ\" \/>\n<meta property=\"og:type\" content=\"article\" \/>\n<meta property=\"og:title\" content=\"&quot;Eurovision-2012&quot;-nin apar\u0131c\u0131lar\u0131n\u0131n adlar\u0131 a\u00e7\u0131qlan\u0131b - Z\u0259rdab.com\" \/>\n<meta property=\"og:description\" content=\"Az\u0259rbaycan\u0131n ev sahibliyi etdiyi \u00abEurovision-2012\u00bb mahn\u0131 m\u00fcsabiq\u0259sinin apar\u0131c\u0131la\u0131n\u0131n ad\u0131 a\u00e7\u0131qlan\u0131b. www.zerdab.com sayt\u0131n\u0131n APA-ya istinad\u0259n yayd\u0131\u011f\u0131 m\u0259lumata g\u00f6r\u0259, may\u0131n 22-si, 24-\u00fc v\u0259 26-da ba\u015f tutacaq bu m\u00fcsabiq\u0259nin apar\u0131c\u0131lar\u0131 s\u0131ras\u0131nda \u00f6t\u0259n il Az\u0259rbaycana qalibiyy\u0259t g\u0259tir\u0259n Eldar Qas\u0131mov da var. \u018fn\u0259n\u0259vi olaraq \u015founu aparmaq \u00fc\u00e7\u00fcn \u00fc\u00e7 apar\u0131c\u0131 se\u00e7ilib. Dig\u0259r apar\u0131c\u0131lar \u0130ctimai Televiziya v\u0259 Radio Yay\u0131mlar\u0131 \u015eirk\u0259tinin \u0259m\u0259kda\u015f\u0131 Leyla [&hellip;]\" \/>\n<meta property=\"og:url\" content=\"https:\/\/www.zerdab.com\/?p=1228\" \/>\n<meta property=\"og:site_name\" content=\"Z\u0259rdab.com\" \/>\n<meta property=\"article:published_time\" content=\"2012-04-16T11:10:08+00:00\" \/>\n<meta property=\"article:modified_time\" content=\"2012-04-16T11:13:36+00:00\" \/>\n<meta property=\"og:image\" content=\"http:\/\/www.zerdab.com\/wp-content\/uploads\/2012\/04\/Eurovisionun-aparicilari-160412-2.jpg\" \/>\n<meta name=\"author\" content=\"admin\" \/>\n<meta name=\"twitter:card\" content=\"summary_large_image\" \/>\n<meta name=\"twitter:label1\" content=\"Written by\" \/>\n\t<meta name=\"twitter:data1\" content=\"admin\" \/>\n\t<meta name=\"twitter:label2\" content=\"Est. reading time\" \/>\n\t<meta name=\"twitter:data2\" content=\"1 minute\" \/>\n<script type=\"application\/ld+json\" class=\"yoast-schema-graph\">{\"@context\":\"https:\/\/schema.org\",\"@graph\":[{\"@type\":\"Article\",\"@id\":\"https:\/\/www.zerdab.com\/?p=1228#article\",\"isPartOf\":{\"@id\":\"https:\/\/www.zerdab.com\/?p=1228\"},\"author\":{\"name\":\"admin\",\"@id\":\"https:\/\/www.zerdab.com\/#\/schema\/person\/97079b7570c1e89ec0d9e138c3672136\"},\"headline\":\"&#8220;Eurovision-2012&#8221;-nin apar\u0131c\u0131lar\u0131n\u0131n adlar\u0131 a\u00e7\u0131qlan\u0131b\",\"datePublished\":\"2012-04-16T11:10:08+00:00\",\"dateModified\":\"2012-04-16T11:13:36+00:00\",\"mainEntityOfPage\":{\"@id\":\"https:\/\/www.zerdab.com\/?p=1228\"},\"wordCount\":258,\"commentCount\":0,\"image\":{\"@id\":\"https:\/\/www.zerdab.com\/?p=1228#primaryimage\"},\"thumbnailUrl\":\"http:\/\/www.zerdab.com\/wp-content\/uploads\/2012\/04\/Eurovisionun-aparicilari-160412-2.jpg\",\"articleSection\":[\"X\u018fB\u018fRL\u018fR\"],\"inLanguage\":\"az\",\"potentialAction\":[{\"@type\":\"CommentAction\",\"name\":\"Comment\",\"target\":[\"https:\/\/www.zerdab.com\/?p=1228#respond\"]}]},{\"@type\":\"WebPage\",\"@id\":\"https:\/\/www.zerdab.com\/?p=1228\",\"url\":\"https:\/\/www.zerdab.com\/?p=1228\",\"name\":\"\\\"Eurovision-2012\\\"-nin apar\u0131c\u0131lar\u0131n\u0131n adlar\u0131 a\u00e7\u0131qlan\u0131b - Z\u0259rdab.com\",\"isPartOf\":{\"@id\":\"https:\/\/www.zerdab.com\/#website\"},\"primaryImageOfPage\":{\"@id\":\"https:\/\/www.zerdab.com\/?p=1228#primaryimage\"},\"image\":{\"@id\":\"https:\/\/www.zerdab.com\/?p=1228#primaryimage\"},\"thumbnailUrl\":\"http:\/\/www.zerdab.com\/wp-content\/uploads\/2012\/04\/Eurovisionun-aparicilari-160412-2.jpg\",\"datePublished\":\"2012-04-16T11:10:08+00:00\",\"dateModified\":\"2012-04-16T11:13:36+00:00\",\"author\":{\"@id\":\"https:\/\/www.zerdab.com\/#\/schema\/person\/97079b7570c1e89ec0d9e138c3672136\"},\"breadcrumb\":{\"@id\":\"https:\/\/www.zerdab.com\/?p=1228#breadcrumb\"},\"inLanguage\":\"az\",\"potentialAction\":[{\"@type\":\"ReadAction\",\"target\":[\"https:\/\/www.zerdab.com\/?p=1228\"]}]},{\"@type\":\"ImageObject\",\"inLanguage\":\"az\",\"@id\":\"https:\/\/www.zerdab.com\/?p=1228#primaryimage\",\"url\":\"http:\/\/www.zerdab.com\/wp-content\/uploads\/2012\/04\/Eurovisionun-aparicilari-160412-2.jpg\",\"contentUrl\":\"http:\/\/www.zerdab.com\/wp-content\/uploads\/2012\/04\/Eurovisionun-aparicilari-160412-2.jpg\"},{\"@type\":\"BreadcrumbList\",\"@id\":\"https:\/\/www.zerdab.com\/?p=1228#breadcrumb\",\"itemListElement\":[{\"@type\":\"ListItem\",\"position\":1,\"name\":\"Home\",\"item\":\"https:\/\/www.zerdab.com\/\"},{\"@type\":\"ListItem\",\"position\":2,\"name\":\"&#8220;Eurovision-2012&#8221;-nin apar\u0131c\u0131lar\u0131n\u0131n adlar\u0131 a\u00e7\u0131qlan\u0131b\"}]},{\"@type\":\"WebSite\",\"@id\":\"https:\/\/www.zerdab.com\/#website\",\"url\":\"https:\/\/www.zerdab.com\/\",\"name\":\"Z\u0259rdab.com\",\"description\":\"\",\"potentialAction\":[{\"@type\":\"SearchAction\",\"target\":{\"@type\":\"EntryPoint\",\"urlTemplate\":\"https:\/\/www.zerdab.com\/?s={search_term_string}\"},\"query-input\":{\"@type\":\"PropertyValueSpecification\",\"valueRequired\":true,\"valueName\":\"search_term_string\"}}],\"inLanguage\":\"az\"},{\"@type\":\"Person\",\"@id\":\"https:\/\/www.zerdab.com\/#\/schema\/person\/97079b7570c1e89ec0d9e138c3672136\",\"name\":\"admin\",\"image\":{\"@type\":\"ImageObject\",\"inLanguage\":\"az\",\"@id\":\"https:\/\/www.zerdab.com\/#\/schema\/person\/image\/\",\"url\":\"https:\/\/secure.gravatar.com\/avatar\/d9c52a9a27c32119cb6679a077fa3e2779e5f822c451cbf01098004361d466ec?s=96&d=mm&r=g\",\"contentUrl\":\"https:\/\/secure.gravatar.com\/avatar\/d9c52a9a27c32119cb6679a077fa3e2779e5f822c451cbf01098004361d466ec?s=96&d=mm&r=g\",\"caption\":\"admin\"},\"url\":\"https:\/\/www.zerdab.com\/?author=1\"}]}<\/script>\n<!-- \/ Yoast SEO plugin. -->","yoast_head_json":{"title":"\"Eurovision-2012\"-nin apar\u0131c\u0131lar\u0131n\u0131n adlar\u0131 a\u00e7\u0131qlan\u0131b - Z\u0259rdab.com","robots":{"index":"index","follow":"follow","max-snippet":"max-snippet:-1","max-image-preview":"max-image-preview:large","max-video-preview":"max-video-preview:-1"},"canonical":"https:\/\/www.zerdab.com\/?p=1228","og_locale":"az_AZ","og_type":"article","og_title":"\"Eurovision-2012\"-nin apar\u0131c\u0131lar\u0131n\u0131n adlar\u0131 a\u00e7\u0131qlan\u0131b - Z\u0259rdab.com","og_description":"Az\u0259rbaycan\u0131n ev sahibliyi etdiyi \u00abEurovision-2012\u00bb mahn\u0131 m\u00fcsabiq\u0259sinin apar\u0131c\u0131la\u0131n\u0131n ad\u0131 a\u00e7\u0131qlan\u0131b. www.zerdab.com sayt\u0131n\u0131n APA-ya istinad\u0259n yayd\u0131\u011f\u0131 m\u0259lumata g\u00f6r\u0259, may\u0131n 22-si, 24-\u00fc v\u0259 26-da ba\u015f tutacaq bu m\u00fcsabiq\u0259nin apar\u0131c\u0131lar\u0131 s\u0131ras\u0131nda \u00f6t\u0259n il Az\u0259rbaycana qalibiyy\u0259t g\u0259tir\u0259n Eldar Qas\u0131mov da var. \u018fn\u0259n\u0259vi olaraq \u015founu aparmaq \u00fc\u00e7\u00fcn \u00fc\u00e7 apar\u0131c\u0131 se\u00e7ilib. Dig\u0259r apar\u0131c\u0131lar \u0130ctimai Televiziya v\u0259 Radio Yay\u0131mlar\u0131 \u015eirk\u0259tinin \u0259m\u0259kda\u015f\u0131 Leyla [&hellip;]","og_url":"https:\/\/www.zerdab.com\/?p=1228","og_site_name":"Z\u0259rdab.com","article_published_time":"2012-04-16T11:10:08+00:00","article_modified_time":"2012-04-16T11:13:36+00:00","og_image":[{"url":"http:\/\/www.zerdab.com\/wp-content\/uploads\/2012\/04\/Eurovisionun-aparicilari-160412-2.jpg","type":"","width":"","height":""}],"author":"admin","twitter_card":"summary_large_image","twitter_misc":{"Written by":"admin","Est. reading time":"1 minute"},"schema":{"@context":"https:\/\/schema.org","@graph":[{"@type":"Article","@id":"https:\/\/www.zerdab.com\/?p=1228#article","isPartOf":{"@id":"https:\/\/www.zerdab.com\/?p=1228"},"author":{"name":"admin","@id":"https:\/\/www.zerdab.com\/#\/schema\/person\/97079b7570c1e89ec0d9e138c3672136"},"headline":"&#8220;Eurovision-2012&#8221;-nin apar\u0131c\u0131lar\u0131n\u0131n adlar\u0131 a\u00e7\u0131qlan\u0131b","datePublished":"2012-04-16T11:10:08+00:00","dateModified":"2012-04-16T11:13:36+00:00","mainEntityOfPage":{"@id":"https:\/\/www.zerdab.com\/?p=1228"},"wordCount":258,"commentCount":0,"image":{"@id":"https:\/\/www.zerdab.com\/?p=1228#primaryimage"},"thumbnailUrl":"http:\/\/www.zerdab.com\/wp-content\/uploads\/2012\/04\/Eurovisionun-aparicilari-160412-2.jpg","articleSection":["X\u018fB\u018fRL\u018fR"],"inLanguage":"az","potentialAction":[{"@type":"CommentAction","name":"Comment","target":["https:\/\/www.zerdab.com\/?p=1228#respond"]}]},{"@type":"WebPage","@id":"https:\/\/www.zerdab.com\/?p=1228","url":"https:\/\/www.zerdab.com\/?p=1228","name":"\"Eurovision-2012\"-nin apar\u0131c\u0131lar\u0131n\u0131n adlar\u0131 a\u00e7\u0131qlan\u0131b - Z\u0259rdab.com","isPartOf":{"@id":"https:\/\/www.zerdab.com\/#website"},"primaryImageOfPage":{"@id":"https:\/\/www.zerdab.com\/?p=1228#primaryimage"},"image":{"@id":"https:\/\/www.zerdab.com\/?p=1228#primaryimage"},"thumbnailUrl":"http:\/\/www.zerdab.com\/wp-content\/uploads\/2012\/04\/Eurovisionun-aparicilari-160412-2.jpg","datePublished":"2012-04-16T11:10:08+00:00","dateModified":"2012-04-16T11:13:36+00:00","author":{"@id":"https:\/\/www.zerdab.com\/#\/schema\/person\/97079b7570c1e89ec0d9e138c3672136"},"breadcrumb":{"@id":"https:\/\/www.zerdab.com\/?p=1228#breadcrumb"},"inLanguage":"az","potentialAction":[{"@type":"ReadAction","target":["https:\/\/www.zerdab.com\/?p=1228"]}]},{"@type":"ImageObject","inLanguage":"az","@id":"https:\/\/www.zerdab.com\/?p=1228#primaryimage","url":"http:\/\/www.zerdab.com\/wp-content\/uploads\/2012\/04\/Eurovisionun-aparicilari-160412-2.jpg","contentUrl":"http:\/\/www.zerdab.com\/wp-content\/uploads\/2012\/04\/Eurovisionun-aparicilari-160412-2.jpg"},{"@type":"BreadcrumbList","@id":"https:\/\/www.zerdab.com\/?p=1228#breadcrumb","itemListElement":[{"@type":"ListItem","position":1,"name":"Home","item":"https:\/\/www.zerdab.com\/"},{"@type":"ListItem","position":2,"name":"&#8220;Eurovision-2012&#8221;-nin apar\u0131c\u0131lar\u0131n\u0131n adlar\u0131 a\u00e7\u0131qlan\u0131b"}]},{"@type":"WebSite","@id":"https:\/\/www.zerdab.com\/#website","url":"https:\/\/www.zerdab.com\/","name":"Z\u0259rdab.com","description":"","potentialAction":[{"@type":"SearchAction","target":{"@type":"EntryPoint","urlTemplate":"https:\/\/www.zerdab.com\/?s={search_term_string}"},"query-input":{"@type":"PropertyValueSpecification","valueRequired":true,"valueName":"search_term_string"}}],"inLanguage":"az"},{"@type":"Person","@id":"https:\/\/www.zerdab.com\/#\/schema\/person\/97079b7570c1e89ec0d9e138c3672136","name":"admin","image":{"@type":"ImageObject","inLanguage":"az","@id":"https:\/\/www.zerdab.com\/#\/schema\/person\/image\/","url":"https:\/\/secure.gravatar.com\/avatar\/d9c52a9a27c32119cb6679a077fa3e2779e5f822c451cbf01098004361d466ec?s=96&d=mm&r=g","contentUrl":"https:\/\/secure.gravatar.com\/avatar\/d9c52a9a27c32119cb6679a077fa3e2779e5f822c451cbf01098004361d466ec?s=96&d=mm&r=g","caption":"admin"},"url":"https:\/\/www.zerdab.com\/?author=1"}]}},"_links":{"self":[{"href":"https:\/\/www.zerdab.com\/index.php?rest_route=\/wp\/v2\/posts\/1228","targetHints":{"allow":["GET"]}}],"collection":[{"href":"https:\/\/www.zerdab.com\/index.php?rest_route=\/wp\/v2\/posts"}],"about":[{"href":"https:\/\/www.zerdab.com\/index.php?rest_route=\/wp\/v2\/types\/post"}],"author":[{"embeddable":true,"href":"https:\/\/www.zerdab.com\/index.php?rest_route=\/wp\/v2\/users\/1"}],"replies":[{"embeddable":true,"href":"https:\/\/www.zerdab.com\/index.php?rest_route=%2Fwp%2Fv2%2Fcomments&post=1228"}],"version-history":[{"count":4,"href":"https:\/\/www.zerdab.com\/index.php?rest_route=\/wp\/v2\/posts\/1228\/revisions"}],"predecessor-version":[{"id":1233,"href":"https:\/\/www.zerdab.com\/index.php?rest_route=\/wp\/v2\/posts\/1228\/revisions\/1233"}],"wp:attachment":[{"href":"https:\/\/www.zerdab.com\/index.php?rest_route=%2Fwp%2Fv2%2Fmedia&parent=1228"}],"wp:term":[{"taxonomy":"category","embeddable":true,"href":"https:\/\/www.zerdab.com\/index.php?rest_route=%2Fwp%2Fv2%2Fcategories&post=1228"},{"taxonomy":"post_tag","embeddable":true,"href":"https:\/\/www.zerdab.com\/index.php?rest_route=%2Fwp%2Fv2%2Ftags&post=1228"}],"curies":[{"name":"wp","href":"https:\/\/api.w.org\/{rel}","templated":true}]}}