{"id":12358,"date":"2013-10-03T08:00:13","date_gmt":"2013-10-03T03:00:13","guid":{"rendered":"http:\/\/www.zerdab.com\/?p=12358"},"modified":"2013-10-02T23:33:42","modified_gmt":"2013-10-02T18:33:42","slug":"z%c9%99rdab-rayonunda-qeyri-adi-t%c9%99bi%c9%99t-hadis%c9%99si-fotolar","status":"publish","type":"post","link":"https:\/\/www.zerdab.com\/?p=12358","title":{"rendered":"Z\u0259rdab rayonunda qeyri-adi t\u0259bi\u0259t hadis\u0259si &#8211; Fotolar"},"content":{"rendered":"<p><span style=\"color: #000000;\"><strong><img loading=\"lazy\" decoding=\"async\" class=\"aligncenter size-large wp-image-12360\" alt=\"Z\u0259rdab rayonu\" src=\"http:\/\/www.zerdab.com\/wp-content\/uploads\/2013\/10\/DSC_0067-550x366.jpg\" width=\"550\" height=\"366\" \/>Bu g\u00fcnl\u0259rd\u0259 Az\u0259rbaycan\u0131n Z\u0259rdab rayonunda qeyri-adi t\u0259bi\u0259t hadis\u0259si ba\u015f verib.<\/strong><\/span> Bel\u0259 ki, sentyabr ay\u0131n\u0131n 23-d\u0259 Z\u0259rdab rayonunun A\u015fa\u011f\u0131 Seyidl\u0259r k\u0259ndin\u0259 leysan ya\u011fark\u0259n bu, k\u0259ndd\u0259n k\u0259nar \u0259razil\u0259rd\u0259 bir q\u0259d\u0259r q\u0259rib\u0259 m\u0259nz\u0259r\u0259 il\u0259 yadda qal\u0131b. Bu t\u0259bi\u0259t hadis\u0259si bir q\u0259d\u0259r tornado xortumuna b\u0259nz\u0259s\u0259 d\u0259, he\u00e7 bir xo\u015fag\u0259lm\u0259z hadis\u0259 ba\u015f verm\u0259yib. \u018fksin\u0259, uzun m\u00fcdd\u0259t yadda\u015flarda qalacaq t\u0259bi\u0259t m\u0259nz\u0259r\u0259si canlan\u0131b. H\u0259min an \u0259sl\u0259n bu k\u0259ndd\u0259n olan &#8220;\u00c7empion&#8221; q\u0259zetinin redaktoru Ruslan Sad\u0131qov bu g\u00f6z\u0259l m\u0259nz\u0259r\u0259ni fotoaparat\u0131n yadda\u015f\u0131na k\u00f6\u00e7\u00fcr\u00fcb. Ruslan Sad\u0131qov h\u0259min fotolar\u0131 Zerdab.com sayt\u0131na g\u00f6nd\u0259rib. \u018fg\u0259r sizd\u0259 d\u0259 maraql\u0131 fotolar varsa, nicat_i@yahoo.com emailin\u0259 g\u00f6nd\u0259r\u0259 bil\u0259rsiniz.<\/p>\n<p><strong>Zerdab.com\u00a0<img loading=\"lazy\" decoding=\"async\" class=\"aligncenter size-large wp-image-12364\" alt=\"Z\u0259rdab rayonu\" src=\"http:\/\/www.zerdab.com\/wp-content\/uploads\/2013\/10\/DSC_00611-550x366.jpg\" width=\"550\" height=\"366\" \/><\/strong><\/p>\n<p><img loading=\"lazy\" decoding=\"async\" class=\"aligncenter size-large wp-image-12361\" alt=\"Z\u0259rdab rayonu\" src=\"http:\/\/www.zerdab.com\/wp-content\/uploads\/2013\/10\/DSC_0049-550x366.jpg\" width=\"550\" height=\"366\" \/><img loading=\"lazy\" decoding=\"async\" class=\"aligncenter size-large wp-image-12362\" alt=\"Z\u0259rdab rayonu\" src=\"http:\/\/www.zerdab.com\/wp-content\/uploads\/2013\/10\/DSC_0061-550x366.jpg\" width=\"550\" height=\"366\" \/><img loading=\"lazy\" decoding=\"async\" class=\"aligncenter size-large wp-image-12361\" alt=\"Z\u0259rdab rayonu\" src=\"http:\/\/www.zerdab.com\/wp-content\/uploads\/2013\/10\/DSC_0049-550x366.jpg\" width=\"550\" height=\"366\" \/><img loading=\"lazy\" decoding=\"async\" class=\"aligncenter size-large wp-image-12368\" alt=\"Z\u0259rdab rayonu\" src=\"http:\/\/www.zerdab.com\/wp-content\/uploads\/2013\/10\/DSC_0056-550x366.jpg\" width=\"550\" height=\"366\" \/><img loading=\"lazy\" decoding=\"async\" class=\"aligncenter size-large wp-image-12360\" alt=\"Z\u0259rdab rayonu\" src=\"http:\/\/www.zerdab.com\/wp-content\/uploads\/2013\/10\/DSC_0067-550x366.jpg\" width=\"550\" height=\"366\" \/><\/p>\n","protected":false},"excerpt":{"rendered":"<p>Bu g\u00fcnl\u0259rd\u0259 Az\u0259rbaycan\u0131n Z\u0259rdab rayonunda qeyri-adi t\u0259bi\u0259t hadis\u0259si ba\u015f verib. Bel\u0259 ki, sentyabr ay\u0131n\u0131n 23-d\u0259 Z\u0259rdab rayonunun A\u015fa\u011f\u0131 Seyidl\u0259r k\u0259ndin\u0259 leysan ya\u011fark\u0259n bu, k\u0259ndd\u0259n k\u0259nar \u0259razil\u0259rd\u0259 bir q\u0259d\u0259r q\u0259rib\u0259 m\u0259nz\u0259r\u0259 il\u0259 yadda qal\u0131b. Bu t\u0259bi\u0259t hadis\u0259si bir q\u0259d\u0259r tornado xortumuna b\u0259nz\u0259s\u0259 d\u0259, he\u00e7 bir xo\u015fag\u0259lm\u0259z hadis\u0259 ba\u015f verm\u0259yib. \u018fksin\u0259, uzun m\u00fcdd\u0259t yadda\u015flarda qalacaq t\u0259bi\u0259t m\u0259nz\u0259r\u0259si [&hellip;]<\/p>\n","protected":false},"author":1,"featured_media":0,"comment_status":"open","ping_status":"open","sticky":false,"template":"","format":"standard","meta":{"footnotes":""},"categories":[21],"tags":[],"class_list":{"0":"post-12358","1":"post","2":"type-post","3":"status-publish","4":"format-standard","6":"category-zrdab"},"yoast_head":"<!-- This site is optimized with the Yoast SEO plugin v27.0 - https:\/\/yoast.com\/product\/yoast-seo-wordpress\/ -->\n<title>Z\u0259rdab rayonunda qeyri-adi t\u0259bi\u0259t hadis\u0259si - Fotolar   - Z\u0259rdab.com<\/title>\n<meta name=\"robots\" content=\"index, follow, max-snippet:-1, max-image-preview:large, max-video-preview:-1\" \/>\n<link rel=\"canonical\" href=\"https:\/\/www.zerdab.com\/?p=12358\" \/>\n<meta property=\"og:locale\" content=\"az_AZ\" \/>\n<meta property=\"og:type\" content=\"article\" \/>\n<meta property=\"og:title\" content=\"Z\u0259rdab rayonunda qeyri-adi t\u0259bi\u0259t hadis\u0259si - Fotolar   - Z\u0259rdab.com\" \/>\n<meta property=\"og:description\" content=\"Bu g\u00fcnl\u0259rd\u0259 Az\u0259rbaycan\u0131n Z\u0259rdab rayonunda qeyri-adi t\u0259bi\u0259t hadis\u0259si ba\u015f verib. Bel\u0259 ki, sentyabr ay\u0131n\u0131n 23-d\u0259 Z\u0259rdab rayonunun A\u015fa\u011f\u0131 Seyidl\u0259r k\u0259ndin\u0259 leysan ya\u011fark\u0259n bu, k\u0259ndd\u0259n k\u0259nar \u0259razil\u0259rd\u0259 bir q\u0259d\u0259r q\u0259rib\u0259 m\u0259nz\u0259r\u0259 il\u0259 yadda qal\u0131b. Bu t\u0259bi\u0259t hadis\u0259si bir q\u0259d\u0259r tornado xortumuna b\u0259nz\u0259s\u0259 d\u0259, he\u00e7 bir xo\u015fag\u0259lm\u0259z hadis\u0259 ba\u015f verm\u0259yib. \u018fksin\u0259, uzun m\u00fcdd\u0259t yadda\u015flarda qalacaq t\u0259bi\u0259t m\u0259nz\u0259r\u0259si [&hellip;]\" \/>\n<meta property=\"og:url\" content=\"https:\/\/www.zerdab.com\/?p=12358\" \/>\n<meta property=\"og:site_name\" content=\"Z\u0259rdab.com\" \/>\n<meta property=\"article:published_time\" content=\"2013-10-03T03:00:13+00:00\" \/>\n<meta property=\"og:image\" content=\"http:\/\/www.zerdab.com\/wp-content\/uploads\/2013\/10\/DSC_0067-550x366.jpg\" \/>\n<meta name=\"author\" content=\"admin\" \/>\n<meta name=\"twitter:card\" content=\"summary_large_image\" \/>\n<meta name=\"twitter:label1\" content=\"Written by\" \/>\n\t<meta name=\"twitter:data1\" content=\"admin\" \/>\n\t<meta name=\"twitter:label2\" content=\"Est. reading time\" \/>\n\t<meta name=\"twitter:data2\" content=\"1 minute\" \/>\n<script type=\"application\/ld+json\" class=\"yoast-schema-graph\">{\"@context\":\"https:\/\/schema.org\",\"@graph\":[{\"@type\":\"Article\",\"@id\":\"https:\/\/www.zerdab.com\/?p=12358#article\",\"isPartOf\":{\"@id\":\"https:\/\/www.zerdab.com\/?p=12358\"},\"author\":{\"name\":\"admin\",\"@id\":\"https:\/\/www.zerdab.com\/#\/schema\/person\/97079b7570c1e89ec0d9e138c3672136\"},\"headline\":\"Z\u0259rdab rayonunda qeyri-adi t\u0259bi\u0259t hadis\u0259si &#8211; Fotolar\",\"datePublished\":\"2013-10-03T03:00:13+00:00\",\"mainEntityOfPage\":{\"@id\":\"https:\/\/www.zerdab.com\/?p=12358\"},\"wordCount\":177,\"commentCount\":0,\"image\":{\"@id\":\"https:\/\/www.zerdab.com\/?p=12358#primaryimage\"},\"thumbnailUrl\":\"http:\/\/www.zerdab.com\/wp-content\/uploads\/2013\/10\/DSC_0067-550x366.jpg\",\"articleSection\":[\"C\u018fM\u0130YY\u018fT\"],\"inLanguage\":\"az\",\"potentialAction\":[{\"@type\":\"CommentAction\",\"name\":\"Comment\",\"target\":[\"https:\/\/www.zerdab.com\/?p=12358#respond\"]}]},{\"@type\":\"WebPage\",\"@id\":\"https:\/\/www.zerdab.com\/?p=12358\",\"url\":\"https:\/\/www.zerdab.com\/?p=12358\",\"name\":\"Z\u0259rdab rayonunda qeyri-adi t\u0259bi\u0259t hadis\u0259si - Fotolar - Z\u0259rdab.com\",\"isPartOf\":{\"@id\":\"https:\/\/www.zerdab.com\/#website\"},\"primaryImageOfPage\":{\"@id\":\"https:\/\/www.zerdab.com\/?p=12358#primaryimage\"},\"image\":{\"@id\":\"https:\/\/www.zerdab.com\/?p=12358#primaryimage\"},\"thumbnailUrl\":\"http:\/\/www.zerdab.com\/wp-content\/uploads\/2013\/10\/DSC_0067-550x366.jpg\",\"datePublished\":\"2013-10-03T03:00:13+00:00\",\"author\":{\"@id\":\"https:\/\/www.zerdab.com\/#\/schema\/person\/97079b7570c1e89ec0d9e138c3672136\"},\"breadcrumb\":{\"@id\":\"https:\/\/www.zerdab.com\/?p=12358#breadcrumb\"},\"inLanguage\":\"az\",\"potentialAction\":[{\"@type\":\"ReadAction\",\"target\":[\"https:\/\/www.zerdab.com\/?p=12358\"]}]},{\"@type\":\"ImageObject\",\"inLanguage\":\"az\",\"@id\":\"https:\/\/www.zerdab.com\/?p=12358#primaryimage\",\"url\":\"\",\"contentUrl\":\"\"},{\"@type\":\"BreadcrumbList\",\"@id\":\"https:\/\/www.zerdab.com\/?p=12358#breadcrumb\",\"itemListElement\":[{\"@type\":\"ListItem\",\"position\":1,\"name\":\"Home\",\"item\":\"https:\/\/www.zerdab.com\/\"},{\"@type\":\"ListItem\",\"position\":2,\"name\":\"Z\u0259rdab rayonunda qeyri-adi t\u0259bi\u0259t hadis\u0259si &#8211; Fotolar\"}]},{\"@type\":\"WebSite\",\"@id\":\"https:\/\/www.zerdab.com\/#website\",\"url\":\"https:\/\/www.zerdab.com\/\",\"name\":\"Z\u0259rdab.com\",\"description\":\"\",\"potentialAction\":[{\"@type\":\"SearchAction\",\"target\":{\"@type\":\"EntryPoint\",\"urlTemplate\":\"https:\/\/www.zerdab.com\/?s={search_term_string}\"},\"query-input\":{\"@type\":\"PropertyValueSpecification\",\"valueRequired\":true,\"valueName\":\"search_term_string\"}}],\"inLanguage\":\"az\"},{\"@type\":\"Person\",\"@id\":\"https:\/\/www.zerdab.com\/#\/schema\/person\/97079b7570c1e89ec0d9e138c3672136\",\"name\":\"admin\",\"image\":{\"@type\":\"ImageObject\",\"inLanguage\":\"az\",\"@id\":\"https:\/\/www.zerdab.com\/#\/schema\/person\/image\/\",\"url\":\"https:\/\/secure.gravatar.com\/avatar\/d9c52a9a27c32119cb6679a077fa3e2779e5f822c451cbf01098004361d466ec?s=96&d=mm&r=g\",\"contentUrl\":\"https:\/\/secure.gravatar.com\/avatar\/d9c52a9a27c32119cb6679a077fa3e2779e5f822c451cbf01098004361d466ec?s=96&d=mm&r=g\",\"caption\":\"admin\"},\"url\":\"https:\/\/www.zerdab.com\/?author=1\"}]}<\/script>\n<!-- \/ Yoast SEO plugin. -->","yoast_head_json":{"title":"Z\u0259rdab rayonunda qeyri-adi t\u0259bi\u0259t hadis\u0259si - Fotolar   - Z\u0259rdab.com","robots":{"index":"index","follow":"follow","max-snippet":"max-snippet:-1","max-image-preview":"max-image-preview:large","max-video-preview":"max-video-preview:-1"},"canonical":"https:\/\/www.zerdab.com\/?p=12358","og_locale":"az_AZ","og_type":"article","og_title":"Z\u0259rdab rayonunda qeyri-adi t\u0259bi\u0259t hadis\u0259si - Fotolar   - Z\u0259rdab.com","og_description":"Bu g\u00fcnl\u0259rd\u0259 Az\u0259rbaycan\u0131n Z\u0259rdab rayonunda qeyri-adi t\u0259bi\u0259t hadis\u0259si ba\u015f verib. Bel\u0259 ki, sentyabr ay\u0131n\u0131n 23-d\u0259 Z\u0259rdab rayonunun A\u015fa\u011f\u0131 Seyidl\u0259r k\u0259ndin\u0259 leysan ya\u011fark\u0259n bu, k\u0259ndd\u0259n k\u0259nar \u0259razil\u0259rd\u0259 bir q\u0259d\u0259r q\u0259rib\u0259 m\u0259nz\u0259r\u0259 il\u0259 yadda qal\u0131b. Bu t\u0259bi\u0259t hadis\u0259si bir q\u0259d\u0259r tornado xortumuna b\u0259nz\u0259s\u0259 d\u0259, he\u00e7 bir xo\u015fag\u0259lm\u0259z hadis\u0259 ba\u015f verm\u0259yib. \u018fksin\u0259, uzun m\u00fcdd\u0259t yadda\u015flarda qalacaq t\u0259bi\u0259t m\u0259nz\u0259r\u0259si [&hellip;]","og_url":"https:\/\/www.zerdab.com\/?p=12358","og_site_name":"Z\u0259rdab.com","article_published_time":"2013-10-03T03:00:13+00:00","og_image":[{"url":"http:\/\/www.zerdab.com\/wp-content\/uploads\/2013\/10\/DSC_0067-550x366.jpg","type":"","width":"","height":""}],"author":"admin","twitter_card":"summary_large_image","twitter_misc":{"Written by":"admin","Est. reading time":"1 minute"},"schema":{"@context":"https:\/\/schema.org","@graph":[{"@type":"Article","@id":"https:\/\/www.zerdab.com\/?p=12358#article","isPartOf":{"@id":"https:\/\/www.zerdab.com\/?p=12358"},"author":{"name":"admin","@id":"https:\/\/www.zerdab.com\/#\/schema\/person\/97079b7570c1e89ec0d9e138c3672136"},"headline":"Z\u0259rdab rayonunda qeyri-adi t\u0259bi\u0259t hadis\u0259si &#8211; Fotolar","datePublished":"2013-10-03T03:00:13+00:00","mainEntityOfPage":{"@id":"https:\/\/www.zerdab.com\/?p=12358"},"wordCount":177,"commentCount":0,"image":{"@id":"https:\/\/www.zerdab.com\/?p=12358#primaryimage"},"thumbnailUrl":"http:\/\/www.zerdab.com\/wp-content\/uploads\/2013\/10\/DSC_0067-550x366.jpg","articleSection":["C\u018fM\u0130YY\u018fT"],"inLanguage":"az","potentialAction":[{"@type":"CommentAction","name":"Comment","target":["https:\/\/www.zerdab.com\/?p=12358#respond"]}]},{"@type":"WebPage","@id":"https:\/\/www.zerdab.com\/?p=12358","url":"https:\/\/www.zerdab.com\/?p=12358","name":"Z\u0259rdab rayonunda qeyri-adi t\u0259bi\u0259t hadis\u0259si - Fotolar - Z\u0259rdab.com","isPartOf":{"@id":"https:\/\/www.zerdab.com\/#website"},"primaryImageOfPage":{"@id":"https:\/\/www.zerdab.com\/?p=12358#primaryimage"},"image":{"@id":"https:\/\/www.zerdab.com\/?p=12358#primaryimage"},"thumbnailUrl":"http:\/\/www.zerdab.com\/wp-content\/uploads\/2013\/10\/DSC_0067-550x366.jpg","datePublished":"2013-10-03T03:00:13+00:00","author":{"@id":"https:\/\/www.zerdab.com\/#\/schema\/person\/97079b7570c1e89ec0d9e138c3672136"},"breadcrumb":{"@id":"https:\/\/www.zerdab.com\/?p=12358#breadcrumb"},"inLanguage":"az","potentialAction":[{"@type":"ReadAction","target":["https:\/\/www.zerdab.com\/?p=12358"]}]},{"@type":"ImageObject","inLanguage":"az","@id":"https:\/\/www.zerdab.com\/?p=12358#primaryimage","url":"","contentUrl":""},{"@type":"BreadcrumbList","@id":"https:\/\/www.zerdab.com\/?p=12358#breadcrumb","itemListElement":[{"@type":"ListItem","position":1,"name":"Home","item":"https:\/\/www.zerdab.com\/"},{"@type":"ListItem","position":2,"name":"Z\u0259rdab rayonunda qeyri-adi t\u0259bi\u0259t hadis\u0259si &#8211; Fotolar"}]},{"@type":"WebSite","@id":"https:\/\/www.zerdab.com\/#website","url":"https:\/\/www.zerdab.com\/","name":"Z\u0259rdab.com","description":"","potentialAction":[{"@type":"SearchAction","target":{"@type":"EntryPoint","urlTemplate":"https:\/\/www.zerdab.com\/?s={search_term_string}"},"query-input":{"@type":"PropertyValueSpecification","valueRequired":true,"valueName":"search_term_string"}}],"inLanguage":"az"},{"@type":"Person","@id":"https:\/\/www.zerdab.com\/#\/schema\/person\/97079b7570c1e89ec0d9e138c3672136","name":"admin","image":{"@type":"ImageObject","inLanguage":"az","@id":"https:\/\/www.zerdab.com\/#\/schema\/person\/image\/","url":"https:\/\/secure.gravatar.com\/avatar\/d9c52a9a27c32119cb6679a077fa3e2779e5f822c451cbf01098004361d466ec?s=96&d=mm&r=g","contentUrl":"https:\/\/secure.gravatar.com\/avatar\/d9c52a9a27c32119cb6679a077fa3e2779e5f822c451cbf01098004361d466ec?s=96&d=mm&r=g","caption":"admin"},"url":"https:\/\/www.zerdab.com\/?author=1"}]}},"_links":{"self":[{"href":"https:\/\/www.zerdab.com\/index.php?rest_route=\/wp\/v2\/posts\/12358","targetHints":{"allow":["GET"]}}],"collection":[{"href":"https:\/\/www.zerdab.com\/index.php?rest_route=\/wp\/v2\/posts"}],"about":[{"href":"https:\/\/www.zerdab.com\/index.php?rest_route=\/wp\/v2\/types\/post"}],"author":[{"embeddable":true,"href":"https:\/\/www.zerdab.com\/index.php?rest_route=\/wp\/v2\/users\/1"}],"replies":[{"embeddable":true,"href":"https:\/\/www.zerdab.com\/index.php?rest_route=%2Fwp%2Fv2%2Fcomments&post=12358"}],"version-history":[{"count":7,"href":"https:\/\/www.zerdab.com\/index.php?rest_route=\/wp\/v2\/posts\/12358\/revisions"}],"predecessor-version":[{"id":12395,"href":"https:\/\/www.zerdab.com\/index.php?rest_route=\/wp\/v2\/posts\/12358\/revisions\/12395"}],"wp:attachment":[{"href":"https:\/\/www.zerdab.com\/index.php?rest_route=%2Fwp%2Fv2%2Fmedia&parent=12358"}],"wp:term":[{"taxonomy":"category","embeddable":true,"href":"https:\/\/www.zerdab.com\/index.php?rest_route=%2Fwp%2Fv2%2Fcategories&post=12358"},{"taxonomy":"post_tag","embeddable":true,"href":"https:\/\/www.zerdab.com\/index.php?rest_route=%2Fwp%2Fv2%2Ftags&post=12358"}],"curies":[{"name":"wp","href":"https:\/\/api.w.org\/{rel}","templated":true}]}}