{"id":12371,"date":"2013-10-02T20:11:16","date_gmt":"2013-10-02T15:11:16","guid":{"rendered":"http:\/\/www.zerdab.com\/?p=12371"},"modified":"2013-10-02T20:21:33","modified_gmt":"2013-10-02T15:21:33","slug":"z%c9%99rdabda-yap-in-namiz%c9%99di-ilham-%c9%99liyevin-t%c9%99bligati-ugurla-davam-edir-fotolar","status":"publish","type":"post","link":"https:\/\/www.zerdab.com\/?p=12371","title":{"rendered":"Z\u0259rdabda YAP-\u0131n namiz\u0259di \u0130lham \u018fliyevin t\u0259bli\u011fat\u0131 u\u011furla davam edir &#8211; Foto"},"content":{"rendered":"<p><span style=\"color: #000000;\"><strong><img loading=\"lazy\" decoding=\"async\" class=\"aligncenter size-large wp-image-12381\" alt=\"Jal\u0259 \u018fliyeva\" src=\"http:\/\/www.zerdab.com\/wp-content\/uploads\/2013\/10\/YAP-Zerdab8-550x412.jpg\" width=\"550\" height=\"412\" \/>Z\u0259rdab rayonunda Yeni Az\u0259rbaycan Partiyas\u0131n\u0131n (YAP) prezidentliy\u0259 namiz\u0259di \u0130lham \u018fliyevin t\u0259bli\u011fat\u0131 davam edir.<\/strong><\/span> Oktyabr\u0131n 2-d\u0259 rayonda t\u0259hsil sah\u0259sind\u0259 \u00e7al\u0131\u015fan se\u00e7icil\u0259rl\u0259 g\u00f6r\u00fc\u015f ke\u00e7irilib. Bu bar\u0259d\u0259 Zerdab.com sayt\u0131na\u00a0YAP Z\u0259rdab rayon t\u0259\u015fkilat\u0131ndan m\u0259lumat verilib. G\u00f6r\u00fc\u015f Rayon M\u0259d\u0259niyy\u0259t evinin iclas zal\u0131nda ke\u00e7irilib. G\u00f6r\u00fc\u015f\u00fc giri\u015f s\u00f6z\u00fc il\u0259 a\u00e7an YAP Z\u0259rdab rayon t\u0259\u015fkilat\u0131n\u0131n s\u0259dri P\u0259rvin Mahmudova \u00f6lk\u0259mizin \u00e7ox m\u00fch\u00fcm siyasi kampaniya, n\u00f6vb\u0259ti Prezident se\u00e7kil\u0259ri \u0259r\u0259f\u0259sind\u0259 oldu\u011funu bildirib. Yeni Az\u0259rbaycan Partiyas\u0131n\u0131n v\u0259 Az\u0259rbaycan xalq\u0131n\u0131n m\u00fctl\u0259q \u0259ks\u0259riyy\u0259tinin vahid namiz\u0259di \u0130lham \u018fliyevin son 10 ild\u0259 h\u0259yata ke\u00e7irdiyi u\u011furlu siyas\u0259tin parlaq n\u0259tic\u0259l\u0259rind\u0259n, xalq\u0131n y\u00fcks\u0259l\u0259n sosial rifah\u0131ndan, d\u00f6vl\u0259timizin beyn\u0259lxalq al\u0259md\u0259 artan n\u00fcfuzundan v\u0259 m\u00f6vqeyind\u0259n, qar\u015f\u0131da duran perspektivl\u0259rd\u0259n dan\u0131\u015fan P\u0259rvin Mahmudova Z\u0259rdab se\u00e7icil\u0259rinin \u00f6z vahid, layiqli namiz\u0259dinin q\u0259l\u0259b\u0259sin\u0259 \u0259minliyini diqq\u0259t\u0259 \u00e7atd\u0131r\u0131b. O bildirib ki, Z\u0259rdabl\u0131lar\u0131n b\u00f6y\u00fck \u0259ks\u0259riyy\u0259ti birm\u0259nal\u0131 \u015f\u0259kild\u0259 \u0130lham \u018fliyevin h\u0259yata ke\u00e7irdiyi siyasi kursu d\u0259st\u0259kl\u0259yir, onun g\u0259l\u0259c\u0259kd\u0259 d\u0259 davam etdirilm\u0259sini z\u0259ruri say\u0131r, bu g\u00fcn \u00f6lk\u0259d\u0259 ona alternativ g\u00f6rm\u00fcr.<\/p>\n<p>P\u0259rvin Mahmudova deyib: &#8220;\u018fg\u0259r biz c\u0259nab \u0130lham \u018fliyevin r\u0259hb\u0259rliyi alt\u0131nda \u00f6lk\u0259mizin \u0259ld\u0259 etdiyi nailiyy\u0259tl\u0259ri, beyn\u0259lxalq n\u00fcfuzunu, \u0259hali aras\u0131nda ke\u00e7irilmi\u015f sosioloji sor\u011fular\u0131n n\u0259tic\u0259sini (87,93 %), habel\u0259 \u00f6lk\u0259nin \u0259n b\u00f6y\u00fck v\u0259 n\u00fcfuzlu siyasi t\u0259\u015fkilat\u0131 olan Yeni Az\u0259rbaycan Partiyas\u0131na r\u0259hb\u0259rlik etdiyini n\u0259z\u0259r\u0259 alsaq, Prezident se\u00e7kil\u0259rinin n\u0259tic\u0259sini g\u00f6rm\u0259k \u00e7\u0259tin olmaz &#8211; se\u00e7icil\u0259rin m\u00fctl\u0259q \u0259ks\u0259riyy\u0259ti \u00f6z s\u0259sl\u0259rini c\u0259nab \u0130lham \u018fliyev\u0259 ver\u0259c\u0259kdir&#8221;.<\/p>\n<p>G\u00f6r\u00fc\u015fd\u0259 Yeni Az\u0259rbaycan Partiyas\u0131n\u0131n namiz\u0259di \u0130lham \u018fliyevin se\u00e7ki q\u0259rargah\u0131n\u0131n \u00fczvl\u0259ri, Milli M\u0259clisin deputat\u0131, filologiya elml\u0259r doktoru, professor Jal\u0259 \u018fliyeva, \u018fm\u0259kdar elm xadimi, tibb elml\u0259ri doktoru, professor \u0130sa \u0130sayev, iqtisad elml\u0259ri doktoru, professor Dam\u0259t Ba\u011f\u0131rov \u00e7\u0131x\u0131\u015f edibl\u0259r.<\/p>\n<p>Se\u00e7icil\u0259r ad\u0131ndan G\u0259lm\u0259 k\u0259nd orta m\u0259kt\u0259bin direktoru G\u00fclaga \u0130sg\u0259nd\u0259rov, K\u00f6rp\u00fck\u0259nd k\u0259nd orta m\u0259kt\u0259bin direktoru R\u00fcxsar\u0259 Eminova \u00e7\u0131x\u0131\u015f ed\u0259r\u0259k Z\u0259rdab ziyal\u0131lar\u0131n\u0131n, t\u0259hsil i\u015f\u00e7il\u0259rinin, YAP-\u0131n vahid namiz\u0259di \u0130lham \u018fliyevi d\u0259st\u0259kl\u0259dikl\u0259rini bildiribl\u0259r v\u0259 b\u00fct\u00fcn se\u00e7icil\u0259ri layiqli namiz\u0259d\u0259 c\u0259nab \u0130lham \u018fliyev\u0259 s\u0259s verm\u0259y\u0259 \u00e7a\u011f\u0131r\u0131blar. T\u0259dbir \u0130lham \u018fliyevin q\u0259l\u0259b\u0259sin\u0259 \u00e7a\u011f\u0131ran \u015f\u00fcarlar, se\u00e7icil\u0259rin s\u00fcr\u0259kli alq\u0131\u015f-s\u0259dalar\u0131 il\u0259 m\u00fc\u015fay\u0259t olunub.<\/p>\n<p>Zerdab.com<\/p>\n<p><img loading=\"lazy\" decoding=\"async\" class=\"aligncenter size-large wp-image-12380\" alt=\"YAP Z\u0259rdab rayon t\u0259\u015fkilat\u0131\" src=\"http:\/\/www.zerdab.com\/wp-content\/uploads\/2013\/10\/YAP-Zerdab7-550x412.jpg\" width=\"550\" height=\"412\" \/><img loading=\"lazy\" decoding=\"async\" class=\"aligncenter size-large wp-image-12379\" alt=\"YAP Z\u0259rdab rayon t\u0259\u015fkilat\u0131\" src=\"http:\/\/www.zerdab.com\/wp-content\/uploads\/2013\/10\/YAP-Zerdab6-550x412.jpg\" width=\"550\" height=\"412\" \/><img loading=\"lazy\" decoding=\"async\" class=\"aligncenter size-large wp-image-12382\" alt=\"YAP Z\u0259rdab rayon t\u0259\u015fkilat\u0131\" src=\"http:\/\/www.zerdab.com\/wp-content\/uploads\/2013\/10\/YAP-Zerdab9-550x412.jpg\" width=\"550\" height=\"412\" \/><img loading=\"lazy\" decoding=\"async\" class=\"aligncenter size-large wp-image-12384\" alt=\"YAP Z\u0259rdab rayon t\u0259\u015fkilat\u0131\" src=\"http:\/\/www.zerdab.com\/wp-content\/uploads\/2013\/10\/YAP-Zerdab11-550x412.jpg\" width=\"550\" height=\"412\" \/><img loading=\"lazy\" decoding=\"async\" class=\"aligncenter size-large wp-image-12383\" alt=\"YAP Z\u0259rdab rayon t\u0259\u015fkilat\u0131\" src=\"http:\/\/www.zerdab.com\/wp-content\/uploads\/2013\/10\/YAP-Zerdab10-550x412.jpg\" width=\"550\" height=\"412\" \/><img loading=\"lazy\" decoding=\"async\" class=\"aligncenter size-large wp-image-12378\" alt=\"YAP Z\u0259rdab rayon t\u0259\u015fkilat\u0131\" src=\"http:\/\/www.zerdab.com\/wp-content\/uploads\/2013\/10\/YAP-Zerdab5-550x412.jpg\" width=\"550\" height=\"412\" \/><img loading=\"lazy\" decoding=\"async\" class=\"aligncenter size-large wp-image-12377\" alt=\"YAP Z\u0259rdab rayon t\u0259\u015fkilat\u0131\" src=\"http:\/\/www.zerdab.com\/wp-content\/uploads\/2013\/10\/YAP-Zerdab4-550x412.jpg\" width=\"550\" height=\"412\" \/><img loading=\"lazy\" decoding=\"async\" class=\"aligncenter size-large wp-image-12376\" alt=\"YAP Z\u0259rdab rayon t\u0259\u015fkilat\u0131\" src=\"http:\/\/www.zerdab.com\/wp-content\/uploads\/2013\/10\/YAP-Zerdab31-550x412.jpg\" width=\"550\" height=\"412\" \/><img loading=\"lazy\" decoding=\"async\" class=\"aligncenter size-large wp-image-12374\" alt=\"YAP Z\u0259rdab rayon t\u0259\u015fkilat\u0131\" src=\"http:\/\/www.zerdab.com\/wp-content\/uploads\/2013\/10\/YAP-Zerdab2-550x412.jpg\" width=\"550\" height=\"412\" \/><img loading=\"lazy\" decoding=\"async\" class=\"aligncenter size-large wp-image-12373\" alt=\"YAP Z\u0259rdab rayon t\u0259\u015fkilat\u0131\" src=\"http:\/\/www.zerdab.com\/wp-content\/uploads\/2013\/10\/YAP-Zerdab1-550x412.jpg\" width=\"550\" height=\"412\" \/><\/p>\n","protected":false},"excerpt":{"rendered":"<p>Z\u0259rdab rayonunda Yeni Az\u0259rbaycan Partiyas\u0131n\u0131n (YAP) prezidentliy\u0259 namiz\u0259di \u0130lham \u018fliyevin t\u0259bli\u011fat\u0131 davam edir. Oktyabr\u0131n 2-d\u0259 rayonda t\u0259hsil sah\u0259sind\u0259 \u00e7al\u0131\u015fan se\u00e7icil\u0259rl\u0259 g\u00f6r\u00fc\u015f ke\u00e7irilib. Bu bar\u0259d\u0259 Zerdab.com sayt\u0131na\u00a0YAP Z\u0259rdab rayon t\u0259\u015fkilat\u0131ndan m\u0259lumat verilib. G\u00f6r\u00fc\u015f Rayon M\u0259d\u0259niyy\u0259t evinin iclas zal\u0131nda ke\u00e7irilib. G\u00f6r\u00fc\u015f\u00fc giri\u015f s\u00f6z\u00fc il\u0259 a\u00e7an YAP Z\u0259rdab rayon t\u0259\u015fkilat\u0131n\u0131n s\u0259dri P\u0259rvin Mahmudova \u00f6lk\u0259mizin \u00e7ox m\u00fch\u00fcm siyasi kampaniya, [&hellip;]<\/p>\n","protected":false},"author":1,"featured_media":0,"comment_status":"open","ping_status":"open","sticky":false,"template":"","format":"standard","meta":{"footnotes":""},"categories":[5],"tags":[],"class_list":{"0":"post-12371","1":"post","2":"type-post","3":"status-publish","4":"format-standard","6":"category-knd"},"yoast_head":"<!-- This site is optimized with the Yoast SEO plugin v27.0 - https:\/\/yoast.com\/product\/yoast-seo-wordpress\/ -->\n<title>Z\u0259rdabda YAP-\u0131n namiz\u0259di \u0130lham \u018fliyevin t\u0259bli\u011fat\u0131 u\u011furla davam edir - Foto - Z\u0259rdab.com<\/title>\n<meta name=\"robots\" content=\"index, follow, max-snippet:-1, max-image-preview:large, max-video-preview:-1\" \/>\n<link rel=\"canonical\" href=\"https:\/\/www.zerdab.com\/?p=12371\" \/>\n<meta property=\"og:locale\" content=\"az_AZ\" \/>\n<meta property=\"og:type\" content=\"article\" \/>\n<meta property=\"og:title\" content=\"Z\u0259rdabda YAP-\u0131n namiz\u0259di \u0130lham \u018fliyevin t\u0259bli\u011fat\u0131 u\u011furla davam edir - Foto - Z\u0259rdab.com\" \/>\n<meta property=\"og:description\" content=\"Z\u0259rdab rayonunda Yeni Az\u0259rbaycan Partiyas\u0131n\u0131n (YAP) prezidentliy\u0259 namiz\u0259di \u0130lham \u018fliyevin t\u0259bli\u011fat\u0131 davam edir. Oktyabr\u0131n 2-d\u0259 rayonda t\u0259hsil sah\u0259sind\u0259 \u00e7al\u0131\u015fan se\u00e7icil\u0259rl\u0259 g\u00f6r\u00fc\u015f ke\u00e7irilib. Bu bar\u0259d\u0259 Zerdab.com sayt\u0131na\u00a0YAP Z\u0259rdab rayon t\u0259\u015fkilat\u0131ndan m\u0259lumat verilib. G\u00f6r\u00fc\u015f Rayon M\u0259d\u0259niyy\u0259t evinin iclas zal\u0131nda ke\u00e7irilib. G\u00f6r\u00fc\u015f\u00fc giri\u015f s\u00f6z\u00fc il\u0259 a\u00e7an YAP Z\u0259rdab rayon t\u0259\u015fkilat\u0131n\u0131n s\u0259dri P\u0259rvin Mahmudova \u00f6lk\u0259mizin \u00e7ox m\u00fch\u00fcm siyasi kampaniya, [&hellip;]\" \/>\n<meta property=\"og:url\" content=\"https:\/\/www.zerdab.com\/?p=12371\" \/>\n<meta property=\"og:site_name\" content=\"Z\u0259rdab.com\" \/>\n<meta property=\"article:published_time\" content=\"2013-10-02T15:11:16+00:00\" \/>\n<meta property=\"article:modified_time\" content=\"2013-10-02T15:21:33+00:00\" \/>\n<meta property=\"og:image\" content=\"http:\/\/www.zerdab.com\/wp-content\/uploads\/2013\/10\/YAP-Zerdab8-550x412.jpg\" \/>\n<meta name=\"author\" content=\"admin\" \/>\n<meta name=\"twitter:card\" content=\"summary_large_image\" \/>\n<meta name=\"twitter:label1\" content=\"Written by\" \/>\n\t<meta name=\"twitter:data1\" content=\"admin\" \/>\n\t<meta name=\"twitter:label2\" content=\"Est. reading time\" \/>\n\t<meta name=\"twitter:data2\" content=\"3 minutes\" \/>\n<script type=\"application\/ld+json\" class=\"yoast-schema-graph\">{\"@context\":\"https:\/\/schema.org\",\"@graph\":[{\"@type\":\"Article\",\"@id\":\"https:\/\/www.zerdab.com\/?p=12371#article\",\"isPartOf\":{\"@id\":\"https:\/\/www.zerdab.com\/?p=12371\"},\"author\":{\"name\":\"admin\",\"@id\":\"https:\/\/www.zerdab.com\/#\/schema\/person\/97079b7570c1e89ec0d9e138c3672136\"},\"headline\":\"Z\u0259rdabda YAP-\u0131n namiz\u0259di \u0130lham \u018fliyevin t\u0259bli\u011fat\u0131 u\u011furla davam edir &#8211; Foto\",\"datePublished\":\"2013-10-02T15:11:16+00:00\",\"dateModified\":\"2013-10-02T15:21:33+00:00\",\"mainEntityOfPage\":{\"@id\":\"https:\/\/www.zerdab.com\/?p=12371\"},\"wordCount\":534,\"commentCount\":0,\"image\":{\"@id\":\"https:\/\/www.zerdab.com\/?p=12371#primaryimage\"},\"thumbnailUrl\":\"http:\/\/www.zerdab.com\/wp-content\/uploads\/2013\/10\/YAP-Zerdab8-550x412.jpg\",\"articleSection\":[\"X\u018fB\u018fRL\u018fR\"],\"inLanguage\":\"az\",\"potentialAction\":[{\"@type\":\"CommentAction\",\"name\":\"Comment\",\"target\":[\"https:\/\/www.zerdab.com\/?p=12371#respond\"]}]},{\"@type\":\"WebPage\",\"@id\":\"https:\/\/www.zerdab.com\/?p=12371\",\"url\":\"https:\/\/www.zerdab.com\/?p=12371\",\"name\":\"Z\u0259rdabda YAP-\u0131n namiz\u0259di \u0130lham \u018fliyevin t\u0259bli\u011fat\u0131 u\u011furla davam edir - Foto - Z\u0259rdab.com\",\"isPartOf\":{\"@id\":\"https:\/\/www.zerdab.com\/#website\"},\"primaryImageOfPage\":{\"@id\":\"https:\/\/www.zerdab.com\/?p=12371#primaryimage\"},\"image\":{\"@id\":\"https:\/\/www.zerdab.com\/?p=12371#primaryimage\"},\"thumbnailUrl\":\"http:\/\/www.zerdab.com\/wp-content\/uploads\/2013\/10\/YAP-Zerdab8-550x412.jpg\",\"datePublished\":\"2013-10-02T15:11:16+00:00\",\"dateModified\":\"2013-10-02T15:21:33+00:00\",\"author\":{\"@id\":\"https:\/\/www.zerdab.com\/#\/schema\/person\/97079b7570c1e89ec0d9e138c3672136\"},\"breadcrumb\":{\"@id\":\"https:\/\/www.zerdab.com\/?p=12371#breadcrumb\"},\"inLanguage\":\"az\",\"potentialAction\":[{\"@type\":\"ReadAction\",\"target\":[\"https:\/\/www.zerdab.com\/?p=12371\"]}]},{\"@type\":\"ImageObject\",\"inLanguage\":\"az\",\"@id\":\"https:\/\/www.zerdab.com\/?p=12371#primaryimage\",\"url\":\"\",\"contentUrl\":\"\"},{\"@type\":\"BreadcrumbList\",\"@id\":\"https:\/\/www.zerdab.com\/?p=12371#breadcrumb\",\"itemListElement\":[{\"@type\":\"ListItem\",\"position\":1,\"name\":\"Home\",\"item\":\"https:\/\/www.zerdab.com\/\"},{\"@type\":\"ListItem\",\"position\":2,\"name\":\"Z\u0259rdabda YAP-\u0131n namiz\u0259di \u0130lham \u018fliyevin t\u0259bli\u011fat\u0131 u\u011furla davam edir &#8211; Foto\"}]},{\"@type\":\"WebSite\",\"@id\":\"https:\/\/www.zerdab.com\/#website\",\"url\":\"https:\/\/www.zerdab.com\/\",\"name\":\"Z\u0259rdab.com\",\"description\":\"\",\"potentialAction\":[{\"@type\":\"SearchAction\",\"target\":{\"@type\":\"EntryPoint\",\"urlTemplate\":\"https:\/\/www.zerdab.com\/?s={search_term_string}\"},\"query-input\":{\"@type\":\"PropertyValueSpecification\",\"valueRequired\":true,\"valueName\":\"search_term_string\"}}],\"inLanguage\":\"az\"},{\"@type\":\"Person\",\"@id\":\"https:\/\/www.zerdab.com\/#\/schema\/person\/97079b7570c1e89ec0d9e138c3672136\",\"name\":\"admin\",\"image\":{\"@type\":\"ImageObject\",\"inLanguage\":\"az\",\"@id\":\"https:\/\/www.zerdab.com\/#\/schema\/person\/image\/\",\"url\":\"https:\/\/secure.gravatar.com\/avatar\/d9c52a9a27c32119cb6679a077fa3e2779e5f822c451cbf01098004361d466ec?s=96&d=mm&r=g\",\"contentUrl\":\"https:\/\/secure.gravatar.com\/avatar\/d9c52a9a27c32119cb6679a077fa3e2779e5f822c451cbf01098004361d466ec?s=96&d=mm&r=g\",\"caption\":\"admin\"},\"url\":\"https:\/\/www.zerdab.com\/?author=1\"}]}<\/script>\n<!-- \/ Yoast SEO plugin. -->","yoast_head_json":{"title":"Z\u0259rdabda YAP-\u0131n namiz\u0259di \u0130lham \u018fliyevin t\u0259bli\u011fat\u0131 u\u011furla davam edir - Foto - Z\u0259rdab.com","robots":{"index":"index","follow":"follow","max-snippet":"max-snippet:-1","max-image-preview":"max-image-preview:large","max-video-preview":"max-video-preview:-1"},"canonical":"https:\/\/www.zerdab.com\/?p=12371","og_locale":"az_AZ","og_type":"article","og_title":"Z\u0259rdabda YAP-\u0131n namiz\u0259di \u0130lham \u018fliyevin t\u0259bli\u011fat\u0131 u\u011furla davam edir - Foto - Z\u0259rdab.com","og_description":"Z\u0259rdab rayonunda Yeni Az\u0259rbaycan Partiyas\u0131n\u0131n (YAP) prezidentliy\u0259 namiz\u0259di \u0130lham \u018fliyevin t\u0259bli\u011fat\u0131 davam edir. Oktyabr\u0131n 2-d\u0259 rayonda t\u0259hsil sah\u0259sind\u0259 \u00e7al\u0131\u015fan se\u00e7icil\u0259rl\u0259 g\u00f6r\u00fc\u015f ke\u00e7irilib. Bu bar\u0259d\u0259 Zerdab.com sayt\u0131na\u00a0YAP Z\u0259rdab rayon t\u0259\u015fkilat\u0131ndan m\u0259lumat verilib. G\u00f6r\u00fc\u015f Rayon M\u0259d\u0259niyy\u0259t evinin iclas zal\u0131nda ke\u00e7irilib. G\u00f6r\u00fc\u015f\u00fc giri\u015f s\u00f6z\u00fc il\u0259 a\u00e7an YAP Z\u0259rdab rayon t\u0259\u015fkilat\u0131n\u0131n s\u0259dri P\u0259rvin Mahmudova \u00f6lk\u0259mizin \u00e7ox m\u00fch\u00fcm siyasi kampaniya, [&hellip;]","og_url":"https:\/\/www.zerdab.com\/?p=12371","og_site_name":"Z\u0259rdab.com","article_published_time":"2013-10-02T15:11:16+00:00","article_modified_time":"2013-10-02T15:21:33+00:00","og_image":[{"url":"http:\/\/www.zerdab.com\/wp-content\/uploads\/2013\/10\/YAP-Zerdab8-550x412.jpg","type":"","width":"","height":""}],"author":"admin","twitter_card":"summary_large_image","twitter_misc":{"Written by":"admin","Est. reading time":"3 minutes"},"schema":{"@context":"https:\/\/schema.org","@graph":[{"@type":"Article","@id":"https:\/\/www.zerdab.com\/?p=12371#article","isPartOf":{"@id":"https:\/\/www.zerdab.com\/?p=12371"},"author":{"name":"admin","@id":"https:\/\/www.zerdab.com\/#\/schema\/person\/97079b7570c1e89ec0d9e138c3672136"},"headline":"Z\u0259rdabda YAP-\u0131n namiz\u0259di \u0130lham \u018fliyevin t\u0259bli\u011fat\u0131 u\u011furla davam edir &#8211; Foto","datePublished":"2013-10-02T15:11:16+00:00","dateModified":"2013-10-02T15:21:33+00:00","mainEntityOfPage":{"@id":"https:\/\/www.zerdab.com\/?p=12371"},"wordCount":534,"commentCount":0,"image":{"@id":"https:\/\/www.zerdab.com\/?p=12371#primaryimage"},"thumbnailUrl":"http:\/\/www.zerdab.com\/wp-content\/uploads\/2013\/10\/YAP-Zerdab8-550x412.jpg","articleSection":["X\u018fB\u018fRL\u018fR"],"inLanguage":"az","potentialAction":[{"@type":"CommentAction","name":"Comment","target":["https:\/\/www.zerdab.com\/?p=12371#respond"]}]},{"@type":"WebPage","@id":"https:\/\/www.zerdab.com\/?p=12371","url":"https:\/\/www.zerdab.com\/?p=12371","name":"Z\u0259rdabda YAP-\u0131n namiz\u0259di \u0130lham \u018fliyevin t\u0259bli\u011fat\u0131 u\u011furla davam edir - Foto - Z\u0259rdab.com","isPartOf":{"@id":"https:\/\/www.zerdab.com\/#website"},"primaryImageOfPage":{"@id":"https:\/\/www.zerdab.com\/?p=12371#primaryimage"},"image":{"@id":"https:\/\/www.zerdab.com\/?p=12371#primaryimage"},"thumbnailUrl":"http:\/\/www.zerdab.com\/wp-content\/uploads\/2013\/10\/YAP-Zerdab8-550x412.jpg","datePublished":"2013-10-02T15:11:16+00:00","dateModified":"2013-10-02T15:21:33+00:00","author":{"@id":"https:\/\/www.zerdab.com\/#\/schema\/person\/97079b7570c1e89ec0d9e138c3672136"},"breadcrumb":{"@id":"https:\/\/www.zerdab.com\/?p=12371#breadcrumb"},"inLanguage":"az","potentialAction":[{"@type":"ReadAction","target":["https:\/\/www.zerdab.com\/?p=12371"]}]},{"@type":"ImageObject","inLanguage":"az","@id":"https:\/\/www.zerdab.com\/?p=12371#primaryimage","url":"","contentUrl":""},{"@type":"BreadcrumbList","@id":"https:\/\/www.zerdab.com\/?p=12371#breadcrumb","itemListElement":[{"@type":"ListItem","position":1,"name":"Home","item":"https:\/\/www.zerdab.com\/"},{"@type":"ListItem","position":2,"name":"Z\u0259rdabda YAP-\u0131n namiz\u0259di \u0130lham \u018fliyevin t\u0259bli\u011fat\u0131 u\u011furla davam edir &#8211; Foto"}]},{"@type":"WebSite","@id":"https:\/\/www.zerdab.com\/#website","url":"https:\/\/www.zerdab.com\/","name":"Z\u0259rdab.com","description":"","potentialAction":[{"@type":"SearchAction","target":{"@type":"EntryPoint","urlTemplate":"https:\/\/www.zerdab.com\/?s={search_term_string}"},"query-input":{"@type":"PropertyValueSpecification","valueRequired":true,"valueName":"search_term_string"}}],"inLanguage":"az"},{"@type":"Person","@id":"https:\/\/www.zerdab.com\/#\/schema\/person\/97079b7570c1e89ec0d9e138c3672136","name":"admin","image":{"@type":"ImageObject","inLanguage":"az","@id":"https:\/\/www.zerdab.com\/#\/schema\/person\/image\/","url":"https:\/\/secure.gravatar.com\/avatar\/d9c52a9a27c32119cb6679a077fa3e2779e5f822c451cbf01098004361d466ec?s=96&d=mm&r=g","contentUrl":"https:\/\/secure.gravatar.com\/avatar\/d9c52a9a27c32119cb6679a077fa3e2779e5f822c451cbf01098004361d466ec?s=96&d=mm&r=g","caption":"admin"},"url":"https:\/\/www.zerdab.com\/?author=1"}]}},"_links":{"self":[{"href":"https:\/\/www.zerdab.com\/index.php?rest_route=\/wp\/v2\/posts\/12371","targetHints":{"allow":["GET"]}}],"collection":[{"href":"https:\/\/www.zerdab.com\/index.php?rest_route=\/wp\/v2\/posts"}],"about":[{"href":"https:\/\/www.zerdab.com\/index.php?rest_route=\/wp\/v2\/types\/post"}],"author":[{"embeddable":true,"href":"https:\/\/www.zerdab.com\/index.php?rest_route=\/wp\/v2\/users\/1"}],"replies":[{"embeddable":true,"href":"https:\/\/www.zerdab.com\/index.php?rest_route=%2Fwp%2Fv2%2Fcomments&post=12371"}],"version-history":[{"count":9,"href":"https:\/\/www.zerdab.com\/index.php?rest_route=\/wp\/v2\/posts\/12371\/revisions"}],"predecessor-version":[{"id":12393,"href":"https:\/\/www.zerdab.com\/index.php?rest_route=\/wp\/v2\/posts\/12371\/revisions\/12393"}],"wp:attachment":[{"href":"https:\/\/www.zerdab.com\/index.php?rest_route=%2Fwp%2Fv2%2Fmedia&parent=12371"}],"wp:term":[{"taxonomy":"category","embeddable":true,"href":"https:\/\/www.zerdab.com\/index.php?rest_route=%2Fwp%2Fv2%2Fcategories&post=12371"},{"taxonomy":"post_tag","embeddable":true,"href":"https:\/\/www.zerdab.com\/index.php?rest_route=%2Fwp%2Fv2%2Ftags&post=12371"}],"curies":[{"name":"wp","href":"https:\/\/api.w.org\/{rel}","templated":true}]}}