{"id":12402,"date":"2013-10-03T13:39:30","date_gmt":"2013-10-03T08:39:30","guid":{"rendered":"http:\/\/www.zerdab.com\/?p=12402"},"modified":"2013-10-05T13:11:23","modified_gmt":"2013-10-05T08:11:23","slug":"ilham-%c9%99liyev%c9%99-s%c9%99s-ver%c9%99k","status":"publish","type":"post","link":"https:\/\/www.zerdab.com\/?p=12402","title":{"rendered":"\u0130lham \u018fliyev\u0259 s\u0259s ver\u0259k!"},"content":{"rendered":"<p><b><img loading=\"lazy\" decoding=\"async\" class=\"aligncenter size-full wp-image-12403\" alt=\"Prezident \u0130lham \u018fliyev\" src=\"http:\/\/www.zerdab.com\/wp-content\/uploads\/2013\/10\/Prezident-\u0130lham-\u018fliyev.jpg\" width=\"272\" height=\"175\" \/><span style=\"color: #0000ff;\">\u015e\u0259xsiyy\u0259t\u0259 inam v\u0259 \u00fcmid dolu arzular<\/span><\/b><\/p>\n<p>\u018fziz z\u0259rdabl\u0131lar! Biz, Z\u0259rdabi yurdunun \u00f6vladlar\u0131 9 oktyabr 2013-c\u00fc il tarixind\u0259 ke\u00e7iril\u0259c\u0259k prezident se\u00e7kil\u0259rind\u0259 Az\u0259rbaycan Respublikas\u0131n\u0131n prezidentliyin\u0259 namiz\u0259d c\u0259nab \u0130lham \u018fliyevin yenid\u0259n Az\u0259rbaycan Respublikas\u0131n\u0131n prezidenti se\u00e7ilm\u0259si \u00fc\u00e7\u00fcn yekdillikl\u0259 ona s\u0259s ver\u0259c\u0259yik!<\/p>\n<p>\u018fziz v\u0259 h\u00f6rm\u0259tli z\u0259rdabl\u0131lar! M\u0259n Z\u0259rdabi yurdunun Bak\u0131da ya\u015fayan ziyal\u0131 h\u0259mkarlar\u0131m ad\u0131ndan sizl\u0259r\u0259 m\u00fcraci\u0259t edir\u0259m. V\u0259 tam \u0259minlikl\u0259 bildirir\u0259m ki, 09 oktyabr 2013-c\u00fc il tarixind\u0259 ke\u00e7iril\u0259c\u0259k Prezident se\u00e7kil\u0259rind\u0259 ham\u0131m\u0131z bir n\u0259f\u0259r kimi se\u00e7ki m\u0259nt\u0259q\u0259l\u0259rin\u0259 ged\u0259c\u0259k, Az\u0259rbaycan Respublikas\u0131n\u0131n Prezidentliyin\u0259 vahid namiz\u0259dimiz \u0130lham Heyd\u0259r o\u011flu \u018fliyev\u0259 s\u0259s ver\u0259c\u0259yik!<\/p>\n<p>\u00c7\u00fcnki o bu etimada, ehtirama layiq olan r\u0259hb\u0259r, ali bir \u015f\u0259xsiyy\u0259tdir. M\u00f6ht\u0259r\u0259m \u0130lham \u018fliyev uzun ill\u0259r Az\u0259rbaycana r\u0259hb\u0259rlik etmi\u015f tarixin nadir, m\u00fcdrik \u015f\u0259xsiyy\u0259tl\u0259rind\u0259n biri olan Heyd\u0259r \u018fliyev ail\u0259sind\u0259 d\u00fcnyaya g\u0259lmi\u015f, bel\u0259 bir atan\u0131n, Z\u0259rif\u0259 xan\u0131m kimi humanist v\u0259 qay\u011f\u0131ke\u015f anan\u0131n qay\u011f\u0131s\u0131 alt\u0131nda t\u0259lim-t\u0259rbiy\u0259 alm\u0131\u015f, b\u00f6y\u00fcy\u00fcb boya-ba\u015fa \u00e7atm\u0131\u015f, b\u00f6y\u00fck bir idar\u0259\u00e7ilik, idar\u0259etm\u0259 m\u0259kt\u0259bi ke\u00e7mi\u015fdir.<\/p>\n<p>N\u0259tic\u0259 etibar\u0131 il\u0259 b\u00f6y\u00fck bir idar\u0259\u00e7ilik, r\u0259hb\u0259rlik qabiliyy\u0259tin\u0259 malik, d\u00fcnya iqtisadiyyat\u0131 v\u0259 siyas\u0259tini d\u0259rind\u0259n bil\u0259n r\u0259hb\u0259r olaraq m\u00f6ht\u0259r\u0259m \u0130lham \u018fliyevin son 10 ild\u0259 h\u0259yata ke\u00e7irdiyi \u0259m\u0259li i\u015fl\u0259r g\u00f6z\u00fcm\u00fcz qar\u015f\u0131s\u0131ndad\u0131r.<\/p>\n<p>M\u0259n h\u0259mi\u015f\u0259 oldu\u011fu kimi, bu g\u00fcn d\u0259 bir Az\u0259rbaycan ziyal\u0131s\u0131 olaraq ulu \u00f6nd\u0259r Heyd\u0259r \u018fliyev kursunun layiqli davam\u00e7\u0131s\u0131 \u0130lham \u018fliyevi d\u0259st\u0259kl\u0259y\u0259n bir insanam. Onun Az\u0259rbaycan\u0131m\u0131z\u0131 xo\u015fb\u0259xt g\u0259l\u0259c\u0259y\u0259, i\u015f\u0131ql\u0131 sabaha aparaca\u011f\u0131na \u0259min oldu\u011fumu bildirm\u0259kl\u0259, c\u0259nab \u0130lham \u018fliyev \u015f\u0259xsiyy\u0259tin\u0259 inam, \u00fcmid dolu arzular\u0131m\u0131 bildirmi\u015f\u0259m.<\/p>\n<p>\u018fziz Z\u0259rdabl\u0131lar, g\u0259lin bir anl\u0131\u011fa geri d\u00f6n\u0259k v\u0259 tarix\u0259 n\u0259z\u0259r salaq, tarixi yadda\u015f\u0131m\u0131z\u0131 bir q\u0259d\u0259r t\u0259z\u0259l\u0259y\u0259k.<\/p>\n<p>K\u00fcr v\u0259 Qarasu \u00e7aylar\u0131n\u0131n da\u015fmas\u0131 n\u0259tic\u0259sind\u0259 1978 v\u0259 2010-cu ill\u0259rd\u0259 ba\u015f vermi\u015f g\u00fccl\u00fc, da\u011f\u0131d\u0131c\u0131 f\u0259lak\u0259t z\u0259rdabl\u0131lar\u0131n qadal\u0131, b\u0259lal\u0131 g\u00fcnl\u0259ri kimi yadda\u015f\u0131nda qalm\u0131\u015fd\u0131r.<br \/>\n1978-ci ilin may ay\u0131nda K\u00fcr \u00e7ay\u0131nda suyun s\u0259viyy\u0259sinin son h\u0259dd\u0259 \u00e7atmas\u0131 Z\u0259rdab rayonunu ciddi t\u0259hl\u00fck\u0259 qar\u015f\u0131s\u0131nda qoymu\u015fdu. O zaman Az\u0259rbaycan KP MK-n\u0131n birinci katibi Heyd\u0259r \u018fliyevin Z\u0259rdab rayonuna g\u0259lm\u0259si, K\u00fcr\u00fcn da\u015fmas\u0131 n\u0259tic\u0259sind\u0259 su basan yerl\u0259r\u0259 getm\u0259si, da\u015fq\u0131n\u0131n n\u0259tic\u0259l\u0259rinin aradan qald\u0131r\u0131lmas\u0131 il\u0259 \u0259laq\u0259dar g\u00f6r\u00fcl\u0259n i\u015fl\u0259rl\u0259 tan\u0131\u015f olmas\u0131, tap\u015f\u0131r\u0131q v\u0259 g\u00f6st\u0259ri\u015fl\u0259rini verm\u0259si n\u0259tic\u0259sind\u0259 Z\u0259rdab su alt\u0131nda qalmaq t\u0259hl\u00fck\u0259sind\u0259n xilas edildi.<\/p>\n<p>Da\u015fq\u0131n t\u0259hl\u00fck\u0259si 2010-cu ild\u0259 \u00f6z\u00fcn\u00fc bir daha b\u00fcruz\u0259 vermi\u015f, h\u0259min ilin may ay\u0131n\u0131n \u0259vv\u0259lind\u0259n etibar\u0259n K\u00fcr \u00e7ay\u0131n\u0131n s\u0259viyy\u0259sinin k\u0259skin \u015f\u0259kild\u0259 qalxmas\u0131, da\u015fmas\u0131 n\u0259tic\u0259sind\u0259 ba\u015f ver\u0259n t\u0259bii f\u0259lak\u0259t dig\u0259r \u015f\u0259h\u0259r v\u0259 rayonlarla yana\u015f\u0131 Z\u0259rdab rayonunda da insanlar\u0131 ciddi t\u0259hl\u00fck\u0259 qar\u015f\u0131s\u0131nda qoymu\u015fdu.<\/p>\n<p>Bu zaman Prezident \u0130lham \u018fliyevin vermi\u015f oldu\u011fu tap\u015f\u0131r\u0131qlar\u0131n, \u0259m\u0259li k\u00f6m\u0259kliyin n\u0259tic\u0259sind\u0259 yaranm\u0131\u015f \u00e7\u0259tinlikl\u0259r aradan qald\u0131r\u0131lm\u0131\u015f, da\u015fq\u0131nlardan z\u0259r\u0259r \u00e7\u0259k\u0259n \u0259haliy\u0259 h\u0259rt\u0259r\u0259fli yard\u0131m g\u00f6st\u0259rilmi\u015fdir. B\u00fct\u00fcn bunlara g\u00f6r\u0259 Z\u0259rdabi yurdunun h\u0259r bir \u00f6vlad\u0131 ilk \u00f6nc\u0259 v\u0259t\u0259nin\u0259, mill\u0259tin\u0259 qay\u011f\u0131 il\u0259 yana\u015fan, onun d\u0259rd-s\u0259rl\u0259rin\u0259 \u015f\u0259rik olan d\u00f6vl\u0259tinin ba\u015f\u00e7\u0131s\u0131na minn\u0259tdard\u0131r.<\/p>\n<p>Bu tarixi ya\u015fam\u0131\u015f v\u0259 o g\u0259rgin g\u00fcnl\u0259ri xat\u0131rlayan Z\u0259rdab \u015f\u0259h\u0259r 1 n\u00f6mr\u0259li m\u0259kt\u0259b-liseyin m\u00fc\u0259llimi, \u0259sl Az\u0259rbaycan ziyal\u0131s\u0131, \u201cT\u0259r\u0259qqi\u201d medal\u0131 il\u0259 t\u0259ltif olunmu\u015f Firuz\u0259 xan\u0131m Qocayeva Prezident \u0130lham \u018fliyevin 2012-ci ilin 08 oktyabr tarixind\u0259 Z\u0259rdab rayonuna s\u0259f\u0259ri zaman\u0131 onunla ke\u00e7iril\u0259n g\u00f6r\u00fc\u015fd\u0259 \u00e7\u0131x\u0131\u015f ed\u0259rk\u0259n demi\u015fdir:<\/p>\n<p>\u201cM\u0259n \u015fahidi oldu\u011fum bir m\u0259s\u0259l\u0259ni dem\u0259k ist\u0259yir\u0259m ki, 1978-ci ild\u0259 Ulu \u00d6nd\u0259rimiz Heyd\u0259r \u018fliyev, 2010-cu ild\u0259 is\u0259 Siz Z\u0259rdab\u0131 v\u0259 z\u0259rdabl\u0131lar\u0131 K\u00fcr \u00e7ay\u0131n\u0131n da\u015fmas\u0131 n\u0259tic\u0259sind\u0259 ba\u015f vermi\u015f t\u0259bii f\u0259lak\u0259td\u0259n xilas etmisiniz. Sakinl\u0259rimiz o \u00e7\u0259tin g\u00fcnl\u0259rd\u0259 d\u00f6vl\u0259tin g\u00fcc\u00fcn\u00fc v\u0259 onun r\u0259hb\u0259rinin qay\u011f\u0131s\u0131n\u0131 bir daha g\u00f6rd\u00fcl\u0259r. Sizin bir \u00e7a\u011f\u0131r\u0131\u015f\u0131n\u0131zla b\u00fct\u00fcn \u00f6lk\u0259 aya\u011fa qalxm\u0131\u015fd\u0131. Do\u011frudan da, he\u00e7 bir ne\u00e7\u0259 ay ke\u00e7m\u0259di ki, b\u00fct\u00fcn f\u0259lak\u0259t b\u00f6lg\u0259sind\u0259 oldu\u011fu kimi, Z\u0259rdabda da z\u0259r\u0259r \u00e7\u0259kmi\u015f ail\u0259l\u0259r \u00fc\u00e7\u00fcn yeni q\u0259s\u0259b\u0259 sal\u0131nd\u0131, sosial obyektl\u0259r in\u015fa edildi, insanlara maddi k\u00f6m\u0259k g\u00f6st\u0259rildi. Z\u0259rdabl\u0131lar b\u00fct\u00fcn bunlara g\u00f6r\u0259 bir daha Siz\u0259 \u00f6z d\u0259rin minn\u0259tdarl\u0131qlar\u0131n\u0131 bildirirl\u0259r\u201d.<\/p>\n<p>Az\u0259rbaycan Respublikas\u0131 Prezidenti c\u0259nab \u0130lham \u018fliyevin xan\u0131m\u0131 Mehriban \u018fliyeva il\u0259 30 iyun 2006-c\u0131 ild\u0259 Z\u0259rdab rayonuna ilk s\u0259f\u0259rini biz z\u0259rdabl\u0131lar yax\u015f\u0131 xat\u0131rlay\u0131r\u0131q. Z\u0259rdab sakinl\u0259ri onlar\u0131 b\u00f6y\u00fck h\u00f6rm\u0259t v\u0259 ehtiramla, g\u00fcl-\u00e7i\u00e7\u0259kl\u0259 qar\u015f\u0131lam\u0131\u015flar. Az\u0259rbaycan Respublikas\u0131n\u0131n Prezidenti c\u0259nab \u0130lham \u018fliyev Z\u0259rdab rayon ictimaiyy\u0259tinin n\u00fcmay\u0259nd\u0259l\u0259ri il\u0259 g\u00f6r\u00fc\u015f\u00fcnd\u0259 s\u00f6yl\u0259diyi nitqind\u0259 demi\u015fdir:<\/p>\n<p>\u201c\u018fziz bac\u0131lar v\u0259 qarda\u015flar!<br \/>\n\u018fziz z\u0259rdabl\u0131lar!<br \/>\n\u0130ndi rayona daxil olark\u0259n g\u00f6r\u00fcr\u0259m ki, \u00e7ox g\u00f6z\u0259l abadl\u0131q-quruculuq i\u015fl\u0259ri apar\u0131l\u0131r, yollar sal\u0131n\u0131r. Bu m\u0259ni sevindirir. \u00c7\u00fcnki h\u0259r bir rayonun inki\u015faf\u0131 bizim \u00fc\u00e7\u00fcn vacibdir v\u0259 bu, indi Az\u0259rbaycan siyas\u0259tinin \u0259sas istiqam\u0259tl\u0259rind\u0259n biridir&#8230; Sizin rayonunuz abadla\u015f\u0131r, g\u00f6z\u0259ll\u0259\u015fir. Siz bunu m\u0259nd\u0259n yax\u015f\u0131 bilirsiniz, burada ya\u015fay\u0131rs\u0131n\u0131z. G\u0259l\u0259c\u0259kd\u0259 g\u00f6r\u00fcl\u0259c\u0259k t\u0259dbirl\u0259r n\u0259tic\u0259sind\u0259 rayon daha da yax\u015f\u0131 g\u00f6z\u0259ll\u0259\u015f\u0259c\u0259k, abadla\u015facaq, insanlar daha da yax\u015f\u0131 ya\u015fayacaqd\u0131r. M\u0259n bunu arzulay\u0131ram v\u0259 bu m\u0259ramla Z\u0259rdaba g\u0259lmi\u015f\u0259m\u201d.<\/p>\n<p>Az\u0259rbaycan Respublikas\u0131n\u0131n Prezidenti c\u0259nab \u0130lham \u018fliyevin t\u0259sdiq etdiyi \u201cAz\u0259rbaycan Respublikas\u0131 regionlar\u0131n\u0131n sosial-iqtisadi inki\u015faf\u0131 D\u00f6vl\u0259t Proqram\u0131\u201dnda (2004-2008-ci ill\u0259r) n\u0259z\u0259rd\u0259 tutulan t\u0259dbirl\u0259rin u\u011furla h\u0259yata ke\u00e7irilm\u0259si n\u0259tic\u0259sind\u0259 Z\u0259rdab rayonunda m\u00fch\u00fcm i\u015fl\u0259r g\u00f6r\u00fclm\u00fc\u015f, b\u00f6y\u00fck u\u011furlar qazan\u0131lm\u0131\u015fd\u0131r. C\u0259nab Prezident rayonumuzda m\u00f6ht\u0259\u015f\u0259m Heyd\u0259r \u018fliyev M\u0259rk\u0259zinin, Yeni Az\u0259rbaycan Partiyas\u0131 rayon t\u0259\u015fkilat\u0131n\u0131n binas\u0131n\u0131n, A\u011fsu rayonundan 72 km m\u0259saf\u0259d\u0259n \u00e7\u0259kilmi\u015f t\u0259miz i\u00e7m\u0259li su bula\u011f\u0131n\u0131n v\u0259 G\u0259ncl\u0259r M\u0259rk\u0259zinin a\u00e7\u0131l\u0131\u015f\u0131n\u0131 etmi\u015f, Heyd\u0259r \u018fliyev park\u0131 v\u0259 Veteranlar evi il\u0259 tan\u0131\u015f olmu\u015fdur.<\/p>\n<p><img loading=\"lazy\" decoding=\"async\" class=\"aligncenter size-large wp-image-12404\" alt=\"Prezident \u0130lham \u018fliyev\" src=\"http:\/\/www.zerdab.com\/wp-content\/uploads\/2013\/10\/Prezident-\u0130lham-\u018fliyev1-550x383.jpg\" width=\"550\" height=\"383\" \/>\u00d6lk\u0259 Prezidentinin 2011-ci il 6 may v\u0259 2012-ci ilin 7 oktyabr tarixl\u0259rind\u0259, y\u0259ni son 2 ild\u0259 dalbadal 2 d\u0259f\u0259 Z\u0259rdaba s\u0259f\u0259r etm\u0259si rayon r\u0259hb\u0259rliyin\u0259 v\u0259 b\u00fct\u00f6vl\u00fckd\u0259 z\u0259rdabl\u0131lara olan h\u00f6rm\u0259tin, inam\u0131n, diqq\u0259t v\u0259 qay\u011f\u0131n\u0131n bariz n\u00fcmun\u0259sidir. \u201cZ\u0259rdab rayonunun sosial-iqtisadi inki\u015faf\u0131n\u0131n s\u00fcr\u0259tl\u0259ndirilm\u0259si il\u0259 ba\u011fl\u0131 \u0259lav\u0259 t\u0259dbirl\u0259r haqq\u0131nda\u201d imzalad\u0131\u011f\u0131n\u0131z 15 oktyabr 2012-ci il tarixli s\u0259r\u0259ncamla rayona 2 milyon manat v\u0259saitin ayr\u0131lmas\u0131 z\u0259rdabl\u0131lar\u0131n sevincin\u0259 n\u00f6vb\u0259ti sevinc qatm\u0131\u015fd\u0131r.<br \/>\n\u018fziz z\u0259rdabl\u0131lar, b\u00fct\u00fcn bu qeyd olunan yenilikl\u0259r, rayonumuzda apar\u0131lan abadl\u0131q-quruculuq i\u015fl\u0259ri, bu i\u015fl\u0259rin g\u00fcn\u00fc-g\u00fcnd\u0259n v\u00fcs\u0259t almas\u0131 birm\u0259nal\u0131 olaraq Az\u0259rbaycan Respublikas\u0131n\u0131n Prezidenti \u0130lham \u018fliyev c\u0259nablar\u0131n\u0131n dahi H\u0259s\u0259n b\u0259y Z\u0259rdabi yurduna g\u00f6st\u0259rmi\u015f oldu\u011fu d\u0259rin h\u00f6rm\u0259tin, diqq\u0259t v\u0259 qay\u011f\u0131n\u0131n t\u0259c\u0259ss\u00fcm\u00fcd\u00fcr.<br \/>\nQeyd etm\u0259k laz\u0131md\u0131r ki, biz z\u0259rdabl\u0131lar Az\u0259rbaycan\u0131n dahi \u015f\u0259xsiyy\u0259ti H\u0259s\u0259n b\u0259y Z\u0259rdabi il\u0259 daima q\u00fcr\u00fcr hissi d\u00fcyuruq.<br \/>\nBu g\u00fcn H\u0259s\u0259n b\u0259y Z\u0259rdabi \u015f\u0259xsiyy\u0259tinin yetirm\u0259l\u0259rin\u0259, onun \u00f6vladlar\u0131na veril\u0259n qiym\u0259t n\u0259inki Z\u0259rdab torpa\u011f\u0131n\u0131, b\u00fct\u00f6vl\u00fckd\u0259 d\u00fcnya az\u0259rbaycanl\u0131lar\u0131 uyuyan, ya\u015fayan yerl\u0259ri g\u0259z\u0259n Z\u0259rdabi ruhunun \u015fad olmas\u0131 dem\u0259kdir.<br \/>\nAz\u0259rbaycan m\u00fcst\u0259qillik qazanandan, suverenliyini \u0259ld\u0259 etdikd\u0259n sonra xalq H\u0259s\u0259n b\u0259y Z\u0259rdabinin dahiliyini, b\u00f6y\u00fckl\u00fcy\u00fcn\u00fc v\u0259 xidm\u0259tl\u0259rini daha d\u0259rind\u0259n anlad\u0131. Az\u0259rbaycan\u0131n m\u00fcst\u0259qilliyinin qorunmas\u0131, onun inki\u015faf\u0131, xalq\u0131n g\u0259l\u0259c\u0259yi namin\u0259 var q\u00fcvv\u0259sini s\u0259rf ed\u0259n, d\u00fcnyan\u0131n \u0259n m\u00fcdrik v\u0259 uzaqg\u00f6r\u0259n siyas\u0259t\u00e7il\u0259rind\u0259n say\u0131lan, son otuz ild\u0259 respublikam\u0131z\u0131n b\u00fct\u00fcn sah\u0259l\u0259rd\u0259 s\u00fcr\u0259tl\u0259 t\u0259r\u0259qqi etm\u0259sind\u0259 b\u00f6y\u00fck xidm\u0259tl\u0259ri olan \u00fcmummilli liderimiz Heyd\u0259r \u018fliyevin 27 mart 2000-ci il tarixli f\u0259rman\u0131 il\u0259 torpaqlar\u0131m\u0131z\u0131n \u0259sl sahibi m\u00f6vqeyind\u0259n \u00e7\u0131x\u0131\u015f ed\u0259n \u201c\u018fkin\u00e7i\u201dnin 125 illiyinin v\u0259 eyni zamanda, Az\u0259rbaycan Respublikas\u0131n\u0131n Prezidenti \u0130lham \u018fliyev c\u0259nablar\u0131n\u0131n 20 iyun 2005-ci il tarixli s\u0259r\u0259ncam\u0131na \u0259sas\u0259n, Az\u0259rbaycan Milli M\u0259tbuat\u0131n\u0131n 130 illik yubileyinin t\u0259nt\u0259n\u0259li sur\u0259td\u0259 qeyd edilm\u0259si tarixi bir \u0259h\u0259miyy\u0259t k\u0259sb etm\u0259kl\u0259 yaln\u0131z \u00f6lk\u0259mizin \u00e7oxsayl\u0131 m\u0259tbuat v\u0259 informasiya orqanlar\u0131 \u00fc\u00e7\u00fcn deyil, b\u00fct\u00f6vl\u00fckd\u0259 Az\u0259rbaycan ziyal\u0131lar\u0131 il\u0259 yana\u015f\u0131, d\u00fcnya az\u0259rbaycanl\u0131lar\u0131 \u00fc\u00e7\u00fcn d\u0259 b\u00f6y\u00fck bir bayrama, sevinc\u0259 s\u0259b\u0259b olmu\u015fdur.<br \/>\nH\u0259s\u0259n b\u0259y Z\u0259rdabinin 170 illik yubileyinin y\u00fcks\u0259k s\u0259viyy\u0259sind\u0259 ke\u00e7irilm\u0259si, habel\u0259 Z\u0259rdab rayonunda H\u0259s\u0259n b\u0259yin ev muzeyinin \u0259sasl\u0131 t\u0259mir olunmas\u0131na g\u00f6r\u0259 ilk n\u00f6vb\u0259d\u0259 biz z\u0259rdabl\u0131lar c\u0259nab prezident\u0259 minn\u0259tdarl\u0131\u011f\u0131m\u0131z\u0131 bildirm\u0259liyik.<br \/>\n\u018fziz z\u0259rdabl\u0131lar, bizl\u0259r yax\u015f\u0131 bilirik ki, Z\u0259rdabi yurdundan bir \u00e7ox tarixi \u015f\u0259xsiyy\u0259tl\u0259r \u00e7\u0131xm\u0131\u015fd\u0131r. Bu \u015f\u0259xsiyy\u0259tl\u0259ri sadalamaqla, onlar\u0131n ke\u00e7diyi h\u0259yat yoluna n\u0259z\u0259r salsaq, tarixi prosesl\u0259rd\u0259n s\u00f6hb\u0259t a\u00e7saq, buna g\u0259r\u0259k aylarla vaxt ayr\u0131ls\u0131n. \u00c7\u00fcnki Z\u0259rdab\u0131n tarixi \u015f\u0259xsiyy\u0259tl\u0259ri, g\u00f6rk\u0259mli adamlar\u0131 y\u00fczl\u0259rl\u0259dir. \u00dcmumiyy\u0259tl\u0259, Z\u0259rdab torpa\u011f\u0131 k\u0259nd v\u0259 xalq t\u0259s\u0259rr\u00fcfat\u0131n\u0131n b\u00fct\u00fcn sah\u0259l\u0259ri \u00fczr\u0259 g\u00f6rk\u0259mli \u015f\u0259xsiyy\u0259tl\u0259r, tan\u0131nm\u0131\u015f aliml\u0259r yetirmi\u015f, \u00f6lk\u0259miz\u0259 n\u00fcfuzlu el a\u011fsaqqallar\u0131, din xadiml\u0259ri, \u0259m\u0259k v\u0259 m\u00fcharib\u0259 q\u0259hr\u0259manlar\u0131 b\u0259x\u015f etmi\u015fdir. Onlardan H\u0259s\u0259n b\u0259y Z\u0259rdabini, onun atas\u0131 S\u0259lim b\u0259yi, babas\u0131 R\u0259him b\u0259yi, v\u0259fal\u0131 h\u0259yat yolda\u015f\u0131 H\u0259nif\u0259 xan\u0131m M\u0259likovan\u0131, o\u011fullar\u0131 Midh\u0259d b\u0259yi, S\u0259ff\u0259t b\u0259y M\u0259likovllar\u0131, q\u0131zlar\u0131 P\u0259ri xan\u0131m Top\u00e7uba\u015fovan\u0131, Q\u0259ribsoltan xan\u0131m M\u0259likovan\u0131, H\u0259s\u0259n b\u0259yin atas\u0131n\u0131n day\u0131s\u0131 general-leytenand F\u0259r\u0259c b\u0259y A\u011fayevi, qarda\u015f\u0131 o\u011flu-ilk az\u0259rbaycanl\u0131 fizik-professor R\u0259him b\u0259y M\u0259likovu, yax\u0131n qohumlar\u0131-m\u0259\u015fhur v\u0259 istedadl\u0131 aktyor M\u0259h\u0259mm\u0259d b\u0259y M\u0259likov \u018flv\u0259ndini, akademik B\u00f6y\u00fckki\u015fi A\u011fayevi, eyni zamanda, Z\u0259rdab\u0131n B\u0131\u00e7aq\u00e7\u0131 k\u0259ndind\u0259n olan, Sovet \u0130ttifaq\u0131 Q\u0259hr\u0259man\u0131 M\u0259lik M\u0259h\u0259rr\u0259movu, D\u0259li Qu\u015f\u00e7u k\u0259ndind\u0259n Sosialist \u018fm\u0259yi Q\u0259hr\u0259man\u0131 Seyfi Mehral\u0131yevi, respublikada quruculuq, t\u0259s\u0259rr\u00fcfat, partiya, sovet i\u015fl\u0259rind\u0259ki \u0259m\u0259k f\u0259aliyy\u0259ti d\u00f6vl\u0259t t\u0259r\u0259find\u0259n y\u00fcks\u0259k qiym\u0259tl\u0259ndiril\u0259n, Z\u0259rdabdan ilk olaraq Rayon PK-n\u0131n I katibi olmu\u015f v\u0259 uzun ill\u0259r bu v\u0259zif\u0259d\u0259 i\u015fl\u0259mi\u015f \u018fl\u0259ddin H\u0259s\u0259novu, M\u0259mm\u0259dqas\u0131ml\u0131 k\u0259ndind\u0259n olan, adl\u0131-sanl\u0131 t\u0259s\u0259rr\u00fcfat r\u0259hb\u0259ri Nur\u0259hm\u0259d M\u00fcz\u0259ff\u0259rovu, z\u0259rdabl\u0131 \u018fdliyy\u0259 general\u0131 Az\u0259r C\u0259f\u0259rovun bir \u00e7oxlar\u0131n\u0131n adlar\u0131n\u0131 f\u0259xrl\u0259 \u00e7\u0259k\u0259 bil\u0259rik ki, biz Z\u0259rdabi yurdunun \u00f6vladlar\u0131 onlarla f\u0259xr edir v\u0259 q\u00fcrur hissi duyuruq.<br \/>\nN\u0259z\u0259r\u0259 almaq laz\u0131md\u0131r ki, yuxar\u0131da adlar\u0131n\u0131 \u00e7\u0259kdiyim v\u0259 el\u0259c\u0259 d\u0259 adlar\u0131n\u0131 \u00e7\u0259km\u0259diyim y\u00fczl\u0259rl\u0259 z\u0259rdabl\u0131 \u015f\u0259xsiyy\u0259tl\u0259rin h\u0259yat\u0131n\u0131n i\u015f\u0131qland\u0131r\u0131lmas\u0131, xatir\u0259sinin yad edil\u0259si, onlara m\u00fcxt\u0259lif f\u0259xri adlar\u0131n verilm\u0259si, \u00f6lk\u0259nin orden v\u0259 medallar\u0131 il\u0259 t\u0259ltif edilm\u0259si, y\u00fcks\u0259k v\u0259zif\u0259l\u0259r\u0259 t\u0259yin olunmalar\u0131 \u00dcmummilli lider Heyd\u0259r \u018fliyevin r\u0259hb\u0259rliyi d\u00f6vr\u00fcnd\u0259 onun diqq\u0259ti, etimad\u0131 say\u0259sind\u0259, verdiyi \u0259mr, q\u0259rar, s\u0259r\u0259ncam v\u0259 f\u0259rmanlar\u0131 il\u0259 d\u0259y\u0259rl\u0259ndirilmi\u015fdir.<br \/>\n\u018fziz z\u0259rdabl\u0131lar, bu \u0259n\u0259n\u0259, diqq\u0259t v\u0259 qay\u011f\u0131 bu g\u00fcn Az\u0259rbaycan Respublikas\u0131 Prezidenti c\u0259nab \u0130lham \u018fliyev t\u0259r\u0259find\u0259n h\u0259yata ke\u00e7irilm\u0259kd\u0259dir.<br \/>\nBiz Az\u0259rbaycan ziyal\u0131lar\u0131, Z\u0259rdabi yurdunun \u00f6vladlar\u0131 olaraq Z\u0259rdabi \u0259n\u0259n\u0259l\u0259rin\u0259, ideyalar\u0131na, arzu v\u0259 ist\u0259kl\u0259rin\u0259 sadiq olaraq, \u00f6lk\u0259 prezidenti \u0130lham \u018fliyev c\u0259nablar\u0131n\u0131n \u0259traf\u0131nda s\u0131x birl\u0259\u015fm\u0259li, onun u\u011furla h\u0259yata ke\u00e7irm\u0259kd\u0259 oldu\u011fu daxili v\u0259 xarici siyas\u0259ti d\u0259st\u0259kl\u0259m\u0259kl\u0259 xalq\u0131m\u0131z\u0131n, mill\u0259timizin daha i\u015f\u0131ql\u0131 g\u0259l\u0259c\u0259yi yolunda, b\u00fct\u00fcn sah\u0259l\u0259rd\u0259 \u00fcz\u0259rimiz\u0259 d\u00fc\u015f\u0259n i\u015fl\u0259rin \u00f6hd\u0259sind\u0259n layiqinc\u0259 g\u0259lm\u0259liyik. Bu, Z\u0259rdabi yurdunun h\u0259r bir \u00f6vlad\u0131n\u0131n, b\u00fct\u00f6vl\u00fckd\u0259 h\u0259r bir Az\u0259rbaycan v\u0259t\u0259nda\u015f\u0131n\u0131n \u0259n ba\u015fl\u0131ca v\u0259zif\u0259sidir.<br \/>\n\u018fziz z\u0259rdabl\u0131lar, Z\u0259rdabi yurdunun \u00f6vladlar\u0131 yuxar\u0131da qeyd etdiyim tarixi hadis\u0259l\u0259rin q\u0131saca \u015f\u0259rhini diqq\u0259tiniz\u0259 \u00e7atd\u0131rmaqla, Sizl\u0259r\u0259 m\u00fcraci\u0259t ed\u0259r\u0259k \u0259minliyimi ifad\u0259 edir\u0259m ki, 09 oktyabr 2013-c\u00fc il tarixind\u0259 ke\u00e7iril\u0259c\u0259k Prezident se\u00e7kil\u0259rind\u0259 ham\u0131m\u0131z bir n\u0259f\u0259r kimi se\u00e7ki m\u0259nt\u0259q\u0259l\u0259rin\u0259 ged\u0259c\u0259k, Az\u0259rbaycan Respublikas\u0131n\u0131n Prezidentliyin\u0259 vahid namiz\u0259dimiz olan \u0130lham Heyd\u0259r o\u011flu \u018fliyev\u0259 s\u0259s ver\u0259c\u0259yik!<br \/>\nZ\u0259rdabi yurdunun Bak\u0131da ya\u015fayan ziyal\u0131 n\u00fcmay\u0259nd\u0259l\u0259ri, h\u0259mkarlar\u0131m ad\u0131ndan, d\u0259rin h\u00f6rm\u0259t v\u0259 ehtiramla,<\/p>\n<p><span style=\"color: #000000;\"><strong>Eld\u0259niz H\u0259s\u0259nov,\u00a0<\/strong><\/span><br \/>\n<span style=\"color: #000000;\"><strong>K\u0259nd t\u0259s\u0259rr\u00fcfat\u0131 \u00fczr\u0259 f\u0259ls\u0259f\u0259 doktoru, Beyn\u0259lxalq Ekoenergetika Akademiyas\u0131n\u0131n ekologiya \u00fczr\u0259 professoru, Z\u0259rdabi\u015f\u00fcnas, Az\u0259rbaycan Jurnalistl\u0259r Birliyinin \u00fczv\u00fc<\/strong><\/span><\/p>\n","protected":false},"excerpt":{"rendered":"<p>\u015e\u0259xsiyy\u0259t\u0259 inam v\u0259 \u00fcmid dolu arzular \u018fziz z\u0259rdabl\u0131lar! Biz, Z\u0259rdabi yurdunun \u00f6vladlar\u0131 9 oktyabr 2013-c\u00fc il tarixind\u0259 ke\u00e7iril\u0259c\u0259k prezident se\u00e7kil\u0259rind\u0259 Az\u0259rbaycan Respublikas\u0131n\u0131n prezidentliyin\u0259 namiz\u0259d c\u0259nab \u0130lham \u018fliyevin yenid\u0259n Az\u0259rbaycan Respublikas\u0131n\u0131n prezidenti se\u00e7ilm\u0259si \u00fc\u00e7\u00fcn yekdillikl\u0259 ona s\u0259s ver\u0259c\u0259yik! \u018fziz v\u0259 h\u00f6rm\u0259tli z\u0259rdabl\u0131lar! M\u0259n Z\u0259rdabi yurdunun Bak\u0131da ya\u015fayan ziyal\u0131 h\u0259mkarlar\u0131m ad\u0131ndan sizl\u0259r\u0259 m\u00fcraci\u0259t edir\u0259m. V\u0259 tam \u0259minlikl\u0259 [&hellip;]<\/p>\n","protected":false},"author":1,"featured_media":0,"comment_status":"open","ping_status":"open","sticky":false,"template":"","format":"standard","meta":{"footnotes":""},"categories":[17],"tags":[],"class_list":{"0":"post-12402","1":"post","2":"type-post","3":"status-publish","4":"format-standard","6":"category-kos"},"yoast_head":"<!-- This site is optimized with the Yoast SEO plugin v27.0 - https:\/\/yoast.com\/product\/yoast-seo-wordpress\/ -->\n<title>\u0130lham \u018fliyev\u0259 s\u0259s ver\u0259k! - Z\u0259rdab.com<\/title>\n<meta name=\"robots\" content=\"index, follow, max-snippet:-1, max-image-preview:large, max-video-preview:-1\" \/>\n<link rel=\"canonical\" href=\"https:\/\/www.zerdab.com\/?p=12402\" \/>\n<meta property=\"og:locale\" content=\"az_AZ\" \/>\n<meta property=\"og:type\" content=\"article\" \/>\n<meta property=\"og:title\" content=\"\u0130lham \u018fliyev\u0259 s\u0259s ver\u0259k! - Z\u0259rdab.com\" \/>\n<meta property=\"og:description\" content=\"\u015e\u0259xsiyy\u0259t\u0259 inam v\u0259 \u00fcmid dolu arzular \u018fziz z\u0259rdabl\u0131lar! Biz, Z\u0259rdabi yurdunun \u00f6vladlar\u0131 9 oktyabr 2013-c\u00fc il tarixind\u0259 ke\u00e7iril\u0259c\u0259k prezident se\u00e7kil\u0259rind\u0259 Az\u0259rbaycan Respublikas\u0131n\u0131n prezidentliyin\u0259 namiz\u0259d c\u0259nab \u0130lham \u018fliyevin yenid\u0259n Az\u0259rbaycan Respublikas\u0131n\u0131n prezidenti se\u00e7ilm\u0259si \u00fc\u00e7\u00fcn yekdillikl\u0259 ona s\u0259s ver\u0259c\u0259yik! \u018fziz v\u0259 h\u00f6rm\u0259tli z\u0259rdabl\u0131lar! M\u0259n Z\u0259rdabi yurdunun Bak\u0131da ya\u015fayan ziyal\u0131 h\u0259mkarlar\u0131m ad\u0131ndan sizl\u0259r\u0259 m\u00fcraci\u0259t edir\u0259m. V\u0259 tam \u0259minlikl\u0259 [&hellip;]\" \/>\n<meta property=\"og:url\" content=\"https:\/\/www.zerdab.com\/?p=12402\" \/>\n<meta property=\"og:site_name\" content=\"Z\u0259rdab.com\" \/>\n<meta property=\"article:published_time\" content=\"2013-10-03T08:39:30+00:00\" \/>\n<meta property=\"article:modified_time\" content=\"2013-10-05T08:11:23+00:00\" \/>\n<meta name=\"author\" content=\"admin\" \/>\n<meta name=\"twitter:card\" content=\"summary_large_image\" \/>\n<meta name=\"twitter:label1\" content=\"Written by\" \/>\n\t<meta name=\"twitter:data1\" content=\"admin\" \/>\n\t<meta name=\"twitter:label2\" content=\"Est. reading time\" \/>\n\t<meta name=\"twitter:data2\" content=\"13 minutes\" \/>\n<script type=\"application\/ld+json\" class=\"yoast-schema-graph\">{\"@context\":\"https:\/\/schema.org\",\"@graph\":[{\"@type\":\"Article\",\"@id\":\"https:\/\/www.zerdab.com\/?p=12402#article\",\"isPartOf\":{\"@id\":\"https:\/\/www.zerdab.com\/?p=12402\"},\"author\":{\"name\":\"admin\",\"@id\":\"https:\/\/www.zerdab.com\/#\/schema\/person\/97079b7570c1e89ec0d9e138c3672136\"},\"headline\":\"\u0130lham \u018fliyev\u0259 s\u0259s ver\u0259k!\",\"datePublished\":\"2013-10-03T08:39:30+00:00\",\"dateModified\":\"2013-10-05T08:11:23+00:00\",\"mainEntityOfPage\":{\"@id\":\"https:\/\/www.zerdab.com\/?p=12402\"},\"wordCount\":2646,\"commentCount\":9,\"articleSection\":[\"YAZARLAR\"],\"inLanguage\":\"az\",\"potentialAction\":[{\"@type\":\"CommentAction\",\"name\":\"Comment\",\"target\":[\"https:\/\/www.zerdab.com\/?p=12402#respond\"]}]},{\"@type\":\"WebPage\",\"@id\":\"https:\/\/www.zerdab.com\/?p=12402\",\"url\":\"https:\/\/www.zerdab.com\/?p=12402\",\"name\":\"\u0130lham \u018fliyev\u0259 s\u0259s ver\u0259k! - Z\u0259rdab.com\",\"isPartOf\":{\"@id\":\"https:\/\/www.zerdab.com\/#website\"},\"datePublished\":\"2013-10-03T08:39:30+00:00\",\"dateModified\":\"2013-10-05T08:11:23+00:00\",\"author\":{\"@id\":\"https:\/\/www.zerdab.com\/#\/schema\/person\/97079b7570c1e89ec0d9e138c3672136\"},\"breadcrumb\":{\"@id\":\"https:\/\/www.zerdab.com\/?p=12402#breadcrumb\"},\"inLanguage\":\"az\",\"potentialAction\":[{\"@type\":\"ReadAction\",\"target\":[\"https:\/\/www.zerdab.com\/?p=12402\"]}]},{\"@type\":\"BreadcrumbList\",\"@id\":\"https:\/\/www.zerdab.com\/?p=12402#breadcrumb\",\"itemListElement\":[{\"@type\":\"ListItem\",\"position\":1,\"name\":\"Home\",\"item\":\"https:\/\/www.zerdab.com\/\"},{\"@type\":\"ListItem\",\"position\":2,\"name\":\"\u0130lham \u018fliyev\u0259 s\u0259s ver\u0259k!\"}]},{\"@type\":\"WebSite\",\"@id\":\"https:\/\/www.zerdab.com\/#website\",\"url\":\"https:\/\/www.zerdab.com\/\",\"name\":\"Z\u0259rdab.com\",\"description\":\"\",\"potentialAction\":[{\"@type\":\"SearchAction\",\"target\":{\"@type\":\"EntryPoint\",\"urlTemplate\":\"https:\/\/www.zerdab.com\/?s={search_term_string}\"},\"query-input\":{\"@type\":\"PropertyValueSpecification\",\"valueRequired\":true,\"valueName\":\"search_term_string\"}}],\"inLanguage\":\"az\"},{\"@type\":\"Person\",\"@id\":\"https:\/\/www.zerdab.com\/#\/schema\/person\/97079b7570c1e89ec0d9e138c3672136\",\"name\":\"admin\",\"image\":{\"@type\":\"ImageObject\",\"inLanguage\":\"az\",\"@id\":\"https:\/\/www.zerdab.com\/#\/schema\/person\/image\/\",\"url\":\"https:\/\/secure.gravatar.com\/avatar\/d9c52a9a27c32119cb6679a077fa3e2779e5f822c451cbf01098004361d466ec?s=96&d=mm&r=g\",\"contentUrl\":\"https:\/\/secure.gravatar.com\/avatar\/d9c52a9a27c32119cb6679a077fa3e2779e5f822c451cbf01098004361d466ec?s=96&d=mm&r=g\",\"caption\":\"admin\"},\"url\":\"https:\/\/www.zerdab.com\/?author=1\"}]}<\/script>\n<!-- \/ Yoast SEO plugin. -->","yoast_head_json":{"title":"\u0130lham \u018fliyev\u0259 s\u0259s ver\u0259k! - Z\u0259rdab.com","robots":{"index":"index","follow":"follow","max-snippet":"max-snippet:-1","max-image-preview":"max-image-preview:large","max-video-preview":"max-video-preview:-1"},"canonical":"https:\/\/www.zerdab.com\/?p=12402","og_locale":"az_AZ","og_type":"article","og_title":"\u0130lham \u018fliyev\u0259 s\u0259s ver\u0259k! - Z\u0259rdab.com","og_description":"\u015e\u0259xsiyy\u0259t\u0259 inam v\u0259 \u00fcmid dolu arzular \u018fziz z\u0259rdabl\u0131lar! Biz, Z\u0259rdabi yurdunun \u00f6vladlar\u0131 9 oktyabr 2013-c\u00fc il tarixind\u0259 ke\u00e7iril\u0259c\u0259k prezident se\u00e7kil\u0259rind\u0259 Az\u0259rbaycan Respublikas\u0131n\u0131n prezidentliyin\u0259 namiz\u0259d c\u0259nab \u0130lham \u018fliyevin yenid\u0259n Az\u0259rbaycan Respublikas\u0131n\u0131n prezidenti se\u00e7ilm\u0259si \u00fc\u00e7\u00fcn yekdillikl\u0259 ona s\u0259s ver\u0259c\u0259yik! \u018fziz v\u0259 h\u00f6rm\u0259tli z\u0259rdabl\u0131lar! M\u0259n Z\u0259rdabi yurdunun Bak\u0131da ya\u015fayan ziyal\u0131 h\u0259mkarlar\u0131m ad\u0131ndan sizl\u0259r\u0259 m\u00fcraci\u0259t edir\u0259m. V\u0259 tam \u0259minlikl\u0259 [&hellip;]","og_url":"https:\/\/www.zerdab.com\/?p=12402","og_site_name":"Z\u0259rdab.com","article_published_time":"2013-10-03T08:39:30+00:00","article_modified_time":"2013-10-05T08:11:23+00:00","author":"admin","twitter_card":"summary_large_image","twitter_misc":{"Written by":"admin","Est. reading time":"13 minutes"},"schema":{"@context":"https:\/\/schema.org","@graph":[{"@type":"Article","@id":"https:\/\/www.zerdab.com\/?p=12402#article","isPartOf":{"@id":"https:\/\/www.zerdab.com\/?p=12402"},"author":{"name":"admin","@id":"https:\/\/www.zerdab.com\/#\/schema\/person\/97079b7570c1e89ec0d9e138c3672136"},"headline":"\u0130lham \u018fliyev\u0259 s\u0259s ver\u0259k!","datePublished":"2013-10-03T08:39:30+00:00","dateModified":"2013-10-05T08:11:23+00:00","mainEntityOfPage":{"@id":"https:\/\/www.zerdab.com\/?p=12402"},"wordCount":2646,"commentCount":9,"articleSection":["YAZARLAR"],"inLanguage":"az","potentialAction":[{"@type":"CommentAction","name":"Comment","target":["https:\/\/www.zerdab.com\/?p=12402#respond"]}]},{"@type":"WebPage","@id":"https:\/\/www.zerdab.com\/?p=12402","url":"https:\/\/www.zerdab.com\/?p=12402","name":"\u0130lham \u018fliyev\u0259 s\u0259s ver\u0259k! - Z\u0259rdab.com","isPartOf":{"@id":"https:\/\/www.zerdab.com\/#website"},"datePublished":"2013-10-03T08:39:30+00:00","dateModified":"2013-10-05T08:11:23+00:00","author":{"@id":"https:\/\/www.zerdab.com\/#\/schema\/person\/97079b7570c1e89ec0d9e138c3672136"},"breadcrumb":{"@id":"https:\/\/www.zerdab.com\/?p=12402#breadcrumb"},"inLanguage":"az","potentialAction":[{"@type":"ReadAction","target":["https:\/\/www.zerdab.com\/?p=12402"]}]},{"@type":"BreadcrumbList","@id":"https:\/\/www.zerdab.com\/?p=12402#breadcrumb","itemListElement":[{"@type":"ListItem","position":1,"name":"Home","item":"https:\/\/www.zerdab.com\/"},{"@type":"ListItem","position":2,"name":"\u0130lham \u018fliyev\u0259 s\u0259s ver\u0259k!"}]},{"@type":"WebSite","@id":"https:\/\/www.zerdab.com\/#website","url":"https:\/\/www.zerdab.com\/","name":"Z\u0259rdab.com","description":"","potentialAction":[{"@type":"SearchAction","target":{"@type":"EntryPoint","urlTemplate":"https:\/\/www.zerdab.com\/?s={search_term_string}"},"query-input":{"@type":"PropertyValueSpecification","valueRequired":true,"valueName":"search_term_string"}}],"inLanguage":"az"},{"@type":"Person","@id":"https:\/\/www.zerdab.com\/#\/schema\/person\/97079b7570c1e89ec0d9e138c3672136","name":"admin","image":{"@type":"ImageObject","inLanguage":"az","@id":"https:\/\/www.zerdab.com\/#\/schema\/person\/image\/","url":"https:\/\/secure.gravatar.com\/avatar\/d9c52a9a27c32119cb6679a077fa3e2779e5f822c451cbf01098004361d466ec?s=96&d=mm&r=g","contentUrl":"https:\/\/secure.gravatar.com\/avatar\/d9c52a9a27c32119cb6679a077fa3e2779e5f822c451cbf01098004361d466ec?s=96&d=mm&r=g","caption":"admin"},"url":"https:\/\/www.zerdab.com\/?author=1"}]}},"_links":{"self":[{"href":"https:\/\/www.zerdab.com\/index.php?rest_route=\/wp\/v2\/posts\/12402","targetHints":{"allow":["GET"]}}],"collection":[{"href":"https:\/\/www.zerdab.com\/index.php?rest_route=\/wp\/v2\/posts"}],"about":[{"href":"https:\/\/www.zerdab.com\/index.php?rest_route=\/wp\/v2\/types\/post"}],"author":[{"embeddable":true,"href":"https:\/\/www.zerdab.com\/index.php?rest_route=\/wp\/v2\/users\/1"}],"replies":[{"embeddable":true,"href":"https:\/\/www.zerdab.com\/index.php?rest_route=%2Fwp%2Fv2%2Fcomments&post=12402"}],"version-history":[{"count":7,"href":"https:\/\/www.zerdab.com\/index.php?rest_route=\/wp\/v2\/posts\/12402\/revisions"}],"predecessor-version":[{"id":12501,"href":"https:\/\/www.zerdab.com\/index.php?rest_route=\/wp\/v2\/posts\/12402\/revisions\/12501"}],"wp:attachment":[{"href":"https:\/\/www.zerdab.com\/index.php?rest_route=%2Fwp%2Fv2%2Fmedia&parent=12402"}],"wp:term":[{"taxonomy":"category","embeddable":true,"href":"https:\/\/www.zerdab.com\/index.php?rest_route=%2Fwp%2Fv2%2Fcategories&post=12402"},{"taxonomy":"post_tag","embeddable":true,"href":"https:\/\/www.zerdab.com\/index.php?rest_route=%2Fwp%2Fv2%2Ftags&post=12402"}],"curies":[{"name":"wp","href":"https:\/\/api.w.org\/{rel}","templated":true}]}}