{"id":12410,"date":"2013-10-03T14:24:38","date_gmt":"2013-10-03T09:24:38","guid":{"rendered":"http:\/\/www.zerdab.com\/?p=12410"},"modified":"2013-10-03T22:40:14","modified_gmt":"2013-10-03T17:40:14","slug":"z%c9%99rdabda-ilk-d%c9%99f%c9%99-seckil%c9%99rd%c9%99-istirak-ed%c9%99c%c9%99k-g%c9%99ncl%c9%99r-ucun-t%c9%99lim-kecirilib-foto","status":"publish","type":"post","link":"https:\/\/www.zerdab.com\/?p=12410","title":{"rendered":"Z\u0259rdabda ilk d\u0259f\u0259 se\u00e7kil\u0259rd\u0259 i\u015ftirak ed\u0259c\u0259k g\u0259ncl\u0259r \u00fc\u00e7\u00fcn t\u0259lim ke\u00e7irilib"},"content":{"rendered":"<p><span style=\"color: #000000;\"><strong><img loading=\"lazy\" decoding=\"async\" class=\"aligncenter size-large wp-image-12411\" alt=\"Region G\u0259ncl\u0259rinin \u0130nki\u015faf\u0131na t\u00f6hf\u0259 \u0130ctimai Birliyi\" src=\"http:\/\/www.zerdab.com\/wp-content\/uploads\/2013\/10\/Region-G\u0259ncl\u0259rinin-\u0130nki\u015faf\u0131na-t\u00f6hf\u0259-\u0130ctimai-Birliyi-550x366.jpg\" width=\"550\" height=\"366\" \/>2 oktyab\u0131r 2013-c\u00fc il tarixd\u0259 Z\u0259rdab rayon M\u0259d\u0259niyy\u0259t Evind\u0259 \u201cRegion G\u0259ncl\u0259rinin \u0130nki\u015faf\u0131na t\u00f6hf\u0259\u201d \u0130ctimai Birliyinin Az\u0259rbaycan Respublikas\u0131n\u0131n Prezidenti yan\u0131nda G\u0259ncl\u0259r Fondunun maliyy\u0259 d\u0259st\u0259yi il\u0259 \u201c\u0130lk d\u0259f\u0259 se\u00e7kil\u0259rd\u0259 i\u015ftirak ed\u0259c\u0259k g\u0259ncl\u0259r aras\u0131nda maarifl\u0259ndirm\u0259 i\u015fl\u0259rinin apar\u0131lmas\u0131\u201d adl\u0131 layih\u0259sinin icras\u0131 m\u0259qs\u0259di il\u0259 t\u0259lim ke\u00e7irilib.<\/strong> <\/span>\u201cRegion G\u0259ncl\u0259rinin \u0130nki\u015faf\u0131na t\u00f6hf\u0259\u201d \u0130ctimai Birliyind\u0259n Zerdab.com sayt\u0131na veril\u0259n m\u0259lumata g\u00f6r\u0259, layih\u0259nin \u0259sas m\u0259qs\u0259di se\u00e7kil\u0259rd\u0259 ilk d\u0259f\u0259 i\u015ftirak ed\u0259c\u0259k g\u0259ncl\u0259r\u0259 diqq\u0259ti daha da art\u0131rmaq v\u0259 onlar\u0131n se\u00e7ki maarifl\u0259ndirilm\u0259sin\u0259 k\u00f6m\u0259k etm\u0259k, region g\u0259ncl\u0259rinin ictimai f\u0259all\u0131\u011f\u0131n\u0131n art\u0131r\u0131lmas\u0131na d\u0259st\u0259k olmaqd\u0131r. Z\u0259rdab rayon G\u0259ncl\u0259r v\u0259 \u0130dman \u0130dar\u0259sinin v\u0259 92 sayl\u0131 Z\u0259rdab-Ucar dair\u0259 se\u00e7ki komissiyas\u0131n\u0131n n\u00fcmaynd\u0259l\u0259rinin i\u015ftirak etdiyi t\u0259limd\u0259 Az\u0259rbaycan Respublikas\u0131n\u0131n Konstitusiyas\u0131nda v\u0259 Az\u0259rbaycan Respublikas\u0131n\u0131n Se\u00e7ki M\u0259c\u0259ll\u0259sind\u0259 n\u0259z\u0259rd\u0259 tutulan se\u00e7kil\u0259rd\u0259 i\u015ftirak h\u00fcquqlar\u0131 il\u0259 ba\u011fl\u0131 \u0259trafl\u0131 m\u0259lumat verilib.<\/p>\n<p>T\u0259dbird\u0259 \u00e7\u0131x\u0131\u015f ed\u0259n Z\u0259rdab Rayon G\u0259ncl\u0259r v\u0259 \u0130dman \u0130dar\u0259sinin r\u0259isi \u0130lkin \u018fliyev \u00f6lk\u0259mizd\u0259 ke\u00e7iril\u0259c\u0259k Prezident se\u00e7kil\u0259ri \u0259r\u0259f\u0259sind\u0259 g\u0259ncl\u0259rin, x\u00fcsusil\u0259 d\u0259 ilk d\u0259f\u0259 se\u00e7kil\u0259rd\u0259 i\u015ftirak ed\u0259c\u0259k g\u0259ncl\u0259rin s\u0259sverm\u0259d\u0259 aktivliyinin art\u0131r\u0131lmas\u0131 v\u0259 onlar\u0131n m\u00fcst\u0259qil se\u00e7im h\u00fcquqlar\u0131n\u0131n izah\u0131 bax\u0131m\u0131ndan bu kimi t\u0259dbirl\u0259rin \u00f6n\u0259mind\u0259n dan\u0131\u015f\u0131b.<\/p>\n<p>T\u0259dbird\u0259 t\u0259lim\u00e7il\u0259r t\u0259r\u0259find\u0259n g\u0259ncl\u0259rin s\u0259sverm\u0259d\u0259 i\u015ftiraklar\u0131n\u0131n \u00f6n\u0259mi, se\u00e7ki m\u0259nt\u0259q\u0259l\u0259rind\u0259 davran\u0131\u015f qaydalar\u0131 v\u0259 s\u0259sverm\u0259 zaman\u0131 m\u00fcst\u0259qil se\u00e7im h\u00fcququna malik olmalar\u0131 bar\u0259d\u0259 maarifl\u0259ndirici informasiyalar verilib..<\/p>\n<p>M\u00f6vzuya uy\u011fun \u00e7ap olunmu\u015f bukletl\u0259r, \u00fcz\u0259rl\u0259rind\u0259 \u201c9 oktyab\u0131r Prezident se\u00e7kil\u0259rind\u0259 i\u015ftirak ed\u0259k\u201d \u015f\u00fcarlar\u0131 yaz\u0131lm\u0131\u015f k\u00f6yn\u0259kl\u0259r v\u0259 papaqlar da paylan\u0131b.<\/p>\n<p>Sonda bildirilib ki, t\u0259lim kursu bir ne\u00e7\u0259 g\u00fcn davam ed\u0259c\u0259k v\u0259 rayon \u0259razisind\u0259 ilk d\u0259f\u0259 se\u00e7kil\u0259rd\u0259 i\u015ftirak ed\u0259c\u0259k g\u0259ncl\u0259rin \u0259ks\u0259r hiss\u0259si t\u0259liml\u0259r\u0259 c\u0259lb olunacaq.<img loading=\"lazy\" decoding=\"async\" class=\"aligncenter size-large wp-image-12413\" alt=\"Region G\u0259ncl\u0259rinin \u0130nki\u015faf\u0131na t\u00f6hf\u0259 \u0130ctimai Birliyi\" src=\"http:\/\/www.zerdab.com\/wp-content\/uploads\/2013\/10\/Region-G\u0259ncl\u0259rinin-\u0130nki\u015faf\u0131na-t\u00f6hf\u0259-\u0130ctimai-Birliyi2-550x366.jpg\" width=\"550\" height=\"366\" \/><\/p>\n<p><img loading=\"lazy\" decoding=\"async\" class=\"aligncenter size-large wp-image-12412\" alt=\"Region G\u0259ncl\u0259rinin \u0130nki\u015faf\u0131na t\u00f6hf\u0259 \u0130ctimai Birliyi\" src=\"http:\/\/www.zerdab.com\/wp-content\/uploads\/2013\/10\/Region-G\u0259ncl\u0259rinin-\u0130nki\u015faf\u0131na-t\u00f6hf\u0259-\u0130ctimai-Birliyi1-550x366.jpg\" width=\"550\" height=\"366\" \/><\/p>\n","protected":false},"excerpt":{"rendered":"<p>2 oktyab\u0131r 2013-c\u00fc il tarixd\u0259 Z\u0259rdab rayon M\u0259d\u0259niyy\u0259t Evind\u0259 \u201cRegion G\u0259ncl\u0259rinin \u0130nki\u015faf\u0131na t\u00f6hf\u0259\u201d \u0130ctimai Birliyinin Az\u0259rbaycan Respublikas\u0131n\u0131n Prezidenti yan\u0131nda G\u0259ncl\u0259r Fondunun maliyy\u0259 d\u0259st\u0259yi il\u0259 \u201c\u0130lk d\u0259f\u0259 se\u00e7kil\u0259rd\u0259 i\u015ftirak ed\u0259c\u0259k g\u0259ncl\u0259r aras\u0131nda maarifl\u0259ndirm\u0259 i\u015fl\u0259rinin apar\u0131lmas\u0131\u201d adl\u0131 layih\u0259sinin icras\u0131 m\u0259qs\u0259di il\u0259 t\u0259lim ke\u00e7irilib. \u201cRegion G\u0259ncl\u0259rinin \u0130nki\u015faf\u0131na t\u00f6hf\u0259\u201d \u0130ctimai Birliyind\u0259n Zerdab.com sayt\u0131na veril\u0259n m\u0259lumata g\u00f6r\u0259, layih\u0259nin \u0259sas m\u0259qs\u0259di [&hellip;]<\/p>\n","protected":false},"author":1,"featured_media":0,"comment_status":"open","ping_status":"open","sticky":false,"template":"","format":"standard","meta":{"footnotes":""},"categories":[21],"tags":[],"class_list":{"0":"post-12410","1":"post","2":"type-post","3":"status-publish","4":"format-standard","6":"category-zrdab"},"yoast_head":"<!-- This site is optimized with the Yoast SEO plugin v27.0 - https:\/\/yoast.com\/product\/yoast-seo-wordpress\/ -->\n<title>Z\u0259rdabda ilk d\u0259f\u0259 se\u00e7kil\u0259rd\u0259 i\u015ftirak ed\u0259c\u0259k g\u0259ncl\u0259r \u00fc\u00e7\u00fcn t\u0259lim ke\u00e7irilib - Z\u0259rdab.com<\/title>\n<meta name=\"robots\" content=\"index, follow, max-snippet:-1, max-image-preview:large, max-video-preview:-1\" \/>\n<link rel=\"canonical\" href=\"https:\/\/www.zerdab.com\/?p=12410\" \/>\n<meta property=\"og:locale\" content=\"az_AZ\" \/>\n<meta property=\"og:type\" content=\"article\" \/>\n<meta property=\"og:title\" content=\"Z\u0259rdabda ilk d\u0259f\u0259 se\u00e7kil\u0259rd\u0259 i\u015ftirak ed\u0259c\u0259k g\u0259ncl\u0259r \u00fc\u00e7\u00fcn t\u0259lim ke\u00e7irilib - Z\u0259rdab.com\" \/>\n<meta property=\"og:description\" content=\"2 oktyab\u0131r 2013-c\u00fc il tarixd\u0259 Z\u0259rdab rayon M\u0259d\u0259niyy\u0259t Evind\u0259 \u201cRegion G\u0259ncl\u0259rinin \u0130nki\u015faf\u0131na t\u00f6hf\u0259\u201d \u0130ctimai Birliyinin Az\u0259rbaycan Respublikas\u0131n\u0131n Prezidenti yan\u0131nda G\u0259ncl\u0259r Fondunun maliyy\u0259 d\u0259st\u0259yi il\u0259 \u201c\u0130lk d\u0259f\u0259 se\u00e7kil\u0259rd\u0259 i\u015ftirak ed\u0259c\u0259k g\u0259ncl\u0259r aras\u0131nda maarifl\u0259ndirm\u0259 i\u015fl\u0259rinin apar\u0131lmas\u0131\u201d adl\u0131 layih\u0259sinin icras\u0131 m\u0259qs\u0259di il\u0259 t\u0259lim ke\u00e7irilib. \u201cRegion G\u0259ncl\u0259rinin \u0130nki\u015faf\u0131na t\u00f6hf\u0259\u201d \u0130ctimai Birliyind\u0259n Zerdab.com sayt\u0131na veril\u0259n m\u0259lumata g\u00f6r\u0259, layih\u0259nin \u0259sas m\u0259qs\u0259di [&hellip;]\" \/>\n<meta property=\"og:url\" content=\"https:\/\/www.zerdab.com\/?p=12410\" \/>\n<meta property=\"og:site_name\" content=\"Z\u0259rdab.com\" \/>\n<meta property=\"article:published_time\" content=\"2013-10-03T09:24:38+00:00\" \/>\n<meta property=\"article:modified_time\" content=\"2013-10-03T17:40:14+00:00\" \/>\n<meta name=\"author\" content=\"admin\" \/>\n<meta name=\"twitter:card\" content=\"summary_large_image\" \/>\n<meta name=\"twitter:label1\" content=\"Written by\" \/>\n\t<meta name=\"twitter:data1\" content=\"admin\" \/>\n\t<meta name=\"twitter:label2\" content=\"Est. reading time\" \/>\n\t<meta name=\"twitter:data2\" content=\"2 minutes\" \/>\n<script type=\"application\/ld+json\" class=\"yoast-schema-graph\">{\"@context\":\"https:\/\/schema.org\",\"@graph\":[{\"@type\":\"Article\",\"@id\":\"https:\/\/www.zerdab.com\/?p=12410#article\",\"isPartOf\":{\"@id\":\"https:\/\/www.zerdab.com\/?p=12410\"},\"author\":{\"name\":\"admin\",\"@id\":\"https:\/\/www.zerdab.com\/#\/schema\/person\/97079b7570c1e89ec0d9e138c3672136\"},\"headline\":\"Z\u0259rdabda ilk d\u0259f\u0259 se\u00e7kil\u0259rd\u0259 i\u015ftirak ed\u0259c\u0259k g\u0259ncl\u0259r \u00fc\u00e7\u00fcn t\u0259lim ke\u00e7irilib\",\"datePublished\":\"2013-10-03T09:24:38+00:00\",\"dateModified\":\"2013-10-03T17:40:14+00:00\",\"mainEntityOfPage\":{\"@id\":\"https:\/\/www.zerdab.com\/?p=12410\"},\"wordCount\":451,\"commentCount\":1,\"articleSection\":[\"C\u018fM\u0130YY\u018fT\"],\"inLanguage\":\"az\",\"potentialAction\":[{\"@type\":\"CommentAction\",\"name\":\"Comment\",\"target\":[\"https:\/\/www.zerdab.com\/?p=12410#respond\"]}]},{\"@type\":\"WebPage\",\"@id\":\"https:\/\/www.zerdab.com\/?p=12410\",\"url\":\"https:\/\/www.zerdab.com\/?p=12410\",\"name\":\"Z\u0259rdabda ilk d\u0259f\u0259 se\u00e7kil\u0259rd\u0259 i\u015ftirak ed\u0259c\u0259k g\u0259ncl\u0259r \u00fc\u00e7\u00fcn t\u0259lim ke\u00e7irilib - Z\u0259rdab.com\",\"isPartOf\":{\"@id\":\"https:\/\/www.zerdab.com\/#website\"},\"datePublished\":\"2013-10-03T09:24:38+00:00\",\"dateModified\":\"2013-10-03T17:40:14+00:00\",\"author\":{\"@id\":\"https:\/\/www.zerdab.com\/#\/schema\/person\/97079b7570c1e89ec0d9e138c3672136\"},\"breadcrumb\":{\"@id\":\"https:\/\/www.zerdab.com\/?p=12410#breadcrumb\"},\"inLanguage\":\"az\",\"potentialAction\":[{\"@type\":\"ReadAction\",\"target\":[\"https:\/\/www.zerdab.com\/?p=12410\"]}]},{\"@type\":\"BreadcrumbList\",\"@id\":\"https:\/\/www.zerdab.com\/?p=12410#breadcrumb\",\"itemListElement\":[{\"@type\":\"ListItem\",\"position\":1,\"name\":\"Home\",\"item\":\"https:\/\/www.zerdab.com\/\"},{\"@type\":\"ListItem\",\"position\":2,\"name\":\"Z\u0259rdabda ilk d\u0259f\u0259 se\u00e7kil\u0259rd\u0259 i\u015ftirak ed\u0259c\u0259k g\u0259ncl\u0259r \u00fc\u00e7\u00fcn t\u0259lim ke\u00e7irilib\"}]},{\"@type\":\"WebSite\",\"@id\":\"https:\/\/www.zerdab.com\/#website\",\"url\":\"https:\/\/www.zerdab.com\/\",\"name\":\"Z\u0259rdab.com\",\"description\":\"\",\"potentialAction\":[{\"@type\":\"SearchAction\",\"target\":{\"@type\":\"EntryPoint\",\"urlTemplate\":\"https:\/\/www.zerdab.com\/?s={search_term_string}\"},\"query-input\":{\"@type\":\"PropertyValueSpecification\",\"valueRequired\":true,\"valueName\":\"search_term_string\"}}],\"inLanguage\":\"az\"},{\"@type\":\"Person\",\"@id\":\"https:\/\/www.zerdab.com\/#\/schema\/person\/97079b7570c1e89ec0d9e138c3672136\",\"name\":\"admin\",\"image\":{\"@type\":\"ImageObject\",\"inLanguage\":\"az\",\"@id\":\"https:\/\/www.zerdab.com\/#\/schema\/person\/image\/\",\"url\":\"https:\/\/secure.gravatar.com\/avatar\/d9c52a9a27c32119cb6679a077fa3e2779e5f822c451cbf01098004361d466ec?s=96&d=mm&r=g\",\"contentUrl\":\"https:\/\/secure.gravatar.com\/avatar\/d9c52a9a27c32119cb6679a077fa3e2779e5f822c451cbf01098004361d466ec?s=96&d=mm&r=g\",\"caption\":\"admin\"},\"url\":\"https:\/\/www.zerdab.com\/?author=1\"}]}<\/script>\n<!-- \/ Yoast SEO plugin. -->","yoast_head_json":{"title":"Z\u0259rdabda ilk d\u0259f\u0259 se\u00e7kil\u0259rd\u0259 i\u015ftirak ed\u0259c\u0259k g\u0259ncl\u0259r \u00fc\u00e7\u00fcn t\u0259lim ke\u00e7irilib - Z\u0259rdab.com","robots":{"index":"index","follow":"follow","max-snippet":"max-snippet:-1","max-image-preview":"max-image-preview:large","max-video-preview":"max-video-preview:-1"},"canonical":"https:\/\/www.zerdab.com\/?p=12410","og_locale":"az_AZ","og_type":"article","og_title":"Z\u0259rdabda ilk d\u0259f\u0259 se\u00e7kil\u0259rd\u0259 i\u015ftirak ed\u0259c\u0259k g\u0259ncl\u0259r \u00fc\u00e7\u00fcn t\u0259lim ke\u00e7irilib - Z\u0259rdab.com","og_description":"2 oktyab\u0131r 2013-c\u00fc il tarixd\u0259 Z\u0259rdab rayon M\u0259d\u0259niyy\u0259t Evind\u0259 \u201cRegion G\u0259ncl\u0259rinin \u0130nki\u015faf\u0131na t\u00f6hf\u0259\u201d \u0130ctimai Birliyinin Az\u0259rbaycan Respublikas\u0131n\u0131n Prezidenti yan\u0131nda G\u0259ncl\u0259r Fondunun maliyy\u0259 d\u0259st\u0259yi il\u0259 \u201c\u0130lk d\u0259f\u0259 se\u00e7kil\u0259rd\u0259 i\u015ftirak ed\u0259c\u0259k g\u0259ncl\u0259r aras\u0131nda maarifl\u0259ndirm\u0259 i\u015fl\u0259rinin apar\u0131lmas\u0131\u201d adl\u0131 layih\u0259sinin icras\u0131 m\u0259qs\u0259di il\u0259 t\u0259lim ke\u00e7irilib. \u201cRegion G\u0259ncl\u0259rinin \u0130nki\u015faf\u0131na t\u00f6hf\u0259\u201d \u0130ctimai Birliyind\u0259n Zerdab.com sayt\u0131na veril\u0259n m\u0259lumata g\u00f6r\u0259, layih\u0259nin \u0259sas m\u0259qs\u0259di [&hellip;]","og_url":"https:\/\/www.zerdab.com\/?p=12410","og_site_name":"Z\u0259rdab.com","article_published_time":"2013-10-03T09:24:38+00:00","article_modified_time":"2013-10-03T17:40:14+00:00","author":"admin","twitter_card":"summary_large_image","twitter_misc":{"Written by":"admin","Est. reading time":"2 minutes"},"schema":{"@context":"https:\/\/schema.org","@graph":[{"@type":"Article","@id":"https:\/\/www.zerdab.com\/?p=12410#article","isPartOf":{"@id":"https:\/\/www.zerdab.com\/?p=12410"},"author":{"name":"admin","@id":"https:\/\/www.zerdab.com\/#\/schema\/person\/97079b7570c1e89ec0d9e138c3672136"},"headline":"Z\u0259rdabda ilk d\u0259f\u0259 se\u00e7kil\u0259rd\u0259 i\u015ftirak ed\u0259c\u0259k g\u0259ncl\u0259r \u00fc\u00e7\u00fcn t\u0259lim ke\u00e7irilib","datePublished":"2013-10-03T09:24:38+00:00","dateModified":"2013-10-03T17:40:14+00:00","mainEntityOfPage":{"@id":"https:\/\/www.zerdab.com\/?p=12410"},"wordCount":451,"commentCount":1,"articleSection":["C\u018fM\u0130YY\u018fT"],"inLanguage":"az","potentialAction":[{"@type":"CommentAction","name":"Comment","target":["https:\/\/www.zerdab.com\/?p=12410#respond"]}]},{"@type":"WebPage","@id":"https:\/\/www.zerdab.com\/?p=12410","url":"https:\/\/www.zerdab.com\/?p=12410","name":"Z\u0259rdabda ilk d\u0259f\u0259 se\u00e7kil\u0259rd\u0259 i\u015ftirak ed\u0259c\u0259k g\u0259ncl\u0259r \u00fc\u00e7\u00fcn t\u0259lim ke\u00e7irilib - Z\u0259rdab.com","isPartOf":{"@id":"https:\/\/www.zerdab.com\/#website"},"datePublished":"2013-10-03T09:24:38+00:00","dateModified":"2013-10-03T17:40:14+00:00","author":{"@id":"https:\/\/www.zerdab.com\/#\/schema\/person\/97079b7570c1e89ec0d9e138c3672136"},"breadcrumb":{"@id":"https:\/\/www.zerdab.com\/?p=12410#breadcrumb"},"inLanguage":"az","potentialAction":[{"@type":"ReadAction","target":["https:\/\/www.zerdab.com\/?p=12410"]}]},{"@type":"BreadcrumbList","@id":"https:\/\/www.zerdab.com\/?p=12410#breadcrumb","itemListElement":[{"@type":"ListItem","position":1,"name":"Home","item":"https:\/\/www.zerdab.com\/"},{"@type":"ListItem","position":2,"name":"Z\u0259rdabda ilk d\u0259f\u0259 se\u00e7kil\u0259rd\u0259 i\u015ftirak ed\u0259c\u0259k g\u0259ncl\u0259r \u00fc\u00e7\u00fcn t\u0259lim ke\u00e7irilib"}]},{"@type":"WebSite","@id":"https:\/\/www.zerdab.com\/#website","url":"https:\/\/www.zerdab.com\/","name":"Z\u0259rdab.com","description":"","potentialAction":[{"@type":"SearchAction","target":{"@type":"EntryPoint","urlTemplate":"https:\/\/www.zerdab.com\/?s={search_term_string}"},"query-input":{"@type":"PropertyValueSpecification","valueRequired":true,"valueName":"search_term_string"}}],"inLanguage":"az"},{"@type":"Person","@id":"https:\/\/www.zerdab.com\/#\/schema\/person\/97079b7570c1e89ec0d9e138c3672136","name":"admin","image":{"@type":"ImageObject","inLanguage":"az","@id":"https:\/\/www.zerdab.com\/#\/schema\/person\/image\/","url":"https:\/\/secure.gravatar.com\/avatar\/d9c52a9a27c32119cb6679a077fa3e2779e5f822c451cbf01098004361d466ec?s=96&d=mm&r=g","contentUrl":"https:\/\/secure.gravatar.com\/avatar\/d9c52a9a27c32119cb6679a077fa3e2779e5f822c451cbf01098004361d466ec?s=96&d=mm&r=g","caption":"admin"},"url":"https:\/\/www.zerdab.com\/?author=1"}]}},"_links":{"self":[{"href":"https:\/\/www.zerdab.com\/index.php?rest_route=\/wp\/v2\/posts\/12410","targetHints":{"allow":["GET"]}}],"collection":[{"href":"https:\/\/www.zerdab.com\/index.php?rest_route=\/wp\/v2\/posts"}],"about":[{"href":"https:\/\/www.zerdab.com\/index.php?rest_route=\/wp\/v2\/types\/post"}],"author":[{"embeddable":true,"href":"https:\/\/www.zerdab.com\/index.php?rest_route=\/wp\/v2\/users\/1"}],"replies":[{"embeddable":true,"href":"https:\/\/www.zerdab.com\/index.php?rest_route=%2Fwp%2Fv2%2Fcomments&post=12410"}],"version-history":[{"count":9,"href":"https:\/\/www.zerdab.com\/index.php?rest_route=\/wp\/v2\/posts\/12410\/revisions"}],"predecessor-version":[{"id":12442,"href":"https:\/\/www.zerdab.com\/index.php?rest_route=\/wp\/v2\/posts\/12410\/revisions\/12442"}],"wp:attachment":[{"href":"https:\/\/www.zerdab.com\/index.php?rest_route=%2Fwp%2Fv2%2Fmedia&parent=12410"}],"wp:term":[{"taxonomy":"category","embeddable":true,"href":"https:\/\/www.zerdab.com\/index.php?rest_route=%2Fwp%2Fv2%2Fcategories&post=12410"},{"taxonomy":"post_tag","embeddable":true,"href":"https:\/\/www.zerdab.com\/index.php?rest_route=%2Fwp%2Fv2%2Ftags&post=12410"}],"curies":[{"name":"wp","href":"https:\/\/api.w.org\/{rel}","templated":true}]}}