{"id":12506,"date":"2013-10-05T13:25:26","date_gmt":"2013-10-05T08:25:26","guid":{"rendered":"http:\/\/www.zerdab.com\/?p=12506"},"modified":"2013-10-05T13:25:26","modified_gmt":"2013-10-05T08:25:26","slug":"t%c9%99hsil-naziri-mikayil-cabbarovun-bayram-t%c9%99briki","status":"publish","type":"post","link":"https:\/\/www.zerdab.com\/?p=12506","title":{"rendered":"T\u0259hsil naziri Mikay\u0131l Cabbarovun bayram t\u0259briki"},"content":{"rendered":"<figure id=\"attachment_11086\" aria-describedby=\"caption-attachment-11086\" style=\"width: 400px\" class=\"wp-caption aligncenter\"><img loading=\"lazy\" decoding=\"async\" class=\"size-full wp-image-11086\" alt=\"T\u0259hsil naziri Mikayil Cabbarov\" src=\"http:\/\/www.zerdab.com\/wp-content\/uploads\/2013\/07\/T\u0259hsil-naziri-mikayil-cabbarov.jpg\" width=\"400\" height=\"326\" \/><figcaption id=\"caption-attachment-11086\" class=\"wp-caption-text\"><span style=\"color: #0000ff;\"><strong>T\u0259hsil naziri Mikay\u0131l Cabbarov<\/strong><\/span><\/figcaption><\/figure>\n<p><span style=\"color: #ff0000;\"><b>Az\u0259rbaycan Respublikas\u0131n\u0131n t\u0259hsil naziri Mikay\u0131l Cabbarov 5 oktyabr &#8211; Beyn\u0259lxalq M\u00fc\u0259lliml\u0259r G\u00fcn\u00fc m\u00fcnasib\u0259ti il\u0259 t<\/b><b>\u0259hsil <\/b><b>i\u015f\u00e7il<\/b><b>\u0259rini <\/b><b>t\u0259brik edib. Bu bar\u0259d\u0259 Zerdab.com sayt\u0131na T<\/b><b>\u0259hsil Nazirliyind\u0259n m\u0259lumat verilib<\/b><b>. T\u0259briki oxucular\u0131m\u0131za t<\/b><b>\u0259qdim edirik<\/b><b>:<\/b><\/span><\/p>\n<p><strong>\u018fziz m\u00fc\u0259lliml\u0259r, h\u00f6rm\u0259tli t\u0259hsil i\u015f\u00e7il\u0259ri!<\/strong><\/p>\n<p>T\u0259hsil c\u0259miyy\u0259tin inki\u015faf\u0131nda, insanlar\u0131n layiqli v\u0259t\u0259nda\u015f kimi formala\u015fmas\u0131nda m\u00fcst\u0259sna \u0259h\u0259miyy\u0259t\u0259 malikdir. B\u00fct\u00fcn d\u00f6vrl\u0259rd\u0259 h\u0259r bir \u00f6lk\u0259nin u\u011furlu g\u0259l\u0259c\u0259yi, ayr\u0131-ayr\u0131 sah\u0259l\u0259rd\u0259 \u0259ld\u0259 olunan nailiyy\u0259tl\u0259ri t\u0259hsilin inki\u015faf s\u0259viyy\u0259si il\u0259 m\u00fc\u0259yy\u0259n olunur. S\u00fcr\u0259tl\u0259 inki\u015faf ed\u0259n \u00f6lk\u0259mizd\u0259 t\u0259hsil sistemi daim yenil\u0259nm\u0259li, d\u00fcnya\u00a0 t\u0259hsilind\u0259ki s\u00fcr\u0259tli t\u0259r\u0259qqi prosesl\u0259rind\u0259n geri qalmamal\u0131d\u0131r. B\u00fct\u00fcn bunlar\u0131n t\u0259min olunmas\u0131 m\u0259qs\u0259di il\u0259 son ill\u0259r \u00f6lk\u0259 Prezidentinin r\u0259hb\u0259rliyi il\u0259 t\u0259hsil sah\u0259sind\u0259 \u00e7oxsayl\u0131\u00a0 proqram v\u0259 layih\u0259l\u0259r h\u0259yata ke\u00e7irilir.<\/p>\n<p>T\u0259hsil sisteminin qar\u015f\u0131s\u0131nda duran \u0259sas h\u0259d\u0259fl\u0259r\u0259 \u00e7atmaqda m\u00fc\u0259lliml\u0259rin \u00fcz\u0259rin\u0259 m\u00fch\u00fcm v\u0259zif\u0259l\u0259r d\u00fc\u015f\u00fcr. M\u00fc\u0259llim \u0259m\u0259yi \u0259n y\u00fcks\u0259k qiym\u0259t\u0259 v\u0259 ehtirama layiqdir. Bunun \u00fc\u00e7\u00fcn d\u0259 yarad\u0131c\u0131 m\u00fc\u0259llim potensial\u0131n\u0131 \u00fcz\u0259 \u00e7\u0131xarmaq, m\u00fcasir t\u0259lim texnologiyalar\u0131n\u0131n t\u0259tbiqi sah\u0259sind\u0259 u\u011furlu n\u0259tic\u0259l\u0259ri il\u0259 f\u0259rql\u0259n\u0259n istedadl\u0131 m\u00fc\u0259lliml\u0259ri m\u00fc\u0259yy\u0259n etm\u0259k, novatorlu\u011fa v\u0259 innovasiyalara meyilli m\u00fc\u0259lliml\u0259r\u0259 pedaqoji ustal\u0131qlar\u0131n\u0131 n\u00fcmayi\u015f etdirm\u0259k \u00fc\u00e7\u00fcn s\u0259m\u0259r\u0259li \u015f\u0259rait yaratmaq prioritet m\u0259s\u0259l\u0259l\u0259rd\u0259n biridir. M\u00fc\u0259lliml\u0259r h\u0259r bir c\u0259miyy\u0259tin elitas\u0131d\u0131r. XXI \u0259srd\u0259 bilik v\u0259 bacar\u0131qlar\u0131n\u00a0 \u00f6n\u0259mi daha da artacaqd\u0131r. Bu missiyada &#8220;\u00f6yr\u0259nm\u0259yi \u00f6yr\u0259tm\u0259k&#8221; v\u0259zif\u0259si m\u00fc\u0259lliml\u0259rin \u00fcz\u0259rin\u0259 d\u00fc\u015f\u00fcr. Dem\u0259li, c\u0259miyy\u0259timizin\u00a0 b\u00fct\u00fcn h\u0259d\u0259fl\u0259rinin\u00a0 ger\u00e7\u0259kl\u0259\u015fm\u0259si, h\u0259m d\u0259 m\u00fc\u0259lliml\u0259rimizin \u00f6z missiyas\u0131na nec\u0259 \u0259m\u0259l etm\u0259sind\u0259n as\u0131l\u0131 olacaqd\u0131r. Az\u0259rbaycan t\u0259hsilin\u0259, t\u0259hsil i\u015f\u00e7il\u0259rin\u0259 daim b\u00f6y\u00fck diqq\u0259t v\u0259 qay\u011f\u0131 g\u00f6st\u0259r\u0259n d\u00f6vl\u0259t ba\u015f\u00e7\u0131s\u0131 \u0259n\u0259n\u0259y\u0259 uy\u011fun olaraq, builki pe\u015f\u0259 bayramlar\u0131 \u0259r\u0259f\u0259sind\u0259 d\u0259 bir qrup t\u0259hsil i\u015f\u00e7isinin t\u0259hsilin inki\u015faf\u0131ndak\u0131 xidm\u0259tl\u0259rin\u0259 g\u00f6r\u0259 &#8220;\u018fm\u0259kdar m\u00fc\u0259llim&#8221; f\u0259xri ad\u0131 v\u0259 &#8220;T\u0259r\u0259qqi&#8221; medal\u0131 il\u0259 t\u0259ltif edilm\u0259si haqq\u0131nda s\u0259r\u0259ncamlar imzalay\u0131b. T\u0259ltif olunanlar\u0131 t\u0259brik edir, t\u0259hsilimiz\u0259 g\u00f6st\u0259rdiyi diqq\u0259t\u0259 g\u00f6r\u0259 m\u00f6ht\u0259r\u0259m Prezidentimiz\u0259 \u00e7oxminli t\u0259hsil i\u015f\u00e7il\u0259ri ad\u0131ndan minn\u0259tdarl\u0131\u011f\u0131m\u0131z\u0131 bildiririk. 5 oktyabr &#8211; Beyn\u0259lxalq M\u00fc\u0259lliml\u0259r G\u00fcn\u00fc m\u00fcnasib\u0259ti il\u0259 m\u00fc\u0259lliml\u0259rimizi\u00a0 \u00fcr\u0259kd\u0259n t\u0259brik edir, onlara yeni-yeni u\u011furlar arzulay\u0131ram.<\/p>\n","protected":false},"excerpt":{"rendered":"<p>Az\u0259rbaycan Respublikas\u0131n\u0131n t\u0259hsil naziri Mikay\u0131l Cabbarov 5 oktyabr &#8211; Beyn\u0259lxalq M\u00fc\u0259lliml\u0259r G\u00fcn\u00fc m\u00fcnasib\u0259ti il\u0259 t\u0259hsil i\u015f\u00e7il\u0259rini t\u0259brik edib. Bu bar\u0259d\u0259 Zerdab.com sayt\u0131na T\u0259hsil Nazirliyind\u0259n m\u0259lumat verilib. T\u0259briki oxucular\u0131m\u0131za t\u0259qdim edirik: \u018fziz m\u00fc\u0259lliml\u0259r, h\u00f6rm\u0259tli t\u0259hsil i\u015f\u00e7il\u0259ri! T\u0259hsil c\u0259miyy\u0259tin inki\u015faf\u0131nda, insanlar\u0131n layiqli v\u0259t\u0259nda\u015f kimi formala\u015fmas\u0131nda m\u00fcst\u0259sna \u0259h\u0259miyy\u0259t\u0259 malikdir. B\u00fct\u00fcn d\u00f6vrl\u0259rd\u0259 h\u0259r bir \u00f6lk\u0259nin u\u011furlu g\u0259l\u0259c\u0259yi, ayr\u0131-ayr\u0131 sah\u0259l\u0259rd\u0259 [&hellip;]<\/p>\n","protected":false},"author":1,"featured_media":0,"comment_status":"open","ping_status":"open","sticky":false,"template":"","format":"standard","meta":{"footnotes":""},"categories":[21],"tags":[],"class_list":{"0":"post-12506","1":"post","2":"type-post","3":"status-publish","4":"format-standard","6":"category-zrdab"},"yoast_head":"<!-- This site is optimized with the Yoast SEO plugin v27.0 - https:\/\/yoast.com\/product\/yoast-seo-wordpress\/ -->\n<title>T\u0259hsil naziri Mikay\u0131l Cabbarovun bayram t\u0259briki - Z\u0259rdab.com<\/title>\n<meta name=\"robots\" content=\"index, follow, max-snippet:-1, max-image-preview:large, max-video-preview:-1\" \/>\n<link rel=\"canonical\" href=\"https:\/\/www.zerdab.com\/?p=12506\" \/>\n<meta property=\"og:locale\" content=\"az_AZ\" \/>\n<meta property=\"og:type\" content=\"article\" \/>\n<meta property=\"og:title\" content=\"T\u0259hsil naziri Mikay\u0131l Cabbarovun bayram t\u0259briki - Z\u0259rdab.com\" \/>\n<meta property=\"og:description\" content=\"Az\u0259rbaycan Respublikas\u0131n\u0131n t\u0259hsil naziri Mikay\u0131l Cabbarov 5 oktyabr &#8211; Beyn\u0259lxalq M\u00fc\u0259lliml\u0259r G\u00fcn\u00fc m\u00fcnasib\u0259ti il\u0259 t\u0259hsil i\u015f\u00e7il\u0259rini t\u0259brik edib. Bu bar\u0259d\u0259 Zerdab.com sayt\u0131na T\u0259hsil Nazirliyind\u0259n m\u0259lumat verilib. T\u0259briki oxucular\u0131m\u0131za t\u0259qdim edirik: \u018fziz m\u00fc\u0259lliml\u0259r, h\u00f6rm\u0259tli t\u0259hsil i\u015f\u00e7il\u0259ri! T\u0259hsil c\u0259miyy\u0259tin inki\u015faf\u0131nda, insanlar\u0131n layiqli v\u0259t\u0259nda\u015f kimi formala\u015fmas\u0131nda m\u00fcst\u0259sna \u0259h\u0259miyy\u0259t\u0259 malikdir. B\u00fct\u00fcn d\u00f6vrl\u0259rd\u0259 h\u0259r bir \u00f6lk\u0259nin u\u011furlu g\u0259l\u0259c\u0259yi, ayr\u0131-ayr\u0131 sah\u0259l\u0259rd\u0259 [&hellip;]\" \/>\n<meta property=\"og:url\" content=\"https:\/\/www.zerdab.com\/?p=12506\" \/>\n<meta property=\"og:site_name\" content=\"Z\u0259rdab.com\" \/>\n<meta property=\"article:published_time\" content=\"2013-10-05T08:25:26+00:00\" \/>\n<meta name=\"author\" content=\"admin\" \/>\n<meta name=\"twitter:card\" content=\"summary_large_image\" \/>\n<meta name=\"twitter:label1\" content=\"Written by\" \/>\n\t<meta name=\"twitter:data1\" content=\"admin\" \/>\n\t<meta name=\"twitter:label2\" content=\"Est. reading time\" \/>\n\t<meta name=\"twitter:data2\" content=\"3 minutes\" \/>\n<script type=\"application\/ld+json\" class=\"yoast-schema-graph\">{\"@context\":\"https:\/\/schema.org\",\"@graph\":[{\"@type\":\"Article\",\"@id\":\"https:\/\/www.zerdab.com\/?p=12506#article\",\"isPartOf\":{\"@id\":\"https:\/\/www.zerdab.com\/?p=12506\"},\"author\":{\"name\":\"admin\",\"@id\":\"https:\/\/www.zerdab.com\/#\/schema\/person\/97079b7570c1e89ec0d9e138c3672136\"},\"headline\":\"T\u0259hsil naziri Mikay\u0131l Cabbarovun bayram t\u0259briki\",\"datePublished\":\"2013-10-05T08:25:26+00:00\",\"mainEntityOfPage\":{\"@id\":\"https:\/\/www.zerdab.com\/?p=12506\"},\"wordCount\":552,\"commentCount\":1,\"articleSection\":[\"C\u018fM\u0130YY\u018fT\"],\"inLanguage\":\"az\",\"potentialAction\":[{\"@type\":\"CommentAction\",\"name\":\"Comment\",\"target\":[\"https:\/\/www.zerdab.com\/?p=12506#respond\"]}]},{\"@type\":\"WebPage\",\"@id\":\"https:\/\/www.zerdab.com\/?p=12506\",\"url\":\"https:\/\/www.zerdab.com\/?p=12506\",\"name\":\"T\u0259hsil naziri Mikay\u0131l Cabbarovun bayram t\u0259briki - Z\u0259rdab.com\",\"isPartOf\":{\"@id\":\"https:\/\/www.zerdab.com\/#website\"},\"datePublished\":\"2013-10-05T08:25:26+00:00\",\"author\":{\"@id\":\"https:\/\/www.zerdab.com\/#\/schema\/person\/97079b7570c1e89ec0d9e138c3672136\"},\"breadcrumb\":{\"@id\":\"https:\/\/www.zerdab.com\/?p=12506#breadcrumb\"},\"inLanguage\":\"az\",\"potentialAction\":[{\"@type\":\"ReadAction\",\"target\":[\"https:\/\/www.zerdab.com\/?p=12506\"]}]},{\"@type\":\"BreadcrumbList\",\"@id\":\"https:\/\/www.zerdab.com\/?p=12506#breadcrumb\",\"itemListElement\":[{\"@type\":\"ListItem\",\"position\":1,\"name\":\"Home\",\"item\":\"https:\/\/www.zerdab.com\/\"},{\"@type\":\"ListItem\",\"position\":2,\"name\":\"T\u0259hsil naziri Mikay\u0131l Cabbarovun bayram t\u0259briki\"}]},{\"@type\":\"WebSite\",\"@id\":\"https:\/\/www.zerdab.com\/#website\",\"url\":\"https:\/\/www.zerdab.com\/\",\"name\":\"Z\u0259rdab.com\",\"description\":\"\",\"potentialAction\":[{\"@type\":\"SearchAction\",\"target\":{\"@type\":\"EntryPoint\",\"urlTemplate\":\"https:\/\/www.zerdab.com\/?s={search_term_string}\"},\"query-input\":{\"@type\":\"PropertyValueSpecification\",\"valueRequired\":true,\"valueName\":\"search_term_string\"}}],\"inLanguage\":\"az\"},{\"@type\":\"Person\",\"@id\":\"https:\/\/www.zerdab.com\/#\/schema\/person\/97079b7570c1e89ec0d9e138c3672136\",\"name\":\"admin\",\"image\":{\"@type\":\"ImageObject\",\"inLanguage\":\"az\",\"@id\":\"https:\/\/www.zerdab.com\/#\/schema\/person\/image\/\",\"url\":\"https:\/\/secure.gravatar.com\/avatar\/d9c52a9a27c32119cb6679a077fa3e2779e5f822c451cbf01098004361d466ec?s=96&d=mm&r=g\",\"contentUrl\":\"https:\/\/secure.gravatar.com\/avatar\/d9c52a9a27c32119cb6679a077fa3e2779e5f822c451cbf01098004361d466ec?s=96&d=mm&r=g\",\"caption\":\"admin\"},\"url\":\"https:\/\/www.zerdab.com\/?author=1\"}]}<\/script>\n<!-- \/ Yoast SEO plugin. -->","yoast_head_json":{"title":"T\u0259hsil naziri Mikay\u0131l Cabbarovun bayram t\u0259briki - Z\u0259rdab.com","robots":{"index":"index","follow":"follow","max-snippet":"max-snippet:-1","max-image-preview":"max-image-preview:large","max-video-preview":"max-video-preview:-1"},"canonical":"https:\/\/www.zerdab.com\/?p=12506","og_locale":"az_AZ","og_type":"article","og_title":"T\u0259hsil naziri Mikay\u0131l Cabbarovun bayram t\u0259briki - Z\u0259rdab.com","og_description":"Az\u0259rbaycan Respublikas\u0131n\u0131n t\u0259hsil naziri Mikay\u0131l Cabbarov 5 oktyabr &#8211; Beyn\u0259lxalq M\u00fc\u0259lliml\u0259r G\u00fcn\u00fc m\u00fcnasib\u0259ti il\u0259 t\u0259hsil i\u015f\u00e7il\u0259rini t\u0259brik edib. Bu bar\u0259d\u0259 Zerdab.com sayt\u0131na T\u0259hsil Nazirliyind\u0259n m\u0259lumat verilib. T\u0259briki oxucular\u0131m\u0131za t\u0259qdim edirik: \u018fziz m\u00fc\u0259lliml\u0259r, h\u00f6rm\u0259tli t\u0259hsil i\u015f\u00e7il\u0259ri! T\u0259hsil c\u0259miyy\u0259tin inki\u015faf\u0131nda, insanlar\u0131n layiqli v\u0259t\u0259nda\u015f kimi formala\u015fmas\u0131nda m\u00fcst\u0259sna \u0259h\u0259miyy\u0259t\u0259 malikdir. B\u00fct\u00fcn d\u00f6vrl\u0259rd\u0259 h\u0259r bir \u00f6lk\u0259nin u\u011furlu g\u0259l\u0259c\u0259yi, ayr\u0131-ayr\u0131 sah\u0259l\u0259rd\u0259 [&hellip;]","og_url":"https:\/\/www.zerdab.com\/?p=12506","og_site_name":"Z\u0259rdab.com","article_published_time":"2013-10-05T08:25:26+00:00","author":"admin","twitter_card":"summary_large_image","twitter_misc":{"Written by":"admin","Est. reading time":"3 minutes"},"schema":{"@context":"https:\/\/schema.org","@graph":[{"@type":"Article","@id":"https:\/\/www.zerdab.com\/?p=12506#article","isPartOf":{"@id":"https:\/\/www.zerdab.com\/?p=12506"},"author":{"name":"admin","@id":"https:\/\/www.zerdab.com\/#\/schema\/person\/97079b7570c1e89ec0d9e138c3672136"},"headline":"T\u0259hsil naziri Mikay\u0131l Cabbarovun bayram t\u0259briki","datePublished":"2013-10-05T08:25:26+00:00","mainEntityOfPage":{"@id":"https:\/\/www.zerdab.com\/?p=12506"},"wordCount":552,"commentCount":1,"articleSection":["C\u018fM\u0130YY\u018fT"],"inLanguage":"az","potentialAction":[{"@type":"CommentAction","name":"Comment","target":["https:\/\/www.zerdab.com\/?p=12506#respond"]}]},{"@type":"WebPage","@id":"https:\/\/www.zerdab.com\/?p=12506","url":"https:\/\/www.zerdab.com\/?p=12506","name":"T\u0259hsil naziri Mikay\u0131l Cabbarovun bayram t\u0259briki - Z\u0259rdab.com","isPartOf":{"@id":"https:\/\/www.zerdab.com\/#website"},"datePublished":"2013-10-05T08:25:26+00:00","author":{"@id":"https:\/\/www.zerdab.com\/#\/schema\/person\/97079b7570c1e89ec0d9e138c3672136"},"breadcrumb":{"@id":"https:\/\/www.zerdab.com\/?p=12506#breadcrumb"},"inLanguage":"az","potentialAction":[{"@type":"ReadAction","target":["https:\/\/www.zerdab.com\/?p=12506"]}]},{"@type":"BreadcrumbList","@id":"https:\/\/www.zerdab.com\/?p=12506#breadcrumb","itemListElement":[{"@type":"ListItem","position":1,"name":"Home","item":"https:\/\/www.zerdab.com\/"},{"@type":"ListItem","position":2,"name":"T\u0259hsil naziri Mikay\u0131l Cabbarovun bayram t\u0259briki"}]},{"@type":"WebSite","@id":"https:\/\/www.zerdab.com\/#website","url":"https:\/\/www.zerdab.com\/","name":"Z\u0259rdab.com","description":"","potentialAction":[{"@type":"SearchAction","target":{"@type":"EntryPoint","urlTemplate":"https:\/\/www.zerdab.com\/?s={search_term_string}"},"query-input":{"@type":"PropertyValueSpecification","valueRequired":true,"valueName":"search_term_string"}}],"inLanguage":"az"},{"@type":"Person","@id":"https:\/\/www.zerdab.com\/#\/schema\/person\/97079b7570c1e89ec0d9e138c3672136","name":"admin","image":{"@type":"ImageObject","inLanguage":"az","@id":"https:\/\/www.zerdab.com\/#\/schema\/person\/image\/","url":"https:\/\/secure.gravatar.com\/avatar\/d9c52a9a27c32119cb6679a077fa3e2779e5f822c451cbf01098004361d466ec?s=96&d=mm&r=g","contentUrl":"https:\/\/secure.gravatar.com\/avatar\/d9c52a9a27c32119cb6679a077fa3e2779e5f822c451cbf01098004361d466ec?s=96&d=mm&r=g","caption":"admin"},"url":"https:\/\/www.zerdab.com\/?author=1"}]}},"_links":{"self":[{"href":"https:\/\/www.zerdab.com\/index.php?rest_route=\/wp\/v2\/posts\/12506","targetHints":{"allow":["GET"]}}],"collection":[{"href":"https:\/\/www.zerdab.com\/index.php?rest_route=\/wp\/v2\/posts"}],"about":[{"href":"https:\/\/www.zerdab.com\/index.php?rest_route=\/wp\/v2\/types\/post"}],"author":[{"embeddable":true,"href":"https:\/\/www.zerdab.com\/index.php?rest_route=\/wp\/v2\/users\/1"}],"replies":[{"embeddable":true,"href":"https:\/\/www.zerdab.com\/index.php?rest_route=%2Fwp%2Fv2%2Fcomments&post=12506"}],"version-history":[{"count":1,"href":"https:\/\/www.zerdab.com\/index.php?rest_route=\/wp\/v2\/posts\/12506\/revisions"}],"predecessor-version":[{"id":12507,"href":"https:\/\/www.zerdab.com\/index.php?rest_route=\/wp\/v2\/posts\/12506\/revisions\/12507"}],"wp:attachment":[{"href":"https:\/\/www.zerdab.com\/index.php?rest_route=%2Fwp%2Fv2%2Fmedia&parent=12506"}],"wp:term":[{"taxonomy":"category","embeddable":true,"href":"https:\/\/www.zerdab.com\/index.php?rest_route=%2Fwp%2Fv2%2Fcategories&post=12506"},{"taxonomy":"post_tag","embeddable":true,"href":"https:\/\/www.zerdab.com\/index.php?rest_route=%2Fwp%2Fv2%2Ftags&post=12506"}],"curies":[{"name":"wp","href":"https:\/\/api.w.org\/{rel}","templated":true}]}}