{"id":12556,"date":"2013-10-06T00:40:06","date_gmt":"2013-10-05T19:40:06","guid":{"rendered":"http:\/\/www.zerdab.com\/?p=12556"},"modified":"2013-10-06T00:43:56","modified_gmt":"2013-10-05T19:43:56","slug":"z%c9%99rdabda-beyn%c9%99lxalq-mu%c9%99lliml%c9%99r-gunu-qeyd-olundu-fotolar","status":"publish","type":"post","link":"https:\/\/www.zerdab.com\/?p=12556","title":{"rendered":"Z\u0259rdabda Beyn\u0259lxalq M\u00fc\u0259lliml\u0259r G\u00fcn\u00fc qeyd olundu &#8211; Fotolar"},"content":{"rendered":"<p><span style=\"color: #000000;\"><strong><img loading=\"lazy\" decoding=\"async\" class=\"aligncenter size-large wp-image-12565\" alt=\"Z\u0259rdab rayonu\" src=\"http:\/\/www.zerdab.com\/wp-content\/uploads\/2013\/10\/Muellimler-Gunu7-550x365.jpg\" width=\"550\" height=\"365\" \/> 5 Oktyabr &#8211; Beyn\u0259lxalq M\u00fc\u0259lliml\u0259r G\u00fcn\u00fc m\u00fcnasib\u0259til\u0259 Z\u0259rdab rayonunda t\u0259dbir ke\u00e7irilib. T\u0259hsil i\u015f\u00e7il\u0259ri \u0259vv\u0259lc\u0259 \u00fcmummilli lider Heyd\u0259r \u018fliyevin abid\u0259sini ziyar\u0259t edibl\u0259r. Z\u0259rdab R\u0130HB Aparat\u0131n\u0131n informasiya t\u0259minat\u0131 v\u0259 t\u0259hlil sektorundan Zerdab.com sayt\u0131na daxil olan m\u0259lumata g\u00f6r\u0259, bayram toplant\u0131s\u0131nda Rayon \u0130cra Hakimiyy\u0259tinin ba\u015f\u00e7\u0131s\u0131 L\u00fctv\u0259li Babayev pedaqoji kollektivl\u0259ri bu \u0259lam\u0259tdar g\u00fcn m\u00fcnasib\u0259til\u0259 t\u0259brik edib.<\/strong> <\/span>Bildirib ki, milli t\u0259hsilin inki\u015faf\u0131na g\u00f6st\u0259ril\u0259n d\u00f6vl\u0259t qay\u011f\u0131s\u0131n\u0131n n\u0259tic\u0259sidir ki, son 10 ild\u0259 Z\u0259rdabda 3136 \u015fagird yerlik 16 m\u00fcasir m\u0259kt\u0259b binas\u0131 tikilib. Heyd\u0259r \u018fliyev Fondunun \u201cYenil\u0259\u015f\u0259n Az\u0259rbaycana yeni m\u0259kt\u0259b\u201d proqram\u0131 \u00e7\u0259r\u00e7iv\u0259sind\u0259 is\u0259 h\u0259r biri 280 \u015fagird yerlik olmaqla 2 t\u0259dris binas\u0131 in\u015fa olunub. Dig\u0259r t\u0259hsil ocaqlar\u0131n\u0131n maddi-texniki bazas\u0131 m\u00f6hk\u0259ml\u0259ndirilib. T\u0259dris m\u00fc\u0259ssis\u0259l\u0259ri informasiya texnologiyalar\u0131, elektron d\u0259rslik v\u0259 dig\u0259r z\u0259ruri avadanl\u0131qlarla t\u0259min olunub. N\u0259tic\u0259d\u0259 t\u0259drisin keyfiyy\u0259ti y\u00fcks\u0259lib. \u018fg\u0259r 2007-ci ild\u0259 c\u0259mi 47 n\u0259f\u0259r z\u0259rdabl\u0131 m\u0259zun ali m\u0259kt\u0259b\u0259 daxil olmu\u015fdusa, bu il t\u0259l\u0259b\u0259 ad\u0131n\u0131 qazanan abituriyentl\u0259rin say\u0131 135-\u0259 \u00e7at\u0131b. Onlardan 6 n\u0259f\u0259ri 600-d\u0259n \u00e7ox bal toplay\u0131b. M\u00fcsb\u0259t hald\u0131r ki, m\u0259kt\u0259blil\u0259r idman sah\u0259sind\u0259 d\u0259 u\u011furlu n\u0259tic\u0259l\u0259r \u0259ld\u0259 edirl\u0259r. Son 10 ild\u0259 rayonun idman\u00e7\u0131lar\u0131 d\u00fcnya v\u0259 Avropa \u00e7empionatlar\u0131nda, beyn\u0259lxalq turnirl\u0259rd\u0259 15 q\u0131z\u0131l, 5 g\u00fcm\u00fc\u015f, 6 b\u00fcr\u00fcnc, respublika daxili yar\u0131\u015flarda is\u0259 13 q\u0131z\u0131l, 5 g\u00fcm\u00fc\u015f, 4 b\u00fcr\u00fcnc medal qazan\u0131blar.<\/p>\n<p>Bayram t\u0259dbirind\u0259 mill\u0259t v\u0259kili Jal\u0259 \u018fliyeva davaml\u0131 olaraq h\u0259yata ke\u00e7iril\u0259n t\u0259hsil islahatlar\u0131n\u0131n s\u0259m\u0259r\u0259li n\u0259tic\u0259l\u0259rin\u0259, istedadl\u0131 g\u0259ncl\u0259rin xarici \u00f6lk\u0259l\u0259rd\u0259 t\u0259hsil almalar\u0131na yarad\u0131lan \u015f\u0259raitd\u0259n faktlarla s\u00f6z a\u00e7\u0131b.<\/p>\n<p>Rayon T\u0259hsil \u015e\u00f6b\u0259sinin m\u00fcdiri Baba Babayev G\u0259lm\u0259 k\u0259nd tam orta m\u0259kt\u0259binin m\u00fc\u0259llimi Min\u0259g\u00fcl \u018fliyevan\u0131n \u201c\u018fm\u0259kdar m\u00fc\u0259llim\u201d f\u0259xri ad\u0131na layiq g\u00f6r\u00fclm\u0259sini rayonun t\u0259hsil i\u015f\u00e7il\u0259rinin \u0259m\u0259yin\u0259 veril\u0259n y\u00fcks\u0259k qiym\u0259t kimi d\u0259y\u0259rl\u0259ndirib.<\/p>\n<p>Bir qrup f\u0259al m\u00fc\u0259llim\u0259 f\u0259xri f\u0259rman v\u0259 xatir\u0259 h\u0259diyy\u0259l\u0259ri t\u0259qdim olunub.<\/p>\n<p>Yerli m\u0259d\u0259niyy\u0259t i\u015f\u00e7il\u0259rinin, m\u0259kt\u0259b kollektivl\u0259rinin t\u0259qdim etdikl\u0259ri \u0259d\u0259bi-b\u0259dii kompozisiya, mahn\u0131 v\u0259 r\u0259qs n\u00f6mr\u0259l\u0259ri bayram t\u0259dbirini daha da yaddaqalan edib.<\/p>\n<p><span style=\"color: #000000;\"><strong>\u00a0Zerdab.com<\/strong><\/span><\/p>\n<p><img loading=\"lazy\" decoding=\"async\" class=\"aligncenter size-large wp-image-12564\" alt=\"Z\u0259rdab rayonu\" src=\"http:\/\/www.zerdab.com\/wp-content\/uploads\/2013\/10\/Muellimler-Gunu6-550x365.jpg\" width=\"550\" height=\"365\" \/><img loading=\"lazy\" decoding=\"async\" class=\"aligncenter size-large wp-image-12568\" alt=\"Z\u0259rdab rayonu\" src=\"http:\/\/www.zerdab.com\/wp-content\/uploads\/2013\/10\/Muellimler-Gunu91-550x365.jpg\" width=\"550\" height=\"365\" \/><img loading=\"lazy\" decoding=\"async\" class=\"aligncenter size-large wp-image-12570\" alt=\"Z\u0259rdab rayonu\" src=\"http:\/\/www.zerdab.com\/wp-content\/uploads\/2013\/10\/Muellimler-Gunu11-550x365.jpg\" width=\"550\" height=\"365\" \/><img loading=\"lazy\" decoding=\"async\" class=\"aligncenter size-large wp-image-12560\" alt=\"Z\u0259rdab rayonu\" src=\"http:\/\/www.zerdab.com\/wp-content\/uploads\/2013\/10\/Muellimler-Gunu3-550x365.jpg\" width=\"550\" height=\"365\" \/><img loading=\"lazy\" decoding=\"async\" class=\"aligncenter size-large wp-image-12559\" alt=\"Z\u0259rdab rayonu\" src=\"http:\/\/www.zerdab.com\/wp-content\/uploads\/2013\/10\/Muellimler-Gunu2-550x365.jpg\" width=\"550\" height=\"365\" \/><img loading=\"lazy\" decoding=\"async\" class=\"aligncenter size-large wp-image-12563\" alt=\"Z\u0259rdab rayonu\" src=\"http:\/\/www.zerdab.com\/wp-content\/uploads\/2013\/10\/Muellimler-Gunu5-365x550.jpg\" width=\"365\" height=\"550\" \/><img loading=\"lazy\" decoding=\"async\" class=\"aligncenter size-large wp-image-12561\" alt=\"Z\u0259rdab rayonu\" src=\"http:\/\/www.zerdab.com\/wp-content\/uploads\/2013\/10\/Muellimler-Gunu4-550x365.jpg\" width=\"550\" height=\"365\" \/><img loading=\"lazy\" decoding=\"async\" class=\"aligncenter size-large wp-image-12558\" alt=\"Z\u0259rdab rayonu\" src=\"http:\/\/www.zerdab.com\/wp-content\/uploads\/2013\/10\/Muellimler-Gunu1-550x365.jpg\" width=\"550\" height=\"365\" \/><img loading=\"lazy\" decoding=\"async\" class=\"aligncenter size-large wp-image-12566\" alt=\"Z\u0259rdab rayonu\" src=\"http:\/\/www.zerdab.com\/wp-content\/uploads\/2013\/10\/Muellimler-Gunu8-550x365.jpg\" width=\"550\" height=\"365\" \/><img loading=\"lazy\" decoding=\"async\" class=\"aligncenter size-large wp-image-12557\" alt=\"Z\u0259rdab rayonu\" src=\"http:\/\/www.zerdab.com\/wp-content\/uploads\/2013\/10\/Muellimler-Gunu-550x365.jpg\" width=\"550\" height=\"365\" \/><img loading=\"lazy\" decoding=\"async\" class=\"aligncenter size-large wp-image-12569\" alt=\"Z\u0259rdab rayonu\" src=\"http:\/\/www.zerdab.com\/wp-content\/uploads\/2013\/10\/Muellimler-Gunu10-550x365.jpg\" width=\"550\" height=\"365\" \/><\/p>\n","protected":false},"excerpt":{"rendered":"<p>5 Oktyabr &#8211; Beyn\u0259lxalq M\u00fc\u0259lliml\u0259r G\u00fcn\u00fc m\u00fcnasib\u0259til\u0259 Z\u0259rdab rayonunda t\u0259dbir ke\u00e7irilib. T\u0259hsil i\u015f\u00e7il\u0259ri \u0259vv\u0259lc\u0259 \u00fcmummilli lider Heyd\u0259r \u018fliyevin abid\u0259sini ziyar\u0259t edibl\u0259r. Z\u0259rdab R\u0130HB Aparat\u0131n\u0131n informasiya t\u0259minat\u0131 v\u0259 t\u0259hlil sektorundan Zerdab.com sayt\u0131na daxil olan m\u0259lumata g\u00f6r\u0259, bayram toplant\u0131s\u0131nda Rayon \u0130cra Hakimiyy\u0259tinin ba\u015f\u00e7\u0131s\u0131 L\u00fctv\u0259li Babayev pedaqoji kollektivl\u0259ri bu \u0259lam\u0259tdar g\u00fcn m\u00fcnasib\u0259til\u0259 t\u0259brik edib. Bildirib ki, milli t\u0259hsilin [&hellip;]<\/p>\n","protected":false},"author":1,"featured_media":0,"comment_status":"open","ping_status":"open","sticky":false,"template":"","format":"standard","meta":{"footnotes":""},"categories":[21],"tags":[],"class_list":{"0":"post-12556","1":"post","2":"type-post","3":"status-publish","4":"format-standard","6":"category-zrdab"},"yoast_head":"<!-- This site is optimized with the Yoast SEO plugin v27.0 - https:\/\/yoast.com\/product\/yoast-seo-wordpress\/ -->\n<title>Z\u0259rdabda Beyn\u0259lxalq M\u00fc\u0259lliml\u0259r G\u00fcn\u00fc qeyd olundu - Fotolar - Z\u0259rdab.com<\/title>\n<meta name=\"robots\" content=\"index, follow, max-snippet:-1, max-image-preview:large, max-video-preview:-1\" \/>\n<link rel=\"canonical\" href=\"https:\/\/www.zerdab.com\/?p=12556\" \/>\n<meta property=\"og:locale\" content=\"az_AZ\" \/>\n<meta property=\"og:type\" content=\"article\" \/>\n<meta property=\"og:title\" content=\"Z\u0259rdabda Beyn\u0259lxalq M\u00fc\u0259lliml\u0259r G\u00fcn\u00fc qeyd olundu - Fotolar - Z\u0259rdab.com\" \/>\n<meta property=\"og:description\" content=\"5 Oktyabr &#8211; Beyn\u0259lxalq M\u00fc\u0259lliml\u0259r G\u00fcn\u00fc m\u00fcnasib\u0259til\u0259 Z\u0259rdab rayonunda t\u0259dbir ke\u00e7irilib. T\u0259hsil i\u015f\u00e7il\u0259ri \u0259vv\u0259lc\u0259 \u00fcmummilli lider Heyd\u0259r \u018fliyevin abid\u0259sini ziyar\u0259t edibl\u0259r. Z\u0259rdab R\u0130HB Aparat\u0131n\u0131n informasiya t\u0259minat\u0131 v\u0259 t\u0259hlil sektorundan Zerdab.com sayt\u0131na daxil olan m\u0259lumata g\u00f6r\u0259, bayram toplant\u0131s\u0131nda Rayon \u0130cra Hakimiyy\u0259tinin ba\u015f\u00e7\u0131s\u0131 L\u00fctv\u0259li Babayev pedaqoji kollektivl\u0259ri bu \u0259lam\u0259tdar g\u00fcn m\u00fcnasib\u0259til\u0259 t\u0259brik edib. Bildirib ki, milli t\u0259hsilin [&hellip;]\" \/>\n<meta property=\"og:url\" content=\"https:\/\/www.zerdab.com\/?p=12556\" \/>\n<meta property=\"og:site_name\" content=\"Z\u0259rdab.com\" \/>\n<meta property=\"article:published_time\" content=\"2013-10-05T19:40:06+00:00\" \/>\n<meta property=\"article:modified_time\" content=\"2013-10-05T19:43:56+00:00\" \/>\n<meta property=\"og:image\" content=\"http:\/\/www.zerdab.com\/wp-content\/uploads\/2013\/10\/Muellimler-Gunu7-550x365.jpg\" \/>\n<meta name=\"author\" content=\"admin\" \/>\n<meta name=\"twitter:card\" content=\"summary_large_image\" \/>\n<meta name=\"twitter:label1\" content=\"Written by\" \/>\n\t<meta name=\"twitter:data1\" content=\"admin\" \/>\n\t<meta name=\"twitter:label2\" content=\"Est. reading time\" \/>\n\t<meta name=\"twitter:data2\" content=\"2 minutes\" \/>\n<script type=\"application\/ld+json\" class=\"yoast-schema-graph\">{\"@context\":\"https:\/\/schema.org\",\"@graph\":[{\"@type\":\"Article\",\"@id\":\"https:\/\/www.zerdab.com\/?p=12556#article\",\"isPartOf\":{\"@id\":\"https:\/\/www.zerdab.com\/?p=12556\"},\"author\":{\"name\":\"admin\",\"@id\":\"https:\/\/www.zerdab.com\/#\/schema\/person\/97079b7570c1e89ec0d9e138c3672136\"},\"headline\":\"Z\u0259rdabda Beyn\u0259lxalq M\u00fc\u0259lliml\u0259r G\u00fcn\u00fc qeyd olundu &#8211; Fotolar\",\"datePublished\":\"2013-10-05T19:40:06+00:00\",\"dateModified\":\"2013-10-05T19:43:56+00:00\",\"mainEntityOfPage\":{\"@id\":\"https:\/\/www.zerdab.com\/?p=12556\"},\"wordCount\":482,\"commentCount\":0,\"image\":{\"@id\":\"https:\/\/www.zerdab.com\/?p=12556#primaryimage\"},\"thumbnailUrl\":\"http:\/\/www.zerdab.com\/wp-content\/uploads\/2013\/10\/Muellimler-Gunu7-550x365.jpg\",\"articleSection\":[\"C\u018fM\u0130YY\u018fT\"],\"inLanguage\":\"az\",\"potentialAction\":[{\"@type\":\"CommentAction\",\"name\":\"Comment\",\"target\":[\"https:\/\/www.zerdab.com\/?p=12556#respond\"]}]},{\"@type\":\"WebPage\",\"@id\":\"https:\/\/www.zerdab.com\/?p=12556\",\"url\":\"https:\/\/www.zerdab.com\/?p=12556\",\"name\":\"Z\u0259rdabda Beyn\u0259lxalq M\u00fc\u0259lliml\u0259r G\u00fcn\u00fc qeyd olundu - Fotolar - Z\u0259rdab.com\",\"isPartOf\":{\"@id\":\"https:\/\/www.zerdab.com\/#website\"},\"primaryImageOfPage\":{\"@id\":\"https:\/\/www.zerdab.com\/?p=12556#primaryimage\"},\"image\":{\"@id\":\"https:\/\/www.zerdab.com\/?p=12556#primaryimage\"},\"thumbnailUrl\":\"http:\/\/www.zerdab.com\/wp-content\/uploads\/2013\/10\/Muellimler-Gunu7-550x365.jpg\",\"datePublished\":\"2013-10-05T19:40:06+00:00\",\"dateModified\":\"2013-10-05T19:43:56+00:00\",\"author\":{\"@id\":\"https:\/\/www.zerdab.com\/#\/schema\/person\/97079b7570c1e89ec0d9e138c3672136\"},\"breadcrumb\":{\"@id\":\"https:\/\/www.zerdab.com\/?p=12556#breadcrumb\"},\"inLanguage\":\"az\",\"potentialAction\":[{\"@type\":\"ReadAction\",\"target\":[\"https:\/\/www.zerdab.com\/?p=12556\"]}]},{\"@type\":\"ImageObject\",\"inLanguage\":\"az\",\"@id\":\"https:\/\/www.zerdab.com\/?p=12556#primaryimage\",\"url\":\"\",\"contentUrl\":\"\"},{\"@type\":\"BreadcrumbList\",\"@id\":\"https:\/\/www.zerdab.com\/?p=12556#breadcrumb\",\"itemListElement\":[{\"@type\":\"ListItem\",\"position\":1,\"name\":\"Home\",\"item\":\"https:\/\/www.zerdab.com\/\"},{\"@type\":\"ListItem\",\"position\":2,\"name\":\"Z\u0259rdabda Beyn\u0259lxalq M\u00fc\u0259lliml\u0259r G\u00fcn\u00fc qeyd olundu &#8211; Fotolar\"}]},{\"@type\":\"WebSite\",\"@id\":\"https:\/\/www.zerdab.com\/#website\",\"url\":\"https:\/\/www.zerdab.com\/\",\"name\":\"Z\u0259rdab.com\",\"description\":\"\",\"potentialAction\":[{\"@type\":\"SearchAction\",\"target\":{\"@type\":\"EntryPoint\",\"urlTemplate\":\"https:\/\/www.zerdab.com\/?s={search_term_string}\"},\"query-input\":{\"@type\":\"PropertyValueSpecification\",\"valueRequired\":true,\"valueName\":\"search_term_string\"}}],\"inLanguage\":\"az\"},{\"@type\":\"Person\",\"@id\":\"https:\/\/www.zerdab.com\/#\/schema\/person\/97079b7570c1e89ec0d9e138c3672136\",\"name\":\"admin\",\"image\":{\"@type\":\"ImageObject\",\"inLanguage\":\"az\",\"@id\":\"https:\/\/www.zerdab.com\/#\/schema\/person\/image\/\",\"url\":\"https:\/\/secure.gravatar.com\/avatar\/d9c52a9a27c32119cb6679a077fa3e2779e5f822c451cbf01098004361d466ec?s=96&d=mm&r=g\",\"contentUrl\":\"https:\/\/secure.gravatar.com\/avatar\/d9c52a9a27c32119cb6679a077fa3e2779e5f822c451cbf01098004361d466ec?s=96&d=mm&r=g\",\"caption\":\"admin\"},\"url\":\"https:\/\/www.zerdab.com\/?author=1\"}]}<\/script>\n<!-- \/ Yoast SEO plugin. -->","yoast_head_json":{"title":"Z\u0259rdabda Beyn\u0259lxalq M\u00fc\u0259lliml\u0259r G\u00fcn\u00fc qeyd olundu - Fotolar - Z\u0259rdab.com","robots":{"index":"index","follow":"follow","max-snippet":"max-snippet:-1","max-image-preview":"max-image-preview:large","max-video-preview":"max-video-preview:-1"},"canonical":"https:\/\/www.zerdab.com\/?p=12556","og_locale":"az_AZ","og_type":"article","og_title":"Z\u0259rdabda Beyn\u0259lxalq M\u00fc\u0259lliml\u0259r G\u00fcn\u00fc qeyd olundu - Fotolar - Z\u0259rdab.com","og_description":"5 Oktyabr &#8211; Beyn\u0259lxalq M\u00fc\u0259lliml\u0259r G\u00fcn\u00fc m\u00fcnasib\u0259til\u0259 Z\u0259rdab rayonunda t\u0259dbir ke\u00e7irilib. T\u0259hsil i\u015f\u00e7il\u0259ri \u0259vv\u0259lc\u0259 \u00fcmummilli lider Heyd\u0259r \u018fliyevin abid\u0259sini ziyar\u0259t edibl\u0259r. Z\u0259rdab R\u0130HB Aparat\u0131n\u0131n informasiya t\u0259minat\u0131 v\u0259 t\u0259hlil sektorundan Zerdab.com sayt\u0131na daxil olan m\u0259lumata g\u00f6r\u0259, bayram toplant\u0131s\u0131nda Rayon \u0130cra Hakimiyy\u0259tinin ba\u015f\u00e7\u0131s\u0131 L\u00fctv\u0259li Babayev pedaqoji kollektivl\u0259ri bu \u0259lam\u0259tdar g\u00fcn m\u00fcnasib\u0259til\u0259 t\u0259brik edib. Bildirib ki, milli t\u0259hsilin [&hellip;]","og_url":"https:\/\/www.zerdab.com\/?p=12556","og_site_name":"Z\u0259rdab.com","article_published_time":"2013-10-05T19:40:06+00:00","article_modified_time":"2013-10-05T19:43:56+00:00","og_image":[{"url":"http:\/\/www.zerdab.com\/wp-content\/uploads\/2013\/10\/Muellimler-Gunu7-550x365.jpg","type":"","width":"","height":""}],"author":"admin","twitter_card":"summary_large_image","twitter_misc":{"Written by":"admin","Est. reading time":"2 minutes"},"schema":{"@context":"https:\/\/schema.org","@graph":[{"@type":"Article","@id":"https:\/\/www.zerdab.com\/?p=12556#article","isPartOf":{"@id":"https:\/\/www.zerdab.com\/?p=12556"},"author":{"name":"admin","@id":"https:\/\/www.zerdab.com\/#\/schema\/person\/97079b7570c1e89ec0d9e138c3672136"},"headline":"Z\u0259rdabda Beyn\u0259lxalq M\u00fc\u0259lliml\u0259r G\u00fcn\u00fc qeyd olundu &#8211; Fotolar","datePublished":"2013-10-05T19:40:06+00:00","dateModified":"2013-10-05T19:43:56+00:00","mainEntityOfPage":{"@id":"https:\/\/www.zerdab.com\/?p=12556"},"wordCount":482,"commentCount":0,"image":{"@id":"https:\/\/www.zerdab.com\/?p=12556#primaryimage"},"thumbnailUrl":"http:\/\/www.zerdab.com\/wp-content\/uploads\/2013\/10\/Muellimler-Gunu7-550x365.jpg","articleSection":["C\u018fM\u0130YY\u018fT"],"inLanguage":"az","potentialAction":[{"@type":"CommentAction","name":"Comment","target":["https:\/\/www.zerdab.com\/?p=12556#respond"]}]},{"@type":"WebPage","@id":"https:\/\/www.zerdab.com\/?p=12556","url":"https:\/\/www.zerdab.com\/?p=12556","name":"Z\u0259rdabda Beyn\u0259lxalq M\u00fc\u0259lliml\u0259r G\u00fcn\u00fc qeyd olundu - Fotolar - Z\u0259rdab.com","isPartOf":{"@id":"https:\/\/www.zerdab.com\/#website"},"primaryImageOfPage":{"@id":"https:\/\/www.zerdab.com\/?p=12556#primaryimage"},"image":{"@id":"https:\/\/www.zerdab.com\/?p=12556#primaryimage"},"thumbnailUrl":"http:\/\/www.zerdab.com\/wp-content\/uploads\/2013\/10\/Muellimler-Gunu7-550x365.jpg","datePublished":"2013-10-05T19:40:06+00:00","dateModified":"2013-10-05T19:43:56+00:00","author":{"@id":"https:\/\/www.zerdab.com\/#\/schema\/person\/97079b7570c1e89ec0d9e138c3672136"},"breadcrumb":{"@id":"https:\/\/www.zerdab.com\/?p=12556#breadcrumb"},"inLanguage":"az","potentialAction":[{"@type":"ReadAction","target":["https:\/\/www.zerdab.com\/?p=12556"]}]},{"@type":"ImageObject","inLanguage":"az","@id":"https:\/\/www.zerdab.com\/?p=12556#primaryimage","url":"","contentUrl":""},{"@type":"BreadcrumbList","@id":"https:\/\/www.zerdab.com\/?p=12556#breadcrumb","itemListElement":[{"@type":"ListItem","position":1,"name":"Home","item":"https:\/\/www.zerdab.com\/"},{"@type":"ListItem","position":2,"name":"Z\u0259rdabda Beyn\u0259lxalq M\u00fc\u0259lliml\u0259r G\u00fcn\u00fc qeyd olundu &#8211; Fotolar"}]},{"@type":"WebSite","@id":"https:\/\/www.zerdab.com\/#website","url":"https:\/\/www.zerdab.com\/","name":"Z\u0259rdab.com","description":"","potentialAction":[{"@type":"SearchAction","target":{"@type":"EntryPoint","urlTemplate":"https:\/\/www.zerdab.com\/?s={search_term_string}"},"query-input":{"@type":"PropertyValueSpecification","valueRequired":true,"valueName":"search_term_string"}}],"inLanguage":"az"},{"@type":"Person","@id":"https:\/\/www.zerdab.com\/#\/schema\/person\/97079b7570c1e89ec0d9e138c3672136","name":"admin","image":{"@type":"ImageObject","inLanguage":"az","@id":"https:\/\/www.zerdab.com\/#\/schema\/person\/image\/","url":"https:\/\/secure.gravatar.com\/avatar\/d9c52a9a27c32119cb6679a077fa3e2779e5f822c451cbf01098004361d466ec?s=96&d=mm&r=g","contentUrl":"https:\/\/secure.gravatar.com\/avatar\/d9c52a9a27c32119cb6679a077fa3e2779e5f822c451cbf01098004361d466ec?s=96&d=mm&r=g","caption":"admin"},"url":"https:\/\/www.zerdab.com\/?author=1"}]}},"_links":{"self":[{"href":"https:\/\/www.zerdab.com\/index.php?rest_route=\/wp\/v2\/posts\/12556","targetHints":{"allow":["GET"]}}],"collection":[{"href":"https:\/\/www.zerdab.com\/index.php?rest_route=\/wp\/v2\/posts"}],"about":[{"href":"https:\/\/www.zerdab.com\/index.php?rest_route=\/wp\/v2\/types\/post"}],"author":[{"embeddable":true,"href":"https:\/\/www.zerdab.com\/index.php?rest_route=\/wp\/v2\/users\/1"}],"replies":[{"embeddable":true,"href":"https:\/\/www.zerdab.com\/index.php?rest_route=%2Fwp%2Fv2%2Fcomments&post=12556"}],"version-history":[{"count":3,"href":"https:\/\/www.zerdab.com\/index.php?rest_route=\/wp\/v2\/posts\/12556\/revisions"}],"predecessor-version":[{"id":12574,"href":"https:\/\/www.zerdab.com\/index.php?rest_route=\/wp\/v2\/posts\/12556\/revisions\/12574"}],"wp:attachment":[{"href":"https:\/\/www.zerdab.com\/index.php?rest_route=%2Fwp%2Fv2%2Fmedia&parent=12556"}],"wp:term":[{"taxonomy":"category","embeddable":true,"href":"https:\/\/www.zerdab.com\/index.php?rest_route=%2Fwp%2Fv2%2Fcategories&post=12556"},{"taxonomy":"post_tag","embeddable":true,"href":"https:\/\/www.zerdab.com\/index.php?rest_route=%2Fwp%2Fv2%2Ftags&post=12556"}],"curies":[{"name":"wp","href":"https:\/\/api.w.org\/{rel}","templated":true}]}}