{"id":12587,"date":"2013-10-07T10:37:14","date_gmt":"2013-10-07T05:37:14","guid":{"rendered":"http:\/\/www.zerdab.com\/?p=12587"},"modified":"2013-10-07T10:37:14","modified_gmt":"2013-10-07T05:37:14","slug":"yap-sariqaya-k%c9%99ndi-v%c9%99-b%c9%99yimli-q%c9%99s%c9%99b%c9%99sind%c9%99n-olan-secicil%c9%99rl%c9%99-gorus-kecirib","status":"publish","type":"post","link":"https:\/\/www.zerdab.com\/?p=12587","title":{"rendered":"YAP Sar\u0131qaya k\u0259ndi v\u0259 B\u0259yimli q\u0259s\u0259b\u0259sind\u0259n olan se\u00e7icil\u0259rl\u0259 g\u00f6r\u00fc\u015f ke\u00e7irib"},"content":{"rendered":"<p><strong><img loading=\"lazy\" decoding=\"async\" class=\"aligncenter size-large wp-image-12588\" alt=\"Se\u00e7icil\u0259rl\u0259 g\u00f6r\u00fc\u015f\" src=\"http:\/\/www.zerdab.com\/wp-content\/uploads\/2013\/10\/Zerdab-550x412.jpg\" width=\"550\" height=\"412\" \/>\u00a0\u00a0\u00a0\u00a0\u00a0\u00a0\u00a0YAP Z\u0259rdab rayon t\u0259\u015fkilat\u0131n\u0131n se\u00e7ki q\u0259rargah\u0131 05.10.2013-c\u00fc il tarixd\u0259 Sar\u0131qaya \u00a0k\u0259ndind\u0259n v\u0259 B\u0259yimli q\u0259s\u0259b\u0259sind\u0259n olan se\u00e7icil\u0259rl\u0259 g\u00f6r\u00fc\u015f ke\u00e7irib.<\/strong> Zerdab.com sayt\u0131na veril\u0259n m\u0259lumata g\u00f6r\u0259, g\u00f6r\u00fc\u015fd\u0259 \u00e7\u0131x\u0131\u015f ed\u0259n YAP Z\u0259rdab rayon t\u0259\u015fkilat\u0131n\u0131n s\u0259dri P\u0259rvin Mahmudova deyib ki, \u00dcmummilli lider Heyd\u0259r \u018fliyev 1993-c\u00fc ilin iyununda b\u00f6y\u00fck V\u0259t\u0259n, xalq, mill\u0259t sevgisi n\u00fcmayi\u015f etdir\u0259r\u0259k xalq\u0131m\u0131z\u0131n t\u0259kidli t\u0259l\u0259bi il\u0259 yenid\u0259n hakimiyy\u0259t\u0259 qay\u0131d\u0131\u015f\u0131ndan sonra \u00f6lk\u0259d\u0259ki xaosun, v\u0259t\u0259nda\u015f qar\u015f\u0131durmas\u0131n\u0131n, da\u011f\u0131nt\u0131 v\u0259 par\u00e7alanma f\u0259lak\u0259tinin qar\u015f\u0131s\u0131n\u0131 ald\u0131, xalq\u0131n Ondan g\u00f6zl\u0259diyi i\u015fl\u0259ri realla\u015fd\u0131rd\u0131, ictimai-siyasi sabitlik yaratd\u0131, t\u0259n\u0259zz\u00fcl\u0259 u\u011frayan iqtisadiyyat\u0131 dir\u00e7\u0259ltdi. \u00dcmummilli lider Az\u0259rbaycana sabitlik, siyasi islahatlar, demokratikl\u0259\u015fm\u0259, iqtisadi y\u00fcks\u0259li\u015f, sosial inki\u015faf g\u0259tirdi, d\u00f6vl\u0259t\u0259 ordu, \u0259sg\u0259r\u0259 ehtiram v\u0259 q\u00fcrur b\u0259x\u015f etdi, v\u0259t\u0259nda\u015f\u0131na \u0259n ali h\u00fcquq v\u0259 azadl\u0131qlar, t\u0259kmil konstitusiya, azad v\u0259 \u0259dal\u0259tli se\u00e7kil\u0259r, xalq\u0131n s\u0259si il\u0259 \u0259rs\u0259y\u0259 g\u0259l\u0259n parlament verdi.<\/p>\n<p>YAP Z\u0259rdab rayon t\u0259\u015fkilat\u0131n\u0131n s\u0259dri deyib ki, \u00f6lk\u0259 ba\u015f\u00e7\u0131s\u0131 c\u0259nab \u0130lham \u018fliyev \u00f6t\u0259n 10 il \u0259rzind\u0259 Az\u0259rbaycan\u0131 b\u00fct\u00fcn d\u00fcnyaya tan\u0131daraq, g\u00fccl\u00fc v\u0259 q\u00fcdr\u0259tli d\u00f6vl\u0259t\u0259 \u00e7evirib, beyn\u0259lxalq miqyasda n\u00fcfuzunu y\u00fcks\u0259kl\u0259r\u0259 qald\u0131r\u0131b: \u201cC\u0259nab \u0130lham Heyd\u0259r o\u011flu \u018fliyev m\u00fcasir Az\u0259rbaycan\u0131n tarixi z\u0259f\u0259rl\u0259rinin memar\u0131d\u0131r\u201d.<\/p>\n<p>Biz q\u0259l\u0259b\u0259l\u0259rin, u\u011furlar\u0131n davaml\u0131 olmas\u0131 \u00fc\u00e7\u00fcn xalq\u0131m\u0131z\u0131n v\u0259t\u0259np\u0259rv\u0259r o\u011flu, Yeni Az\u0259rbaycan Partiyas\u0131n\u0131n S\u0259dri, Az\u0259rbaycan Respublikas\u0131n\u0131n Prezidenti c\u0259nab \u0130lham \u018fliyevl\u0259 daim birlikd\u0259 olacaq, yaln\u0131z alternativsiz liderimiz\u0259 s\u0259s ver\u0259c\u0259yik! E\u015fq olsun, m\u00fcst\u0259qil Az\u0259rbaycan\u0131 daim zirv\u0259l\u0259r\u0259 aparan, m\u00fcdrik liderimiz c\u0259nab \u0130lham \u018fliyev\u0259! Ya\u015fas\u0131n, daim \u00f6nd\u0259 olan, q\u0259l\u0259b\u0259l\u0259rimizin ilham\u00e7\u0131s\u0131 Yeni Az\u0259rbaycan Partiyas\u0131!\u201d.<\/p>\n<p>G\u00f6r\u00fc\u015fd\u0259 YAP Z\u0259rdab rayon G\u0259ncl\u0259r birliyinin f\u0259al \u00fczv\u00fc \u0130lkin \u018fliyev, H\u0259s\u0259n B\u0259y Z\u0259rdabi ad\u0131na muzeyin direktoru V\u0259fa Bayramova, \u015e\u0259h\u0259r 2 sayl\u0131 k\u00f6rp\u0259l\u0259r evi, u\u015faq ba\u011f\u00e7as\u0131n\u0131n m\u00fcd\u00fcri V\u00fcsal\u0259 K\u0259rimova, T\u0259r\u0259qqi medall\u0131 t\u0259qa\u00fcd\u00e7\u00fc Telman \u0130smay\u0131lov \u00e7\u0131x\u0131\u015f ed\u0259r\u0259k \u00f6lk\u0259 Prezidenti c\u0259nab \u0130lham \u018fliyevin u\u011furlu siyas\u0259ti, Heyd\u0259r \u018fliyev Fondunun realla\u015fd\u0131rd\u0131\u011f\u0131 bir s\u0131ra yerli v\u0259 beyn\u0259lxalq layih\u0259l\u0259r \u0259sas\u0131nda xalq\u0131m\u0131z\u0131n maddi-m\u0259n\u0259vi s\u0259rv\u0259tl\u0259rinin qorunub saxlan\u0131lmas\u0131 v\u0259 g\u0259l\u0259c\u0259k n\u0259sill\u0259r\u0259 \u00e7atd\u0131r\u0131lmas\u0131 istiqam\u0259tind\u0259 g\u00f6r\u00fcl\u0259n i\u015fl\u0259rd\u0259n s\u00f6hb\u0259t a\u00e7\u0131blar v\u0259 b\u00fct\u00fcn z\u0259rdabl\u0131lar\u0131 9 oktyabr prezident se\u00e7kil\u0259rind\u0259 f\u0259al olma\u011fa, m\u00fcst\u0259qil Az\u0259rbaycan\u0131n h\u0259r zaman d\u00fcnyan\u0131n apar\u0131c\u0131 d\u00f6vl\u0259tl\u0259rinin s\u0131ras\u0131nda olmas\u0131, xalq\u0131m\u0131z\u0131n xo\u015fb\u0259xt ya\u015famas\u0131, nailiyy\u0259tl\u0259rimizin davam etm\u0259si \u00fc\u00e7\u00fcn Az\u0259rbaycan Respublikas\u0131n\u0131n Prezidenti c\u0259nab \u0130lham \u018fliyevi d\u0259st\u0259kl\u0259m\u0259y\u0259 \u00e7a\u011f\u0131r\u0131blar.<\/p>\n<p>Sar\u0131qaya k\u0259nd se\u00e7icil\u0259ri ad\u0131ndan Namiq Abdullayev, B\u0259yimli q\u0259s\u0259b\u0259 se\u00e7icil\u0259ri ad\u0131ndan Z\u00fclfiyy\u0259 Zalova v\u0259 ba\u015fqalar\u0131 \u00e7\u0131x\u0131\u015f ed\u0259r\u0259k \u0130lham \u018fliyev\u0259 d\u0259rin minn\u0259tdarl\u0131q duy\u011fular\u0131n\u0131 ifad\u0259 edibl\u0259r v\u0259 \u0130lham \u018fliyevi n\u00f6vb\u0259ti 5 ild\u0259 d\u0259 Prezident k\u00fcrs\u00fcs\u00fcnd\u0259 g\u00f6rm\u0259k arzusunda olduqlar\u0131n\u0131 s\u00f6yl\u0259yibl\u0259r: \u201cBizim yegan\u0259 liderimiz daim bizi d\u00fc\u015f\u00fcn\u0259n, biz\u0259 qay\u011f\u0131 g\u00f6st\u0259r\u0259n c\u0259nab \u0130lham \u018fliyevdir!\u201d.<\/p>\n<p><img loading=\"lazy\" decoding=\"async\" class=\"aligncenter size-large wp-image-12589\" alt=\"Se\u00e7icil\u0259rl\u0259 g\u00f6r\u00fc\u015f\" src=\"http:\/\/www.zerdab.com\/wp-content\/uploads\/2013\/10\/Zerdab11-550x412.jpg\" width=\"550\" height=\"412\" \/><img loading=\"lazy\" decoding=\"async\" class=\"aligncenter size-large wp-image-12592\" alt=\"Se\u00e7icil\u0259rl\u0259 g\u00f6r\u00fc\u015f\" src=\"http:\/\/www.zerdab.com\/wp-content\/uploads\/2013\/10\/Zerdab51-550x412.jpg\" width=\"550\" height=\"412\" \/><img loading=\"lazy\" decoding=\"async\" class=\"aligncenter size-large wp-image-12591\" alt=\"Se\u00e7icil\u0259rl\u0259 g\u00f6r\u00fc\u015f\" src=\"http:\/\/www.zerdab.com\/wp-content\/uploads\/2013\/10\/Zerdab41-550x412.jpg\" width=\"550\" height=\"412\" \/><img loading=\"lazy\" decoding=\"async\" class=\"aligncenter size-large wp-image-12597\" alt=\"Se\u00e7icil\u0259rl\u0259 g\u00f6r\u00fc\u015f\" src=\"http:\/\/www.zerdab.com\/wp-content\/uploads\/2013\/10\/Zerdab31-550x412.jpg\" width=\"550\" height=\"412\" \/><img loading=\"lazy\" decoding=\"async\" class=\"aligncenter size-large wp-image-12596\" alt=\"Se\u00e7icil\u0259rl\u0259 g\u00f6r\u00fc\u015f\" src=\"http:\/\/www.zerdab.com\/wp-content\/uploads\/2013\/10\/Beyimli3-550x412.jpg\" width=\"550\" height=\"412\" \/><img loading=\"lazy\" decoding=\"async\" class=\"aligncenter size-large wp-image-12595\" alt=\"Se\u00e7icil\u0259rl\u0259 g\u00f6r\u00fc\u015f\" src=\"http:\/\/www.zerdab.com\/wp-content\/uploads\/2013\/10\/Beyimli2-550x361.jpg\" width=\"550\" height=\"361\" \/><img loading=\"lazy\" decoding=\"async\" class=\"aligncenter size-full wp-image-12593\" alt=\"Se\u00e7icil\u0259rl\u0259 g\u00f6r\u00fc\u015f\" src=\"http:\/\/www.zerdab.com\/wp-content\/uploads\/2013\/10\/Beyimli.jpg\" width=\"550\" height=\"437\" \/><\/p>\n","protected":false},"excerpt":{"rendered":"<p>\u00a0\u00a0\u00a0\u00a0\u00a0\u00a0\u00a0YAP Z\u0259rdab rayon t\u0259\u015fkilat\u0131n\u0131n se\u00e7ki q\u0259rargah\u0131 05.10.2013-c\u00fc il tarixd\u0259 Sar\u0131qaya \u00a0k\u0259ndind\u0259n v\u0259 B\u0259yimli q\u0259s\u0259b\u0259sind\u0259n olan se\u00e7icil\u0259rl\u0259 g\u00f6r\u00fc\u015f ke\u00e7irib. Zerdab.com sayt\u0131na veril\u0259n m\u0259lumata g\u00f6r\u0259, g\u00f6r\u00fc\u015fd\u0259 \u00e7\u0131x\u0131\u015f ed\u0259n YAP Z\u0259rdab rayon t\u0259\u015fkilat\u0131n\u0131n s\u0259dri P\u0259rvin Mahmudova deyib ki, \u00dcmummilli lider Heyd\u0259r \u018fliyev 1993-c\u00fc ilin iyununda b\u00f6y\u00fck V\u0259t\u0259n, xalq, mill\u0259t sevgisi n\u00fcmayi\u015f etdir\u0259r\u0259k xalq\u0131m\u0131z\u0131n t\u0259kidli t\u0259l\u0259bi il\u0259 yenid\u0259n hakimiyy\u0259t\u0259 [&hellip;]<\/p>\n","protected":false},"author":1,"featured_media":0,"comment_status":"open","ping_status":"open","sticky":false,"template":"","format":"standard","meta":{"footnotes":""},"categories":[21],"tags":[],"class_list":{"0":"post-12587","1":"post","2":"type-post","3":"status-publish","4":"format-standard","6":"category-zrdab"},"yoast_head":"<!-- This site is optimized with the Yoast SEO plugin v27.0 - https:\/\/yoast.com\/product\/yoast-seo-wordpress\/ -->\n<title>YAP Sar\u0131qaya k\u0259ndi v\u0259 B\u0259yimli q\u0259s\u0259b\u0259sind\u0259n olan se\u00e7icil\u0259rl\u0259 g\u00f6r\u00fc\u015f ke\u00e7irib - Z\u0259rdab.com<\/title>\n<meta name=\"robots\" content=\"index, follow, max-snippet:-1, max-image-preview:large, max-video-preview:-1\" \/>\n<link rel=\"canonical\" href=\"https:\/\/www.zerdab.com\/?p=12587\" \/>\n<meta property=\"og:locale\" content=\"az_AZ\" \/>\n<meta property=\"og:type\" content=\"article\" \/>\n<meta property=\"og:title\" content=\"YAP Sar\u0131qaya k\u0259ndi v\u0259 B\u0259yimli q\u0259s\u0259b\u0259sind\u0259n olan se\u00e7icil\u0259rl\u0259 g\u00f6r\u00fc\u015f ke\u00e7irib - Z\u0259rdab.com\" \/>\n<meta property=\"og:description\" content=\"\u00a0\u00a0\u00a0\u00a0\u00a0\u00a0\u00a0YAP Z\u0259rdab rayon t\u0259\u015fkilat\u0131n\u0131n se\u00e7ki q\u0259rargah\u0131 05.10.2013-c\u00fc il tarixd\u0259 Sar\u0131qaya \u00a0k\u0259ndind\u0259n v\u0259 B\u0259yimli q\u0259s\u0259b\u0259sind\u0259n olan se\u00e7icil\u0259rl\u0259 g\u00f6r\u00fc\u015f ke\u00e7irib. Zerdab.com sayt\u0131na veril\u0259n m\u0259lumata g\u00f6r\u0259, g\u00f6r\u00fc\u015fd\u0259 \u00e7\u0131x\u0131\u015f ed\u0259n YAP Z\u0259rdab rayon t\u0259\u015fkilat\u0131n\u0131n s\u0259dri P\u0259rvin Mahmudova deyib ki, \u00dcmummilli lider Heyd\u0259r \u018fliyev 1993-c\u00fc ilin iyununda b\u00f6y\u00fck V\u0259t\u0259n, xalq, mill\u0259t sevgisi n\u00fcmayi\u015f etdir\u0259r\u0259k xalq\u0131m\u0131z\u0131n t\u0259kidli t\u0259l\u0259bi il\u0259 yenid\u0259n hakimiyy\u0259t\u0259 [&hellip;]\" \/>\n<meta property=\"og:url\" content=\"https:\/\/www.zerdab.com\/?p=12587\" \/>\n<meta property=\"og:site_name\" content=\"Z\u0259rdab.com\" \/>\n<meta property=\"article:published_time\" content=\"2013-10-07T05:37:14+00:00\" \/>\n<meta property=\"og:image\" content=\"http:\/\/www.zerdab.com\/wp-content\/uploads\/2013\/10\/Zerdab-550x412.jpg\" \/>\n<meta name=\"author\" content=\"admin\" \/>\n<meta name=\"twitter:card\" content=\"summary_large_image\" \/>\n<meta name=\"twitter:label1\" content=\"Written by\" \/>\n\t<meta name=\"twitter:data1\" content=\"admin\" \/>\n\t<meta name=\"twitter:label2\" content=\"Est. reading time\" \/>\n\t<meta name=\"twitter:data2\" content=\"3 minutes\" \/>\n<script type=\"application\/ld+json\" class=\"yoast-schema-graph\">{\"@context\":\"https:\/\/schema.org\",\"@graph\":[{\"@type\":\"Article\",\"@id\":\"https:\/\/www.zerdab.com\/?p=12587#article\",\"isPartOf\":{\"@id\":\"https:\/\/www.zerdab.com\/?p=12587\"},\"author\":{\"name\":\"admin\",\"@id\":\"https:\/\/www.zerdab.com\/#\/schema\/person\/97079b7570c1e89ec0d9e138c3672136\"},\"headline\":\"YAP Sar\u0131qaya k\u0259ndi v\u0259 B\u0259yimli q\u0259s\u0259b\u0259sind\u0259n olan se\u00e7icil\u0259rl\u0259 g\u00f6r\u00fc\u015f ke\u00e7irib\",\"datePublished\":\"2013-10-07T05:37:14+00:00\",\"mainEntityOfPage\":{\"@id\":\"https:\/\/www.zerdab.com\/?p=12587\"},\"wordCount\":696,\"commentCount\":0,\"image\":{\"@id\":\"https:\/\/www.zerdab.com\/?p=12587#primaryimage\"},\"thumbnailUrl\":\"http:\/\/www.zerdab.com\/wp-content\/uploads\/2013\/10\/Zerdab-550x412.jpg\",\"articleSection\":[\"C\u018fM\u0130YY\u018fT\"],\"inLanguage\":\"az\",\"potentialAction\":[{\"@type\":\"CommentAction\",\"name\":\"Comment\",\"target\":[\"https:\/\/www.zerdab.com\/?p=12587#respond\"]}]},{\"@type\":\"WebPage\",\"@id\":\"https:\/\/www.zerdab.com\/?p=12587\",\"url\":\"https:\/\/www.zerdab.com\/?p=12587\",\"name\":\"YAP Sar\u0131qaya k\u0259ndi v\u0259 B\u0259yimli q\u0259s\u0259b\u0259sind\u0259n olan se\u00e7icil\u0259rl\u0259 g\u00f6r\u00fc\u015f ke\u00e7irib - Z\u0259rdab.com\",\"isPartOf\":{\"@id\":\"https:\/\/www.zerdab.com\/#website\"},\"primaryImageOfPage\":{\"@id\":\"https:\/\/www.zerdab.com\/?p=12587#primaryimage\"},\"image\":{\"@id\":\"https:\/\/www.zerdab.com\/?p=12587#primaryimage\"},\"thumbnailUrl\":\"http:\/\/www.zerdab.com\/wp-content\/uploads\/2013\/10\/Zerdab-550x412.jpg\",\"datePublished\":\"2013-10-07T05:37:14+00:00\",\"author\":{\"@id\":\"https:\/\/www.zerdab.com\/#\/schema\/person\/97079b7570c1e89ec0d9e138c3672136\"},\"breadcrumb\":{\"@id\":\"https:\/\/www.zerdab.com\/?p=12587#breadcrumb\"},\"inLanguage\":\"az\",\"potentialAction\":[{\"@type\":\"ReadAction\",\"target\":[\"https:\/\/www.zerdab.com\/?p=12587\"]}]},{\"@type\":\"ImageObject\",\"inLanguage\":\"az\",\"@id\":\"https:\/\/www.zerdab.com\/?p=12587#primaryimage\",\"url\":\"\",\"contentUrl\":\"\"},{\"@type\":\"BreadcrumbList\",\"@id\":\"https:\/\/www.zerdab.com\/?p=12587#breadcrumb\",\"itemListElement\":[{\"@type\":\"ListItem\",\"position\":1,\"name\":\"Home\",\"item\":\"https:\/\/www.zerdab.com\/\"},{\"@type\":\"ListItem\",\"position\":2,\"name\":\"YAP Sar\u0131qaya k\u0259ndi v\u0259 B\u0259yimli q\u0259s\u0259b\u0259sind\u0259n olan se\u00e7icil\u0259rl\u0259 g\u00f6r\u00fc\u015f ke\u00e7irib\"}]},{\"@type\":\"WebSite\",\"@id\":\"https:\/\/www.zerdab.com\/#website\",\"url\":\"https:\/\/www.zerdab.com\/\",\"name\":\"Z\u0259rdab.com\",\"description\":\"\",\"potentialAction\":[{\"@type\":\"SearchAction\",\"target\":{\"@type\":\"EntryPoint\",\"urlTemplate\":\"https:\/\/www.zerdab.com\/?s={search_term_string}\"},\"query-input\":{\"@type\":\"PropertyValueSpecification\",\"valueRequired\":true,\"valueName\":\"search_term_string\"}}],\"inLanguage\":\"az\"},{\"@type\":\"Person\",\"@id\":\"https:\/\/www.zerdab.com\/#\/schema\/person\/97079b7570c1e89ec0d9e138c3672136\",\"name\":\"admin\",\"image\":{\"@type\":\"ImageObject\",\"inLanguage\":\"az\",\"@id\":\"https:\/\/www.zerdab.com\/#\/schema\/person\/image\/\",\"url\":\"https:\/\/secure.gravatar.com\/avatar\/d9c52a9a27c32119cb6679a077fa3e2779e5f822c451cbf01098004361d466ec?s=96&d=mm&r=g\",\"contentUrl\":\"https:\/\/secure.gravatar.com\/avatar\/d9c52a9a27c32119cb6679a077fa3e2779e5f822c451cbf01098004361d466ec?s=96&d=mm&r=g\",\"caption\":\"admin\"},\"url\":\"https:\/\/www.zerdab.com\/?author=1\"}]}<\/script>\n<!-- \/ Yoast SEO plugin. -->","yoast_head_json":{"title":"YAP Sar\u0131qaya k\u0259ndi v\u0259 B\u0259yimli q\u0259s\u0259b\u0259sind\u0259n olan se\u00e7icil\u0259rl\u0259 g\u00f6r\u00fc\u015f ke\u00e7irib - Z\u0259rdab.com","robots":{"index":"index","follow":"follow","max-snippet":"max-snippet:-1","max-image-preview":"max-image-preview:large","max-video-preview":"max-video-preview:-1"},"canonical":"https:\/\/www.zerdab.com\/?p=12587","og_locale":"az_AZ","og_type":"article","og_title":"YAP Sar\u0131qaya k\u0259ndi v\u0259 B\u0259yimli q\u0259s\u0259b\u0259sind\u0259n olan se\u00e7icil\u0259rl\u0259 g\u00f6r\u00fc\u015f ke\u00e7irib - Z\u0259rdab.com","og_description":"\u00a0\u00a0\u00a0\u00a0\u00a0\u00a0\u00a0YAP Z\u0259rdab rayon t\u0259\u015fkilat\u0131n\u0131n se\u00e7ki q\u0259rargah\u0131 05.10.2013-c\u00fc il tarixd\u0259 Sar\u0131qaya \u00a0k\u0259ndind\u0259n v\u0259 B\u0259yimli q\u0259s\u0259b\u0259sind\u0259n olan se\u00e7icil\u0259rl\u0259 g\u00f6r\u00fc\u015f ke\u00e7irib. Zerdab.com sayt\u0131na veril\u0259n m\u0259lumata g\u00f6r\u0259, g\u00f6r\u00fc\u015fd\u0259 \u00e7\u0131x\u0131\u015f ed\u0259n YAP Z\u0259rdab rayon t\u0259\u015fkilat\u0131n\u0131n s\u0259dri P\u0259rvin Mahmudova deyib ki, \u00dcmummilli lider Heyd\u0259r \u018fliyev 1993-c\u00fc ilin iyununda b\u00f6y\u00fck V\u0259t\u0259n, xalq, mill\u0259t sevgisi n\u00fcmayi\u015f etdir\u0259r\u0259k xalq\u0131m\u0131z\u0131n t\u0259kidli t\u0259l\u0259bi il\u0259 yenid\u0259n hakimiyy\u0259t\u0259 [&hellip;]","og_url":"https:\/\/www.zerdab.com\/?p=12587","og_site_name":"Z\u0259rdab.com","article_published_time":"2013-10-07T05:37:14+00:00","og_image":[{"url":"http:\/\/www.zerdab.com\/wp-content\/uploads\/2013\/10\/Zerdab-550x412.jpg","type":"","width":"","height":""}],"author":"admin","twitter_card":"summary_large_image","twitter_misc":{"Written by":"admin","Est. reading time":"3 minutes"},"schema":{"@context":"https:\/\/schema.org","@graph":[{"@type":"Article","@id":"https:\/\/www.zerdab.com\/?p=12587#article","isPartOf":{"@id":"https:\/\/www.zerdab.com\/?p=12587"},"author":{"name":"admin","@id":"https:\/\/www.zerdab.com\/#\/schema\/person\/97079b7570c1e89ec0d9e138c3672136"},"headline":"YAP Sar\u0131qaya k\u0259ndi v\u0259 B\u0259yimli q\u0259s\u0259b\u0259sind\u0259n olan se\u00e7icil\u0259rl\u0259 g\u00f6r\u00fc\u015f ke\u00e7irib","datePublished":"2013-10-07T05:37:14+00:00","mainEntityOfPage":{"@id":"https:\/\/www.zerdab.com\/?p=12587"},"wordCount":696,"commentCount":0,"image":{"@id":"https:\/\/www.zerdab.com\/?p=12587#primaryimage"},"thumbnailUrl":"http:\/\/www.zerdab.com\/wp-content\/uploads\/2013\/10\/Zerdab-550x412.jpg","articleSection":["C\u018fM\u0130YY\u018fT"],"inLanguage":"az","potentialAction":[{"@type":"CommentAction","name":"Comment","target":["https:\/\/www.zerdab.com\/?p=12587#respond"]}]},{"@type":"WebPage","@id":"https:\/\/www.zerdab.com\/?p=12587","url":"https:\/\/www.zerdab.com\/?p=12587","name":"YAP Sar\u0131qaya k\u0259ndi v\u0259 B\u0259yimli q\u0259s\u0259b\u0259sind\u0259n olan se\u00e7icil\u0259rl\u0259 g\u00f6r\u00fc\u015f ke\u00e7irib - Z\u0259rdab.com","isPartOf":{"@id":"https:\/\/www.zerdab.com\/#website"},"primaryImageOfPage":{"@id":"https:\/\/www.zerdab.com\/?p=12587#primaryimage"},"image":{"@id":"https:\/\/www.zerdab.com\/?p=12587#primaryimage"},"thumbnailUrl":"http:\/\/www.zerdab.com\/wp-content\/uploads\/2013\/10\/Zerdab-550x412.jpg","datePublished":"2013-10-07T05:37:14+00:00","author":{"@id":"https:\/\/www.zerdab.com\/#\/schema\/person\/97079b7570c1e89ec0d9e138c3672136"},"breadcrumb":{"@id":"https:\/\/www.zerdab.com\/?p=12587#breadcrumb"},"inLanguage":"az","potentialAction":[{"@type":"ReadAction","target":["https:\/\/www.zerdab.com\/?p=12587"]}]},{"@type":"ImageObject","inLanguage":"az","@id":"https:\/\/www.zerdab.com\/?p=12587#primaryimage","url":"","contentUrl":""},{"@type":"BreadcrumbList","@id":"https:\/\/www.zerdab.com\/?p=12587#breadcrumb","itemListElement":[{"@type":"ListItem","position":1,"name":"Home","item":"https:\/\/www.zerdab.com\/"},{"@type":"ListItem","position":2,"name":"YAP Sar\u0131qaya k\u0259ndi v\u0259 B\u0259yimli q\u0259s\u0259b\u0259sind\u0259n olan se\u00e7icil\u0259rl\u0259 g\u00f6r\u00fc\u015f ke\u00e7irib"}]},{"@type":"WebSite","@id":"https:\/\/www.zerdab.com\/#website","url":"https:\/\/www.zerdab.com\/","name":"Z\u0259rdab.com","description":"","potentialAction":[{"@type":"SearchAction","target":{"@type":"EntryPoint","urlTemplate":"https:\/\/www.zerdab.com\/?s={search_term_string}"},"query-input":{"@type":"PropertyValueSpecification","valueRequired":true,"valueName":"search_term_string"}}],"inLanguage":"az"},{"@type":"Person","@id":"https:\/\/www.zerdab.com\/#\/schema\/person\/97079b7570c1e89ec0d9e138c3672136","name":"admin","image":{"@type":"ImageObject","inLanguage":"az","@id":"https:\/\/www.zerdab.com\/#\/schema\/person\/image\/","url":"https:\/\/secure.gravatar.com\/avatar\/d9c52a9a27c32119cb6679a077fa3e2779e5f822c451cbf01098004361d466ec?s=96&d=mm&r=g","contentUrl":"https:\/\/secure.gravatar.com\/avatar\/d9c52a9a27c32119cb6679a077fa3e2779e5f822c451cbf01098004361d466ec?s=96&d=mm&r=g","caption":"admin"},"url":"https:\/\/www.zerdab.com\/?author=1"}]}},"_links":{"self":[{"href":"https:\/\/www.zerdab.com\/index.php?rest_route=\/wp\/v2\/posts\/12587","targetHints":{"allow":["GET"]}}],"collection":[{"href":"https:\/\/www.zerdab.com\/index.php?rest_route=\/wp\/v2\/posts"}],"about":[{"href":"https:\/\/www.zerdab.com\/index.php?rest_route=\/wp\/v2\/types\/post"}],"author":[{"embeddable":true,"href":"https:\/\/www.zerdab.com\/index.php?rest_route=\/wp\/v2\/users\/1"}],"replies":[{"embeddable":true,"href":"https:\/\/www.zerdab.com\/index.php?rest_route=%2Fwp%2Fv2%2Fcomments&post=12587"}],"version-history":[{"count":2,"href":"https:\/\/www.zerdab.com\/index.php?rest_route=\/wp\/v2\/posts\/12587\/revisions"}],"predecessor-version":[{"id":12599,"href":"https:\/\/www.zerdab.com\/index.php?rest_route=\/wp\/v2\/posts\/12587\/revisions\/12599"}],"wp:attachment":[{"href":"https:\/\/www.zerdab.com\/index.php?rest_route=%2Fwp%2Fv2%2Fmedia&parent=12587"}],"wp:term":[{"taxonomy":"category","embeddable":true,"href":"https:\/\/www.zerdab.com\/index.php?rest_route=%2Fwp%2Fv2%2Fcategories&post=12587"},{"taxonomy":"post_tag","embeddable":true,"href":"https:\/\/www.zerdab.com\/index.php?rest_route=%2Fwp%2Fv2%2Ftags&post=12587"}],"curies":[{"name":"wp","href":"https:\/\/api.w.org\/{rel}","templated":true}]}}