{"id":12642,"date":"2013-10-09T10:44:35","date_gmt":"2013-10-09T05:44:35","guid":{"rendered":"http:\/\/www.zerdab.com\/?p=12642"},"modified":"2013-10-09T10:44:35","modified_gmt":"2013-10-09T05:44:35","slug":"xalq-prezidentini-secir","status":"publish","type":"post","link":"https:\/\/www.zerdab.com\/?p=12642","title":{"rendered":"Xalq Prezidentini se\u00e7ir"},"content":{"rendered":"<div><img loading=\"lazy\" decoding=\"async\" class=\"aligncenter size-medium wp-image-12643\" alt=\"secki\" src=\"http:\/\/www.zerdab.com\/wp-content\/uploads\/2013\/10\/secki-400x199.png\" width=\"400\" height=\"199\" \/>Bu g\u00fcn Az\u0259rbaycanda ke\u00e7iril\u0259n prezident se\u00e7kil\u0259rind\u0259 s\u0259sverm\u0259 ba\u015flay\u0131b. <a href=\"http:\/\/apa.az\">Zerdab.com sayt\u0131<\/a>n\u0131n m\u0259lumat\u0131na g\u00f6r\u0259, M\u0259rk\u0259zi Se\u00e7ki Komissiyas\u0131n\u0131n (MSK) s\u0259dri M\u0259zahir P\u0259nahov MSK-n\u0131n Se\u00e7kil\u0259r \u0130nformasiya M\u0259rk\u0259zind\u0259 ke\u00e7irdiyi m\u0259tbuat konfrans\u0131nda se\u00e7kil\u0259r\u0259 haz\u0131rl\u0131q prosesi bar\u0259d\u0259 m\u0259lumat verib, haz\u0131rl\u0131\u011f\u0131n y\u00fcks\u0259k s\u0259viyy\u0259d\u0259 apar\u0131ld\u0131\u011f\u0131n\u0131 deyib. O, se\u00e7ki prosesinin Se\u00e7ki M\u0259c\u0259ll\u0259sin\u0259 uy\u011fun ke\u00e7m\u0259si \u00fc\u00e7\u00fcn MSK-n\u0131n b\u00fct\u00fcn laz\u0131mi t\u0259dbirl\u0259ri g\u00f6rd\u00fcy\u00fcn\u00fc bildirib.<\/div>\n<p>Sonra MSK s\u0259dri s\u0259sverm\u0259nin ba\u015fland\u0131\u011f\u0131n\u0131 elan edib.<\/p>\n<p>D\u00f6vl\u0259t himninin s\u0259sl\u0259nm\u0259si il\u0259 s\u0259sverm\u0259y\u0259 start verilib.<\/p>\n<p><span>Az\u0259rbaycanda ke\u00e7iril\u0259c\u0259k n\u00f6vb\u0259ti Prezident se\u00e7kil\u0259rind\u0259 10 namiz\u0259d n\u00f6vb\u0259ti 5 ild\u0259 \u00f6lk\u0259ni idar\u0259 etm\u0259y\u0259 imkan ver\u0259c\u0259k Prezident v\u0259zif\u0259si u\u011frunda m\u00fcbariz\u0259 apar\u0131r.<\/span><\/p>\n<p>&nbsp;<\/p>\n<p>&nbsp;<\/p>\n","protected":false},"excerpt":{"rendered":"<p>Bu g\u00fcn Az\u0259rbaycanda ke\u00e7iril\u0259n prezident se\u00e7kil\u0259rind\u0259 s\u0259sverm\u0259 ba\u015flay\u0131b. Zerdab.com sayt\u0131n\u0131n m\u0259lumat\u0131na g\u00f6r\u0259, M\u0259rk\u0259zi Se\u00e7ki Komissiyas\u0131n\u0131n (MSK) s\u0259dri M\u0259zahir P\u0259nahov MSK-n\u0131n Se\u00e7kil\u0259r \u0130nformasiya M\u0259rk\u0259zind\u0259 ke\u00e7irdiyi m\u0259tbuat konfrans\u0131nda se\u00e7kil\u0259r\u0259 haz\u0131rl\u0131q prosesi bar\u0259d\u0259 m\u0259lumat verib, haz\u0131rl\u0131\u011f\u0131n y\u00fcks\u0259k s\u0259viyy\u0259d\u0259 apar\u0131ld\u0131\u011f\u0131n\u0131 deyib. O, se\u00e7ki prosesinin Se\u00e7ki M\u0259c\u0259ll\u0259sin\u0259 uy\u011fun ke\u00e7m\u0259si \u00fc\u00e7\u00fcn MSK-n\u0131n b\u00fct\u00fcn laz\u0131mi t\u0259dbirl\u0259ri g\u00f6rd\u00fcy\u00fcn\u00fc bildirib. Sonra MSK s\u0259dri s\u0259sverm\u0259nin [&hellip;]<\/p>\n","protected":false},"author":1,"featured_media":0,"comment_status":"open","ping_status":"open","sticky":false,"template":"","format":"standard","meta":{"footnotes":""},"categories":[21],"tags":[],"class_list":{"0":"post-12642","1":"post","2":"type-post","3":"status-publish","4":"format-standard","6":"category-zrdab"},"yoast_head":"<!-- This site is optimized with the Yoast SEO plugin v27.0 - https:\/\/yoast.com\/product\/yoast-seo-wordpress\/ -->\n<title>Xalq Prezidentini se\u00e7ir - Z\u0259rdab.com<\/title>\n<meta name=\"robots\" content=\"index, follow, max-snippet:-1, max-image-preview:large, max-video-preview:-1\" \/>\n<link rel=\"canonical\" href=\"https:\/\/www.zerdab.com\/?p=12642\" \/>\n<meta property=\"og:locale\" content=\"az_AZ\" \/>\n<meta property=\"og:type\" content=\"article\" \/>\n<meta property=\"og:title\" content=\"Xalq Prezidentini se\u00e7ir - Z\u0259rdab.com\" \/>\n<meta property=\"og:description\" content=\"Bu g\u00fcn Az\u0259rbaycanda ke\u00e7iril\u0259n prezident se\u00e7kil\u0259rind\u0259 s\u0259sverm\u0259 ba\u015flay\u0131b. Zerdab.com sayt\u0131n\u0131n m\u0259lumat\u0131na g\u00f6r\u0259, M\u0259rk\u0259zi Se\u00e7ki Komissiyas\u0131n\u0131n (MSK) s\u0259dri M\u0259zahir P\u0259nahov MSK-n\u0131n Se\u00e7kil\u0259r \u0130nformasiya M\u0259rk\u0259zind\u0259 ke\u00e7irdiyi m\u0259tbuat konfrans\u0131nda se\u00e7kil\u0259r\u0259 haz\u0131rl\u0131q prosesi bar\u0259d\u0259 m\u0259lumat verib, haz\u0131rl\u0131\u011f\u0131n y\u00fcks\u0259k s\u0259viyy\u0259d\u0259 apar\u0131ld\u0131\u011f\u0131n\u0131 deyib. O, se\u00e7ki prosesinin Se\u00e7ki M\u0259c\u0259ll\u0259sin\u0259 uy\u011fun ke\u00e7m\u0259si \u00fc\u00e7\u00fcn MSK-n\u0131n b\u00fct\u00fcn laz\u0131mi t\u0259dbirl\u0259ri g\u00f6rd\u00fcy\u00fcn\u00fc bildirib. Sonra MSK s\u0259dri s\u0259sverm\u0259nin [&hellip;]\" \/>\n<meta property=\"og:url\" content=\"https:\/\/www.zerdab.com\/?p=12642\" \/>\n<meta property=\"og:site_name\" content=\"Z\u0259rdab.com\" \/>\n<meta property=\"article:published_time\" content=\"2013-10-09T05:44:35+00:00\" \/>\n<meta property=\"og:image\" content=\"http:\/\/www.zerdab.com\/wp-content\/uploads\/2013\/10\/secki-400x199.png\" \/>\n<meta name=\"author\" content=\"admin\" \/>\n<meta name=\"twitter:card\" content=\"summary_large_image\" \/>\n<meta name=\"twitter:label1\" content=\"Written by\" \/>\n\t<meta name=\"twitter:data1\" content=\"admin\" \/>\n\t<meta name=\"twitter:label2\" content=\"Est. reading time\" \/>\n\t<meta name=\"twitter:data2\" content=\"1 minute\" \/>\n<script type=\"application\/ld+json\" class=\"yoast-schema-graph\">{\"@context\":\"https:\/\/schema.org\",\"@graph\":[{\"@type\":\"Article\",\"@id\":\"https:\/\/www.zerdab.com\/?p=12642#article\",\"isPartOf\":{\"@id\":\"https:\/\/www.zerdab.com\/?p=12642\"},\"author\":{\"name\":\"admin\",\"@id\":\"https:\/\/www.zerdab.com\/#\/schema\/person\/97079b7570c1e89ec0d9e138c3672136\"},\"headline\":\"Xalq Prezidentini se\u00e7ir\",\"datePublished\":\"2013-10-09T05:44:35+00:00\",\"mainEntityOfPage\":{\"@id\":\"https:\/\/www.zerdab.com\/?p=12642\"},\"wordCount\":183,\"commentCount\":1,\"image\":{\"@id\":\"https:\/\/www.zerdab.com\/?p=12642#primaryimage\"},\"thumbnailUrl\":\"http:\/\/www.zerdab.com\/wp-content\/uploads\/2013\/10\/secki-400x199.png\",\"articleSection\":[\"C\u018fM\u0130YY\u018fT\"],\"inLanguage\":\"az\",\"potentialAction\":[{\"@type\":\"CommentAction\",\"name\":\"Comment\",\"target\":[\"https:\/\/www.zerdab.com\/?p=12642#respond\"]}]},{\"@type\":\"WebPage\",\"@id\":\"https:\/\/www.zerdab.com\/?p=12642\",\"url\":\"https:\/\/www.zerdab.com\/?p=12642\",\"name\":\"Xalq Prezidentini se\u00e7ir - Z\u0259rdab.com\",\"isPartOf\":{\"@id\":\"https:\/\/www.zerdab.com\/#website\"},\"primaryImageOfPage\":{\"@id\":\"https:\/\/www.zerdab.com\/?p=12642#primaryimage\"},\"image\":{\"@id\":\"https:\/\/www.zerdab.com\/?p=12642#primaryimage\"},\"thumbnailUrl\":\"http:\/\/www.zerdab.com\/wp-content\/uploads\/2013\/10\/secki-400x199.png\",\"datePublished\":\"2013-10-09T05:44:35+00:00\",\"author\":{\"@id\":\"https:\/\/www.zerdab.com\/#\/schema\/person\/97079b7570c1e89ec0d9e138c3672136\"},\"breadcrumb\":{\"@id\":\"https:\/\/www.zerdab.com\/?p=12642#breadcrumb\"},\"inLanguage\":\"az\",\"potentialAction\":[{\"@type\":\"ReadAction\",\"target\":[\"https:\/\/www.zerdab.com\/?p=12642\"]}]},{\"@type\":\"ImageObject\",\"inLanguage\":\"az\",\"@id\":\"https:\/\/www.zerdab.com\/?p=12642#primaryimage\",\"url\":\"\",\"contentUrl\":\"\"},{\"@type\":\"BreadcrumbList\",\"@id\":\"https:\/\/www.zerdab.com\/?p=12642#breadcrumb\",\"itemListElement\":[{\"@type\":\"ListItem\",\"position\":1,\"name\":\"Home\",\"item\":\"https:\/\/www.zerdab.com\/\"},{\"@type\":\"ListItem\",\"position\":2,\"name\":\"Xalq Prezidentini se\u00e7ir\"}]},{\"@type\":\"WebSite\",\"@id\":\"https:\/\/www.zerdab.com\/#website\",\"url\":\"https:\/\/www.zerdab.com\/\",\"name\":\"Z\u0259rdab.com\",\"description\":\"\",\"potentialAction\":[{\"@type\":\"SearchAction\",\"target\":{\"@type\":\"EntryPoint\",\"urlTemplate\":\"https:\/\/www.zerdab.com\/?s={search_term_string}\"},\"query-input\":{\"@type\":\"PropertyValueSpecification\",\"valueRequired\":true,\"valueName\":\"search_term_string\"}}],\"inLanguage\":\"az\"},{\"@type\":\"Person\",\"@id\":\"https:\/\/www.zerdab.com\/#\/schema\/person\/97079b7570c1e89ec0d9e138c3672136\",\"name\":\"admin\",\"image\":{\"@type\":\"ImageObject\",\"inLanguage\":\"az\",\"@id\":\"https:\/\/www.zerdab.com\/#\/schema\/person\/image\/\",\"url\":\"https:\/\/secure.gravatar.com\/avatar\/d9c52a9a27c32119cb6679a077fa3e2779e5f822c451cbf01098004361d466ec?s=96&d=mm&r=g\",\"contentUrl\":\"https:\/\/secure.gravatar.com\/avatar\/d9c52a9a27c32119cb6679a077fa3e2779e5f822c451cbf01098004361d466ec?s=96&d=mm&r=g\",\"caption\":\"admin\"},\"url\":\"https:\/\/www.zerdab.com\/?author=1\"}]}<\/script>\n<!-- \/ Yoast SEO plugin. -->","yoast_head_json":{"title":"Xalq Prezidentini se\u00e7ir - Z\u0259rdab.com","robots":{"index":"index","follow":"follow","max-snippet":"max-snippet:-1","max-image-preview":"max-image-preview:large","max-video-preview":"max-video-preview:-1"},"canonical":"https:\/\/www.zerdab.com\/?p=12642","og_locale":"az_AZ","og_type":"article","og_title":"Xalq Prezidentini se\u00e7ir - Z\u0259rdab.com","og_description":"Bu g\u00fcn Az\u0259rbaycanda ke\u00e7iril\u0259n prezident se\u00e7kil\u0259rind\u0259 s\u0259sverm\u0259 ba\u015flay\u0131b. Zerdab.com sayt\u0131n\u0131n m\u0259lumat\u0131na g\u00f6r\u0259, M\u0259rk\u0259zi Se\u00e7ki Komissiyas\u0131n\u0131n (MSK) s\u0259dri M\u0259zahir P\u0259nahov MSK-n\u0131n Se\u00e7kil\u0259r \u0130nformasiya M\u0259rk\u0259zind\u0259 ke\u00e7irdiyi m\u0259tbuat konfrans\u0131nda se\u00e7kil\u0259r\u0259 haz\u0131rl\u0131q prosesi bar\u0259d\u0259 m\u0259lumat verib, haz\u0131rl\u0131\u011f\u0131n y\u00fcks\u0259k s\u0259viyy\u0259d\u0259 apar\u0131ld\u0131\u011f\u0131n\u0131 deyib. O, se\u00e7ki prosesinin Se\u00e7ki M\u0259c\u0259ll\u0259sin\u0259 uy\u011fun ke\u00e7m\u0259si \u00fc\u00e7\u00fcn MSK-n\u0131n b\u00fct\u00fcn laz\u0131mi t\u0259dbirl\u0259ri g\u00f6rd\u00fcy\u00fcn\u00fc bildirib. Sonra MSK s\u0259dri s\u0259sverm\u0259nin [&hellip;]","og_url":"https:\/\/www.zerdab.com\/?p=12642","og_site_name":"Z\u0259rdab.com","article_published_time":"2013-10-09T05:44:35+00:00","og_image":[{"url":"http:\/\/www.zerdab.com\/wp-content\/uploads\/2013\/10\/secki-400x199.png","type":"","width":"","height":""}],"author":"admin","twitter_card":"summary_large_image","twitter_misc":{"Written by":"admin","Est. reading time":"1 minute"},"schema":{"@context":"https:\/\/schema.org","@graph":[{"@type":"Article","@id":"https:\/\/www.zerdab.com\/?p=12642#article","isPartOf":{"@id":"https:\/\/www.zerdab.com\/?p=12642"},"author":{"name":"admin","@id":"https:\/\/www.zerdab.com\/#\/schema\/person\/97079b7570c1e89ec0d9e138c3672136"},"headline":"Xalq Prezidentini se\u00e7ir","datePublished":"2013-10-09T05:44:35+00:00","mainEntityOfPage":{"@id":"https:\/\/www.zerdab.com\/?p=12642"},"wordCount":183,"commentCount":1,"image":{"@id":"https:\/\/www.zerdab.com\/?p=12642#primaryimage"},"thumbnailUrl":"http:\/\/www.zerdab.com\/wp-content\/uploads\/2013\/10\/secki-400x199.png","articleSection":["C\u018fM\u0130YY\u018fT"],"inLanguage":"az","potentialAction":[{"@type":"CommentAction","name":"Comment","target":["https:\/\/www.zerdab.com\/?p=12642#respond"]}]},{"@type":"WebPage","@id":"https:\/\/www.zerdab.com\/?p=12642","url":"https:\/\/www.zerdab.com\/?p=12642","name":"Xalq Prezidentini se\u00e7ir - Z\u0259rdab.com","isPartOf":{"@id":"https:\/\/www.zerdab.com\/#website"},"primaryImageOfPage":{"@id":"https:\/\/www.zerdab.com\/?p=12642#primaryimage"},"image":{"@id":"https:\/\/www.zerdab.com\/?p=12642#primaryimage"},"thumbnailUrl":"http:\/\/www.zerdab.com\/wp-content\/uploads\/2013\/10\/secki-400x199.png","datePublished":"2013-10-09T05:44:35+00:00","author":{"@id":"https:\/\/www.zerdab.com\/#\/schema\/person\/97079b7570c1e89ec0d9e138c3672136"},"breadcrumb":{"@id":"https:\/\/www.zerdab.com\/?p=12642#breadcrumb"},"inLanguage":"az","potentialAction":[{"@type":"ReadAction","target":["https:\/\/www.zerdab.com\/?p=12642"]}]},{"@type":"ImageObject","inLanguage":"az","@id":"https:\/\/www.zerdab.com\/?p=12642#primaryimage","url":"","contentUrl":""},{"@type":"BreadcrumbList","@id":"https:\/\/www.zerdab.com\/?p=12642#breadcrumb","itemListElement":[{"@type":"ListItem","position":1,"name":"Home","item":"https:\/\/www.zerdab.com\/"},{"@type":"ListItem","position":2,"name":"Xalq Prezidentini se\u00e7ir"}]},{"@type":"WebSite","@id":"https:\/\/www.zerdab.com\/#website","url":"https:\/\/www.zerdab.com\/","name":"Z\u0259rdab.com","description":"","potentialAction":[{"@type":"SearchAction","target":{"@type":"EntryPoint","urlTemplate":"https:\/\/www.zerdab.com\/?s={search_term_string}"},"query-input":{"@type":"PropertyValueSpecification","valueRequired":true,"valueName":"search_term_string"}}],"inLanguage":"az"},{"@type":"Person","@id":"https:\/\/www.zerdab.com\/#\/schema\/person\/97079b7570c1e89ec0d9e138c3672136","name":"admin","image":{"@type":"ImageObject","inLanguage":"az","@id":"https:\/\/www.zerdab.com\/#\/schema\/person\/image\/","url":"https:\/\/secure.gravatar.com\/avatar\/d9c52a9a27c32119cb6679a077fa3e2779e5f822c451cbf01098004361d466ec?s=96&d=mm&r=g","contentUrl":"https:\/\/secure.gravatar.com\/avatar\/d9c52a9a27c32119cb6679a077fa3e2779e5f822c451cbf01098004361d466ec?s=96&d=mm&r=g","caption":"admin"},"url":"https:\/\/www.zerdab.com\/?author=1"}]}},"_links":{"self":[{"href":"https:\/\/www.zerdab.com\/index.php?rest_route=\/wp\/v2\/posts\/12642","targetHints":{"allow":["GET"]}}],"collection":[{"href":"https:\/\/www.zerdab.com\/index.php?rest_route=\/wp\/v2\/posts"}],"about":[{"href":"https:\/\/www.zerdab.com\/index.php?rest_route=\/wp\/v2\/types\/post"}],"author":[{"embeddable":true,"href":"https:\/\/www.zerdab.com\/index.php?rest_route=\/wp\/v2\/users\/1"}],"replies":[{"embeddable":true,"href":"https:\/\/www.zerdab.com\/index.php?rest_route=%2Fwp%2Fv2%2Fcomments&post=12642"}],"version-history":[{"count":1,"href":"https:\/\/www.zerdab.com\/index.php?rest_route=\/wp\/v2\/posts\/12642\/revisions"}],"predecessor-version":[{"id":12644,"href":"https:\/\/www.zerdab.com\/index.php?rest_route=\/wp\/v2\/posts\/12642\/revisions\/12644"}],"wp:attachment":[{"href":"https:\/\/www.zerdab.com\/index.php?rest_route=%2Fwp%2Fv2%2Fmedia&parent=12642"}],"wp:term":[{"taxonomy":"category","embeddable":true,"href":"https:\/\/www.zerdab.com\/index.php?rest_route=%2Fwp%2Fv2%2Fcategories&post=12642"},{"taxonomy":"post_tag","embeddable":true,"href":"https:\/\/www.zerdab.com\/index.php?rest_route=%2Fwp%2Fv2%2Ftags&post=12642"}],"curies":[{"name":"wp","href":"https:\/\/api.w.org\/{rel}","templated":true}]}}