{"id":12700,"date":"2013-10-09T21:55:11","date_gmt":"2013-10-09T16:55:11","guid":{"rendered":"http:\/\/www.zerdab.com\/?p=12700"},"modified":"2013-10-09T23:10:52","modified_gmt":"2013-10-09T18:10:52","slug":"%c9%99li-%c9%99hm%c9%99dov-ilham-%c9%99liyev-bu-seckil%c9%99rd%c9%99-boyuk-v%c9%99-inamli-q%c9%99l%c9%99b%c9%99-qazanib","status":"publish","type":"post","link":"https:\/\/www.zerdab.com\/?p=12700","title":{"rendered":"\u018fli \u018fhm\u0259dov: \u201c\u0130lham \u018fliyev bu se\u00e7kil\u0259rd\u0259 b\u00f6y\u00fck v\u0259 inaml\u0131 q\u0259l\u0259b\u0259 qazan\u0131b\u201d"},"content":{"rendered":"<div><span style=\"color: #000000;\"><strong><img loading=\"lazy\" decoding=\"async\" class=\"aligncenter size-medium wp-image-12404\" alt=\"Prezident \u0130lham \u018fliyev\" src=\"http:\/\/www.zerdab.com\/wp-content\/uploads\/2013\/10\/Prezident-\u0130lham-\u018fliyev1-400x279.jpg\" width=\"400\" height=\"279\" \/>Yeni Az\u0259rbaycan Partiyas\u0131n\u0131n (YAP) q\u0259rargah\u0131nda bu g\u00fcn ke\u00e7iril\u0259n prezident se\u00e7kil\u0259ri il\u0259 ba\u011fl\u0131 m\u0259tbuat konfrans\u0131 ke\u00e7irilib.<\/strong><\/span><\/div>\n<p>YAP s\u0259drinin m\u00fcavini, icra katibi \u018fli \u018fhm\u0259dov bildirib ki, saat 08:00-da ba\u015flayan s\u0259sverm\u0259 saat 19:00-da ba\u015fa \u00e7at\u0131b v\u0259 se\u00e7kil\u0259r ba\u015f tutmu\u015f hesab edilir.<\/p>\n<p>O qeyd edib ki, ilkin m\u0259lumatlara \u0259sas\u0259n, YAP lideri \u0130lham \u018fliyev n\u00f6vb\u0259ti d\u0259f\u0259 q\u0259l\u0259b\u0259 \u00e7al\u0131b: \u201cXalq\u0131n d\u0259st\u0259yi say\u0259sind\u0259 \u0130lham \u018fliyev n\u00f6vb\u0259ti be\u015f ild\u0259 d\u0259 Az\u0259rbaycana r\u0259hb\u0259rlik ed\u0259c\u0259k. Ke\u00e7iril\u0259n \u201cexit poll\u201dar\u0131n n\u0259tic\u0259l\u0259rin\u0259 \u0259sas\u0259n d\u0259, \u0130lham \u018fliyev se\u00e7icil\u0259rin 83%-d\u0259n \u00e7oxunun s\u0259sini qazan\u0131b. \u00dcmid edirik ki, yax\u0131n vaxtlarda M\u0259rk\u0259zi Se\u00e7ki Komissiyas\u0131 da n\u0259tic\u0259l\u0259ri gecikdirm\u0259yib elan ed\u0259c\u0259k\u201d.<\/p>\n<p>\u018f. \u018fhm\u0259dov onu da qeyd edib ki, ilkin m\u0259lumatlara g\u00f6r\u0259, se\u00e7kil\u0259rd\u0259 se\u00e7icil\u0259rin 70%-d\u0259n \u00e7oxu i\u015ftirak edib.<img loading=\"lazy\" decoding=\"async\" class=\"aligncenter size-medium wp-image-12262\" alt=\"YAP Z\u0259rdab rayon t\u0259\u015fkilat\u0131\" src=\"http:\/\/www.zerdab.com\/wp-content\/uploads\/2013\/09\/YAP-Z\u0259rdab-rayon-t\u0259\u015fkilat\u01310000-400x265.jpg\" width=\"400\" height=\"265\" \/><\/p>\n<p>\u201cAz\u0259rbaycanda ke\u00e7iril\u0259n prezident se\u00e7kil\u0259rin\u0259 beyn\u0259lxalq t\u0259\u015fkilatlar t\u0259r\u0259find\u0259n ciddi maraq olub. Bu d\u0259f\u0259 d\u00fcnyan\u0131n 100 \u00f6lk\u0259sini t\u0259msil ed\u0259n 1400-\u0259 yax\u0131n beyn\u0259lxalq m\u00fc\u015fahid\u0259\u00e7i se\u00e7kil\u0259rin gedi\u015fini izl\u0259yib\u201d,- dey\u0259 qeyd ed\u0259n \u018fli \u018fhm\u0259dov bildirib ki, se\u00e7ki kampaniyas\u0131 d\u00f6vr\u00fcnd\u0259 YAP t\u0259r\u0259find\u0259n 2500-d\u0259n \u00e7ox m\u00fcxt\u0259lif s\u0259viyy\u0259li t\u0259dbir ke\u00e7irilib v\u0259 bu t\u0259dbirl\u0259rd\u0259 2 milyondan \u00e7ox se\u00e7ici i\u015ftirak edib: \u201c\u00c7oxsayl\u0131 m\u00fc\u015fahid\u0259\u00e7il\u0259rin m\u0259lumatlar\u0131 t\u0259sdiq edir ki, \u0130lham \u018fliyev bu se\u00e7kil\u0259rd\u0259 b\u00f6y\u00fck v\u0259 inaml\u0131 q\u0259l\u0259b\u0259 qazan\u0131b. Bu q\u0259l\u0259b\u0259nin k\u00f6k\u00fcnd\u0259 son be\u015f ild\u0259 Az\u0259rbaycanda h\u0259yata ke\u00e7irilmi\u015f n\u0259h\u0259ng layih\u0259l\u0259r, b\u00f6y\u00fck i\u015fl\u0259r v\u0259 \u0259z\u0259m\u0259tli nailiyy\u0259tl\u0259r dayan\u0131r. Qar\u015f\u0131dak\u0131 d\u00f6vrd\u0259 \u00f6t\u0259n ill\u0259rd\u0259 h\u0259yata ke\u00e7irilmi\u015f siyas\u0259t davam etdiril\u0259c\u0259k v\u0259 bu, Az\u0259rbaycana daha b\u00f6y\u00fck u\u011furlar qazand\u0131racaq\u201d.<\/p>\n<p>YAP-\u0131n s\u0259dr m\u00fcavini, icra katibi \u018fli \u018fhm\u0259dov bildirib ki, h\u0259qiq\u0259t art\u0131q g\u00f6z qaba\u011f\u0131ndand\u0131r ki, xalq \u0130lham \u018fliyevin yan\u0131ndad\u0131r: &#8220;\u018flb\u0259tt\u0259, b\u00fct\u00fcn iddialarla ba\u011fl\u0131 M\u0259rk\u0259zi Se\u00e7ki Komissiyas\u0131 ara\u015fd\u0131rma aparacaq. Amma qanundan k\u0259nar ist\u0259nil\u0259n hallar\u0131n qar\u015f\u0131s\u0131 al\u0131nacaq. Reall\u0131q ondan ibar\u0259tdir ki, Az\u0259rbaycan xalq\u0131 bir daha s\u00fcbut etdi ki \u0130lham \u018fliyevl\u0259dir\u201d.<\/p>\n<p><img loading=\"lazy\" decoding=\"async\" class=\"aligncenter size-medium wp-image-12377\" alt=\"YAP Z\u0259rdab rayon t\u0259\u015fkilat\u0131\" src=\"http:\/\/www.zerdab.com\/wp-content\/uploads\/2013\/10\/YAP-Zerdab4-400x300.jpg\" width=\"400\" height=\"300\" \/><img loading=\"lazy\" decoding=\"async\" class=\"aligncenter size-medium wp-image-12487\" alt=\"\u00c7all\u0131 k\u0259ndi\" src=\"http:\/\/www.zerdab.com\/wp-content\/uploads\/2013\/10\/yap2-400x300.jpg\" width=\"400\" height=\"300\" \/><img loading=\"lazy\" decoding=\"async\" class=\"aligncenter size-medium wp-image-12266\" alt=\"YAP Z\u0259rdab rayon t\u0259\u015fkilat\u0131\" src=\"http:\/\/www.zerdab.com\/wp-content\/uploads\/2013\/09\/YAP-Z\u0259rdab-rayon-t\u0259\u015fkilat\u0131000-400x265.jpg\" width=\"400\" height=\"265\" \/><img loading=\"lazy\" decoding=\"async\" class=\"aligncenter size-medium wp-image-12260\" alt=\"YAP Z\u0259rdab rayon t\u0259\u015fkilat\u0131\" src=\"http:\/\/www.zerdab.com\/wp-content\/uploads\/2013\/09\/YAP-Z\u0259rdab-rayon-t\u0259\u015fkilat\u0131000000-400x265.jpg\" width=\"400\" height=\"265\" \/><img loading=\"lazy\" decoding=\"async\" class=\"aligncenter size-medium wp-image-12175\" alt=\"Zerdab\" src=\"http:\/\/www.zerdab.com\/wp-content\/uploads\/2013\/09\/Zerdab19-400x300.jpg\" width=\"400\" height=\"300\" \/><img loading=\"lazy\" decoding=\"async\" class=\"aligncenter size-medium wp-image-12162\" alt=\"Z\u0259rdab rayonu\" src=\"http:\/\/www.zerdab.com\/wp-content\/uploads\/2013\/09\/Zerdab63-400x300.jpg\" width=\"400\" height=\"300\" \/><img loading=\"lazy\" decoding=\"async\" class=\"aligncenter size-medium wp-image-12158\" alt=\"Z\u0259rdab rayonu\" src=\"http:\/\/www.zerdab.com\/wp-content\/uploads\/2013\/09\/Zerdab23-400x265.jpg\" width=\"400\" height=\"265\" \/><img loading=\"lazy\" decoding=\"async\" class=\"aligncenter size-medium wp-image-12004\" alt=\"Yeni Az\u0259rbaycan Partiyas\u0131 (YAP) Z\u0259rdab rayon T\u0259\u015fkilat\u0131\" src=\"http:\/\/www.zerdab.com\/wp-content\/uploads\/2013\/09\/Yeni-Az\u0259rbaycan-Partiyas\u0131-YAP-Z\u0259rdab-rayon-T\u0259\u015fkilat\u01312-400x300.jpg\" width=\"400\" height=\"300\" \/><img loading=\"lazy\" decoding=\"async\" class=\"aligncenter size-medium wp-image-12078\" alt=\"YAP Z\u0259rdab rayon t\u0259\u015fkilat\u0131\" src=\"http:\/\/www.zerdab.com\/wp-content\/uploads\/2013\/09\/YAP-Z\u0259rdab-rayon-t\u0259\u015fkilat\u01314-400x300.jpg\" width=\"400\" height=\"300\" \/><img loading=\"lazy\" decoding=\"async\" class=\"aligncenter size-medium wp-image-12056\" alt=\"YAP Z\u0259rdab rayon t\u0259\u015fkilat\u0131\" src=\"http:\/\/www.zerdab.com\/wp-content\/uploads\/2013\/09\/YAp2-400x300.jpg\" width=\"400\" height=\"300\" \/><img loading=\"lazy\" decoding=\"async\" class=\"aligncenter size-medium wp-image-12059\" alt=\"Z\u0259rdab\" src=\"http:\/\/www.zerdab.com\/wp-content\/uploads\/2013\/09\/YAp1-400x300.jpg\" width=\"400\" height=\"300\" \/><img loading=\"lazy\" decoding=\"async\" class=\"aligncenter size-medium wp-image-12058\" alt=\"Z\u0259rdab\" src=\"http:\/\/www.zerdab.com\/wp-content\/uploads\/2013\/09\/YAp4-400x300.jpg\" width=\"400\" height=\"300\" \/><img loading=\"lazy\" decoding=\"async\" class=\"aligncenter size-medium wp-image-12120\" alt=\"Zerdab\" src=\"http:\/\/www.zerdab.com\/wp-content\/uploads\/2013\/09\/Zerdab52-400x300.jpg\" width=\"400\" height=\"300\" \/><img loading=\"lazy\" decoding=\"async\" class=\"aligncenter size-medium wp-image-12160\" alt=\"Z\u0259rdab rayonu\" src=\"http:\/\/www.zerdab.com\/wp-content\/uploads\/2013\/09\/Zerdab33-400x300.jpg\" width=\"400\" height=\"300\" \/><img loading=\"lazy\" decoding=\"async\" class=\"aligncenter size-medium wp-image-12159\" alt=\"Z\u0259rdab rayonu\" src=\"http:\/\/www.zerdab.com\/wp-content\/uploads\/2013\/09\/Zerdab18-400x265.jpg\" width=\"400\" height=\"265\" \/><img loading=\"lazy\" decoding=\"async\" class=\"aligncenter size-medium wp-image-12163\" alt=\"Z\u0259rdab rayonu\" src=\"http:\/\/www.zerdab.com\/wp-content\/uploads\/2013\/09\/Zerdab72-400x300.jpg\" width=\"400\" height=\"300\" \/><img loading=\"lazy\" decoding=\"async\" class=\"aligncenter size-medium wp-image-12181\" alt=\"Zerdab\" src=\"http:\/\/www.zerdab.com\/wp-content\/uploads\/2013\/09\/Zerdab8-400x300.jpg\" width=\"400\" height=\"300\" \/><img loading=\"lazy\" decoding=\"async\" class=\"aligncenter size-medium wp-image-12180\" alt=\"Zerdab\" src=\"http:\/\/www.zerdab.com\/wp-content\/uploads\/2013\/09\/Zerdab64-400x300.jpg\" width=\"400\" height=\"300\" \/><img loading=\"lazy\" decoding=\"async\" class=\"aligncenter size-medium wp-image-12303\" alt=\"Z\u0259rdab rayonu\" src=\"http:\/\/www.zerdab.com\/wp-content\/uploads\/2013\/09\/Z\u0259rdab-rayonu17-400x300.jpg\" width=\"400\" height=\"300\" \/><img loading=\"lazy\" decoding=\"async\" class=\"aligncenter size-medium wp-image-12331\" alt=\"YAP Z\u0259rdab rayon t\u0259\u015fkilat\u0131\" src=\"http:\/\/www.zerdab.com\/wp-content\/uploads\/2013\/10\/YAP-Z\u0259rdab-rayon-t\u0259\u015fkilat\u01312-400x300.jpg\" width=\"400\" height=\"300\" \/><img loading=\"lazy\" decoding=\"async\" class=\"aligncenter size-medium wp-image-12333\" alt=\"YAP Z\u0259rdab rayon t\u0259\u015fkilat\u0131\" src=\"http:\/\/www.zerdab.com\/wp-content\/uploads\/2013\/10\/YAP-Z\u0259rdab-rayon-t\u0259\u015fkilat\u01314-400x300.jpg\" width=\"400\" height=\"300\" \/><img loading=\"lazy\" decoding=\"async\" class=\"aligncenter size-medium wp-image-12374\" alt=\"YAP Z\u0259rdab rayon t\u0259\u015fkilat\u0131\" src=\"http:\/\/www.zerdab.com\/wp-content\/uploads\/2013\/10\/YAP-Zerdab2-400x300.jpg\" width=\"400\" height=\"300\" \/><img loading=\"lazy\" decoding=\"async\" class=\"aligncenter size-medium wp-image-12378\" alt=\"YAP Z\u0259rdab rayon t\u0259\u015fkilat\u0131\" src=\"http:\/\/www.zerdab.com\/wp-content\/uploads\/2013\/10\/YAP-Zerdab5-400x300.jpg\" width=\"400\" height=\"300\" \/><img loading=\"lazy\" decoding=\"async\" class=\"aligncenter size-medium wp-image-12426\" alt=\"YAP Z\u0259rdab rayon t\u0259\u015fkilat\u0131\" src=\"http:\/\/www.zerdab.com\/wp-content\/uploads\/2013\/10\/Zerdab3-400x300.jpg\" width=\"400\" height=\"300\" \/><img loading=\"lazy\" decoding=\"async\" class=\"aligncenter size-medium wp-image-12461\" alt=\"YAP Z\u0259rdab rayon t\u0259\u015fkilat\u0131\" src=\"http:\/\/www.zerdab.com\/wp-content\/uploads\/2013\/10\/YAP4-400x300.jpg\" width=\"400\" height=\"300\" \/><img loading=\"lazy\" decoding=\"async\" class=\"aligncenter size-medium wp-image-12487\" alt=\"\u00c7all\u0131 k\u0259ndi\" src=\"http:\/\/www.zerdab.com\/wp-content\/uploads\/2013\/10\/yap2-400x300.jpg\" width=\"400\" height=\"300\" \/><img loading=\"lazy\" decoding=\"async\" class=\"aligncenter size-medium wp-image-12521\" alt=\"YAP Z\u0259rdab rayon t\u0259\u015fkilat\u0131\" src=\"http:\/\/www.zerdab.com\/wp-content\/uploads\/2013\/10\/YAP72-400x355.jpg\" width=\"400\" height=\"355\" \/><img loading=\"lazy\" decoding=\"async\" class=\"aligncenter size-medium wp-image-12522\" alt=\"YAP Z\u0259rdab rayon t\u0259\u015fkilat\u0131\" src=\"http:\/\/www.zerdab.com\/wp-content\/uploads\/2013\/10\/YAP22-400x300.jpg\" width=\"400\" height=\"300\" \/><img loading=\"lazy\" decoding=\"async\" class=\"aligncenter size-medium wp-image-12595\" alt=\"Se\u00e7icil\u0259rl\u0259 g\u00f6r\u00fc\u015f\" src=\"http:\/\/www.zerdab.com\/wp-content\/uploads\/2013\/10\/Beyimli2-400x263.jpg\" width=\"400\" height=\"263\" \/><img loading=\"lazy\" decoding=\"async\" class=\"aligncenter size-medium wp-image-12594\" alt=\"Se\u00e7icil\u0259rl\u0259 g\u00f6r\u00fc\u015f\" src=\"http:\/\/www.zerdab.com\/wp-content\/uploads\/2013\/10\/Beyimli1-400x300.jpg\" width=\"400\" height=\"300\" \/><img loading=\"lazy\" decoding=\"async\" class=\"aligncenter size-medium wp-image-12597\" alt=\"Se\u00e7icil\u0259rl\u0259 g\u00f6r\u00fc\u015f\" src=\"http:\/\/www.zerdab.com\/wp-content\/uploads\/2013\/10\/Zerdab31-400x300.jpg\" width=\"400\" height=\"300\" \/><img loading=\"lazy\" decoding=\"async\" class=\"aligncenter size-medium wp-image-12596\" alt=\"Se\u00e7icil\u0259rl\u0259 g\u00f6r\u00fc\u015f\" src=\"http:\/\/www.zerdab.com\/wp-content\/uploads\/2013\/10\/Beyimli3-400x300.jpg\" width=\"400\" height=\"300\" \/><\/p>\n","protected":false},"excerpt":{"rendered":"<p>Yeni Az\u0259rbaycan Partiyas\u0131n\u0131n (YAP) q\u0259rargah\u0131nda bu g\u00fcn ke\u00e7iril\u0259n prezident se\u00e7kil\u0259ri il\u0259 ba\u011fl\u0131 m\u0259tbuat konfrans\u0131 ke\u00e7irilib. YAP s\u0259drinin m\u00fcavini, icra katibi \u018fli \u018fhm\u0259dov bildirib ki, saat 08:00-da ba\u015flayan s\u0259sverm\u0259 saat 19:00-da ba\u015fa \u00e7at\u0131b v\u0259 se\u00e7kil\u0259r ba\u015f tutmu\u015f hesab edilir. O qeyd edib ki, ilkin m\u0259lumatlara \u0259sas\u0259n, YAP lideri \u0130lham \u018fliyev n\u00f6vb\u0259ti d\u0259f\u0259 q\u0259l\u0259b\u0259 \u00e7al\u0131b: \u201cXalq\u0131n d\u0259st\u0259yi [&hellip;]<\/p>\n","protected":false},"author":1,"featured_media":0,"comment_status":"open","ping_status":"open","sticky":false,"template":"","format":"standard","meta":{"footnotes":""},"categories":[5],"tags":[],"class_list":{"0":"post-12700","1":"post","2":"type-post","3":"status-publish","4":"format-standard","6":"category-knd"},"yoast_head":"<!-- This site is optimized with the Yoast SEO plugin v27.0 - https:\/\/yoast.com\/product\/yoast-seo-wordpress\/ -->\n<title>\u018fli \u018fhm\u0259dov: \u201c\u0130lham \u018fliyev bu se\u00e7kil\u0259rd\u0259 b\u00f6y\u00fck v\u0259 inaml\u0131 q\u0259l\u0259b\u0259 qazan\u0131b\u201d  - Z\u0259rdab.com<\/title>\n<meta name=\"robots\" content=\"index, follow, max-snippet:-1, max-image-preview:large, max-video-preview:-1\" \/>\n<link rel=\"canonical\" href=\"https:\/\/www.zerdab.com\/?p=12700\" \/>\n<meta property=\"og:locale\" content=\"az_AZ\" \/>\n<meta property=\"og:type\" content=\"article\" \/>\n<meta property=\"og:title\" content=\"\u018fli \u018fhm\u0259dov: \u201c\u0130lham \u018fliyev bu se\u00e7kil\u0259rd\u0259 b\u00f6y\u00fck v\u0259 inaml\u0131 q\u0259l\u0259b\u0259 qazan\u0131b\u201d  - Z\u0259rdab.com\" \/>\n<meta property=\"og:description\" content=\"Yeni Az\u0259rbaycan Partiyas\u0131n\u0131n (YAP) q\u0259rargah\u0131nda bu g\u00fcn ke\u00e7iril\u0259n prezident se\u00e7kil\u0259ri il\u0259 ba\u011fl\u0131 m\u0259tbuat konfrans\u0131 ke\u00e7irilib. YAP s\u0259drinin m\u00fcavini, icra katibi \u018fli \u018fhm\u0259dov bildirib ki, saat 08:00-da ba\u015flayan s\u0259sverm\u0259 saat 19:00-da ba\u015fa \u00e7at\u0131b v\u0259 se\u00e7kil\u0259r ba\u015f tutmu\u015f hesab edilir. O qeyd edib ki, ilkin m\u0259lumatlara \u0259sas\u0259n, YAP lideri \u0130lham \u018fliyev n\u00f6vb\u0259ti d\u0259f\u0259 q\u0259l\u0259b\u0259 \u00e7al\u0131b: \u201cXalq\u0131n d\u0259st\u0259yi [&hellip;]\" \/>\n<meta property=\"og:url\" content=\"https:\/\/www.zerdab.com\/?p=12700\" \/>\n<meta property=\"og:site_name\" content=\"Z\u0259rdab.com\" \/>\n<meta property=\"article:published_time\" content=\"2013-10-09T16:55:11+00:00\" \/>\n<meta property=\"article:modified_time\" content=\"2013-10-09T18:10:52+00:00\" \/>\n<meta property=\"og:image\" content=\"http:\/\/www.zerdab.com\/wp-content\/uploads\/2013\/10\/YAP-Zerdab4-400x300.jpg\" \/>\n<meta name=\"author\" content=\"admin\" \/>\n<meta name=\"twitter:card\" content=\"summary_large_image\" \/>\n<meta name=\"twitter:label1\" content=\"Written by\" \/>\n\t<meta name=\"twitter:data1\" content=\"admin\" \/>\n\t<meta name=\"twitter:label2\" content=\"Est. reading time\" \/>\n\t<meta name=\"twitter:data2\" content=\"2 minutes\" \/>\n<script type=\"application\/ld+json\" class=\"yoast-schema-graph\">{\"@context\":\"https:\/\/schema.org\",\"@graph\":[{\"@type\":\"Article\",\"@id\":\"https:\/\/www.zerdab.com\/?p=12700#article\",\"isPartOf\":{\"@id\":\"https:\/\/www.zerdab.com\/?p=12700\"},\"author\":{\"name\":\"admin\",\"@id\":\"https:\/\/www.zerdab.com\/#\/schema\/person\/97079b7570c1e89ec0d9e138c3672136\"},\"headline\":\"\u018fli \u018fhm\u0259dov: \u201c\u0130lham \u018fliyev bu se\u00e7kil\u0259rd\u0259 b\u00f6y\u00fck v\u0259 inaml\u0131 q\u0259l\u0259b\u0259 qazan\u0131b\u201d\",\"datePublished\":\"2013-10-09T16:55:11+00:00\",\"dateModified\":\"2013-10-09T18:10:52+00:00\",\"mainEntityOfPage\":{\"@id\":\"https:\/\/www.zerdab.com\/?p=12700\"},\"wordCount\":465,\"commentCount\":1,\"image\":{\"@id\":\"https:\/\/www.zerdab.com\/?p=12700#primaryimage\"},\"thumbnailUrl\":\"http:\/\/www.zerdab.com\/wp-content\/uploads\/2013\/10\/YAP-Zerdab4-400x300.jpg\",\"articleSection\":[\"X\u018fB\u018fRL\u018fR\"],\"inLanguage\":\"az\",\"potentialAction\":[{\"@type\":\"CommentAction\",\"name\":\"Comment\",\"target\":[\"https:\/\/www.zerdab.com\/?p=12700#respond\"]}]},{\"@type\":\"WebPage\",\"@id\":\"https:\/\/www.zerdab.com\/?p=12700\",\"url\":\"https:\/\/www.zerdab.com\/?p=12700\",\"name\":\"\u018fli \u018fhm\u0259dov: \u201c\u0130lham \u018fliyev bu se\u00e7kil\u0259rd\u0259 b\u00f6y\u00fck v\u0259 inaml\u0131 q\u0259l\u0259b\u0259 qazan\u0131b\u201d - Z\u0259rdab.com\",\"isPartOf\":{\"@id\":\"https:\/\/www.zerdab.com\/#website\"},\"primaryImageOfPage\":{\"@id\":\"https:\/\/www.zerdab.com\/?p=12700#primaryimage\"},\"image\":{\"@id\":\"https:\/\/www.zerdab.com\/?p=12700#primaryimage\"},\"thumbnailUrl\":\"http:\/\/www.zerdab.com\/wp-content\/uploads\/2013\/10\/YAP-Zerdab4-400x300.jpg\",\"datePublished\":\"2013-10-09T16:55:11+00:00\",\"dateModified\":\"2013-10-09T18:10:52+00:00\",\"author\":{\"@id\":\"https:\/\/www.zerdab.com\/#\/schema\/person\/97079b7570c1e89ec0d9e138c3672136\"},\"breadcrumb\":{\"@id\":\"https:\/\/www.zerdab.com\/?p=12700#breadcrumb\"},\"inLanguage\":\"az\",\"potentialAction\":[{\"@type\":\"ReadAction\",\"target\":[\"https:\/\/www.zerdab.com\/?p=12700\"]}]},{\"@type\":\"ImageObject\",\"inLanguage\":\"az\",\"@id\":\"https:\/\/www.zerdab.com\/?p=12700#primaryimage\",\"url\":\"\",\"contentUrl\":\"\"},{\"@type\":\"BreadcrumbList\",\"@id\":\"https:\/\/www.zerdab.com\/?p=12700#breadcrumb\",\"itemListElement\":[{\"@type\":\"ListItem\",\"position\":1,\"name\":\"Home\",\"item\":\"https:\/\/www.zerdab.com\/\"},{\"@type\":\"ListItem\",\"position\":2,\"name\":\"\u018fli \u018fhm\u0259dov: \u201c\u0130lham \u018fliyev bu se\u00e7kil\u0259rd\u0259 b\u00f6y\u00fck v\u0259 inaml\u0131 q\u0259l\u0259b\u0259 qazan\u0131b\u201d\"}]},{\"@type\":\"WebSite\",\"@id\":\"https:\/\/www.zerdab.com\/#website\",\"url\":\"https:\/\/www.zerdab.com\/\",\"name\":\"Z\u0259rdab.com\",\"description\":\"\",\"potentialAction\":[{\"@type\":\"SearchAction\",\"target\":{\"@type\":\"EntryPoint\",\"urlTemplate\":\"https:\/\/www.zerdab.com\/?s={search_term_string}\"},\"query-input\":{\"@type\":\"PropertyValueSpecification\",\"valueRequired\":true,\"valueName\":\"search_term_string\"}}],\"inLanguage\":\"az\"},{\"@type\":\"Person\",\"@id\":\"https:\/\/www.zerdab.com\/#\/schema\/person\/97079b7570c1e89ec0d9e138c3672136\",\"name\":\"admin\",\"image\":{\"@type\":\"ImageObject\",\"inLanguage\":\"az\",\"@id\":\"https:\/\/www.zerdab.com\/#\/schema\/person\/image\/\",\"url\":\"https:\/\/secure.gravatar.com\/avatar\/d9c52a9a27c32119cb6679a077fa3e2779e5f822c451cbf01098004361d466ec?s=96&d=mm&r=g\",\"contentUrl\":\"https:\/\/secure.gravatar.com\/avatar\/d9c52a9a27c32119cb6679a077fa3e2779e5f822c451cbf01098004361d466ec?s=96&d=mm&r=g\",\"caption\":\"admin\"},\"url\":\"https:\/\/www.zerdab.com\/?author=1\"}]}<\/script>\n<!-- \/ Yoast SEO plugin. -->","yoast_head_json":{"title":"\u018fli \u018fhm\u0259dov: \u201c\u0130lham \u018fliyev bu se\u00e7kil\u0259rd\u0259 b\u00f6y\u00fck v\u0259 inaml\u0131 q\u0259l\u0259b\u0259 qazan\u0131b\u201d  - Z\u0259rdab.com","robots":{"index":"index","follow":"follow","max-snippet":"max-snippet:-1","max-image-preview":"max-image-preview:large","max-video-preview":"max-video-preview:-1"},"canonical":"https:\/\/www.zerdab.com\/?p=12700","og_locale":"az_AZ","og_type":"article","og_title":"\u018fli \u018fhm\u0259dov: \u201c\u0130lham \u018fliyev bu se\u00e7kil\u0259rd\u0259 b\u00f6y\u00fck v\u0259 inaml\u0131 q\u0259l\u0259b\u0259 qazan\u0131b\u201d  - Z\u0259rdab.com","og_description":"Yeni Az\u0259rbaycan Partiyas\u0131n\u0131n (YAP) q\u0259rargah\u0131nda bu g\u00fcn ke\u00e7iril\u0259n prezident se\u00e7kil\u0259ri il\u0259 ba\u011fl\u0131 m\u0259tbuat konfrans\u0131 ke\u00e7irilib. YAP s\u0259drinin m\u00fcavini, icra katibi \u018fli \u018fhm\u0259dov bildirib ki, saat 08:00-da ba\u015flayan s\u0259sverm\u0259 saat 19:00-da ba\u015fa \u00e7at\u0131b v\u0259 se\u00e7kil\u0259r ba\u015f tutmu\u015f hesab edilir. O qeyd edib ki, ilkin m\u0259lumatlara \u0259sas\u0259n, YAP lideri \u0130lham \u018fliyev n\u00f6vb\u0259ti d\u0259f\u0259 q\u0259l\u0259b\u0259 \u00e7al\u0131b: \u201cXalq\u0131n d\u0259st\u0259yi [&hellip;]","og_url":"https:\/\/www.zerdab.com\/?p=12700","og_site_name":"Z\u0259rdab.com","article_published_time":"2013-10-09T16:55:11+00:00","article_modified_time":"2013-10-09T18:10:52+00:00","og_image":[{"url":"http:\/\/www.zerdab.com\/wp-content\/uploads\/2013\/10\/YAP-Zerdab4-400x300.jpg","type":"","width":"","height":""}],"author":"admin","twitter_card":"summary_large_image","twitter_misc":{"Written by":"admin","Est. reading time":"2 minutes"},"schema":{"@context":"https:\/\/schema.org","@graph":[{"@type":"Article","@id":"https:\/\/www.zerdab.com\/?p=12700#article","isPartOf":{"@id":"https:\/\/www.zerdab.com\/?p=12700"},"author":{"name":"admin","@id":"https:\/\/www.zerdab.com\/#\/schema\/person\/97079b7570c1e89ec0d9e138c3672136"},"headline":"\u018fli \u018fhm\u0259dov: \u201c\u0130lham \u018fliyev bu se\u00e7kil\u0259rd\u0259 b\u00f6y\u00fck v\u0259 inaml\u0131 q\u0259l\u0259b\u0259 qazan\u0131b\u201d","datePublished":"2013-10-09T16:55:11+00:00","dateModified":"2013-10-09T18:10:52+00:00","mainEntityOfPage":{"@id":"https:\/\/www.zerdab.com\/?p=12700"},"wordCount":465,"commentCount":1,"image":{"@id":"https:\/\/www.zerdab.com\/?p=12700#primaryimage"},"thumbnailUrl":"http:\/\/www.zerdab.com\/wp-content\/uploads\/2013\/10\/YAP-Zerdab4-400x300.jpg","articleSection":["X\u018fB\u018fRL\u018fR"],"inLanguage":"az","potentialAction":[{"@type":"CommentAction","name":"Comment","target":["https:\/\/www.zerdab.com\/?p=12700#respond"]}]},{"@type":"WebPage","@id":"https:\/\/www.zerdab.com\/?p=12700","url":"https:\/\/www.zerdab.com\/?p=12700","name":"\u018fli \u018fhm\u0259dov: \u201c\u0130lham \u018fliyev bu se\u00e7kil\u0259rd\u0259 b\u00f6y\u00fck v\u0259 inaml\u0131 q\u0259l\u0259b\u0259 qazan\u0131b\u201d - Z\u0259rdab.com","isPartOf":{"@id":"https:\/\/www.zerdab.com\/#website"},"primaryImageOfPage":{"@id":"https:\/\/www.zerdab.com\/?p=12700#primaryimage"},"image":{"@id":"https:\/\/www.zerdab.com\/?p=12700#primaryimage"},"thumbnailUrl":"http:\/\/www.zerdab.com\/wp-content\/uploads\/2013\/10\/YAP-Zerdab4-400x300.jpg","datePublished":"2013-10-09T16:55:11+00:00","dateModified":"2013-10-09T18:10:52+00:00","author":{"@id":"https:\/\/www.zerdab.com\/#\/schema\/person\/97079b7570c1e89ec0d9e138c3672136"},"breadcrumb":{"@id":"https:\/\/www.zerdab.com\/?p=12700#breadcrumb"},"inLanguage":"az","potentialAction":[{"@type":"ReadAction","target":["https:\/\/www.zerdab.com\/?p=12700"]}]},{"@type":"ImageObject","inLanguage":"az","@id":"https:\/\/www.zerdab.com\/?p=12700#primaryimage","url":"","contentUrl":""},{"@type":"BreadcrumbList","@id":"https:\/\/www.zerdab.com\/?p=12700#breadcrumb","itemListElement":[{"@type":"ListItem","position":1,"name":"Home","item":"https:\/\/www.zerdab.com\/"},{"@type":"ListItem","position":2,"name":"\u018fli \u018fhm\u0259dov: \u201c\u0130lham \u018fliyev bu se\u00e7kil\u0259rd\u0259 b\u00f6y\u00fck v\u0259 inaml\u0131 q\u0259l\u0259b\u0259 qazan\u0131b\u201d"}]},{"@type":"WebSite","@id":"https:\/\/www.zerdab.com\/#website","url":"https:\/\/www.zerdab.com\/","name":"Z\u0259rdab.com","description":"","potentialAction":[{"@type":"SearchAction","target":{"@type":"EntryPoint","urlTemplate":"https:\/\/www.zerdab.com\/?s={search_term_string}"},"query-input":{"@type":"PropertyValueSpecification","valueRequired":true,"valueName":"search_term_string"}}],"inLanguage":"az"},{"@type":"Person","@id":"https:\/\/www.zerdab.com\/#\/schema\/person\/97079b7570c1e89ec0d9e138c3672136","name":"admin","image":{"@type":"ImageObject","inLanguage":"az","@id":"https:\/\/www.zerdab.com\/#\/schema\/person\/image\/","url":"https:\/\/secure.gravatar.com\/avatar\/d9c52a9a27c32119cb6679a077fa3e2779e5f822c451cbf01098004361d466ec?s=96&d=mm&r=g","contentUrl":"https:\/\/secure.gravatar.com\/avatar\/d9c52a9a27c32119cb6679a077fa3e2779e5f822c451cbf01098004361d466ec?s=96&d=mm&r=g","caption":"admin"},"url":"https:\/\/www.zerdab.com\/?author=1"}]}},"_links":{"self":[{"href":"https:\/\/www.zerdab.com\/index.php?rest_route=\/wp\/v2\/posts\/12700","targetHints":{"allow":["GET"]}}],"collection":[{"href":"https:\/\/www.zerdab.com\/index.php?rest_route=\/wp\/v2\/posts"}],"about":[{"href":"https:\/\/www.zerdab.com\/index.php?rest_route=\/wp\/v2\/types\/post"}],"author":[{"embeddable":true,"href":"https:\/\/www.zerdab.com\/index.php?rest_route=\/wp\/v2\/users\/1"}],"replies":[{"embeddable":true,"href":"https:\/\/www.zerdab.com\/index.php?rest_route=%2Fwp%2Fv2%2Fcomments&post=12700"}],"version-history":[{"count":3,"href":"https:\/\/www.zerdab.com\/index.php?rest_route=\/wp\/v2\/posts\/12700\/revisions"}],"predecessor-version":[{"id":12702,"href":"https:\/\/www.zerdab.com\/index.php?rest_route=\/wp\/v2\/posts\/12700\/revisions\/12702"}],"wp:attachment":[{"href":"https:\/\/www.zerdab.com\/index.php?rest_route=%2Fwp%2Fv2%2Fmedia&parent=12700"}],"wp:term":[{"taxonomy":"category","embeddable":true,"href":"https:\/\/www.zerdab.com\/index.php?rest_route=%2Fwp%2Fv2%2Fcategories&post=12700"},{"taxonomy":"post_tag","embeddable":true,"href":"https:\/\/www.zerdab.com\/index.php?rest_route=%2Fwp%2Fv2%2Ftags&post=12700"}],"curies":[{"name":"wp","href":"https:\/\/api.w.org\/{rel}","templated":true}]}}