{"id":12707,"date":"2013-10-10T10:10:04","date_gmt":"2013-10-10T05:10:04","guid":{"rendered":"http:\/\/www.zerdab.com\/?p=12707"},"modified":"2013-10-10T10:10:33","modified_gmt":"2013-10-10T05:10:33","slug":"ilham-%c9%99liyev-prezident-seckil%c9%99rinin-ilkin-n%c9%99tic%c9%99l%c9%99ri-il%c9%99-bagli-xalqa-muraci%c9%99t-edib","status":"publish","type":"post","link":"https:\/\/www.zerdab.com\/?p=12707","title":{"rendered":"\u0130lham \u018fliyev se\u00e7kil\u0259rin ilkin n\u0259tic\u0259l\u0259ri il\u0259 ba\u011fl\u0131 xalqa m\u00fcraci\u0259t edib"},"content":{"rendered":"<p><strong><img loading=\"lazy\" decoding=\"async\" class=\"aligncenter size-full wp-image-12403\" alt=\"\u0130lham \u018fliyev\" src=\"http:\/\/www.zerdab.com\/wp-content\/uploads\/2013\/10\/Prezident-\u0130lham-\u018fliyev.jpg\" width=\"272\" height=\"175\" \/>Az\u0259rbaycan prezidenti \u0130lham \u018fliyev prezident se\u00e7kil\u0259rinin ilkin n\u0259tic\u0259l\u0259ri il\u0259 ba\u011fl\u0131 xalqa m\u00fcraci\u0259t edib. Zerdab.com d\u00f6vl\u0259t ba\u015f\u00e7\u0131s\u0131n\u0131n m\u00fcraci\u0259tini oldu\u011fu kimi t\u0259qdim edir:<\/strong><\/p>\n<p>\u201c\u018fziz h\u0259mv\u0259t\u0259nl\u0259r!<\/p>\n<p>H\u00f6rm\u0259tli xan\u0131mlar v\u0259 c\u0259nablar!<\/p>\n<p>M\u0259n\u0259 b\u00f6y\u00fck etimad g\u00f6st\u0259rmi\u015f, yenid\u0259n prezident v\u0259zif\u0259sin\u0259 se\u00e7mi\u015f do\u011fma xalq\u0131ma minn\u0259tdaram. Az\u0259rbaycan xalq\u0131n\u0131 \u0259min etm\u0259k ist\u0259yir\u0259m ki, bundan sonra da do\u011fma xalq\u0131ma l\u0259yaq\u0259tl\u0259 xidm\u0259t ed\u0259c\u0259y\u0259m, daim Az\u0259rbaycan\u0131n d\u00f6vl\u0259t maraqlar\u0131n\u0131 m\u00fcdafi\u0259 ed\u0259c\u0259y\u0259m.<br \/>\nAz\u0259rbaycan xalq\u0131 bu se\u00e7kil\u0259rd\u0259 azad, \u015f\u0259ffaf \u015f\u0259kild\u0259 \u00f6z irad\u0259sini ortaya qoydu. Az\u0259rbaycanda ke\u00e7iril\u0259n prezident se\u00e7kil\u0259ri demokratiyan\u0131n t\u0259nt\u0259n\u0259sidir. Az\u0259rbaycanda b\u00fct\u00fcn azadl\u0131qlar m\u00f6vcuddur. Az\u0259rbaycan demokratik d\u00f6vl\u0259t kimi bundan sonra da u\u011furla inki\u015faf ed\u0259c\u0259k.<br \/>\nBu se\u00e7kil\u0259rin azad, \u015f\u0259ffaf \u015f\u0259kild\u0259 ke\u00e7irilm\u0259si demokratiyaya do\u011fru at\u0131lan n\u00f6vb\u0259ti ciddi add\u0131md\u0131r. Az\u0259rbaycanda b\u00fct\u00fcn azadl\u0131qlar &#8211; s\u00f6z azadl\u0131\u011f\u0131, m\u0259tbuat azadl\u0131\u011f\u0131, siyasi azadl\u0131qlar, vicdan azadl\u0131\u011f\u0131 t\u0259min edilir. Az\u0259rbaycanda b\u00fct\u00fcn xalqlar\u0131n, b\u00fct\u00fcn dinl\u0259rin n\u00fcmay\u0259nd\u0259l\u0259ri bir ail\u0259 kimi s\u00fclh, mehribanl\u0131q \u015f\u0259raitind\u0259 ya\u015fay\u0131rlar. Bu, bizim b\u00f6y\u00fck \u00fcst\u00fcnl\u00fcy\u00fcm\u00fczd\u00fcr, b\u00f6y\u00fck d\u0259y\u0259rimizdir. T\u0259sad\u00fcfi deyil ki, Az\u0259rbaycan bu g\u00fcn d\u00fcnyada milli v\u0259 dini d\u00f6z\u00fcml\u00fcl\u00fck m\u0259s\u0259l\u0259l\u0259rind\u0259 \u00e7ox \u00f6n\u0259mli \u00f6lk\u0259y\u0259 \u00e7evrilmi\u015fdir. Az\u0259rbaycan d\u00fcnyada multikulturalizmin m\u0259rk\u0259zl\u0259rind\u0259n biridir.<br \/>\nEyni zamanda, \u00f6lk\u0259mizd\u0259 b\u00fct\u00fcn prosesl\u0259r m\u00fcsb\u0259t istiqam\u0259td\u0259 gedib. Az\u0259rbaycan xalq\u0131 bu se\u00e7kil\u0259rd\u0259 son on il \u0259rzind\u0259 g\u00f6r\u00fcl\u0259n i\u015fl\u0259r\u0259 \u00f6z y\u00fcks\u0259k qiym\u0259tini verib. On il \u0259rzind\u0259 d\u00f6vl\u0259t\u00e7iliyimizin \u0259saslar\u0131 m\u00f6hk\u0259ml\u0259nib. Bu g\u00fcn Az\u0259rbaycan d\u00f6vl\u0259ti g\u00fccl\u00fc, m\u00fcst\u0259qil siyas\u0259t aparan bir d\u00f6vl\u0259tdir. Bizim g\u00fccl\u00fc ideoloji \u0259saslar\u0131m\u0131z var. Az\u0259rbaycan\u00e7\u0131l\u0131q m\u0259fkur\u0259si bizim ideoloji daya\u011f\u0131m\u0131zd\u0131r.<br \/>\nAz\u0259rbaycanda b\u00fct\u00fcn istiqam\u0259tl\u0259rd\u0259 inki\u015faf, t\u0259r\u0259qqi \u00f6z\u00fcn\u00fc g\u00f6st\u0259rm\u0259kd\u0259dir. Biz beyn\u0259lxalq m\u0259s\u0259l\u0259l\u0259rin h\u0259llind\u0259 bu g\u00fcn d\u00fcnya miqyas\u0131nda \u00e7ox \u00f6n\u0259mli \u00f6lk\u0259y\u0259 \u00e7evrilmi\u015fik. Az\u0259rbaycan d\u00fcnya birliyinin m\u00fctl\u0259q \u0259ks\u0259riyy\u0259tinin d\u0259st\u0259yi il\u0259 iki il bundan \u0259vv\u0259l d\u00fcnyan\u0131n \u0259n ali orqan\u0131 olan BMT T\u0259hl\u00fck\u0259sizlik \u015euras\u0131na \u00fczv olmu\u015fdur v\u0259 haz\u0131rda bu t\u0259\u015fkilata s\u0259drlik edir.<\/p>\n<p>Az\u0259rbaycanda iqtisadi sah\u0259d\u0259 \u00e7ox b\u00f6y\u00fck u\u011furlar \u0259ld\u0259 edilib. Dey\u0259 bil\u0259r\u0259m ki, son on il \u0259rzind\u0259 iqtisadi islahatlarla ba\u011fl\u0131 at\u0131lan add\u0131mlar v\u0259 \u0259ld\u0259 edilmi\u015f n\u0259tic\u0259l\u0259r d\u00fcnya miqyas\u0131nda \u0259n ciddi n\u0259tic\u0259l\u0259rdir. T\u0259sad\u00fcfi deyildir ki, bu n\u0259tic\u0259l\u0259r insanlar\u0131n g\u00fcnd\u0259lik h\u0259yat\u0131nda da \u00f6z \u0259ksini tapmaqdad\u0131r.<br \/>\nSon on il \u0259rzind\u0259 iqtisadiyyat\u0131m\u0131z 3,4 d\u0259f\u0259 artm\u0131\u015f, yoxsullu\u011fun s\u0259viyy\u0259si is\u0259 t\u0259xmin\u0259n on d\u0259f\u0259 azal\u0131b. Bu, \u00f6lk\u0259d\u0259 apar\u0131lan ciddi iqtisadi v\u0259 sosial siyas\u0259tin n\u0259tic\u0259sidir. Bu siyas\u0259tin n\u0259tic\u0259sind\u0259 Az\u0259rbaycan \u00f6z iqtisadi potensial\u0131n\u0131 b\u00f6y\u00fck d\u0259r\u0259c\u0259d\u0259 m\u00f6hk\u0259ml\u0259ndir\u0259 bilib.<br \/>\n\u0130qtisadi g\u00fcc biz\u0259 imkan verir ki, \u00f6z maraqlar\u0131m\u0131z\u0131 beyn\u0259lxalq arenada da laz\u0131mi s\u0259viyy\u0259d\u0259 m\u00fcdafi\u0259 ed\u0259k. Az\u0259rbaycan bu g\u00fcn n\u0259inki regional, d\u00fcnya probleml\u0259rinin h\u0259llind\u0259 d\u0259 \u00f6z rolunu oynay\u0131r v\u0259 getdikc\u0259 bizim rolumuz daha da artacaq.<br \/>\nAz\u0259rbaycanda b\u00fct\u00fcn istiqam\u0259tl\u0259r \u00fczr\u0259 konkret proqramlar var. B\u00f6y\u00fck infrastruktur layih\u0259l\u0259ri icra edilir, \u015f\u0259h\u0259rl\u0259rimiz abadla\u015f\u0131r, g\u00f6z\u0259ll\u0259\u015fir, insanlar\u0131n ya\u015fay\u0131\u015f s\u0259viyy\u0259si yax\u015f\u0131la\u015f\u0131r. D\u00fcnyan\u0131n apar\u0131c\u0131 iqtisadi qurumlar\u0131n\u0131n reytinql\u0259rin\u0259 g\u00f6r\u0259, h\u0259tta d\u00fcnyan\u0131 b\u00fcr\u00fcm\u00fc\u015f iqtisadi v\u0259 maliyy\u0259 b\u00f6hran\u0131 zaman\u0131 Az\u0259rbaycan u\u011furla inki\u015faf edir. Bizim iqtisadiyyat\u0131m\u0131z son on il \u0259rzind\u0259 d\u00fcnya miqyas\u0131nda 40 \u0259n r\u0259qab\u0259tqabiliyy\u0259tli iqtisadiyyatlar\u0131n aras\u0131na daxil edilib. Bizim b\u00fct\u00fcn t\u0259\u015f\u0259bb\u00fcsl\u0259rimiz regional \u0259m\u0259kda\u015fl\u0131\u011fa hesablan\u0131b. Az\u0259rbaycanda b\u00fct\u00fcn sah\u0259l\u0259r \u00fczr\u0259 inki\u015faf, t\u0259r\u0259qqi var. Biz bu g\u00fcn q\u00fcrur hissi il\u0259 dey\u0259 bil\u0259rik ki, Az\u0259rbaycan art\u0131q kosmik d\u00f6vl\u0259t\u0259 \u00e7evrilib.<br \/>\nB\u00fct\u00fcn bu nailiyy\u0259tl\u0259r Az\u0259rbaycan xalq\u0131n\u0131n istedad\u0131, z\u0259hm\u0259ti hesab\u0131na m\u00fcmk\u00fcn olub. D\u00fc\u015f\u00fcn\u00fclm\u00fc\u015f siyas\u0259t, xalqla iqtidar aras\u0131ndak\u0131 birlik v\u0259 b\u00fct\u00fcn t\u0259\u015f\u0259bb\u00fcsl\u0259rimizin xalq t\u0259r\u0259find\u0259n d\u0259st\u0259kl\u0259nm\u0259si, hesab edir\u0259m ki, u\u011furlar\u0131m\u0131z\u0131n \u0259sas \u015f\u0259rtidir, \u0259sas s\u0259b\u0259bidir.<br \/>\nAz\u0259rbaycanda apar\u0131lan enerji siyas\u0259ti n\u0259inki region \u00fc\u00e7\u00fcn, d\u00fcnya \u00fc\u00e7\u00fcn \u00e7ox b\u00f6y\u00fck \u0259h\u0259miyy\u0259t\u0259 malik olan bir m\u0259s\u0259l\u0259dir. Bu g\u00fcn Az\u0259rbaycan m\u00fcasir, m\u00fcst\u0259qil d\u00f6vl\u0259t kimi d\u00fcnyada \u00f6z rolunu oynay\u0131r v\u0259 bizim imkanlar\u0131m\u0131z getdikc\u0259 daha da geni\u015fl\u0259n\u0259c\u0259k.<br \/>\nBu g\u00fcn b\u00f6lg\u0259d\u0259 ged\u0259n prosesl\u0259rd\u0259 bizim t\u0259sir imkanlar\u0131m\u0131z kifay\u0259t q\u0259d\u0259r geni\u015fdir. Az\u0259rbaycan\u0131n raz\u0131l\u0131\u011f\u0131 olmadan b\u00f6lg\u0259d\u0259 he\u00e7 bir t\u0259\u015f\u0259bb\u00fcs &#8211; ist\u0259r siyasi, ist\u0259r iqtisadi m\u00fcmk\u00fcn deyil. O t\u0259\u015f\u0259bb\u00fcs\u00fcn g\u0259l\u0259c\u0259yi olmayacaq.<br \/>\nB\u00fct\u00fcn bunlar g\u00f6r\u00fcl\u0259n i\u015fl\u0259rin n\u0259tic\u0259sidir. B\u00fct\u00fcn bunlar m\u00fcst\u0259qil Az\u0259rbaycan\u0131n u\u011furlar\u0131d\u0131r. M\u00fcst\u0259qilliyimizin n\u0259 q\u0259d\u0259r b\u00f6y\u00fck d\u0259y\u0259r oldu\u011funu Az\u0259rbaycan xalq\u0131 g\u00fcnd\u0259lik h\u0259yatda g\u00f6r\u00fcr. Biz azad\u0131q, biz m\u00fcst\u0259qilik. Bizim taleyimiz \u00f6z \u0259limizd\u0259dir. Bu se\u00e7kil\u0259rd\u0259 m\u0259n\u0259 veril\u0259n s\u0259sl\u0259r, hesab edir\u0259m ki, m\u00fcst\u0259qilliy\u0259, azadl\u0131\u011fa, xo\u015fb\u0259xt g\u0259l\u0259c\u0259y\u0259 veril\u0259n s\u0259sl\u0259rdir.<br \/>\nM\u0259n \u00e7ox f\u0259xr edir\u0259m ki, son ill\u0259r \u0259rzind\u0259 b\u00fct\u00fcn t\u0259\u015f\u0259bb\u00fcsl\u0259rim reall\u0131\u011fa \u00e7evrilib. On il bundan \u0259vv\u0259l &#8211; 2003-c\u00fc ild\u0259 xalqa elan etmi\u015fdim v\u0259 b\u0259yan etmi\u015fdim ki, \u0259g\u0259r m\u0259n\u0259 etimad g\u00f6st\u0259ril\u0259rs\u0259, m\u0259n Heyd\u0259r \u018fliyev siyas\u0259tin\u0259 sadiq qalaca\u011fam. Son on il \u0259rzind\u0259 bu siyas\u0259t\u0259 sadiq qalaraq Az\u0259rbaycan\u0131n inki\u015faf\u0131, Az\u0259rbaycan\u0131n t\u0259r\u0259qqisi \u00fc\u00e7\u00fcn \u00e7ox b\u00f6y\u00fck i\u015fl\u0259r g\u00f6r\u00fcl\u00fc. M\u00fcst\u0259qilliyimiz d\u00f6nm\u0259zdir, sars\u0131lmazd\u0131r.<br \/>\nBu ill\u0259r \u0259rzind\u0259 m\u00fcst\u0259qil siyas\u0259timiz ist\u0259nil\u0259n sah\u0259d\u0259 \u00f6z\u00fcn\u00fc g\u00f6st\u0259rib. Biz \u00f6z milli maraqlar\u0131m\u0131z\u0131 laz\u0131mi s\u0259viyy\u0259d\u0259 m\u00fcdafi\u0259 ed\u0259 bil\u0259rik, m\u00fcdafi\u0259 edirik, ed\u0259c\u0259yik. M\u0259nim \u00fc\u00e7\u00fcn Az\u0259rbaycan xalq\u0131n\u0131n, Az\u0259rbaycan d\u00f6vl\u0259tinin maraqlar\u0131 \u0259n birinci yerd\u0259dir. Bu maraqlar\u0131n m\u00fcdafi\u0259 edilm\u0259si \u00fc\u00e7\u00fcn xalqla iqtidar aras\u0131ndak\u0131 birlik \u0259sas \u015f\u0259rtdir. M\u0259n b\u00fct\u00fcn add\u0131mlar\u0131mda xalq\u0131n d\u0259st\u0259yini hiss edirdim, bu d\u0259st\u0259y\u0259 g\u00fcv\u0259nirdim. \u018fg\u0259r bu d\u0259st\u0259k olmasayd\u0131, biz he\u00e7 bir i\u015fi g\u00f6r\u0259 bilm\u0259zdik. M\u0259hz xalqla iqtidar aras\u0131ndak\u0131 birlik, v\u0259hd\u0259t Az\u0259rbaycan\u0131 f\u0259rql\u0259ndir\u0259n amill\u0259rd\u0259n biridir.<br \/>\nBu se\u00e7kil\u0259rd\u0259 b\u00f6y\u00fck s\u0259s \u00e7oxlu\u011fu il\u0259 m\u0259n\u0259 g\u00f6st\u0259ril\u0259n etimad h\u0259m g\u00f6r\u00fcl\u0259n i\u015fl\u0259r\u0259 veril\u0259n qiym\u0259tdir, h\u0259m d\u0259 Az\u0259rbaycan\u0131n g\u0259l\u0259c\u0259k inki\u015faf\u0131 il\u0259 ba\u011fl\u0131 olan, xalq t\u0259r\u0259find\u0259n ifad\u0259 edil\u0259n niyy\u0259tdir, t\u0259l\u0259bdir.<br \/>\nBiz g\u0259l\u0259c\u0259y\u0259 \u00e7ox b\u00f6y\u00fck \u00fcmidl\u0259rl\u0259, b\u00f6y\u00fck nikbinlikl\u0259 bax\u0131r\u0131q. On ilin t\u0259cr\u00fcb\u0259si bu inam\u0131 daha da art\u0131r\u0131r. \u00c7\u00fcnki son 10 il \u0259rzind\u0259 biz ist\u0259nil\u0259n sah\u0259d\u0259 \u00e7ox b\u00f6y\u00fck u\u011furlara imza atd\u0131q. Bu g\u00fcn Az\u0259rbaycan g\u00fccl\u00fc, inki\u015fafda olan, m\u00fcst\u0259qil siyas\u0259t aparan d\u00f6vl\u0259t kimi g\u0259l\u0259c\u0259y\u0259 d\u0259 \u00e7ox b\u00f6y\u00fck nikbinlikl\u0259 bax\u0131r. Bel\u0259 g\u0259l\u0259c\u0259y\u0259 nikbinlikl\u0259 baxmaq \u00fc\u00e7\u00fcn kifay\u0259t q\u0259d\u0259r \u0259saslar var.<br \/>\nN\u00f6vb\u0259ti ill\u0259rl\u0259 ba\u011fl\u0131 bizim siyas\u0259timiz a\u00e7\u0131qd\u0131r, ayd\u0131nd\u0131r. M\u0259n d\u0259f\u0259l\u0259rl\u0259 m\u00fcxt\u0259lif t\u0259dbirl\u0259rd\u0259 Az\u0259rbaycan\u0131n g\u0259l\u0259c\u0259yi il\u0259 ba\u011fl\u0131 \u00f6z fikirl\u0259rimi xalqla b\u00f6l\u00fc\u015fm\u00fc\u015f\u0259m. G\u00f6r\u00fcl\u0259n i\u015fl\u0259r haqq\u0131nda xalqa daim hesabat verir\u0259m. Bu g\u00fcn d\u0259 bildirm\u0259k ist\u0259yir\u0259m ki, Az\u0259rbaycan bundan sonra da inaml\u0131 inki\u015faf yolu il\u0259 ged\u0259c\u0259k. Az\u0259rbaycan beyn\u0259lxalq m\u00fcst\u0259vid\u0259 \u00f6z yerini m\u00f6hk\u0259ml\u0259ndir\u0259c\u0259kdir v\u0259 b\u00fct\u00fcn beyn\u0259lxalq t\u0259\u015f\u0259bb\u00fcsl\u0259r Az\u0259rbaycan xalq\u0131n\u0131n maraqlar\u0131n\u0131 m\u00fcdafi\u0259 ed\u0259c\u0259k.<br \/>\nBiz Az\u0259rbaycanda demokratiyan\u0131n inki\u015faf\u0131 il\u0259 ba\u011fl\u0131 bundan sonra da ard\u0131c\u0131l siyas\u0259t aparaca\u011f\u0131q. M\u00fcasir d\u00f6vl\u0259t quruculu\u011fu prosesi bundan sonra da davam etdiril\u0259c\u0259k. N\u00f6vb\u0259ti ill\u0259rd\u0259 xo\u015fag\u0259lm\u0259z hallar\u0131n arada qald\u0131r\u0131lmas\u0131 \u00fc\u00e7\u00fcn, x\u00fcsusil\u0259 korrupsiya v\u0259 r\u00fc\u015fv\u0259txorlu\u011fa qar\u015f\u0131 m\u00fcbariz\u0259 daha da ciddi apar\u0131lacaq. Bu m\u00fcbariz\u0259nin g\u00f6z\u0259l n\u0259tic\u0259l\u0259ri var. Xalq t\u0259r\u0259find\u0259n bizim siyas\u0259timiz, q\u0259tiyy\u0259timiz, add\u0131mlar\u0131m\u0131z d\u0259st\u0259kl\u0259nir. Sahibkarl\u0131\u011f\u0131n inki\u015faf\u0131 il\u0259 ba\u011fl\u0131 siyas\u0259timiz davam etdiril\u0259c\u0259k. B\u00fct\u00fcn istiqam\u0259tl\u0259r &#8211; yeni i\u015f yerl\u0259rinin a\u00e7\u0131lmas\u0131, yoxsullu\u011fun, i\u015fsizliyin azald\u0131lmas\u0131, idxal\u0131n \u0259v\u0259z olunmas\u0131 \u00fczr\u0259 bizim konkret proqramlar\u0131m\u0131z var.<br \/>\nSosial siyas\u0259tl\u0259 ba\u011fl\u0131 bu il v\u0259 \u0259vv\u0259lki ill\u0259rd\u0259 at\u0131lm\u0131\u015f add\u0131mlar onu g\u00f6st\u0259rir ki, bu m\u0259s\u0259l\u0259l\u0259r\u0259 n\u0259 q\u0259d\u0259r b\u00f6y\u00fck \u0259h\u0259miyy\u0259t g\u00f6st\u0259rilir. M\u0259n d\u0259f\u0259l\u0259rl\u0259 b\u0259yan etmi\u015f\u0259m v\u0259 bunu h\u0259yat v\u0259 at\u0131lan add\u0131mlar da t\u0259sdiql\u0259yir ki, Az\u0259rbaycan sosial d\u00f6vl\u0259tdir. Bizim siyas\u0259timizin m\u0259rk\u0259zind\u0259 Az\u0259rbaycan v\u0259t\u0259nda\u015f\u0131, onun qay\u011f\u0131lar\u0131, onun probleml\u0259ri, onun t\u0259hl\u00fck\u0259sizliyi, onun xo\u015fb\u0259xtliyi dayan\u0131r.<br \/>\nN\u00f6vb\u0259ti ill\u0259rd\u0259 biz b\u00fct\u00fcn bu istiqam\u0259tl\u0259r &#8211; iqtisadi islahatlar, sosial siyas\u0259t enerji siyas\u0259ti, xarici siyas\u0259t \u00fczr\u0259 ancaq v\u0259 ancaq ir\u0259liy\u0259 ged\u0259c\u0259yik. Biz daha da g\u00fccl\u00fc Az\u0259rbaycan, daha da g\u00fccl\u00fc d\u00f6vl\u0259t quraca\u011f\u0131q ki, bu d\u00f6vl\u0259td\u0259 h\u0259r bir v\u0259t\u0259nda\u015f \u00f6z\u00fcn\u00fc rahat hiss etsin, s\u00fclh, \u0259min-amanl\u0131q \u015f\u0259raitind\u0259 ya\u015fas\u0131n. Son on il \u0259rzind\u0259 sabitliyin v\u0259 ictimai asayi\u015fin qorunmas\u0131 bax bu reall\u0131qlar\u0131 \u015f\u0259rtl\u0259ndirdi. Az\u0259rbaycanda insanlar t\u0259hl\u00fck\u0259sizlik \u015f\u0259raitind\u0259 ya\u015fay\u0131r v\u0259 bu, bizi f\u0259rql\u0259ndir\u0259n c\u0259h\u0259tl\u0259rd\u0259n biridir.<br \/>\nBir s\u00f6zl\u0259, \u0259ziz h\u0259mv\u0259t\u0259nl\u0259r, \u0259ziz bac\u0131lar v\u0259 qarda\u015flar! G\u0259l\u0259c\u0259k inki\u015faf\u0131m\u0131zla ba\u011fl\u0131 m\u0259nd\u0259 v\u0259 \u0259min\u0259m ki, sizd\u0259 he\u00e7 bir \u015f\u00fcbh\u0259 yoxdur. Az\u0259rbaycan bundan sonra da inaml\u0131 inki\u015faf d\u00f6vr\u00fcn\u00fc ya\u015fayacaq. Az\u0259rbaycan d\u00f6vl\u0259ti v\u0259 m\u0259n prezident kimi Az\u0259rbaycan\u0131n milli maraqlar\u0131n\u0131 m\u00fcdafi\u0259 ed\u0259c\u0259y\u0259m, xalq\u0131n rifah\u0131n\u0131 t\u0259min ed\u0259c\u0259y\u0259m.<br \/>\nM\u0259n bir daha siz\u0259 son on \u0259rzind\u0259 m\u0259n\u0259 g\u00f6st\u0259rdiyiniz b\u00f6y\u00fck d\u0259st\u0259y\u0259 g\u00f6r\u0259 minn\u0259tdarl\u0131\u011f\u0131m\u0131 bildirm\u0259k ist\u0259yir\u0259m. Bir daha sizi \u0259min etm\u0259k ist\u0259yir\u0259m ki, var g\u00fcc\u00fcml\u0259 do\u011fma xalq\u0131m\u0131z\u0131n rifah\u0131, d\u00f6vl\u0259timizin m\u00f6hk\u0259ml\u0259ndirilm\u0259si \u00fc\u00e7\u00fcn \u00e7al\u0131\u015faca\u011fam. Biz birlikd\u0259 h\u0259l\u0259 b\u00f6y\u00fck q\u0259l\u0259b\u0259l\u0259r\u0259 imza ataca\u011f\u0131q.<br \/>\nYa\u015fas\u0131n m\u00fcst\u0259qil Az\u0259rbaycan Respublikas\u0131!&#8221;<\/p>\n","protected":false},"excerpt":{"rendered":"<p>Az\u0259rbaycan prezidenti \u0130lham \u018fliyev prezident se\u00e7kil\u0259rinin ilkin n\u0259tic\u0259l\u0259ri il\u0259 ba\u011fl\u0131 xalqa m\u00fcraci\u0259t edib. Zerdab.com d\u00f6vl\u0259t ba\u015f\u00e7\u0131s\u0131n\u0131n m\u00fcraci\u0259tini oldu\u011fu kimi t\u0259qdim edir: \u201c\u018fziz h\u0259mv\u0259t\u0259nl\u0259r! H\u00f6rm\u0259tli xan\u0131mlar v\u0259 c\u0259nablar! M\u0259n\u0259 b\u00f6y\u00fck etimad g\u00f6st\u0259rmi\u015f, yenid\u0259n prezident v\u0259zif\u0259sin\u0259 se\u00e7mi\u015f do\u011fma xalq\u0131ma minn\u0259tdaram. Az\u0259rbaycan xalq\u0131n\u0131 \u0259min etm\u0259k ist\u0259yir\u0259m ki, bundan sonra da do\u011fma xalq\u0131ma l\u0259yaq\u0259tl\u0259 xidm\u0259t ed\u0259c\u0259y\u0259m, daim Az\u0259rbaycan\u0131n d\u00f6vl\u0259t [&hellip;]<\/p>\n","protected":false},"author":1,"featured_media":0,"comment_status":"open","ping_status":"open","sticky":false,"template":"","format":"standard","meta":{"footnotes":""},"categories":[21],"tags":[],"class_list":{"0":"post-12707","1":"post","2":"type-post","3":"status-publish","4":"format-standard","6":"category-zrdab"},"yoast_head":"<!-- This site is optimized with the Yoast SEO plugin v27.0 - https:\/\/yoast.com\/product\/yoast-seo-wordpress\/ -->\n<title>\u0130lham \u018fliyev se\u00e7kil\u0259rin ilkin n\u0259tic\u0259l\u0259ri il\u0259 ba\u011fl\u0131 xalqa m\u00fcraci\u0259t edib  - Z\u0259rdab.com<\/title>\n<meta name=\"robots\" content=\"index, follow, max-snippet:-1, max-image-preview:large, max-video-preview:-1\" \/>\n<link rel=\"canonical\" href=\"https:\/\/www.zerdab.com\/?p=12707\" \/>\n<meta property=\"og:locale\" content=\"az_AZ\" \/>\n<meta property=\"og:type\" content=\"article\" \/>\n<meta property=\"og:title\" content=\"\u0130lham \u018fliyev se\u00e7kil\u0259rin ilkin n\u0259tic\u0259l\u0259ri il\u0259 ba\u011fl\u0131 xalqa m\u00fcraci\u0259t edib  - Z\u0259rdab.com\" \/>\n<meta property=\"og:description\" content=\"Az\u0259rbaycan prezidenti \u0130lham \u018fliyev prezident se\u00e7kil\u0259rinin ilkin n\u0259tic\u0259l\u0259ri il\u0259 ba\u011fl\u0131 xalqa m\u00fcraci\u0259t edib. Zerdab.com d\u00f6vl\u0259t ba\u015f\u00e7\u0131s\u0131n\u0131n m\u00fcraci\u0259tini oldu\u011fu kimi t\u0259qdim edir: \u201c\u018fziz h\u0259mv\u0259t\u0259nl\u0259r! H\u00f6rm\u0259tli xan\u0131mlar v\u0259 c\u0259nablar! M\u0259n\u0259 b\u00f6y\u00fck etimad g\u00f6st\u0259rmi\u015f, yenid\u0259n prezident v\u0259zif\u0259sin\u0259 se\u00e7mi\u015f do\u011fma xalq\u0131ma minn\u0259tdaram. Az\u0259rbaycan xalq\u0131n\u0131 \u0259min etm\u0259k ist\u0259yir\u0259m ki, bundan sonra da do\u011fma xalq\u0131ma l\u0259yaq\u0259tl\u0259 xidm\u0259t ed\u0259c\u0259y\u0259m, daim Az\u0259rbaycan\u0131n d\u00f6vl\u0259t [&hellip;]\" \/>\n<meta property=\"og:url\" content=\"https:\/\/www.zerdab.com\/?p=12707\" \/>\n<meta property=\"og:site_name\" content=\"Z\u0259rdab.com\" \/>\n<meta property=\"article:published_time\" content=\"2013-10-10T05:10:04+00:00\" \/>\n<meta property=\"article:modified_time\" content=\"2013-10-10T05:10:33+00:00\" \/>\n<meta name=\"author\" content=\"admin\" \/>\n<meta name=\"twitter:card\" content=\"summary_large_image\" \/>\n<meta name=\"twitter:label1\" content=\"Written by\" \/>\n\t<meta name=\"twitter:data1\" content=\"admin\" \/>\n\t<meta name=\"twitter:label2\" content=\"Est. reading time\" \/>\n\t<meta name=\"twitter:data2\" content=\"11 minutes\" \/>\n<script type=\"application\/ld+json\" class=\"yoast-schema-graph\">{\"@context\":\"https:\/\/schema.org\",\"@graph\":[{\"@type\":\"Article\",\"@id\":\"https:\/\/www.zerdab.com\/?p=12707#article\",\"isPartOf\":{\"@id\":\"https:\/\/www.zerdab.com\/?p=12707\"},\"author\":{\"name\":\"admin\",\"@id\":\"https:\/\/www.zerdab.com\/#\/schema\/person\/97079b7570c1e89ec0d9e138c3672136\"},\"headline\":\"\u0130lham \u018fliyev se\u00e7kil\u0259rin ilkin n\u0259tic\u0259l\u0259ri il\u0259 ba\u011fl\u0131 xalqa m\u00fcraci\u0259t edib\",\"datePublished\":\"2013-10-10T05:10:04+00:00\",\"dateModified\":\"2013-10-10T05:10:33+00:00\",\"mainEntityOfPage\":{\"@id\":\"https:\/\/www.zerdab.com\/?p=12707\"},\"wordCount\":2149,\"commentCount\":0,\"articleSection\":[\"C\u018fM\u0130YY\u018fT\"],\"inLanguage\":\"az\",\"potentialAction\":[{\"@type\":\"CommentAction\",\"name\":\"Comment\",\"target\":[\"https:\/\/www.zerdab.com\/?p=12707#respond\"]}]},{\"@type\":\"WebPage\",\"@id\":\"https:\/\/www.zerdab.com\/?p=12707\",\"url\":\"https:\/\/www.zerdab.com\/?p=12707\",\"name\":\"\u0130lham \u018fliyev se\u00e7kil\u0259rin ilkin n\u0259tic\u0259l\u0259ri il\u0259 ba\u011fl\u0131 xalqa m\u00fcraci\u0259t edib - Z\u0259rdab.com\",\"isPartOf\":{\"@id\":\"https:\/\/www.zerdab.com\/#website\"},\"datePublished\":\"2013-10-10T05:10:04+00:00\",\"dateModified\":\"2013-10-10T05:10:33+00:00\",\"author\":{\"@id\":\"https:\/\/www.zerdab.com\/#\/schema\/person\/97079b7570c1e89ec0d9e138c3672136\"},\"breadcrumb\":{\"@id\":\"https:\/\/www.zerdab.com\/?p=12707#breadcrumb\"},\"inLanguage\":\"az\",\"potentialAction\":[{\"@type\":\"ReadAction\",\"target\":[\"https:\/\/www.zerdab.com\/?p=12707\"]}]},{\"@type\":\"BreadcrumbList\",\"@id\":\"https:\/\/www.zerdab.com\/?p=12707#breadcrumb\",\"itemListElement\":[{\"@type\":\"ListItem\",\"position\":1,\"name\":\"Home\",\"item\":\"https:\/\/www.zerdab.com\/\"},{\"@type\":\"ListItem\",\"position\":2,\"name\":\"\u0130lham \u018fliyev se\u00e7kil\u0259rin ilkin n\u0259tic\u0259l\u0259ri il\u0259 ba\u011fl\u0131 xalqa m\u00fcraci\u0259t edib\"}]},{\"@type\":\"WebSite\",\"@id\":\"https:\/\/www.zerdab.com\/#website\",\"url\":\"https:\/\/www.zerdab.com\/\",\"name\":\"Z\u0259rdab.com\",\"description\":\"\",\"potentialAction\":[{\"@type\":\"SearchAction\",\"target\":{\"@type\":\"EntryPoint\",\"urlTemplate\":\"https:\/\/www.zerdab.com\/?s={search_term_string}\"},\"query-input\":{\"@type\":\"PropertyValueSpecification\",\"valueRequired\":true,\"valueName\":\"search_term_string\"}}],\"inLanguage\":\"az\"},{\"@type\":\"Person\",\"@id\":\"https:\/\/www.zerdab.com\/#\/schema\/person\/97079b7570c1e89ec0d9e138c3672136\",\"name\":\"admin\",\"image\":{\"@type\":\"ImageObject\",\"inLanguage\":\"az\",\"@id\":\"https:\/\/www.zerdab.com\/#\/schema\/person\/image\/\",\"url\":\"https:\/\/secure.gravatar.com\/avatar\/d9c52a9a27c32119cb6679a077fa3e2779e5f822c451cbf01098004361d466ec?s=96&d=mm&r=g\",\"contentUrl\":\"https:\/\/secure.gravatar.com\/avatar\/d9c52a9a27c32119cb6679a077fa3e2779e5f822c451cbf01098004361d466ec?s=96&d=mm&r=g\",\"caption\":\"admin\"},\"url\":\"https:\/\/www.zerdab.com\/?author=1\"}]}<\/script>\n<!-- \/ Yoast SEO plugin. -->","yoast_head_json":{"title":"\u0130lham \u018fliyev se\u00e7kil\u0259rin ilkin n\u0259tic\u0259l\u0259ri il\u0259 ba\u011fl\u0131 xalqa m\u00fcraci\u0259t edib  - Z\u0259rdab.com","robots":{"index":"index","follow":"follow","max-snippet":"max-snippet:-1","max-image-preview":"max-image-preview:large","max-video-preview":"max-video-preview:-1"},"canonical":"https:\/\/www.zerdab.com\/?p=12707","og_locale":"az_AZ","og_type":"article","og_title":"\u0130lham \u018fliyev se\u00e7kil\u0259rin ilkin n\u0259tic\u0259l\u0259ri il\u0259 ba\u011fl\u0131 xalqa m\u00fcraci\u0259t edib  - Z\u0259rdab.com","og_description":"Az\u0259rbaycan prezidenti \u0130lham \u018fliyev prezident se\u00e7kil\u0259rinin ilkin n\u0259tic\u0259l\u0259ri il\u0259 ba\u011fl\u0131 xalqa m\u00fcraci\u0259t edib. Zerdab.com d\u00f6vl\u0259t ba\u015f\u00e7\u0131s\u0131n\u0131n m\u00fcraci\u0259tini oldu\u011fu kimi t\u0259qdim edir: \u201c\u018fziz h\u0259mv\u0259t\u0259nl\u0259r! H\u00f6rm\u0259tli xan\u0131mlar v\u0259 c\u0259nablar! M\u0259n\u0259 b\u00f6y\u00fck etimad g\u00f6st\u0259rmi\u015f, yenid\u0259n prezident v\u0259zif\u0259sin\u0259 se\u00e7mi\u015f do\u011fma xalq\u0131ma minn\u0259tdaram. Az\u0259rbaycan xalq\u0131n\u0131 \u0259min etm\u0259k ist\u0259yir\u0259m ki, bundan sonra da do\u011fma xalq\u0131ma l\u0259yaq\u0259tl\u0259 xidm\u0259t ed\u0259c\u0259y\u0259m, daim Az\u0259rbaycan\u0131n d\u00f6vl\u0259t [&hellip;]","og_url":"https:\/\/www.zerdab.com\/?p=12707","og_site_name":"Z\u0259rdab.com","article_published_time":"2013-10-10T05:10:04+00:00","article_modified_time":"2013-10-10T05:10:33+00:00","author":"admin","twitter_card":"summary_large_image","twitter_misc":{"Written by":"admin","Est. reading time":"11 minutes"},"schema":{"@context":"https:\/\/schema.org","@graph":[{"@type":"Article","@id":"https:\/\/www.zerdab.com\/?p=12707#article","isPartOf":{"@id":"https:\/\/www.zerdab.com\/?p=12707"},"author":{"name":"admin","@id":"https:\/\/www.zerdab.com\/#\/schema\/person\/97079b7570c1e89ec0d9e138c3672136"},"headline":"\u0130lham \u018fliyev se\u00e7kil\u0259rin ilkin n\u0259tic\u0259l\u0259ri il\u0259 ba\u011fl\u0131 xalqa m\u00fcraci\u0259t edib","datePublished":"2013-10-10T05:10:04+00:00","dateModified":"2013-10-10T05:10:33+00:00","mainEntityOfPage":{"@id":"https:\/\/www.zerdab.com\/?p=12707"},"wordCount":2149,"commentCount":0,"articleSection":["C\u018fM\u0130YY\u018fT"],"inLanguage":"az","potentialAction":[{"@type":"CommentAction","name":"Comment","target":["https:\/\/www.zerdab.com\/?p=12707#respond"]}]},{"@type":"WebPage","@id":"https:\/\/www.zerdab.com\/?p=12707","url":"https:\/\/www.zerdab.com\/?p=12707","name":"\u0130lham \u018fliyev se\u00e7kil\u0259rin ilkin n\u0259tic\u0259l\u0259ri il\u0259 ba\u011fl\u0131 xalqa m\u00fcraci\u0259t edib - Z\u0259rdab.com","isPartOf":{"@id":"https:\/\/www.zerdab.com\/#website"},"datePublished":"2013-10-10T05:10:04+00:00","dateModified":"2013-10-10T05:10:33+00:00","author":{"@id":"https:\/\/www.zerdab.com\/#\/schema\/person\/97079b7570c1e89ec0d9e138c3672136"},"breadcrumb":{"@id":"https:\/\/www.zerdab.com\/?p=12707#breadcrumb"},"inLanguage":"az","potentialAction":[{"@type":"ReadAction","target":["https:\/\/www.zerdab.com\/?p=12707"]}]},{"@type":"BreadcrumbList","@id":"https:\/\/www.zerdab.com\/?p=12707#breadcrumb","itemListElement":[{"@type":"ListItem","position":1,"name":"Home","item":"https:\/\/www.zerdab.com\/"},{"@type":"ListItem","position":2,"name":"\u0130lham \u018fliyev se\u00e7kil\u0259rin ilkin n\u0259tic\u0259l\u0259ri il\u0259 ba\u011fl\u0131 xalqa m\u00fcraci\u0259t edib"}]},{"@type":"WebSite","@id":"https:\/\/www.zerdab.com\/#website","url":"https:\/\/www.zerdab.com\/","name":"Z\u0259rdab.com","description":"","potentialAction":[{"@type":"SearchAction","target":{"@type":"EntryPoint","urlTemplate":"https:\/\/www.zerdab.com\/?s={search_term_string}"},"query-input":{"@type":"PropertyValueSpecification","valueRequired":true,"valueName":"search_term_string"}}],"inLanguage":"az"},{"@type":"Person","@id":"https:\/\/www.zerdab.com\/#\/schema\/person\/97079b7570c1e89ec0d9e138c3672136","name":"admin","image":{"@type":"ImageObject","inLanguage":"az","@id":"https:\/\/www.zerdab.com\/#\/schema\/person\/image\/","url":"https:\/\/secure.gravatar.com\/avatar\/d9c52a9a27c32119cb6679a077fa3e2779e5f822c451cbf01098004361d466ec?s=96&d=mm&r=g","contentUrl":"https:\/\/secure.gravatar.com\/avatar\/d9c52a9a27c32119cb6679a077fa3e2779e5f822c451cbf01098004361d466ec?s=96&d=mm&r=g","caption":"admin"},"url":"https:\/\/www.zerdab.com\/?author=1"}]}},"_links":{"self":[{"href":"https:\/\/www.zerdab.com\/index.php?rest_route=\/wp\/v2\/posts\/12707","targetHints":{"allow":["GET"]}}],"collection":[{"href":"https:\/\/www.zerdab.com\/index.php?rest_route=\/wp\/v2\/posts"}],"about":[{"href":"https:\/\/www.zerdab.com\/index.php?rest_route=\/wp\/v2\/types\/post"}],"author":[{"embeddable":true,"href":"https:\/\/www.zerdab.com\/index.php?rest_route=\/wp\/v2\/users\/1"}],"replies":[{"embeddable":true,"href":"https:\/\/www.zerdab.com\/index.php?rest_route=%2Fwp%2Fv2%2Fcomments&post=12707"}],"version-history":[{"count":2,"href":"https:\/\/www.zerdab.com\/index.php?rest_route=\/wp\/v2\/posts\/12707\/revisions"}],"predecessor-version":[{"id":12709,"href":"https:\/\/www.zerdab.com\/index.php?rest_route=\/wp\/v2\/posts\/12707\/revisions\/12709"}],"wp:attachment":[{"href":"https:\/\/www.zerdab.com\/index.php?rest_route=%2Fwp%2Fv2%2Fmedia&parent=12707"}],"wp:term":[{"taxonomy":"category","embeddable":true,"href":"https:\/\/www.zerdab.com\/index.php?rest_route=%2Fwp%2Fv2%2Fcategories&post=12707"},{"taxonomy":"post_tag","embeddable":true,"href":"https:\/\/www.zerdab.com\/index.php?rest_route=%2Fwp%2Fv2%2Ftags&post=12707"}],"curies":[{"name":"wp","href":"https:\/\/api.w.org\/{rel}","templated":true}]}}