{"id":1272,"date":"2012-04-18T16:34:06","date_gmt":"2012-04-18T11:34:06","guid":{"rendered":"http:\/\/www.zerdab.com\/?p=1272"},"modified":"2012-04-18T16:34:06","modified_gmt":"2012-04-18T11:34:06","slug":"mill%c9%99t-v%c9%99kilimiz-i-beyn%c9%99lxalq-turkologiya-konfransinda-istirak-ed%c9%99c%c9%99k","status":"publish","type":"post","link":"https:\/\/www.zerdab.com\/?p=1272","title":{"rendered":"Mill\u0259t v\u0259kilimiz I Beyn\u0259lxalq T\u00fcrkologiya konfrans\u0131nda i\u015ftirak ed\u0259c\u0259k"},"content":{"rendered":"<p><a href=\"http:\/\/www.zerdab.com\/wp-content\/uploads\/2012\/04\/Jal\u0259-\u018fliyeva.jpg\"><img loading=\"lazy\" decoding=\"async\" class=\"alignleft size-full wp-image-1273\" title=\"Jal\u0259 \u018fliyeva\" src=\"http:\/\/www.zerdab.com\/wp-content\/uploads\/2012\/04\/Jal\u0259-\u018fliyeva.jpg\" alt=\"\" width=\"326\" height=\"210\" \/><\/a>Milli M\u0259clisin \u00fczv\u00fc Jal\u0259 \u018fliyeva aprelin 19-da T\u00fcrkiy\u0259d\u0259 ke\u00e7iril\u0259c\u0259k I Beyn\u0259lxalq T\u00fcrkologiya konfrans\u0131nda i\u015ftirak ed\u0259c\u0259k. J.\u018fliyevann s\u00f6zl\u0259rin\u0259 g\u00f6r\u0259, konfrans 19- 24 aprel 2012- ci il tarixind\u0259 \u00a0Yunis \u018fmr\u0259 \u0130nstitutu t\u0259r\u0259find\u0259n \u0130stanbulda ke\u00e7iril\u0259c\u0259k. Mill\u0259t v\u0259kili bildirib ki, konfrans T\u00fcrkiy\u0259nin Xarici \u0130\u015fl\u0259r Nazirliyi, \u00a0\u0130stanbul B\u00f6y\u00fck \u015e\u0259h\u0259r B\u0259l\u0259diyy\u0259si v\u0259 T\u00fcrk Dil Qurumu t\u0259r\u0259find\u0259n d\u0259st\u0259kl\u0259n\u0259c\u0259k. \u201cBu \u00fc\u00e7 qurumun v\u0259 Yunis \u018fmr\u0259 \u0130nstitutunun bir yerd\u0259 haz\u0131rlad\u0131qlar\u0131 konfrans b\u00f6y\u00fck bir layih\u0259dir. Konfransa xarici \u00f6lk\u0259l\u0259rind\u0259n T\u00fcrkologiya, T\u00fcrk dili v\u0259 \u0259d\u0259biyyat\u0131 \u015f\u00f6b\u0259l\u0259rinin apar\u0131c\u0131 m\u00fct\u0259x\u0259ssisl\u0259rinin, bu sah\u0259d\u0259 i\u015fl\u0259y\u0259n elm adamlar\u0131n\u0131n qat\u0131laca\u011f\u0131 g\u00f6zl\u0259nilir. \u0130\u015ftirak ed\u0259c\u0259k \u00f6lk\u0259l\u0259r s\u0131ras\u0131nda Almaniya, Amerika, Albaniya, Avstriya, Az\u0259rbaycan , Bel\u00e7ika, Bolqar\u0131stan, \u00c7exiya, \u00c7in , Finlandiya, F\u0259l\u0259sdin, G\u00fcrc\u00fcstan, Rusiya, Serbiya, Pol\u015fa, Misir, \u0130ngilt\u0259r\u0259, \u0130taliya\u00a0 da var. \u00a0G\u00fcnd\u0259likd\u0259 olan m\u0259s\u0259l\u0259l\u0259d\u0259n \u0259n \u0259sas\u0131 T\u00fcrk dili v\u0259 \u0259d\u0259biyyat\u0131, \u00fcmumiyy\u0259tl\u0259 t\u00fcrkologiya il\u0259 ba\u011fl\u0131 m\u0259s\u0259l\u0259l\u0259rin m\u00fczakir\u0259 olunmas\u0131d\u0131r. T\u00fcrkologiya sah\u0259sind\u0259 daha da ir\u0259liy\u0259 getm\u0259k \u00fc\u00e7\u00fcn fikir m\u00fcbadil\u0259si apar\u0131lacaq. \u018fsas 6 m\u0259s\u0259l\u0259 m\u00fczakir\u0259 olunacaq. Bu sah\u0259d\u0259 \u00e7al\u0131\u015fan hey\u0259tl\u0259, t\u0259hsil alan t\u0259l\u0259b\u0259l\u0259rl\u0259, daha sonra is\u0259 d\u0259rslikl\u0259rl\u0259 d\u0259 ba\u011fl\u0131 m\u0259s\u0259l\u0259l\u0259r g\u00fcnd\u0259m\u0259 g\u0259tiril\u0259c\u0259k\u201d-dey\u0259 J.\u018fliyeva qeyd edib. Deputat hesab edir ki, konfransda bu sah\u0259d\u0259 t\u0259hsil alan t\u0259l\u0259b\u0259l\u0259rin t\u0259hsilinin yax\u015f\u0131la\u015fmas\u0131, stimulla\u015fmas\u0131 \u00fc\u00e7\u00fcn d\u0259rslikl\u0259rin t\u0259kmill\u0259\u015fm\u0259si bar\u0259sind\u0259 d\u0259 fikir m\u00fcbadil\u0259si apar\u0131lacaq: \u201dT\u00fcrkologiya b\u00f6lm\u0259l\u0259rinin inki\u015faf\u0131 \u00fc\u00e7\u00fcn avadanl\u0131qlar\u0131n, kitab l\u0259vazimatlar\u0131n\u0131n v\u0259 daha sonra kitabxanalar\u0131\u0131n yax\u015f\u0131la\u015fd\u0131r\u0131lmas\u0131 \u00fc\u00e7\u00fcn t\u0259klifl\u0259r m\u00fczakir\u0259 olunacaq. Daha sonra bu \u015f\u00f6b\u0259l\u0259rd\u0259 bakalvr, magistr v\u0259 aspirantura t\u0259hsili il\u0259, onun imkanlar\u0131 il\u0259 ba\u011fl\u0131, dig\u0259r \u00a0\u00f6lk\u0259l\u0259rl\u0259 m\u00fcbadil\u0259 olunmas\u0131 m\u0259s\u0259l\u0259l\u0259ri d\u0259 m\u00fczakir\u0259 olunacaq. T\u00fcrkiy\u0259y\u0259 xarici \u00f6lk\u0259l\u0259rd\u0259n bu \u015f\u00f6b\u0259l\u0259r\u0259 d\u0259rs dem\u0259k \u00fc\u00e7\u00fcn m\u00fc\u0259lliml\u0259r d\u0259v\u0259t olunacaq. Daha sonra i\u015ftirak ed\u0259n \u00f6lk\u0259l\u0259rin h\u0259r biri d\u0259 bu sah\u0259l\u0259r \u00fczr\u0259 \u00f6z t\u0259klifl\u0259rini d\u0259 ir\u0259li s\u00fcr\u0259 bil\u0259c\u0259kl\u0259r\u201d.<\/p>\n","protected":false},"excerpt":{"rendered":"<p>Milli M\u0259clisin \u00fczv\u00fc Jal\u0259 \u018fliyeva aprelin 19-da T\u00fcrkiy\u0259d\u0259 ke\u00e7iril\u0259c\u0259k I Beyn\u0259lxalq T\u00fcrkologiya konfrans\u0131nda i\u015ftirak ed\u0259c\u0259k. J.\u018fliyevann s\u00f6zl\u0259rin\u0259 g\u00f6r\u0259, konfrans 19- 24 aprel 2012- ci il tarixind\u0259 \u00a0Yunis \u018fmr\u0259 \u0130nstitutu t\u0259r\u0259find\u0259n \u0130stanbulda ke\u00e7iril\u0259c\u0259k. Mill\u0259t v\u0259kili bildirib ki, konfrans T\u00fcrkiy\u0259nin Xarici \u0130\u015fl\u0259r Nazirliyi, \u00a0\u0130stanbul B\u00f6y\u00fck \u015e\u0259h\u0259r B\u0259l\u0259diyy\u0259si v\u0259 T\u00fcrk Dil Qurumu t\u0259r\u0259find\u0259n d\u0259st\u0259kl\u0259n\u0259c\u0259k. \u201cBu \u00fc\u00e7 qurumun v\u0259 [&hellip;]<\/p>\n","protected":false},"author":1,"featured_media":0,"comment_status":"open","ping_status":"open","sticky":false,"template":"","format":"standard","meta":{"footnotes":""},"categories":[21],"tags":[],"class_list":{"0":"post-1272","1":"post","2":"type-post","3":"status-publish","4":"format-standard","6":"category-zrdab"},"yoast_head":"<!-- This site is optimized with the Yoast SEO plugin v27.0 - https:\/\/yoast.com\/product\/yoast-seo-wordpress\/ -->\n<title>Mill\u0259t v\u0259kilimiz I Beyn\u0259lxalq T\u00fcrkologiya konfrans\u0131nda i\u015ftirak ed\u0259c\u0259k - Z\u0259rdab.com<\/title>\n<meta name=\"robots\" content=\"index, follow, max-snippet:-1, max-image-preview:large, max-video-preview:-1\" \/>\n<link rel=\"canonical\" href=\"https:\/\/www.zerdab.com\/?p=1272\" \/>\n<meta property=\"og:locale\" content=\"az_AZ\" \/>\n<meta property=\"og:type\" content=\"article\" \/>\n<meta property=\"og:title\" content=\"Mill\u0259t v\u0259kilimiz I Beyn\u0259lxalq T\u00fcrkologiya konfrans\u0131nda i\u015ftirak ed\u0259c\u0259k - Z\u0259rdab.com\" \/>\n<meta property=\"og:description\" content=\"Milli M\u0259clisin \u00fczv\u00fc Jal\u0259 \u018fliyeva aprelin 19-da T\u00fcrkiy\u0259d\u0259 ke\u00e7iril\u0259c\u0259k I Beyn\u0259lxalq T\u00fcrkologiya konfrans\u0131nda i\u015ftirak ed\u0259c\u0259k. J.\u018fliyevann s\u00f6zl\u0259rin\u0259 g\u00f6r\u0259, konfrans 19- 24 aprel 2012- ci il tarixind\u0259 \u00a0Yunis \u018fmr\u0259 \u0130nstitutu t\u0259r\u0259find\u0259n \u0130stanbulda ke\u00e7iril\u0259c\u0259k. Mill\u0259t v\u0259kili bildirib ki, konfrans T\u00fcrkiy\u0259nin Xarici \u0130\u015fl\u0259r Nazirliyi, \u00a0\u0130stanbul B\u00f6y\u00fck \u015e\u0259h\u0259r B\u0259l\u0259diyy\u0259si v\u0259 T\u00fcrk Dil Qurumu t\u0259r\u0259find\u0259n d\u0259st\u0259kl\u0259n\u0259c\u0259k. \u201cBu \u00fc\u00e7 qurumun v\u0259 [&hellip;]\" \/>\n<meta property=\"og:url\" content=\"https:\/\/www.zerdab.com\/?p=1272\" \/>\n<meta property=\"og:site_name\" content=\"Z\u0259rdab.com\" \/>\n<meta property=\"article:published_time\" content=\"2012-04-18T11:34:06+00:00\" \/>\n<meta name=\"author\" content=\"admin\" \/>\n<meta name=\"twitter:card\" content=\"summary_large_image\" \/>\n<meta name=\"twitter:label1\" content=\"Written by\" \/>\n\t<meta name=\"twitter:data1\" content=\"admin\" \/>\n\t<meta name=\"twitter:label2\" content=\"Est. reading time\" \/>\n\t<meta name=\"twitter:data2\" content=\"2 minutes\" \/>\n<script type=\"application\/ld+json\" class=\"yoast-schema-graph\">{\"@context\":\"https:\/\/schema.org\",\"@graph\":[{\"@type\":\"Article\",\"@id\":\"https:\/\/www.zerdab.com\/?p=1272#article\",\"isPartOf\":{\"@id\":\"https:\/\/www.zerdab.com\/?p=1272\"},\"author\":{\"name\":\"admin\",\"@id\":\"https:\/\/www.zerdab.com\/#\/schema\/person\/97079b7570c1e89ec0d9e138c3672136\"},\"headline\":\"Mill\u0259t v\u0259kilimiz I Beyn\u0259lxalq T\u00fcrkologiya konfrans\u0131nda i\u015ftirak ed\u0259c\u0259k\",\"datePublished\":\"2012-04-18T11:34:06+00:00\",\"mainEntityOfPage\":{\"@id\":\"https:\/\/www.zerdab.com\/?p=1272\"},\"wordCount\":469,\"commentCount\":0,\"articleSection\":[\"C\u018fM\u0130YY\u018fT\"],\"inLanguage\":\"az\",\"potentialAction\":[{\"@type\":\"CommentAction\",\"name\":\"Comment\",\"target\":[\"https:\/\/www.zerdab.com\/?p=1272#respond\"]}]},{\"@type\":\"WebPage\",\"@id\":\"https:\/\/www.zerdab.com\/?p=1272\",\"url\":\"https:\/\/www.zerdab.com\/?p=1272\",\"name\":\"Mill\u0259t v\u0259kilimiz I Beyn\u0259lxalq T\u00fcrkologiya konfrans\u0131nda i\u015ftirak ed\u0259c\u0259k - Z\u0259rdab.com\",\"isPartOf\":{\"@id\":\"https:\/\/www.zerdab.com\/#website\"},\"datePublished\":\"2012-04-18T11:34:06+00:00\",\"author\":{\"@id\":\"https:\/\/www.zerdab.com\/#\/schema\/person\/97079b7570c1e89ec0d9e138c3672136\"},\"breadcrumb\":{\"@id\":\"https:\/\/www.zerdab.com\/?p=1272#breadcrumb\"},\"inLanguage\":\"az\",\"potentialAction\":[{\"@type\":\"ReadAction\",\"target\":[\"https:\/\/www.zerdab.com\/?p=1272\"]}]},{\"@type\":\"BreadcrumbList\",\"@id\":\"https:\/\/www.zerdab.com\/?p=1272#breadcrumb\",\"itemListElement\":[{\"@type\":\"ListItem\",\"position\":1,\"name\":\"Home\",\"item\":\"https:\/\/www.zerdab.com\/\"},{\"@type\":\"ListItem\",\"position\":2,\"name\":\"Mill\u0259t v\u0259kilimiz I Beyn\u0259lxalq T\u00fcrkologiya konfrans\u0131nda i\u015ftirak ed\u0259c\u0259k\"}]},{\"@type\":\"WebSite\",\"@id\":\"https:\/\/www.zerdab.com\/#website\",\"url\":\"https:\/\/www.zerdab.com\/\",\"name\":\"Z\u0259rdab.com\",\"description\":\"\",\"potentialAction\":[{\"@type\":\"SearchAction\",\"target\":{\"@type\":\"EntryPoint\",\"urlTemplate\":\"https:\/\/www.zerdab.com\/?s={search_term_string}\"},\"query-input\":{\"@type\":\"PropertyValueSpecification\",\"valueRequired\":true,\"valueName\":\"search_term_string\"}}],\"inLanguage\":\"az\"},{\"@type\":\"Person\",\"@id\":\"https:\/\/www.zerdab.com\/#\/schema\/person\/97079b7570c1e89ec0d9e138c3672136\",\"name\":\"admin\",\"image\":{\"@type\":\"ImageObject\",\"inLanguage\":\"az\",\"@id\":\"https:\/\/www.zerdab.com\/#\/schema\/person\/image\/\",\"url\":\"https:\/\/secure.gravatar.com\/avatar\/d9c52a9a27c32119cb6679a077fa3e2779e5f822c451cbf01098004361d466ec?s=96&d=mm&r=g\",\"contentUrl\":\"https:\/\/secure.gravatar.com\/avatar\/d9c52a9a27c32119cb6679a077fa3e2779e5f822c451cbf01098004361d466ec?s=96&d=mm&r=g\",\"caption\":\"admin\"},\"url\":\"https:\/\/www.zerdab.com\/?author=1\"}]}<\/script>\n<!-- \/ Yoast SEO plugin. -->","yoast_head_json":{"title":"Mill\u0259t v\u0259kilimiz I Beyn\u0259lxalq T\u00fcrkologiya konfrans\u0131nda i\u015ftirak ed\u0259c\u0259k - Z\u0259rdab.com","robots":{"index":"index","follow":"follow","max-snippet":"max-snippet:-1","max-image-preview":"max-image-preview:large","max-video-preview":"max-video-preview:-1"},"canonical":"https:\/\/www.zerdab.com\/?p=1272","og_locale":"az_AZ","og_type":"article","og_title":"Mill\u0259t v\u0259kilimiz I Beyn\u0259lxalq T\u00fcrkologiya konfrans\u0131nda i\u015ftirak ed\u0259c\u0259k - Z\u0259rdab.com","og_description":"Milli M\u0259clisin \u00fczv\u00fc Jal\u0259 \u018fliyeva aprelin 19-da T\u00fcrkiy\u0259d\u0259 ke\u00e7iril\u0259c\u0259k I Beyn\u0259lxalq T\u00fcrkologiya konfrans\u0131nda i\u015ftirak ed\u0259c\u0259k. J.\u018fliyevann s\u00f6zl\u0259rin\u0259 g\u00f6r\u0259, konfrans 19- 24 aprel 2012- ci il tarixind\u0259 \u00a0Yunis \u018fmr\u0259 \u0130nstitutu t\u0259r\u0259find\u0259n \u0130stanbulda ke\u00e7iril\u0259c\u0259k. Mill\u0259t v\u0259kili bildirib ki, konfrans T\u00fcrkiy\u0259nin Xarici \u0130\u015fl\u0259r Nazirliyi, \u00a0\u0130stanbul B\u00f6y\u00fck \u015e\u0259h\u0259r B\u0259l\u0259diyy\u0259si v\u0259 T\u00fcrk Dil Qurumu t\u0259r\u0259find\u0259n d\u0259st\u0259kl\u0259n\u0259c\u0259k. \u201cBu \u00fc\u00e7 qurumun v\u0259 [&hellip;]","og_url":"https:\/\/www.zerdab.com\/?p=1272","og_site_name":"Z\u0259rdab.com","article_published_time":"2012-04-18T11:34:06+00:00","author":"admin","twitter_card":"summary_large_image","twitter_misc":{"Written by":"admin","Est. reading time":"2 minutes"},"schema":{"@context":"https:\/\/schema.org","@graph":[{"@type":"Article","@id":"https:\/\/www.zerdab.com\/?p=1272#article","isPartOf":{"@id":"https:\/\/www.zerdab.com\/?p=1272"},"author":{"name":"admin","@id":"https:\/\/www.zerdab.com\/#\/schema\/person\/97079b7570c1e89ec0d9e138c3672136"},"headline":"Mill\u0259t v\u0259kilimiz I Beyn\u0259lxalq T\u00fcrkologiya konfrans\u0131nda i\u015ftirak ed\u0259c\u0259k","datePublished":"2012-04-18T11:34:06+00:00","mainEntityOfPage":{"@id":"https:\/\/www.zerdab.com\/?p=1272"},"wordCount":469,"commentCount":0,"articleSection":["C\u018fM\u0130YY\u018fT"],"inLanguage":"az","potentialAction":[{"@type":"CommentAction","name":"Comment","target":["https:\/\/www.zerdab.com\/?p=1272#respond"]}]},{"@type":"WebPage","@id":"https:\/\/www.zerdab.com\/?p=1272","url":"https:\/\/www.zerdab.com\/?p=1272","name":"Mill\u0259t v\u0259kilimiz I Beyn\u0259lxalq T\u00fcrkologiya konfrans\u0131nda i\u015ftirak ed\u0259c\u0259k - Z\u0259rdab.com","isPartOf":{"@id":"https:\/\/www.zerdab.com\/#website"},"datePublished":"2012-04-18T11:34:06+00:00","author":{"@id":"https:\/\/www.zerdab.com\/#\/schema\/person\/97079b7570c1e89ec0d9e138c3672136"},"breadcrumb":{"@id":"https:\/\/www.zerdab.com\/?p=1272#breadcrumb"},"inLanguage":"az","potentialAction":[{"@type":"ReadAction","target":["https:\/\/www.zerdab.com\/?p=1272"]}]},{"@type":"BreadcrumbList","@id":"https:\/\/www.zerdab.com\/?p=1272#breadcrumb","itemListElement":[{"@type":"ListItem","position":1,"name":"Home","item":"https:\/\/www.zerdab.com\/"},{"@type":"ListItem","position":2,"name":"Mill\u0259t v\u0259kilimiz I Beyn\u0259lxalq T\u00fcrkologiya konfrans\u0131nda i\u015ftirak ed\u0259c\u0259k"}]},{"@type":"WebSite","@id":"https:\/\/www.zerdab.com\/#website","url":"https:\/\/www.zerdab.com\/","name":"Z\u0259rdab.com","description":"","potentialAction":[{"@type":"SearchAction","target":{"@type":"EntryPoint","urlTemplate":"https:\/\/www.zerdab.com\/?s={search_term_string}"},"query-input":{"@type":"PropertyValueSpecification","valueRequired":true,"valueName":"search_term_string"}}],"inLanguage":"az"},{"@type":"Person","@id":"https:\/\/www.zerdab.com\/#\/schema\/person\/97079b7570c1e89ec0d9e138c3672136","name":"admin","image":{"@type":"ImageObject","inLanguage":"az","@id":"https:\/\/www.zerdab.com\/#\/schema\/person\/image\/","url":"https:\/\/secure.gravatar.com\/avatar\/d9c52a9a27c32119cb6679a077fa3e2779e5f822c451cbf01098004361d466ec?s=96&d=mm&r=g","contentUrl":"https:\/\/secure.gravatar.com\/avatar\/d9c52a9a27c32119cb6679a077fa3e2779e5f822c451cbf01098004361d466ec?s=96&d=mm&r=g","caption":"admin"},"url":"https:\/\/www.zerdab.com\/?author=1"}]}},"_links":{"self":[{"href":"https:\/\/www.zerdab.com\/index.php?rest_route=\/wp\/v2\/posts\/1272","targetHints":{"allow":["GET"]}}],"collection":[{"href":"https:\/\/www.zerdab.com\/index.php?rest_route=\/wp\/v2\/posts"}],"about":[{"href":"https:\/\/www.zerdab.com\/index.php?rest_route=\/wp\/v2\/types\/post"}],"author":[{"embeddable":true,"href":"https:\/\/www.zerdab.com\/index.php?rest_route=\/wp\/v2\/users\/1"}],"replies":[{"embeddable":true,"href":"https:\/\/www.zerdab.com\/index.php?rest_route=%2Fwp%2Fv2%2Fcomments&post=1272"}],"version-history":[{"count":2,"href":"https:\/\/www.zerdab.com\/index.php?rest_route=\/wp\/v2\/posts\/1272\/revisions"}],"predecessor-version":[{"id":1275,"href":"https:\/\/www.zerdab.com\/index.php?rest_route=\/wp\/v2\/posts\/1272\/revisions\/1275"}],"wp:attachment":[{"href":"https:\/\/www.zerdab.com\/index.php?rest_route=%2Fwp%2Fv2%2Fmedia&parent=1272"}],"wp:term":[{"taxonomy":"category","embeddable":true,"href":"https:\/\/www.zerdab.com\/index.php?rest_route=%2Fwp%2Fv2%2Fcategories&post=1272"},{"taxonomy":"post_tag","embeddable":true,"href":"https:\/\/www.zerdab.com\/index.php?rest_route=%2Fwp%2Fv2%2Ftags&post=1272"}],"curies":[{"name":"wp","href":"https:\/\/api.w.org\/{rel}","templated":true}]}}