{"id":12792,"date":"2013-10-16T13:26:55","date_gmt":"2013-10-16T08:26:55","guid":{"rendered":"http:\/\/www.zerdab.com\/?p=12792"},"modified":"2013-10-16T13:26:55","modified_gmt":"2013-10-16T08:26:55","slug":"z%c9%99rdab-rayon-%c9%99halinin-sosial-mudafi%c9%99si-m%c9%99rk%c9%99zi-bayram-sovqati-payladi","status":"publish","type":"post","link":"https:\/\/www.zerdab.com\/?p=12792","title":{"rendered":"Z\u0259rdab Rayon \u018fhalinin Sosial M\u00fcdafi\u0259si M\u0259rk\u0259zi bayram sovqat\u0131 paylad\u0131"},"content":{"rendered":"<p><img loading=\"lazy\" decoding=\"async\" class=\"aligncenter size-large wp-image-12794\" alt=\"QURBAN-BAYRAMI\" src=\"http:\/\/www.zerdab.com\/wp-content\/uploads\/2013\/10\/QURBAN-BAYRAMI-550x366.jpg\" width=\"550\" height=\"366\" \/>Z\u0259rdab Rayon \u018fhalinin Sosial M\u00fcdafi\u0259si M\u0259rk\u0259zi M\u00fcq\u0259dd\u0259s Qurban bayram\u0131 m\u00fcnasib\u0259til\u0259 azt\u0259minatl\u0131 ail\u0259l\u0259rl\u0259, 1-ci qrup \u0259lill\u0259rl\u0259 v\u0259 bir qrup t\u0259nha ah\u0131llarla g\u00f6r\u00fc\u015f\u00fcb v\u0259 bayram sovqatlar\u0131 paylay\u0131b. G\u00f6r\u00fc\u015fl\u0259rd\u0259 i\u015ftirak ed\u0259n Rayon \u018fhalinin Sosial M\u00fcdafi\u0259si M\u0259rk\u0259zinin direktoru Canpolad V\u0259liyev \u00e7\u0131x\u0131\u015f ed\u0259r\u0259k\u00a0 bildirib ki, humanizm, xeyirxahl\u0131q v\u0259 b\u0259rab\u0259rlik r\u0259mzi olan Qurban Bayram\u0131 c\u0259miyy\u0259timizd\u0259 milli-m\u0259n\u0259vi h\u0259mr\u0259yliyi v\u0259 d\u00f6z\u00fcml\u00fcl\u00fck ovqat\u0131n\u0131 daha da g\u00fccl\u0259ndirir, insanlar aras\u0131nda \u015f\u0259fq\u0259t v\u0259 m\u0259rh\u0259m\u0259t duy\u011fular\u0131n\u0131n t\u0259nt\u0259n\u0259sini n\u00fcmayi\u015f etdirir.<\/p>\n<p>Zerdab.com<\/p>\n<p><img loading=\"lazy\" decoding=\"async\" class=\"aligncenter size-large wp-image-12795\" alt=\"Qurban-bayrami\" src=\"http:\/\/www.zerdab.com\/wp-content\/uploads\/2013\/10\/Qurban-bayrami-3-550x366.jpg\" width=\"550\" height=\"366\" \/><img loading=\"lazy\" decoding=\"async\" class=\"aligncenter size-large wp-image-12793\" alt=\"Qurban-bayrami\" src=\"http:\/\/www.zerdab.com\/wp-content\/uploads\/2013\/10\/Qurban-bayrami-2-550x366.jpg\" width=\"550\" height=\"366\" \/><\/p>\n","protected":false},"excerpt":{"rendered":"<p>Z\u0259rdab Rayon \u018fhalinin Sosial M\u00fcdafi\u0259si M\u0259rk\u0259zi M\u00fcq\u0259dd\u0259s Qurban bayram\u0131 m\u00fcnasib\u0259til\u0259 azt\u0259minatl\u0131 ail\u0259l\u0259rl\u0259, 1-ci qrup \u0259lill\u0259rl\u0259 v\u0259 bir qrup t\u0259nha ah\u0131llarla g\u00f6r\u00fc\u015f\u00fcb v\u0259 bayram sovqatlar\u0131 paylay\u0131b. G\u00f6r\u00fc\u015fl\u0259rd\u0259 i\u015ftirak ed\u0259n Rayon \u018fhalinin Sosial M\u00fcdafi\u0259si M\u0259rk\u0259zinin direktoru Canpolad V\u0259liyev \u00e7\u0131x\u0131\u015f ed\u0259r\u0259k\u00a0 bildirib ki, humanizm, xeyirxahl\u0131q v\u0259 b\u0259rab\u0259rlik r\u0259mzi olan Qurban Bayram\u0131 c\u0259miyy\u0259timizd\u0259 milli-m\u0259n\u0259vi h\u0259mr\u0259yliyi v\u0259 d\u00f6z\u00fcml\u00fcl\u00fck ovqat\u0131n\u0131 daha [&hellip;]<\/p>\n","protected":false},"author":1,"featured_media":0,"comment_status":"open","ping_status":"open","sticky":false,"template":"","format":"standard","meta":{"footnotes":""},"categories":[5],"tags":[],"class_list":{"0":"post-12792","1":"post","2":"type-post","3":"status-publish","4":"format-standard","6":"category-knd"},"yoast_head":"<!-- This site is optimized with the Yoast SEO plugin v27.0 - https:\/\/yoast.com\/product\/yoast-seo-wordpress\/ -->\n<title>Z\u0259rdab Rayon \u018fhalinin Sosial M\u00fcdafi\u0259si M\u0259rk\u0259zi bayram sovqat\u0131 paylad\u0131 - Z\u0259rdab.com<\/title>\n<meta name=\"robots\" content=\"index, follow, max-snippet:-1, max-image-preview:large, max-video-preview:-1\" \/>\n<link rel=\"canonical\" href=\"https:\/\/www.zerdab.com\/?p=12792\" \/>\n<meta property=\"og:locale\" content=\"az_AZ\" \/>\n<meta property=\"og:type\" content=\"article\" \/>\n<meta property=\"og:title\" content=\"Z\u0259rdab Rayon \u018fhalinin Sosial M\u00fcdafi\u0259si M\u0259rk\u0259zi bayram sovqat\u0131 paylad\u0131 - Z\u0259rdab.com\" \/>\n<meta property=\"og:description\" content=\"Z\u0259rdab Rayon \u018fhalinin Sosial M\u00fcdafi\u0259si M\u0259rk\u0259zi M\u00fcq\u0259dd\u0259s Qurban bayram\u0131 m\u00fcnasib\u0259til\u0259 azt\u0259minatl\u0131 ail\u0259l\u0259rl\u0259, 1-ci qrup \u0259lill\u0259rl\u0259 v\u0259 bir qrup t\u0259nha ah\u0131llarla g\u00f6r\u00fc\u015f\u00fcb v\u0259 bayram sovqatlar\u0131 paylay\u0131b. G\u00f6r\u00fc\u015fl\u0259rd\u0259 i\u015ftirak ed\u0259n Rayon \u018fhalinin Sosial M\u00fcdafi\u0259si M\u0259rk\u0259zinin direktoru Canpolad V\u0259liyev \u00e7\u0131x\u0131\u015f ed\u0259r\u0259k\u00a0 bildirib ki, humanizm, xeyirxahl\u0131q v\u0259 b\u0259rab\u0259rlik r\u0259mzi olan Qurban Bayram\u0131 c\u0259miyy\u0259timizd\u0259 milli-m\u0259n\u0259vi h\u0259mr\u0259yliyi v\u0259 d\u00f6z\u00fcml\u00fcl\u00fck ovqat\u0131n\u0131 daha [&hellip;]\" \/>\n<meta property=\"og:url\" content=\"https:\/\/www.zerdab.com\/?p=12792\" \/>\n<meta property=\"og:site_name\" content=\"Z\u0259rdab.com\" \/>\n<meta property=\"article:published_time\" content=\"2013-10-16T08:26:55+00:00\" \/>\n<meta property=\"og:image\" content=\"http:\/\/www.zerdab.com\/wp-content\/uploads\/2013\/10\/QURBAN-BAYRAMI-550x366.jpg\" \/>\n<meta name=\"author\" content=\"admin\" \/>\n<meta name=\"twitter:card\" content=\"summary_large_image\" \/>\n<meta name=\"twitter:label1\" content=\"Written by\" \/>\n\t<meta name=\"twitter:data1\" content=\"admin\" \/>\n\t<meta name=\"twitter:label2\" content=\"Est. reading time\" \/>\n\t<meta name=\"twitter:data2\" content=\"1 minute\" \/>\n<script type=\"application\/ld+json\" class=\"yoast-schema-graph\">{\"@context\":\"https:\/\/schema.org\",\"@graph\":[{\"@type\":\"Article\",\"@id\":\"https:\/\/www.zerdab.com\/?p=12792#article\",\"isPartOf\":{\"@id\":\"https:\/\/www.zerdab.com\/?p=12792\"},\"author\":{\"name\":\"admin\",\"@id\":\"https:\/\/www.zerdab.com\/#\/schema\/person\/97079b7570c1e89ec0d9e138c3672136\"},\"headline\":\"Z\u0259rdab Rayon \u018fhalinin Sosial M\u00fcdafi\u0259si M\u0259rk\u0259zi bayram sovqat\u0131 paylad\u0131\",\"datePublished\":\"2013-10-16T08:26:55+00:00\",\"mainEntityOfPage\":{\"@id\":\"https:\/\/www.zerdab.com\/?p=12792\"},\"wordCount\":142,\"commentCount\":2,\"image\":{\"@id\":\"https:\/\/www.zerdab.com\/?p=12792#primaryimage\"},\"thumbnailUrl\":\"http:\/\/www.zerdab.com\/wp-content\/uploads\/2013\/10\/QURBAN-BAYRAMI-550x366.jpg\",\"articleSection\":[\"X\u018fB\u018fRL\u018fR\"],\"inLanguage\":\"az\",\"potentialAction\":[{\"@type\":\"CommentAction\",\"name\":\"Comment\",\"target\":[\"https:\/\/www.zerdab.com\/?p=12792#respond\"]}]},{\"@type\":\"WebPage\",\"@id\":\"https:\/\/www.zerdab.com\/?p=12792\",\"url\":\"https:\/\/www.zerdab.com\/?p=12792\",\"name\":\"Z\u0259rdab Rayon \u018fhalinin Sosial M\u00fcdafi\u0259si M\u0259rk\u0259zi bayram sovqat\u0131 paylad\u0131 - Z\u0259rdab.com\",\"isPartOf\":{\"@id\":\"https:\/\/www.zerdab.com\/#website\"},\"primaryImageOfPage\":{\"@id\":\"https:\/\/www.zerdab.com\/?p=12792#primaryimage\"},\"image\":{\"@id\":\"https:\/\/www.zerdab.com\/?p=12792#primaryimage\"},\"thumbnailUrl\":\"http:\/\/www.zerdab.com\/wp-content\/uploads\/2013\/10\/QURBAN-BAYRAMI-550x366.jpg\",\"datePublished\":\"2013-10-16T08:26:55+00:00\",\"author\":{\"@id\":\"https:\/\/www.zerdab.com\/#\/schema\/person\/97079b7570c1e89ec0d9e138c3672136\"},\"breadcrumb\":{\"@id\":\"https:\/\/www.zerdab.com\/?p=12792#breadcrumb\"},\"inLanguage\":\"az\",\"potentialAction\":[{\"@type\":\"ReadAction\",\"target\":[\"https:\/\/www.zerdab.com\/?p=12792\"]}]},{\"@type\":\"ImageObject\",\"inLanguage\":\"az\",\"@id\":\"https:\/\/www.zerdab.com\/?p=12792#primaryimage\",\"url\":\"\",\"contentUrl\":\"\"},{\"@type\":\"BreadcrumbList\",\"@id\":\"https:\/\/www.zerdab.com\/?p=12792#breadcrumb\",\"itemListElement\":[{\"@type\":\"ListItem\",\"position\":1,\"name\":\"Home\",\"item\":\"https:\/\/www.zerdab.com\/\"},{\"@type\":\"ListItem\",\"position\":2,\"name\":\"Z\u0259rdab Rayon \u018fhalinin Sosial M\u00fcdafi\u0259si M\u0259rk\u0259zi bayram sovqat\u0131 paylad\u0131\"}]},{\"@type\":\"WebSite\",\"@id\":\"https:\/\/www.zerdab.com\/#website\",\"url\":\"https:\/\/www.zerdab.com\/\",\"name\":\"Z\u0259rdab.com\",\"description\":\"\",\"potentialAction\":[{\"@type\":\"SearchAction\",\"target\":{\"@type\":\"EntryPoint\",\"urlTemplate\":\"https:\/\/www.zerdab.com\/?s={search_term_string}\"},\"query-input\":{\"@type\":\"PropertyValueSpecification\",\"valueRequired\":true,\"valueName\":\"search_term_string\"}}],\"inLanguage\":\"az\"},{\"@type\":\"Person\",\"@id\":\"https:\/\/www.zerdab.com\/#\/schema\/person\/97079b7570c1e89ec0d9e138c3672136\",\"name\":\"admin\",\"image\":{\"@type\":\"ImageObject\",\"inLanguage\":\"az\",\"@id\":\"https:\/\/www.zerdab.com\/#\/schema\/person\/image\/\",\"url\":\"https:\/\/secure.gravatar.com\/avatar\/d9c52a9a27c32119cb6679a077fa3e2779e5f822c451cbf01098004361d466ec?s=96&d=mm&r=g\",\"contentUrl\":\"https:\/\/secure.gravatar.com\/avatar\/d9c52a9a27c32119cb6679a077fa3e2779e5f822c451cbf01098004361d466ec?s=96&d=mm&r=g\",\"caption\":\"admin\"},\"url\":\"https:\/\/www.zerdab.com\/?author=1\"}]}<\/script>\n<!-- \/ Yoast SEO plugin. -->","yoast_head_json":{"title":"Z\u0259rdab Rayon \u018fhalinin Sosial M\u00fcdafi\u0259si M\u0259rk\u0259zi bayram sovqat\u0131 paylad\u0131 - Z\u0259rdab.com","robots":{"index":"index","follow":"follow","max-snippet":"max-snippet:-1","max-image-preview":"max-image-preview:large","max-video-preview":"max-video-preview:-1"},"canonical":"https:\/\/www.zerdab.com\/?p=12792","og_locale":"az_AZ","og_type":"article","og_title":"Z\u0259rdab Rayon \u018fhalinin Sosial M\u00fcdafi\u0259si M\u0259rk\u0259zi bayram sovqat\u0131 paylad\u0131 - Z\u0259rdab.com","og_description":"Z\u0259rdab Rayon \u018fhalinin Sosial M\u00fcdafi\u0259si M\u0259rk\u0259zi M\u00fcq\u0259dd\u0259s Qurban bayram\u0131 m\u00fcnasib\u0259til\u0259 azt\u0259minatl\u0131 ail\u0259l\u0259rl\u0259, 1-ci qrup \u0259lill\u0259rl\u0259 v\u0259 bir qrup t\u0259nha ah\u0131llarla g\u00f6r\u00fc\u015f\u00fcb v\u0259 bayram sovqatlar\u0131 paylay\u0131b. G\u00f6r\u00fc\u015fl\u0259rd\u0259 i\u015ftirak ed\u0259n Rayon \u018fhalinin Sosial M\u00fcdafi\u0259si M\u0259rk\u0259zinin direktoru Canpolad V\u0259liyev \u00e7\u0131x\u0131\u015f ed\u0259r\u0259k\u00a0 bildirib ki, humanizm, xeyirxahl\u0131q v\u0259 b\u0259rab\u0259rlik r\u0259mzi olan Qurban Bayram\u0131 c\u0259miyy\u0259timizd\u0259 milli-m\u0259n\u0259vi h\u0259mr\u0259yliyi v\u0259 d\u00f6z\u00fcml\u00fcl\u00fck ovqat\u0131n\u0131 daha [&hellip;]","og_url":"https:\/\/www.zerdab.com\/?p=12792","og_site_name":"Z\u0259rdab.com","article_published_time":"2013-10-16T08:26:55+00:00","og_image":[{"url":"http:\/\/www.zerdab.com\/wp-content\/uploads\/2013\/10\/QURBAN-BAYRAMI-550x366.jpg","type":"","width":"","height":""}],"author":"admin","twitter_card":"summary_large_image","twitter_misc":{"Written by":"admin","Est. reading time":"1 minute"},"schema":{"@context":"https:\/\/schema.org","@graph":[{"@type":"Article","@id":"https:\/\/www.zerdab.com\/?p=12792#article","isPartOf":{"@id":"https:\/\/www.zerdab.com\/?p=12792"},"author":{"name":"admin","@id":"https:\/\/www.zerdab.com\/#\/schema\/person\/97079b7570c1e89ec0d9e138c3672136"},"headline":"Z\u0259rdab Rayon \u018fhalinin Sosial M\u00fcdafi\u0259si M\u0259rk\u0259zi bayram sovqat\u0131 paylad\u0131","datePublished":"2013-10-16T08:26:55+00:00","mainEntityOfPage":{"@id":"https:\/\/www.zerdab.com\/?p=12792"},"wordCount":142,"commentCount":2,"image":{"@id":"https:\/\/www.zerdab.com\/?p=12792#primaryimage"},"thumbnailUrl":"http:\/\/www.zerdab.com\/wp-content\/uploads\/2013\/10\/QURBAN-BAYRAMI-550x366.jpg","articleSection":["X\u018fB\u018fRL\u018fR"],"inLanguage":"az","potentialAction":[{"@type":"CommentAction","name":"Comment","target":["https:\/\/www.zerdab.com\/?p=12792#respond"]}]},{"@type":"WebPage","@id":"https:\/\/www.zerdab.com\/?p=12792","url":"https:\/\/www.zerdab.com\/?p=12792","name":"Z\u0259rdab Rayon \u018fhalinin Sosial M\u00fcdafi\u0259si M\u0259rk\u0259zi bayram sovqat\u0131 paylad\u0131 - Z\u0259rdab.com","isPartOf":{"@id":"https:\/\/www.zerdab.com\/#website"},"primaryImageOfPage":{"@id":"https:\/\/www.zerdab.com\/?p=12792#primaryimage"},"image":{"@id":"https:\/\/www.zerdab.com\/?p=12792#primaryimage"},"thumbnailUrl":"http:\/\/www.zerdab.com\/wp-content\/uploads\/2013\/10\/QURBAN-BAYRAMI-550x366.jpg","datePublished":"2013-10-16T08:26:55+00:00","author":{"@id":"https:\/\/www.zerdab.com\/#\/schema\/person\/97079b7570c1e89ec0d9e138c3672136"},"breadcrumb":{"@id":"https:\/\/www.zerdab.com\/?p=12792#breadcrumb"},"inLanguage":"az","potentialAction":[{"@type":"ReadAction","target":["https:\/\/www.zerdab.com\/?p=12792"]}]},{"@type":"ImageObject","inLanguage":"az","@id":"https:\/\/www.zerdab.com\/?p=12792#primaryimage","url":"","contentUrl":""},{"@type":"BreadcrumbList","@id":"https:\/\/www.zerdab.com\/?p=12792#breadcrumb","itemListElement":[{"@type":"ListItem","position":1,"name":"Home","item":"https:\/\/www.zerdab.com\/"},{"@type":"ListItem","position":2,"name":"Z\u0259rdab Rayon \u018fhalinin Sosial M\u00fcdafi\u0259si M\u0259rk\u0259zi bayram sovqat\u0131 paylad\u0131"}]},{"@type":"WebSite","@id":"https:\/\/www.zerdab.com\/#website","url":"https:\/\/www.zerdab.com\/","name":"Z\u0259rdab.com","description":"","potentialAction":[{"@type":"SearchAction","target":{"@type":"EntryPoint","urlTemplate":"https:\/\/www.zerdab.com\/?s={search_term_string}"},"query-input":{"@type":"PropertyValueSpecification","valueRequired":true,"valueName":"search_term_string"}}],"inLanguage":"az"},{"@type":"Person","@id":"https:\/\/www.zerdab.com\/#\/schema\/person\/97079b7570c1e89ec0d9e138c3672136","name":"admin","image":{"@type":"ImageObject","inLanguage":"az","@id":"https:\/\/www.zerdab.com\/#\/schema\/person\/image\/","url":"https:\/\/secure.gravatar.com\/avatar\/d9c52a9a27c32119cb6679a077fa3e2779e5f822c451cbf01098004361d466ec?s=96&d=mm&r=g","contentUrl":"https:\/\/secure.gravatar.com\/avatar\/d9c52a9a27c32119cb6679a077fa3e2779e5f822c451cbf01098004361d466ec?s=96&d=mm&r=g","caption":"admin"},"url":"https:\/\/www.zerdab.com\/?author=1"}]}},"_links":{"self":[{"href":"https:\/\/www.zerdab.com\/index.php?rest_route=\/wp\/v2\/posts\/12792","targetHints":{"allow":["GET"]}}],"collection":[{"href":"https:\/\/www.zerdab.com\/index.php?rest_route=\/wp\/v2\/posts"}],"about":[{"href":"https:\/\/www.zerdab.com\/index.php?rest_route=\/wp\/v2\/types\/post"}],"author":[{"embeddable":true,"href":"https:\/\/www.zerdab.com\/index.php?rest_route=\/wp\/v2\/users\/1"}],"replies":[{"embeddable":true,"href":"https:\/\/www.zerdab.com\/index.php?rest_route=%2Fwp%2Fv2%2Fcomments&post=12792"}],"version-history":[{"count":1,"href":"https:\/\/www.zerdab.com\/index.php?rest_route=\/wp\/v2\/posts\/12792\/revisions"}],"predecessor-version":[{"id":12796,"href":"https:\/\/www.zerdab.com\/index.php?rest_route=\/wp\/v2\/posts\/12792\/revisions\/12796"}],"wp:attachment":[{"href":"https:\/\/www.zerdab.com\/index.php?rest_route=%2Fwp%2Fv2%2Fmedia&parent=12792"}],"wp:term":[{"taxonomy":"category","embeddable":true,"href":"https:\/\/www.zerdab.com\/index.php?rest_route=%2Fwp%2Fv2%2Fcategories&post=12792"},{"taxonomy":"post_tag","embeddable":true,"href":"https:\/\/www.zerdab.com\/index.php?rest_route=%2Fwp%2Fv2%2Ftags&post=12792"}],"curies":[{"name":"wp","href":"https:\/\/api.w.org\/{rel}","templated":true}]}}