{"id":12810,"date":"2013-10-18T11:52:40","date_gmt":"2013-10-18T06:52:40","guid":{"rendered":"http:\/\/www.zerdab.com\/?p=12810"},"modified":"2013-10-18T11:53:16","modified_gmt":"2013-10-18T06:53:16","slug":"az%c9%99rbaycanin-dovl%c9%99t-must%c9%99qilliyi-gunu-z%c9%99rdabda-qeyd-edildi","status":"publish","type":"post","link":"https:\/\/www.zerdab.com\/?p=12810","title":{"rendered":"Az\u0259rbaycan\u0131n D\u00f6vl\u0259t M\u00fcst\u0259qilliyi G\u00fcn\u00fc Z\u0259rdabda qeyd edildi"},"content":{"rendered":"<p><img loading=\"lazy\" decoding=\"async\" class=\"aligncenter size-large wp-image-12812\" alt=\"18 oktyabr\" src=\"http:\/\/www.zerdab.com\/wp-content\/uploads\/2013\/10\/18-oktyabr--550x365.jpg\" width=\"550\" height=\"365\" \/>20-ci \u0259srin sonlar\u0131nda Sovet \u0130ttifaq\u0131n\u0131n s\u00fcquta u\u011frad\u0131lmas\u0131 n\u0259tic\u0259sind\u0259 Az\u0259rbaycan xalq\u0131 ikinci d\u0259f\u0259 m\u00fcst\u0259qillik bayra\u011f\u0131n\u0131 qald\u0131rd\u0131. Bu, xalq\u0131m\u0131z\u0131n siyasi tarixind\u0259 20-ci \u0259srd\u0259ki ikinci parlaq q\u0259l\u0259b\u0259si idi.\u00a0Az\u0259rbaycan Respublikas\u0131 Ali Sovetinin xalq\u0131n t\u0259l\u0259bi il\u0259 \u00e7a\u011f\u0131r\u0131lm\u0131\u015f n\u00f6vb\u0259d\u0259nk\u0259nar sessiyas\u0131nda 1991-ci il avqustun 30-da Az\u0259rbaycan Respublikas\u0131n\u0131n d\u00f6vl\u0259t m\u00fcst\u0259qilliyini b\u0259rpa etm\u0259k haqq\u0131nda b\u0259yannam\u0259 q\u0259bul edildi.\u00a0Az\u0259rbaycan Respublikas\u0131n\u0131n Ali Sovetinin h\u0259min ilin 18 oktyabr tarixli sessiyas\u0131nda \u201cAz\u0259rbaycan Respublikas\u0131n\u0131n D\u00f6vl\u0259t m\u00fcst\u0259qilliyi haqq\u0131nda\u201d Konstitusiya Akt\u0131 yekdillikl\u0259 q\u0259bul edildi.\u00a017 oktyabr 2013-c\u00fc il tarixd\u0259 Z\u0259rdab rayonunda M\u00fcst\u0259qillik g\u00fcn\u00fcn\u0259 h\u0259sr olunmu\u015f t\u0259dbir ke\u00e7irilib. T\u0259dbir i\u015ftirak\u00e7\u0131lar\u0131 \u0259vv\u0259lc\u0259 ulu \u00f6nd\u0259r Heyd\u0259r \u018fliyevin abid\u0259si \u00f6n\u00fcn\u0259 g\u00fcl d\u0259st\u0259l\u0259ri qoyublar.\u00a0Ax\u015fam saatlar\u0131nda \u015f\u0259h\u0259r m\u0259rk\u0259zind\u0259ki Heyd\u0259r \u018fliyev park\u0131nda ke\u00e7iril\u0259n b\u00f6y\u00fck bayram konserti t\u0259dbir i\u015ftirak\u00e7\u0131lar\u0131n\u0131n xo\u015f ovqat\u0131na s\u0259b\u0259b olub.<\/p>\n<p><b>Z\u0259rdab Rayon \u0130HB Aparat\u0131n\u0131n informasiya t\u0259minat\u0131 v\u0259 t\u0259hlil sektoru<img loading=\"lazy\" decoding=\"async\" class=\"aligncenter size-large wp-image-12814\" alt=\"18 oktyabr\" src=\"http:\/\/www.zerdab.com\/wp-content\/uploads\/2013\/10\/18-oktyabr-2-365x550.jpg\" width=\"365\" height=\"550\" \/><\/b><\/p>\n<p><img loading=\"lazy\" decoding=\"async\" class=\"aligncenter size-large wp-image-12811\" alt=\"18 oktyabr\" src=\"http:\/\/www.zerdab.com\/wp-content\/uploads\/2013\/10\/18-oktyabr-550x365.jpg\" width=\"550\" height=\"365\" \/><img loading=\"lazy\" decoding=\"async\" class=\"aligncenter size-large wp-image-12813\" alt=\"18 oktyabr\" src=\"http:\/\/www.zerdab.com\/wp-content\/uploads\/2013\/10\/18-oktyabr-1-550x365.jpg\" width=\"550\" height=\"365\" \/><img loading=\"lazy\" decoding=\"async\" class=\"aligncenter size-large wp-image-12815\" alt=\"18 oktyabr\" src=\"http:\/\/www.zerdab.com\/wp-content\/uploads\/2013\/10\/18-oktyabr-3-550x365.jpg\" width=\"550\" height=\"365\" \/><\/p>\n","protected":false},"excerpt":{"rendered":"<p>20-ci \u0259srin sonlar\u0131nda Sovet \u0130ttifaq\u0131n\u0131n s\u00fcquta u\u011frad\u0131lmas\u0131 n\u0259tic\u0259sind\u0259 Az\u0259rbaycan xalq\u0131 ikinci d\u0259f\u0259 m\u00fcst\u0259qillik bayra\u011f\u0131n\u0131 qald\u0131rd\u0131. Bu, xalq\u0131m\u0131z\u0131n siyasi tarixind\u0259 20-ci \u0259srd\u0259ki ikinci parlaq q\u0259l\u0259b\u0259si idi.\u00a0Az\u0259rbaycan Respublikas\u0131 Ali Sovetinin xalq\u0131n t\u0259l\u0259bi il\u0259 \u00e7a\u011f\u0131r\u0131lm\u0131\u015f n\u00f6vb\u0259d\u0259nk\u0259nar sessiyas\u0131nda 1991-ci il avqustun 30-da Az\u0259rbaycan Respublikas\u0131n\u0131n d\u00f6vl\u0259t m\u00fcst\u0259qilliyini b\u0259rpa etm\u0259k haqq\u0131nda b\u0259yannam\u0259 q\u0259bul edildi.\u00a0Az\u0259rbaycan Respublikas\u0131n\u0131n Ali Sovetinin h\u0259min ilin 18 oktyabr [&hellip;]<\/p>\n","protected":false},"author":1,"featured_media":0,"comment_status":"open","ping_status":"open","sticky":false,"template":"","format":"standard","meta":{"footnotes":""},"categories":[5],"tags":[],"class_list":{"0":"post-12810","1":"post","2":"type-post","3":"status-publish","4":"format-standard","6":"category-knd"},"yoast_head":"<!-- This site is optimized with the Yoast SEO plugin v27.0 - https:\/\/yoast.com\/product\/yoast-seo-wordpress\/ -->\n<title>Az\u0259rbaycan\u0131n D\u00f6vl\u0259t M\u00fcst\u0259qilliyi G\u00fcn\u00fc Z\u0259rdabda qeyd edildi - Z\u0259rdab.com<\/title>\n<meta name=\"robots\" content=\"index, follow, max-snippet:-1, max-image-preview:large, max-video-preview:-1\" \/>\n<link rel=\"canonical\" href=\"https:\/\/www.zerdab.com\/?p=12810\" \/>\n<meta property=\"og:locale\" content=\"az_AZ\" \/>\n<meta property=\"og:type\" content=\"article\" \/>\n<meta property=\"og:title\" content=\"Az\u0259rbaycan\u0131n D\u00f6vl\u0259t M\u00fcst\u0259qilliyi G\u00fcn\u00fc Z\u0259rdabda qeyd edildi - Z\u0259rdab.com\" \/>\n<meta property=\"og:description\" content=\"20-ci \u0259srin sonlar\u0131nda Sovet \u0130ttifaq\u0131n\u0131n s\u00fcquta u\u011frad\u0131lmas\u0131 n\u0259tic\u0259sind\u0259 Az\u0259rbaycan xalq\u0131 ikinci d\u0259f\u0259 m\u00fcst\u0259qillik bayra\u011f\u0131n\u0131 qald\u0131rd\u0131. Bu, xalq\u0131m\u0131z\u0131n siyasi tarixind\u0259 20-ci \u0259srd\u0259ki ikinci parlaq q\u0259l\u0259b\u0259si idi.\u00a0Az\u0259rbaycan Respublikas\u0131 Ali Sovetinin xalq\u0131n t\u0259l\u0259bi il\u0259 \u00e7a\u011f\u0131r\u0131lm\u0131\u015f n\u00f6vb\u0259d\u0259nk\u0259nar sessiyas\u0131nda 1991-ci il avqustun 30-da Az\u0259rbaycan Respublikas\u0131n\u0131n d\u00f6vl\u0259t m\u00fcst\u0259qilliyini b\u0259rpa etm\u0259k haqq\u0131nda b\u0259yannam\u0259 q\u0259bul edildi.\u00a0Az\u0259rbaycan Respublikas\u0131n\u0131n Ali Sovetinin h\u0259min ilin 18 oktyabr [&hellip;]\" \/>\n<meta property=\"og:url\" content=\"https:\/\/www.zerdab.com\/?p=12810\" \/>\n<meta property=\"og:site_name\" content=\"Z\u0259rdab.com\" \/>\n<meta property=\"article:published_time\" content=\"2013-10-18T06:52:40+00:00\" \/>\n<meta property=\"article:modified_time\" content=\"2013-10-18T06:53:16+00:00\" \/>\n<meta property=\"og:image\" content=\"http:\/\/www.zerdab.com\/wp-content\/uploads\/2013\/10\/18-oktyabr--550x365.jpg\" \/>\n<meta name=\"author\" content=\"admin\" \/>\n<meta name=\"twitter:card\" content=\"summary_large_image\" \/>\n<meta name=\"twitter:label1\" content=\"Written by\" \/>\n\t<meta name=\"twitter:data1\" content=\"admin\" \/>\n\t<meta name=\"twitter:label2\" content=\"Est. reading time\" \/>\n\t<meta name=\"twitter:data2\" content=\"1 minute\" \/>\n<script type=\"application\/ld+json\" class=\"yoast-schema-graph\">{\"@context\":\"https:\/\/schema.org\",\"@graph\":[{\"@type\":\"Article\",\"@id\":\"https:\/\/www.zerdab.com\/?p=12810#article\",\"isPartOf\":{\"@id\":\"https:\/\/www.zerdab.com\/?p=12810\"},\"author\":{\"name\":\"admin\",\"@id\":\"https:\/\/www.zerdab.com\/#\/schema\/person\/97079b7570c1e89ec0d9e138c3672136\"},\"headline\":\"Az\u0259rbaycan\u0131n D\u00f6vl\u0259t M\u00fcst\u0259qilliyi G\u00fcn\u00fc Z\u0259rdabda qeyd edildi\",\"datePublished\":\"2013-10-18T06:52:40+00:00\",\"dateModified\":\"2013-10-18T06:53:16+00:00\",\"mainEntityOfPage\":{\"@id\":\"https:\/\/www.zerdab.com\/?p=12810\"},\"wordCount\":236,\"commentCount\":0,\"image\":{\"@id\":\"https:\/\/www.zerdab.com\/?p=12810#primaryimage\"},\"thumbnailUrl\":\"http:\/\/www.zerdab.com\/wp-content\/uploads\/2013\/10\/18-oktyabr--550x365.jpg\",\"articleSection\":[\"X\u018fB\u018fRL\u018fR\"],\"inLanguage\":\"az\",\"potentialAction\":[{\"@type\":\"CommentAction\",\"name\":\"Comment\",\"target\":[\"https:\/\/www.zerdab.com\/?p=12810#respond\"]}]},{\"@type\":\"WebPage\",\"@id\":\"https:\/\/www.zerdab.com\/?p=12810\",\"url\":\"https:\/\/www.zerdab.com\/?p=12810\",\"name\":\"Az\u0259rbaycan\u0131n D\u00f6vl\u0259t M\u00fcst\u0259qilliyi G\u00fcn\u00fc Z\u0259rdabda qeyd edildi - Z\u0259rdab.com\",\"isPartOf\":{\"@id\":\"https:\/\/www.zerdab.com\/#website\"},\"primaryImageOfPage\":{\"@id\":\"https:\/\/www.zerdab.com\/?p=12810#primaryimage\"},\"image\":{\"@id\":\"https:\/\/www.zerdab.com\/?p=12810#primaryimage\"},\"thumbnailUrl\":\"http:\/\/www.zerdab.com\/wp-content\/uploads\/2013\/10\/18-oktyabr--550x365.jpg\",\"datePublished\":\"2013-10-18T06:52:40+00:00\",\"dateModified\":\"2013-10-18T06:53:16+00:00\",\"author\":{\"@id\":\"https:\/\/www.zerdab.com\/#\/schema\/person\/97079b7570c1e89ec0d9e138c3672136\"},\"breadcrumb\":{\"@id\":\"https:\/\/www.zerdab.com\/?p=12810#breadcrumb\"},\"inLanguage\":\"az\",\"potentialAction\":[{\"@type\":\"ReadAction\",\"target\":[\"https:\/\/www.zerdab.com\/?p=12810\"]}]},{\"@type\":\"ImageObject\",\"inLanguage\":\"az\",\"@id\":\"https:\/\/www.zerdab.com\/?p=12810#primaryimage\",\"url\":\"\",\"contentUrl\":\"\"},{\"@type\":\"BreadcrumbList\",\"@id\":\"https:\/\/www.zerdab.com\/?p=12810#breadcrumb\",\"itemListElement\":[{\"@type\":\"ListItem\",\"position\":1,\"name\":\"Home\",\"item\":\"https:\/\/www.zerdab.com\/\"},{\"@type\":\"ListItem\",\"position\":2,\"name\":\"Az\u0259rbaycan\u0131n D\u00f6vl\u0259t M\u00fcst\u0259qilliyi G\u00fcn\u00fc Z\u0259rdabda qeyd edildi\"}]},{\"@type\":\"WebSite\",\"@id\":\"https:\/\/www.zerdab.com\/#website\",\"url\":\"https:\/\/www.zerdab.com\/\",\"name\":\"Z\u0259rdab.com\",\"description\":\"\",\"potentialAction\":[{\"@type\":\"SearchAction\",\"target\":{\"@type\":\"EntryPoint\",\"urlTemplate\":\"https:\/\/www.zerdab.com\/?s={search_term_string}\"},\"query-input\":{\"@type\":\"PropertyValueSpecification\",\"valueRequired\":true,\"valueName\":\"search_term_string\"}}],\"inLanguage\":\"az\"},{\"@type\":\"Person\",\"@id\":\"https:\/\/www.zerdab.com\/#\/schema\/person\/97079b7570c1e89ec0d9e138c3672136\",\"name\":\"admin\",\"image\":{\"@type\":\"ImageObject\",\"inLanguage\":\"az\",\"@id\":\"https:\/\/www.zerdab.com\/#\/schema\/person\/image\/\",\"url\":\"https:\/\/secure.gravatar.com\/avatar\/d9c52a9a27c32119cb6679a077fa3e2779e5f822c451cbf01098004361d466ec?s=96&d=mm&r=g\",\"contentUrl\":\"https:\/\/secure.gravatar.com\/avatar\/d9c52a9a27c32119cb6679a077fa3e2779e5f822c451cbf01098004361d466ec?s=96&d=mm&r=g\",\"caption\":\"admin\"},\"url\":\"https:\/\/www.zerdab.com\/?author=1\"}]}<\/script>\n<!-- \/ Yoast SEO plugin. -->","yoast_head_json":{"title":"Az\u0259rbaycan\u0131n D\u00f6vl\u0259t M\u00fcst\u0259qilliyi G\u00fcn\u00fc Z\u0259rdabda qeyd edildi - Z\u0259rdab.com","robots":{"index":"index","follow":"follow","max-snippet":"max-snippet:-1","max-image-preview":"max-image-preview:large","max-video-preview":"max-video-preview:-1"},"canonical":"https:\/\/www.zerdab.com\/?p=12810","og_locale":"az_AZ","og_type":"article","og_title":"Az\u0259rbaycan\u0131n D\u00f6vl\u0259t M\u00fcst\u0259qilliyi G\u00fcn\u00fc Z\u0259rdabda qeyd edildi - Z\u0259rdab.com","og_description":"20-ci \u0259srin sonlar\u0131nda Sovet \u0130ttifaq\u0131n\u0131n s\u00fcquta u\u011frad\u0131lmas\u0131 n\u0259tic\u0259sind\u0259 Az\u0259rbaycan xalq\u0131 ikinci d\u0259f\u0259 m\u00fcst\u0259qillik bayra\u011f\u0131n\u0131 qald\u0131rd\u0131. Bu, xalq\u0131m\u0131z\u0131n siyasi tarixind\u0259 20-ci \u0259srd\u0259ki ikinci parlaq q\u0259l\u0259b\u0259si idi.\u00a0Az\u0259rbaycan Respublikas\u0131 Ali Sovetinin xalq\u0131n t\u0259l\u0259bi il\u0259 \u00e7a\u011f\u0131r\u0131lm\u0131\u015f n\u00f6vb\u0259d\u0259nk\u0259nar sessiyas\u0131nda 1991-ci il avqustun 30-da Az\u0259rbaycan Respublikas\u0131n\u0131n d\u00f6vl\u0259t m\u00fcst\u0259qilliyini b\u0259rpa etm\u0259k haqq\u0131nda b\u0259yannam\u0259 q\u0259bul edildi.\u00a0Az\u0259rbaycan Respublikas\u0131n\u0131n Ali Sovetinin h\u0259min ilin 18 oktyabr [&hellip;]","og_url":"https:\/\/www.zerdab.com\/?p=12810","og_site_name":"Z\u0259rdab.com","article_published_time":"2013-10-18T06:52:40+00:00","article_modified_time":"2013-10-18T06:53:16+00:00","og_image":[{"url":"http:\/\/www.zerdab.com\/wp-content\/uploads\/2013\/10\/18-oktyabr--550x365.jpg","type":"","width":"","height":""}],"author":"admin","twitter_card":"summary_large_image","twitter_misc":{"Written by":"admin","Est. reading time":"1 minute"},"schema":{"@context":"https:\/\/schema.org","@graph":[{"@type":"Article","@id":"https:\/\/www.zerdab.com\/?p=12810#article","isPartOf":{"@id":"https:\/\/www.zerdab.com\/?p=12810"},"author":{"name":"admin","@id":"https:\/\/www.zerdab.com\/#\/schema\/person\/97079b7570c1e89ec0d9e138c3672136"},"headline":"Az\u0259rbaycan\u0131n D\u00f6vl\u0259t M\u00fcst\u0259qilliyi G\u00fcn\u00fc Z\u0259rdabda qeyd edildi","datePublished":"2013-10-18T06:52:40+00:00","dateModified":"2013-10-18T06:53:16+00:00","mainEntityOfPage":{"@id":"https:\/\/www.zerdab.com\/?p=12810"},"wordCount":236,"commentCount":0,"image":{"@id":"https:\/\/www.zerdab.com\/?p=12810#primaryimage"},"thumbnailUrl":"http:\/\/www.zerdab.com\/wp-content\/uploads\/2013\/10\/18-oktyabr--550x365.jpg","articleSection":["X\u018fB\u018fRL\u018fR"],"inLanguage":"az","potentialAction":[{"@type":"CommentAction","name":"Comment","target":["https:\/\/www.zerdab.com\/?p=12810#respond"]}]},{"@type":"WebPage","@id":"https:\/\/www.zerdab.com\/?p=12810","url":"https:\/\/www.zerdab.com\/?p=12810","name":"Az\u0259rbaycan\u0131n D\u00f6vl\u0259t M\u00fcst\u0259qilliyi G\u00fcn\u00fc Z\u0259rdabda qeyd edildi - Z\u0259rdab.com","isPartOf":{"@id":"https:\/\/www.zerdab.com\/#website"},"primaryImageOfPage":{"@id":"https:\/\/www.zerdab.com\/?p=12810#primaryimage"},"image":{"@id":"https:\/\/www.zerdab.com\/?p=12810#primaryimage"},"thumbnailUrl":"http:\/\/www.zerdab.com\/wp-content\/uploads\/2013\/10\/18-oktyabr--550x365.jpg","datePublished":"2013-10-18T06:52:40+00:00","dateModified":"2013-10-18T06:53:16+00:00","author":{"@id":"https:\/\/www.zerdab.com\/#\/schema\/person\/97079b7570c1e89ec0d9e138c3672136"},"breadcrumb":{"@id":"https:\/\/www.zerdab.com\/?p=12810#breadcrumb"},"inLanguage":"az","potentialAction":[{"@type":"ReadAction","target":["https:\/\/www.zerdab.com\/?p=12810"]}]},{"@type":"ImageObject","inLanguage":"az","@id":"https:\/\/www.zerdab.com\/?p=12810#primaryimage","url":"","contentUrl":""},{"@type":"BreadcrumbList","@id":"https:\/\/www.zerdab.com\/?p=12810#breadcrumb","itemListElement":[{"@type":"ListItem","position":1,"name":"Home","item":"https:\/\/www.zerdab.com\/"},{"@type":"ListItem","position":2,"name":"Az\u0259rbaycan\u0131n D\u00f6vl\u0259t M\u00fcst\u0259qilliyi G\u00fcn\u00fc Z\u0259rdabda qeyd edildi"}]},{"@type":"WebSite","@id":"https:\/\/www.zerdab.com\/#website","url":"https:\/\/www.zerdab.com\/","name":"Z\u0259rdab.com","description":"","potentialAction":[{"@type":"SearchAction","target":{"@type":"EntryPoint","urlTemplate":"https:\/\/www.zerdab.com\/?s={search_term_string}"},"query-input":{"@type":"PropertyValueSpecification","valueRequired":true,"valueName":"search_term_string"}}],"inLanguage":"az"},{"@type":"Person","@id":"https:\/\/www.zerdab.com\/#\/schema\/person\/97079b7570c1e89ec0d9e138c3672136","name":"admin","image":{"@type":"ImageObject","inLanguage":"az","@id":"https:\/\/www.zerdab.com\/#\/schema\/person\/image\/","url":"https:\/\/secure.gravatar.com\/avatar\/d9c52a9a27c32119cb6679a077fa3e2779e5f822c451cbf01098004361d466ec?s=96&d=mm&r=g","contentUrl":"https:\/\/secure.gravatar.com\/avatar\/d9c52a9a27c32119cb6679a077fa3e2779e5f822c451cbf01098004361d466ec?s=96&d=mm&r=g","caption":"admin"},"url":"https:\/\/www.zerdab.com\/?author=1"}]}},"_links":{"self":[{"href":"https:\/\/www.zerdab.com\/index.php?rest_route=\/wp\/v2\/posts\/12810","targetHints":{"allow":["GET"]}}],"collection":[{"href":"https:\/\/www.zerdab.com\/index.php?rest_route=\/wp\/v2\/posts"}],"about":[{"href":"https:\/\/www.zerdab.com\/index.php?rest_route=\/wp\/v2\/types\/post"}],"author":[{"embeddable":true,"href":"https:\/\/www.zerdab.com\/index.php?rest_route=\/wp\/v2\/users\/1"}],"replies":[{"embeddable":true,"href":"https:\/\/www.zerdab.com\/index.php?rest_route=%2Fwp%2Fv2%2Fcomments&post=12810"}],"version-history":[{"count":2,"href":"https:\/\/www.zerdab.com\/index.php?rest_route=\/wp\/v2\/posts\/12810\/revisions"}],"predecessor-version":[{"id":12817,"href":"https:\/\/www.zerdab.com\/index.php?rest_route=\/wp\/v2\/posts\/12810\/revisions\/12817"}],"wp:attachment":[{"href":"https:\/\/www.zerdab.com\/index.php?rest_route=%2Fwp%2Fv2%2Fmedia&parent=12810"}],"wp:term":[{"taxonomy":"category","embeddable":true,"href":"https:\/\/www.zerdab.com\/index.php?rest_route=%2Fwp%2Fv2%2Fcategories&post=12810"},{"taxonomy":"post_tag","embeddable":true,"href":"https:\/\/www.zerdab.com\/index.php?rest_route=%2Fwp%2Fv2%2Ftags&post=12810"}],"curies":[{"name":"wp","href":"https:\/\/api.w.org\/{rel}","templated":true}]}}