{"id":12883,"date":"2013-10-22T20:04:27","date_gmt":"2013-10-22T15:04:27","guid":{"rendered":"http:\/\/www.zerdab.com\/?p=12883"},"modified":"2013-10-22T21:30:41","modified_gmt":"2013-10-22T16:30:41","slug":"az%c9%99rbaycan-nazirl%c9%99r-kabinetinin-yeni-t%c9%99rkibi-aciqlandi-yeni-t%c9%99yinatlar","status":"publish","type":"post","link":"https:\/\/www.zerdab.com\/?p=12883","title":{"rendered":"Nazirl\u0259r Kabinetinin yeni t\u0259rkibi a\u00e7\u0131qland\u0131; YEN\u0130 T\u018fY\u0130NATLAR"},"content":{"rendered":"<p><b><i><img loading=\"lazy\" decoding=\"async\" class=\"alignleft size-medium wp-image-11517\" alt=\"Prezident \u0130lham \u018fliyev\" src=\"http:\/\/www.zerdab.com\/wp-content\/uploads\/2013\/08\/s\u0259r\u0259ncam-400x299.jpg\" width=\"400\" height=\"299\" \/>Daxili Qo\u015funlar\u0131n komandan\u0131 Zakir H\u0259s\u0259nov m\u00fcdafi\u0259 naziri t\u0259yin olunub, ba\u015fqa d\u0259yi\u015fiklikl\u0259r d\u0259 var.<\/i><\/b><\/p>\n<p>Prezident \u0130lham \u018fliyev Az\u0259rbaycan Respublikas\u0131 Nazirl\u0259r Kabinetinin yeni t\u0259rkibi haqq\u0131nda s\u0259r\u0259ncam imzalay\u0131b. Zerdab.com sayt\u0131n\u0131n x\u0259b\u0259rin\u0259 g\u00f6r\u0259, s\u0259r\u0259ncamda deyilir:<\/p>\n<p>1. Az\u0259rbaycan Respublikas\u0131 Nazirl\u0259r Kabinetinin \u00fczvl\u0259ri a\u015fa\u011f\u0131dak\u0131 \u015f\u0259xsl\u0259r t\u0259yin edilsinl\u0259r:<\/p>\n<p>1.1. Az\u0259rbaycan Respublikas\u0131 Ba\u015f nazirinin birinci m\u00fcavini \u2013 Yaqub Abdulla o\u011flu Eyyubov;<br \/>\n1.2. Az\u0259rbaycan Respublikas\u0131 Ba\u015f nazirinin m\u00fcavini \u2013 Abid Qoca o\u011flu \u015e\u0259rifov;<br \/>\n1.3. Az\u0259rbaycan Respublikas\u0131 Ba\u015f nazirinin m\u00fcavini \u2013 El\u00e7in \u0130lyas o\u011flu \u018ff\u0259ndiyev;<br \/>\n1.4. Az\u0259rbaycan Respublikas\u0131 Ba\u015f nazirinin m\u00fcavini \u2013 \u018fli Cavad o\u011flu \u018fhm\u0259dov;<br \/>\n1.5. Az\u0259rbaycan Respublikas\u0131 Ba\u015f nazirinin m\u00fcavini, Az\u0259rbaycan Respublikas\u0131 Qa\u00e7q\u0131nlar\u0131n v\u0259 M\u0259cburi K\u00f6\u00e7k\u00fcnl\u0259rin \u0130\u015fl\u0259ri \u00fczr\u0259 D\u00f6vl\u0259t Komit\u0259sinin s\u0259dri \u2013 \u018fli \u015eamil o\u011flu H\u0259s\u0259nov;<br \/>\n1.6. Az\u0259rbaycan Respublikas\u0131 Ba\u015f nazirinin m\u00fcavini \u2013 \u0130sm\u0259t Dursun o\u011flu Abasov;<br \/>\n1.7. Az\u0259rbaycan Respublikas\u0131n\u0131n daxili i\u015fl\u0259r naziri \u2013 Ramil \u0130dris o\u011flu Usubov;<br \/>\n1.8. Az\u0259rbaycan Respublikas\u0131n\u0131n ekologiya v\u0259 t\u0259bii s\u0259rv\u0259tl\u0259r naziri \u2013 H\u00fcseynqulu Seyid o\u011flu Ba\u011f\u0131rov;<br \/>\n1.9. Az\u0259rbaycan Respublikas\u0131n\u0131n energetika naziri \u2013 Natiq A\u011fa\u0259mi o\u011flu \u018fliyev;<br \/>\n1.10. Az\u0259rbaycan Respublikas\u0131n\u0131n \u0259dliyy\u0259 naziri \u2013 Fikr\u0259t F\u0259rrux o\u011flu M\u0259mm\u0259dov;<br \/>\n1.11. Az\u0259rbaycan Respublikas\u0131n\u0131n \u0259m\u0259k v\u0259 \u0259halinin sosial m\u00fcdafi\u0259si naziri \u2013 S\u0259lim Yanvar o\u011flu M\u00fcsl\u00fcmov;<br \/>\n1.12. Az\u0259rbaycan Respublikas\u0131n\u0131n f\u00f6vq\u0259lad\u0259 hallar naziri \u2013 K\u0259mal\u0259ddin F\u0259ttah o\u011flu Heyd\u0259rov;<br \/>\n1.13. Az\u0259rbaycan Respublikas\u0131n\u0131n g\u0259ncl\u0259r v\u0259 idman naziri \u2013 Azad Arif o\u011flu R\u0259himov;<br \/>\n1.14. Az\u0259rbaycan Respublikas\u0131n\u0131n xarici i\u015fl\u0259r naziri \u2013 Elmar M\u0259h\u0259rr\u0259m o\u011flu M\u0259mm\u0259dyarov;<br \/>\n1.15. Az\u0259rbaycan Respublikas\u0131n\u0131n iqtisadiyyat v\u0259 s\u0259naye naziri \u2013 \u015eahin Abdulla o\u011flu Mustafayev;<br \/>\n1.16. Az\u0259rbaycan Respublikas\u0131n\u0131n k\u0259nd t\u0259s\u0259rr\u00fcfat\u0131 naziri \u2013 Heyd\u0259r Xan\u0131\u015f o\u011flu \u018fs\u0259dov;<br \/>\n1.17. Az\u0259rbaycan Respublikas\u0131n\u0131n maliyy\u0259 naziri \u2013 Samir Rauf o\u011flu \u015e\u0259rifov;<br \/>\n1.18. Az\u0259rbaycan Respublikas\u0131n\u0131n m\u0259d\u0259niyy\u0259t v\u0259 turizm naziri \u2013 \u018fb\u00fclf\u0259z M\u00fcrs\u0259l o\u011flu Qarayev;<br \/>\n1.19. Az\u0259rbaycan Respublikas\u0131n\u0131n milli t\u0259hl\u00fck\u0259sizlik naziri \u2013 Eldar \u018fhm\u0259d o\u011flu Mahmudov;<br \/>\n1.20. Az\u0259rbaycan Respublikas\u0131n\u0131n m\u00fcdafi\u0259 naziri \u2013 Zakir \u018fsg\u0259r o\u011flu H\u0259s\u0259nov;<br \/>\n1.21. Az\u0259rbaycan Respublikas\u0131n\u0131n m\u00fcdafi\u0259 s\u0259nayesi naziri \u2013 Yav\u0259r Tal\u0131b o\u011flu Camalov;<br \/>\n1.22. Az\u0259rbaycan Respublikas\u0131n\u0131n n\u0259qliyyat naziri \u2013 Ziya \u018frzuman o\u011flu M\u0259mm\u0259dov;<br \/>\n1.23. Az\u0259rbaycan Respublikas\u0131n\u0131n rabit\u0259 v\u0259 informasiya texnologiyalar\u0131 naziri \u2013 \u018fli M\u0259mm\u0259d o\u011flu Abbasov;<br \/>\n1.24. Az\u0259rbaycan Respublikas\u0131n\u0131n s\u0259hiyy\u0259 naziri \u2013 Oqtay Kaz\u0131m o\u011flu \u015eir\u0259liyev;<br \/>\n1.25. Az\u0259rbaycan Respublikas\u0131n\u0131n t\u0259hsil naziri \u2013 Mikay\u0131l \u00c7ingiz o\u011flu Cabbarov;<br \/>\n1.26. Az\u0259rbaycan Respublikas\u0131n\u0131n vergil\u0259r naziri \u2013 Fazil \u018fs\u0259d o\u011flu M\u0259mm\u0259dov;<br \/>\n1.27. Az\u0259rbaycan Respublikas\u0131n\u0131n Ail\u0259, Qad\u0131n v\u0259 U\u015faq Probleml\u0259ri \u00fczr\u0259 D\u00f6vl\u0259t Komit\u0259sinin s\u0259dri \u2013 Hicran Kamran q\u0131z\u0131 H\u00fcseynova;<br \/>\n1.28. Az\u0259rbaycan Respublikas\u0131n\u0131n Diaspor il\u0259 \u0130\u015f \u00fczr\u0259 D\u00f6vl\u0259t Komit\u0259sinin s\u0259dri \u2013 Nazim H\u00fcseyn o\u011flu \u0130brahimov;<br \/>\n1.29. Az\u0259rbaycan Respublikas\u0131n\u0131n Dini Qurumlarla \u0130\u015f \u00fczr\u0259 D\u00f6vl\u0259t Komit\u0259sinin s\u0259dri \u2013 El\u015fad H\u00fcseyn o\u011flu \u0130sk\u0259nd\u0259rov;<br \/>\n1.30. Az\u0259rbaycan Respublikas\u0131n\u0131n D\u00f6vl\u0259t G\u00f6mr\u00fck Komit\u0259sinin s\u0259dri \u2013 Ayd\u0131n \u018fli o\u011flu \u018fliyev;<br \/>\n1.31. Az\u0259rbaycan Respublikas\u0131n\u0131n D\u00f6vl\u0259t Statistika Komit\u0259sinin s\u0259dri \u2013 Arif Mikay\u0131l o\u011flu V\u0259liyev;<br \/>\n1.32. Az\u0259rbaycan Respublikas\u0131n\u0131n D\u00f6vl\u0259t \u015e\u0259h\u0259rsalma v\u0259 Arxitektura Komit\u0259sinin s\u0259dri \u2013 Abbas Abbas o\u011flu \u018fl\u0259sg\u0259rov;<br \/>\n1.33. Az\u0259rbaycan Respublikas\u0131n\u0131n D\u00f6vl\u0259t Torpaq v\u0259 X\u0259rit\u0259\u00e7\u0259km\u0259 Komit\u0259sinin s\u0259dri \u2013 Q\u0259rib \u015eamil o\u011flu M\u0259mm\u0259dov;<br \/>\n1.34. Az\u0259rbaycan Respublikas\u0131n\u0131n \u018fmlak M\u0259s\u0259l\u0259l\u0259ri D\u00f6vl\u0259t Komit\u0259sinin s\u0259dri \u2013 K\u0259r\u0259m \u018fv\u0259z o\u011flu H\u0259s\u0259nov;<br \/>\n1.35. Az\u0259rbaycan Respublikas\u0131n\u0131n Qiym\u0259tli Ka\u011f\u0131zlar \u00fczr\u0259 D\u00f6vl\u0259t Komit\u0259sinin s\u0259dri \u2013 R\u00fcf\u0259t C\u0259bray\u0131l o\u011flu Aslanl\u0131;<br \/>\n1.36. Az\u0259rbaycan Respublikas\u0131n\u0131n Standartla\u015fd\u0131rma, Metrologiya v\u0259 Patent \u00fczr\u0259 D\u00f6vl\u0259t Komit\u0259sinin s\u0259dri \u2013 Ramiz Ayvaz o\u011flu H\u0259s\u0259nov;<br \/>\n1.37. Az\u0259rbaycan Respublikas\u0131n\u0131n D\u00f6vl\u0259t Miqrasiya Xidm\u0259tinin r\u0259isi \u2013 Firudin Hilal o\u011flu N\u0259biyev;<br \/>\n1.38. Az\u0259rbaycan Respublikas\u0131n\u0131n D\u00f6vl\u0259t S\u0259rh\u0259d Xidm\u0259tinin r\u0259isi \u2013 El\u00e7in \u0130sa\u011fa o\u011flu Quliyev;<br \/>\n1.39. Az\u0259rbaycan Respublikas\u0131n\u0131n S\u0259f\u0259rb\u0259rlik v\u0259 H\u0259rbi Xidm\u0259t\u0259 \u00c7a\u011f\u0131r\u0131\u015f \u00fczr\u0259 D\u00f6vl\u0259t Xidm\u0259tinin r\u0259isi \u2013 Arzu Yusif o\u011flu R\u0259himov;<br \/>\n1.40. Az\u0259rbaycan Respublikas\u0131n\u0131n D\u00f6vl\u0259t D\u0259niz Administrasiyas\u0131n\u0131n r\u0259isi \u2013 Q\u00fcdr\u0259t Q\u0259mb\u0259r o\u011flu Qurbanov;<br \/>\n1.41. Az\u0259rbaycan Respublikas\u0131n\u0131n D\u00f6vl\u0259t M\u00fclki Aviasiya Administrasiyas\u0131n\u0131n direktoru \u2013 Fuad Hiday\u0259t o\u011flu Quliyev;<br \/>\n1.42. Az\u0259rbaycan Respublikas\u0131n\u0131n Milli Arxiv \u0130dar\u0259sinin r\u0259isi \u2013 Ataxan \u018fv\u0259z o\u011flu Pa\u015fayev.<br \/>\n2. Bu s\u0259r\u0259ncam imzaland\u0131\u011f\u0131 g\u00fcnd\u0259n q\u00fcvv\u0259y\u0259 minir.<\/p>\n","protected":false},"excerpt":{"rendered":"<p>Daxili Qo\u015funlar\u0131n komandan\u0131 Zakir H\u0259s\u0259nov m\u00fcdafi\u0259 naziri t\u0259yin olunub, ba\u015fqa d\u0259yi\u015fiklikl\u0259r d\u0259 var. Prezident \u0130lham \u018fliyev Az\u0259rbaycan Respublikas\u0131 Nazirl\u0259r Kabinetinin yeni t\u0259rkibi haqq\u0131nda s\u0259r\u0259ncam imzalay\u0131b. Zerdab.com sayt\u0131n\u0131n x\u0259b\u0259rin\u0259 g\u00f6r\u0259, s\u0259r\u0259ncamda deyilir: 1. Az\u0259rbaycan Respublikas\u0131 Nazirl\u0259r Kabinetinin \u00fczvl\u0259ri a\u015fa\u011f\u0131dak\u0131 \u015f\u0259xsl\u0259r t\u0259yin edilsinl\u0259r: 1.1. Az\u0259rbaycan Respublikas\u0131 Ba\u015f nazirinin birinci m\u00fcavini \u2013 Yaqub Abdulla o\u011flu Eyyubov; 1.2. Az\u0259rbaycan [&hellip;]<\/p>\n","protected":false},"author":1,"featured_media":0,"comment_status":"open","ping_status":"open","sticky":false,"template":"","format":"standard","meta":{"footnotes":""},"categories":[5],"tags":[],"class_list":{"0":"post-12883","1":"post","2":"type-post","3":"status-publish","4":"format-standard","6":"category-knd"},"yoast_head":"<!-- This site is optimized with the Yoast SEO plugin v27.0 - https:\/\/yoast.com\/product\/yoast-seo-wordpress\/ -->\n<title>Nazirl\u0259r Kabinetinin yeni t\u0259rkibi a\u00e7\u0131qland\u0131; YEN\u0130 T\u018fY\u0130NATLAR - Z\u0259rdab.com<\/title>\n<meta name=\"robots\" content=\"index, follow, max-snippet:-1, max-image-preview:large, max-video-preview:-1\" \/>\n<link rel=\"canonical\" href=\"https:\/\/www.zerdab.com\/?p=12883\" \/>\n<meta property=\"og:locale\" content=\"az_AZ\" \/>\n<meta property=\"og:type\" content=\"article\" \/>\n<meta property=\"og:title\" content=\"Nazirl\u0259r Kabinetinin yeni t\u0259rkibi a\u00e7\u0131qland\u0131; YEN\u0130 T\u018fY\u0130NATLAR - Z\u0259rdab.com\" \/>\n<meta property=\"og:description\" content=\"Daxili Qo\u015funlar\u0131n komandan\u0131 Zakir H\u0259s\u0259nov m\u00fcdafi\u0259 naziri t\u0259yin olunub, ba\u015fqa d\u0259yi\u015fiklikl\u0259r d\u0259 var. Prezident \u0130lham \u018fliyev Az\u0259rbaycan Respublikas\u0131 Nazirl\u0259r Kabinetinin yeni t\u0259rkibi haqq\u0131nda s\u0259r\u0259ncam imzalay\u0131b. Zerdab.com sayt\u0131n\u0131n x\u0259b\u0259rin\u0259 g\u00f6r\u0259, s\u0259r\u0259ncamda deyilir: 1. Az\u0259rbaycan Respublikas\u0131 Nazirl\u0259r Kabinetinin \u00fczvl\u0259ri a\u015fa\u011f\u0131dak\u0131 \u015f\u0259xsl\u0259r t\u0259yin edilsinl\u0259r: 1.1. Az\u0259rbaycan Respublikas\u0131 Ba\u015f nazirinin birinci m\u00fcavini \u2013 Yaqub Abdulla o\u011flu Eyyubov; 1.2. Az\u0259rbaycan [&hellip;]\" \/>\n<meta property=\"og:url\" content=\"https:\/\/www.zerdab.com\/?p=12883\" \/>\n<meta property=\"og:site_name\" content=\"Z\u0259rdab.com\" \/>\n<meta property=\"article:published_time\" content=\"2013-10-22T15:04:27+00:00\" \/>\n<meta property=\"article:modified_time\" content=\"2013-10-22T16:30:41+00:00\" \/>\n<meta name=\"author\" content=\"admin\" \/>\n<meta name=\"twitter:card\" content=\"summary_large_image\" \/>\n<meta name=\"twitter:label1\" content=\"Written by\" \/>\n\t<meta name=\"twitter:data1\" content=\"admin\" \/>\n\t<meta name=\"twitter:label2\" content=\"Est. reading time\" \/>\n\t<meta name=\"twitter:data2\" content=\"5 minutes\" \/>\n<script type=\"application\/ld+json\" class=\"yoast-schema-graph\">{\"@context\":\"https:\/\/schema.org\",\"@graph\":[{\"@type\":\"Article\",\"@id\":\"https:\/\/www.zerdab.com\/?p=12883#article\",\"isPartOf\":{\"@id\":\"https:\/\/www.zerdab.com\/?p=12883\"},\"author\":{\"name\":\"admin\",\"@id\":\"https:\/\/www.zerdab.com\/#\/schema\/person\/97079b7570c1e89ec0d9e138c3672136\"},\"headline\":\"Nazirl\u0259r Kabinetinin yeni t\u0259rkibi a\u00e7\u0131qland\u0131; YEN\u0130 T\u018fY\u0130NATLAR\",\"datePublished\":\"2013-10-22T15:04:27+00:00\",\"dateModified\":\"2013-10-22T16:30:41+00:00\",\"mainEntityOfPage\":{\"@id\":\"https:\/\/www.zerdab.com\/?p=12883\"},\"wordCount\":913,\"commentCount\":0,\"articleSection\":[\"X\u018fB\u018fRL\u018fR\"],\"inLanguage\":\"az\",\"potentialAction\":[{\"@type\":\"CommentAction\",\"name\":\"Comment\",\"target\":[\"https:\/\/www.zerdab.com\/?p=12883#respond\"]}]},{\"@type\":\"WebPage\",\"@id\":\"https:\/\/www.zerdab.com\/?p=12883\",\"url\":\"https:\/\/www.zerdab.com\/?p=12883\",\"name\":\"Nazirl\u0259r Kabinetinin yeni t\u0259rkibi a\u00e7\u0131qland\u0131; YEN\u0130 T\u018fY\u0130NATLAR - Z\u0259rdab.com\",\"isPartOf\":{\"@id\":\"https:\/\/www.zerdab.com\/#website\"},\"datePublished\":\"2013-10-22T15:04:27+00:00\",\"dateModified\":\"2013-10-22T16:30:41+00:00\",\"author\":{\"@id\":\"https:\/\/www.zerdab.com\/#\/schema\/person\/97079b7570c1e89ec0d9e138c3672136\"},\"breadcrumb\":{\"@id\":\"https:\/\/www.zerdab.com\/?p=12883#breadcrumb\"},\"inLanguage\":\"az\",\"potentialAction\":[{\"@type\":\"ReadAction\",\"target\":[\"https:\/\/www.zerdab.com\/?p=12883\"]}]},{\"@type\":\"BreadcrumbList\",\"@id\":\"https:\/\/www.zerdab.com\/?p=12883#breadcrumb\",\"itemListElement\":[{\"@type\":\"ListItem\",\"position\":1,\"name\":\"Home\",\"item\":\"https:\/\/www.zerdab.com\/\"},{\"@type\":\"ListItem\",\"position\":2,\"name\":\"Nazirl\u0259r Kabinetinin yeni t\u0259rkibi a\u00e7\u0131qland\u0131; YEN\u0130 T\u018fY\u0130NATLAR\"}]},{\"@type\":\"WebSite\",\"@id\":\"https:\/\/www.zerdab.com\/#website\",\"url\":\"https:\/\/www.zerdab.com\/\",\"name\":\"Z\u0259rdab.com\",\"description\":\"\",\"potentialAction\":[{\"@type\":\"SearchAction\",\"target\":{\"@type\":\"EntryPoint\",\"urlTemplate\":\"https:\/\/www.zerdab.com\/?s={search_term_string}\"},\"query-input\":{\"@type\":\"PropertyValueSpecification\",\"valueRequired\":true,\"valueName\":\"search_term_string\"}}],\"inLanguage\":\"az\"},{\"@type\":\"Person\",\"@id\":\"https:\/\/www.zerdab.com\/#\/schema\/person\/97079b7570c1e89ec0d9e138c3672136\",\"name\":\"admin\",\"image\":{\"@type\":\"ImageObject\",\"inLanguage\":\"az\",\"@id\":\"https:\/\/www.zerdab.com\/#\/schema\/person\/image\/\",\"url\":\"https:\/\/secure.gravatar.com\/avatar\/d9c52a9a27c32119cb6679a077fa3e2779e5f822c451cbf01098004361d466ec?s=96&d=mm&r=g\",\"contentUrl\":\"https:\/\/secure.gravatar.com\/avatar\/d9c52a9a27c32119cb6679a077fa3e2779e5f822c451cbf01098004361d466ec?s=96&d=mm&r=g\",\"caption\":\"admin\"},\"url\":\"https:\/\/www.zerdab.com\/?author=1\"}]}<\/script>\n<!-- \/ Yoast SEO plugin. -->","yoast_head_json":{"title":"Nazirl\u0259r Kabinetinin yeni t\u0259rkibi a\u00e7\u0131qland\u0131; YEN\u0130 T\u018fY\u0130NATLAR - Z\u0259rdab.com","robots":{"index":"index","follow":"follow","max-snippet":"max-snippet:-1","max-image-preview":"max-image-preview:large","max-video-preview":"max-video-preview:-1"},"canonical":"https:\/\/www.zerdab.com\/?p=12883","og_locale":"az_AZ","og_type":"article","og_title":"Nazirl\u0259r Kabinetinin yeni t\u0259rkibi a\u00e7\u0131qland\u0131; YEN\u0130 T\u018fY\u0130NATLAR - Z\u0259rdab.com","og_description":"Daxili Qo\u015funlar\u0131n komandan\u0131 Zakir H\u0259s\u0259nov m\u00fcdafi\u0259 naziri t\u0259yin olunub, ba\u015fqa d\u0259yi\u015fiklikl\u0259r d\u0259 var. Prezident \u0130lham \u018fliyev Az\u0259rbaycan Respublikas\u0131 Nazirl\u0259r Kabinetinin yeni t\u0259rkibi haqq\u0131nda s\u0259r\u0259ncam imzalay\u0131b. Zerdab.com sayt\u0131n\u0131n x\u0259b\u0259rin\u0259 g\u00f6r\u0259, s\u0259r\u0259ncamda deyilir: 1. Az\u0259rbaycan Respublikas\u0131 Nazirl\u0259r Kabinetinin \u00fczvl\u0259ri a\u015fa\u011f\u0131dak\u0131 \u015f\u0259xsl\u0259r t\u0259yin edilsinl\u0259r: 1.1. Az\u0259rbaycan Respublikas\u0131 Ba\u015f nazirinin birinci m\u00fcavini \u2013 Yaqub Abdulla o\u011flu Eyyubov; 1.2. Az\u0259rbaycan [&hellip;]","og_url":"https:\/\/www.zerdab.com\/?p=12883","og_site_name":"Z\u0259rdab.com","article_published_time":"2013-10-22T15:04:27+00:00","article_modified_time":"2013-10-22T16:30:41+00:00","author":"admin","twitter_card":"summary_large_image","twitter_misc":{"Written by":"admin","Est. reading time":"5 minutes"},"schema":{"@context":"https:\/\/schema.org","@graph":[{"@type":"Article","@id":"https:\/\/www.zerdab.com\/?p=12883#article","isPartOf":{"@id":"https:\/\/www.zerdab.com\/?p=12883"},"author":{"name":"admin","@id":"https:\/\/www.zerdab.com\/#\/schema\/person\/97079b7570c1e89ec0d9e138c3672136"},"headline":"Nazirl\u0259r Kabinetinin yeni t\u0259rkibi a\u00e7\u0131qland\u0131; YEN\u0130 T\u018fY\u0130NATLAR","datePublished":"2013-10-22T15:04:27+00:00","dateModified":"2013-10-22T16:30:41+00:00","mainEntityOfPage":{"@id":"https:\/\/www.zerdab.com\/?p=12883"},"wordCount":913,"commentCount":0,"articleSection":["X\u018fB\u018fRL\u018fR"],"inLanguage":"az","potentialAction":[{"@type":"CommentAction","name":"Comment","target":["https:\/\/www.zerdab.com\/?p=12883#respond"]}]},{"@type":"WebPage","@id":"https:\/\/www.zerdab.com\/?p=12883","url":"https:\/\/www.zerdab.com\/?p=12883","name":"Nazirl\u0259r Kabinetinin yeni t\u0259rkibi a\u00e7\u0131qland\u0131; YEN\u0130 T\u018fY\u0130NATLAR - Z\u0259rdab.com","isPartOf":{"@id":"https:\/\/www.zerdab.com\/#website"},"datePublished":"2013-10-22T15:04:27+00:00","dateModified":"2013-10-22T16:30:41+00:00","author":{"@id":"https:\/\/www.zerdab.com\/#\/schema\/person\/97079b7570c1e89ec0d9e138c3672136"},"breadcrumb":{"@id":"https:\/\/www.zerdab.com\/?p=12883#breadcrumb"},"inLanguage":"az","potentialAction":[{"@type":"ReadAction","target":["https:\/\/www.zerdab.com\/?p=12883"]}]},{"@type":"BreadcrumbList","@id":"https:\/\/www.zerdab.com\/?p=12883#breadcrumb","itemListElement":[{"@type":"ListItem","position":1,"name":"Home","item":"https:\/\/www.zerdab.com\/"},{"@type":"ListItem","position":2,"name":"Nazirl\u0259r Kabinetinin yeni t\u0259rkibi a\u00e7\u0131qland\u0131; YEN\u0130 T\u018fY\u0130NATLAR"}]},{"@type":"WebSite","@id":"https:\/\/www.zerdab.com\/#website","url":"https:\/\/www.zerdab.com\/","name":"Z\u0259rdab.com","description":"","potentialAction":[{"@type":"SearchAction","target":{"@type":"EntryPoint","urlTemplate":"https:\/\/www.zerdab.com\/?s={search_term_string}"},"query-input":{"@type":"PropertyValueSpecification","valueRequired":true,"valueName":"search_term_string"}}],"inLanguage":"az"},{"@type":"Person","@id":"https:\/\/www.zerdab.com\/#\/schema\/person\/97079b7570c1e89ec0d9e138c3672136","name":"admin","image":{"@type":"ImageObject","inLanguage":"az","@id":"https:\/\/www.zerdab.com\/#\/schema\/person\/image\/","url":"https:\/\/secure.gravatar.com\/avatar\/d9c52a9a27c32119cb6679a077fa3e2779e5f822c451cbf01098004361d466ec?s=96&d=mm&r=g","contentUrl":"https:\/\/secure.gravatar.com\/avatar\/d9c52a9a27c32119cb6679a077fa3e2779e5f822c451cbf01098004361d466ec?s=96&d=mm&r=g","caption":"admin"},"url":"https:\/\/www.zerdab.com\/?author=1"}]}},"_links":{"self":[{"href":"https:\/\/www.zerdab.com\/index.php?rest_route=\/wp\/v2\/posts\/12883","targetHints":{"allow":["GET"]}}],"collection":[{"href":"https:\/\/www.zerdab.com\/index.php?rest_route=\/wp\/v2\/posts"}],"about":[{"href":"https:\/\/www.zerdab.com\/index.php?rest_route=\/wp\/v2\/types\/post"}],"author":[{"embeddable":true,"href":"https:\/\/www.zerdab.com\/index.php?rest_route=\/wp\/v2\/users\/1"}],"replies":[{"embeddable":true,"href":"https:\/\/www.zerdab.com\/index.php?rest_route=%2Fwp%2Fv2%2Fcomments&post=12883"}],"version-history":[{"count":4,"href":"https:\/\/www.zerdab.com\/index.php?rest_route=\/wp\/v2\/posts\/12883\/revisions"}],"predecessor-version":[{"id":12891,"href":"https:\/\/www.zerdab.com\/index.php?rest_route=\/wp\/v2\/posts\/12883\/revisions\/12891"}],"wp:attachment":[{"href":"https:\/\/www.zerdab.com\/index.php?rest_route=%2Fwp%2Fv2%2Fmedia&parent=12883"}],"wp:term":[{"taxonomy":"category","embeddable":true,"href":"https:\/\/www.zerdab.com\/index.php?rest_route=%2Fwp%2Fv2%2Fcategories&post=12883"},{"taxonomy":"post_tag","embeddable":true,"href":"https:\/\/www.zerdab.com\/index.php?rest_route=%2Fwp%2Fv2%2Ftags&post=12883"}],"curies":[{"name":"wp","href":"https:\/\/api.w.org\/{rel}","templated":true}]}}