{"id":12887,"date":"2013-10-22T21:27:39","date_gmt":"2013-10-22T16:27:39","guid":{"rendered":"http:\/\/www.zerdab.com\/?p=12887"},"modified":"2013-10-22T21:29:29","modified_gmt":"2013-10-22T16:29:29","slug":"az%c9%99rbaycanda-iki-yeni-nazirlik-quruldu","status":"publish","type":"post","link":"https:\/\/www.zerdab.com\/?p=12887","title":{"rendered":"Az\u0259rbaycanda iki yeni nazirlik quruldu"},"content":{"rendered":"<p><span style=\"color: #000000;\"><strong><img loading=\"lazy\" decoding=\"async\" class=\"alignleft size-medium wp-image-8998\" alt=\"Prezident\" src=\"http:\/\/www.zerdab.com\/wp-content\/uploads\/2013\/04\/001-prezident-nk-2013-birinci-rub-iclas-350x217.jpg\" width=\"350\" height=\"217\" \/>Prezident \u0130lham \u018fliyev Az\u0259rbaycan Respublikas\u0131n\u0131n \u0130qtisadiyyat v\u0259 S\u0259naye Nazirliyinin yarad\u0131lmas\u0131 haqq\u0131nda s\u0259r\u0259ncam imzalay\u0131b<\/strong>. Zerdab.com sayt\u0131n\u0131n m\u0259lumat\u0131na g\u00f6r\u0259, s<\/span>\u0259r\u0259ncamda qeyd olunur ki, Az\u0259rbaycan Respublikas\u0131nda d\u00f6vl\u0259t idar\u0259etm\u0259 strukturunu t\u0259kmill\u0259\u015fdirm\u0259k m\u0259qs\u0259di il\u0259 Az\u0259rbaycan Respublikas\u0131 \u0130qtisadi \u0130nki\u015faf Nazirliyinin \u0259sas\u0131nda Az\u0259rbaycan Respublikas\u0131n\u0131n \u0130qtisadiyyat v\u0259 S\u0259naye Nazirliyi yarad\u0131ls\u0131n.<\/p>\n<p>Nazirl\u0259r Kabinetin\u0259 bu s\u0259r\u0259ncamla yarad\u0131lm\u0131\u015f Az\u0259rbaycan Respublikas\u0131n\u0131n \u0130qtisadiyyat v\u0259 S\u0259naye Nazirliyinin \u018fsasnam\u0259sinin layih\u0259sini, strukturu v\u0259 i\u015f\u00e7il\u0259rin say t\u0259rkibi bar\u0259d\u0259 t\u0259klifl\u0259rini bir ay m\u00fcdd\u0259tind\u0259 Az\u0259rbaycan Respublikas\u0131n\u0131n Prezidentin\u0259 t\u0259qdim etm\u0259k; Az\u0259rbaycan Respublikas\u0131 Prezidentinin aktlar\u0131n\u0131n bu s\u0259r\u0259ncama uy\u011funla\u015fd\u0131r\u0131lmas\u0131na dair t\u0259klifl\u0259rini iki ay m\u00fcdd\u0259tind\u0259 Az\u0259rbaycan Respublikas\u0131n\u0131n Prezidentin\u0259 t\u0259qdim etm\u0259k; \u00fc\u00e7 ay m\u00fcdd\u0259tind\u0259 Az\u0259rbaycan Respublikas\u0131 Nazirl\u0259r Kabinetinin normativ h\u00fcquqi aktlar\u0131n\u0131n bu s\u0259r\u0259ncama uy\u011funla\u015fd\u0131r\u0131lmas\u0131n\u0131 t\u0259min etm\u0259k v\u0259 bu bar\u0259d\u0259 Az\u0259rbaycan Respublikas\u0131n\u0131n Prezidentin\u0259 m\u0259lumat verm\u0259k; m\u0259rk\u0259zi icra hakimiyy\u0259ti orqanlar\u0131n\u0131n normativ h\u00fcquqi aktlar\u0131n\u0131n bu s\u0259r\u0259ncama uy\u011funla\u015fd\u0131r\u0131lmas\u0131n\u0131 n\u0259zar\u0259td\u0259 saxlamaq v\u0259 bunun icras\u0131 bar\u0259d\u0259 be\u015f ay m\u00fcdd\u0259tind\u0259 Az\u0259rbaycan Respublikas\u0131n\u0131n Prezidentin\u0259 m\u0259lumat verm\u0259k; bu s\u0259r\u0259ncamdan ir\u0259li g\u0259l\u0259n dig\u0259r m\u0259s\u0259l\u0259l\u0259ri h\u0259ll etm\u0259k tap\u015f\u0131r\u0131l\u0131b.<\/p>\n<p>D\u00f6vl\u0259t ba\u015f\u00e7\u0131s\u0131, h\u0259m\u00e7inin Az\u0259rbaycan Respublikas\u0131n\u0131n Energetika Nazirliyinin yarad\u0131lmas\u0131 haqq\u0131nda s\u0259r\u0259ncam imzalay\u0131b.<\/p>\n<p>S\u0259r\u0259ncamda deyilir ki, Az\u0259rbaycan Respublikas\u0131nda energetika sah\u0259sind\u0259 s\u0259m\u0259r\u0259liliyi art\u0131rmaq v\u0259 d\u00f6vl\u0259t idar\u0259etm\u0259 strukturunu t\u0259kmill\u0259\u015fdirm\u0259k m\u0259qs\u0259di il\u0259 Az\u0259rbaycan Respublikas\u0131 S\u0259naye v\u0259 Energetika Nazirliyinin \u0259sas\u0131nda Az\u0259rbaycan Respublikas\u0131n\u0131n Energetika Nazirliyi yarad\u0131ls\u0131n.<\/p>\n<p>Nazirl\u0259r Kabineti bu s\u0259r\u0259ncamla yarad\u0131lm\u0131\u015f Az\u0259rbaycan Respublikas\u0131n\u0131n Energetika Nazirliyinin \u018fsasnam\u0259sinin layih\u0259sini, strukturu v\u0259 i\u015f\u00e7il\u0259rin say t\u0259rkibi bar\u0259d\u0259 t\u0259klifl\u0259rini bir ay m\u00fcdd\u0259tind\u0259 Az\u0259rbaycan Respublikas\u0131n\u0131n Prezidentin\u0259 t\u0259qdim etm\u0259k; Az\u0259rbaycan Respublikas\u0131 Prezidentinin aktlar\u0131n\u0131n bu S\u0259r\u0259ncama uy\u011funla\u015fd\u0131r\u0131lmas\u0131na dair t\u0259klifl\u0259rini iki ay m\u00fcdd\u0259tind\u0259 Az\u0259rbaycan Respublikas\u0131n\u0131n Prezidentin\u0259 t\u0259qdim etm\u0259k; \u00fc\u00e7 ay m\u00fcdd\u0259tind\u0259 Az\u0259rbaycan Respublikas\u0131 Nazirl\u0259r Kabinetinin normativ h\u00fcquqi aktlar\u0131n\u0131n bu s\u0259r\u0259ncama uy\u011funla\u015fd\u0131r\u0131lmas\u0131n\u0131 t\u0259min etm\u0259k v\u0259 bu bar\u0259d\u0259 Az\u0259rbaycan Respublikas\u0131n\u0131n Prezidentin\u0259 m\u0259lumat verm\u0259k; m\u0259rk\u0259zi icra hakimiyy\u0259ti orqanlar\u0131n\u0131n normativ h\u00fcquqi aktlar\u0131n\u0131n bu s\u0259r\u0259ncama uy\u011funla\u015fd\u0131r\u0131lmas\u0131n\u0131 n\u0259zar\u0259td\u0259 saxlamaq v\u0259 bunun icras\u0131 bar\u0259d\u0259 be\u015f ay m\u00fcdd\u0259tind\u0259 Az\u0259rbaycan Respublikas\u0131n\u0131n Prezidentin\u0259 m\u0259lumat verm\u0259k; bu s\u0259r\u0259ncamdan ir\u0259li g\u0259l\u0259n dig\u0259r m\u0259s\u0259l\u0259l\u0259ri h\u0259ll etsin.<\/p>\n<p>Zerdab.com<\/p>\n","protected":false},"excerpt":{"rendered":"<p>Prezident \u0130lham \u018fliyev Az\u0259rbaycan Respublikas\u0131n\u0131n \u0130qtisadiyyat v\u0259 S\u0259naye Nazirliyinin yarad\u0131lmas\u0131 haqq\u0131nda s\u0259r\u0259ncam imzalay\u0131b. Zerdab.com sayt\u0131n\u0131n m\u0259lumat\u0131na g\u00f6r\u0259, s\u0259r\u0259ncamda qeyd olunur ki, Az\u0259rbaycan Respublikas\u0131nda d\u00f6vl\u0259t idar\u0259etm\u0259 strukturunu t\u0259kmill\u0259\u015fdirm\u0259k m\u0259qs\u0259di il\u0259 Az\u0259rbaycan Respublikas\u0131 \u0130qtisadi \u0130nki\u015faf Nazirliyinin \u0259sas\u0131nda Az\u0259rbaycan Respublikas\u0131n\u0131n \u0130qtisadiyyat v\u0259 S\u0259naye Nazirliyi yarad\u0131ls\u0131n. Nazirl\u0259r Kabinetin\u0259 bu s\u0259r\u0259ncamla yarad\u0131lm\u0131\u015f Az\u0259rbaycan Respublikas\u0131n\u0131n \u0130qtisadiyyat v\u0259 S\u0259naye Nazirliyinin \u018fsasnam\u0259sinin layih\u0259sini, [&hellip;]<\/p>\n","protected":false},"author":1,"featured_media":0,"comment_status":"open","ping_status":"open","sticky":false,"template":"","format":"standard","meta":{"footnotes":""},"categories":[5],"tags":[],"class_list":{"0":"post-12887","1":"post","2":"type-post","3":"status-publish","4":"format-standard","6":"category-knd"},"yoast_head":"<!-- This site is optimized with the Yoast SEO plugin v27.0 - https:\/\/yoast.com\/product\/yoast-seo-wordpress\/ -->\n<title>Az\u0259rbaycanda iki yeni nazirlik quruldu - Z\u0259rdab.com<\/title>\n<meta name=\"robots\" content=\"index, follow, max-snippet:-1, max-image-preview:large, max-video-preview:-1\" \/>\n<link rel=\"canonical\" href=\"https:\/\/www.zerdab.com\/?p=12887\" \/>\n<meta property=\"og:locale\" content=\"az_AZ\" \/>\n<meta property=\"og:type\" content=\"article\" \/>\n<meta property=\"og:title\" content=\"Az\u0259rbaycanda iki yeni nazirlik quruldu - Z\u0259rdab.com\" \/>\n<meta property=\"og:description\" content=\"Prezident \u0130lham \u018fliyev Az\u0259rbaycan Respublikas\u0131n\u0131n \u0130qtisadiyyat v\u0259 S\u0259naye Nazirliyinin yarad\u0131lmas\u0131 haqq\u0131nda s\u0259r\u0259ncam imzalay\u0131b. Zerdab.com sayt\u0131n\u0131n m\u0259lumat\u0131na g\u00f6r\u0259, s\u0259r\u0259ncamda qeyd olunur ki, Az\u0259rbaycan Respublikas\u0131nda d\u00f6vl\u0259t idar\u0259etm\u0259 strukturunu t\u0259kmill\u0259\u015fdirm\u0259k m\u0259qs\u0259di il\u0259 Az\u0259rbaycan Respublikas\u0131 \u0130qtisadi \u0130nki\u015faf Nazirliyinin \u0259sas\u0131nda Az\u0259rbaycan Respublikas\u0131n\u0131n \u0130qtisadiyyat v\u0259 S\u0259naye Nazirliyi yarad\u0131ls\u0131n. Nazirl\u0259r Kabinetin\u0259 bu s\u0259r\u0259ncamla yarad\u0131lm\u0131\u015f Az\u0259rbaycan Respublikas\u0131n\u0131n \u0130qtisadiyyat v\u0259 S\u0259naye Nazirliyinin \u018fsasnam\u0259sinin layih\u0259sini, [&hellip;]\" \/>\n<meta property=\"og:url\" content=\"https:\/\/www.zerdab.com\/?p=12887\" \/>\n<meta property=\"og:site_name\" content=\"Z\u0259rdab.com\" \/>\n<meta property=\"article:published_time\" content=\"2013-10-22T16:27:39+00:00\" \/>\n<meta property=\"article:modified_time\" content=\"2013-10-22T16:29:29+00:00\" \/>\n<meta property=\"og:image\" content=\"http:\/\/www.zerdab.com\/wp-content\/uploads\/2013\/04\/001-prezident-nk-2013-birinci-rub-iclas-350x217.jpg\" \/>\n<meta name=\"author\" content=\"admin\" \/>\n<meta name=\"twitter:card\" content=\"summary_large_image\" \/>\n<meta name=\"twitter:label1\" content=\"Written by\" \/>\n\t<meta name=\"twitter:data1\" content=\"admin\" \/>\n\t<meta name=\"twitter:label2\" content=\"Est. reading time\" \/>\n\t<meta name=\"twitter:data2\" content=\"3 minutes\" \/>\n<script type=\"application\/ld+json\" class=\"yoast-schema-graph\">{\"@context\":\"https:\/\/schema.org\",\"@graph\":[{\"@type\":\"Article\",\"@id\":\"https:\/\/www.zerdab.com\/?p=12887#article\",\"isPartOf\":{\"@id\":\"https:\/\/www.zerdab.com\/?p=12887\"},\"author\":{\"name\":\"admin\",\"@id\":\"https:\/\/www.zerdab.com\/#\/schema\/person\/97079b7570c1e89ec0d9e138c3672136\"},\"headline\":\"Az\u0259rbaycanda iki yeni nazirlik quruldu\",\"datePublished\":\"2013-10-22T16:27:39+00:00\",\"dateModified\":\"2013-10-22T16:29:29+00:00\",\"mainEntityOfPage\":{\"@id\":\"https:\/\/www.zerdab.com\/?p=12887\"},\"wordCount\":563,\"commentCount\":0,\"image\":{\"@id\":\"https:\/\/www.zerdab.com\/?p=12887#primaryimage\"},\"thumbnailUrl\":\"http:\/\/www.zerdab.com\/wp-content\/uploads\/2013\/04\/001-prezident-nk-2013-birinci-rub-iclas-350x217.jpg\",\"articleSection\":[\"X\u018fB\u018fRL\u018fR\"],\"inLanguage\":\"az\",\"potentialAction\":[{\"@type\":\"CommentAction\",\"name\":\"Comment\",\"target\":[\"https:\/\/www.zerdab.com\/?p=12887#respond\"]}]},{\"@type\":\"WebPage\",\"@id\":\"https:\/\/www.zerdab.com\/?p=12887\",\"url\":\"https:\/\/www.zerdab.com\/?p=12887\",\"name\":\"Az\u0259rbaycanda iki yeni nazirlik quruldu - Z\u0259rdab.com\",\"isPartOf\":{\"@id\":\"https:\/\/www.zerdab.com\/#website\"},\"primaryImageOfPage\":{\"@id\":\"https:\/\/www.zerdab.com\/?p=12887#primaryimage\"},\"image\":{\"@id\":\"https:\/\/www.zerdab.com\/?p=12887#primaryimage\"},\"thumbnailUrl\":\"http:\/\/www.zerdab.com\/wp-content\/uploads\/2013\/04\/001-prezident-nk-2013-birinci-rub-iclas-350x217.jpg\",\"datePublished\":\"2013-10-22T16:27:39+00:00\",\"dateModified\":\"2013-10-22T16:29:29+00:00\",\"author\":{\"@id\":\"https:\/\/www.zerdab.com\/#\/schema\/person\/97079b7570c1e89ec0d9e138c3672136\"},\"breadcrumb\":{\"@id\":\"https:\/\/www.zerdab.com\/?p=12887#breadcrumb\"},\"inLanguage\":\"az\",\"potentialAction\":[{\"@type\":\"ReadAction\",\"target\":[\"https:\/\/www.zerdab.com\/?p=12887\"]}]},{\"@type\":\"ImageObject\",\"inLanguage\":\"az\",\"@id\":\"https:\/\/www.zerdab.com\/?p=12887#primaryimage\",\"url\":\"\",\"contentUrl\":\"\"},{\"@type\":\"BreadcrumbList\",\"@id\":\"https:\/\/www.zerdab.com\/?p=12887#breadcrumb\",\"itemListElement\":[{\"@type\":\"ListItem\",\"position\":1,\"name\":\"Home\",\"item\":\"https:\/\/www.zerdab.com\/\"},{\"@type\":\"ListItem\",\"position\":2,\"name\":\"Az\u0259rbaycanda iki yeni nazirlik quruldu\"}]},{\"@type\":\"WebSite\",\"@id\":\"https:\/\/www.zerdab.com\/#website\",\"url\":\"https:\/\/www.zerdab.com\/\",\"name\":\"Z\u0259rdab.com\",\"description\":\"\",\"potentialAction\":[{\"@type\":\"SearchAction\",\"target\":{\"@type\":\"EntryPoint\",\"urlTemplate\":\"https:\/\/www.zerdab.com\/?s={search_term_string}\"},\"query-input\":{\"@type\":\"PropertyValueSpecification\",\"valueRequired\":true,\"valueName\":\"search_term_string\"}}],\"inLanguage\":\"az\"},{\"@type\":\"Person\",\"@id\":\"https:\/\/www.zerdab.com\/#\/schema\/person\/97079b7570c1e89ec0d9e138c3672136\",\"name\":\"admin\",\"image\":{\"@type\":\"ImageObject\",\"inLanguage\":\"az\",\"@id\":\"https:\/\/www.zerdab.com\/#\/schema\/person\/image\/\",\"url\":\"https:\/\/secure.gravatar.com\/avatar\/d9c52a9a27c32119cb6679a077fa3e2779e5f822c451cbf01098004361d466ec?s=96&d=mm&r=g\",\"contentUrl\":\"https:\/\/secure.gravatar.com\/avatar\/d9c52a9a27c32119cb6679a077fa3e2779e5f822c451cbf01098004361d466ec?s=96&d=mm&r=g\",\"caption\":\"admin\"},\"url\":\"https:\/\/www.zerdab.com\/?author=1\"}]}<\/script>\n<!-- \/ Yoast SEO plugin. -->","yoast_head_json":{"title":"Az\u0259rbaycanda iki yeni nazirlik quruldu - Z\u0259rdab.com","robots":{"index":"index","follow":"follow","max-snippet":"max-snippet:-1","max-image-preview":"max-image-preview:large","max-video-preview":"max-video-preview:-1"},"canonical":"https:\/\/www.zerdab.com\/?p=12887","og_locale":"az_AZ","og_type":"article","og_title":"Az\u0259rbaycanda iki yeni nazirlik quruldu - Z\u0259rdab.com","og_description":"Prezident \u0130lham \u018fliyev Az\u0259rbaycan Respublikas\u0131n\u0131n \u0130qtisadiyyat v\u0259 S\u0259naye Nazirliyinin yarad\u0131lmas\u0131 haqq\u0131nda s\u0259r\u0259ncam imzalay\u0131b. Zerdab.com sayt\u0131n\u0131n m\u0259lumat\u0131na g\u00f6r\u0259, s\u0259r\u0259ncamda qeyd olunur ki, Az\u0259rbaycan Respublikas\u0131nda d\u00f6vl\u0259t idar\u0259etm\u0259 strukturunu t\u0259kmill\u0259\u015fdirm\u0259k m\u0259qs\u0259di il\u0259 Az\u0259rbaycan Respublikas\u0131 \u0130qtisadi \u0130nki\u015faf Nazirliyinin \u0259sas\u0131nda Az\u0259rbaycan Respublikas\u0131n\u0131n \u0130qtisadiyyat v\u0259 S\u0259naye Nazirliyi yarad\u0131ls\u0131n. Nazirl\u0259r Kabinetin\u0259 bu s\u0259r\u0259ncamla yarad\u0131lm\u0131\u015f Az\u0259rbaycan Respublikas\u0131n\u0131n \u0130qtisadiyyat v\u0259 S\u0259naye Nazirliyinin \u018fsasnam\u0259sinin layih\u0259sini, [&hellip;]","og_url":"https:\/\/www.zerdab.com\/?p=12887","og_site_name":"Z\u0259rdab.com","article_published_time":"2013-10-22T16:27:39+00:00","article_modified_time":"2013-10-22T16:29:29+00:00","og_image":[{"url":"http:\/\/www.zerdab.com\/wp-content\/uploads\/2013\/04\/001-prezident-nk-2013-birinci-rub-iclas-350x217.jpg","type":"","width":"","height":""}],"author":"admin","twitter_card":"summary_large_image","twitter_misc":{"Written by":"admin","Est. reading time":"3 minutes"},"schema":{"@context":"https:\/\/schema.org","@graph":[{"@type":"Article","@id":"https:\/\/www.zerdab.com\/?p=12887#article","isPartOf":{"@id":"https:\/\/www.zerdab.com\/?p=12887"},"author":{"name":"admin","@id":"https:\/\/www.zerdab.com\/#\/schema\/person\/97079b7570c1e89ec0d9e138c3672136"},"headline":"Az\u0259rbaycanda iki yeni nazirlik quruldu","datePublished":"2013-10-22T16:27:39+00:00","dateModified":"2013-10-22T16:29:29+00:00","mainEntityOfPage":{"@id":"https:\/\/www.zerdab.com\/?p=12887"},"wordCount":563,"commentCount":0,"image":{"@id":"https:\/\/www.zerdab.com\/?p=12887#primaryimage"},"thumbnailUrl":"http:\/\/www.zerdab.com\/wp-content\/uploads\/2013\/04\/001-prezident-nk-2013-birinci-rub-iclas-350x217.jpg","articleSection":["X\u018fB\u018fRL\u018fR"],"inLanguage":"az","potentialAction":[{"@type":"CommentAction","name":"Comment","target":["https:\/\/www.zerdab.com\/?p=12887#respond"]}]},{"@type":"WebPage","@id":"https:\/\/www.zerdab.com\/?p=12887","url":"https:\/\/www.zerdab.com\/?p=12887","name":"Az\u0259rbaycanda iki yeni nazirlik quruldu - Z\u0259rdab.com","isPartOf":{"@id":"https:\/\/www.zerdab.com\/#website"},"primaryImageOfPage":{"@id":"https:\/\/www.zerdab.com\/?p=12887#primaryimage"},"image":{"@id":"https:\/\/www.zerdab.com\/?p=12887#primaryimage"},"thumbnailUrl":"http:\/\/www.zerdab.com\/wp-content\/uploads\/2013\/04\/001-prezident-nk-2013-birinci-rub-iclas-350x217.jpg","datePublished":"2013-10-22T16:27:39+00:00","dateModified":"2013-10-22T16:29:29+00:00","author":{"@id":"https:\/\/www.zerdab.com\/#\/schema\/person\/97079b7570c1e89ec0d9e138c3672136"},"breadcrumb":{"@id":"https:\/\/www.zerdab.com\/?p=12887#breadcrumb"},"inLanguage":"az","potentialAction":[{"@type":"ReadAction","target":["https:\/\/www.zerdab.com\/?p=12887"]}]},{"@type":"ImageObject","inLanguage":"az","@id":"https:\/\/www.zerdab.com\/?p=12887#primaryimage","url":"","contentUrl":""},{"@type":"BreadcrumbList","@id":"https:\/\/www.zerdab.com\/?p=12887#breadcrumb","itemListElement":[{"@type":"ListItem","position":1,"name":"Home","item":"https:\/\/www.zerdab.com\/"},{"@type":"ListItem","position":2,"name":"Az\u0259rbaycanda iki yeni nazirlik quruldu"}]},{"@type":"WebSite","@id":"https:\/\/www.zerdab.com\/#website","url":"https:\/\/www.zerdab.com\/","name":"Z\u0259rdab.com","description":"","potentialAction":[{"@type":"SearchAction","target":{"@type":"EntryPoint","urlTemplate":"https:\/\/www.zerdab.com\/?s={search_term_string}"},"query-input":{"@type":"PropertyValueSpecification","valueRequired":true,"valueName":"search_term_string"}}],"inLanguage":"az"},{"@type":"Person","@id":"https:\/\/www.zerdab.com\/#\/schema\/person\/97079b7570c1e89ec0d9e138c3672136","name":"admin","image":{"@type":"ImageObject","inLanguage":"az","@id":"https:\/\/www.zerdab.com\/#\/schema\/person\/image\/","url":"https:\/\/secure.gravatar.com\/avatar\/d9c52a9a27c32119cb6679a077fa3e2779e5f822c451cbf01098004361d466ec?s=96&d=mm&r=g","contentUrl":"https:\/\/secure.gravatar.com\/avatar\/d9c52a9a27c32119cb6679a077fa3e2779e5f822c451cbf01098004361d466ec?s=96&d=mm&r=g","caption":"admin"},"url":"https:\/\/www.zerdab.com\/?author=1"}]}},"_links":{"self":[{"href":"https:\/\/www.zerdab.com\/index.php?rest_route=\/wp\/v2\/posts\/12887","targetHints":{"allow":["GET"]}}],"collection":[{"href":"https:\/\/www.zerdab.com\/index.php?rest_route=\/wp\/v2\/posts"}],"about":[{"href":"https:\/\/www.zerdab.com\/index.php?rest_route=\/wp\/v2\/types\/post"}],"author":[{"embeddable":true,"href":"https:\/\/www.zerdab.com\/index.php?rest_route=\/wp\/v2\/users\/1"}],"replies":[{"embeddable":true,"href":"https:\/\/www.zerdab.com\/index.php?rest_route=%2Fwp%2Fv2%2Fcomments&post=12887"}],"version-history":[{"count":3,"href":"https:\/\/www.zerdab.com\/index.php?rest_route=\/wp\/v2\/posts\/12887\/revisions"}],"predecessor-version":[{"id":12890,"href":"https:\/\/www.zerdab.com\/index.php?rest_route=\/wp\/v2\/posts\/12887\/revisions\/12890"}],"wp:attachment":[{"href":"https:\/\/www.zerdab.com\/index.php?rest_route=%2Fwp%2Fv2%2Fmedia&parent=12887"}],"wp:term":[{"taxonomy":"category","embeddable":true,"href":"https:\/\/www.zerdab.com\/index.php?rest_route=%2Fwp%2Fv2%2Fcategories&post=12887"},{"taxonomy":"post_tag","embeddable":true,"href":"https:\/\/www.zerdab.com\/index.php?rest_route=%2Fwp%2Fv2%2Ftags&post=12887"}],"curies":[{"name":"wp","href":"https:\/\/api.w.org\/{rel}","templated":true}]}}