{"id":12957,"date":"2013-10-28T09:00:08","date_gmt":"2013-10-28T05:00:08","guid":{"rendered":"http:\/\/www.zerdab.com\/?p=12957"},"modified":"2013-10-27T21:36:17","modified_gmt":"2013-10-27T17:36:17","slug":"prezident-ilham-%c9%99liyev-z%c9%99rdabin-inkisafina-boyuk-diqq%c9%99t-gost%c9%99rilir-2","status":"publish","type":"post","link":"https:\/\/www.zerdab.com\/?p=12957","title":{"rendered":"Prezident \u0130lham \u018fliyev: &#8220;Z\u0259rdab\u0131n inki\u015faf\u0131na b\u00f6y\u00fck diqq\u0259t g\u00f6st\u0259rilir&#8221;"},"content":{"rendered":"<p><img loading=\"lazy\" decoding=\"async\" class=\"aligncenter size-large wp-image-12961\" alt=\"Prezident Z\u0259rdabda\" src=\"http:\/\/www.zerdab.com\/wp-content\/uploads\/2013\/10\/Prezident-Z\u0259rdabda3-550x275.jpg\" width=\"550\" height=\"275\" \/>Memar\u0131 v\u0259 qurucusu ulu \u00f6nd\u0259r Heyd\u0259r \u018fliyev olan m\u00fcst\u0259qil Az\u0259rbaycan\u0131n b\u00fct\u00fcn rayonlar\u0131 kimi, Z\u0259rdab rayonu da inki\u015faf edir. Bu inki\u015faf\u0131 Az\u0259rbaycan Prezidenti \u0130lham \u018fliyevin u\u011furlu siyas\u0259ti t\u0259min edir. D\u00f6vl\u0259t ba\u015f\u00e7\u0131s\u0131n\u0131n diqq\u0259t v\u0259 qay\u011f\u0131s\u0131 say\u0259sind\u0259 Z\u0259rdab rayonu son ill\u0259r inki\u015faf edir. Son 10 ild\u0259 Prezident \u0130lham \u018fliyev Z\u0259rdaba 3 d\u0259f\u0259 s\u0259f\u0259r edib, rayonun sosial-iqtisadi inki\u015faf\u0131n\u0131n s\u00fcr\u0259tl\u0259ndirilm\u0259sin\u0259 dair \u0259lav\u0259 t\u0259dbirl\u0259r haqq\u0131nda 5 s\u0259r\u0259ncam imzalay\u0131b.<\/p>\n<p><img loading=\"lazy\" decoding=\"async\" class=\"aligncenter size-large wp-image-12960\" alt=\"Prezident Z\u0259rdabda\" src=\"http:\/\/www.zerdab.com\/wp-content\/uploads\/2013\/10\/zerdab-prezident-550x429.jpg\" width=\"550\" height=\"429\" \/>Az\u0259rbaycan respublikas\u0131n\u0131n Prezidenti \u0130lham \u018fliyevin t\u0259sdiq etdiyi regionlar\u0131n sosial-iqtisadi inki\u015faf\u0131 d\u00f6vl\u0259t proqramlar\u0131n\u0131n u\u011furlu icras\u0131 n\u0259tic\u0259sind\u0259 Z\u0259rdab rayonu \u00fczr\u0259 n\u0259z\u0259rd\u0259 tutulan t\u0259dbirl\u0259r yerin\u0259 yetirilir v\u0259 \u0259sas makroiqtisadi g\u00f6st\u0259ricil\u0259rd\u0259 art\u0131m<br \/>\n\u0259ld\u0259 edilib. Zerdab.com sayt\u0131 son 10 il \u0259rzind\u0259 rayonumuzda g\u00f6r\u00fclm\u00fc\u015f i\u015fl\u0259ri konkret statistikalarla t\u0259qdim edir.<\/p>\n<p><img loading=\"lazy\" decoding=\"async\" class=\"aligncenter size-large wp-image-12962\" alt=\"Prezident Z\u0259rdabda\" src=\"http:\/\/www.zerdab.com\/wp-content\/uploads\/2013\/10\/Prezident-Z\u0259rdabda-550x415.jpg\" width=\"550\" height=\"415\" \/><\/p>\n<p>\u2022\u00dcmumi m\u0259hsul istehsal\u0131 2,1 d\u0259f\u0259, k\u0259nd t\u0259s\u0259rr\u00fcfat\u0131 istehsal\u0131 17,2%, p\u0259rak\u0259nd\u0259 ticar\u0259t d\u00f6vriyy\u0259si 2,1 d\u0259f\u0259, \u0259haliy\u0259 g\u00f6st\u0259ril\u0259n pullu xidm\u0259tl\u0259rin h\u0259cmi 4,4 d\u0259f\u0259, ia\u015f\u0259 d\u00f6vriyy\u0259sinin h\u0259cmi 4,9 d\u0259f\u0259 artm\u0131\u015fd\u0131r.<br \/>\n\u2022Sahibkarl\u0131q subyektl\u0259rinin say\u0131 2,3 d\u0259f\u0259, o c\u00fcml\u0259d\u0259n f\u0259rdi sahibkarlar\u0131n say\u0131 2,5 d\u0259f\u0259 \u00e7oxalm\u0131\u015fd\u0131r.<br \/>\n\u2022Orta ayl\u0131q \u0259m\u0259khaqq\u0131 7,3 d\u0259f\u0259, pensiyalar\u0131n orta m\u0259bl\u0259\u011fi 6,1 d\u0259f\u0259 y\u00fcks\u0259lmi\u015fdir.<\/p>\n<p><img loading=\"lazy\" decoding=\"async\" class=\"aligncenter size-large wp-image-12963\" alt=\"Prezident Z\u0259rdabda\" src=\"http:\/\/www.zerdab.com\/wp-content\/uploads\/2013\/10\/Prezident-Z\u0259rdabda5-550x366.jpg\" width=\"550\" height=\"366\" \/><\/p>\n<p>\u20224483-\u00fc daimi olmaqla 6875 yeni i\u015f yeri a\u00e7\u0131lm\u0131\u015fd\u0131r.<br \/>\n\u2022Sahibkarl\u0131\u011fa K\u00f6m\u0259k Milli Fondu v\u0259 K\u0259nd T\u0259s\u0259rr\u00fcfat\u0131 Kreditl\u0259ri \u00fczr\u0259 D\u00f6vl\u0259t Agentliyi t\u0259r\u0259find\u0259n 85 sahibkara 1,1 milyon manat m\u0259bl\u0259\u011find\u0259 g\u00fcz\u0259\u015ftli kredit verilmi\u015fdir.<br \/>\n\u2022K\u0259nd t\u0259s\u0259rr\u00fcfat\u0131 m\u0259hsullar\u0131 istehsal\u00e7\u0131lar\u0131na d\u00f6vl\u0259t t\u0259r\u0259find\u0259n 10,1 milyon manat m\u0259bl\u0259\u011find\u0259 yard\u0131m edilmi\u015fdir.<\/p>\n<p><img loading=\"lazy\" decoding=\"async\" class=\"aligncenter size-large wp-image-12964\" alt=\"Prezident Z\u0259rdabda\" src=\"http:\/\/www.zerdab.com\/wp-content\/uploads\/2013\/10\/Prezident-Z\u0259rdabda8-550x391.jpg\" width=\"550\" height=\"391\" \/>\u2022M\u0259nzil fondunun \u00fcmumi sah\u0259si 18,4% artm\u0131\u015fd\u0131r. Qaraba\u011f m\u00fcharib\u0259si \u0259lill\u0259ri v\u0259 \u015f\u0259hid ail\u0259l\u0259ri \u00fc\u00e7\u00fcn 48 m\u0259nzild\u0259n ibar\u0259t 2 ya\u015fay\u0131\u015f binas\u0131 v\u0259 14 f\u0259rdi m\u0259nzil in\u015fa edilmi\u015fdir. \u00dcmumi sah\u0259si 41,2 min kvadratmetr olan f\u0259rdi evl\u0259r tikilmi\u015fdir.<br \/>\n\u2022Su, qaz v\u0259 kanalizasiya sistemi il\u0259 t\u0259chiz edilmi\u015f ya\u015fay\u0131\u015f sah\u0259l\u0259ri m\u00fcvafiq olaraq 22,6, 12,2 v\u0259 10,1 % artm\u0131\u015fd\u0131r.<\/p>\n<p><img loading=\"lazy\" decoding=\"async\" class=\"aligncenter size-large wp-image-12965\" alt=\"Prezident Z\u0259rdabda\" src=\"http:\/\/www.zerdab.com\/wp-content\/uploads\/2013\/10\/Prezident-Z\u0259rdabda6-550x415.jpg\" width=\"550\" height=\"415\" \/><\/p>\n<p>\u2022ATS-l\u0259rin say\u0131 11,1%, \u00fcmumi n\u00f6mr\u0259 tutumu 1,5 d\u0259f\u0259 \u00e7oxalm\u0131\u015fd\u0131r.<\/p>\n<p>\u2022\u0130nternet istifad\u0259\u00e7il\u0259rinin say\u0131 7,2 d\u0259f\u0259, internet\u0259 \u00e7\u0131x\u0131\u015f\u0131 olan evl\u0259rin say\u0131 5,2 d\u0259f\u0259, komp-yuter istifad\u0259\u00e7il\u0259rinin say\u0131 5,4 d\u0259f\u0259, mobil telefon abun\u0259\u00e7il\u0259rinin say\u0131 19,6 d\u0259f\u0259 artm\u0131\u015fd\u0131r.<\/p>\n<p><img loading=\"lazy\" decoding=\"async\" class=\"aligncenter size-full wp-image-12966\" alt=\"Z\u0259rdab\" src=\"http:\/\/www.zerdab.com\/wp-content\/uploads\/2013\/10\/Prezident-Z\u0259rdabda2.jpg\" width=\"550\" height=\"366\" \/><\/p>\n<p><strong>Az\u0259rbaycan respublikas\u0131n\u0131n Prezidenti \u0130lham \u018fliyevin tap\u015f\u0131r\u0131\u011f\u0131na \u0259sas\u0259n Z\u0259rdab rayonunda yeni m\u0259kt\u0259b <\/strong><br \/>\n<strong>binalar\u0131 tikilmi\u015f v\u0259 \u0259sasl\u0131 t\u0259mir edilmi\u015fdir.<\/strong><\/p>\n<p>\u2022Son 10 ild\u0259 2508 \u015fagird yerlik 14 m\u0259kt\u0259b, o c\u00fcml\u0259d\u0259n Heyd\u0259r \u018fliyev Fondunun \u201cYenil\u0259\u015f\u0259n Az\u0259rbaycana yeni m\u0259kt\u0259b\u201d layih\u0259si \u00e7\u0259r\u00e7iv\u0259sind\u0259 280 \u015fagird yerlik 2 m\u0259kt\u0259b binas\u0131 tikilmi\u015fdir.<br \/>\n\u2022 600 \u015fagird yerlik 1 m\u0259kt\u0259b binas\u0131 \u0259sasl\u0131 t\u0259mir olunmu\u015fdur.<br \/>\n\u2022660 \u015fagird yerlik 3 m\u0259kt\u0259b binas\u0131 tikilib.<br \/>\n\u2022D\u00f6vl\u0259t\u00a0 Proqram\u0131na\u00a0 m\u00fcvafiq\u00a0 olaraq\u00a0 5 m\u0259kt\u0259bd\u0259 676 \u015fagird yerlik 32 \u0259lav\u0259 sinif ota\u011f\u0131 tikilmi\u015fdir.<\/p>\n<p><span style=\"color: #000000;\"><strong>Zerdab.com<\/strong><\/span><\/p>\n","protected":false},"excerpt":{"rendered":"<p>Memar\u0131 v\u0259 qurucusu ulu \u00f6nd\u0259r Heyd\u0259r \u018fliyev olan m\u00fcst\u0259qil Az\u0259rbaycan\u0131n b\u00fct\u00fcn rayonlar\u0131 kimi, Z\u0259rdab rayonu da inki\u015faf edir. Bu inki\u015faf\u0131 Az\u0259rbaycan Prezidenti \u0130lham \u018fliyevin u\u011furlu siyas\u0259ti t\u0259min edir. D\u00f6vl\u0259t ba\u015f\u00e7\u0131s\u0131n\u0131n diqq\u0259t v\u0259 qay\u011f\u0131s\u0131 say\u0259sind\u0259 Z\u0259rdab rayonu son ill\u0259r inki\u015faf edir. Son 10 ild\u0259 Prezident \u0130lham \u018fliyev Z\u0259rdaba 3 d\u0259f\u0259 s\u0259f\u0259r edib, rayonun sosial-iqtisadi inki\u015faf\u0131n\u0131n s\u00fcr\u0259tl\u0259ndirilm\u0259sin\u0259 [&hellip;]<\/p>\n","protected":false},"author":1,"featured_media":0,"comment_status":"open","ping_status":"open","sticky":false,"template":"","format":"standard","meta":{"footnotes":""},"categories":[21],"tags":[],"class_list":{"0":"post-12957","1":"post","2":"type-post","3":"status-publish","4":"format-standard","6":"category-zrdab"},"yoast_head":"<!-- This site is optimized with the Yoast SEO plugin v27.0 - https:\/\/yoast.com\/product\/yoast-seo-wordpress\/ -->\n<title>Prezident \u0130lham \u018fliyev: &quot;Z\u0259rdab\u0131n inki\u015faf\u0131na b\u00f6y\u00fck diqq\u0259t g\u00f6st\u0259rilir&quot; - Z\u0259rdab.com<\/title>\n<meta name=\"robots\" content=\"index, follow, max-snippet:-1, max-image-preview:large, max-video-preview:-1\" \/>\n<link rel=\"canonical\" href=\"https:\/\/www.zerdab.com\/?p=12957\" \/>\n<meta property=\"og:locale\" content=\"az_AZ\" \/>\n<meta property=\"og:type\" content=\"article\" \/>\n<meta property=\"og:title\" content=\"Prezident \u0130lham \u018fliyev: &quot;Z\u0259rdab\u0131n inki\u015faf\u0131na b\u00f6y\u00fck diqq\u0259t g\u00f6st\u0259rilir&quot; - Z\u0259rdab.com\" \/>\n<meta property=\"og:description\" content=\"Memar\u0131 v\u0259 qurucusu ulu \u00f6nd\u0259r Heyd\u0259r \u018fliyev olan m\u00fcst\u0259qil Az\u0259rbaycan\u0131n b\u00fct\u00fcn rayonlar\u0131 kimi, Z\u0259rdab rayonu da inki\u015faf edir. Bu inki\u015faf\u0131 Az\u0259rbaycan Prezidenti \u0130lham \u018fliyevin u\u011furlu siyas\u0259ti t\u0259min edir. D\u00f6vl\u0259t ba\u015f\u00e7\u0131s\u0131n\u0131n diqq\u0259t v\u0259 qay\u011f\u0131s\u0131 say\u0259sind\u0259 Z\u0259rdab rayonu son ill\u0259r inki\u015faf edir. Son 10 ild\u0259 Prezident \u0130lham \u018fliyev Z\u0259rdaba 3 d\u0259f\u0259 s\u0259f\u0259r edib, rayonun sosial-iqtisadi inki\u015faf\u0131n\u0131n s\u00fcr\u0259tl\u0259ndirilm\u0259sin\u0259 [&hellip;]\" \/>\n<meta property=\"og:url\" content=\"https:\/\/www.zerdab.com\/?p=12957\" \/>\n<meta property=\"og:site_name\" content=\"Z\u0259rdab.com\" \/>\n<meta property=\"article:published_time\" content=\"2013-10-28T05:00:08+00:00\" \/>\n<meta property=\"og:image\" content=\"http:\/\/www.zerdab.com\/wp-content\/uploads\/2013\/10\/zerdab-prezident-550x429.jpg\" \/>\n<meta name=\"author\" content=\"admin\" \/>\n<meta name=\"twitter:card\" content=\"summary_large_image\" \/>\n<meta name=\"twitter:label1\" content=\"Written by\" \/>\n\t<meta name=\"twitter:data1\" content=\"admin\" \/>\n\t<meta name=\"twitter:label2\" content=\"Est. reading time\" \/>\n\t<meta name=\"twitter:data2\" content=\"3 minutes\" \/>\n<script type=\"application\/ld+json\" class=\"yoast-schema-graph\">{\"@context\":\"https:\/\/schema.org\",\"@graph\":[{\"@type\":\"Article\",\"@id\":\"https:\/\/www.zerdab.com\/?p=12957#article\",\"isPartOf\":{\"@id\":\"https:\/\/www.zerdab.com\/?p=12957\"},\"author\":{\"name\":\"admin\",\"@id\":\"https:\/\/www.zerdab.com\/#\/schema\/person\/97079b7570c1e89ec0d9e138c3672136\"},\"headline\":\"Prezident \u0130lham \u018fliyev: &#8220;Z\u0259rdab\u0131n inki\u015faf\u0131na b\u00f6y\u00fck diqq\u0259t g\u00f6st\u0259rilir&#8221;\",\"datePublished\":\"2013-10-28T05:00:08+00:00\",\"mainEntityOfPage\":{\"@id\":\"https:\/\/www.zerdab.com\/?p=12957\"},\"wordCount\":570,\"commentCount\":0,\"image\":{\"@id\":\"https:\/\/www.zerdab.com\/?p=12957#primaryimage\"},\"thumbnailUrl\":\"http:\/\/www.zerdab.com\/wp-content\/uploads\/2013\/10\/zerdab-prezident-550x429.jpg\",\"articleSection\":[\"C\u018fM\u0130YY\u018fT\"],\"inLanguage\":\"az\",\"potentialAction\":[{\"@type\":\"CommentAction\",\"name\":\"Comment\",\"target\":[\"https:\/\/www.zerdab.com\/?p=12957#respond\"]}]},{\"@type\":\"WebPage\",\"@id\":\"https:\/\/www.zerdab.com\/?p=12957\",\"url\":\"https:\/\/www.zerdab.com\/?p=12957\",\"name\":\"Prezident \u0130lham \u018fliyev: \\\"Z\u0259rdab\u0131n inki\u015faf\u0131na b\u00f6y\u00fck diqq\u0259t g\u00f6st\u0259rilir\\\" - Z\u0259rdab.com\",\"isPartOf\":{\"@id\":\"https:\/\/www.zerdab.com\/#website\"},\"primaryImageOfPage\":{\"@id\":\"https:\/\/www.zerdab.com\/?p=12957#primaryimage\"},\"image\":{\"@id\":\"https:\/\/www.zerdab.com\/?p=12957#primaryimage\"},\"thumbnailUrl\":\"http:\/\/www.zerdab.com\/wp-content\/uploads\/2013\/10\/zerdab-prezident-550x429.jpg\",\"datePublished\":\"2013-10-28T05:00:08+00:00\",\"author\":{\"@id\":\"https:\/\/www.zerdab.com\/#\/schema\/person\/97079b7570c1e89ec0d9e138c3672136\"},\"breadcrumb\":{\"@id\":\"https:\/\/www.zerdab.com\/?p=12957#breadcrumb\"},\"inLanguage\":\"az\",\"potentialAction\":[{\"@type\":\"ReadAction\",\"target\":[\"https:\/\/www.zerdab.com\/?p=12957\"]}]},{\"@type\":\"ImageObject\",\"inLanguage\":\"az\",\"@id\":\"https:\/\/www.zerdab.com\/?p=12957#primaryimage\",\"url\":\"\",\"contentUrl\":\"\"},{\"@type\":\"BreadcrumbList\",\"@id\":\"https:\/\/www.zerdab.com\/?p=12957#breadcrumb\",\"itemListElement\":[{\"@type\":\"ListItem\",\"position\":1,\"name\":\"Home\",\"item\":\"https:\/\/www.zerdab.com\/\"},{\"@type\":\"ListItem\",\"position\":2,\"name\":\"Prezident \u0130lham \u018fliyev: &#8220;Z\u0259rdab\u0131n inki\u015faf\u0131na b\u00f6y\u00fck diqq\u0259t g\u00f6st\u0259rilir&#8221;\"}]},{\"@type\":\"WebSite\",\"@id\":\"https:\/\/www.zerdab.com\/#website\",\"url\":\"https:\/\/www.zerdab.com\/\",\"name\":\"Z\u0259rdab.com\",\"description\":\"\",\"potentialAction\":[{\"@type\":\"SearchAction\",\"target\":{\"@type\":\"EntryPoint\",\"urlTemplate\":\"https:\/\/www.zerdab.com\/?s={search_term_string}\"},\"query-input\":{\"@type\":\"PropertyValueSpecification\",\"valueRequired\":true,\"valueName\":\"search_term_string\"}}],\"inLanguage\":\"az\"},{\"@type\":\"Person\",\"@id\":\"https:\/\/www.zerdab.com\/#\/schema\/person\/97079b7570c1e89ec0d9e138c3672136\",\"name\":\"admin\",\"image\":{\"@type\":\"ImageObject\",\"inLanguage\":\"az\",\"@id\":\"https:\/\/www.zerdab.com\/#\/schema\/person\/image\/\",\"url\":\"https:\/\/secure.gravatar.com\/avatar\/d9c52a9a27c32119cb6679a077fa3e2779e5f822c451cbf01098004361d466ec?s=96&d=mm&r=g\",\"contentUrl\":\"https:\/\/secure.gravatar.com\/avatar\/d9c52a9a27c32119cb6679a077fa3e2779e5f822c451cbf01098004361d466ec?s=96&d=mm&r=g\",\"caption\":\"admin\"},\"url\":\"https:\/\/www.zerdab.com\/?author=1\"}]}<\/script>\n<!-- \/ Yoast SEO plugin. -->","yoast_head_json":{"title":"Prezident \u0130lham \u018fliyev: \"Z\u0259rdab\u0131n inki\u015faf\u0131na b\u00f6y\u00fck diqq\u0259t g\u00f6st\u0259rilir\" - Z\u0259rdab.com","robots":{"index":"index","follow":"follow","max-snippet":"max-snippet:-1","max-image-preview":"max-image-preview:large","max-video-preview":"max-video-preview:-1"},"canonical":"https:\/\/www.zerdab.com\/?p=12957","og_locale":"az_AZ","og_type":"article","og_title":"Prezident \u0130lham \u018fliyev: \"Z\u0259rdab\u0131n inki\u015faf\u0131na b\u00f6y\u00fck diqq\u0259t g\u00f6st\u0259rilir\" - Z\u0259rdab.com","og_description":"Memar\u0131 v\u0259 qurucusu ulu \u00f6nd\u0259r Heyd\u0259r \u018fliyev olan m\u00fcst\u0259qil Az\u0259rbaycan\u0131n b\u00fct\u00fcn rayonlar\u0131 kimi, Z\u0259rdab rayonu da inki\u015faf edir. Bu inki\u015faf\u0131 Az\u0259rbaycan Prezidenti \u0130lham \u018fliyevin u\u011furlu siyas\u0259ti t\u0259min edir. D\u00f6vl\u0259t ba\u015f\u00e7\u0131s\u0131n\u0131n diqq\u0259t v\u0259 qay\u011f\u0131s\u0131 say\u0259sind\u0259 Z\u0259rdab rayonu son ill\u0259r inki\u015faf edir. Son 10 ild\u0259 Prezident \u0130lham \u018fliyev Z\u0259rdaba 3 d\u0259f\u0259 s\u0259f\u0259r edib, rayonun sosial-iqtisadi inki\u015faf\u0131n\u0131n s\u00fcr\u0259tl\u0259ndirilm\u0259sin\u0259 [&hellip;]","og_url":"https:\/\/www.zerdab.com\/?p=12957","og_site_name":"Z\u0259rdab.com","article_published_time":"2013-10-28T05:00:08+00:00","og_image":[{"url":"http:\/\/www.zerdab.com\/wp-content\/uploads\/2013\/10\/zerdab-prezident-550x429.jpg","type":"","width":"","height":""}],"author":"admin","twitter_card":"summary_large_image","twitter_misc":{"Written by":"admin","Est. reading time":"3 minutes"},"schema":{"@context":"https:\/\/schema.org","@graph":[{"@type":"Article","@id":"https:\/\/www.zerdab.com\/?p=12957#article","isPartOf":{"@id":"https:\/\/www.zerdab.com\/?p=12957"},"author":{"name":"admin","@id":"https:\/\/www.zerdab.com\/#\/schema\/person\/97079b7570c1e89ec0d9e138c3672136"},"headline":"Prezident \u0130lham \u018fliyev: &#8220;Z\u0259rdab\u0131n inki\u015faf\u0131na b\u00f6y\u00fck diqq\u0259t g\u00f6st\u0259rilir&#8221;","datePublished":"2013-10-28T05:00:08+00:00","mainEntityOfPage":{"@id":"https:\/\/www.zerdab.com\/?p=12957"},"wordCount":570,"commentCount":0,"image":{"@id":"https:\/\/www.zerdab.com\/?p=12957#primaryimage"},"thumbnailUrl":"http:\/\/www.zerdab.com\/wp-content\/uploads\/2013\/10\/zerdab-prezident-550x429.jpg","articleSection":["C\u018fM\u0130YY\u018fT"],"inLanguage":"az","potentialAction":[{"@type":"CommentAction","name":"Comment","target":["https:\/\/www.zerdab.com\/?p=12957#respond"]}]},{"@type":"WebPage","@id":"https:\/\/www.zerdab.com\/?p=12957","url":"https:\/\/www.zerdab.com\/?p=12957","name":"Prezident \u0130lham \u018fliyev: \"Z\u0259rdab\u0131n inki\u015faf\u0131na b\u00f6y\u00fck diqq\u0259t g\u00f6st\u0259rilir\" - Z\u0259rdab.com","isPartOf":{"@id":"https:\/\/www.zerdab.com\/#website"},"primaryImageOfPage":{"@id":"https:\/\/www.zerdab.com\/?p=12957#primaryimage"},"image":{"@id":"https:\/\/www.zerdab.com\/?p=12957#primaryimage"},"thumbnailUrl":"http:\/\/www.zerdab.com\/wp-content\/uploads\/2013\/10\/zerdab-prezident-550x429.jpg","datePublished":"2013-10-28T05:00:08+00:00","author":{"@id":"https:\/\/www.zerdab.com\/#\/schema\/person\/97079b7570c1e89ec0d9e138c3672136"},"breadcrumb":{"@id":"https:\/\/www.zerdab.com\/?p=12957#breadcrumb"},"inLanguage":"az","potentialAction":[{"@type":"ReadAction","target":["https:\/\/www.zerdab.com\/?p=12957"]}]},{"@type":"ImageObject","inLanguage":"az","@id":"https:\/\/www.zerdab.com\/?p=12957#primaryimage","url":"","contentUrl":""},{"@type":"BreadcrumbList","@id":"https:\/\/www.zerdab.com\/?p=12957#breadcrumb","itemListElement":[{"@type":"ListItem","position":1,"name":"Home","item":"https:\/\/www.zerdab.com\/"},{"@type":"ListItem","position":2,"name":"Prezident \u0130lham \u018fliyev: &#8220;Z\u0259rdab\u0131n inki\u015faf\u0131na b\u00f6y\u00fck diqq\u0259t g\u00f6st\u0259rilir&#8221;"}]},{"@type":"WebSite","@id":"https:\/\/www.zerdab.com\/#website","url":"https:\/\/www.zerdab.com\/","name":"Z\u0259rdab.com","description":"","potentialAction":[{"@type":"SearchAction","target":{"@type":"EntryPoint","urlTemplate":"https:\/\/www.zerdab.com\/?s={search_term_string}"},"query-input":{"@type":"PropertyValueSpecification","valueRequired":true,"valueName":"search_term_string"}}],"inLanguage":"az"},{"@type":"Person","@id":"https:\/\/www.zerdab.com\/#\/schema\/person\/97079b7570c1e89ec0d9e138c3672136","name":"admin","image":{"@type":"ImageObject","inLanguage":"az","@id":"https:\/\/www.zerdab.com\/#\/schema\/person\/image\/","url":"https:\/\/secure.gravatar.com\/avatar\/d9c52a9a27c32119cb6679a077fa3e2779e5f822c451cbf01098004361d466ec?s=96&d=mm&r=g","contentUrl":"https:\/\/secure.gravatar.com\/avatar\/d9c52a9a27c32119cb6679a077fa3e2779e5f822c451cbf01098004361d466ec?s=96&d=mm&r=g","caption":"admin"},"url":"https:\/\/www.zerdab.com\/?author=1"}]}},"_links":{"self":[{"href":"https:\/\/www.zerdab.com\/index.php?rest_route=\/wp\/v2\/posts\/12957","targetHints":{"allow":["GET"]}}],"collection":[{"href":"https:\/\/www.zerdab.com\/index.php?rest_route=\/wp\/v2\/posts"}],"about":[{"href":"https:\/\/www.zerdab.com\/index.php?rest_route=\/wp\/v2\/types\/post"}],"author":[{"embeddable":true,"href":"https:\/\/www.zerdab.com\/index.php?rest_route=\/wp\/v2\/users\/1"}],"replies":[{"embeddable":true,"href":"https:\/\/www.zerdab.com\/index.php?rest_route=%2Fwp%2Fv2%2Fcomments&post=12957"}],"version-history":[{"count":3,"href":"https:\/\/www.zerdab.com\/index.php?rest_route=\/wp\/v2\/posts\/12957\/revisions"}],"predecessor-version":[{"id":12970,"href":"https:\/\/www.zerdab.com\/index.php?rest_route=\/wp\/v2\/posts\/12957\/revisions\/12970"}],"wp:attachment":[{"href":"https:\/\/www.zerdab.com\/index.php?rest_route=%2Fwp%2Fv2%2Fmedia&parent=12957"}],"wp:term":[{"taxonomy":"category","embeddable":true,"href":"https:\/\/www.zerdab.com\/index.php?rest_route=%2Fwp%2Fv2%2Fcategories&post=12957"},{"taxonomy":"post_tag","embeddable":true,"href":"https:\/\/www.zerdab.com\/index.php?rest_route=%2Fwp%2Fv2%2Ftags&post=12957"}],"curies":[{"name":"wp","href":"https:\/\/api.w.org\/{rel}","templated":true}]}}